{"id":997,"date":"2023-03-30T13:53:31","date_gmt":"2023-03-30T13:53:31","guid":{"rendered":"https:\/\/seinesaintdenis.fr\/actualite\/uncategorized\/Des-permanences-au-plus-pres-des-personnes-handicapees\/"},"modified":"2023-05-22T16:12:53","modified_gmt":"2023-05-22T16:12:53","slug":"Des-permanences-au-plus-pres-des-personnes-handicapees","status":"publish","type":"post","link":"https:\/\/seinesaintdenis.fr\/actualite\/solidarites-sante\/Des-permanences-au-plus-pres-des-personnes-handicapees\/","title":{"rendered":"Des permanences au plus pr\u00e8s des personnes handicap\u00e9es"},"content":{"rendered":"<p><i>\u00ab\u00a0Ma fille est dyslexique et je pr\u00e9pare \u00e0 la maison son dossier MDPH, qui est assez compliqu\u00e9\u00a0\u00bb<\/i> confie Nour, une \u00e9l\u00e9gante trentenaire assise dans la salle d\u2019attente du <a class=\"spip_out\" href=\"https:\/\/ville-saint-denis.fr\/action-sociale\" rel=\"external\">CCAS<\/a> de la mairie. <i>\u00ab\u00a0Cette permanence me fait gagner une heure et demie de transport, c\u2019est cool pour moi&#8230;\u00a0\u00bb. <\/i> Ouverte depuis d\u00e9but janvier, ce nouvel accueil permet aux usager\u00b7\u00e8re\u00b7s d\u2019\u00eatre accompagn\u00e9\u00b7e\u00b7s par le CCAS et la <a class=\"spip_out\" href=\"https:\/\/place-handicap.fr\/\" rel=\"external\">MDPH<\/a> dans leurs d\u00e9marches sans se d\u00e9placer au site central de Bobigny.<\/p>\n<h3 class=\"spip\">Des permanences d\u00e9centralis\u00e9es sur le territoire<\/h3>\n<p><i>\u00ab\u00a0En garantissant des services publics humanis\u00e9s et proches des citoyens, on leur redonne confiance dans les institutions et dans le pacte r\u00e9publicain\u00a0\u00bb<\/i> affirme le pr\u00e9sident du D\u00e9partement St\u00e9phane Troussel lors de l\u2019inauguration de la permanence MDPH en pr\u00e9sence de St\u00e9phane Blanchet, vice-pr\u00e9sident en charge de l\u2019autonomie et de Mathieu Hanotin, maire de Saint-Denis. <br class=\"autobr\" \/>Sensible aux probl\u00e8mes de mobilit\u00e9 de certaines personnes, le D\u00e9partement a lanc\u00e9 fin 2020 les premi\u00e8res <a class=\"spip_in\" href=\"IMG\/pdf\/permanences_autonomie_css_montreuil.pdf\" type=\"application\/pdf\">permanences<\/a> dans les locaux du <a class=\"spip_out\" href=\"https:\/\/seinesaintdenis.fr\/Le-Service-social-departemental\" rel=\"external\">service social<\/a> de Montreuil. Emball\u00e9e par les retours positifs des habitant\u00b7e\u00b7s, la collectivit\u00e9 a form\u00e9 les agent\u00b7e\u00b7s d\u2019accueil du CCAS en les initiant notamment au logiciel m\u00e9tier Iodas. <br class=\"autobr\" \/><i>\u00ab\u00a0Les usagers ont acc\u00e8s en semaine \u00e0 un accueil de niveau 1\u00a0: information sur les droits, obtention des formulaires et d\u00e9p\u00f4t des dossiers d\u2019ouverture de droits li\u00e9s au handicap, suivi sur la ou les demande(s) en cours&#8230;\u00a0\u00bb <\/i> explique Vincent Mirou, directeur adjoint de la MDPH. Ils peuvent \u00eatre renseign\u00e9s de fa\u00e7on plus approfondie en prenant rendez-vous avec un\u00b7e agent\u00b7e de la maison d\u00e9partementale des personnes handicap\u00e9es qui se d\u00e9place \u00e0 la mairie de Saint-Denis deux jours par semaine.<\/p>\n<h3 class=\"spip\">Un accompagnement sur-mesure et personnalis\u00e9<\/h3>\n<p><i>\u00ab\u00a0J\u2019ai accueilli r\u00e9cemment des parents avec un enfant lourdement handicap\u00e9 \u00e0 qui j\u2019ai conseill\u00e9 d\u2019effectuer plusieurs types de demandes administratives dont la <a class=\"spip_out\" href=\"https:\/\/www.demarches.interieur.gouv.fr\/particuliers\/prestation-compensation-handicap-pch\" rel=\"external\">prestation de compensation du handicap<\/a>\u00a0\u00bb<\/i> indique Many-Grace Kihouokou, agente d\u2019accueil de la MDPH qui, avec ses dix autres coll\u00e8gues, alterne les permanences \u00e0 Montreuil et Saint-Denis. La jeune femme peut aussi faire des signalements aupr\u00e8s des \u00e9valuateur\u00b7rice\u00b7s de la structure pour acc\u00e9l\u00e9rer les proc\u00e9dures en cas de situations urgentes.<br class=\"autobr\" \/><i>\u00ab\u00a0Les d\u00e9lais de traitement des dossiers ont \u00e9t\u00e9 fortement r\u00e9duits avec une moyenne de 7 mois d\u2019attente pour les adultes et de moins de 4 mois pour les enfants\u00a0\u00bb<\/i> pr\u00e9cise Delphine Duverger, cheffe de bureau adjointe Accueil et communication de la MDPH. La collectivit\u00e9 s\u2019efforce de raccourcir ses d\u00e9lais afin qu\u2019aucune personne en situation de handicap ne se retrouve en rupture de ses droits. <br class=\"autobr\" \/>15% des usager\u00b7\u00e8re\u00b7s du territoire d\u00e9posent leur dossier <a class=\"spip_out\" href=\"https:\/\/mdphenligne.cnsa.fr\/\" rel=\"external\">en ligne<\/a>\u00a0: demande d\u2019<a class=\"spip_out\" href=\"https:\/\/www.service-public.fr\/particuliers\/vosdroits\/F12242\" rel=\"external\">AAH<\/a>, carte d\u2019invalidit\u00e9 ou de stationnement, <a class=\"spip_out\" href=\"https:\/\/travail-emploi.gouv.fr\/emploi-et-insertion\/emploi-et-handicap\/rqth#:~:text=Qu'est%2Dce%20que%20la,de%20b%C3%A9n%C3%A9ficier%20d'aides%20sp%C3%A9cifiques.\" rel=\"external\">RQTH<\/a>&#8230; De nombreux services seront propos\u00e9s courant 2023 sur cet espace virtuel, avec prochainement l\u2019acc\u00e8s dans son compte personnalis\u00e9 aux courriers envoy\u00e9s par la MDPH, au suivi de son dossier&#8230;<\/p>\n<p><i>\u00ab\u00a0Les citoyens en fauteuil roulant qui pr\u00e9f\u00e8rent se d\u00e9placer b\u00e9n\u00e9ficient d\u2019un cheminement <a class=\"spip_out\" href=\"https:\/\/www.handinorme.com\/accessibilite-handicap\/239-definition-d-une-personne-a-mobilite-reduite-qu-est-ce-qu-une-pmr-handinorme\" rel=\"external\">PMR<\/a> \u00e0 l\u2019entr\u00e9e et de trois ascenseurs\u00a0\u00bb <\/i> pr\u00e9cise Honorine Guillet, responsable adjointe du p\u00f4le social du CCAS de Saint-Denis. Cette accessibilit\u00e9 sera pareillement garantie dans les prochaines permanences MDPH qui seront d\u00e9ploy\u00e9es l\u2019an prochain dans les diff\u00e9rents <a class=\"spip_out\" href=\"https:\/\/fr.wikipedia.org\/wiki\/%C3%89tablissement_public_territorial\" rel=\"external\">\u00e9tablissements publics territoriaux<\/a> de la Seine-Saint-Denis.<\/p>\n<p><i>Permanences MDPH<\/i><\/p>\n<p>au sein du CCAS de Saint-Denis<br class=\"autobr\" \/>2 place du Caquet &#8211; 2\u00e8me \u00e9tage<br class=\"autobr\" \/>Tel\u00a0: 01 49 33 64 70<\/p>\n<p>au sein de la circonscription de service social de Montreuil <br class=\"autobr\" \/>14 rue de la Beaune &#8211; Escalier A, 3\u00e8me \u00e9tage<br class=\"autobr\" \/>Tel\u00a0: 01 71 29 56 65<\/p>\n<figure class=\"spip_document_16630 spip_documents spip_documents_center media media_image media_image_jpg\"><img loading=\"lazy\" decoding=\"async\" src=\"IMG\/jpg\/photo_2_inauguration_permanence_mdph_-_saint-denis_nm_27-03-2023-13.jpg\" alt=\"JPEG - 262.7 ko\" width=\"760\" height=\"412\" \/><\/figure>\n<div class=\"texteencadre-spip spip\">\n<p><strong>Un lieu d\u00e9di\u00e9 \u00e0 l\u2019autonomie attendu en 2026<\/strong><\/p>\n<p>La future Maison de l\u2019autonomie et des aidant\u00b7e\u00b7s sera situ\u00e9e dans l\u2019immeuble Picasso \u00e0 Bobigny. R\u00e9unissant les accueils de la MDPH et de la Direction d\u00e9partementale de l\u2019Autonomie, elle permettra de r\u00e9aliser sur un espace unique et accessible, tous les services et l\u2019ensemble des d\u00e9marches administratives des personnes \u00e2g\u00e9es ou en situation de handicap ainsi que celles de leurs proches. Une fa\u00e7on aussi de centraliser les offres de services du D\u00e9partement d\u00e9di\u00e9es aux citoyen\u00b7ne\u00b7s en perte d\u2019autonomie et d\u2019\u00e9viter la dispersion de leurs diff\u00e9rent\u00b7e\u00b7s interlocuteur\u00b7rice\u00b7s.<\/p>\n<\/div>\n<p>Cr\u00e9dit-photo\u00a0: Nicolas Moulard<\/p>\n","protected":false},"excerpt":{"rendered":"\u00ab\u00a0Ma fille est dyslexique et je pr\u00e9pare \u00e0 la maison son dossier MDPH, qui est assez compliqu\u00e9\u00a0\u00bb confie Nour, une \u00e9l\u00e9gante trentenaire assise dans la salle d\u2019attente du CCAS de la mairie. \u00ab\u00a0Cette permanence me fait gagner une heure et demie de transport, c\u2019est cool pour moi&#8230;\u00a0\u00bb. Ouverte depuis d\u00e9but janvier, ce nouvel accueil permet&#8230; <a class=\"view-article\" href=\"https:\/\/seinesaintdenis.fr\/actualite\/solidarites-sante\/Des-permanences-au-plus-pres-des-personnes-handicapees\/\">Voir l&rsquo;article<\/a>","protected":false},"author":12,"featured_media":998,"comment_status":"open","ping_status":"open","sticky":false,"template":"","format":"standard","meta":{"_acf_changed":false,"footnotes":""},"categories":[169,11],"ville":[89],"class_list":["post-997","post","type-post","status-publish","format-standard","has-post-thumbnail","hentry","category-handicap","category-solidarites-sante"],"acf":[],"yoast_head":"<!-- This site is optimized with the Yoast SEO plugin v27.5 - https:\/\/yoast.com\/product\/yoast-seo-wordpress\/ -->\n<title>Des permanences au plus pr\u00e8s des personnes handicap\u00e9es - Seine-Saint-Denis - L&#039;actualit\u00e9 du d\u00e9partement<\/title>\n<meta name=\"robots\" content=\"index, follow, max-snippet:-1, max-image-preview:large, max-video-preview:-1\" \/>\n<link rel=\"canonical\" href=\"https:\/\/seinesaintdenis.fr\/actualite\/solidarites-sante\/Des-permanences-au-plus-pres-des-personnes-handicapees\/\" \/>\n<meta property=\"og:locale\" content=\"fr_FR\" \/>\n<meta property=\"og:type\" content=\"article\" \/>\n<meta property=\"og:title\" content=\"Des permanences au plus pr\u00e8s des personnes handicap\u00e9es - Seine-Saint-Denis - L&#039;actualit\u00e9 du d\u00e9partement\" \/>\n<meta property=\"og:url\" content=\"https:\/\/seinesaintdenis.fr\/actualite\/solidarites-sante\/Des-permanences-au-plus-pres-des-personnes-handicapees\/\" \/>\n<meta property=\"og:site_name\" content=\"Seine-Saint-Denis - L&#039;actualit\u00e9 du d\u00e9partement\" \/>\n<meta property=\"article:publisher\" content=\"https:\/\/www.facebook.com\/seinesaintdenisledepartement\" \/>\n<meta property=\"article:published_time\" content=\"2023-03-30T13:53:31+00:00\" \/>\n<meta property=\"article:modified_time\" content=\"2023-05-22T16:12:53+00:00\" \/>\n<meta property=\"og:image\" content=\"https:\/\/seinesaintdenis.fr\/actualite\/wp-content\/uploads\/2023\/04\/793817d8f4f131b15c2ad52d6a2256.jpg\" \/>\n\t<meta property=\"og:image:width\" content=\"760\" \/>\n\t<meta property=\"og:image:height\" content=\"411\" \/>\n\t<meta property=\"og:image:type\" content=\"image\/jpeg\" \/>\n<meta name=\"author\" content=\"Carine Arassus\" \/>\n<meta name=\"twitter:card\" content=\"summary_large_image\" \/>\n<meta name=\"twitter:creator\" content=\"@seinesaintdenis\" \/>\n<meta name=\"twitter:site\" content=\"@seinesaintdenis\" \/>\n<meta name=\"twitter:label1\" content=\"\u00c9crit par\" \/>\n\t<meta name=\"twitter:data1\" content=\"Carine Arassus\" \/>\n\t<meta name=\"twitter:label2\" content=\"Dur\u00e9e de lecture estim\u00e9e\" \/>\n\t<meta name=\"twitter:data2\" content=\"4 minutes\" \/>\n<script type=\"application\/ld+json\" class=\"yoast-schema-graph\">{\"@context\":\"https:\\\/\\\/schema.org\",\"@graph\":[{\"@type\":\"Article\",\"@id\":\"https:\\\/\\\/seinesaintdenis.fr\\\/actualite\\\/solidarites-sante\\\/Des-permanences-au-plus-pres-des-personnes-handicapees\\\/#article\",\"isPartOf\":{\"@id\":\"https:\\\/\\\/seinesaintdenis.fr\\\/actualite\\\/solidarites-sante\\\/Des-permanences-au-plus-pres-des-personnes-handicapees\\\/\"},\"author\":{\"name\":\"Carine Arassus\",\"@id\":\"https:\\\/\\\/seinesaintdenis.fr\\\/actualite\\\/#\\\/schema\\\/person\\\/0ed132e414e4e5a6a6d14bb9fd5b0d3a\"},\"headline\":\"Des permanences au plus pr\u00e8s des personnes handicap\u00e9es\",\"datePublished\":\"2023-03-30T13:53:31+00:00\",\"dateModified\":\"2023-05-22T16:12:53+00:00\",\"mainEntityOfPage\":{\"@id\":\"https:\\\/\\\/seinesaintdenis.fr\\\/actualite\\\/solidarites-sante\\\/Des-permanences-au-plus-pres-des-personnes-handicapees\\\/\"},\"wordCount\":745,\"commentCount\":0,\"publisher\":{\"@id\":\"https:\\\/\\\/seinesaintdenis.fr\\\/actualite\\\/#organization\"},\"image\":{\"@id\":\"https:\\\/\\\/seinesaintdenis.fr\\\/actualite\\\/solidarites-sante\\\/Des-permanences-au-plus-pres-des-personnes-handicapees\\\/#primaryimage\"},\"thumbnailUrl\":\"https:\\\/\\\/seinesaintdenis.fr\\\/actualite\\\/wp-content\\\/uploads\\\/2023\\\/04\\\/793817d8f4f131b15c2ad52d6a2256.jpg\",\"articleSection\":[\"Handicap\",\"Solidarit\u00e9s &amp; Sant\u00e9\"],\"inLanguage\":\"fr-FR\",\"potentialAction\":[{\"@type\":\"CommentAction\",\"name\":\"Comment\",\"target\":[\"https:\\\/\\\/seinesaintdenis.fr\\\/actualite\\\/solidarites-sante\\\/Des-permanences-au-plus-pres-des-personnes-handicapees\\\/#respond\"]}]},{\"@type\":\"WebPage\",\"@id\":\"https:\\\/\\\/seinesaintdenis.fr\\\/actualite\\\/solidarites-sante\\\/Des-permanences-au-plus-pres-des-personnes-handicapees\\\/\",\"url\":\"https:\\\/\\\/seinesaintdenis.fr\\\/actualite\\\/solidarites-sante\\\/Des-permanences-au-plus-pres-des-personnes-handicapees\\\/\",\"name\":\"Des permanences au plus pr\u00e8s des personnes handicap\u00e9es - Seine-Saint-Denis - L&#039;actualit\u00e9 du d\u00e9partement\",\"isPartOf\":{\"@id\":\"https:\\\/\\\/seinesaintdenis.fr\\\/actualite\\\/#website\"},\"primaryImageOfPage\":{\"@id\":\"https:\\\/\\\/seinesaintdenis.fr\\\/actualite\\\/solidarites-sante\\\/Des-permanences-au-plus-pres-des-personnes-handicapees\\\/#primaryimage\"},\"image\":{\"@id\":\"https:\\\/\\\/seinesaintdenis.fr\\\/actualite\\\/solidarites-sante\\\/Des-permanences-au-plus-pres-des-personnes-handicapees\\\/#primaryimage\"},\"thumbnailUrl\":\"https:\\\/\\\/seinesaintdenis.fr\\\/actualite\\\/wp-content\\\/uploads\\\/2023\\\/04\\\/793817d8f4f131b15c2ad52d6a2256.jpg\",\"datePublished\":\"2023-03-30T13:53:31+00:00\",\"dateModified\":\"2023-05-22T16:12:53+00:00\",\"breadcrumb\":{\"@id\":\"https:\\\/\\\/seinesaintdenis.fr\\\/actualite\\\/solidarites-sante\\\/Des-permanences-au-plus-pres-des-personnes-handicapees\\\/#breadcrumb\"},\"inLanguage\":\"fr-FR\",\"potentialAction\":[{\"@type\":\"ReadAction\",\"target\":[\"https:\\\/\\\/seinesaintdenis.fr\\\/actualite\\\/solidarites-sante\\\/Des-permanences-au-plus-pres-des-personnes-handicapees\\\/\"]}]},{\"@type\":\"ImageObject\",\"inLanguage\":\"fr-FR\",\"@id\":\"https:\\\/\\\/seinesaintdenis.fr\\\/actualite\\\/solidarites-sante\\\/Des-permanences-au-plus-pres-des-personnes-handicapees\\\/#primaryimage\",\"url\":\"https:\\\/\\\/seinesaintdenis.fr\\\/actualite\\\/wp-content\\\/uploads\\\/2023\\\/04\\\/793817d8f4f131b15c2ad52d6a2256.jpg\",\"contentUrl\":\"https:\\\/\\\/seinesaintdenis.fr\\\/actualite\\\/wp-content\\\/uploads\\\/2023\\\/04\\\/793817d8f4f131b15c2ad52d6a2256.jpg\",\"width\":760,\"height\":411},{\"@type\":\"BreadcrumbList\",\"@id\":\"https:\\\/\\\/seinesaintdenis.fr\\\/actualite\\\/solidarites-sante\\\/Des-permanences-au-plus-pres-des-personnes-handicapees\\\/#breadcrumb\",\"itemListElement\":[{\"@type\":\"ListItem\",\"position\":1,\"name\":\"Accueil\",\"item\":\"https:\\\/\\\/seinesaintdenis.fr\\\/actualite\\\/\"},{\"@type\":\"ListItem\",\"position\":2,\"name\":\"Solidarit\u00e9s &amp; Sant\u00e9\",\"item\":\"https:\\\/\\\/seinesaintdenis.fr\\\/actualite\\\/solidarites-sante\\\/\"},{\"@type\":\"ListItem\",\"position\":3,\"name\":\"Des permanences au plus pr\u00e8s des personnes handicap\u00e9es\"}]},{\"@type\":\"WebSite\",\"@id\":\"https:\\\/\\\/seinesaintdenis.fr\\\/actualite\\\/#website\",\"url\":\"https:\\\/\\\/seinesaintdenis.fr\\\/actualite\\\/\",\"name\":\"Seine-Saint-Denis - L'actualit\u00e9 du d\u00e9partement\",\"description\":\"L&#039;actualit\u00e9 du D\u00e9partement de la Seine-Saint-Denis\",\"publisher\":{\"@id\":\"https:\\\/\\\/seinesaintdenis.fr\\\/actualite\\\/#organization\"},\"potentialAction\":[{\"@type\":\"SearchAction\",\"target\":{\"@type\":\"EntryPoint\",\"urlTemplate\":\"https:\\\/\\\/seinesaintdenis.fr\\\/actualite\\\/?s={search_term_string}\"},\"query-input\":{\"@type\":\"PropertyValueSpecification\",\"valueRequired\":true,\"valueName\":\"search_term_string\"}}],\"inLanguage\":\"fr-FR\"},{\"@type\":\"Organization\",\"@id\":\"https:\\\/\\\/seinesaintdenis.fr\\\/actualite\\\/#organization\",\"name\":\"Seine-Saint-Denis - Le D\u00e9partement\",\"url\":\"https:\\\/\\\/seinesaintdenis.fr\\\/actualite\\\/\",\"logo\":{\"@type\":\"ImageObject\",\"inLanguage\":\"fr-FR\",\"@id\":\"https:\\\/\\\/seinesaintdenis.fr\\\/actualite\\\/#\\\/schema\\\/logo\\\/image\\\/\",\"url\":\"https:\\\/\\\/seinesaintdenis.fr\\\/actualite\\\/wp-content\\\/uploads\\\/2024\\\/08\\\/logo.png\",\"contentUrl\":\"https:\\\/\\\/seinesaintdenis.fr\\\/actualite\\\/wp-content\\\/uploads\\\/2024\\\/08\\\/logo.png\",\"width\":567,\"height\":172,\"caption\":\"Seine-Saint-Denis - Le D\u00e9partement\"},\"image\":{\"@id\":\"https:\\\/\\\/seinesaintdenis.fr\\\/actualite\\\/#\\\/schema\\\/logo\\\/image\\\/\"},\"sameAs\":[\"https:\\\/\\\/www.facebook.com\\\/seinesaintdenisledepartement\",\"https:\\\/\\\/x.com\\\/seinesaintdenis\",\"https:\\\/\\\/www.linkedin.com\\\/company\\\/seinesaintdenis\",\"https:\\\/\\\/www.instagram.com\\\/seine_saint_denis\\\/\",\"https:\\\/\\\/www.youtube.com\\\/channel\\\/UCR5YF9NnqiLCbnrKQgLUcIw\"]},{\"@type\":\"Person\",\"@id\":\"https:\\\/\\\/seinesaintdenis.fr\\\/actualite\\\/#\\\/schema\\\/person\\\/0ed132e414e4e5a6a6d14bb9fd5b0d3a\",\"name\":\"Carine Arassus\",\"image\":{\"@type\":\"ImageObject\",\"inLanguage\":\"fr-FR\",\"@id\":\"https:\\\/\\\/secure.gravatar.com\\\/avatar\\\/0f981f322f4f99253bcb871f10ae46ce56b35c7fe7c5b8aa9b09ba3a77f6e3c0?s=96&d=mm&r=g\",\"url\":\"https:\\\/\\\/secure.gravatar.com\\\/avatar\\\/0f981f322f4f99253bcb871f10ae46ce56b35c7fe7c5b8aa9b09ba3a77f6e3c0?s=96&d=mm&r=g\",\"contentUrl\":\"https:\\\/\\\/secure.gravatar.com\\\/avatar\\\/0f981f322f4f99253bcb871f10ae46ce56b35c7fe7c5b8aa9b09ba3a77f6e3c0?s=96&d=mm&r=g\",\"caption\":\"Carine Arassus\"},\"url\":\"https:\\\/\\\/seinesaintdenis.fr\\\/actualite\\\/author\\\/carassus\\\/\"}]}<\/script>\n<!-- \/ Yoast SEO plugin. -->","yoast_head_json":{"title":"Des permanences au plus pr\u00e8s des personnes handicap\u00e9es - Seine-Saint-Denis - L&#039;actualit\u00e9 du d\u00e9partement","robots":{"index":"index","follow":"follow","max-snippet":"max-snippet:-1","max-image-preview":"max-image-preview:large","max-video-preview":"max-video-preview:-1"},"canonical":"https:\/\/seinesaintdenis.fr\/actualite\/solidarites-sante\/Des-permanences-au-plus-pres-des-personnes-handicapees\/","og_locale":"fr_FR","og_type":"article","og_title":"Des permanences au plus pr\u00e8s des personnes handicap\u00e9es - Seine-Saint-Denis - L&#039;actualit\u00e9 du d\u00e9partement","og_url":"https:\/\/seinesaintdenis.fr\/actualite\/solidarites-sante\/Des-permanences-au-plus-pres-des-personnes-handicapees\/","og_site_name":"Seine-Saint-Denis - L&#039;actualit\u00e9 du d\u00e9partement","article_publisher":"https:\/\/www.facebook.com\/seinesaintdenisledepartement","article_published_time":"2023-03-30T13:53:31+00:00","article_modified_time":"2023-05-22T16:12:53+00:00","og_image":[{"width":760,"height":411,"url":"https:\/\/seinesaintdenis.fr\/actualite\/wp-content\/uploads\/2023\/04\/793817d8f4f131b15c2ad52d6a2256.jpg","type":"image\/jpeg"}],"author":"Carine Arassus","twitter_card":"summary_large_image","twitter_creator":"@seinesaintdenis","twitter_site":"@seinesaintdenis","twitter_misc":{"\u00c9crit par":"Carine Arassus","Dur\u00e9e de lecture estim\u00e9e":"4 minutes"},"schema":{"@context":"https:\/\/schema.org","@graph":[{"@type":"Article","@id":"https:\/\/seinesaintdenis.fr\/actualite\/solidarites-sante\/Des-permanences-au-plus-pres-des-personnes-handicapees\/#article","isPartOf":{"@id":"https:\/\/seinesaintdenis.fr\/actualite\/solidarites-sante\/Des-permanences-au-plus-pres-des-personnes-handicapees\/"},"author":{"name":"Carine Arassus","@id":"https:\/\/seinesaintdenis.fr\/actualite\/#\/schema\/person\/0ed132e414e4e5a6a6d14bb9fd5b0d3a"},"headline":"Des permanences au plus pr\u00e8s des personnes handicap\u00e9es","datePublished":"2023-03-30T13:53:31+00:00","dateModified":"2023-05-22T16:12:53+00:00","mainEntityOfPage":{"@id":"https:\/\/seinesaintdenis.fr\/actualite\/solidarites-sante\/Des-permanences-au-plus-pres-des-personnes-handicapees\/"},"wordCount":745,"commentCount":0,"publisher":{"@id":"https:\/\/seinesaintdenis.fr\/actualite\/#organization"},"image":{"@id":"https:\/\/seinesaintdenis.fr\/actualite\/solidarites-sante\/Des-permanences-au-plus-pres-des-personnes-handicapees\/#primaryimage"},"thumbnailUrl":"https:\/\/seinesaintdenis.fr\/actualite\/wp-content\/uploads\/2023\/04\/793817d8f4f131b15c2ad52d6a2256.jpg","articleSection":["Handicap","Solidarit\u00e9s &amp; Sant\u00e9"],"inLanguage":"fr-FR","potentialAction":[{"@type":"CommentAction","name":"Comment","target":["https:\/\/seinesaintdenis.fr\/actualite\/solidarites-sante\/Des-permanences-au-plus-pres-des-personnes-handicapees\/#respond"]}]},{"@type":"WebPage","@id":"https:\/\/seinesaintdenis.fr\/actualite\/solidarites-sante\/Des-permanences-au-plus-pres-des-personnes-handicapees\/","url":"https:\/\/seinesaintdenis.fr\/actualite\/solidarites-sante\/Des-permanences-au-plus-pres-des-personnes-handicapees\/","name":"Des permanences au plus pr\u00e8s des personnes handicap\u00e9es - Seine-Saint-Denis - L&#039;actualit\u00e9 du d\u00e9partement","isPartOf":{"@id":"https:\/\/seinesaintdenis.fr\/actualite\/#website"},"primaryImageOfPage":{"@id":"https:\/\/seinesaintdenis.fr\/actualite\/solidarites-sante\/Des-permanences-au-plus-pres-des-personnes-handicapees\/#primaryimage"},"image":{"@id":"https:\/\/seinesaintdenis.fr\/actualite\/solidarites-sante\/Des-permanences-au-plus-pres-des-personnes-handicapees\/#primaryimage"},"thumbnailUrl":"https:\/\/seinesaintdenis.fr\/actualite\/wp-content\/uploads\/2023\/04\/793817d8f4f131b15c2ad52d6a2256.jpg","datePublished":"2023-03-30T13:53:31+00:00","dateModified":"2023-05-22T16:12:53+00:00","breadcrumb":{"@id":"https:\/\/seinesaintdenis.fr\/actualite\/solidarites-sante\/Des-permanences-au-plus-pres-des-personnes-handicapees\/#breadcrumb"},"inLanguage":"fr-FR","potentialAction":[{"@type":"ReadAction","target":["https:\/\/seinesaintdenis.fr\/actualite\/solidarites-sante\/Des-permanences-au-plus-pres-des-personnes-handicapees\/"]}]},{"@type":"ImageObject","inLanguage":"fr-FR","@id":"https:\/\/seinesaintdenis.fr\/actualite\/solidarites-sante\/Des-permanences-au-plus-pres-des-personnes-handicapees\/#primaryimage","url":"https:\/\/seinesaintdenis.fr\/actualite\/wp-content\/uploads\/2023\/04\/793817d8f4f131b15c2ad52d6a2256.jpg","contentUrl":"https:\/\/seinesaintdenis.fr\/actualite\/wp-content\/uploads\/2023\/04\/793817d8f4f131b15c2ad52d6a2256.jpg","width":760,"height":411},{"@type":"BreadcrumbList","@id":"https:\/\/seinesaintdenis.fr\/actualite\/solidarites-sante\/Des-permanences-au-plus-pres-des-personnes-handicapees\/#breadcrumb","itemListElement":[{"@type":"ListItem","position":1,"name":"Accueil","item":"https:\/\/seinesaintdenis.fr\/actualite\/"},{"@type":"ListItem","position":2,"name":"Solidarit\u00e9s &amp; Sant\u00e9","item":"https:\/\/seinesaintdenis.fr\/actualite\/solidarites-sante\/"},{"@type":"ListItem","position":3,"name":"Des permanences au plus pr\u00e8s des personnes handicap\u00e9es"}]},{"@type":"WebSite","@id":"https:\/\/seinesaintdenis.fr\/actualite\/#website","url":"https:\/\/seinesaintdenis.fr\/actualite\/","name":"Seine-Saint-Denis - L'actualit\u00e9 du d\u00e9partement","description":"L&#039;actualit\u00e9 du D\u00e9partement de la Seine-Saint-Denis","publisher":{"@id":"https:\/\/seinesaintdenis.fr\/actualite\/#organization"},"potentialAction":[{"@type":"SearchAction","target":{"@type":"EntryPoint","urlTemplate":"https:\/\/seinesaintdenis.fr\/actualite\/?s={search_term_string}"},"query-input":{"@type":"PropertyValueSpecification","valueRequired":true,"valueName":"search_term_string"}}],"inLanguage":"fr-FR"},{"@type":"Organization","@id":"https:\/\/seinesaintdenis.fr\/actualite\/#organization","name":"Seine-Saint-Denis - Le D\u00e9partement","url":"https:\/\/seinesaintdenis.fr\/actualite\/","logo":{"@type":"ImageObject","inLanguage":"fr-FR","@id":"https:\/\/seinesaintdenis.fr\/actualite\/#\/schema\/logo\/image\/","url":"https:\/\/seinesaintdenis.fr\/actualite\/wp-content\/uploads\/2024\/08\/logo.png","contentUrl":"https:\/\/seinesaintdenis.fr\/actualite\/wp-content\/uploads\/2024\/08\/logo.png","width":567,"height":172,"caption":"Seine-Saint-Denis - Le D\u00e9partement"},"image":{"@id":"https:\/\/seinesaintdenis.fr\/actualite\/#\/schema\/logo\/image\/"},"sameAs":["https:\/\/www.facebook.com\/seinesaintdenisledepartement","https:\/\/x.com\/seinesaintdenis","https:\/\/www.linkedin.com\/company\/seinesaintdenis","https:\/\/www.instagram.com\/seine_saint_denis\/","https:\/\/www.youtube.com\/channel\/UCR5YF9NnqiLCbnrKQgLUcIw"]},{"@type":"Person","@id":"https:\/\/seinesaintdenis.fr\/actualite\/#\/schema\/person\/0ed132e414e4e5a6a6d14bb9fd5b0d3a","name":"Carine Arassus","image":{"@type":"ImageObject","inLanguage":"fr-FR","@id":"https:\/\/secure.gravatar.com\/avatar\/0f981f322f4f99253bcb871f10ae46ce56b35c7fe7c5b8aa9b09ba3a77f6e3c0?s=96&d=mm&r=g","url":"https:\/\/secure.gravatar.com\/avatar\/0f981f322f4f99253bcb871f10ae46ce56b35c7fe7c5b8aa9b09ba3a77f6e3c0?s=96&d=mm&r=g","contentUrl":"https:\/\/secure.gravatar.com\/avatar\/0f981f322f4f99253bcb871f10ae46ce56b35c7fe7c5b8aa9b09ba3a77f6e3c0?s=96&d=mm&r=g","caption":"Carine Arassus"},"url":"https:\/\/seinesaintdenis.fr\/actualite\/author\/carassus\/"}]}},"_links":{"self":[{"href":"https:\/\/seinesaintdenis.fr\/actualite\/wp-json\/wp\/v2\/posts\/997","targetHints":{"allow":["GET"]}}],"collection":[{"href":"https:\/\/seinesaintdenis.fr\/actualite\/wp-json\/wp\/v2\/posts"}],"about":[{"href":"https:\/\/seinesaintdenis.fr\/actualite\/wp-json\/wp\/v2\/types\/post"}],"author":[{"embeddable":true,"href":"https:\/\/seinesaintdenis.fr\/actualite\/wp-json\/wp\/v2\/users\/12"}],"replies":[{"embeddable":true,"href":"https:\/\/seinesaintdenis.fr\/actualite\/wp-json\/wp\/v2\/comments?post=997"}],"version-history":[{"count":2,"href":"https:\/\/seinesaintdenis.fr\/actualite\/wp-json\/wp\/v2\/posts\/997\/revisions"}],"predecessor-version":[{"id":2388,"href":"https:\/\/seinesaintdenis.fr\/actualite\/wp-json\/wp\/v2\/posts\/997\/revisions\/2388"}],"wp:featuredmedia":[{"embeddable":true,"href":"https:\/\/seinesaintdenis.fr\/actualite\/wp-json\/wp\/v2\/media\/998"}],"wp:attachment":[{"href":"https:\/\/seinesaintdenis.fr\/actualite\/wp-json\/wp\/v2\/media?parent=997"}],"wp:term":[{"taxonomy":"category","embeddable":true,"href":"https:\/\/seinesaintdenis.fr\/actualite\/wp-json\/wp\/v2\/categories?post=997"},{"taxonomy":"ville","embeddable":true,"href":"https:\/\/seinesaintdenis.fr\/actualite\/wp-json\/wp\/v2\/ville?post=997"}],"curies":[{"name":"wp","href":"https:\/\/api.w.org\/{rel}","templated":true}]}}