{"id":8387,"date":"2023-09-28T11:17:47","date_gmt":"2023-09-28T09:17:47","guid":{"rendered":"https:\/\/seinesaintdenis.fr\/actualite\/?p=8387"},"modified":"2023-10-02T14:43:51","modified_gmt":"2023-10-02T12:43:51","slug":"Sur-les-pas-de-Renee-Gailhoustet","status":"publish","type":"post","link":"https:\/\/seinesaintdenis.fr\/actualite\/culture-patrimoine\/Sur-les-pas-de-Renee-Gailhoustet\/","title":{"rendered":"Sur les pas de Ren\u00e9e Gailhoustet"},"content":{"rendered":"","protected":false},"excerpt":{"rendered":"","protected":false},"author":28,"featured_media":8399,"comment_status":"open","ping_status":"open","sticky":false,"template":"","format":"standard","meta":{"_acf_changed":false,"footnotes":""},"categories":[9],"ville":[57,87,89,58],"class_list":["post-8387","post","type-post","status-publish","format-standard","has-post-thumbnail","hentry","category-culture-patrimoine"],"acf":[],"yoast_head":"<!-- This site is optimized with the Yoast SEO plugin v27.5 - https:\/\/yoast.com\/product\/yoast-seo-wordpress\/ -->\n<title>Sur les pas de Ren\u00e9e Gailhoustet - Seine-Saint-Denis - L&#039;actualit\u00e9 du d\u00e9partement<\/title>\n<meta name=\"description\" content=\"Lors de ces Journ\u00e9es, une visite de quelques lieux embl\u00e9matiques de l\u2019\u0153uvre de Ren\u00e9e Gailhoustet, une grande dame de l\u2019architecture et de l\u2019urbanisme, \u00e9tait propos\u00e9e aux habitant\u00b7e\u00b7s du d\u00e9partement. Le D\u00e9partement s\u2019est engag\u00e9 depuis quelques ann\u00e9es \u00e0 mettre \u00e0 l\u2019honneur son matrimoine, et \u00e0 travers lui les femmes qui l\u2019ont imagin\u00e9 et r\u00e9alis\u00e9.\" \/>\n<meta name=\"robots\" content=\"index, follow, max-snippet:-1, max-image-preview:large, max-video-preview:-1\" \/>\n<link rel=\"canonical\" href=\"https:\/\/seinesaintdenis.fr\/actualite\/culture-patrimoine\/Sur-les-pas-de-Renee-Gailhoustet\/\" \/>\n<meta property=\"og:locale\" content=\"fr_FR\" \/>\n<meta property=\"og:type\" content=\"article\" \/>\n<meta property=\"og:title\" content=\"Sur les pas de Ren\u00e9e Gailhoustet - Seine-Saint-Denis - L&#039;actualit\u00e9 du d\u00e9partement\" \/>\n<meta property=\"og:description\" content=\"Lors de ces Journ\u00e9es, une visite de quelques lieux embl\u00e9matiques de l\u2019\u0153uvre de Ren\u00e9e Gailhoustet, une grande dame de l\u2019architecture et de l\u2019urbanisme, \u00e9tait propos\u00e9e aux habitant\u00b7e\u00b7s du d\u00e9partement. Le D\u00e9partement s\u2019est engag\u00e9 depuis quelques ann\u00e9es \u00e0 mettre \u00e0 l\u2019honneur son matrimoine, et \u00e0 travers lui les femmes qui l\u2019ont imagin\u00e9 et r\u00e9alis\u00e9.\" \/>\n<meta property=\"og:url\" content=\"https:\/\/seinesaintdenis.fr\/actualite\/culture-patrimoine\/Sur-les-pas-de-Renee-Gailhoustet\/\" \/>\n<meta property=\"og:site_name\" content=\"Seine-Saint-Denis - L&#039;actualit\u00e9 du d\u00e9partement\" \/>\n<meta property=\"article:publisher\" content=\"https:\/\/www.facebook.com\/seinesaintdenisledepartement\" \/>\n<meta property=\"article:published_time\" content=\"2023-09-28T09:17:47+00:00\" \/>\n<meta property=\"article:modified_time\" content=\"2023-10-02T12:43:51+00:00\" \/>\n<meta property=\"og:image\" content=\"https:\/\/seinesaintdenis.fr\/actualite\/wp-content\/uploads\/2023\/09\/9-16-09-2023-realisations-de-renee-gailhoustet-en-seine-saint-denis-sh-24-scaled.jpg\" \/>\n\t<meta property=\"og:image:width\" content=\"2560\" \/>\n\t<meta property=\"og:image:height\" content=\"1387\" \/>\n\t<meta property=\"og:image:type\" content=\"image\/jpeg\" \/>\n<meta name=\"author\" content=\"claude bardavid\" \/>\n<meta name=\"twitter:card\" content=\"summary_large_image\" \/>\n<meta name=\"twitter:creator\" content=\"@seinesaintdenis\" \/>\n<meta name=\"twitter:site\" content=\"@seinesaintdenis\" \/>\n<meta name=\"twitter:label1\" content=\"\u00c9crit par\" \/>\n\t<meta name=\"twitter:data1\" content=\"claude bardavid\" \/>\n<script type=\"application\/ld+json\" class=\"yoast-schema-graph\">{\"@context\":\"https:\\\/\\\/schema.org\",\"@graph\":[{\"@type\":\"Article\",\"@id\":\"https:\\\/\\\/seinesaintdenis.fr\\\/actualite\\\/culture-patrimoine\\\/Sur-les-pas-de-Renee-Gailhoustet\\\/#article\",\"isPartOf\":{\"@id\":\"https:\\\/\\\/seinesaintdenis.fr\\\/actualite\\\/culture-patrimoine\\\/Sur-les-pas-de-Renee-Gailhoustet\\\/\"},\"author\":{\"name\":\"claude bardavid\",\"@id\":\"https:\\\/\\\/seinesaintdenis.fr\\\/actualite\\\/#\\\/schema\\\/person\\\/84446e2b2bc306ade276365bccf7ea6d\"},\"headline\":\"Sur les pas de Ren\u00e9e Gailhoustet\",\"datePublished\":\"2023-09-28T09:17:47+00:00\",\"dateModified\":\"2023-10-02T12:43:51+00:00\",\"mainEntityOfPage\":{\"@id\":\"https:\\\/\\\/seinesaintdenis.fr\\\/actualite\\\/culture-patrimoine\\\/Sur-les-pas-de-Renee-Gailhoustet\\\/\"},\"wordCount\":7,\"commentCount\":0,\"publisher\":{\"@id\":\"https:\\\/\\\/seinesaintdenis.fr\\\/actualite\\\/#organization\"},\"image\":{\"@id\":\"https:\\\/\\\/seinesaintdenis.fr\\\/actualite\\\/culture-patrimoine\\\/Sur-les-pas-de-Renee-Gailhoustet\\\/#primaryimage\"},\"thumbnailUrl\":\"https:\\\/\\\/seinesaintdenis.fr\\\/actualite\\\/wp-content\\\/uploads\\\/2023\\\/09\\\/9-16-09-2023-realisations-de-renee-gailhoustet-en-seine-saint-denis-sh-24-scaled.jpg\",\"articleSection\":[\"Culture &amp; Patrimoine\"],\"inLanguage\":\"fr-FR\",\"potentialAction\":[{\"@type\":\"CommentAction\",\"name\":\"Comment\",\"target\":[\"https:\\\/\\\/seinesaintdenis.fr\\\/actualite\\\/culture-patrimoine\\\/Sur-les-pas-de-Renee-Gailhoustet\\\/#respond\"]}]},{\"@type\":\"WebPage\",\"@id\":\"https:\\\/\\\/seinesaintdenis.fr\\\/actualite\\\/culture-patrimoine\\\/Sur-les-pas-de-Renee-Gailhoustet\\\/\",\"url\":\"https:\\\/\\\/seinesaintdenis.fr\\\/actualite\\\/culture-patrimoine\\\/Sur-les-pas-de-Renee-Gailhoustet\\\/\",\"name\":\"Sur les pas de Ren\u00e9e Gailhoustet - Seine-Saint-Denis - L&#039;actualit\u00e9 du d\u00e9partement\",\"isPartOf\":{\"@id\":\"https:\\\/\\\/seinesaintdenis.fr\\\/actualite\\\/#website\"},\"primaryImageOfPage\":{\"@id\":\"https:\\\/\\\/seinesaintdenis.fr\\\/actualite\\\/culture-patrimoine\\\/Sur-les-pas-de-Renee-Gailhoustet\\\/#primaryimage\"},\"image\":{\"@id\":\"https:\\\/\\\/seinesaintdenis.fr\\\/actualite\\\/culture-patrimoine\\\/Sur-les-pas-de-Renee-Gailhoustet\\\/#primaryimage\"},\"thumbnailUrl\":\"https:\\\/\\\/seinesaintdenis.fr\\\/actualite\\\/wp-content\\\/uploads\\\/2023\\\/09\\\/9-16-09-2023-realisations-de-renee-gailhoustet-en-seine-saint-denis-sh-24-scaled.jpg\",\"datePublished\":\"2023-09-28T09:17:47+00:00\",\"dateModified\":\"2023-10-02T12:43:51+00:00\",\"description\":\"Lors de ces Journ\u00e9es, une visite de quelques lieux embl\u00e9matiques de l\u2019\u0153uvre de Ren\u00e9e Gailhoustet, une grande dame de l\u2019architecture et de l\u2019urbanisme, \u00e9tait propos\u00e9e aux habitant\u00b7e\u00b7s du d\u00e9partement. Le D\u00e9partement s\u2019est engag\u00e9 depuis quelques ann\u00e9es \u00e0 mettre \u00e0 l\u2019honneur son matrimoine, et \u00e0 travers lui les femmes qui l\u2019ont imagin\u00e9 et r\u00e9alis\u00e9.\",\"breadcrumb\":{\"@id\":\"https:\\\/\\\/seinesaintdenis.fr\\\/actualite\\\/culture-patrimoine\\\/Sur-les-pas-de-Renee-Gailhoustet\\\/#breadcrumb\"},\"inLanguage\":\"fr-FR\",\"potentialAction\":[{\"@type\":\"ReadAction\",\"target\":[\"https:\\\/\\\/seinesaintdenis.fr\\\/actualite\\\/culture-patrimoine\\\/Sur-les-pas-de-Renee-Gailhoustet\\\/\"]}]},{\"@type\":\"ImageObject\",\"inLanguage\":\"fr-FR\",\"@id\":\"https:\\\/\\\/seinesaintdenis.fr\\\/actualite\\\/culture-patrimoine\\\/Sur-les-pas-de-Renee-Gailhoustet\\\/#primaryimage\",\"url\":\"https:\\\/\\\/seinesaintdenis.fr\\\/actualite\\\/wp-content\\\/uploads\\\/2023\\\/09\\\/9-16-09-2023-realisations-de-renee-gailhoustet-en-seine-saint-denis-sh-24-scaled.jpg\",\"contentUrl\":\"https:\\\/\\\/seinesaintdenis.fr\\\/actualite\\\/wp-content\\\/uploads\\\/2023\\\/09\\\/9-16-09-2023-realisations-de-renee-gailhoustet-en-seine-saint-denis-sh-24-scaled.jpg\",\"width\":2560,\"height\":1387,\"caption\":\"En quelques dizaines d\u2019ann\u00e9es, la nature s\u2019est impos\u00e9e \u00e0 la Maladrerie.\"},{\"@type\":\"BreadcrumbList\",\"@id\":\"https:\\\/\\\/seinesaintdenis.fr\\\/actualite\\\/culture-patrimoine\\\/Sur-les-pas-de-Renee-Gailhoustet\\\/#breadcrumb\",\"itemListElement\":[{\"@type\":\"ListItem\",\"position\":1,\"name\":\"Accueil\",\"item\":\"https:\\\/\\\/seinesaintdenis.fr\\\/actualite\\\/\"},{\"@type\":\"ListItem\",\"position\":2,\"name\":\"Culture &amp; Patrimoine\",\"item\":\"https:\\\/\\\/seinesaintdenis.fr\\\/actualite\\\/culture-patrimoine\\\/\"},{\"@type\":\"ListItem\",\"position\":3,\"name\":\"Sur les pas de Ren\u00e9e Gailhoustet\"}]},{\"@type\":\"WebSite\",\"@id\":\"https:\\\/\\\/seinesaintdenis.fr\\\/actualite\\\/#website\",\"url\":\"https:\\\/\\\/seinesaintdenis.fr\\\/actualite\\\/\",\"name\":\"Seine-Saint-Denis - L'actualit\u00e9 du d\u00e9partement\",\"description\":\"L&#039;actualit\u00e9 du D\u00e9partement de la Seine-Saint-Denis\",\"publisher\":{\"@id\":\"https:\\\/\\\/seinesaintdenis.fr\\\/actualite\\\/#organization\"},\"potentialAction\":[{\"@type\":\"SearchAction\",\"target\":{\"@type\":\"EntryPoint\",\"urlTemplate\":\"https:\\\/\\\/seinesaintdenis.fr\\\/actualite\\\/?s={search_term_string}\"},\"query-input\":{\"@type\":\"PropertyValueSpecification\",\"valueRequired\":true,\"valueName\":\"search_term_string\"}}],\"inLanguage\":\"fr-FR\"},{\"@type\":\"Organization\",\"@id\":\"https:\\\/\\\/seinesaintdenis.fr\\\/actualite\\\/#organization\",\"name\":\"Seine-Saint-Denis - Le D\u00e9partement\",\"url\":\"https:\\\/\\\/seinesaintdenis.fr\\\/actualite\\\/\",\"logo\":{\"@type\":\"ImageObject\",\"inLanguage\":\"fr-FR\",\"@id\":\"https:\\\/\\\/seinesaintdenis.fr\\\/actualite\\\/#\\\/schema\\\/logo\\\/image\\\/\",\"url\":\"https:\\\/\\\/seinesaintdenis.fr\\\/actualite\\\/wp-content\\\/uploads\\\/2024\\\/08\\\/logo.png\",\"contentUrl\":\"https:\\\/\\\/seinesaintdenis.fr\\\/actualite\\\/wp-content\\\/uploads\\\/2024\\\/08\\\/logo.png\",\"width\":567,\"height\":172,\"caption\":\"Seine-Saint-Denis - Le D\u00e9partement\"},\"image\":{\"@id\":\"https:\\\/\\\/seinesaintdenis.fr\\\/actualite\\\/#\\\/schema\\\/logo\\\/image\\\/\"},\"sameAs\":[\"https:\\\/\\\/www.facebook.com\\\/seinesaintdenisledepartement\",\"https:\\\/\\\/x.com\\\/seinesaintdenis\",\"https:\\\/\\\/www.linkedin.com\\\/company\\\/seinesaintdenis\",\"https:\\\/\\\/www.instagram.com\\\/seine_saint_denis\\\/\",\"https:\\\/\\\/www.youtube.com\\\/channel\\\/UCR5YF9NnqiLCbnrKQgLUcIw\"]},{\"@type\":\"Person\",\"@id\":\"https:\\\/\\\/seinesaintdenis.fr\\\/actualite\\\/#\\\/schema\\\/person\\\/84446e2b2bc306ade276365bccf7ea6d\",\"name\":\"claude bardavid\",\"image\":{\"@type\":\"ImageObject\",\"inLanguage\":\"fr-FR\",\"@id\":\"https:\\\/\\\/secure.gravatar.com\\\/avatar\\\/f28634e7cfff2690dbacb7bb677e5075dedde42cda6345b8197c06f836c65fd7?s=96&d=mm&r=g\",\"url\":\"https:\\\/\\\/secure.gravatar.com\\\/avatar\\\/f28634e7cfff2690dbacb7bb677e5075dedde42cda6345b8197c06f836c65fd7?s=96&d=mm&r=g\",\"contentUrl\":\"https:\\\/\\\/secure.gravatar.com\\\/avatar\\\/f28634e7cfff2690dbacb7bb677e5075dedde42cda6345b8197c06f836c65fd7?s=96&d=mm&r=g\",\"caption\":\"claude bardavid\"},\"url\":\"https:\\\/\\\/seinesaintdenis.fr\\\/actualite\\\/author\\\/claude-bardavid\\\/\"}]}<\/script>\n<!-- \/ Yoast SEO plugin. -->","yoast_head_json":{"title":"Sur les pas de Ren\u00e9e Gailhoustet - Seine-Saint-Denis - L&#039;actualit\u00e9 du d\u00e9partement","description":"Lors de ces Journ\u00e9es, une visite de quelques lieux embl\u00e9matiques de l\u2019\u0153uvre de Ren\u00e9e Gailhoustet, une grande dame de l\u2019architecture et de l\u2019urbanisme, \u00e9tait propos\u00e9e aux habitant\u00b7e\u00b7s du d\u00e9partement. Le D\u00e9partement s\u2019est engag\u00e9 depuis quelques ann\u00e9es \u00e0 mettre \u00e0 l\u2019honneur son matrimoine, et \u00e0 travers lui les femmes qui l\u2019ont imagin\u00e9 et r\u00e9alis\u00e9.","robots":{"index":"index","follow":"follow","max-snippet":"max-snippet:-1","max-image-preview":"max-image-preview:large","max-video-preview":"max-video-preview:-1"},"canonical":"https:\/\/seinesaintdenis.fr\/actualite\/culture-patrimoine\/Sur-les-pas-de-Renee-Gailhoustet\/","og_locale":"fr_FR","og_type":"article","og_title":"Sur les pas de Ren\u00e9e Gailhoustet - Seine-Saint-Denis - L&#039;actualit\u00e9 du d\u00e9partement","og_description":"Lors de ces Journ\u00e9es, une visite de quelques lieux embl\u00e9matiques de l\u2019\u0153uvre de Ren\u00e9e Gailhoustet, une grande dame de l\u2019architecture et de l\u2019urbanisme, \u00e9tait propos\u00e9e aux habitant\u00b7e\u00b7s du d\u00e9partement. Le D\u00e9partement s\u2019est engag\u00e9 depuis quelques ann\u00e9es \u00e0 mettre \u00e0 l\u2019honneur son matrimoine, et \u00e0 travers lui les femmes qui l\u2019ont imagin\u00e9 et r\u00e9alis\u00e9.","og_url":"https:\/\/seinesaintdenis.fr\/actualite\/culture-patrimoine\/Sur-les-pas-de-Renee-Gailhoustet\/","og_site_name":"Seine-Saint-Denis - L&#039;actualit\u00e9 du d\u00e9partement","article_publisher":"https:\/\/www.facebook.com\/seinesaintdenisledepartement","article_published_time":"2023-09-28T09:17:47+00:00","article_modified_time":"2023-10-02T12:43:51+00:00","og_image":[{"width":2560,"height":1387,"url":"https:\/\/seinesaintdenis.fr\/actualite\/wp-content\/uploads\/2023\/09\/9-16-09-2023-realisations-de-renee-gailhoustet-en-seine-saint-denis-sh-24-scaled.jpg","type":"image\/jpeg"}],"author":"claude bardavid","twitter_card":"summary_large_image","twitter_creator":"@seinesaintdenis","twitter_site":"@seinesaintdenis","twitter_misc":{"\u00c9crit par":"claude bardavid"},"schema":{"@context":"https:\/\/schema.org","@graph":[{"@type":"Article","@id":"https:\/\/seinesaintdenis.fr\/actualite\/culture-patrimoine\/Sur-les-pas-de-Renee-Gailhoustet\/#article","isPartOf":{"@id":"https:\/\/seinesaintdenis.fr\/actualite\/culture-patrimoine\/Sur-les-pas-de-Renee-Gailhoustet\/"},"author":{"name":"claude bardavid","@id":"https:\/\/seinesaintdenis.fr\/actualite\/#\/schema\/person\/84446e2b2bc306ade276365bccf7ea6d"},"headline":"Sur les pas de Ren\u00e9e Gailhoustet","datePublished":"2023-09-28T09:17:47+00:00","dateModified":"2023-10-02T12:43:51+00:00","mainEntityOfPage":{"@id":"https:\/\/seinesaintdenis.fr\/actualite\/culture-patrimoine\/Sur-les-pas-de-Renee-Gailhoustet\/"},"wordCount":7,"commentCount":0,"publisher":{"@id":"https:\/\/seinesaintdenis.fr\/actualite\/#organization"},"image":{"@id":"https:\/\/seinesaintdenis.fr\/actualite\/culture-patrimoine\/Sur-les-pas-de-Renee-Gailhoustet\/#primaryimage"},"thumbnailUrl":"https:\/\/seinesaintdenis.fr\/actualite\/wp-content\/uploads\/2023\/09\/9-16-09-2023-realisations-de-renee-gailhoustet-en-seine-saint-denis-sh-24-scaled.jpg","articleSection":["Culture &amp; Patrimoine"],"inLanguage":"fr-FR","potentialAction":[{"@type":"CommentAction","name":"Comment","target":["https:\/\/seinesaintdenis.fr\/actualite\/culture-patrimoine\/Sur-les-pas-de-Renee-Gailhoustet\/#respond"]}]},{"@type":"WebPage","@id":"https:\/\/seinesaintdenis.fr\/actualite\/culture-patrimoine\/Sur-les-pas-de-Renee-Gailhoustet\/","url":"https:\/\/seinesaintdenis.fr\/actualite\/culture-patrimoine\/Sur-les-pas-de-Renee-Gailhoustet\/","name":"Sur les pas de Ren\u00e9e Gailhoustet - Seine-Saint-Denis - L&#039;actualit\u00e9 du d\u00e9partement","isPartOf":{"@id":"https:\/\/seinesaintdenis.fr\/actualite\/#website"},"primaryImageOfPage":{"@id":"https:\/\/seinesaintdenis.fr\/actualite\/culture-patrimoine\/Sur-les-pas-de-Renee-Gailhoustet\/#primaryimage"},"image":{"@id":"https:\/\/seinesaintdenis.fr\/actualite\/culture-patrimoine\/Sur-les-pas-de-Renee-Gailhoustet\/#primaryimage"},"thumbnailUrl":"https:\/\/seinesaintdenis.fr\/actualite\/wp-content\/uploads\/2023\/09\/9-16-09-2023-realisations-de-renee-gailhoustet-en-seine-saint-denis-sh-24-scaled.jpg","datePublished":"2023-09-28T09:17:47+00:00","dateModified":"2023-10-02T12:43:51+00:00","description":"Lors de ces Journ\u00e9es, une visite de quelques lieux embl\u00e9matiques de l\u2019\u0153uvre de Ren\u00e9e Gailhoustet, une grande dame de l\u2019architecture et de l\u2019urbanisme, \u00e9tait propos\u00e9e aux habitant\u00b7e\u00b7s du d\u00e9partement. Le D\u00e9partement s\u2019est engag\u00e9 depuis quelques ann\u00e9es \u00e0 mettre \u00e0 l\u2019honneur son matrimoine, et \u00e0 travers lui les femmes qui l\u2019ont imagin\u00e9 et r\u00e9alis\u00e9.","breadcrumb":{"@id":"https:\/\/seinesaintdenis.fr\/actualite\/culture-patrimoine\/Sur-les-pas-de-Renee-Gailhoustet\/#breadcrumb"},"inLanguage":"fr-FR","potentialAction":[{"@type":"ReadAction","target":["https:\/\/seinesaintdenis.fr\/actualite\/culture-patrimoine\/Sur-les-pas-de-Renee-Gailhoustet\/"]}]},{"@type":"ImageObject","inLanguage":"fr-FR","@id":"https:\/\/seinesaintdenis.fr\/actualite\/culture-patrimoine\/Sur-les-pas-de-Renee-Gailhoustet\/#primaryimage","url":"https:\/\/seinesaintdenis.fr\/actualite\/wp-content\/uploads\/2023\/09\/9-16-09-2023-realisations-de-renee-gailhoustet-en-seine-saint-denis-sh-24-scaled.jpg","contentUrl":"https:\/\/seinesaintdenis.fr\/actualite\/wp-content\/uploads\/2023\/09\/9-16-09-2023-realisations-de-renee-gailhoustet-en-seine-saint-denis-sh-24-scaled.jpg","width":2560,"height":1387,"caption":"En quelques dizaines d\u2019ann\u00e9es, la nature s\u2019est impos\u00e9e \u00e0 la Maladrerie."},{"@type":"BreadcrumbList","@id":"https:\/\/seinesaintdenis.fr\/actualite\/culture-patrimoine\/Sur-les-pas-de-Renee-Gailhoustet\/#breadcrumb","itemListElement":[{"@type":"ListItem","position":1,"name":"Accueil","item":"https:\/\/seinesaintdenis.fr\/actualite\/"},{"@type":"ListItem","position":2,"name":"Culture &amp; Patrimoine","item":"https:\/\/seinesaintdenis.fr\/actualite\/culture-patrimoine\/"},{"@type":"ListItem","position":3,"name":"Sur les pas de Ren\u00e9e Gailhoustet"}]},{"@type":"WebSite","@id":"https:\/\/seinesaintdenis.fr\/actualite\/#website","url":"https:\/\/seinesaintdenis.fr\/actualite\/","name":"Seine-Saint-Denis - L'actualit\u00e9 du d\u00e9partement","description":"L&#039;actualit\u00e9 du D\u00e9partement de la Seine-Saint-Denis","publisher":{"@id":"https:\/\/seinesaintdenis.fr\/actualite\/#organization"},"potentialAction":[{"@type":"SearchAction","target":{"@type":"EntryPoint","urlTemplate":"https:\/\/seinesaintdenis.fr\/actualite\/?s={search_term_string}"},"query-input":{"@type":"PropertyValueSpecification","valueRequired":true,"valueName":"search_term_string"}}],"inLanguage":"fr-FR"},{"@type":"Organization","@id":"https:\/\/seinesaintdenis.fr\/actualite\/#organization","name":"Seine-Saint-Denis - Le D\u00e9partement","url":"https:\/\/seinesaintdenis.fr\/actualite\/","logo":{"@type":"ImageObject","inLanguage":"fr-FR","@id":"https:\/\/seinesaintdenis.fr\/actualite\/#\/schema\/logo\/image\/","url":"https:\/\/seinesaintdenis.fr\/actualite\/wp-content\/uploads\/2024\/08\/logo.png","contentUrl":"https:\/\/seinesaintdenis.fr\/actualite\/wp-content\/uploads\/2024\/08\/logo.png","width":567,"height":172,"caption":"Seine-Saint-Denis - Le D\u00e9partement"},"image":{"@id":"https:\/\/seinesaintdenis.fr\/actualite\/#\/schema\/logo\/image\/"},"sameAs":["https:\/\/www.facebook.com\/seinesaintdenisledepartement","https:\/\/x.com\/seinesaintdenis","https:\/\/www.linkedin.com\/company\/seinesaintdenis","https:\/\/www.instagram.com\/seine_saint_denis\/","https:\/\/www.youtube.com\/channel\/UCR5YF9NnqiLCbnrKQgLUcIw"]},{"@type":"Person","@id":"https:\/\/seinesaintdenis.fr\/actualite\/#\/schema\/person\/84446e2b2bc306ade276365bccf7ea6d","name":"claude bardavid","image":{"@type":"ImageObject","inLanguage":"fr-FR","@id":"https:\/\/secure.gravatar.com\/avatar\/f28634e7cfff2690dbacb7bb677e5075dedde42cda6345b8197c06f836c65fd7?s=96&d=mm&r=g","url":"https:\/\/secure.gravatar.com\/avatar\/f28634e7cfff2690dbacb7bb677e5075dedde42cda6345b8197c06f836c65fd7?s=96&d=mm&r=g","contentUrl":"https:\/\/secure.gravatar.com\/avatar\/f28634e7cfff2690dbacb7bb677e5075dedde42cda6345b8197c06f836c65fd7?s=96&d=mm&r=g","caption":"claude bardavid"},"url":"https:\/\/seinesaintdenis.fr\/actualite\/author\/claude-bardavid\/"}]}},"_links":{"self":[{"href":"https:\/\/seinesaintdenis.fr\/actualite\/wp-json\/wp\/v2\/posts\/8387","targetHints":{"allow":["GET"]}}],"collection":[{"href":"https:\/\/seinesaintdenis.fr\/actualite\/wp-json\/wp\/v2\/posts"}],"about":[{"href":"https:\/\/seinesaintdenis.fr\/actualite\/wp-json\/wp\/v2\/types\/post"}],"author":[{"embeddable":true,"href":"https:\/\/seinesaintdenis.fr\/actualite\/wp-json\/wp\/v2\/users\/28"}],"replies":[{"embeddable":true,"href":"https:\/\/seinesaintdenis.fr\/actualite\/wp-json\/wp\/v2\/comments?post=8387"}],"version-history":[{"count":1,"href":"https:\/\/seinesaintdenis.fr\/actualite\/wp-json\/wp\/v2\/posts\/8387\/revisions"}],"predecessor-version":[{"id":8401,"href":"https:\/\/seinesaintdenis.fr\/actualite\/wp-json\/wp\/v2\/posts\/8387\/revisions\/8401"}],"wp:featuredmedia":[{"embeddable":true,"href":"https:\/\/seinesaintdenis.fr\/actualite\/wp-json\/wp\/v2\/media\/8399"}],"wp:attachment":[{"href":"https:\/\/seinesaintdenis.fr\/actualite\/wp-json\/wp\/v2\/media?parent=8387"}],"wp:term":[{"taxonomy":"category","embeddable":true,"href":"https:\/\/seinesaintdenis.fr\/actualite\/wp-json\/wp\/v2\/categories?post=8387"},{"taxonomy":"ville","embeddable":true,"href":"https:\/\/seinesaintdenis.fr\/actualite\/wp-json\/wp\/v2\/ville?post=8387"}],"curies":[{"name":"wp","href":"https:\/\/api.w.org\/{rel}","templated":true}]}}