{"id":5313,"date":"2023-07-04T14:56:20","date_gmt":"2023-07-04T12:56:20","guid":{"rendered":"https:\/\/seinesaintdenis.fr\/actualite\/?p=5313"},"modified":"2023-07-12T15:14:47","modified_gmt":"2023-07-12T13:14:47","slug":"Issra-Nous-sommes-alles-au-village-Olympique","status":"publish","type":"post","link":"https:\/\/seinesaintdenis.fr\/actualite\/sport-loisirs\/Sport\/Issra-Nous-sommes-alles-au-village-Olympique\/","title":{"rendered":"Issra, \u00ab\u00a0Nous sommes all\u00e9s au village Olympique\u00a0\u00bb"},"content":{"rendered":"","protected":false},"excerpt":{"rendered":"","protected":false},"author":16,"featured_media":5314,"comment_status":"open","ping_status":"open","sticky":false,"template":"","format":"standard","meta":{"_acf_changed":false,"footnotes":""},"categories":[1],"ville":[89],"class_list":["post-5313","post","type-post","status-publish","format-standard","has-post-thumbnail","hentry","category-Sport"],"acf":[],"yoast_head":"<!-- This site is optimized with the Yoast SEO plugin v27.5 - https:\/\/yoast.com\/product\/yoast-seo-wordpress\/ -->\n<title>Issra, &quot;Nous sommes all\u00e9s au village Olympique&quot; - Seine-Saint-Denis - L&#039;actualit\u00e9 du d\u00e9partement<\/title>\n<meta name=\"description\" content=\"Issra, 10 ans, pratique le tennis de table au club Saint-Denis Tennis de Table 93. Ils ont pu visiter le Village Olympique avec le sportif Mehdi Bouloussa. Elle nous raconte aujourd&#039;hui ce qu&#039;elle apprit de l&#039;histoire des Jeux !\" \/>\n<meta name=\"robots\" content=\"index, follow, max-snippet:-1, max-image-preview:large, max-video-preview:-1\" \/>\n<link rel=\"canonical\" href=\"https:\/\/seinesaintdenis.fr\/actualite\/Territoire-des-Jeux\/Issra-Nous-sommes-alles-au-village-Olympique\/\" \/>\n<meta property=\"og:locale\" content=\"fr_FR\" \/>\n<meta property=\"og:type\" content=\"article\" \/>\n<meta property=\"og:title\" content=\"Issra, &quot;Nous sommes all\u00e9s au village Olympique&quot; - Seine-Saint-Denis - L&#039;actualit\u00e9 du d\u00e9partement\" \/>\n<meta property=\"og:description\" content=\"Issra, 10 ans, pratique le tennis de table au club Saint-Denis Tennis de Table 93. Ils ont pu visiter le Village Olympique avec le sportif Mehdi Bouloussa. Elle nous raconte aujourd&#039;hui ce qu&#039;elle apprit de l&#039;histoire des Jeux !\" \/>\n<meta property=\"og:url\" content=\"https:\/\/seinesaintdenis.fr\/actualite\/Territoire-des-Jeux\/Issra-Nous-sommes-alles-au-village-Olympique\/\" \/>\n<meta property=\"og:site_name\" content=\"Seine-Saint-Denis - L&#039;actualit\u00e9 du d\u00e9partement\" \/>\n<meta property=\"article:publisher\" content=\"https:\/\/www.facebook.com\/seinesaintdenisledepartement\" \/>\n<meta property=\"article:published_time\" content=\"2023-07-04T12:56:20+00:00\" \/>\n<meta property=\"article:modified_time\" content=\"2023-07-12T13:14:47+00:00\" \/>\n<meta property=\"og:image\" content=\"https:\/\/seinesaintdenis.fr\/actualite\/wp-content\/uploads\/2023\/07\/jdly-issra.png\" \/>\n\t<meta property=\"og:image:width\" content=\"1090\" \/>\n\t<meta property=\"og:image:height\" content=\"560\" \/>\n\t<meta property=\"og:image:type\" content=\"image\/png\" \/>\n<meta name=\"author\" content=\"Berenice Laroche\" \/>\n<meta name=\"twitter:card\" content=\"summary_large_image\" \/>\n<meta name=\"twitter:creator\" content=\"@seinesaintdenis\" \/>\n<meta name=\"twitter:site\" content=\"@seinesaintdenis\" \/>\n<meta name=\"twitter:label1\" content=\"\u00c9crit par\" \/>\n\t<meta name=\"twitter:data1\" content=\"Berenice Laroche\" \/>\n<script type=\"application\/ld+json\" class=\"yoast-schema-graph\">{\"@context\":\"https:\\\/\\\/schema.org\",\"@graph\":[{\"@type\":\"Article\",\"@id\":\"https:\\\/\\\/seinesaintdenis.fr\\\/actualite\\\/Territoire-des-Jeux\\\/Issra-Nous-sommes-alles-au-village-Olympique\\\/#article\",\"isPartOf\":{\"@id\":\"https:\\\/\\\/seinesaintdenis.fr\\\/actualite\\\/Territoire-des-Jeux\\\/Issra-Nous-sommes-alles-au-village-Olympique\\\/\"},\"author\":{\"name\":\"Berenice Laroche\",\"@id\":\"https:\\\/\\\/seinesaintdenis.fr\\\/actualite\\\/#\\\/schema\\\/person\\\/094b69b23d1a58ad936dde94f5e54103\"},\"headline\":\"Issra, \u00ab\u00a0Nous sommes all\u00e9s au village Olympique\u00a0\u00bb\",\"datePublished\":\"2023-07-04T12:56:20+00:00\",\"dateModified\":\"2023-07-12T13:14:47+00:00\",\"mainEntityOfPage\":{\"@id\":\"https:\\\/\\\/seinesaintdenis.fr\\\/actualite\\\/Territoire-des-Jeux\\\/Issra-Nous-sommes-alles-au-village-Olympique\\\/\"},\"wordCount\":8,\"commentCount\":0,\"publisher\":{\"@id\":\"https:\\\/\\\/seinesaintdenis.fr\\\/actualite\\\/#organization\"},\"image\":{\"@id\":\"https:\\\/\\\/seinesaintdenis.fr\\\/actualite\\\/Territoire-des-Jeux\\\/Issra-Nous-sommes-alles-au-village-Olympique\\\/#primaryimage\"},\"thumbnailUrl\":\"https:\\\/\\\/seinesaintdenis.fr\\\/actualite\\\/wp-content\\\/uploads\\\/2023\\\/07\\\/jdly-issra.png\",\"articleSection\":[\"Sport\"],\"inLanguage\":\"fr-FR\",\"potentialAction\":[{\"@type\":\"CommentAction\",\"name\":\"Comment\",\"target\":[\"https:\\\/\\\/seinesaintdenis.fr\\\/actualite\\\/Territoire-des-Jeux\\\/Issra-Nous-sommes-alles-au-village-Olympique\\\/#respond\"]}]},{\"@type\":\"WebPage\",\"@id\":\"https:\\\/\\\/seinesaintdenis.fr\\\/actualite\\\/Territoire-des-Jeux\\\/Issra-Nous-sommes-alles-au-village-Olympique\\\/\",\"url\":\"https:\\\/\\\/seinesaintdenis.fr\\\/actualite\\\/Territoire-des-Jeux\\\/Issra-Nous-sommes-alles-au-village-Olympique\\\/\",\"name\":\"Issra, \\\"Nous sommes all\u00e9s au village Olympique\\\" - Seine-Saint-Denis - L&#039;actualit\u00e9 du d\u00e9partement\",\"isPartOf\":{\"@id\":\"https:\\\/\\\/seinesaintdenis.fr\\\/actualite\\\/#website\"},\"primaryImageOfPage\":{\"@id\":\"https:\\\/\\\/seinesaintdenis.fr\\\/actualite\\\/Territoire-des-Jeux\\\/Issra-Nous-sommes-alles-au-village-Olympique\\\/#primaryimage\"},\"image\":{\"@id\":\"https:\\\/\\\/seinesaintdenis.fr\\\/actualite\\\/Territoire-des-Jeux\\\/Issra-Nous-sommes-alles-au-village-Olympique\\\/#primaryimage\"},\"thumbnailUrl\":\"https:\\\/\\\/seinesaintdenis.fr\\\/actualite\\\/wp-content\\\/uploads\\\/2023\\\/07\\\/jdly-issra.png\",\"datePublished\":\"2023-07-04T12:56:20+00:00\",\"dateModified\":\"2023-07-12T13:14:47+00:00\",\"description\":\"Issra, 10 ans, pratique le tennis de table au club Saint-Denis Tennis de Table 93. Ils ont pu visiter le Village Olympique avec le sportif Mehdi Bouloussa. Elle nous raconte aujourd'hui ce qu'elle apprit de l'histoire des Jeux !\",\"breadcrumb\":{\"@id\":\"https:\\\/\\\/seinesaintdenis.fr\\\/actualite\\\/Territoire-des-Jeux\\\/Issra-Nous-sommes-alles-au-village-Olympique\\\/#breadcrumb\"},\"inLanguage\":\"fr-FR\",\"potentialAction\":[{\"@type\":\"ReadAction\",\"target\":[\"https:\\\/\\\/seinesaintdenis.fr\\\/actualite\\\/Territoire-des-Jeux\\\/Issra-Nous-sommes-alles-au-village-Olympique\\\/\"]}]},{\"@type\":\"ImageObject\",\"inLanguage\":\"fr-FR\",\"@id\":\"https:\\\/\\\/seinesaintdenis.fr\\\/actualite\\\/Territoire-des-Jeux\\\/Issra-Nous-sommes-alles-au-village-Olympique\\\/#primaryimage\",\"url\":\"https:\\\/\\\/seinesaintdenis.fr\\\/actualite\\\/wp-content\\\/uploads\\\/2023\\\/07\\\/jdly-issra.png\",\"contentUrl\":\"https:\\\/\\\/seinesaintdenis.fr\\\/actualite\\\/wp-content\\\/uploads\\\/2023\\\/07\\\/jdly-issra.png\",\"width\":1090,\"height\":560},{\"@type\":\"BreadcrumbList\",\"@id\":\"https:\\\/\\\/seinesaintdenis.fr\\\/actualite\\\/Territoire-des-Jeux\\\/Issra-Nous-sommes-alles-au-village-Olympique\\\/#breadcrumb\",\"itemListElement\":[{\"@type\":\"ListItem\",\"position\":1,\"name\":\"Accueil\",\"item\":\"https:\\\/\\\/seinesaintdenis.fr\\\/actualite\\\/\"},{\"@type\":\"ListItem\",\"position\":2,\"name\":\"Issra, \u00ab\u00a0Nous sommes all\u00e9s au village Olympique\u00a0\u00bb\"}]},{\"@type\":\"WebSite\",\"@id\":\"https:\\\/\\\/seinesaintdenis.fr\\\/actualite\\\/#website\",\"url\":\"https:\\\/\\\/seinesaintdenis.fr\\\/actualite\\\/\",\"name\":\"Seine-Saint-Denis - L'actualit\u00e9 du d\u00e9partement\",\"description\":\"L&#039;actualit\u00e9 du D\u00e9partement de la Seine-Saint-Denis\",\"publisher\":{\"@id\":\"https:\\\/\\\/seinesaintdenis.fr\\\/actualite\\\/#organization\"},\"potentialAction\":[{\"@type\":\"SearchAction\",\"target\":{\"@type\":\"EntryPoint\",\"urlTemplate\":\"https:\\\/\\\/seinesaintdenis.fr\\\/actualite\\\/?s={search_term_string}\"},\"query-input\":{\"@type\":\"PropertyValueSpecification\",\"valueRequired\":true,\"valueName\":\"search_term_string\"}}],\"inLanguage\":\"fr-FR\"},{\"@type\":\"Organization\",\"@id\":\"https:\\\/\\\/seinesaintdenis.fr\\\/actualite\\\/#organization\",\"name\":\"Seine-Saint-Denis - Le D\u00e9partement\",\"url\":\"https:\\\/\\\/seinesaintdenis.fr\\\/actualite\\\/\",\"logo\":{\"@type\":\"ImageObject\",\"inLanguage\":\"fr-FR\",\"@id\":\"https:\\\/\\\/seinesaintdenis.fr\\\/actualite\\\/#\\\/schema\\\/logo\\\/image\\\/\",\"url\":\"https:\\\/\\\/seinesaintdenis.fr\\\/actualite\\\/wp-content\\\/uploads\\\/2024\\\/08\\\/logo.png\",\"contentUrl\":\"https:\\\/\\\/seinesaintdenis.fr\\\/actualite\\\/wp-content\\\/uploads\\\/2024\\\/08\\\/logo.png\",\"width\":567,\"height\":172,\"caption\":\"Seine-Saint-Denis - Le D\u00e9partement\"},\"image\":{\"@id\":\"https:\\\/\\\/seinesaintdenis.fr\\\/actualite\\\/#\\\/schema\\\/logo\\\/image\\\/\"},\"sameAs\":[\"https:\\\/\\\/www.facebook.com\\\/seinesaintdenisledepartement\",\"https:\\\/\\\/x.com\\\/seinesaintdenis\",\"https:\\\/\\\/www.linkedin.com\\\/company\\\/seinesaintdenis\",\"https:\\\/\\\/www.instagram.com\\\/seine_saint_denis\\\/\",\"https:\\\/\\\/www.youtube.com\\\/channel\\\/UCR5YF9NnqiLCbnrKQgLUcIw\"]},{\"@type\":\"Person\",\"@id\":\"https:\\\/\\\/seinesaintdenis.fr\\\/actualite\\\/#\\\/schema\\\/person\\\/094b69b23d1a58ad936dde94f5e54103\",\"name\":\"Berenice Laroche\",\"image\":{\"@type\":\"ImageObject\",\"inLanguage\":\"fr-FR\",\"@id\":\"https:\\\/\\\/secure.gravatar.com\\\/avatar\\\/88924a68119c7c674302ce58c78b7176e0d79b37782e9d304aba71a4d6045f4b?s=96&d=mm&r=g\",\"url\":\"https:\\\/\\\/secure.gravatar.com\\\/avatar\\\/88924a68119c7c674302ce58c78b7176e0d79b37782e9d304aba71a4d6045f4b?s=96&d=mm&r=g\",\"contentUrl\":\"https:\\\/\\\/secure.gravatar.com\\\/avatar\\\/88924a68119c7c674302ce58c78b7176e0d79b37782e9d304aba71a4d6045f4b?s=96&d=mm&r=g\",\"caption\":\"Berenice Laroche\"},\"url\":\"https:\\\/\\\/seinesaintdenis.fr\\\/actualite\\\/author\\\/blarochegilquin\\\/\"}]}<\/script>\n<!-- \/ Yoast SEO plugin. -->","yoast_head_json":{"title":"Issra, \"Nous sommes all\u00e9s au village Olympique\" - Seine-Saint-Denis - L&#039;actualit\u00e9 du d\u00e9partement","description":"Issra, 10 ans, pratique le tennis de table au club Saint-Denis Tennis de Table 93. Ils ont pu visiter le Village Olympique avec le sportif Mehdi Bouloussa. Elle nous raconte aujourd'hui ce qu'elle apprit de l'histoire des Jeux !","robots":{"index":"index","follow":"follow","max-snippet":"max-snippet:-1","max-image-preview":"max-image-preview:large","max-video-preview":"max-video-preview:-1"},"canonical":"https:\/\/seinesaintdenis.fr\/actualite\/Territoire-des-Jeux\/Issra-Nous-sommes-alles-au-village-Olympique\/","og_locale":"fr_FR","og_type":"article","og_title":"Issra, \"Nous sommes all\u00e9s au village Olympique\" - Seine-Saint-Denis - L&#039;actualit\u00e9 du d\u00e9partement","og_description":"Issra, 10 ans, pratique le tennis de table au club Saint-Denis Tennis de Table 93. Ils ont pu visiter le Village Olympique avec le sportif Mehdi Bouloussa. Elle nous raconte aujourd'hui ce qu'elle apprit de l'histoire des Jeux !","og_url":"https:\/\/seinesaintdenis.fr\/actualite\/Territoire-des-Jeux\/Issra-Nous-sommes-alles-au-village-Olympique\/","og_site_name":"Seine-Saint-Denis - L&#039;actualit\u00e9 du d\u00e9partement","article_publisher":"https:\/\/www.facebook.com\/seinesaintdenisledepartement","article_published_time":"2023-07-04T12:56:20+00:00","article_modified_time":"2023-07-12T13:14:47+00:00","og_image":[{"width":1090,"height":560,"url":"https:\/\/seinesaintdenis.fr\/actualite\/wp-content\/uploads\/2023\/07\/jdly-issra.png","type":"image\/png"}],"author":"Berenice Laroche","twitter_card":"summary_large_image","twitter_creator":"@seinesaintdenis","twitter_site":"@seinesaintdenis","twitter_misc":{"\u00c9crit par":"Berenice Laroche"},"schema":{"@context":"https:\/\/schema.org","@graph":[{"@type":"Article","@id":"https:\/\/seinesaintdenis.fr\/actualite\/Territoire-des-Jeux\/Issra-Nous-sommes-alles-au-village-Olympique\/#article","isPartOf":{"@id":"https:\/\/seinesaintdenis.fr\/actualite\/Territoire-des-Jeux\/Issra-Nous-sommes-alles-au-village-Olympique\/"},"author":{"name":"Berenice Laroche","@id":"https:\/\/seinesaintdenis.fr\/actualite\/#\/schema\/person\/094b69b23d1a58ad936dde94f5e54103"},"headline":"Issra, \u00ab\u00a0Nous sommes all\u00e9s au village Olympique\u00a0\u00bb","datePublished":"2023-07-04T12:56:20+00:00","dateModified":"2023-07-12T13:14:47+00:00","mainEntityOfPage":{"@id":"https:\/\/seinesaintdenis.fr\/actualite\/Territoire-des-Jeux\/Issra-Nous-sommes-alles-au-village-Olympique\/"},"wordCount":8,"commentCount":0,"publisher":{"@id":"https:\/\/seinesaintdenis.fr\/actualite\/#organization"},"image":{"@id":"https:\/\/seinesaintdenis.fr\/actualite\/Territoire-des-Jeux\/Issra-Nous-sommes-alles-au-village-Olympique\/#primaryimage"},"thumbnailUrl":"https:\/\/seinesaintdenis.fr\/actualite\/wp-content\/uploads\/2023\/07\/jdly-issra.png","articleSection":["Sport"],"inLanguage":"fr-FR","potentialAction":[{"@type":"CommentAction","name":"Comment","target":["https:\/\/seinesaintdenis.fr\/actualite\/Territoire-des-Jeux\/Issra-Nous-sommes-alles-au-village-Olympique\/#respond"]}]},{"@type":"WebPage","@id":"https:\/\/seinesaintdenis.fr\/actualite\/Territoire-des-Jeux\/Issra-Nous-sommes-alles-au-village-Olympique\/","url":"https:\/\/seinesaintdenis.fr\/actualite\/Territoire-des-Jeux\/Issra-Nous-sommes-alles-au-village-Olympique\/","name":"Issra, \"Nous sommes all\u00e9s au village Olympique\" - Seine-Saint-Denis - L&#039;actualit\u00e9 du d\u00e9partement","isPartOf":{"@id":"https:\/\/seinesaintdenis.fr\/actualite\/#website"},"primaryImageOfPage":{"@id":"https:\/\/seinesaintdenis.fr\/actualite\/Territoire-des-Jeux\/Issra-Nous-sommes-alles-au-village-Olympique\/#primaryimage"},"image":{"@id":"https:\/\/seinesaintdenis.fr\/actualite\/Territoire-des-Jeux\/Issra-Nous-sommes-alles-au-village-Olympique\/#primaryimage"},"thumbnailUrl":"https:\/\/seinesaintdenis.fr\/actualite\/wp-content\/uploads\/2023\/07\/jdly-issra.png","datePublished":"2023-07-04T12:56:20+00:00","dateModified":"2023-07-12T13:14:47+00:00","description":"Issra, 10 ans, pratique le tennis de table au club Saint-Denis Tennis de Table 93. Ils ont pu visiter le Village Olympique avec le sportif Mehdi Bouloussa. Elle nous raconte aujourd'hui ce qu'elle apprit de l'histoire des Jeux !","breadcrumb":{"@id":"https:\/\/seinesaintdenis.fr\/actualite\/Territoire-des-Jeux\/Issra-Nous-sommes-alles-au-village-Olympique\/#breadcrumb"},"inLanguage":"fr-FR","potentialAction":[{"@type":"ReadAction","target":["https:\/\/seinesaintdenis.fr\/actualite\/Territoire-des-Jeux\/Issra-Nous-sommes-alles-au-village-Olympique\/"]}]},{"@type":"ImageObject","inLanguage":"fr-FR","@id":"https:\/\/seinesaintdenis.fr\/actualite\/Territoire-des-Jeux\/Issra-Nous-sommes-alles-au-village-Olympique\/#primaryimage","url":"https:\/\/seinesaintdenis.fr\/actualite\/wp-content\/uploads\/2023\/07\/jdly-issra.png","contentUrl":"https:\/\/seinesaintdenis.fr\/actualite\/wp-content\/uploads\/2023\/07\/jdly-issra.png","width":1090,"height":560},{"@type":"BreadcrumbList","@id":"https:\/\/seinesaintdenis.fr\/actualite\/Territoire-des-Jeux\/Issra-Nous-sommes-alles-au-village-Olympique\/#breadcrumb","itemListElement":[{"@type":"ListItem","position":1,"name":"Accueil","item":"https:\/\/seinesaintdenis.fr\/actualite\/"},{"@type":"ListItem","position":2,"name":"Issra, \u00ab\u00a0Nous sommes all\u00e9s au village Olympique\u00a0\u00bb"}]},{"@type":"WebSite","@id":"https:\/\/seinesaintdenis.fr\/actualite\/#website","url":"https:\/\/seinesaintdenis.fr\/actualite\/","name":"Seine-Saint-Denis - L'actualit\u00e9 du d\u00e9partement","description":"L&#039;actualit\u00e9 du D\u00e9partement de la Seine-Saint-Denis","publisher":{"@id":"https:\/\/seinesaintdenis.fr\/actualite\/#organization"},"potentialAction":[{"@type":"SearchAction","target":{"@type":"EntryPoint","urlTemplate":"https:\/\/seinesaintdenis.fr\/actualite\/?s={search_term_string}"},"query-input":{"@type":"PropertyValueSpecification","valueRequired":true,"valueName":"search_term_string"}}],"inLanguage":"fr-FR"},{"@type":"Organization","@id":"https:\/\/seinesaintdenis.fr\/actualite\/#organization","name":"Seine-Saint-Denis - Le D\u00e9partement","url":"https:\/\/seinesaintdenis.fr\/actualite\/","logo":{"@type":"ImageObject","inLanguage":"fr-FR","@id":"https:\/\/seinesaintdenis.fr\/actualite\/#\/schema\/logo\/image\/","url":"https:\/\/seinesaintdenis.fr\/actualite\/wp-content\/uploads\/2024\/08\/logo.png","contentUrl":"https:\/\/seinesaintdenis.fr\/actualite\/wp-content\/uploads\/2024\/08\/logo.png","width":567,"height":172,"caption":"Seine-Saint-Denis - Le D\u00e9partement"},"image":{"@id":"https:\/\/seinesaintdenis.fr\/actualite\/#\/schema\/logo\/image\/"},"sameAs":["https:\/\/www.facebook.com\/seinesaintdenisledepartement","https:\/\/x.com\/seinesaintdenis","https:\/\/www.linkedin.com\/company\/seinesaintdenis","https:\/\/www.instagram.com\/seine_saint_denis\/","https:\/\/www.youtube.com\/channel\/UCR5YF9NnqiLCbnrKQgLUcIw"]},{"@type":"Person","@id":"https:\/\/seinesaintdenis.fr\/actualite\/#\/schema\/person\/094b69b23d1a58ad936dde94f5e54103","name":"Berenice Laroche","image":{"@type":"ImageObject","inLanguage":"fr-FR","@id":"https:\/\/secure.gravatar.com\/avatar\/88924a68119c7c674302ce58c78b7176e0d79b37782e9d304aba71a4d6045f4b?s=96&d=mm&r=g","url":"https:\/\/secure.gravatar.com\/avatar\/88924a68119c7c674302ce58c78b7176e0d79b37782e9d304aba71a4d6045f4b?s=96&d=mm&r=g","contentUrl":"https:\/\/secure.gravatar.com\/avatar\/88924a68119c7c674302ce58c78b7176e0d79b37782e9d304aba71a4d6045f4b?s=96&d=mm&r=g","caption":"Berenice Laroche"},"url":"https:\/\/seinesaintdenis.fr\/actualite\/author\/blarochegilquin\/"}]}},"_links":{"self":[{"href":"https:\/\/seinesaintdenis.fr\/actualite\/wp-json\/wp\/v2\/posts\/5313","targetHints":{"allow":["GET"]}}],"collection":[{"href":"https:\/\/seinesaintdenis.fr\/actualite\/wp-json\/wp\/v2\/posts"}],"about":[{"href":"https:\/\/seinesaintdenis.fr\/actualite\/wp-json\/wp\/v2\/types\/post"}],"author":[{"embeddable":true,"href":"https:\/\/seinesaintdenis.fr\/actualite\/wp-json\/wp\/v2\/users\/16"}],"replies":[{"embeddable":true,"href":"https:\/\/seinesaintdenis.fr\/actualite\/wp-json\/wp\/v2\/comments?post=5313"}],"version-history":[{"count":1,"href":"https:\/\/seinesaintdenis.fr\/actualite\/wp-json\/wp\/v2\/posts\/5313\/revisions"}],"predecessor-version":[{"id":5315,"href":"https:\/\/seinesaintdenis.fr\/actualite\/wp-json\/wp\/v2\/posts\/5313\/revisions\/5315"}],"wp:featuredmedia":[{"embeddable":true,"href":"https:\/\/seinesaintdenis.fr\/actualite\/wp-json\/wp\/v2\/media\/5314"}],"wp:attachment":[{"href":"https:\/\/seinesaintdenis.fr\/actualite\/wp-json\/wp\/v2\/media?parent=5313"}],"wp:term":[{"taxonomy":"category","embeddable":true,"href":"https:\/\/seinesaintdenis.fr\/actualite\/wp-json\/wp\/v2\/categories?post=5313"},{"taxonomy":"ville","embeddable":true,"href":"https:\/\/seinesaintdenis.fr\/actualite\/wp-json\/wp\/v2\/ville?post=5313"}],"curies":[{"name":"wp","href":"https:\/\/api.w.org\/{rel}","templated":true}]}}