{"id":5225,"date":"2023-07-04T10:53:03","date_gmt":"2023-07-04T08:53:03","guid":{"rendered":"https:\/\/seinesaintdenis.fr\/actualite\/?p=5225"},"modified":"2023-07-04T11:28:29","modified_gmt":"2023-07-04T09:28:29","slug":"Toujours-plus-davantages-pour-les-plus-de-60-ans","status":"publish","type":"post","link":"https:\/\/seinesaintdenis.fr\/actualite\/solidarites-sante\/Toujours-plus-davantages-pour-les-plus-de-60-ans\/","title":{"rendered":"Toujours plus d&rsquo;avantages pour les plus de 60 ans"},"content":{"rendered":"","protected":false},"excerpt":{"rendered":"","protected":false},"author":11,"featured_media":5269,"comment_status":"open","ping_status":"open","sticky":false,"template":"","format":"standard","meta":{"_acf_changed":false,"footnotes":""},"categories":[11],"ville":[],"class_list":["post-5225","post","type-post","status-publish","format-standard","has-post-thumbnail","hentry","category-solidarites-sante"],"acf":[],"yoast_head":"<!-- This site is optimized with the Yoast SEO plugin v27.5 - https:\/\/yoast.com\/product\/yoast-seo-wordpress\/ -->\n<title>Toujours plus d&#039;avantages pour les plus de 60 ans - Seine-Saint-Denis - L&#039;actualit\u00e9 du d\u00e9partement<\/title>\n<meta name=\"description\" content=\"Mise en place en 2019, la carte Ikaria s\u2019adresse aux plus de 60 ans r\u00e9sidant en Seine-Saint-Denis et leur propose des activit\u00e9s culturelles ou sportives \u00e0 des tarifs pr\u00e9f\u00e9rentiels. 22 000 personnes s\u2019y sont d\u00e9j\u00e0 inscrites et le D\u00e9partement a l\u2019intention d\u2019augmenter encore ce chiffre. \u00ab Financi\u00e8rement c\u2019est int\u00e9ressant et un excellent moyen de rencontrer des gens qu\u2019on n\u2019aurait pas rencontr\u00e9s autrement \u00bb, t\u00e9moignait vendredi une des b\u00e9n\u00e9ficiaires \u00e0 l\u2019\u00e9v\u00e9nement de lancement de la 5e \u00e9dition du guide Ikaria.\" \/>\n<meta name=\"robots\" content=\"index, follow, max-snippet:-1, max-image-preview:large, max-video-preview:-1\" \/>\n<link rel=\"canonical\" href=\"https:\/\/seinesaintdenis.fr\/actualite\/solidarites-sante\/Toujours-plus-davantages-pour-les-plus-de-60-ans\/\" \/>\n<meta property=\"og:locale\" content=\"fr_FR\" \/>\n<meta property=\"og:type\" content=\"article\" \/>\n<meta property=\"og:title\" content=\"Toujours plus d&#039;avantages pour les plus de 60 ans - Seine-Saint-Denis - L&#039;actualit\u00e9 du d\u00e9partement\" \/>\n<meta property=\"og:description\" content=\"Mise en place en 2019, la carte Ikaria s\u2019adresse aux plus de 60 ans r\u00e9sidant en Seine-Saint-Denis et leur propose des activit\u00e9s culturelles ou sportives \u00e0 des tarifs pr\u00e9f\u00e9rentiels. 22 000 personnes s\u2019y sont d\u00e9j\u00e0 inscrites et le D\u00e9partement a l\u2019intention d\u2019augmenter encore ce chiffre. \u00ab Financi\u00e8rement c\u2019est int\u00e9ressant et un excellent moyen de rencontrer des gens qu\u2019on n\u2019aurait pas rencontr\u00e9s autrement \u00bb, t\u00e9moignait vendredi une des b\u00e9n\u00e9ficiaires \u00e0 l\u2019\u00e9v\u00e9nement de lancement de la 5e \u00e9dition du guide Ikaria.\" \/>\n<meta property=\"og:url\" content=\"https:\/\/seinesaintdenis.fr\/actualite\/solidarites-sante\/Toujours-plus-davantages-pour-les-plus-de-60-ans\/\" \/>\n<meta property=\"og:site_name\" content=\"Seine-Saint-Denis - L&#039;actualit\u00e9 du d\u00e9partement\" \/>\n<meta property=\"article:publisher\" content=\"https:\/\/www.facebook.com\/seinesaintdenisledepartement\" \/>\n<meta property=\"article:published_time\" content=\"2023-07-04T08:53:03+00:00\" \/>\n<meta property=\"article:modified_time\" content=\"2023-07-04T09:28:29+00:00\" \/>\n<meta property=\"og:image\" content=\"https:\/\/seinesaintdenis.fr\/actualite\/wp-content\/uploads\/2023\/07\/ikaria-5e-saison.jpg\" \/>\n\t<meta property=\"og:image:width\" content=\"1090\" \/>\n\t<meta property=\"og:image:height\" content=\"560\" \/>\n\t<meta property=\"og:image:type\" content=\"image\/jpeg\" \/>\n<meta name=\"author\" content=\"Christophe Lehousse\" \/>\n<meta name=\"twitter:card\" content=\"summary_large_image\" \/>\n<meta name=\"twitter:creator\" content=\"@seinesaintdenis\" \/>\n<meta name=\"twitter:site\" content=\"@seinesaintdenis\" \/>\n<meta name=\"twitter:label1\" content=\"\u00c9crit par\" \/>\n\t<meta name=\"twitter:data1\" content=\"Christophe Lehousse\" \/>\n<script type=\"application\/ld+json\" class=\"yoast-schema-graph\">{\"@context\":\"https:\\\/\\\/schema.org\",\"@graph\":[{\"@type\":\"Article\",\"@id\":\"https:\\\/\\\/seinesaintdenis.fr\\\/actualite\\\/solidarites-sante\\\/Toujours-plus-davantages-pour-les-plus-de-60-ans\\\/#article\",\"isPartOf\":{\"@id\":\"https:\\\/\\\/seinesaintdenis.fr\\\/actualite\\\/solidarites-sante\\\/Toujours-plus-davantages-pour-les-plus-de-60-ans\\\/\"},\"author\":{\"name\":\"Christophe Lehousse\",\"@id\":\"https:\\\/\\\/seinesaintdenis.fr\\\/actualite\\\/#\\\/schema\\\/person\\\/b61e6c67c4017ad602f792f6b0316027\"},\"headline\":\"Toujours plus d&rsquo;avantages pour les plus de 60 ans\",\"datePublished\":\"2023-07-04T08:53:03+00:00\",\"dateModified\":\"2023-07-04T09:28:29+00:00\",\"mainEntityOfPage\":{\"@id\":\"https:\\\/\\\/seinesaintdenis.fr\\\/actualite\\\/solidarites-sante\\\/Toujours-plus-davantages-pour-les-plus-de-60-ans\\\/\"},\"wordCount\":9,\"commentCount\":4,\"publisher\":{\"@id\":\"https:\\\/\\\/seinesaintdenis.fr\\\/actualite\\\/#organization\"},\"image\":{\"@id\":\"https:\\\/\\\/seinesaintdenis.fr\\\/actualite\\\/solidarites-sante\\\/Toujours-plus-davantages-pour-les-plus-de-60-ans\\\/#primaryimage\"},\"thumbnailUrl\":\"https:\\\/\\\/seinesaintdenis.fr\\\/actualite\\\/wp-content\\\/uploads\\\/2023\\\/07\\\/ikaria-5e-saison.jpg\",\"articleSection\":[\"Solidarit\u00e9s &amp; Sant\u00e9\"],\"inLanguage\":\"fr-FR\",\"potentialAction\":[{\"@type\":\"CommentAction\",\"name\":\"Comment\",\"target\":[\"https:\\\/\\\/seinesaintdenis.fr\\\/actualite\\\/solidarites-sante\\\/Toujours-plus-davantages-pour-les-plus-de-60-ans\\\/#respond\"]}]},{\"@type\":\"WebPage\",\"@id\":\"https:\\\/\\\/seinesaintdenis.fr\\\/actualite\\\/solidarites-sante\\\/Toujours-plus-davantages-pour-les-plus-de-60-ans\\\/\",\"url\":\"https:\\\/\\\/seinesaintdenis.fr\\\/actualite\\\/solidarites-sante\\\/Toujours-plus-davantages-pour-les-plus-de-60-ans\\\/\",\"name\":\"Toujours plus d'avantages pour les plus de 60 ans - Seine-Saint-Denis - L&#039;actualit\u00e9 du d\u00e9partement\",\"isPartOf\":{\"@id\":\"https:\\\/\\\/seinesaintdenis.fr\\\/actualite\\\/#website\"},\"primaryImageOfPage\":{\"@id\":\"https:\\\/\\\/seinesaintdenis.fr\\\/actualite\\\/solidarites-sante\\\/Toujours-plus-davantages-pour-les-plus-de-60-ans\\\/#primaryimage\"},\"image\":{\"@id\":\"https:\\\/\\\/seinesaintdenis.fr\\\/actualite\\\/solidarites-sante\\\/Toujours-plus-davantages-pour-les-plus-de-60-ans\\\/#primaryimage\"},\"thumbnailUrl\":\"https:\\\/\\\/seinesaintdenis.fr\\\/actualite\\\/wp-content\\\/uploads\\\/2023\\\/07\\\/ikaria-5e-saison.jpg\",\"datePublished\":\"2023-07-04T08:53:03+00:00\",\"dateModified\":\"2023-07-04T09:28:29+00:00\",\"description\":\"Mise en place en 2019, la carte Ikaria s\u2019adresse aux plus de 60 ans r\u00e9sidant en Seine-Saint-Denis et leur propose des activit\u00e9s culturelles ou sportives \u00e0 des tarifs pr\u00e9f\u00e9rentiels. 22 000 personnes s\u2019y sont d\u00e9j\u00e0 inscrites et le D\u00e9partement a l\u2019intention d\u2019augmenter encore ce chiffre. \u00ab Financi\u00e8rement c\u2019est int\u00e9ressant et un excellent moyen de rencontrer des gens qu\u2019on n\u2019aurait pas rencontr\u00e9s autrement \u00bb, t\u00e9moignait vendredi une des b\u00e9n\u00e9ficiaires \u00e0 l\u2019\u00e9v\u00e9nement de lancement de la 5e \u00e9dition du guide Ikaria.\",\"breadcrumb\":{\"@id\":\"https:\\\/\\\/seinesaintdenis.fr\\\/actualite\\\/solidarites-sante\\\/Toujours-plus-davantages-pour-les-plus-de-60-ans\\\/#breadcrumb\"},\"inLanguage\":\"fr-FR\",\"potentialAction\":[{\"@type\":\"ReadAction\",\"target\":[\"https:\\\/\\\/seinesaintdenis.fr\\\/actualite\\\/solidarites-sante\\\/Toujours-plus-davantages-pour-les-plus-de-60-ans\\\/\"]}]},{\"@type\":\"ImageObject\",\"inLanguage\":\"fr-FR\",\"@id\":\"https:\\\/\\\/seinesaintdenis.fr\\\/actualite\\\/solidarites-sante\\\/Toujours-plus-davantages-pour-les-plus-de-60-ans\\\/#primaryimage\",\"url\":\"https:\\\/\\\/seinesaintdenis.fr\\\/actualite\\\/wp-content\\\/uploads\\\/2023\\\/07\\\/ikaria-5e-saison.jpg\",\"contentUrl\":\"https:\\\/\\\/seinesaintdenis.fr\\\/actualite\\\/wp-content\\\/uploads\\\/2023\\\/07\\\/ikaria-5e-saison.jpg\",\"width\":1090,\"height\":560},{\"@type\":\"BreadcrumbList\",\"@id\":\"https:\\\/\\\/seinesaintdenis.fr\\\/actualite\\\/solidarites-sante\\\/Toujours-plus-davantages-pour-les-plus-de-60-ans\\\/#breadcrumb\",\"itemListElement\":[{\"@type\":\"ListItem\",\"position\":1,\"name\":\"Accueil\",\"item\":\"https:\\\/\\\/seinesaintdenis.fr\\\/actualite\\\/\"},{\"@type\":\"ListItem\",\"position\":2,\"name\":\"Solidarit\u00e9s &amp; Sant\u00e9\",\"item\":\"https:\\\/\\\/seinesaintdenis.fr\\\/actualite\\\/solidarites-sante\\\/\"},{\"@type\":\"ListItem\",\"position\":3,\"name\":\"Toujours plus d&rsquo;avantages pour les plus de 60 ans\"}]},{\"@type\":\"WebSite\",\"@id\":\"https:\\\/\\\/seinesaintdenis.fr\\\/actualite\\\/#website\",\"url\":\"https:\\\/\\\/seinesaintdenis.fr\\\/actualite\\\/\",\"name\":\"Seine-Saint-Denis - L'actualit\u00e9 du d\u00e9partement\",\"description\":\"L&#039;actualit\u00e9 du D\u00e9partement de la Seine-Saint-Denis\",\"publisher\":{\"@id\":\"https:\\\/\\\/seinesaintdenis.fr\\\/actualite\\\/#organization\"},\"potentialAction\":[{\"@type\":\"SearchAction\",\"target\":{\"@type\":\"EntryPoint\",\"urlTemplate\":\"https:\\\/\\\/seinesaintdenis.fr\\\/actualite\\\/?s={search_term_string}\"},\"query-input\":{\"@type\":\"PropertyValueSpecification\",\"valueRequired\":true,\"valueName\":\"search_term_string\"}}],\"inLanguage\":\"fr-FR\"},{\"@type\":\"Organization\",\"@id\":\"https:\\\/\\\/seinesaintdenis.fr\\\/actualite\\\/#organization\",\"name\":\"Seine-Saint-Denis - Le D\u00e9partement\",\"url\":\"https:\\\/\\\/seinesaintdenis.fr\\\/actualite\\\/\",\"logo\":{\"@type\":\"ImageObject\",\"inLanguage\":\"fr-FR\",\"@id\":\"https:\\\/\\\/seinesaintdenis.fr\\\/actualite\\\/#\\\/schema\\\/logo\\\/image\\\/\",\"url\":\"https:\\\/\\\/seinesaintdenis.fr\\\/actualite\\\/wp-content\\\/uploads\\\/2024\\\/08\\\/logo.png\",\"contentUrl\":\"https:\\\/\\\/seinesaintdenis.fr\\\/actualite\\\/wp-content\\\/uploads\\\/2024\\\/08\\\/logo.png\",\"width\":567,\"height\":172,\"caption\":\"Seine-Saint-Denis - Le D\u00e9partement\"},\"image\":{\"@id\":\"https:\\\/\\\/seinesaintdenis.fr\\\/actualite\\\/#\\\/schema\\\/logo\\\/image\\\/\"},\"sameAs\":[\"https:\\\/\\\/www.facebook.com\\\/seinesaintdenisledepartement\",\"https:\\\/\\\/x.com\\\/seinesaintdenis\",\"https:\\\/\\\/www.linkedin.com\\\/company\\\/seinesaintdenis\",\"https:\\\/\\\/www.instagram.com\\\/seine_saint_denis\\\/\",\"https:\\\/\\\/www.youtube.com\\\/channel\\\/UCR5YF9NnqiLCbnrKQgLUcIw\"]},{\"@type\":\"Person\",\"@id\":\"https:\\\/\\\/seinesaintdenis.fr\\\/actualite\\\/#\\\/schema\\\/person\\\/b61e6c67c4017ad602f792f6b0316027\",\"name\":\"Christophe Lehousse\",\"image\":{\"@type\":\"ImageObject\",\"inLanguage\":\"fr-FR\",\"@id\":\"https:\\\/\\\/secure.gravatar.com\\\/avatar\\\/474edaa980596bb8db66ecdbeb112f6442d5101a28bcd14acfd38a987868abd8?s=96&d=mm&r=g\",\"url\":\"https:\\\/\\\/secure.gravatar.com\\\/avatar\\\/474edaa980596bb8db66ecdbeb112f6442d5101a28bcd14acfd38a987868abd8?s=96&d=mm&r=g\",\"contentUrl\":\"https:\\\/\\\/secure.gravatar.com\\\/avatar\\\/474edaa980596bb8db66ecdbeb112f6442d5101a28bcd14acfd38a987868abd8?s=96&d=mm&r=g\",\"caption\":\"Christophe Lehousse\"},\"url\":\"https:\\\/\\\/seinesaintdenis.fr\\\/actualite\\\/author\\\/clehousse\\\/\"}]}<\/script>\n<!-- \/ Yoast SEO plugin. -->","yoast_head_json":{"title":"Toujours plus d'avantages pour les plus de 60 ans - Seine-Saint-Denis - L&#039;actualit\u00e9 du d\u00e9partement","description":"Mise en place en 2019, la carte Ikaria s\u2019adresse aux plus de 60 ans r\u00e9sidant en Seine-Saint-Denis et leur propose des activit\u00e9s culturelles ou sportives \u00e0 des tarifs pr\u00e9f\u00e9rentiels. 22 000 personnes s\u2019y sont d\u00e9j\u00e0 inscrites et le D\u00e9partement a l\u2019intention d\u2019augmenter encore ce chiffre. \u00ab Financi\u00e8rement c\u2019est int\u00e9ressant et un excellent moyen de rencontrer des gens qu\u2019on n\u2019aurait pas rencontr\u00e9s autrement \u00bb, t\u00e9moignait vendredi une des b\u00e9n\u00e9ficiaires \u00e0 l\u2019\u00e9v\u00e9nement de lancement de la 5e \u00e9dition du guide Ikaria.","robots":{"index":"index","follow":"follow","max-snippet":"max-snippet:-1","max-image-preview":"max-image-preview:large","max-video-preview":"max-video-preview:-1"},"canonical":"https:\/\/seinesaintdenis.fr\/actualite\/solidarites-sante\/Toujours-plus-davantages-pour-les-plus-de-60-ans\/","og_locale":"fr_FR","og_type":"article","og_title":"Toujours plus d'avantages pour les plus de 60 ans - Seine-Saint-Denis - L&#039;actualit\u00e9 du d\u00e9partement","og_description":"Mise en place en 2019, la carte Ikaria s\u2019adresse aux plus de 60 ans r\u00e9sidant en Seine-Saint-Denis et leur propose des activit\u00e9s culturelles ou sportives \u00e0 des tarifs pr\u00e9f\u00e9rentiels. 22 000 personnes s\u2019y sont d\u00e9j\u00e0 inscrites et le D\u00e9partement a l\u2019intention d\u2019augmenter encore ce chiffre. \u00ab Financi\u00e8rement c\u2019est int\u00e9ressant et un excellent moyen de rencontrer des gens qu\u2019on n\u2019aurait pas rencontr\u00e9s autrement \u00bb, t\u00e9moignait vendredi une des b\u00e9n\u00e9ficiaires \u00e0 l\u2019\u00e9v\u00e9nement de lancement de la 5e \u00e9dition du guide Ikaria.","og_url":"https:\/\/seinesaintdenis.fr\/actualite\/solidarites-sante\/Toujours-plus-davantages-pour-les-plus-de-60-ans\/","og_site_name":"Seine-Saint-Denis - L&#039;actualit\u00e9 du d\u00e9partement","article_publisher":"https:\/\/www.facebook.com\/seinesaintdenisledepartement","article_published_time":"2023-07-04T08:53:03+00:00","article_modified_time":"2023-07-04T09:28:29+00:00","og_image":[{"width":1090,"height":560,"url":"https:\/\/seinesaintdenis.fr\/actualite\/wp-content\/uploads\/2023\/07\/ikaria-5e-saison.jpg","type":"image\/jpeg"}],"author":"Christophe Lehousse","twitter_card":"summary_large_image","twitter_creator":"@seinesaintdenis","twitter_site":"@seinesaintdenis","twitter_misc":{"\u00c9crit par":"Christophe Lehousse"},"schema":{"@context":"https:\/\/schema.org","@graph":[{"@type":"Article","@id":"https:\/\/seinesaintdenis.fr\/actualite\/solidarites-sante\/Toujours-plus-davantages-pour-les-plus-de-60-ans\/#article","isPartOf":{"@id":"https:\/\/seinesaintdenis.fr\/actualite\/solidarites-sante\/Toujours-plus-davantages-pour-les-plus-de-60-ans\/"},"author":{"name":"Christophe Lehousse","@id":"https:\/\/seinesaintdenis.fr\/actualite\/#\/schema\/person\/b61e6c67c4017ad602f792f6b0316027"},"headline":"Toujours plus d&rsquo;avantages pour les plus de 60 ans","datePublished":"2023-07-04T08:53:03+00:00","dateModified":"2023-07-04T09:28:29+00:00","mainEntityOfPage":{"@id":"https:\/\/seinesaintdenis.fr\/actualite\/solidarites-sante\/Toujours-plus-davantages-pour-les-plus-de-60-ans\/"},"wordCount":9,"commentCount":4,"publisher":{"@id":"https:\/\/seinesaintdenis.fr\/actualite\/#organization"},"image":{"@id":"https:\/\/seinesaintdenis.fr\/actualite\/solidarites-sante\/Toujours-plus-davantages-pour-les-plus-de-60-ans\/#primaryimage"},"thumbnailUrl":"https:\/\/seinesaintdenis.fr\/actualite\/wp-content\/uploads\/2023\/07\/ikaria-5e-saison.jpg","articleSection":["Solidarit\u00e9s &amp; Sant\u00e9"],"inLanguage":"fr-FR","potentialAction":[{"@type":"CommentAction","name":"Comment","target":["https:\/\/seinesaintdenis.fr\/actualite\/solidarites-sante\/Toujours-plus-davantages-pour-les-plus-de-60-ans\/#respond"]}]},{"@type":"WebPage","@id":"https:\/\/seinesaintdenis.fr\/actualite\/solidarites-sante\/Toujours-plus-davantages-pour-les-plus-de-60-ans\/","url":"https:\/\/seinesaintdenis.fr\/actualite\/solidarites-sante\/Toujours-plus-davantages-pour-les-plus-de-60-ans\/","name":"Toujours plus d'avantages pour les plus de 60 ans - Seine-Saint-Denis - L&#039;actualit\u00e9 du d\u00e9partement","isPartOf":{"@id":"https:\/\/seinesaintdenis.fr\/actualite\/#website"},"primaryImageOfPage":{"@id":"https:\/\/seinesaintdenis.fr\/actualite\/solidarites-sante\/Toujours-plus-davantages-pour-les-plus-de-60-ans\/#primaryimage"},"image":{"@id":"https:\/\/seinesaintdenis.fr\/actualite\/solidarites-sante\/Toujours-plus-davantages-pour-les-plus-de-60-ans\/#primaryimage"},"thumbnailUrl":"https:\/\/seinesaintdenis.fr\/actualite\/wp-content\/uploads\/2023\/07\/ikaria-5e-saison.jpg","datePublished":"2023-07-04T08:53:03+00:00","dateModified":"2023-07-04T09:28:29+00:00","description":"Mise en place en 2019, la carte Ikaria s\u2019adresse aux plus de 60 ans r\u00e9sidant en Seine-Saint-Denis et leur propose des activit\u00e9s culturelles ou sportives \u00e0 des tarifs pr\u00e9f\u00e9rentiels. 22 000 personnes s\u2019y sont d\u00e9j\u00e0 inscrites et le D\u00e9partement a l\u2019intention d\u2019augmenter encore ce chiffre. \u00ab Financi\u00e8rement c\u2019est int\u00e9ressant et un excellent moyen de rencontrer des gens qu\u2019on n\u2019aurait pas rencontr\u00e9s autrement \u00bb, t\u00e9moignait vendredi une des b\u00e9n\u00e9ficiaires \u00e0 l\u2019\u00e9v\u00e9nement de lancement de la 5e \u00e9dition du guide Ikaria.","breadcrumb":{"@id":"https:\/\/seinesaintdenis.fr\/actualite\/solidarites-sante\/Toujours-plus-davantages-pour-les-plus-de-60-ans\/#breadcrumb"},"inLanguage":"fr-FR","potentialAction":[{"@type":"ReadAction","target":["https:\/\/seinesaintdenis.fr\/actualite\/solidarites-sante\/Toujours-plus-davantages-pour-les-plus-de-60-ans\/"]}]},{"@type":"ImageObject","inLanguage":"fr-FR","@id":"https:\/\/seinesaintdenis.fr\/actualite\/solidarites-sante\/Toujours-plus-davantages-pour-les-plus-de-60-ans\/#primaryimage","url":"https:\/\/seinesaintdenis.fr\/actualite\/wp-content\/uploads\/2023\/07\/ikaria-5e-saison.jpg","contentUrl":"https:\/\/seinesaintdenis.fr\/actualite\/wp-content\/uploads\/2023\/07\/ikaria-5e-saison.jpg","width":1090,"height":560},{"@type":"BreadcrumbList","@id":"https:\/\/seinesaintdenis.fr\/actualite\/solidarites-sante\/Toujours-plus-davantages-pour-les-plus-de-60-ans\/#breadcrumb","itemListElement":[{"@type":"ListItem","position":1,"name":"Accueil","item":"https:\/\/seinesaintdenis.fr\/actualite\/"},{"@type":"ListItem","position":2,"name":"Solidarit\u00e9s &amp; Sant\u00e9","item":"https:\/\/seinesaintdenis.fr\/actualite\/solidarites-sante\/"},{"@type":"ListItem","position":3,"name":"Toujours plus d&rsquo;avantages pour les plus de 60 ans"}]},{"@type":"WebSite","@id":"https:\/\/seinesaintdenis.fr\/actualite\/#website","url":"https:\/\/seinesaintdenis.fr\/actualite\/","name":"Seine-Saint-Denis - L'actualit\u00e9 du d\u00e9partement","description":"L&#039;actualit\u00e9 du D\u00e9partement de la Seine-Saint-Denis","publisher":{"@id":"https:\/\/seinesaintdenis.fr\/actualite\/#organization"},"potentialAction":[{"@type":"SearchAction","target":{"@type":"EntryPoint","urlTemplate":"https:\/\/seinesaintdenis.fr\/actualite\/?s={search_term_string}"},"query-input":{"@type":"PropertyValueSpecification","valueRequired":true,"valueName":"search_term_string"}}],"inLanguage":"fr-FR"},{"@type":"Organization","@id":"https:\/\/seinesaintdenis.fr\/actualite\/#organization","name":"Seine-Saint-Denis - Le D\u00e9partement","url":"https:\/\/seinesaintdenis.fr\/actualite\/","logo":{"@type":"ImageObject","inLanguage":"fr-FR","@id":"https:\/\/seinesaintdenis.fr\/actualite\/#\/schema\/logo\/image\/","url":"https:\/\/seinesaintdenis.fr\/actualite\/wp-content\/uploads\/2024\/08\/logo.png","contentUrl":"https:\/\/seinesaintdenis.fr\/actualite\/wp-content\/uploads\/2024\/08\/logo.png","width":567,"height":172,"caption":"Seine-Saint-Denis - Le D\u00e9partement"},"image":{"@id":"https:\/\/seinesaintdenis.fr\/actualite\/#\/schema\/logo\/image\/"},"sameAs":["https:\/\/www.facebook.com\/seinesaintdenisledepartement","https:\/\/x.com\/seinesaintdenis","https:\/\/www.linkedin.com\/company\/seinesaintdenis","https:\/\/www.instagram.com\/seine_saint_denis\/","https:\/\/www.youtube.com\/channel\/UCR5YF9NnqiLCbnrKQgLUcIw"]},{"@type":"Person","@id":"https:\/\/seinesaintdenis.fr\/actualite\/#\/schema\/person\/b61e6c67c4017ad602f792f6b0316027","name":"Christophe Lehousse","image":{"@type":"ImageObject","inLanguage":"fr-FR","@id":"https:\/\/secure.gravatar.com\/avatar\/474edaa980596bb8db66ecdbeb112f6442d5101a28bcd14acfd38a987868abd8?s=96&d=mm&r=g","url":"https:\/\/secure.gravatar.com\/avatar\/474edaa980596bb8db66ecdbeb112f6442d5101a28bcd14acfd38a987868abd8?s=96&d=mm&r=g","contentUrl":"https:\/\/secure.gravatar.com\/avatar\/474edaa980596bb8db66ecdbeb112f6442d5101a28bcd14acfd38a987868abd8?s=96&d=mm&r=g","caption":"Christophe Lehousse"},"url":"https:\/\/seinesaintdenis.fr\/actualite\/author\/clehousse\/"}]}},"_links":{"self":[{"href":"https:\/\/seinesaintdenis.fr\/actualite\/wp-json\/wp\/v2\/posts\/5225","targetHints":{"allow":["GET"]}}],"collection":[{"href":"https:\/\/seinesaintdenis.fr\/actualite\/wp-json\/wp\/v2\/posts"}],"about":[{"href":"https:\/\/seinesaintdenis.fr\/actualite\/wp-json\/wp\/v2\/types\/post"}],"author":[{"embeddable":true,"href":"https:\/\/seinesaintdenis.fr\/actualite\/wp-json\/wp\/v2\/users\/11"}],"replies":[{"embeddable":true,"href":"https:\/\/seinesaintdenis.fr\/actualite\/wp-json\/wp\/v2\/comments?post=5225"}],"version-history":[{"count":10,"href":"https:\/\/seinesaintdenis.fr\/actualite\/wp-json\/wp\/v2\/posts\/5225\/revisions"}],"predecessor-version":[{"id":5717,"href":"https:\/\/seinesaintdenis.fr\/actualite\/wp-json\/wp\/v2\/posts\/5225\/revisions\/5717"}],"wp:featuredmedia":[{"embeddable":true,"href":"https:\/\/seinesaintdenis.fr\/actualite\/wp-json\/wp\/v2\/media\/5269"}],"wp:attachment":[{"href":"https:\/\/seinesaintdenis.fr\/actualite\/wp-json\/wp\/v2\/media?parent=5225"}],"wp:term":[{"taxonomy":"category","embeddable":true,"href":"https:\/\/seinesaintdenis.fr\/actualite\/wp-json\/wp\/v2\/categories?post=5225"},{"taxonomy":"ville","embeddable":true,"href":"https:\/\/seinesaintdenis.fr\/actualite\/wp-json\/wp\/v2\/ville?post=5225"}],"curies":[{"name":"wp","href":"https:\/\/api.w.org\/{rel}","templated":true}]}}