{"id":5106,"date":"2023-06-30T14:45:27","date_gmt":"2023-06-30T12:45:27","guid":{"rendered":"https:\/\/seinesaintdenis.fr\/actualite\/?p=5106"},"modified":"2023-07-03T03:33:41","modified_gmt":"2023-07-03T01:33:41","slug":"Odyssee-Jeunes-des-voyages-qui-durent-pour-toujours%e2%80%a6","status":"publish","type":"post","link":"https:\/\/seinesaintdenis.fr\/actualite\/jeunesse-education\/Colleges\/Odyssee-Jeunes-des-voyages-qui-durent-pour-toujours%e2%80%a6\/","title":{"rendered":"Odyss\u00e9e Jeunes, des voyages qui durent pour toujours\u2026"},"content":{"rendered":"","protected":false},"excerpt":{"rendered":"","protected":false},"author":25,"featured_media":5113,"comment_status":"open","ping_status":"open","sticky":false,"template":"","format":"standard","meta":{"_acf_changed":false,"footnotes":""},"categories":[100,6],"ville":[],"class_list":["post-5106","post","type-post","status-publish","format-standard","has-post-thumbnail","hentry","category-Colleges","category-jeunesse-education"],"acf":[],"yoast_head":"<!-- This site is optimized with the Yoast SEO plugin v27.5 - https:\/\/yoast.com\/product\/yoast-seo-wordpress\/ -->\n<title>Odyss\u00e9e Jeunes, des voyages qui durent pour toujours\u2026 - Seine-Saint-Denis - L&#039;actualit\u00e9 du d\u00e9partement<\/title>\n<meta name=\"description\" content=\"Escale finale \u00e0 Saint-Denis, mercredi 28 juin, pour l\u2019\u00e9dition 2023 d\u2019Odyss\u00e9e Jeunes. Un programme de voyages p\u00e9dagogiques qui ouvre les horizons des coll\u00e9gien\u00b7ne\u00b7s de Seine-Saint-Denis. Lors d\u2019un mini-salon du tourisme, profs et \u00e9l\u00e8ves ont d\u00e9livr\u00e9 une carte postale vivante de quelques-uns des 79 voyages r\u00e9alis\u00e9s avec le soutien de la\u00a0Fondation\u00a0BNP Paribas et de l\u2019\u00c9ducation Nationale. Des aventures qui laisseront des traces durables dans les m\u00e9moires des \u00e9l\u00e8ves, encore plus lors de cette \u00e9dition men\u00e9e en mode \u00e9coresponsable.\" \/>\n<meta name=\"robots\" content=\"index, follow, max-snippet:-1, max-image-preview:large, max-video-preview:-1\" \/>\n<link rel=\"canonical\" href=\"https:\/\/seinesaintdenis.fr\/actualite\/jeunesse-education\/Colleges\/Odyssee-Jeunes-des-voyages-qui-durent-pour-toujours\u2026\/\" \/>\n<meta property=\"og:locale\" content=\"fr_FR\" \/>\n<meta property=\"og:type\" content=\"article\" \/>\n<meta property=\"og:title\" content=\"Odyss\u00e9e Jeunes, des voyages qui durent pour toujours\u2026 - Seine-Saint-Denis - L&#039;actualit\u00e9 du d\u00e9partement\" \/>\n<meta property=\"og:description\" content=\"Escale finale \u00e0 Saint-Denis, mercredi 28 juin, pour l\u2019\u00e9dition 2023 d\u2019Odyss\u00e9e Jeunes. Un programme de voyages p\u00e9dagogiques qui ouvre les horizons des coll\u00e9gien\u00b7ne\u00b7s de Seine-Saint-Denis. Lors d\u2019un mini-salon du tourisme, profs et \u00e9l\u00e8ves ont d\u00e9livr\u00e9 une carte postale vivante de quelques-uns des 79 voyages r\u00e9alis\u00e9s avec le soutien de la\u00a0Fondation\u00a0BNP Paribas et de l\u2019\u00c9ducation Nationale. Des aventures qui laisseront des traces durables dans les m\u00e9moires des \u00e9l\u00e8ves, encore plus lors de cette \u00e9dition men\u00e9e en mode \u00e9coresponsable.\" \/>\n<meta property=\"og:url\" content=\"https:\/\/seinesaintdenis.fr\/actualite\/jeunesse-education\/Colleges\/Odyssee-Jeunes-des-voyages-qui-durent-pour-toujours\u2026\/\" \/>\n<meta property=\"og:site_name\" content=\"Seine-Saint-Denis - L&#039;actualit\u00e9 du d\u00e9partement\" \/>\n<meta property=\"article:publisher\" content=\"https:\/\/www.facebook.com\/seinesaintdenisledepartement\" \/>\n<meta property=\"article:published_time\" content=\"2023-06-30T12:45:27+00:00\" \/>\n<meta property=\"article:modified_time\" content=\"2023-07-03T01:33:41+00:00\" \/>\n<meta property=\"og:image\" content=\"https:\/\/seinesaintdenis.fr\/actualite\/wp-content\/uploads\/2023\/06\/4-odyssee-colleges.jpg\" \/>\n\t<meta property=\"og:image:width\" content=\"1090\" \/>\n\t<meta property=\"og:image:height\" content=\"560\" \/>\n\t<meta property=\"og:image:type\" content=\"image\/jpeg\" \/>\n<meta name=\"author\" content=\"Fr\u00e9d\u00e9ric Haxo\" \/>\n<meta name=\"twitter:card\" content=\"summary_large_image\" \/>\n<meta name=\"twitter:creator\" content=\"@seinesaintdenis\" \/>\n<meta name=\"twitter:site\" content=\"@seinesaintdenis\" \/>\n<meta name=\"twitter:label1\" content=\"\u00c9crit par\" \/>\n\t<meta name=\"twitter:data1\" content=\"Fr\u00e9d\u00e9ric Haxo\" \/>\n<script type=\"application\/ld+json\" class=\"yoast-schema-graph\">{\"@context\":\"https:\\\/\\\/schema.org\",\"@graph\":[{\"@type\":\"Article\",\"@id\":\"https:\\\/\\\/seinesaintdenis.fr\\\/actualite\\\/jeunesse-education\\\/Colleges\\\/Odyssee-Jeunes-des-voyages-qui-durent-pour-toujours%e2%80%a6\\\/#article\",\"isPartOf\":{\"@id\":\"https:\\\/\\\/seinesaintdenis.fr\\\/actualite\\\/jeunesse-education\\\/Colleges\\\/Odyssee-Jeunes-des-voyages-qui-durent-pour-toujours%e2%80%a6\\\/\"},\"author\":{\"name\":\"Fr\u00e9d\u00e9ric Haxo\",\"@id\":\"https:\\\/\\\/seinesaintdenis.fr\\\/actualite\\\/#\\\/schema\\\/person\\\/e4e9e8579521bb0c3b048a7240eb3b8a\"},\"headline\":\"Odyss\u00e9e Jeunes, des voyages qui durent pour toujours\u2026\",\"datePublished\":\"2023-06-30T12:45:27+00:00\",\"dateModified\":\"2023-07-03T01:33:41+00:00\",\"mainEntityOfPage\":{\"@id\":\"https:\\\/\\\/seinesaintdenis.fr\\\/actualite\\\/jeunesse-education\\\/Colleges\\\/Odyssee-Jeunes-des-voyages-qui-durent-pour-toujours%e2%80%a6\\\/\"},\"wordCount\":9,\"commentCount\":0,\"publisher\":{\"@id\":\"https:\\\/\\\/seinesaintdenis.fr\\\/actualite\\\/#organization\"},\"image\":{\"@id\":\"https:\\\/\\\/seinesaintdenis.fr\\\/actualite\\\/jeunesse-education\\\/Colleges\\\/Odyssee-Jeunes-des-voyages-qui-durent-pour-toujours%e2%80%a6\\\/#primaryimage\"},\"thumbnailUrl\":\"https:\\\/\\\/seinesaintdenis.fr\\\/actualite\\\/wp-content\\\/uploads\\\/2023\\\/06\\\/4-odyssee-colleges.jpg\",\"articleSection\":[\"Coll\u00e8ges\",\"Jeunesse &amp; \u00c9ducation\"],\"inLanguage\":\"fr-FR\",\"potentialAction\":[{\"@type\":\"CommentAction\",\"name\":\"Comment\",\"target\":[\"https:\\\/\\\/seinesaintdenis.fr\\\/actualite\\\/jeunesse-education\\\/Colleges\\\/Odyssee-Jeunes-des-voyages-qui-durent-pour-toujours%e2%80%a6\\\/#respond\"]}]},{\"@type\":\"WebPage\",\"@id\":\"https:\\\/\\\/seinesaintdenis.fr\\\/actualite\\\/jeunesse-education\\\/Colleges\\\/Odyssee-Jeunes-des-voyages-qui-durent-pour-toujours%e2%80%a6\\\/\",\"url\":\"https:\\\/\\\/seinesaintdenis.fr\\\/actualite\\\/jeunesse-education\\\/Colleges\\\/Odyssee-Jeunes-des-voyages-qui-durent-pour-toujours%e2%80%a6\\\/\",\"name\":\"Odyss\u00e9e Jeunes, des voyages qui durent pour toujours\u2026 - Seine-Saint-Denis - L&#039;actualit\u00e9 du d\u00e9partement\",\"isPartOf\":{\"@id\":\"https:\\\/\\\/seinesaintdenis.fr\\\/actualite\\\/#website\"},\"primaryImageOfPage\":{\"@id\":\"https:\\\/\\\/seinesaintdenis.fr\\\/actualite\\\/jeunesse-education\\\/Colleges\\\/Odyssee-Jeunes-des-voyages-qui-durent-pour-toujours%e2%80%a6\\\/#primaryimage\"},\"image\":{\"@id\":\"https:\\\/\\\/seinesaintdenis.fr\\\/actualite\\\/jeunesse-education\\\/Colleges\\\/Odyssee-Jeunes-des-voyages-qui-durent-pour-toujours%e2%80%a6\\\/#primaryimage\"},\"thumbnailUrl\":\"https:\\\/\\\/seinesaintdenis.fr\\\/actualite\\\/wp-content\\\/uploads\\\/2023\\\/06\\\/4-odyssee-colleges.jpg\",\"datePublished\":\"2023-06-30T12:45:27+00:00\",\"dateModified\":\"2023-07-03T01:33:41+00:00\",\"description\":\"Escale finale \u00e0 Saint-Denis, mercredi 28 juin, pour l\u2019\u00e9dition 2023 d\u2019Odyss\u00e9e Jeunes. Un programme de voyages p\u00e9dagogiques qui ouvre les horizons des coll\u00e9gien\u00b7ne\u00b7s de Seine-Saint-Denis. Lors d\u2019un mini-salon du tourisme, profs et \u00e9l\u00e8ves ont d\u00e9livr\u00e9 une carte postale vivante de quelques-uns des 79 voyages r\u00e9alis\u00e9s avec le soutien de la\u00a0Fondation\u00a0BNP Paribas et de l\u2019\u00c9ducation Nationale. Des aventures qui laisseront des traces durables dans les m\u00e9moires des \u00e9l\u00e8ves, encore plus lors de cette \u00e9dition men\u00e9e en mode \u00e9coresponsable.\",\"breadcrumb\":{\"@id\":\"https:\\\/\\\/seinesaintdenis.fr\\\/actualite\\\/jeunesse-education\\\/Colleges\\\/Odyssee-Jeunes-des-voyages-qui-durent-pour-toujours%e2%80%a6\\\/#breadcrumb\"},\"inLanguage\":\"fr-FR\",\"potentialAction\":[{\"@type\":\"ReadAction\",\"target\":[\"https:\\\/\\\/seinesaintdenis.fr\\\/actualite\\\/jeunesse-education\\\/Colleges\\\/Odyssee-Jeunes-des-voyages-qui-durent-pour-toujours%e2%80%a6\\\/\"]}]},{\"@type\":\"ImageObject\",\"inLanguage\":\"fr-FR\",\"@id\":\"https:\\\/\\\/seinesaintdenis.fr\\\/actualite\\\/jeunesse-education\\\/Colleges\\\/Odyssee-Jeunes-des-voyages-qui-durent-pour-toujours%e2%80%a6\\\/#primaryimage\",\"url\":\"https:\\\/\\\/seinesaintdenis.fr\\\/actualite\\\/wp-content\\\/uploads\\\/2023\\\/06\\\/4-odyssee-colleges.jpg\",\"contentUrl\":\"https:\\\/\\\/seinesaintdenis.fr\\\/actualite\\\/wp-content\\\/uploads\\\/2023\\\/06\\\/4-odyssee-colleges.jpg\",\"width\":1090,\"height\":560,\"caption\":\"Voyages Odyss\u00e9e - Jeunes - Coll\u00e8ges\"},{\"@type\":\"BreadcrumbList\",\"@id\":\"https:\\\/\\\/seinesaintdenis.fr\\\/actualite\\\/jeunesse-education\\\/Colleges\\\/Odyssee-Jeunes-des-voyages-qui-durent-pour-toujours%e2%80%a6\\\/#breadcrumb\",\"itemListElement\":[{\"@type\":\"ListItem\",\"position\":1,\"name\":\"Accueil\",\"item\":\"https:\\\/\\\/seinesaintdenis.fr\\\/actualite\\\/\"},{\"@type\":\"ListItem\",\"position\":2,\"name\":\"Jeunesse &amp; \u00c9ducation\",\"item\":\"https:\\\/\\\/seinesaintdenis.fr\\\/actualite\\\/jeunesse-education\\\/\"},{\"@type\":\"ListItem\",\"position\":3,\"name\":\"Coll\u00e8ges\",\"item\":\"https:\\\/\\\/seinesaintdenis.fr\\\/actualite\\\/jeunesse-education\\\/Colleges\\\/\"},{\"@type\":\"ListItem\",\"position\":4,\"name\":\"Odyss\u00e9e Jeunes, des voyages qui durent pour toujours\u2026\"}]},{\"@type\":\"WebSite\",\"@id\":\"https:\\\/\\\/seinesaintdenis.fr\\\/actualite\\\/#website\",\"url\":\"https:\\\/\\\/seinesaintdenis.fr\\\/actualite\\\/\",\"name\":\"Seine-Saint-Denis - L'actualit\u00e9 du d\u00e9partement\",\"description\":\"L&#039;actualit\u00e9 du D\u00e9partement de la Seine-Saint-Denis\",\"publisher\":{\"@id\":\"https:\\\/\\\/seinesaintdenis.fr\\\/actualite\\\/#organization\"},\"potentialAction\":[{\"@type\":\"SearchAction\",\"target\":{\"@type\":\"EntryPoint\",\"urlTemplate\":\"https:\\\/\\\/seinesaintdenis.fr\\\/actualite\\\/?s={search_term_string}\"},\"query-input\":{\"@type\":\"PropertyValueSpecification\",\"valueRequired\":true,\"valueName\":\"search_term_string\"}}],\"inLanguage\":\"fr-FR\"},{\"@type\":\"Organization\",\"@id\":\"https:\\\/\\\/seinesaintdenis.fr\\\/actualite\\\/#organization\",\"name\":\"Seine-Saint-Denis - Le D\u00e9partement\",\"url\":\"https:\\\/\\\/seinesaintdenis.fr\\\/actualite\\\/\",\"logo\":{\"@type\":\"ImageObject\",\"inLanguage\":\"fr-FR\",\"@id\":\"https:\\\/\\\/seinesaintdenis.fr\\\/actualite\\\/#\\\/schema\\\/logo\\\/image\\\/\",\"url\":\"https:\\\/\\\/seinesaintdenis.fr\\\/actualite\\\/wp-content\\\/uploads\\\/2024\\\/08\\\/logo.png\",\"contentUrl\":\"https:\\\/\\\/seinesaintdenis.fr\\\/actualite\\\/wp-content\\\/uploads\\\/2024\\\/08\\\/logo.png\",\"width\":567,\"height\":172,\"caption\":\"Seine-Saint-Denis - Le D\u00e9partement\"},\"image\":{\"@id\":\"https:\\\/\\\/seinesaintdenis.fr\\\/actualite\\\/#\\\/schema\\\/logo\\\/image\\\/\"},\"sameAs\":[\"https:\\\/\\\/www.facebook.com\\\/seinesaintdenisledepartement\",\"https:\\\/\\\/x.com\\\/seinesaintdenis\",\"https:\\\/\\\/www.linkedin.com\\\/company\\\/seinesaintdenis\",\"https:\\\/\\\/www.instagram.com\\\/seine_saint_denis\\\/\",\"https:\\\/\\\/www.youtube.com\\\/channel\\\/UCR5YF9NnqiLCbnrKQgLUcIw\"]},{\"@type\":\"Person\",\"@id\":\"https:\\\/\\\/seinesaintdenis.fr\\\/actualite\\\/#\\\/schema\\\/person\\\/e4e9e8579521bb0c3b048a7240eb3b8a\",\"name\":\"Fr\u00e9d\u00e9ric Haxo\",\"image\":{\"@type\":\"ImageObject\",\"inLanguage\":\"fr-FR\",\"@id\":\"https:\\\/\\\/secure.gravatar.com\\\/avatar\\\/7ab0da5b17df1179dc345094834018a29688ae9a242b61c172abfc3e43b8b60e?s=96&d=mm&r=g\",\"url\":\"https:\\\/\\\/secure.gravatar.com\\\/avatar\\\/7ab0da5b17df1179dc345094834018a29688ae9a242b61c172abfc3e43b8b60e?s=96&d=mm&r=g\",\"contentUrl\":\"https:\\\/\\\/secure.gravatar.com\\\/avatar\\\/7ab0da5b17df1179dc345094834018a29688ae9a242b61c172abfc3e43b8b60e?s=96&d=mm&r=g\",\"caption\":\"Fr\u00e9d\u00e9ric Haxo\"},\"url\":\"https:\\\/\\\/seinesaintdenis.fr\\\/actualite\\\/author\\\/fsugnot\\\/\"}]}<\/script>\n<!-- \/ Yoast SEO plugin. -->","yoast_head_json":{"title":"Odyss\u00e9e Jeunes, des voyages qui durent pour toujours\u2026 - Seine-Saint-Denis - L&#039;actualit\u00e9 du d\u00e9partement","description":"Escale finale \u00e0 Saint-Denis, mercredi 28 juin, pour l\u2019\u00e9dition 2023 d\u2019Odyss\u00e9e Jeunes. Un programme de voyages p\u00e9dagogiques qui ouvre les horizons des coll\u00e9gien\u00b7ne\u00b7s de Seine-Saint-Denis. Lors d\u2019un mini-salon du tourisme, profs et \u00e9l\u00e8ves ont d\u00e9livr\u00e9 une carte postale vivante de quelques-uns des 79 voyages r\u00e9alis\u00e9s avec le soutien de la\u00a0Fondation\u00a0BNP Paribas et de l\u2019\u00c9ducation Nationale. Des aventures qui laisseront des traces durables dans les m\u00e9moires des \u00e9l\u00e8ves, encore plus lors de cette \u00e9dition men\u00e9e en mode \u00e9coresponsable.","robots":{"index":"index","follow":"follow","max-snippet":"max-snippet:-1","max-image-preview":"max-image-preview:large","max-video-preview":"max-video-preview:-1"},"canonical":"https:\/\/seinesaintdenis.fr\/actualite\/jeunesse-education\/Colleges\/Odyssee-Jeunes-des-voyages-qui-durent-pour-toujours\u2026\/","og_locale":"fr_FR","og_type":"article","og_title":"Odyss\u00e9e Jeunes, des voyages qui durent pour toujours\u2026 - Seine-Saint-Denis - L&#039;actualit\u00e9 du d\u00e9partement","og_description":"Escale finale \u00e0 Saint-Denis, mercredi 28 juin, pour l\u2019\u00e9dition 2023 d\u2019Odyss\u00e9e Jeunes. Un programme de voyages p\u00e9dagogiques qui ouvre les horizons des coll\u00e9gien\u00b7ne\u00b7s de Seine-Saint-Denis. Lors d\u2019un mini-salon du tourisme, profs et \u00e9l\u00e8ves ont d\u00e9livr\u00e9 une carte postale vivante de quelques-uns des 79 voyages r\u00e9alis\u00e9s avec le soutien de la\u00a0Fondation\u00a0BNP Paribas et de l\u2019\u00c9ducation Nationale. Des aventures qui laisseront des traces durables dans les m\u00e9moires des \u00e9l\u00e8ves, encore plus lors de cette \u00e9dition men\u00e9e en mode \u00e9coresponsable.","og_url":"https:\/\/seinesaintdenis.fr\/actualite\/jeunesse-education\/Colleges\/Odyssee-Jeunes-des-voyages-qui-durent-pour-toujours\u2026\/","og_site_name":"Seine-Saint-Denis - L&#039;actualit\u00e9 du d\u00e9partement","article_publisher":"https:\/\/www.facebook.com\/seinesaintdenisledepartement","article_published_time":"2023-06-30T12:45:27+00:00","article_modified_time":"2023-07-03T01:33:41+00:00","og_image":[{"width":1090,"height":560,"url":"https:\/\/seinesaintdenis.fr\/actualite\/wp-content\/uploads\/2023\/06\/4-odyssee-colleges.jpg","type":"image\/jpeg"}],"author":"Fr\u00e9d\u00e9ric Haxo","twitter_card":"summary_large_image","twitter_creator":"@seinesaintdenis","twitter_site":"@seinesaintdenis","twitter_misc":{"\u00c9crit par":"Fr\u00e9d\u00e9ric Haxo"},"schema":{"@context":"https:\/\/schema.org","@graph":[{"@type":"Article","@id":"https:\/\/seinesaintdenis.fr\/actualite\/jeunesse-education\/Colleges\/Odyssee-Jeunes-des-voyages-qui-durent-pour-toujours%e2%80%a6\/#article","isPartOf":{"@id":"https:\/\/seinesaintdenis.fr\/actualite\/jeunesse-education\/Colleges\/Odyssee-Jeunes-des-voyages-qui-durent-pour-toujours%e2%80%a6\/"},"author":{"name":"Fr\u00e9d\u00e9ric Haxo","@id":"https:\/\/seinesaintdenis.fr\/actualite\/#\/schema\/person\/e4e9e8579521bb0c3b048a7240eb3b8a"},"headline":"Odyss\u00e9e Jeunes, des voyages qui durent pour toujours\u2026","datePublished":"2023-06-30T12:45:27+00:00","dateModified":"2023-07-03T01:33:41+00:00","mainEntityOfPage":{"@id":"https:\/\/seinesaintdenis.fr\/actualite\/jeunesse-education\/Colleges\/Odyssee-Jeunes-des-voyages-qui-durent-pour-toujours%e2%80%a6\/"},"wordCount":9,"commentCount":0,"publisher":{"@id":"https:\/\/seinesaintdenis.fr\/actualite\/#organization"},"image":{"@id":"https:\/\/seinesaintdenis.fr\/actualite\/jeunesse-education\/Colleges\/Odyssee-Jeunes-des-voyages-qui-durent-pour-toujours%e2%80%a6\/#primaryimage"},"thumbnailUrl":"https:\/\/seinesaintdenis.fr\/actualite\/wp-content\/uploads\/2023\/06\/4-odyssee-colleges.jpg","articleSection":["Coll\u00e8ges","Jeunesse &amp; \u00c9ducation"],"inLanguage":"fr-FR","potentialAction":[{"@type":"CommentAction","name":"Comment","target":["https:\/\/seinesaintdenis.fr\/actualite\/jeunesse-education\/Colleges\/Odyssee-Jeunes-des-voyages-qui-durent-pour-toujours%e2%80%a6\/#respond"]}]},{"@type":"WebPage","@id":"https:\/\/seinesaintdenis.fr\/actualite\/jeunesse-education\/Colleges\/Odyssee-Jeunes-des-voyages-qui-durent-pour-toujours%e2%80%a6\/","url":"https:\/\/seinesaintdenis.fr\/actualite\/jeunesse-education\/Colleges\/Odyssee-Jeunes-des-voyages-qui-durent-pour-toujours%e2%80%a6\/","name":"Odyss\u00e9e Jeunes, des voyages qui durent pour toujours\u2026 - Seine-Saint-Denis - L&#039;actualit\u00e9 du d\u00e9partement","isPartOf":{"@id":"https:\/\/seinesaintdenis.fr\/actualite\/#website"},"primaryImageOfPage":{"@id":"https:\/\/seinesaintdenis.fr\/actualite\/jeunesse-education\/Colleges\/Odyssee-Jeunes-des-voyages-qui-durent-pour-toujours%e2%80%a6\/#primaryimage"},"image":{"@id":"https:\/\/seinesaintdenis.fr\/actualite\/jeunesse-education\/Colleges\/Odyssee-Jeunes-des-voyages-qui-durent-pour-toujours%e2%80%a6\/#primaryimage"},"thumbnailUrl":"https:\/\/seinesaintdenis.fr\/actualite\/wp-content\/uploads\/2023\/06\/4-odyssee-colleges.jpg","datePublished":"2023-06-30T12:45:27+00:00","dateModified":"2023-07-03T01:33:41+00:00","description":"Escale finale \u00e0 Saint-Denis, mercredi 28 juin, pour l\u2019\u00e9dition 2023 d\u2019Odyss\u00e9e Jeunes. Un programme de voyages p\u00e9dagogiques qui ouvre les horizons des coll\u00e9gien\u00b7ne\u00b7s de Seine-Saint-Denis. Lors d\u2019un mini-salon du tourisme, profs et \u00e9l\u00e8ves ont d\u00e9livr\u00e9 une carte postale vivante de quelques-uns des 79 voyages r\u00e9alis\u00e9s avec le soutien de la\u00a0Fondation\u00a0BNP Paribas et de l\u2019\u00c9ducation Nationale. Des aventures qui laisseront des traces durables dans les m\u00e9moires des \u00e9l\u00e8ves, encore plus lors de cette \u00e9dition men\u00e9e en mode \u00e9coresponsable.","breadcrumb":{"@id":"https:\/\/seinesaintdenis.fr\/actualite\/jeunesse-education\/Colleges\/Odyssee-Jeunes-des-voyages-qui-durent-pour-toujours%e2%80%a6\/#breadcrumb"},"inLanguage":"fr-FR","potentialAction":[{"@type":"ReadAction","target":["https:\/\/seinesaintdenis.fr\/actualite\/jeunesse-education\/Colleges\/Odyssee-Jeunes-des-voyages-qui-durent-pour-toujours%e2%80%a6\/"]}]},{"@type":"ImageObject","inLanguage":"fr-FR","@id":"https:\/\/seinesaintdenis.fr\/actualite\/jeunesse-education\/Colleges\/Odyssee-Jeunes-des-voyages-qui-durent-pour-toujours%e2%80%a6\/#primaryimage","url":"https:\/\/seinesaintdenis.fr\/actualite\/wp-content\/uploads\/2023\/06\/4-odyssee-colleges.jpg","contentUrl":"https:\/\/seinesaintdenis.fr\/actualite\/wp-content\/uploads\/2023\/06\/4-odyssee-colleges.jpg","width":1090,"height":560,"caption":"Voyages Odyss\u00e9e - Jeunes - Coll\u00e8ges"},{"@type":"BreadcrumbList","@id":"https:\/\/seinesaintdenis.fr\/actualite\/jeunesse-education\/Colleges\/Odyssee-Jeunes-des-voyages-qui-durent-pour-toujours%e2%80%a6\/#breadcrumb","itemListElement":[{"@type":"ListItem","position":1,"name":"Accueil","item":"https:\/\/seinesaintdenis.fr\/actualite\/"},{"@type":"ListItem","position":2,"name":"Jeunesse &amp; \u00c9ducation","item":"https:\/\/seinesaintdenis.fr\/actualite\/jeunesse-education\/"},{"@type":"ListItem","position":3,"name":"Coll\u00e8ges","item":"https:\/\/seinesaintdenis.fr\/actualite\/jeunesse-education\/Colleges\/"},{"@type":"ListItem","position":4,"name":"Odyss\u00e9e Jeunes, des voyages qui durent pour toujours\u2026"}]},{"@type":"WebSite","@id":"https:\/\/seinesaintdenis.fr\/actualite\/#website","url":"https:\/\/seinesaintdenis.fr\/actualite\/","name":"Seine-Saint-Denis - L'actualit\u00e9 du d\u00e9partement","description":"L&#039;actualit\u00e9 du D\u00e9partement de la Seine-Saint-Denis","publisher":{"@id":"https:\/\/seinesaintdenis.fr\/actualite\/#organization"},"potentialAction":[{"@type":"SearchAction","target":{"@type":"EntryPoint","urlTemplate":"https:\/\/seinesaintdenis.fr\/actualite\/?s={search_term_string}"},"query-input":{"@type":"PropertyValueSpecification","valueRequired":true,"valueName":"search_term_string"}}],"inLanguage":"fr-FR"},{"@type":"Organization","@id":"https:\/\/seinesaintdenis.fr\/actualite\/#organization","name":"Seine-Saint-Denis - Le D\u00e9partement","url":"https:\/\/seinesaintdenis.fr\/actualite\/","logo":{"@type":"ImageObject","inLanguage":"fr-FR","@id":"https:\/\/seinesaintdenis.fr\/actualite\/#\/schema\/logo\/image\/","url":"https:\/\/seinesaintdenis.fr\/actualite\/wp-content\/uploads\/2024\/08\/logo.png","contentUrl":"https:\/\/seinesaintdenis.fr\/actualite\/wp-content\/uploads\/2024\/08\/logo.png","width":567,"height":172,"caption":"Seine-Saint-Denis - Le D\u00e9partement"},"image":{"@id":"https:\/\/seinesaintdenis.fr\/actualite\/#\/schema\/logo\/image\/"},"sameAs":["https:\/\/www.facebook.com\/seinesaintdenisledepartement","https:\/\/x.com\/seinesaintdenis","https:\/\/www.linkedin.com\/company\/seinesaintdenis","https:\/\/www.instagram.com\/seine_saint_denis\/","https:\/\/www.youtube.com\/channel\/UCR5YF9NnqiLCbnrKQgLUcIw"]},{"@type":"Person","@id":"https:\/\/seinesaintdenis.fr\/actualite\/#\/schema\/person\/e4e9e8579521bb0c3b048a7240eb3b8a","name":"Fr\u00e9d\u00e9ric Haxo","image":{"@type":"ImageObject","inLanguage":"fr-FR","@id":"https:\/\/secure.gravatar.com\/avatar\/7ab0da5b17df1179dc345094834018a29688ae9a242b61c172abfc3e43b8b60e?s=96&d=mm&r=g","url":"https:\/\/secure.gravatar.com\/avatar\/7ab0da5b17df1179dc345094834018a29688ae9a242b61c172abfc3e43b8b60e?s=96&d=mm&r=g","contentUrl":"https:\/\/secure.gravatar.com\/avatar\/7ab0da5b17df1179dc345094834018a29688ae9a242b61c172abfc3e43b8b60e?s=96&d=mm&r=g","caption":"Fr\u00e9d\u00e9ric Haxo"},"url":"https:\/\/seinesaintdenis.fr\/actualite\/author\/fsugnot\/"}]}},"_links":{"self":[{"href":"https:\/\/seinesaintdenis.fr\/actualite\/wp-json\/wp\/v2\/posts\/5106","targetHints":{"allow":["GET"]}}],"collection":[{"href":"https:\/\/seinesaintdenis.fr\/actualite\/wp-json\/wp\/v2\/posts"}],"about":[{"href":"https:\/\/seinesaintdenis.fr\/actualite\/wp-json\/wp\/v2\/types\/post"}],"author":[{"embeddable":true,"href":"https:\/\/seinesaintdenis.fr\/actualite\/wp-json\/wp\/v2\/users\/25"}],"replies":[{"embeddable":true,"href":"https:\/\/seinesaintdenis.fr\/actualite\/wp-json\/wp\/v2\/comments?post=5106"}],"version-history":[{"count":9,"href":"https:\/\/seinesaintdenis.fr\/actualite\/wp-json\/wp\/v2\/posts\/5106\/revisions"}],"predecessor-version":[{"id":5126,"href":"https:\/\/seinesaintdenis.fr\/actualite\/wp-json\/wp\/v2\/posts\/5106\/revisions\/5126"}],"wp:featuredmedia":[{"embeddable":true,"href":"https:\/\/seinesaintdenis.fr\/actualite\/wp-json\/wp\/v2\/media\/5113"}],"wp:attachment":[{"href":"https:\/\/seinesaintdenis.fr\/actualite\/wp-json\/wp\/v2\/media?parent=5106"}],"wp:term":[{"taxonomy":"category","embeddable":true,"href":"https:\/\/seinesaintdenis.fr\/actualite\/wp-json\/wp\/v2\/categories?post=5106"},{"taxonomy":"ville","embeddable":true,"href":"https:\/\/seinesaintdenis.fr\/actualite\/wp-json\/wp\/v2\/ville?post=5106"}],"curies":[{"name":"wp","href":"https:\/\/api.w.org\/{rel}","templated":true}]}}