{"id":4794,"date":"2023-06-27T10:14:46","date_gmt":"2023-06-27T08:14:46","guid":{"rendered":"https:\/\/seinesaintdenis.fr\/actualite\/?p=4794"},"modified":"2023-06-27T15:15:54","modified_gmt":"2023-06-27T13:15:54","slug":"Des-collegien%c2%b7ne%c2%b7s-a-energie-positive","status":"publish","type":"post","link":"https:\/\/seinesaintdenis.fr\/actualite\/jeunesse-education\/Colleges\/Des-collegien%c2%b7ne%c2%b7s-a-energie-positive\/","title":{"rendered":"Des coll\u00e9gien\u00b7ne\u00b7s \u00e0 \u00e9nergie positive"},"content":{"rendered":"","protected":false},"excerpt":{"rendered":"","protected":false},"author":12,"featured_media":4800,"comment_status":"open","ping_status":"open","sticky":false,"template":"","format":"standard","meta":{"_acf_changed":false,"footnotes":""},"categories":[100],"ville":[82],"class_list":["post-4794","post","type-post","status-publish","format-standard","has-post-thumbnail","hentry","category-Colleges"],"acf":[],"yoast_head":"<!-- This site is optimized with the Yoast SEO plugin v27.5 - https:\/\/yoast.com\/product\/yoast-seo-wordpress\/ -->\n<title>Des coll\u00e9gien\u00b7ne\u00b7s \u00e0 \u00e9nergie positive - Seine-Saint-Denis - L&#039;actualit\u00e9 du d\u00e9partement<\/title>\n<meta name=\"description\" content=\"25 coll\u00e8ges de Seine-Saint-Denis ont particip\u00e9 cette ann\u00e9e au challenge de r\u00e9duction d&#039;\u00e9nergie &quot;C&#039;est pas Versailles ici !&quot; lanc\u00e9 dans le cadre du Plan de sobri\u00e9t\u00e9 du D\u00e9partement. Les laur\u00e9at\u00b7e\u00b7s se sont vu\u00b7e\u00b7s remettre le 23 juin \u00e0 la Cit\u00e9 fertile de Pantin des r\u00e9compenses des mains du Pr\u00e9sident de la collectivit\u00e9 St\u00e9phane Troussel. Entre campagnes de sensibilisation et actions de terrain, les coll\u00e9gien\u00b7ne\u00b7s ont multipli\u00e9 les initiatives.\" \/>\n<meta name=\"robots\" content=\"index, follow, max-snippet:-1, max-image-preview:large, max-video-preview:-1\" \/>\n<link rel=\"canonical\" href=\"https:\/\/seinesaintdenis.fr\/actualite\/jeunesse-education\/Colleges\/Des-collegien\u00b7ne\u00b7s-a-energie-positive\/\" \/>\n<meta property=\"og:locale\" content=\"fr_FR\" \/>\n<meta property=\"og:type\" content=\"article\" \/>\n<meta property=\"og:title\" content=\"Des coll\u00e9gien\u00b7ne\u00b7s \u00e0 \u00e9nergie positive - Seine-Saint-Denis - L&#039;actualit\u00e9 du d\u00e9partement\" \/>\n<meta property=\"og:description\" content=\"25 coll\u00e8ges de Seine-Saint-Denis ont particip\u00e9 cette ann\u00e9e au challenge de r\u00e9duction d&#039;\u00e9nergie &quot;C&#039;est pas Versailles ici !&quot; lanc\u00e9 dans le cadre du Plan de sobri\u00e9t\u00e9 du D\u00e9partement. Les laur\u00e9at\u00b7e\u00b7s se sont vu\u00b7e\u00b7s remettre le 23 juin \u00e0 la Cit\u00e9 fertile de Pantin des r\u00e9compenses des mains du Pr\u00e9sident de la collectivit\u00e9 St\u00e9phane Troussel. Entre campagnes de sensibilisation et actions de terrain, les coll\u00e9gien\u00b7ne\u00b7s ont multipli\u00e9 les initiatives.\" \/>\n<meta property=\"og:url\" content=\"https:\/\/seinesaintdenis.fr\/actualite\/jeunesse-education\/Colleges\/Des-collegien\u00b7ne\u00b7s-a-energie-positive\/\" \/>\n<meta property=\"og:site_name\" content=\"Seine-Saint-Denis - L&#039;actualit\u00e9 du d\u00e9partement\" \/>\n<meta property=\"article:publisher\" content=\"https:\/\/www.facebook.com\/seinesaintdenisledepartement\" \/>\n<meta property=\"article:published_time\" content=\"2023-06-27T08:14:46+00:00\" \/>\n<meta property=\"article:modified_time\" content=\"2023-06-27T13:15:54+00:00\" \/>\n<meta property=\"og:image\" content=\"https:\/\/seinesaintdenis.fr\/actualite\/wp-content\/uploads\/2023\/06\/photo-1-2023-06-23-cite-fertile-college-jeremy-piot-dscf7960.jpg\" \/>\n\t<meta property=\"og:image:width\" content=\"1089\" \/>\n\t<meta property=\"og:image:height\" content=\"560\" \/>\n\t<meta property=\"og:image:type\" content=\"image\/jpeg\" \/>\n<meta name=\"author\" content=\"Carine Arassus\" \/>\n<meta name=\"twitter:card\" content=\"summary_large_image\" \/>\n<meta name=\"twitter:creator\" content=\"@seinesaintdenis\" \/>\n<meta name=\"twitter:site\" content=\"@seinesaintdenis\" \/>\n<meta name=\"twitter:label1\" content=\"\u00c9crit par\" \/>\n\t<meta name=\"twitter:data1\" content=\"Carine Arassus\" \/>\n<script type=\"application\/ld+json\" class=\"yoast-schema-graph\">{\"@context\":\"https:\\\/\\\/schema.org\",\"@graph\":[{\"@type\":\"Article\",\"@id\":\"https:\\\/\\\/seinesaintdenis.fr\\\/actualite\\\/jeunesse-education\\\/Colleges\\\/Des-collegien%c2%b7ne%c2%b7s-a-energie-positive\\\/#article\",\"isPartOf\":{\"@id\":\"https:\\\/\\\/seinesaintdenis.fr\\\/actualite\\\/jeunesse-education\\\/Colleges\\\/Des-collegien%c2%b7ne%c2%b7s-a-energie-positive\\\/\"},\"author\":{\"name\":\"Carine Arassus\",\"@id\":\"https:\\\/\\\/seinesaintdenis.fr\\\/actualite\\\/#\\\/schema\\\/person\\\/0ed132e414e4e5a6a6d14bb9fd5b0d3a\"},\"headline\":\"Des coll\u00e9gien\u00b7ne\u00b7s \u00e0 \u00e9nergie positive\",\"datePublished\":\"2023-06-27T08:14:46+00:00\",\"dateModified\":\"2023-06-27T13:15:54+00:00\",\"mainEntityOfPage\":{\"@id\":\"https:\\\/\\\/seinesaintdenis.fr\\\/actualite\\\/jeunesse-education\\\/Colleges\\\/Des-collegien%c2%b7ne%c2%b7s-a-energie-positive\\\/\"},\"wordCount\":7,\"commentCount\":0,\"publisher\":{\"@id\":\"https:\\\/\\\/seinesaintdenis.fr\\\/actualite\\\/#organization\"},\"image\":{\"@id\":\"https:\\\/\\\/seinesaintdenis.fr\\\/actualite\\\/jeunesse-education\\\/Colleges\\\/Des-collegien%c2%b7ne%c2%b7s-a-energie-positive\\\/#primaryimage\"},\"thumbnailUrl\":\"https:\\\/\\\/seinesaintdenis.fr\\\/actualite\\\/wp-content\\\/uploads\\\/2023\\\/06\\\/photo-1-2023-06-23-cite-fertile-college-jeremy-piot-dscf7960.jpg\",\"articleSection\":[\"Coll\u00e8ges\"],\"inLanguage\":\"fr-FR\",\"potentialAction\":[{\"@type\":\"CommentAction\",\"name\":\"Comment\",\"target\":[\"https:\\\/\\\/seinesaintdenis.fr\\\/actualite\\\/jeunesse-education\\\/Colleges\\\/Des-collegien%c2%b7ne%c2%b7s-a-energie-positive\\\/#respond\"]}]},{\"@type\":\"WebPage\",\"@id\":\"https:\\\/\\\/seinesaintdenis.fr\\\/actualite\\\/jeunesse-education\\\/Colleges\\\/Des-collegien%c2%b7ne%c2%b7s-a-energie-positive\\\/\",\"url\":\"https:\\\/\\\/seinesaintdenis.fr\\\/actualite\\\/jeunesse-education\\\/Colleges\\\/Des-collegien%c2%b7ne%c2%b7s-a-energie-positive\\\/\",\"name\":\"Des coll\u00e9gien\u00b7ne\u00b7s \u00e0 \u00e9nergie positive - Seine-Saint-Denis - L&#039;actualit\u00e9 du d\u00e9partement\",\"isPartOf\":{\"@id\":\"https:\\\/\\\/seinesaintdenis.fr\\\/actualite\\\/#website\"},\"primaryImageOfPage\":{\"@id\":\"https:\\\/\\\/seinesaintdenis.fr\\\/actualite\\\/jeunesse-education\\\/Colleges\\\/Des-collegien%c2%b7ne%c2%b7s-a-energie-positive\\\/#primaryimage\"},\"image\":{\"@id\":\"https:\\\/\\\/seinesaintdenis.fr\\\/actualite\\\/jeunesse-education\\\/Colleges\\\/Des-collegien%c2%b7ne%c2%b7s-a-energie-positive\\\/#primaryimage\"},\"thumbnailUrl\":\"https:\\\/\\\/seinesaintdenis.fr\\\/actualite\\\/wp-content\\\/uploads\\\/2023\\\/06\\\/photo-1-2023-06-23-cite-fertile-college-jeremy-piot-dscf7960.jpg\",\"datePublished\":\"2023-06-27T08:14:46+00:00\",\"dateModified\":\"2023-06-27T13:15:54+00:00\",\"description\":\"25 coll\u00e8ges de Seine-Saint-Denis ont particip\u00e9 cette ann\u00e9e au challenge de r\u00e9duction d'\u00e9nergie \\\"C'est pas Versailles ici !\\\" lanc\u00e9 dans le cadre du Plan de sobri\u00e9t\u00e9 du D\u00e9partement. Les laur\u00e9at\u00b7e\u00b7s se sont vu\u00b7e\u00b7s remettre le 23 juin \u00e0 la Cit\u00e9 fertile de Pantin des r\u00e9compenses des mains du Pr\u00e9sident de la collectivit\u00e9 St\u00e9phane Troussel. Entre campagnes de sensibilisation et actions de terrain, les coll\u00e9gien\u00b7ne\u00b7s ont multipli\u00e9 les initiatives.\",\"breadcrumb\":{\"@id\":\"https:\\\/\\\/seinesaintdenis.fr\\\/actualite\\\/jeunesse-education\\\/Colleges\\\/Des-collegien%c2%b7ne%c2%b7s-a-energie-positive\\\/#breadcrumb\"},\"inLanguage\":\"fr-FR\",\"potentialAction\":[{\"@type\":\"ReadAction\",\"target\":[\"https:\\\/\\\/seinesaintdenis.fr\\\/actualite\\\/jeunesse-education\\\/Colleges\\\/Des-collegien%c2%b7ne%c2%b7s-a-energie-positive\\\/\"]}]},{\"@type\":\"ImageObject\",\"inLanguage\":\"fr-FR\",\"@id\":\"https:\\\/\\\/seinesaintdenis.fr\\\/actualite\\\/jeunesse-education\\\/Colleges\\\/Des-collegien%c2%b7ne%c2%b7s-a-energie-positive\\\/#primaryimage\",\"url\":\"https:\\\/\\\/seinesaintdenis.fr\\\/actualite\\\/wp-content\\\/uploads\\\/2023\\\/06\\\/photo-1-2023-06-23-cite-fertile-college-jeremy-piot-dscf7960.jpg\",\"contentUrl\":\"https:\\\/\\\/seinesaintdenis.fr\\\/actualite\\\/wp-content\\\/uploads\\\/2023\\\/06\\\/photo-1-2023-06-23-cite-fertile-college-jeremy-piot-dscf7960.jpg\",\"width\":1089,\"height\":560,\"caption\":\"Challenge inter coll\u00e8ge \u00e9conomie d'\u00e9nergie\"},{\"@type\":\"BreadcrumbList\",\"@id\":\"https:\\\/\\\/seinesaintdenis.fr\\\/actualite\\\/jeunesse-education\\\/Colleges\\\/Des-collegien%c2%b7ne%c2%b7s-a-energie-positive\\\/#breadcrumb\",\"itemListElement\":[{\"@type\":\"ListItem\",\"position\":1,\"name\":\"Accueil\",\"item\":\"https:\\\/\\\/seinesaintdenis.fr\\\/actualite\\\/\"},{\"@type\":\"ListItem\",\"position\":2,\"name\":\"Jeunesse &amp; \u00c9ducation\",\"item\":\"https:\\\/\\\/seinesaintdenis.fr\\\/actualite\\\/jeunesse-education\\\/\"},{\"@type\":\"ListItem\",\"position\":3,\"name\":\"Coll\u00e8ges\",\"item\":\"https:\\\/\\\/seinesaintdenis.fr\\\/actualite\\\/jeunesse-education\\\/Colleges\\\/\"},{\"@type\":\"ListItem\",\"position\":4,\"name\":\"Des coll\u00e9gien\u00b7ne\u00b7s \u00e0 \u00e9nergie positive\"}]},{\"@type\":\"WebSite\",\"@id\":\"https:\\\/\\\/seinesaintdenis.fr\\\/actualite\\\/#website\",\"url\":\"https:\\\/\\\/seinesaintdenis.fr\\\/actualite\\\/\",\"name\":\"Seine-Saint-Denis - L'actualit\u00e9 du d\u00e9partement\",\"description\":\"L&#039;actualit\u00e9 du D\u00e9partement de la Seine-Saint-Denis\",\"publisher\":{\"@id\":\"https:\\\/\\\/seinesaintdenis.fr\\\/actualite\\\/#organization\"},\"potentialAction\":[{\"@type\":\"SearchAction\",\"target\":{\"@type\":\"EntryPoint\",\"urlTemplate\":\"https:\\\/\\\/seinesaintdenis.fr\\\/actualite\\\/?s={search_term_string}\"},\"query-input\":{\"@type\":\"PropertyValueSpecification\",\"valueRequired\":true,\"valueName\":\"search_term_string\"}}],\"inLanguage\":\"fr-FR\"},{\"@type\":\"Organization\",\"@id\":\"https:\\\/\\\/seinesaintdenis.fr\\\/actualite\\\/#organization\",\"name\":\"Seine-Saint-Denis - Le D\u00e9partement\",\"url\":\"https:\\\/\\\/seinesaintdenis.fr\\\/actualite\\\/\",\"logo\":{\"@type\":\"ImageObject\",\"inLanguage\":\"fr-FR\",\"@id\":\"https:\\\/\\\/seinesaintdenis.fr\\\/actualite\\\/#\\\/schema\\\/logo\\\/image\\\/\",\"url\":\"https:\\\/\\\/seinesaintdenis.fr\\\/actualite\\\/wp-content\\\/uploads\\\/2024\\\/08\\\/logo.png\",\"contentUrl\":\"https:\\\/\\\/seinesaintdenis.fr\\\/actualite\\\/wp-content\\\/uploads\\\/2024\\\/08\\\/logo.png\",\"width\":567,\"height\":172,\"caption\":\"Seine-Saint-Denis - Le D\u00e9partement\"},\"image\":{\"@id\":\"https:\\\/\\\/seinesaintdenis.fr\\\/actualite\\\/#\\\/schema\\\/logo\\\/image\\\/\"},\"sameAs\":[\"https:\\\/\\\/www.facebook.com\\\/seinesaintdenisledepartement\",\"https:\\\/\\\/x.com\\\/seinesaintdenis\",\"https:\\\/\\\/www.linkedin.com\\\/company\\\/seinesaintdenis\",\"https:\\\/\\\/www.instagram.com\\\/seine_saint_denis\\\/\",\"https:\\\/\\\/www.youtube.com\\\/channel\\\/UCR5YF9NnqiLCbnrKQgLUcIw\"]},{\"@type\":\"Person\",\"@id\":\"https:\\\/\\\/seinesaintdenis.fr\\\/actualite\\\/#\\\/schema\\\/person\\\/0ed132e414e4e5a6a6d14bb9fd5b0d3a\",\"name\":\"Carine Arassus\",\"image\":{\"@type\":\"ImageObject\",\"inLanguage\":\"fr-FR\",\"@id\":\"https:\\\/\\\/secure.gravatar.com\\\/avatar\\\/0f981f322f4f99253bcb871f10ae46ce56b35c7fe7c5b8aa9b09ba3a77f6e3c0?s=96&d=mm&r=g\",\"url\":\"https:\\\/\\\/secure.gravatar.com\\\/avatar\\\/0f981f322f4f99253bcb871f10ae46ce56b35c7fe7c5b8aa9b09ba3a77f6e3c0?s=96&d=mm&r=g\",\"contentUrl\":\"https:\\\/\\\/secure.gravatar.com\\\/avatar\\\/0f981f322f4f99253bcb871f10ae46ce56b35c7fe7c5b8aa9b09ba3a77f6e3c0?s=96&d=mm&r=g\",\"caption\":\"Carine Arassus\"},\"url\":\"https:\\\/\\\/seinesaintdenis.fr\\\/actualite\\\/author\\\/carassus\\\/\"}]}<\/script>\n<!-- \/ Yoast SEO plugin. -->","yoast_head_json":{"title":"Des coll\u00e9gien\u00b7ne\u00b7s \u00e0 \u00e9nergie positive - Seine-Saint-Denis - L&#039;actualit\u00e9 du d\u00e9partement","description":"25 coll\u00e8ges de Seine-Saint-Denis ont particip\u00e9 cette ann\u00e9e au challenge de r\u00e9duction d'\u00e9nergie \"C'est pas Versailles ici !\" lanc\u00e9 dans le cadre du Plan de sobri\u00e9t\u00e9 du D\u00e9partement. Les laur\u00e9at\u00b7e\u00b7s se sont vu\u00b7e\u00b7s remettre le 23 juin \u00e0 la Cit\u00e9 fertile de Pantin des r\u00e9compenses des mains du Pr\u00e9sident de la collectivit\u00e9 St\u00e9phane Troussel. Entre campagnes de sensibilisation et actions de terrain, les coll\u00e9gien\u00b7ne\u00b7s ont multipli\u00e9 les initiatives.","robots":{"index":"index","follow":"follow","max-snippet":"max-snippet:-1","max-image-preview":"max-image-preview:large","max-video-preview":"max-video-preview:-1"},"canonical":"https:\/\/seinesaintdenis.fr\/actualite\/jeunesse-education\/Colleges\/Des-collegien\u00b7ne\u00b7s-a-energie-positive\/","og_locale":"fr_FR","og_type":"article","og_title":"Des coll\u00e9gien\u00b7ne\u00b7s \u00e0 \u00e9nergie positive - Seine-Saint-Denis - L&#039;actualit\u00e9 du d\u00e9partement","og_description":"25 coll\u00e8ges de Seine-Saint-Denis ont particip\u00e9 cette ann\u00e9e au challenge de r\u00e9duction d'\u00e9nergie \"C'est pas Versailles ici !\" lanc\u00e9 dans le cadre du Plan de sobri\u00e9t\u00e9 du D\u00e9partement. Les laur\u00e9at\u00b7e\u00b7s se sont vu\u00b7e\u00b7s remettre le 23 juin \u00e0 la Cit\u00e9 fertile de Pantin des r\u00e9compenses des mains du Pr\u00e9sident de la collectivit\u00e9 St\u00e9phane Troussel. Entre campagnes de sensibilisation et actions de terrain, les coll\u00e9gien\u00b7ne\u00b7s ont multipli\u00e9 les initiatives.","og_url":"https:\/\/seinesaintdenis.fr\/actualite\/jeunesse-education\/Colleges\/Des-collegien\u00b7ne\u00b7s-a-energie-positive\/","og_site_name":"Seine-Saint-Denis - L&#039;actualit\u00e9 du d\u00e9partement","article_publisher":"https:\/\/www.facebook.com\/seinesaintdenisledepartement","article_published_time":"2023-06-27T08:14:46+00:00","article_modified_time":"2023-06-27T13:15:54+00:00","og_image":[{"width":1089,"height":560,"url":"https:\/\/seinesaintdenis.fr\/actualite\/wp-content\/uploads\/2023\/06\/photo-1-2023-06-23-cite-fertile-college-jeremy-piot-dscf7960.jpg","type":"image\/jpeg"}],"author":"Carine Arassus","twitter_card":"summary_large_image","twitter_creator":"@seinesaintdenis","twitter_site":"@seinesaintdenis","twitter_misc":{"\u00c9crit par":"Carine Arassus"},"schema":{"@context":"https:\/\/schema.org","@graph":[{"@type":"Article","@id":"https:\/\/seinesaintdenis.fr\/actualite\/jeunesse-education\/Colleges\/Des-collegien%c2%b7ne%c2%b7s-a-energie-positive\/#article","isPartOf":{"@id":"https:\/\/seinesaintdenis.fr\/actualite\/jeunesse-education\/Colleges\/Des-collegien%c2%b7ne%c2%b7s-a-energie-positive\/"},"author":{"name":"Carine Arassus","@id":"https:\/\/seinesaintdenis.fr\/actualite\/#\/schema\/person\/0ed132e414e4e5a6a6d14bb9fd5b0d3a"},"headline":"Des coll\u00e9gien\u00b7ne\u00b7s \u00e0 \u00e9nergie positive","datePublished":"2023-06-27T08:14:46+00:00","dateModified":"2023-06-27T13:15:54+00:00","mainEntityOfPage":{"@id":"https:\/\/seinesaintdenis.fr\/actualite\/jeunesse-education\/Colleges\/Des-collegien%c2%b7ne%c2%b7s-a-energie-positive\/"},"wordCount":7,"commentCount":0,"publisher":{"@id":"https:\/\/seinesaintdenis.fr\/actualite\/#organization"},"image":{"@id":"https:\/\/seinesaintdenis.fr\/actualite\/jeunesse-education\/Colleges\/Des-collegien%c2%b7ne%c2%b7s-a-energie-positive\/#primaryimage"},"thumbnailUrl":"https:\/\/seinesaintdenis.fr\/actualite\/wp-content\/uploads\/2023\/06\/photo-1-2023-06-23-cite-fertile-college-jeremy-piot-dscf7960.jpg","articleSection":["Coll\u00e8ges"],"inLanguage":"fr-FR","potentialAction":[{"@type":"CommentAction","name":"Comment","target":["https:\/\/seinesaintdenis.fr\/actualite\/jeunesse-education\/Colleges\/Des-collegien%c2%b7ne%c2%b7s-a-energie-positive\/#respond"]}]},{"@type":"WebPage","@id":"https:\/\/seinesaintdenis.fr\/actualite\/jeunesse-education\/Colleges\/Des-collegien%c2%b7ne%c2%b7s-a-energie-positive\/","url":"https:\/\/seinesaintdenis.fr\/actualite\/jeunesse-education\/Colleges\/Des-collegien%c2%b7ne%c2%b7s-a-energie-positive\/","name":"Des coll\u00e9gien\u00b7ne\u00b7s \u00e0 \u00e9nergie positive - Seine-Saint-Denis - L&#039;actualit\u00e9 du d\u00e9partement","isPartOf":{"@id":"https:\/\/seinesaintdenis.fr\/actualite\/#website"},"primaryImageOfPage":{"@id":"https:\/\/seinesaintdenis.fr\/actualite\/jeunesse-education\/Colleges\/Des-collegien%c2%b7ne%c2%b7s-a-energie-positive\/#primaryimage"},"image":{"@id":"https:\/\/seinesaintdenis.fr\/actualite\/jeunesse-education\/Colleges\/Des-collegien%c2%b7ne%c2%b7s-a-energie-positive\/#primaryimage"},"thumbnailUrl":"https:\/\/seinesaintdenis.fr\/actualite\/wp-content\/uploads\/2023\/06\/photo-1-2023-06-23-cite-fertile-college-jeremy-piot-dscf7960.jpg","datePublished":"2023-06-27T08:14:46+00:00","dateModified":"2023-06-27T13:15:54+00:00","description":"25 coll\u00e8ges de Seine-Saint-Denis ont particip\u00e9 cette ann\u00e9e au challenge de r\u00e9duction d'\u00e9nergie \"C'est pas Versailles ici !\" lanc\u00e9 dans le cadre du Plan de sobri\u00e9t\u00e9 du D\u00e9partement. Les laur\u00e9at\u00b7e\u00b7s se sont vu\u00b7e\u00b7s remettre le 23 juin \u00e0 la Cit\u00e9 fertile de Pantin des r\u00e9compenses des mains du Pr\u00e9sident de la collectivit\u00e9 St\u00e9phane Troussel. Entre campagnes de sensibilisation et actions de terrain, les coll\u00e9gien\u00b7ne\u00b7s ont multipli\u00e9 les initiatives.","breadcrumb":{"@id":"https:\/\/seinesaintdenis.fr\/actualite\/jeunesse-education\/Colleges\/Des-collegien%c2%b7ne%c2%b7s-a-energie-positive\/#breadcrumb"},"inLanguage":"fr-FR","potentialAction":[{"@type":"ReadAction","target":["https:\/\/seinesaintdenis.fr\/actualite\/jeunesse-education\/Colleges\/Des-collegien%c2%b7ne%c2%b7s-a-energie-positive\/"]}]},{"@type":"ImageObject","inLanguage":"fr-FR","@id":"https:\/\/seinesaintdenis.fr\/actualite\/jeunesse-education\/Colleges\/Des-collegien%c2%b7ne%c2%b7s-a-energie-positive\/#primaryimage","url":"https:\/\/seinesaintdenis.fr\/actualite\/wp-content\/uploads\/2023\/06\/photo-1-2023-06-23-cite-fertile-college-jeremy-piot-dscf7960.jpg","contentUrl":"https:\/\/seinesaintdenis.fr\/actualite\/wp-content\/uploads\/2023\/06\/photo-1-2023-06-23-cite-fertile-college-jeremy-piot-dscf7960.jpg","width":1089,"height":560,"caption":"Challenge inter coll\u00e8ge \u00e9conomie d'\u00e9nergie"},{"@type":"BreadcrumbList","@id":"https:\/\/seinesaintdenis.fr\/actualite\/jeunesse-education\/Colleges\/Des-collegien%c2%b7ne%c2%b7s-a-energie-positive\/#breadcrumb","itemListElement":[{"@type":"ListItem","position":1,"name":"Accueil","item":"https:\/\/seinesaintdenis.fr\/actualite\/"},{"@type":"ListItem","position":2,"name":"Jeunesse &amp; \u00c9ducation","item":"https:\/\/seinesaintdenis.fr\/actualite\/jeunesse-education\/"},{"@type":"ListItem","position":3,"name":"Coll\u00e8ges","item":"https:\/\/seinesaintdenis.fr\/actualite\/jeunesse-education\/Colleges\/"},{"@type":"ListItem","position":4,"name":"Des coll\u00e9gien\u00b7ne\u00b7s \u00e0 \u00e9nergie positive"}]},{"@type":"WebSite","@id":"https:\/\/seinesaintdenis.fr\/actualite\/#website","url":"https:\/\/seinesaintdenis.fr\/actualite\/","name":"Seine-Saint-Denis - L'actualit\u00e9 du d\u00e9partement","description":"L&#039;actualit\u00e9 du D\u00e9partement de la Seine-Saint-Denis","publisher":{"@id":"https:\/\/seinesaintdenis.fr\/actualite\/#organization"},"potentialAction":[{"@type":"SearchAction","target":{"@type":"EntryPoint","urlTemplate":"https:\/\/seinesaintdenis.fr\/actualite\/?s={search_term_string}"},"query-input":{"@type":"PropertyValueSpecification","valueRequired":true,"valueName":"search_term_string"}}],"inLanguage":"fr-FR"},{"@type":"Organization","@id":"https:\/\/seinesaintdenis.fr\/actualite\/#organization","name":"Seine-Saint-Denis - Le D\u00e9partement","url":"https:\/\/seinesaintdenis.fr\/actualite\/","logo":{"@type":"ImageObject","inLanguage":"fr-FR","@id":"https:\/\/seinesaintdenis.fr\/actualite\/#\/schema\/logo\/image\/","url":"https:\/\/seinesaintdenis.fr\/actualite\/wp-content\/uploads\/2024\/08\/logo.png","contentUrl":"https:\/\/seinesaintdenis.fr\/actualite\/wp-content\/uploads\/2024\/08\/logo.png","width":567,"height":172,"caption":"Seine-Saint-Denis - Le D\u00e9partement"},"image":{"@id":"https:\/\/seinesaintdenis.fr\/actualite\/#\/schema\/logo\/image\/"},"sameAs":["https:\/\/www.facebook.com\/seinesaintdenisledepartement","https:\/\/x.com\/seinesaintdenis","https:\/\/www.linkedin.com\/company\/seinesaintdenis","https:\/\/www.instagram.com\/seine_saint_denis\/","https:\/\/www.youtube.com\/channel\/UCR5YF9NnqiLCbnrKQgLUcIw"]},{"@type":"Person","@id":"https:\/\/seinesaintdenis.fr\/actualite\/#\/schema\/person\/0ed132e414e4e5a6a6d14bb9fd5b0d3a","name":"Carine Arassus","image":{"@type":"ImageObject","inLanguage":"fr-FR","@id":"https:\/\/secure.gravatar.com\/avatar\/0f981f322f4f99253bcb871f10ae46ce56b35c7fe7c5b8aa9b09ba3a77f6e3c0?s=96&d=mm&r=g","url":"https:\/\/secure.gravatar.com\/avatar\/0f981f322f4f99253bcb871f10ae46ce56b35c7fe7c5b8aa9b09ba3a77f6e3c0?s=96&d=mm&r=g","contentUrl":"https:\/\/secure.gravatar.com\/avatar\/0f981f322f4f99253bcb871f10ae46ce56b35c7fe7c5b8aa9b09ba3a77f6e3c0?s=96&d=mm&r=g","caption":"Carine Arassus"},"url":"https:\/\/seinesaintdenis.fr\/actualite\/author\/carassus\/"}]}},"_links":{"self":[{"href":"https:\/\/seinesaintdenis.fr\/actualite\/wp-json\/wp\/v2\/posts\/4794","targetHints":{"allow":["GET"]}}],"collection":[{"href":"https:\/\/seinesaintdenis.fr\/actualite\/wp-json\/wp\/v2\/posts"}],"about":[{"href":"https:\/\/seinesaintdenis.fr\/actualite\/wp-json\/wp\/v2\/types\/post"}],"author":[{"embeddable":true,"href":"https:\/\/seinesaintdenis.fr\/actualite\/wp-json\/wp\/v2\/users\/12"}],"replies":[{"embeddable":true,"href":"https:\/\/seinesaintdenis.fr\/actualite\/wp-json\/wp\/v2\/comments?post=4794"}],"version-history":[{"count":55,"href":"https:\/\/seinesaintdenis.fr\/actualite\/wp-json\/wp\/v2\/posts\/4794\/revisions"}],"predecessor-version":[{"id":4960,"href":"https:\/\/seinesaintdenis.fr\/actualite\/wp-json\/wp\/v2\/posts\/4794\/revisions\/4960"}],"wp:featuredmedia":[{"embeddable":true,"href":"https:\/\/seinesaintdenis.fr\/actualite\/wp-json\/wp\/v2\/media\/4800"}],"wp:attachment":[{"href":"https:\/\/seinesaintdenis.fr\/actualite\/wp-json\/wp\/v2\/media?parent=4794"}],"wp:term":[{"taxonomy":"category","embeddable":true,"href":"https:\/\/seinesaintdenis.fr\/actualite\/wp-json\/wp\/v2\/categories?post=4794"},{"taxonomy":"ville","embeddable":true,"href":"https:\/\/seinesaintdenis.fr\/actualite\/wp-json\/wp\/v2\/ville?post=4794"}],"curies":[{"name":"wp","href":"https:\/\/api.w.org\/{rel}","templated":true}]}}