{"id":4465,"date":"2023-06-20T10:43:01","date_gmt":"2023-06-20T08:43:01","guid":{"rendered":"https:\/\/seinesaintdenis.fr\/actualite\/?p=4465"},"modified":"2023-07-21T13:02:09","modified_gmt":"2023-07-21T11:02:09","slug":"La-Street-Art-Avenue-se-pare-de-nouvelles-oeuvres","status":"publish","type":"post","link":"https:\/\/seinesaintdenis.fr\/actualite\/culture-patrimoine\/street-art\/La-Street-Art-Avenue-se-pare-de-nouvelles-oeuvres\/","title":{"rendered":"La Street Art Avenue se pare de nouvelles oeuvres"},"content":{"rendered":"","protected":false},"excerpt":{"rendered":"","protected":false},"author":12,"featured_media":4495,"comment_status":"open","ping_status":"open","sticky":false,"template":"","format":"standard","meta":{"_acf_changed":false,"footnotes":""},"categories":[125],"ville":[],"class_list":["post-4465","post","type-post","status-publish","format-standard","has-post-thumbnail","hentry","category-street-art"],"acf":[],"yoast_head":"<!-- This site is optimized with the Yoast SEO plugin v27.5 - https:\/\/yoast.com\/product\/yoast-seo-wordpress\/ -->\n<title>La Street Art Avenue se pare de nouvelles oeuvres - Seine-Saint-Denis - L&#039;actualit\u00e9 du d\u00e9partement<\/title>\n<meta name=\"description\" content=\"La Street Art Avenue est un parcours d&#039;art urbain le long du canal Saint-Denis, s&#039;\u00e9tirant de Paris La Villette, Aubervilliers jusqu&#039;aux alentours du Stade de France \u00e0 Saint-Denis. Lanc\u00e9 en 2016, ce \u00ab mus\u00e9e \u00e0 ciel ouvert \u00bb s&#039;\u00e9toffe chaque ann\u00e9e et sera embelli jusqu&#039;en octobre par une quinzaine d&#039;oeuvres qui s&#039;ajouteront aux trente cr\u00e9ations \u00e9veillant la curiosit\u00e9 des passant\u00b7e\u00b7s.\" \/>\n<meta name=\"robots\" content=\"index, follow, max-snippet:-1, max-image-preview:large, max-video-preview:-1\" \/>\n<link rel=\"canonical\" href=\"https:\/\/seinesaintdenis.fr\/actualite\/culture-patrimoine\/street-art\/La-Street-Art-Avenue-se-pare-de-nouvelles-oeuvres\/\" \/>\n<meta property=\"og:locale\" content=\"fr_FR\" \/>\n<meta property=\"og:type\" content=\"article\" \/>\n<meta property=\"og:title\" content=\"La Street Art Avenue se pare de nouvelles oeuvres - Seine-Saint-Denis - L&#039;actualit\u00e9 du d\u00e9partement\" \/>\n<meta property=\"og:description\" content=\"La Street Art Avenue est un parcours d&#039;art urbain le long du canal Saint-Denis, s&#039;\u00e9tirant de Paris La Villette, Aubervilliers jusqu&#039;aux alentours du Stade de France \u00e0 Saint-Denis. Lanc\u00e9 en 2016, ce \u00ab mus\u00e9e \u00e0 ciel ouvert \u00bb s&#039;\u00e9toffe chaque ann\u00e9e et sera embelli jusqu&#039;en octobre par une quinzaine d&#039;oeuvres qui s&#039;ajouteront aux trente cr\u00e9ations \u00e9veillant la curiosit\u00e9 des passant\u00b7e\u00b7s.\" \/>\n<meta property=\"og:url\" content=\"https:\/\/seinesaintdenis.fr\/actualite\/culture-patrimoine\/street-art\/La-Street-Art-Avenue-se-pare-de-nouvelles-oeuvres\/\" \/>\n<meta property=\"og:site_name\" content=\"Seine-Saint-Denis - L&#039;actualit\u00e9 du d\u00e9partement\" \/>\n<meta property=\"article:publisher\" content=\"https:\/\/www.facebook.com\/seinesaintdenisledepartement\" \/>\n<meta property=\"article:published_time\" content=\"2023-06-20T08:43:01+00:00\" \/>\n<meta property=\"article:modified_time\" content=\"2023-07-21T11:02:09+00:00\" \/>\n<meta property=\"og:image\" content=\"https:\/\/seinesaintdenis.fr\/actualite\/wp-content\/uploads\/2023\/06\/photo-1-ssd-nm-1023-12.jpg\" \/>\n\t<meta property=\"og:image:width\" content=\"1090\" \/>\n\t<meta property=\"og:image:height\" content=\"560\" \/>\n\t<meta property=\"og:image:type\" content=\"image\/jpeg\" \/>\n<meta name=\"author\" content=\"Carine Arassus\" \/>\n<meta name=\"twitter:card\" content=\"summary_large_image\" \/>\n<meta name=\"twitter:creator\" content=\"@seinesaintdenis\" \/>\n<meta name=\"twitter:site\" content=\"@seinesaintdenis\" \/>\n<meta name=\"twitter:label1\" content=\"\u00c9crit par\" \/>\n\t<meta name=\"twitter:data1\" content=\"Carine Arassus\" \/>\n<script type=\"application\/ld+json\" class=\"yoast-schema-graph\">{\"@context\":\"https:\\\/\\\/schema.org\",\"@graph\":[{\"@type\":\"Article\",\"@id\":\"https:\\\/\\\/seinesaintdenis.fr\\\/actualite\\\/culture-patrimoine\\\/street-art\\\/La-Street-Art-Avenue-se-pare-de-nouvelles-oeuvres\\\/#article\",\"isPartOf\":{\"@id\":\"https:\\\/\\\/seinesaintdenis.fr\\\/actualite\\\/culture-patrimoine\\\/street-art\\\/La-Street-Art-Avenue-se-pare-de-nouvelles-oeuvres\\\/\"},\"author\":{\"name\":\"Carine Arassus\",\"@id\":\"https:\\\/\\\/seinesaintdenis.fr\\\/actualite\\\/#\\\/schema\\\/person\\\/0ed132e414e4e5a6a6d14bb9fd5b0d3a\"},\"headline\":\"La Street Art Avenue se pare de nouvelles oeuvres\",\"datePublished\":\"2023-06-20T08:43:01+00:00\",\"dateModified\":\"2023-07-21T11:02:09+00:00\",\"mainEntityOfPage\":{\"@id\":\"https:\\\/\\\/seinesaintdenis.fr\\\/actualite\\\/culture-patrimoine\\\/street-art\\\/La-Street-Art-Avenue-se-pare-de-nouvelles-oeuvres\\\/\"},\"wordCount\":9,\"commentCount\":0,\"publisher\":{\"@id\":\"https:\\\/\\\/seinesaintdenis.fr\\\/actualite\\\/#organization\"},\"image\":{\"@id\":\"https:\\\/\\\/seinesaintdenis.fr\\\/actualite\\\/culture-patrimoine\\\/street-art\\\/La-Street-Art-Avenue-se-pare-de-nouvelles-oeuvres\\\/#primaryimage\"},\"thumbnailUrl\":\"https:\\\/\\\/seinesaintdenis.fr\\\/actualite\\\/wp-content\\\/uploads\\\/2023\\\/06\\\/photo-1-ssd-nm-1023-12.jpg\",\"articleSection\":[\"Street art\"],\"inLanguage\":\"fr-FR\",\"potentialAction\":[{\"@type\":\"CommentAction\",\"name\":\"Comment\",\"target\":[\"https:\\\/\\\/seinesaintdenis.fr\\\/actualite\\\/culture-patrimoine\\\/street-art\\\/La-Street-Art-Avenue-se-pare-de-nouvelles-oeuvres\\\/#respond\"]}]},{\"@type\":\"WebPage\",\"@id\":\"https:\\\/\\\/seinesaintdenis.fr\\\/actualite\\\/culture-patrimoine\\\/street-art\\\/La-Street-Art-Avenue-se-pare-de-nouvelles-oeuvres\\\/\",\"url\":\"https:\\\/\\\/seinesaintdenis.fr\\\/actualite\\\/culture-patrimoine\\\/street-art\\\/La-Street-Art-Avenue-se-pare-de-nouvelles-oeuvres\\\/\",\"name\":\"La Street Art Avenue se pare de nouvelles oeuvres - Seine-Saint-Denis - L&#039;actualit\u00e9 du d\u00e9partement\",\"isPartOf\":{\"@id\":\"https:\\\/\\\/seinesaintdenis.fr\\\/actualite\\\/#website\"},\"primaryImageOfPage\":{\"@id\":\"https:\\\/\\\/seinesaintdenis.fr\\\/actualite\\\/culture-patrimoine\\\/street-art\\\/La-Street-Art-Avenue-se-pare-de-nouvelles-oeuvres\\\/#primaryimage\"},\"image\":{\"@id\":\"https:\\\/\\\/seinesaintdenis.fr\\\/actualite\\\/culture-patrimoine\\\/street-art\\\/La-Street-Art-Avenue-se-pare-de-nouvelles-oeuvres\\\/#primaryimage\"},\"thumbnailUrl\":\"https:\\\/\\\/seinesaintdenis.fr\\\/actualite\\\/wp-content\\\/uploads\\\/2023\\\/06\\\/photo-1-ssd-nm-1023-12.jpg\",\"datePublished\":\"2023-06-20T08:43:01+00:00\",\"dateModified\":\"2023-07-21T11:02:09+00:00\",\"description\":\"La Street Art Avenue est un parcours d'art urbain le long du canal Saint-Denis, s'\u00e9tirant de Paris La Villette, Aubervilliers jusqu'aux alentours du Stade de France \u00e0 Saint-Denis. Lanc\u00e9 en 2016, ce \u00ab mus\u00e9e \u00e0 ciel ouvert \u00bb s'\u00e9toffe chaque ann\u00e9e et sera embelli jusqu'en octobre par une quinzaine d'oeuvres qui s'ajouteront aux trente cr\u00e9ations \u00e9veillant la curiosit\u00e9 des passant\u00b7e\u00b7s.\",\"breadcrumb\":{\"@id\":\"https:\\\/\\\/seinesaintdenis.fr\\\/actualite\\\/culture-patrimoine\\\/street-art\\\/La-Street-Art-Avenue-se-pare-de-nouvelles-oeuvres\\\/#breadcrumb\"},\"inLanguage\":\"fr-FR\",\"potentialAction\":[{\"@type\":\"ReadAction\",\"target\":[\"https:\\\/\\\/seinesaintdenis.fr\\\/actualite\\\/culture-patrimoine\\\/street-art\\\/La-Street-Art-Avenue-se-pare-de-nouvelles-oeuvres\\\/\"]}]},{\"@type\":\"ImageObject\",\"inLanguage\":\"fr-FR\",\"@id\":\"https:\\\/\\\/seinesaintdenis.fr\\\/actualite\\\/culture-patrimoine\\\/street-art\\\/La-Street-Art-Avenue-se-pare-de-nouvelles-oeuvres\\\/#primaryimage\",\"url\":\"https:\\\/\\\/seinesaintdenis.fr\\\/actualite\\\/wp-content\\\/uploads\\\/2023\\\/06\\\/photo-1-ssd-nm-1023-12.jpg\",\"contentUrl\":\"https:\\\/\\\/seinesaintdenis.fr\\\/actualite\\\/wp-content\\\/uploads\\\/2023\\\/06\\\/photo-1-ssd-nm-1023-12.jpg\",\"width\":1090,\"height\":560,\"caption\":\"Street Art Avenue lance la 7e edition de son parcours d?art urbain. 15 nouvelles creations a decouvrir en plus de la trentaine d'?uvres deja presentes sur les 5 km des bords du canal Saint-Denis\"},{\"@type\":\"BreadcrumbList\",\"@id\":\"https:\\\/\\\/seinesaintdenis.fr\\\/actualite\\\/culture-patrimoine\\\/street-art\\\/La-Street-Art-Avenue-se-pare-de-nouvelles-oeuvres\\\/#breadcrumb\",\"itemListElement\":[{\"@type\":\"ListItem\",\"position\":1,\"name\":\"Accueil\",\"item\":\"https:\\\/\\\/seinesaintdenis.fr\\\/actualite\\\/\"},{\"@type\":\"ListItem\",\"position\":2,\"name\":\"Culture &amp; Patrimoine\",\"item\":\"https:\\\/\\\/seinesaintdenis.fr\\\/actualite\\\/culture-patrimoine\\\/\"},{\"@type\":\"ListItem\",\"position\":3,\"name\":\"Street art\",\"item\":\"https:\\\/\\\/seinesaintdenis.fr\\\/actualite\\\/culture-patrimoine\\\/street-art\\\/\"},{\"@type\":\"ListItem\",\"position\":4,\"name\":\"La Street Art Avenue se pare de nouvelles oeuvres\"}]},{\"@type\":\"WebSite\",\"@id\":\"https:\\\/\\\/seinesaintdenis.fr\\\/actualite\\\/#website\",\"url\":\"https:\\\/\\\/seinesaintdenis.fr\\\/actualite\\\/\",\"name\":\"Seine-Saint-Denis - L'actualit\u00e9 du d\u00e9partement\",\"description\":\"L&#039;actualit\u00e9 du D\u00e9partement de la Seine-Saint-Denis\",\"publisher\":{\"@id\":\"https:\\\/\\\/seinesaintdenis.fr\\\/actualite\\\/#organization\"},\"potentialAction\":[{\"@type\":\"SearchAction\",\"target\":{\"@type\":\"EntryPoint\",\"urlTemplate\":\"https:\\\/\\\/seinesaintdenis.fr\\\/actualite\\\/?s={search_term_string}\"},\"query-input\":{\"@type\":\"PropertyValueSpecification\",\"valueRequired\":true,\"valueName\":\"search_term_string\"}}],\"inLanguage\":\"fr-FR\"},{\"@type\":\"Organization\",\"@id\":\"https:\\\/\\\/seinesaintdenis.fr\\\/actualite\\\/#organization\",\"name\":\"Seine-Saint-Denis - Le D\u00e9partement\",\"url\":\"https:\\\/\\\/seinesaintdenis.fr\\\/actualite\\\/\",\"logo\":{\"@type\":\"ImageObject\",\"inLanguage\":\"fr-FR\",\"@id\":\"https:\\\/\\\/seinesaintdenis.fr\\\/actualite\\\/#\\\/schema\\\/logo\\\/image\\\/\",\"url\":\"https:\\\/\\\/seinesaintdenis.fr\\\/actualite\\\/wp-content\\\/uploads\\\/2024\\\/08\\\/logo.png\",\"contentUrl\":\"https:\\\/\\\/seinesaintdenis.fr\\\/actualite\\\/wp-content\\\/uploads\\\/2024\\\/08\\\/logo.png\",\"width\":567,\"height\":172,\"caption\":\"Seine-Saint-Denis - Le D\u00e9partement\"},\"image\":{\"@id\":\"https:\\\/\\\/seinesaintdenis.fr\\\/actualite\\\/#\\\/schema\\\/logo\\\/image\\\/\"},\"sameAs\":[\"https:\\\/\\\/www.facebook.com\\\/seinesaintdenisledepartement\",\"https:\\\/\\\/x.com\\\/seinesaintdenis\",\"https:\\\/\\\/www.linkedin.com\\\/company\\\/seinesaintdenis\",\"https:\\\/\\\/www.instagram.com\\\/seine_saint_denis\\\/\",\"https:\\\/\\\/www.youtube.com\\\/channel\\\/UCR5YF9NnqiLCbnrKQgLUcIw\"]},{\"@type\":\"Person\",\"@id\":\"https:\\\/\\\/seinesaintdenis.fr\\\/actualite\\\/#\\\/schema\\\/person\\\/0ed132e414e4e5a6a6d14bb9fd5b0d3a\",\"name\":\"Carine Arassus\",\"image\":{\"@type\":\"ImageObject\",\"inLanguage\":\"fr-FR\",\"@id\":\"https:\\\/\\\/secure.gravatar.com\\\/avatar\\\/0f981f322f4f99253bcb871f10ae46ce56b35c7fe7c5b8aa9b09ba3a77f6e3c0?s=96&d=mm&r=g\",\"url\":\"https:\\\/\\\/secure.gravatar.com\\\/avatar\\\/0f981f322f4f99253bcb871f10ae46ce56b35c7fe7c5b8aa9b09ba3a77f6e3c0?s=96&d=mm&r=g\",\"contentUrl\":\"https:\\\/\\\/secure.gravatar.com\\\/avatar\\\/0f981f322f4f99253bcb871f10ae46ce56b35c7fe7c5b8aa9b09ba3a77f6e3c0?s=96&d=mm&r=g\",\"caption\":\"Carine Arassus\"},\"url\":\"https:\\\/\\\/seinesaintdenis.fr\\\/actualite\\\/author\\\/carassus\\\/\"}]}<\/script>\n<!-- \/ Yoast SEO plugin. -->","yoast_head_json":{"title":"La Street Art Avenue se pare de nouvelles oeuvres - Seine-Saint-Denis - L&#039;actualit\u00e9 du d\u00e9partement","description":"La Street Art Avenue est un parcours d'art urbain le long du canal Saint-Denis, s'\u00e9tirant de Paris La Villette, Aubervilliers jusqu'aux alentours du Stade de France \u00e0 Saint-Denis. Lanc\u00e9 en 2016, ce \u00ab mus\u00e9e \u00e0 ciel ouvert \u00bb s'\u00e9toffe chaque ann\u00e9e et sera embelli jusqu'en octobre par une quinzaine d'oeuvres qui s'ajouteront aux trente cr\u00e9ations \u00e9veillant la curiosit\u00e9 des passant\u00b7e\u00b7s.","robots":{"index":"index","follow":"follow","max-snippet":"max-snippet:-1","max-image-preview":"max-image-preview:large","max-video-preview":"max-video-preview:-1"},"canonical":"https:\/\/seinesaintdenis.fr\/actualite\/culture-patrimoine\/street-art\/La-Street-Art-Avenue-se-pare-de-nouvelles-oeuvres\/","og_locale":"fr_FR","og_type":"article","og_title":"La Street Art Avenue se pare de nouvelles oeuvres - Seine-Saint-Denis - L&#039;actualit\u00e9 du d\u00e9partement","og_description":"La Street Art Avenue est un parcours d'art urbain le long du canal Saint-Denis, s'\u00e9tirant de Paris La Villette, Aubervilliers jusqu'aux alentours du Stade de France \u00e0 Saint-Denis. Lanc\u00e9 en 2016, ce \u00ab mus\u00e9e \u00e0 ciel ouvert \u00bb s'\u00e9toffe chaque ann\u00e9e et sera embelli jusqu'en octobre par une quinzaine d'oeuvres qui s'ajouteront aux trente cr\u00e9ations \u00e9veillant la curiosit\u00e9 des passant\u00b7e\u00b7s.","og_url":"https:\/\/seinesaintdenis.fr\/actualite\/culture-patrimoine\/street-art\/La-Street-Art-Avenue-se-pare-de-nouvelles-oeuvres\/","og_site_name":"Seine-Saint-Denis - L&#039;actualit\u00e9 du d\u00e9partement","article_publisher":"https:\/\/www.facebook.com\/seinesaintdenisledepartement","article_published_time":"2023-06-20T08:43:01+00:00","article_modified_time":"2023-07-21T11:02:09+00:00","og_image":[{"width":1090,"height":560,"url":"https:\/\/seinesaintdenis.fr\/actualite\/wp-content\/uploads\/2023\/06\/photo-1-ssd-nm-1023-12.jpg","type":"image\/jpeg"}],"author":"Carine Arassus","twitter_card":"summary_large_image","twitter_creator":"@seinesaintdenis","twitter_site":"@seinesaintdenis","twitter_misc":{"\u00c9crit par":"Carine Arassus"},"schema":{"@context":"https:\/\/schema.org","@graph":[{"@type":"Article","@id":"https:\/\/seinesaintdenis.fr\/actualite\/culture-patrimoine\/street-art\/La-Street-Art-Avenue-se-pare-de-nouvelles-oeuvres\/#article","isPartOf":{"@id":"https:\/\/seinesaintdenis.fr\/actualite\/culture-patrimoine\/street-art\/La-Street-Art-Avenue-se-pare-de-nouvelles-oeuvres\/"},"author":{"name":"Carine Arassus","@id":"https:\/\/seinesaintdenis.fr\/actualite\/#\/schema\/person\/0ed132e414e4e5a6a6d14bb9fd5b0d3a"},"headline":"La Street Art Avenue se pare de nouvelles oeuvres","datePublished":"2023-06-20T08:43:01+00:00","dateModified":"2023-07-21T11:02:09+00:00","mainEntityOfPage":{"@id":"https:\/\/seinesaintdenis.fr\/actualite\/culture-patrimoine\/street-art\/La-Street-Art-Avenue-se-pare-de-nouvelles-oeuvres\/"},"wordCount":9,"commentCount":0,"publisher":{"@id":"https:\/\/seinesaintdenis.fr\/actualite\/#organization"},"image":{"@id":"https:\/\/seinesaintdenis.fr\/actualite\/culture-patrimoine\/street-art\/La-Street-Art-Avenue-se-pare-de-nouvelles-oeuvres\/#primaryimage"},"thumbnailUrl":"https:\/\/seinesaintdenis.fr\/actualite\/wp-content\/uploads\/2023\/06\/photo-1-ssd-nm-1023-12.jpg","articleSection":["Street art"],"inLanguage":"fr-FR","potentialAction":[{"@type":"CommentAction","name":"Comment","target":["https:\/\/seinesaintdenis.fr\/actualite\/culture-patrimoine\/street-art\/La-Street-Art-Avenue-se-pare-de-nouvelles-oeuvres\/#respond"]}]},{"@type":"WebPage","@id":"https:\/\/seinesaintdenis.fr\/actualite\/culture-patrimoine\/street-art\/La-Street-Art-Avenue-se-pare-de-nouvelles-oeuvres\/","url":"https:\/\/seinesaintdenis.fr\/actualite\/culture-patrimoine\/street-art\/La-Street-Art-Avenue-se-pare-de-nouvelles-oeuvres\/","name":"La Street Art Avenue se pare de nouvelles oeuvres - Seine-Saint-Denis - L&#039;actualit\u00e9 du d\u00e9partement","isPartOf":{"@id":"https:\/\/seinesaintdenis.fr\/actualite\/#website"},"primaryImageOfPage":{"@id":"https:\/\/seinesaintdenis.fr\/actualite\/culture-patrimoine\/street-art\/La-Street-Art-Avenue-se-pare-de-nouvelles-oeuvres\/#primaryimage"},"image":{"@id":"https:\/\/seinesaintdenis.fr\/actualite\/culture-patrimoine\/street-art\/La-Street-Art-Avenue-se-pare-de-nouvelles-oeuvres\/#primaryimage"},"thumbnailUrl":"https:\/\/seinesaintdenis.fr\/actualite\/wp-content\/uploads\/2023\/06\/photo-1-ssd-nm-1023-12.jpg","datePublished":"2023-06-20T08:43:01+00:00","dateModified":"2023-07-21T11:02:09+00:00","description":"La Street Art Avenue est un parcours d'art urbain le long du canal Saint-Denis, s'\u00e9tirant de Paris La Villette, Aubervilliers jusqu'aux alentours du Stade de France \u00e0 Saint-Denis. Lanc\u00e9 en 2016, ce \u00ab mus\u00e9e \u00e0 ciel ouvert \u00bb s'\u00e9toffe chaque ann\u00e9e et sera embelli jusqu'en octobre par une quinzaine d'oeuvres qui s'ajouteront aux trente cr\u00e9ations \u00e9veillant la curiosit\u00e9 des passant\u00b7e\u00b7s.","breadcrumb":{"@id":"https:\/\/seinesaintdenis.fr\/actualite\/culture-patrimoine\/street-art\/La-Street-Art-Avenue-se-pare-de-nouvelles-oeuvres\/#breadcrumb"},"inLanguage":"fr-FR","potentialAction":[{"@type":"ReadAction","target":["https:\/\/seinesaintdenis.fr\/actualite\/culture-patrimoine\/street-art\/La-Street-Art-Avenue-se-pare-de-nouvelles-oeuvres\/"]}]},{"@type":"ImageObject","inLanguage":"fr-FR","@id":"https:\/\/seinesaintdenis.fr\/actualite\/culture-patrimoine\/street-art\/La-Street-Art-Avenue-se-pare-de-nouvelles-oeuvres\/#primaryimage","url":"https:\/\/seinesaintdenis.fr\/actualite\/wp-content\/uploads\/2023\/06\/photo-1-ssd-nm-1023-12.jpg","contentUrl":"https:\/\/seinesaintdenis.fr\/actualite\/wp-content\/uploads\/2023\/06\/photo-1-ssd-nm-1023-12.jpg","width":1090,"height":560,"caption":"Street Art Avenue lance la 7e edition de son parcours d?art urbain. 15 nouvelles creations a decouvrir en plus de la trentaine d'?uvres deja presentes sur les 5 km des bords du canal Saint-Denis"},{"@type":"BreadcrumbList","@id":"https:\/\/seinesaintdenis.fr\/actualite\/culture-patrimoine\/street-art\/La-Street-Art-Avenue-se-pare-de-nouvelles-oeuvres\/#breadcrumb","itemListElement":[{"@type":"ListItem","position":1,"name":"Accueil","item":"https:\/\/seinesaintdenis.fr\/actualite\/"},{"@type":"ListItem","position":2,"name":"Culture &amp; Patrimoine","item":"https:\/\/seinesaintdenis.fr\/actualite\/culture-patrimoine\/"},{"@type":"ListItem","position":3,"name":"Street art","item":"https:\/\/seinesaintdenis.fr\/actualite\/culture-patrimoine\/street-art\/"},{"@type":"ListItem","position":4,"name":"La Street Art Avenue se pare de nouvelles oeuvres"}]},{"@type":"WebSite","@id":"https:\/\/seinesaintdenis.fr\/actualite\/#website","url":"https:\/\/seinesaintdenis.fr\/actualite\/","name":"Seine-Saint-Denis - L'actualit\u00e9 du d\u00e9partement","description":"L&#039;actualit\u00e9 du D\u00e9partement de la Seine-Saint-Denis","publisher":{"@id":"https:\/\/seinesaintdenis.fr\/actualite\/#organization"},"potentialAction":[{"@type":"SearchAction","target":{"@type":"EntryPoint","urlTemplate":"https:\/\/seinesaintdenis.fr\/actualite\/?s={search_term_string}"},"query-input":{"@type":"PropertyValueSpecification","valueRequired":true,"valueName":"search_term_string"}}],"inLanguage":"fr-FR"},{"@type":"Organization","@id":"https:\/\/seinesaintdenis.fr\/actualite\/#organization","name":"Seine-Saint-Denis - Le D\u00e9partement","url":"https:\/\/seinesaintdenis.fr\/actualite\/","logo":{"@type":"ImageObject","inLanguage":"fr-FR","@id":"https:\/\/seinesaintdenis.fr\/actualite\/#\/schema\/logo\/image\/","url":"https:\/\/seinesaintdenis.fr\/actualite\/wp-content\/uploads\/2024\/08\/logo.png","contentUrl":"https:\/\/seinesaintdenis.fr\/actualite\/wp-content\/uploads\/2024\/08\/logo.png","width":567,"height":172,"caption":"Seine-Saint-Denis - Le D\u00e9partement"},"image":{"@id":"https:\/\/seinesaintdenis.fr\/actualite\/#\/schema\/logo\/image\/"},"sameAs":["https:\/\/www.facebook.com\/seinesaintdenisledepartement","https:\/\/x.com\/seinesaintdenis","https:\/\/www.linkedin.com\/company\/seinesaintdenis","https:\/\/www.instagram.com\/seine_saint_denis\/","https:\/\/www.youtube.com\/channel\/UCR5YF9NnqiLCbnrKQgLUcIw"]},{"@type":"Person","@id":"https:\/\/seinesaintdenis.fr\/actualite\/#\/schema\/person\/0ed132e414e4e5a6a6d14bb9fd5b0d3a","name":"Carine Arassus","image":{"@type":"ImageObject","inLanguage":"fr-FR","@id":"https:\/\/secure.gravatar.com\/avatar\/0f981f322f4f99253bcb871f10ae46ce56b35c7fe7c5b8aa9b09ba3a77f6e3c0?s=96&d=mm&r=g","url":"https:\/\/secure.gravatar.com\/avatar\/0f981f322f4f99253bcb871f10ae46ce56b35c7fe7c5b8aa9b09ba3a77f6e3c0?s=96&d=mm&r=g","contentUrl":"https:\/\/secure.gravatar.com\/avatar\/0f981f322f4f99253bcb871f10ae46ce56b35c7fe7c5b8aa9b09ba3a77f6e3c0?s=96&d=mm&r=g","caption":"Carine Arassus"},"url":"https:\/\/seinesaintdenis.fr\/actualite\/author\/carassus\/"}]}},"_links":{"self":[{"href":"https:\/\/seinesaintdenis.fr\/actualite\/wp-json\/wp\/v2\/posts\/4465","targetHints":{"allow":["GET"]}}],"collection":[{"href":"https:\/\/seinesaintdenis.fr\/actualite\/wp-json\/wp\/v2\/posts"}],"about":[{"href":"https:\/\/seinesaintdenis.fr\/actualite\/wp-json\/wp\/v2\/types\/post"}],"author":[{"embeddable":true,"href":"https:\/\/seinesaintdenis.fr\/actualite\/wp-json\/wp\/v2\/users\/12"}],"replies":[{"embeddable":true,"href":"https:\/\/seinesaintdenis.fr\/actualite\/wp-json\/wp\/v2\/comments?post=4465"}],"version-history":[{"count":45,"href":"https:\/\/seinesaintdenis.fr\/actualite\/wp-json\/wp\/v2\/posts\/4465\/revisions"}],"predecessor-version":[{"id":6040,"href":"https:\/\/seinesaintdenis.fr\/actualite\/wp-json\/wp\/v2\/posts\/4465\/revisions\/6040"}],"wp:featuredmedia":[{"embeddable":true,"href":"https:\/\/seinesaintdenis.fr\/actualite\/wp-json\/wp\/v2\/media\/4495"}],"wp:attachment":[{"href":"https:\/\/seinesaintdenis.fr\/actualite\/wp-json\/wp\/v2\/media?parent=4465"}],"wp:term":[{"taxonomy":"category","embeddable":true,"href":"https:\/\/seinesaintdenis.fr\/actualite\/wp-json\/wp\/v2\/categories?post=4465"},{"taxonomy":"ville","embeddable":true,"href":"https:\/\/seinesaintdenis.fr\/actualite\/wp-json\/wp\/v2\/ville?post=4465"}],"curies":[{"name":"wp","href":"https:\/\/api.w.org\/{rel}","templated":true}]}}