{"id":4397,"date":"2023-06-19T10:46:14","date_gmt":"2023-06-19T08:46:14","guid":{"rendered":"https:\/\/seinesaintdenis.fr\/actualite\/?p=4397"},"modified":"2023-06-27T09:30:54","modified_gmt":"2023-06-27T07:30:54","slug":"Une-caravane-pour-aider-les-aidant%c2%b7e%c2%b7s","status":"publish","type":"post","link":"https:\/\/seinesaintdenis.fr\/actualite\/solidarites-sante\/Une-caravane-pour-aider-les-aidant%c2%b7e%c2%b7s\/","title":{"rendered":"Une caravane pour aider les aidant\u00b7e\u00b7s"},"content":{"rendered":"","protected":false},"excerpt":{"rendered":"","protected":false},"author":12,"featured_media":4395,"comment_status":"open","ping_status":"open","sticky":false,"template":"","format":"standard","meta":{"_acf_changed":false,"footnotes":""},"categories":[11],"ville":[77],"class_list":["post-4397","post","type-post","status-publish","format-standard","has-post-thumbnail","hentry","category-solidarites-sante"],"acf":[],"yoast_head":"<!-- This site is optimized with the Yoast SEO plugin v27.5 - https:\/\/yoast.com\/product\/yoast-seo-wordpress\/ -->\n<title>Une caravane pour aider les aidant\u00b7e\u00b7s - Seine-Saint-Denis - L&#039;actualit\u00e9 du d\u00e9partement<\/title>\n<meta name=\"description\" content=\"Engag\u00e9 en faveur de l&#039;autonomie des personnes \u00e2g\u00e9es et\/ou handicap\u00e9es, le D\u00e9partement m\u00e8ne aussi un ensemble d&#039;actions pour lutter contre l&#039;\u00e9puisement des proches souvent tr\u00e8s sollicit\u00e9\u00b7e\u00b7s. Une caravane d\u00e9di\u00e9e aux aidant\u00b7e\u00b7s sillonnera le territoire \u00e0 compter de fin juin afin de les informer sur leurs droits et les ressources existantes.\" \/>\n<meta name=\"robots\" content=\"index, follow, max-snippet:-1, max-image-preview:large, max-video-preview:-1\" \/>\n<link rel=\"canonical\" href=\"https:\/\/seinesaintdenis.fr\/actualite\/solidarites-sante\/Une-caravane-pour-aider-les-aidant\u00b7e\u00b7s\/\" \/>\n<meta property=\"og:locale\" content=\"fr_FR\" \/>\n<meta property=\"og:type\" content=\"article\" \/>\n<meta property=\"og:title\" content=\"Une caravane pour aider les aidant\u00b7e\u00b7s - Seine-Saint-Denis - L&#039;actualit\u00e9 du d\u00e9partement\" \/>\n<meta property=\"og:description\" content=\"Engag\u00e9 en faveur de l&#039;autonomie des personnes \u00e2g\u00e9es et\/ou handicap\u00e9es, le D\u00e9partement m\u00e8ne aussi un ensemble d&#039;actions pour lutter contre l&#039;\u00e9puisement des proches souvent tr\u00e8s sollicit\u00e9\u00b7e\u00b7s. Une caravane d\u00e9di\u00e9e aux aidant\u00b7e\u00b7s sillonnera le territoire \u00e0 compter de fin juin afin de les informer sur leurs droits et les ressources existantes.\" \/>\n<meta property=\"og:url\" content=\"https:\/\/seinesaintdenis.fr\/actualite\/solidarites-sante\/Une-caravane-pour-aider-les-aidant\u00b7e\u00b7s\/\" \/>\n<meta property=\"og:site_name\" content=\"Seine-Saint-Denis - L&#039;actualit\u00e9 du d\u00e9partement\" \/>\n<meta property=\"article:publisher\" content=\"https:\/\/www.facebook.com\/seinesaintdenisledepartement\" \/>\n<meta property=\"article:published_time\" content=\"2023-06-19T08:46:14+00:00\" \/>\n<meta property=\"article:modified_time\" content=\"2023-06-27T07:30:54+00:00\" \/>\n<meta property=\"og:image\" content=\"https:\/\/seinesaintdenis.fr\/actualite\/wp-content\/uploads\/2023\/06\/photo-1-bus-des-aidants-les-lilas-jlb-02-06-2022-24.jpg\" \/>\n\t<meta property=\"og:image:width\" content=\"1089\" \/>\n\t<meta property=\"og:image:height\" content=\"561\" \/>\n\t<meta property=\"og:image:type\" content=\"image\/jpeg\" \/>\n<meta name=\"author\" content=\"Carine Arassus\" \/>\n<meta name=\"twitter:card\" content=\"summary_large_image\" \/>\n<meta name=\"twitter:creator\" content=\"@seinesaintdenis\" \/>\n<meta name=\"twitter:site\" content=\"@seinesaintdenis\" \/>\n<meta name=\"twitter:label1\" content=\"\u00c9crit par\" \/>\n\t<meta name=\"twitter:data1\" content=\"Carine Arassus\" \/>\n<script type=\"application\/ld+json\" class=\"yoast-schema-graph\">{\"@context\":\"https:\\\/\\\/schema.org\",\"@graph\":[{\"@type\":\"Article\",\"@id\":\"https:\\\/\\\/seinesaintdenis.fr\\\/actualite\\\/solidarites-sante\\\/Une-caravane-pour-aider-les-aidant%c2%b7e%c2%b7s\\\/#article\",\"isPartOf\":{\"@id\":\"https:\\\/\\\/seinesaintdenis.fr\\\/actualite\\\/solidarites-sante\\\/Une-caravane-pour-aider-les-aidant%c2%b7e%c2%b7s\\\/\"},\"author\":{\"name\":\"Carine Arassus\",\"@id\":\"https:\\\/\\\/seinesaintdenis.fr\\\/actualite\\\/#\\\/schema\\\/person\\\/0ed132e414e4e5a6a6d14bb9fd5b0d3a\"},\"headline\":\"Une caravane pour aider les aidant\u00b7e\u00b7s\",\"datePublished\":\"2023-06-19T08:46:14+00:00\",\"dateModified\":\"2023-06-27T07:30:54+00:00\",\"mainEntityOfPage\":{\"@id\":\"https:\\\/\\\/seinesaintdenis.fr\\\/actualite\\\/solidarites-sante\\\/Une-caravane-pour-aider-les-aidant%c2%b7e%c2%b7s\\\/\"},\"wordCount\":8,\"commentCount\":0,\"publisher\":{\"@id\":\"https:\\\/\\\/seinesaintdenis.fr\\\/actualite\\\/#organization\"},\"image\":{\"@id\":\"https:\\\/\\\/seinesaintdenis.fr\\\/actualite\\\/solidarites-sante\\\/Une-caravane-pour-aider-les-aidant%c2%b7e%c2%b7s\\\/#primaryimage\"},\"thumbnailUrl\":\"https:\\\/\\\/seinesaintdenis.fr\\\/actualite\\\/wp-content\\\/uploads\\\/2023\\\/06\\\/photo-1-bus-des-aidants-les-lilas-jlb-02-06-2022-24.jpg\",\"articleSection\":[\"Solidarit\u00e9s &amp; Sant\u00e9\"],\"inLanguage\":\"fr-FR\",\"potentialAction\":[{\"@type\":\"CommentAction\",\"name\":\"Comment\",\"target\":[\"https:\\\/\\\/seinesaintdenis.fr\\\/actualite\\\/solidarites-sante\\\/Une-caravane-pour-aider-les-aidant%c2%b7e%c2%b7s\\\/#respond\"]}]},{\"@type\":\"WebPage\",\"@id\":\"https:\\\/\\\/seinesaintdenis.fr\\\/actualite\\\/solidarites-sante\\\/Une-caravane-pour-aider-les-aidant%c2%b7e%c2%b7s\\\/\",\"url\":\"https:\\\/\\\/seinesaintdenis.fr\\\/actualite\\\/solidarites-sante\\\/Une-caravane-pour-aider-les-aidant%c2%b7e%c2%b7s\\\/\",\"name\":\"Une caravane pour aider les aidant\u00b7e\u00b7s - Seine-Saint-Denis - L&#039;actualit\u00e9 du d\u00e9partement\",\"isPartOf\":{\"@id\":\"https:\\\/\\\/seinesaintdenis.fr\\\/actualite\\\/#website\"},\"primaryImageOfPage\":{\"@id\":\"https:\\\/\\\/seinesaintdenis.fr\\\/actualite\\\/solidarites-sante\\\/Une-caravane-pour-aider-les-aidant%c2%b7e%c2%b7s\\\/#primaryimage\"},\"image\":{\"@id\":\"https:\\\/\\\/seinesaintdenis.fr\\\/actualite\\\/solidarites-sante\\\/Une-caravane-pour-aider-les-aidant%c2%b7e%c2%b7s\\\/#primaryimage\"},\"thumbnailUrl\":\"https:\\\/\\\/seinesaintdenis.fr\\\/actualite\\\/wp-content\\\/uploads\\\/2023\\\/06\\\/photo-1-bus-des-aidants-les-lilas-jlb-02-06-2022-24.jpg\",\"datePublished\":\"2023-06-19T08:46:14+00:00\",\"dateModified\":\"2023-06-27T07:30:54+00:00\",\"description\":\"Engag\u00e9 en faveur de l'autonomie des personnes \u00e2g\u00e9es et\\\/ou handicap\u00e9es, le D\u00e9partement m\u00e8ne aussi un ensemble d'actions pour lutter contre l'\u00e9puisement des proches souvent tr\u00e8s sollicit\u00e9\u00b7e\u00b7s. Une caravane d\u00e9di\u00e9e aux aidant\u00b7e\u00b7s sillonnera le territoire \u00e0 compter de fin juin afin de les informer sur leurs droits et les ressources existantes.\",\"breadcrumb\":{\"@id\":\"https:\\\/\\\/seinesaintdenis.fr\\\/actualite\\\/solidarites-sante\\\/Une-caravane-pour-aider-les-aidant%c2%b7e%c2%b7s\\\/#breadcrumb\"},\"inLanguage\":\"fr-FR\",\"potentialAction\":[{\"@type\":\"ReadAction\",\"target\":[\"https:\\\/\\\/seinesaintdenis.fr\\\/actualite\\\/solidarites-sante\\\/Une-caravane-pour-aider-les-aidant%c2%b7e%c2%b7s\\\/\"]}]},{\"@type\":\"ImageObject\",\"inLanguage\":\"fr-FR\",\"@id\":\"https:\\\/\\\/seinesaintdenis.fr\\\/actualite\\\/solidarites-sante\\\/Une-caravane-pour-aider-les-aidant%c2%b7e%c2%b7s\\\/#primaryimage\",\"url\":\"https:\\\/\\\/seinesaintdenis.fr\\\/actualite\\\/wp-content\\\/uploads\\\/2023\\\/06\\\/photo-1-bus-des-aidants-les-lilas-jlb-02-06-2022-24.jpg\",\"contentUrl\":\"https:\\\/\\\/seinesaintdenis.fr\\\/actualite\\\/wp-content\\\/uploads\\\/2023\\\/06\\\/photo-1-bus-des-aidants-les-lilas-jlb-02-06-2022-24.jpg\",\"width\":1089,\"height\":561,\"caption\":\"Jeudi 2 juin, le parvis du parc Lucie-Aubrac des Lilas a accueilli, en pr\u00e9sence de St\u00e9phane Troussel et de la conseill\u00e8re d\u00e9partementale Elodie Girardet, le lancement de la caravane \u00ab Tous aidants \u00bb, qui va parcourir l\u2019\u00cele-de-France, puis la France jusqu\u2019en octobre. Cette initiative vise \u00e0 informer et accompagner au mieux les aidantes, souvent isol\u00e9es et \u00e9puis\u00e9es, se d\u00e9vouant pour aider un proche malade ou en situation de d\u00e9pendance.\"},{\"@type\":\"BreadcrumbList\",\"@id\":\"https:\\\/\\\/seinesaintdenis.fr\\\/actualite\\\/solidarites-sante\\\/Une-caravane-pour-aider-les-aidant%c2%b7e%c2%b7s\\\/#breadcrumb\",\"itemListElement\":[{\"@type\":\"ListItem\",\"position\":1,\"name\":\"Accueil\",\"item\":\"https:\\\/\\\/seinesaintdenis.fr\\\/actualite\\\/\"},{\"@type\":\"ListItem\",\"position\":2,\"name\":\"Solidarit\u00e9s &amp; Sant\u00e9\",\"item\":\"https:\\\/\\\/seinesaintdenis.fr\\\/actualite\\\/solidarites-sante\\\/\"},{\"@type\":\"ListItem\",\"position\":3,\"name\":\"Une caravane pour aider les aidant\u00b7e\u00b7s\"}]},{\"@type\":\"WebSite\",\"@id\":\"https:\\\/\\\/seinesaintdenis.fr\\\/actualite\\\/#website\",\"url\":\"https:\\\/\\\/seinesaintdenis.fr\\\/actualite\\\/\",\"name\":\"Seine-Saint-Denis - L'actualit\u00e9 du d\u00e9partement\",\"description\":\"L&#039;actualit\u00e9 du D\u00e9partement de la Seine-Saint-Denis\",\"publisher\":{\"@id\":\"https:\\\/\\\/seinesaintdenis.fr\\\/actualite\\\/#organization\"},\"potentialAction\":[{\"@type\":\"SearchAction\",\"target\":{\"@type\":\"EntryPoint\",\"urlTemplate\":\"https:\\\/\\\/seinesaintdenis.fr\\\/actualite\\\/?s={search_term_string}\"},\"query-input\":{\"@type\":\"PropertyValueSpecification\",\"valueRequired\":true,\"valueName\":\"search_term_string\"}}],\"inLanguage\":\"fr-FR\"},{\"@type\":\"Organization\",\"@id\":\"https:\\\/\\\/seinesaintdenis.fr\\\/actualite\\\/#organization\",\"name\":\"Seine-Saint-Denis - Le D\u00e9partement\",\"url\":\"https:\\\/\\\/seinesaintdenis.fr\\\/actualite\\\/\",\"logo\":{\"@type\":\"ImageObject\",\"inLanguage\":\"fr-FR\",\"@id\":\"https:\\\/\\\/seinesaintdenis.fr\\\/actualite\\\/#\\\/schema\\\/logo\\\/image\\\/\",\"url\":\"https:\\\/\\\/seinesaintdenis.fr\\\/actualite\\\/wp-content\\\/uploads\\\/2024\\\/08\\\/logo.png\",\"contentUrl\":\"https:\\\/\\\/seinesaintdenis.fr\\\/actualite\\\/wp-content\\\/uploads\\\/2024\\\/08\\\/logo.png\",\"width\":567,\"height\":172,\"caption\":\"Seine-Saint-Denis - Le D\u00e9partement\"},\"image\":{\"@id\":\"https:\\\/\\\/seinesaintdenis.fr\\\/actualite\\\/#\\\/schema\\\/logo\\\/image\\\/\"},\"sameAs\":[\"https:\\\/\\\/www.facebook.com\\\/seinesaintdenisledepartement\",\"https:\\\/\\\/x.com\\\/seinesaintdenis\",\"https:\\\/\\\/www.linkedin.com\\\/company\\\/seinesaintdenis\",\"https:\\\/\\\/www.instagram.com\\\/seine_saint_denis\\\/\",\"https:\\\/\\\/www.youtube.com\\\/channel\\\/UCR5YF9NnqiLCbnrKQgLUcIw\"]},{\"@type\":\"Person\",\"@id\":\"https:\\\/\\\/seinesaintdenis.fr\\\/actualite\\\/#\\\/schema\\\/person\\\/0ed132e414e4e5a6a6d14bb9fd5b0d3a\",\"name\":\"Carine Arassus\",\"image\":{\"@type\":\"ImageObject\",\"inLanguage\":\"fr-FR\",\"@id\":\"https:\\\/\\\/secure.gravatar.com\\\/avatar\\\/0f981f322f4f99253bcb871f10ae46ce56b35c7fe7c5b8aa9b09ba3a77f6e3c0?s=96&d=mm&r=g\",\"url\":\"https:\\\/\\\/secure.gravatar.com\\\/avatar\\\/0f981f322f4f99253bcb871f10ae46ce56b35c7fe7c5b8aa9b09ba3a77f6e3c0?s=96&d=mm&r=g\",\"contentUrl\":\"https:\\\/\\\/secure.gravatar.com\\\/avatar\\\/0f981f322f4f99253bcb871f10ae46ce56b35c7fe7c5b8aa9b09ba3a77f6e3c0?s=96&d=mm&r=g\",\"caption\":\"Carine Arassus\"},\"url\":\"https:\\\/\\\/seinesaintdenis.fr\\\/actualite\\\/author\\\/carassus\\\/\"}]}<\/script>\n<!-- \/ Yoast SEO plugin. -->","yoast_head_json":{"title":"Une caravane pour aider les aidant\u00b7e\u00b7s - Seine-Saint-Denis - L&#039;actualit\u00e9 du d\u00e9partement","description":"Engag\u00e9 en faveur de l'autonomie des personnes \u00e2g\u00e9es et\/ou handicap\u00e9es, le D\u00e9partement m\u00e8ne aussi un ensemble d'actions pour lutter contre l'\u00e9puisement des proches souvent tr\u00e8s sollicit\u00e9\u00b7e\u00b7s. Une caravane d\u00e9di\u00e9e aux aidant\u00b7e\u00b7s sillonnera le territoire \u00e0 compter de fin juin afin de les informer sur leurs droits et les ressources existantes.","robots":{"index":"index","follow":"follow","max-snippet":"max-snippet:-1","max-image-preview":"max-image-preview:large","max-video-preview":"max-video-preview:-1"},"canonical":"https:\/\/seinesaintdenis.fr\/actualite\/solidarites-sante\/Une-caravane-pour-aider-les-aidant\u00b7e\u00b7s\/","og_locale":"fr_FR","og_type":"article","og_title":"Une caravane pour aider les aidant\u00b7e\u00b7s - Seine-Saint-Denis - L&#039;actualit\u00e9 du d\u00e9partement","og_description":"Engag\u00e9 en faveur de l'autonomie des personnes \u00e2g\u00e9es et\/ou handicap\u00e9es, le D\u00e9partement m\u00e8ne aussi un ensemble d'actions pour lutter contre l'\u00e9puisement des proches souvent tr\u00e8s sollicit\u00e9\u00b7e\u00b7s. Une caravane d\u00e9di\u00e9e aux aidant\u00b7e\u00b7s sillonnera le territoire \u00e0 compter de fin juin afin de les informer sur leurs droits et les ressources existantes.","og_url":"https:\/\/seinesaintdenis.fr\/actualite\/solidarites-sante\/Une-caravane-pour-aider-les-aidant\u00b7e\u00b7s\/","og_site_name":"Seine-Saint-Denis - L&#039;actualit\u00e9 du d\u00e9partement","article_publisher":"https:\/\/www.facebook.com\/seinesaintdenisledepartement","article_published_time":"2023-06-19T08:46:14+00:00","article_modified_time":"2023-06-27T07:30:54+00:00","og_image":[{"width":1089,"height":561,"url":"https:\/\/seinesaintdenis.fr\/actualite\/wp-content\/uploads\/2023\/06\/photo-1-bus-des-aidants-les-lilas-jlb-02-06-2022-24.jpg","type":"image\/jpeg"}],"author":"Carine Arassus","twitter_card":"summary_large_image","twitter_creator":"@seinesaintdenis","twitter_site":"@seinesaintdenis","twitter_misc":{"\u00c9crit par":"Carine Arassus"},"schema":{"@context":"https:\/\/schema.org","@graph":[{"@type":"Article","@id":"https:\/\/seinesaintdenis.fr\/actualite\/solidarites-sante\/Une-caravane-pour-aider-les-aidant%c2%b7e%c2%b7s\/#article","isPartOf":{"@id":"https:\/\/seinesaintdenis.fr\/actualite\/solidarites-sante\/Une-caravane-pour-aider-les-aidant%c2%b7e%c2%b7s\/"},"author":{"name":"Carine Arassus","@id":"https:\/\/seinesaintdenis.fr\/actualite\/#\/schema\/person\/0ed132e414e4e5a6a6d14bb9fd5b0d3a"},"headline":"Une caravane pour aider les aidant\u00b7e\u00b7s","datePublished":"2023-06-19T08:46:14+00:00","dateModified":"2023-06-27T07:30:54+00:00","mainEntityOfPage":{"@id":"https:\/\/seinesaintdenis.fr\/actualite\/solidarites-sante\/Une-caravane-pour-aider-les-aidant%c2%b7e%c2%b7s\/"},"wordCount":8,"commentCount":0,"publisher":{"@id":"https:\/\/seinesaintdenis.fr\/actualite\/#organization"},"image":{"@id":"https:\/\/seinesaintdenis.fr\/actualite\/solidarites-sante\/Une-caravane-pour-aider-les-aidant%c2%b7e%c2%b7s\/#primaryimage"},"thumbnailUrl":"https:\/\/seinesaintdenis.fr\/actualite\/wp-content\/uploads\/2023\/06\/photo-1-bus-des-aidants-les-lilas-jlb-02-06-2022-24.jpg","articleSection":["Solidarit\u00e9s &amp; Sant\u00e9"],"inLanguage":"fr-FR","potentialAction":[{"@type":"CommentAction","name":"Comment","target":["https:\/\/seinesaintdenis.fr\/actualite\/solidarites-sante\/Une-caravane-pour-aider-les-aidant%c2%b7e%c2%b7s\/#respond"]}]},{"@type":"WebPage","@id":"https:\/\/seinesaintdenis.fr\/actualite\/solidarites-sante\/Une-caravane-pour-aider-les-aidant%c2%b7e%c2%b7s\/","url":"https:\/\/seinesaintdenis.fr\/actualite\/solidarites-sante\/Une-caravane-pour-aider-les-aidant%c2%b7e%c2%b7s\/","name":"Une caravane pour aider les aidant\u00b7e\u00b7s - Seine-Saint-Denis - L&#039;actualit\u00e9 du d\u00e9partement","isPartOf":{"@id":"https:\/\/seinesaintdenis.fr\/actualite\/#website"},"primaryImageOfPage":{"@id":"https:\/\/seinesaintdenis.fr\/actualite\/solidarites-sante\/Une-caravane-pour-aider-les-aidant%c2%b7e%c2%b7s\/#primaryimage"},"image":{"@id":"https:\/\/seinesaintdenis.fr\/actualite\/solidarites-sante\/Une-caravane-pour-aider-les-aidant%c2%b7e%c2%b7s\/#primaryimage"},"thumbnailUrl":"https:\/\/seinesaintdenis.fr\/actualite\/wp-content\/uploads\/2023\/06\/photo-1-bus-des-aidants-les-lilas-jlb-02-06-2022-24.jpg","datePublished":"2023-06-19T08:46:14+00:00","dateModified":"2023-06-27T07:30:54+00:00","description":"Engag\u00e9 en faveur de l'autonomie des personnes \u00e2g\u00e9es et\/ou handicap\u00e9es, le D\u00e9partement m\u00e8ne aussi un ensemble d'actions pour lutter contre l'\u00e9puisement des proches souvent tr\u00e8s sollicit\u00e9\u00b7e\u00b7s. Une caravane d\u00e9di\u00e9e aux aidant\u00b7e\u00b7s sillonnera le territoire \u00e0 compter de fin juin afin de les informer sur leurs droits et les ressources existantes.","breadcrumb":{"@id":"https:\/\/seinesaintdenis.fr\/actualite\/solidarites-sante\/Une-caravane-pour-aider-les-aidant%c2%b7e%c2%b7s\/#breadcrumb"},"inLanguage":"fr-FR","potentialAction":[{"@type":"ReadAction","target":["https:\/\/seinesaintdenis.fr\/actualite\/solidarites-sante\/Une-caravane-pour-aider-les-aidant%c2%b7e%c2%b7s\/"]}]},{"@type":"ImageObject","inLanguage":"fr-FR","@id":"https:\/\/seinesaintdenis.fr\/actualite\/solidarites-sante\/Une-caravane-pour-aider-les-aidant%c2%b7e%c2%b7s\/#primaryimage","url":"https:\/\/seinesaintdenis.fr\/actualite\/wp-content\/uploads\/2023\/06\/photo-1-bus-des-aidants-les-lilas-jlb-02-06-2022-24.jpg","contentUrl":"https:\/\/seinesaintdenis.fr\/actualite\/wp-content\/uploads\/2023\/06\/photo-1-bus-des-aidants-les-lilas-jlb-02-06-2022-24.jpg","width":1089,"height":561,"caption":"Jeudi 2 juin, le parvis du parc Lucie-Aubrac des Lilas a accueilli, en pr\u00e9sence de St\u00e9phane Troussel et de la conseill\u00e8re d\u00e9partementale Elodie Girardet, le lancement de la caravane \u00ab Tous aidants \u00bb, qui va parcourir l\u2019\u00cele-de-France, puis la France jusqu\u2019en octobre. Cette initiative vise \u00e0 informer et accompagner au mieux les aidantes, souvent isol\u00e9es et \u00e9puis\u00e9es, se d\u00e9vouant pour aider un proche malade ou en situation de d\u00e9pendance."},{"@type":"BreadcrumbList","@id":"https:\/\/seinesaintdenis.fr\/actualite\/solidarites-sante\/Une-caravane-pour-aider-les-aidant%c2%b7e%c2%b7s\/#breadcrumb","itemListElement":[{"@type":"ListItem","position":1,"name":"Accueil","item":"https:\/\/seinesaintdenis.fr\/actualite\/"},{"@type":"ListItem","position":2,"name":"Solidarit\u00e9s &amp; Sant\u00e9","item":"https:\/\/seinesaintdenis.fr\/actualite\/solidarites-sante\/"},{"@type":"ListItem","position":3,"name":"Une caravane pour aider les aidant\u00b7e\u00b7s"}]},{"@type":"WebSite","@id":"https:\/\/seinesaintdenis.fr\/actualite\/#website","url":"https:\/\/seinesaintdenis.fr\/actualite\/","name":"Seine-Saint-Denis - L'actualit\u00e9 du d\u00e9partement","description":"L&#039;actualit\u00e9 du D\u00e9partement de la Seine-Saint-Denis","publisher":{"@id":"https:\/\/seinesaintdenis.fr\/actualite\/#organization"},"potentialAction":[{"@type":"SearchAction","target":{"@type":"EntryPoint","urlTemplate":"https:\/\/seinesaintdenis.fr\/actualite\/?s={search_term_string}"},"query-input":{"@type":"PropertyValueSpecification","valueRequired":true,"valueName":"search_term_string"}}],"inLanguage":"fr-FR"},{"@type":"Organization","@id":"https:\/\/seinesaintdenis.fr\/actualite\/#organization","name":"Seine-Saint-Denis - Le D\u00e9partement","url":"https:\/\/seinesaintdenis.fr\/actualite\/","logo":{"@type":"ImageObject","inLanguage":"fr-FR","@id":"https:\/\/seinesaintdenis.fr\/actualite\/#\/schema\/logo\/image\/","url":"https:\/\/seinesaintdenis.fr\/actualite\/wp-content\/uploads\/2024\/08\/logo.png","contentUrl":"https:\/\/seinesaintdenis.fr\/actualite\/wp-content\/uploads\/2024\/08\/logo.png","width":567,"height":172,"caption":"Seine-Saint-Denis - Le D\u00e9partement"},"image":{"@id":"https:\/\/seinesaintdenis.fr\/actualite\/#\/schema\/logo\/image\/"},"sameAs":["https:\/\/www.facebook.com\/seinesaintdenisledepartement","https:\/\/x.com\/seinesaintdenis","https:\/\/www.linkedin.com\/company\/seinesaintdenis","https:\/\/www.instagram.com\/seine_saint_denis\/","https:\/\/www.youtube.com\/channel\/UCR5YF9NnqiLCbnrKQgLUcIw"]},{"@type":"Person","@id":"https:\/\/seinesaintdenis.fr\/actualite\/#\/schema\/person\/0ed132e414e4e5a6a6d14bb9fd5b0d3a","name":"Carine Arassus","image":{"@type":"ImageObject","inLanguage":"fr-FR","@id":"https:\/\/secure.gravatar.com\/avatar\/0f981f322f4f99253bcb871f10ae46ce56b35c7fe7c5b8aa9b09ba3a77f6e3c0?s=96&d=mm&r=g","url":"https:\/\/secure.gravatar.com\/avatar\/0f981f322f4f99253bcb871f10ae46ce56b35c7fe7c5b8aa9b09ba3a77f6e3c0?s=96&d=mm&r=g","contentUrl":"https:\/\/secure.gravatar.com\/avatar\/0f981f322f4f99253bcb871f10ae46ce56b35c7fe7c5b8aa9b09ba3a77f6e3c0?s=96&d=mm&r=g","caption":"Carine Arassus"},"url":"https:\/\/seinesaintdenis.fr\/actualite\/author\/carassus\/"}]}},"_links":{"self":[{"href":"https:\/\/seinesaintdenis.fr\/actualite\/wp-json\/wp\/v2\/posts\/4397","targetHints":{"allow":["GET"]}}],"collection":[{"href":"https:\/\/seinesaintdenis.fr\/actualite\/wp-json\/wp\/v2\/posts"}],"about":[{"href":"https:\/\/seinesaintdenis.fr\/actualite\/wp-json\/wp\/v2\/types\/post"}],"author":[{"embeddable":true,"href":"https:\/\/seinesaintdenis.fr\/actualite\/wp-json\/wp\/v2\/users\/12"}],"replies":[{"embeddable":true,"href":"https:\/\/seinesaintdenis.fr\/actualite\/wp-json\/wp\/v2\/comments?post=4397"}],"version-history":[{"count":15,"href":"https:\/\/seinesaintdenis.fr\/actualite\/wp-json\/wp\/v2\/posts\/4397\/revisions"}],"predecessor-version":[{"id":4890,"href":"https:\/\/seinesaintdenis.fr\/actualite\/wp-json\/wp\/v2\/posts\/4397\/revisions\/4890"}],"wp:featuredmedia":[{"embeddable":true,"href":"https:\/\/seinesaintdenis.fr\/actualite\/wp-json\/wp\/v2\/media\/4395"}],"wp:attachment":[{"href":"https:\/\/seinesaintdenis.fr\/actualite\/wp-json\/wp\/v2\/media?parent=4397"}],"wp:term":[{"taxonomy":"category","embeddable":true,"href":"https:\/\/seinesaintdenis.fr\/actualite\/wp-json\/wp\/v2\/categories?post=4397"},{"taxonomy":"ville","embeddable":true,"href":"https:\/\/seinesaintdenis.fr\/actualite\/wp-json\/wp\/v2\/ville?post=4397"}],"curies":[{"name":"wp","href":"https:\/\/api.w.org\/{rel}","templated":true}]}}