{"id":4062,"date":"2023-06-12T13:53:46","date_gmt":"2023-06-12T11:53:46","guid":{"rendered":"https:\/\/seinesaintdenis.fr\/actualite\/?p=4062"},"modified":"2024-03-20T13:31:33","modified_gmt":"2024-03-20T12:31:33","slug":"Quand-la-Seine-Saint-Denis-met-la-main-au-PAT","status":"publish","type":"post","link":"https:\/\/seinesaintdenis.fr\/actualite\/jeunesse-education\/Quand-la-Seine-Saint-Denis-met-la-main-au-PAT\/","title":{"rendered":"Quand la Seine-Saint-Denis met la main au PAT&#8230;"},"content":{"rendered":"","protected":false},"excerpt":{"rendered":"","protected":false},"author":25,"featured_media":4094,"comment_status":"open","ping_status":"open","sticky":false,"template":"","format":"standard","meta":{"_acf_changed":false,"footnotes":""},"categories":[6],"ville":[89],"class_list":["post-4062","post","type-post","status-publish","format-standard","has-post-thumbnail","hentry","category-jeunesse-education"],"acf":[],"yoast_head":"<!-- This site is optimized with the Yoast SEO plugin v27.5 - https:\/\/yoast.com\/product\/yoast-seo-wordpress\/ -->\n<title>Quand la Seine-Saint-Denis met la main au PAT... - Seine-Saint-Denis - L&#039;actualit\u00e9 du d\u00e9partement<\/title>\n<meta name=\"description\" content=\"Lanc\u00e9 en 2022, le PAT ou Plan Alimentaire Territorial de la Seine-Saint-Denis a pour objectif de faciliter \u00ab l\u2019acc\u00e8s \u00e0 une alimentation saine pour toutes et tous. \u00bb Un plan qui associe aux c\u00f4t\u00e9s du D\u00e9partement, acteur\u2022rice\u2022s de l\u2019\u00e9conomie sociale et solidaire, associations et chercheur\u00b7se\u00b7s r\u00e9uni\u00b7e\u00b7s, vendredi 9 juin \u00e0 Saint-Denis, \u00e0 l\u2019occasion de sa seconde Rencontre annuelle. Au c\u0153ur des discussions, l\u2019ambition de \u00ab cr\u00e9er une dynamique commune \u00bb pour faire vivre un mod\u00e8le alimentaire durable en Seine-Saint-Denis.\" \/>\n<meta name=\"robots\" content=\"index, follow, max-snippet:-1, max-image-preview:large, max-video-preview:-1\" \/>\n<link rel=\"canonical\" href=\"https:\/\/seinesaintdenis.fr\/actualite\/jeunesse-education\/Quand-la-Seine-Saint-Denis-met-la-main-au-PAT\/\" \/>\n<meta property=\"og:locale\" content=\"fr_FR\" \/>\n<meta property=\"og:type\" content=\"article\" \/>\n<meta property=\"og:title\" content=\"Quand la Seine-Saint-Denis met la main au PAT... - Seine-Saint-Denis - L&#039;actualit\u00e9 du d\u00e9partement\" \/>\n<meta property=\"og:description\" content=\"Lanc\u00e9 en 2022, le PAT ou Plan Alimentaire Territorial de la Seine-Saint-Denis a pour objectif de faciliter \u00ab l\u2019acc\u00e8s \u00e0 une alimentation saine pour toutes et tous. \u00bb Un plan qui associe aux c\u00f4t\u00e9s du D\u00e9partement, acteur\u2022rice\u2022s de l\u2019\u00e9conomie sociale et solidaire, associations et chercheur\u00b7se\u00b7s r\u00e9uni\u00b7e\u00b7s, vendredi 9 juin \u00e0 Saint-Denis, \u00e0 l\u2019occasion de sa seconde Rencontre annuelle. Au c\u0153ur des discussions, l\u2019ambition de \u00ab cr\u00e9er une dynamique commune \u00bb pour faire vivre un mod\u00e8le alimentaire durable en Seine-Saint-Denis.\" \/>\n<meta property=\"og:url\" content=\"https:\/\/seinesaintdenis.fr\/actualite\/jeunesse-education\/Quand-la-Seine-Saint-Denis-met-la-main-au-PAT\/\" \/>\n<meta property=\"og:site_name\" content=\"Seine-Saint-Denis - L&#039;actualit\u00e9 du d\u00e9partement\" \/>\n<meta property=\"article:publisher\" content=\"https:\/\/www.facebook.com\/seinesaintdenisledepartement\" \/>\n<meta property=\"article:published_time\" content=\"2023-06-12T11:53:46+00:00\" \/>\n<meta property=\"article:modified_time\" content=\"2024-03-20T12:31:33+00:00\" \/>\n<meta property=\"og:image\" content=\"https:\/\/seinesaintdenis.fr\/actualite\/wp-content\/uploads\/2023\/06\/pat-2023.png\" \/>\n\t<meta property=\"og:image:width\" content=\"1090\" \/>\n\t<meta property=\"og:image:height\" content=\"560\" \/>\n\t<meta property=\"og:image:type\" content=\"image\/png\" \/>\n<meta name=\"author\" content=\"Fr\u00e9d\u00e9ric Haxo\" \/>\n<meta name=\"twitter:card\" content=\"summary_large_image\" \/>\n<meta name=\"twitter:creator\" content=\"@seinesaintdenis\" \/>\n<meta name=\"twitter:site\" content=\"@seinesaintdenis\" \/>\n<meta name=\"twitter:label1\" content=\"\u00c9crit par\" \/>\n\t<meta name=\"twitter:data1\" content=\"Fr\u00e9d\u00e9ric Haxo\" \/>\n<script type=\"application\/ld+json\" class=\"yoast-schema-graph\">{\"@context\":\"https:\\\/\\\/schema.org\",\"@graph\":[{\"@type\":\"Article\",\"@id\":\"https:\\\/\\\/seinesaintdenis.fr\\\/actualite\\\/jeunesse-education\\\/Quand-la-Seine-Saint-Denis-met-la-main-au-PAT\\\/#article\",\"isPartOf\":{\"@id\":\"https:\\\/\\\/seinesaintdenis.fr\\\/actualite\\\/jeunesse-education\\\/Quand-la-Seine-Saint-Denis-met-la-main-au-PAT\\\/\"},\"author\":{\"name\":\"Fr\u00e9d\u00e9ric Haxo\",\"@id\":\"https:\\\/\\\/seinesaintdenis.fr\\\/actualite\\\/#\\\/schema\\\/person\\\/e4e9e8579521bb0c3b048a7240eb3b8a\"},\"headline\":\"Quand la Seine-Saint-Denis met la main au PAT&#8230;\",\"datePublished\":\"2023-06-12T11:53:46+00:00\",\"dateModified\":\"2024-03-20T12:31:33+00:00\",\"mainEntityOfPage\":{\"@id\":\"https:\\\/\\\/seinesaintdenis.fr\\\/actualite\\\/jeunesse-education\\\/Quand-la-Seine-Saint-Denis-met-la-main-au-PAT\\\/\"},\"wordCount\":8,\"commentCount\":0,\"publisher\":{\"@id\":\"https:\\\/\\\/seinesaintdenis.fr\\\/actualite\\\/#organization\"},\"image\":{\"@id\":\"https:\\\/\\\/seinesaintdenis.fr\\\/actualite\\\/jeunesse-education\\\/Quand-la-Seine-Saint-Denis-met-la-main-au-PAT\\\/#primaryimage\"},\"thumbnailUrl\":\"https:\\\/\\\/seinesaintdenis.fr\\\/actualite\\\/wp-content\\\/uploads\\\/2023\\\/06\\\/pat-2023.png\",\"articleSection\":[\"Jeunesse &amp; \u00c9ducation\"],\"inLanguage\":\"fr-FR\",\"potentialAction\":[{\"@type\":\"CommentAction\",\"name\":\"Comment\",\"target\":[\"https:\\\/\\\/seinesaintdenis.fr\\\/actualite\\\/jeunesse-education\\\/Quand-la-Seine-Saint-Denis-met-la-main-au-PAT\\\/#respond\"]}]},{\"@type\":\"WebPage\",\"@id\":\"https:\\\/\\\/seinesaintdenis.fr\\\/actualite\\\/jeunesse-education\\\/Quand-la-Seine-Saint-Denis-met-la-main-au-PAT\\\/\",\"url\":\"https:\\\/\\\/seinesaintdenis.fr\\\/actualite\\\/jeunesse-education\\\/Quand-la-Seine-Saint-Denis-met-la-main-au-PAT\\\/\",\"name\":\"Quand la Seine-Saint-Denis met la main au PAT... - Seine-Saint-Denis - L&#039;actualit\u00e9 du d\u00e9partement\",\"isPartOf\":{\"@id\":\"https:\\\/\\\/seinesaintdenis.fr\\\/actualite\\\/#website\"},\"primaryImageOfPage\":{\"@id\":\"https:\\\/\\\/seinesaintdenis.fr\\\/actualite\\\/jeunesse-education\\\/Quand-la-Seine-Saint-Denis-met-la-main-au-PAT\\\/#primaryimage\"},\"image\":{\"@id\":\"https:\\\/\\\/seinesaintdenis.fr\\\/actualite\\\/jeunesse-education\\\/Quand-la-Seine-Saint-Denis-met-la-main-au-PAT\\\/#primaryimage\"},\"thumbnailUrl\":\"https:\\\/\\\/seinesaintdenis.fr\\\/actualite\\\/wp-content\\\/uploads\\\/2023\\\/06\\\/pat-2023.png\",\"datePublished\":\"2023-06-12T11:53:46+00:00\",\"dateModified\":\"2024-03-20T12:31:33+00:00\",\"description\":\"Lanc\u00e9 en 2022, le PAT ou Plan Alimentaire Territorial de la Seine-Saint-Denis a pour objectif de faciliter \u00ab l\u2019acc\u00e8s \u00e0 une alimentation saine pour toutes et tous. \u00bb Un plan qui associe aux c\u00f4t\u00e9s du D\u00e9partement, acteur\u2022rice\u2022s de l\u2019\u00e9conomie sociale et solidaire, associations et chercheur\u00b7se\u00b7s r\u00e9uni\u00b7e\u00b7s, vendredi 9 juin \u00e0 Saint-Denis, \u00e0 l\u2019occasion de sa seconde Rencontre annuelle. Au c\u0153ur des discussions, l\u2019ambition de \u00ab cr\u00e9er une dynamique commune \u00bb pour faire vivre un mod\u00e8le alimentaire durable en Seine-Saint-Denis.\",\"breadcrumb\":{\"@id\":\"https:\\\/\\\/seinesaintdenis.fr\\\/actualite\\\/jeunesse-education\\\/Quand-la-Seine-Saint-Denis-met-la-main-au-PAT\\\/#breadcrumb\"},\"inLanguage\":\"fr-FR\",\"potentialAction\":[{\"@type\":\"ReadAction\",\"target\":[\"https:\\\/\\\/seinesaintdenis.fr\\\/actualite\\\/jeunesse-education\\\/Quand-la-Seine-Saint-Denis-met-la-main-au-PAT\\\/\"]}]},{\"@type\":\"ImageObject\",\"inLanguage\":\"fr-FR\",\"@id\":\"https:\\\/\\\/seinesaintdenis.fr\\\/actualite\\\/jeunesse-education\\\/Quand-la-Seine-Saint-Denis-met-la-main-au-PAT\\\/#primaryimage\",\"url\":\"https:\\\/\\\/seinesaintdenis.fr\\\/actualite\\\/wp-content\\\/uploads\\\/2023\\\/06\\\/pat-2023.png\",\"contentUrl\":\"https:\\\/\\\/seinesaintdenis.fr\\\/actualite\\\/wp-content\\\/uploads\\\/2023\\\/06\\\/pat-2023.png\",\"width\":1090,\"height\":560},{\"@type\":\"BreadcrumbList\",\"@id\":\"https:\\\/\\\/seinesaintdenis.fr\\\/actualite\\\/jeunesse-education\\\/Quand-la-Seine-Saint-Denis-met-la-main-au-PAT\\\/#breadcrumb\",\"itemListElement\":[{\"@type\":\"ListItem\",\"position\":1,\"name\":\"Accueil\",\"item\":\"https:\\\/\\\/seinesaintdenis.fr\\\/actualite\\\/\"},{\"@type\":\"ListItem\",\"position\":2,\"name\":\"Jeunesse &amp; \u00c9ducation\",\"item\":\"https:\\\/\\\/seinesaintdenis.fr\\\/actualite\\\/jeunesse-education\\\/\"},{\"@type\":\"ListItem\",\"position\":3,\"name\":\"Quand la Seine-Saint-Denis met la main au PAT&#8230;\"}]},{\"@type\":\"WebSite\",\"@id\":\"https:\\\/\\\/seinesaintdenis.fr\\\/actualite\\\/#website\",\"url\":\"https:\\\/\\\/seinesaintdenis.fr\\\/actualite\\\/\",\"name\":\"Seine-Saint-Denis - L'actualit\u00e9 du d\u00e9partement\",\"description\":\"L&#039;actualit\u00e9 du D\u00e9partement de la Seine-Saint-Denis\",\"publisher\":{\"@id\":\"https:\\\/\\\/seinesaintdenis.fr\\\/actualite\\\/#organization\"},\"potentialAction\":[{\"@type\":\"SearchAction\",\"target\":{\"@type\":\"EntryPoint\",\"urlTemplate\":\"https:\\\/\\\/seinesaintdenis.fr\\\/actualite\\\/?s={search_term_string}\"},\"query-input\":{\"@type\":\"PropertyValueSpecification\",\"valueRequired\":true,\"valueName\":\"search_term_string\"}}],\"inLanguage\":\"fr-FR\"},{\"@type\":\"Organization\",\"@id\":\"https:\\\/\\\/seinesaintdenis.fr\\\/actualite\\\/#organization\",\"name\":\"Seine-Saint-Denis - Le D\u00e9partement\",\"url\":\"https:\\\/\\\/seinesaintdenis.fr\\\/actualite\\\/\",\"logo\":{\"@type\":\"ImageObject\",\"inLanguage\":\"fr-FR\",\"@id\":\"https:\\\/\\\/seinesaintdenis.fr\\\/actualite\\\/#\\\/schema\\\/logo\\\/image\\\/\",\"url\":\"https:\\\/\\\/seinesaintdenis.fr\\\/actualite\\\/wp-content\\\/uploads\\\/2024\\\/08\\\/logo.png\",\"contentUrl\":\"https:\\\/\\\/seinesaintdenis.fr\\\/actualite\\\/wp-content\\\/uploads\\\/2024\\\/08\\\/logo.png\",\"width\":567,\"height\":172,\"caption\":\"Seine-Saint-Denis - Le D\u00e9partement\"},\"image\":{\"@id\":\"https:\\\/\\\/seinesaintdenis.fr\\\/actualite\\\/#\\\/schema\\\/logo\\\/image\\\/\"},\"sameAs\":[\"https:\\\/\\\/www.facebook.com\\\/seinesaintdenisledepartement\",\"https:\\\/\\\/x.com\\\/seinesaintdenis\",\"https:\\\/\\\/www.linkedin.com\\\/company\\\/seinesaintdenis\",\"https:\\\/\\\/www.instagram.com\\\/seine_saint_denis\\\/\",\"https:\\\/\\\/www.youtube.com\\\/channel\\\/UCR5YF9NnqiLCbnrKQgLUcIw\"]},{\"@type\":\"Person\",\"@id\":\"https:\\\/\\\/seinesaintdenis.fr\\\/actualite\\\/#\\\/schema\\\/person\\\/e4e9e8579521bb0c3b048a7240eb3b8a\",\"name\":\"Fr\u00e9d\u00e9ric Haxo\",\"image\":{\"@type\":\"ImageObject\",\"inLanguage\":\"fr-FR\",\"@id\":\"https:\\\/\\\/secure.gravatar.com\\\/avatar\\\/7ab0da5b17df1179dc345094834018a29688ae9a242b61c172abfc3e43b8b60e?s=96&d=mm&r=g\",\"url\":\"https:\\\/\\\/secure.gravatar.com\\\/avatar\\\/7ab0da5b17df1179dc345094834018a29688ae9a242b61c172abfc3e43b8b60e?s=96&d=mm&r=g\",\"contentUrl\":\"https:\\\/\\\/secure.gravatar.com\\\/avatar\\\/7ab0da5b17df1179dc345094834018a29688ae9a242b61c172abfc3e43b8b60e?s=96&d=mm&r=g\",\"caption\":\"Fr\u00e9d\u00e9ric Haxo\"},\"url\":\"https:\\\/\\\/seinesaintdenis.fr\\\/actualite\\\/author\\\/fsugnot\\\/\"}]}<\/script>\n<!-- \/ Yoast SEO plugin. -->","yoast_head_json":{"title":"Quand la Seine-Saint-Denis met la main au PAT... - Seine-Saint-Denis - L&#039;actualit\u00e9 du d\u00e9partement","description":"Lanc\u00e9 en 2022, le PAT ou Plan Alimentaire Territorial de la Seine-Saint-Denis a pour objectif de faciliter \u00ab l\u2019acc\u00e8s \u00e0 une alimentation saine pour toutes et tous. \u00bb Un plan qui associe aux c\u00f4t\u00e9s du D\u00e9partement, acteur\u2022rice\u2022s de l\u2019\u00e9conomie sociale et solidaire, associations et chercheur\u00b7se\u00b7s r\u00e9uni\u00b7e\u00b7s, vendredi 9 juin \u00e0 Saint-Denis, \u00e0 l\u2019occasion de sa seconde Rencontre annuelle. Au c\u0153ur des discussions, l\u2019ambition de \u00ab cr\u00e9er une dynamique commune \u00bb pour faire vivre un mod\u00e8le alimentaire durable en Seine-Saint-Denis.","robots":{"index":"index","follow":"follow","max-snippet":"max-snippet:-1","max-image-preview":"max-image-preview:large","max-video-preview":"max-video-preview:-1"},"canonical":"https:\/\/seinesaintdenis.fr\/actualite\/jeunesse-education\/Quand-la-Seine-Saint-Denis-met-la-main-au-PAT\/","og_locale":"fr_FR","og_type":"article","og_title":"Quand la Seine-Saint-Denis met la main au PAT... - Seine-Saint-Denis - L&#039;actualit\u00e9 du d\u00e9partement","og_description":"Lanc\u00e9 en 2022, le PAT ou Plan Alimentaire Territorial de la Seine-Saint-Denis a pour objectif de faciliter \u00ab l\u2019acc\u00e8s \u00e0 une alimentation saine pour toutes et tous. \u00bb Un plan qui associe aux c\u00f4t\u00e9s du D\u00e9partement, acteur\u2022rice\u2022s de l\u2019\u00e9conomie sociale et solidaire, associations et chercheur\u00b7se\u00b7s r\u00e9uni\u00b7e\u00b7s, vendredi 9 juin \u00e0 Saint-Denis, \u00e0 l\u2019occasion de sa seconde Rencontre annuelle. Au c\u0153ur des discussions, l\u2019ambition de \u00ab cr\u00e9er une dynamique commune \u00bb pour faire vivre un mod\u00e8le alimentaire durable en Seine-Saint-Denis.","og_url":"https:\/\/seinesaintdenis.fr\/actualite\/jeunesse-education\/Quand-la-Seine-Saint-Denis-met-la-main-au-PAT\/","og_site_name":"Seine-Saint-Denis - L&#039;actualit\u00e9 du d\u00e9partement","article_publisher":"https:\/\/www.facebook.com\/seinesaintdenisledepartement","article_published_time":"2023-06-12T11:53:46+00:00","article_modified_time":"2024-03-20T12:31:33+00:00","og_image":[{"width":1090,"height":560,"url":"https:\/\/seinesaintdenis.fr\/actualite\/wp-content\/uploads\/2023\/06\/pat-2023.png","type":"image\/png"}],"author":"Fr\u00e9d\u00e9ric Haxo","twitter_card":"summary_large_image","twitter_creator":"@seinesaintdenis","twitter_site":"@seinesaintdenis","twitter_misc":{"\u00c9crit par":"Fr\u00e9d\u00e9ric Haxo"},"schema":{"@context":"https:\/\/schema.org","@graph":[{"@type":"Article","@id":"https:\/\/seinesaintdenis.fr\/actualite\/jeunesse-education\/Quand-la-Seine-Saint-Denis-met-la-main-au-PAT\/#article","isPartOf":{"@id":"https:\/\/seinesaintdenis.fr\/actualite\/jeunesse-education\/Quand-la-Seine-Saint-Denis-met-la-main-au-PAT\/"},"author":{"name":"Fr\u00e9d\u00e9ric Haxo","@id":"https:\/\/seinesaintdenis.fr\/actualite\/#\/schema\/person\/e4e9e8579521bb0c3b048a7240eb3b8a"},"headline":"Quand la Seine-Saint-Denis met la main au PAT&#8230;","datePublished":"2023-06-12T11:53:46+00:00","dateModified":"2024-03-20T12:31:33+00:00","mainEntityOfPage":{"@id":"https:\/\/seinesaintdenis.fr\/actualite\/jeunesse-education\/Quand-la-Seine-Saint-Denis-met-la-main-au-PAT\/"},"wordCount":8,"commentCount":0,"publisher":{"@id":"https:\/\/seinesaintdenis.fr\/actualite\/#organization"},"image":{"@id":"https:\/\/seinesaintdenis.fr\/actualite\/jeunesse-education\/Quand-la-Seine-Saint-Denis-met-la-main-au-PAT\/#primaryimage"},"thumbnailUrl":"https:\/\/seinesaintdenis.fr\/actualite\/wp-content\/uploads\/2023\/06\/pat-2023.png","articleSection":["Jeunesse &amp; \u00c9ducation"],"inLanguage":"fr-FR","potentialAction":[{"@type":"CommentAction","name":"Comment","target":["https:\/\/seinesaintdenis.fr\/actualite\/jeunesse-education\/Quand-la-Seine-Saint-Denis-met-la-main-au-PAT\/#respond"]}]},{"@type":"WebPage","@id":"https:\/\/seinesaintdenis.fr\/actualite\/jeunesse-education\/Quand-la-Seine-Saint-Denis-met-la-main-au-PAT\/","url":"https:\/\/seinesaintdenis.fr\/actualite\/jeunesse-education\/Quand-la-Seine-Saint-Denis-met-la-main-au-PAT\/","name":"Quand la Seine-Saint-Denis met la main au PAT... - Seine-Saint-Denis - L&#039;actualit\u00e9 du d\u00e9partement","isPartOf":{"@id":"https:\/\/seinesaintdenis.fr\/actualite\/#website"},"primaryImageOfPage":{"@id":"https:\/\/seinesaintdenis.fr\/actualite\/jeunesse-education\/Quand-la-Seine-Saint-Denis-met-la-main-au-PAT\/#primaryimage"},"image":{"@id":"https:\/\/seinesaintdenis.fr\/actualite\/jeunesse-education\/Quand-la-Seine-Saint-Denis-met-la-main-au-PAT\/#primaryimage"},"thumbnailUrl":"https:\/\/seinesaintdenis.fr\/actualite\/wp-content\/uploads\/2023\/06\/pat-2023.png","datePublished":"2023-06-12T11:53:46+00:00","dateModified":"2024-03-20T12:31:33+00:00","description":"Lanc\u00e9 en 2022, le PAT ou Plan Alimentaire Territorial de la Seine-Saint-Denis a pour objectif de faciliter \u00ab l\u2019acc\u00e8s \u00e0 une alimentation saine pour toutes et tous. \u00bb Un plan qui associe aux c\u00f4t\u00e9s du D\u00e9partement, acteur\u2022rice\u2022s de l\u2019\u00e9conomie sociale et solidaire, associations et chercheur\u00b7se\u00b7s r\u00e9uni\u00b7e\u00b7s, vendredi 9 juin \u00e0 Saint-Denis, \u00e0 l\u2019occasion de sa seconde Rencontre annuelle. Au c\u0153ur des discussions, l\u2019ambition de \u00ab cr\u00e9er une dynamique commune \u00bb pour faire vivre un mod\u00e8le alimentaire durable en Seine-Saint-Denis.","breadcrumb":{"@id":"https:\/\/seinesaintdenis.fr\/actualite\/jeunesse-education\/Quand-la-Seine-Saint-Denis-met-la-main-au-PAT\/#breadcrumb"},"inLanguage":"fr-FR","potentialAction":[{"@type":"ReadAction","target":["https:\/\/seinesaintdenis.fr\/actualite\/jeunesse-education\/Quand-la-Seine-Saint-Denis-met-la-main-au-PAT\/"]}]},{"@type":"ImageObject","inLanguage":"fr-FR","@id":"https:\/\/seinesaintdenis.fr\/actualite\/jeunesse-education\/Quand-la-Seine-Saint-Denis-met-la-main-au-PAT\/#primaryimage","url":"https:\/\/seinesaintdenis.fr\/actualite\/wp-content\/uploads\/2023\/06\/pat-2023.png","contentUrl":"https:\/\/seinesaintdenis.fr\/actualite\/wp-content\/uploads\/2023\/06\/pat-2023.png","width":1090,"height":560},{"@type":"BreadcrumbList","@id":"https:\/\/seinesaintdenis.fr\/actualite\/jeunesse-education\/Quand-la-Seine-Saint-Denis-met-la-main-au-PAT\/#breadcrumb","itemListElement":[{"@type":"ListItem","position":1,"name":"Accueil","item":"https:\/\/seinesaintdenis.fr\/actualite\/"},{"@type":"ListItem","position":2,"name":"Jeunesse &amp; \u00c9ducation","item":"https:\/\/seinesaintdenis.fr\/actualite\/jeunesse-education\/"},{"@type":"ListItem","position":3,"name":"Quand la Seine-Saint-Denis met la main au PAT&#8230;"}]},{"@type":"WebSite","@id":"https:\/\/seinesaintdenis.fr\/actualite\/#website","url":"https:\/\/seinesaintdenis.fr\/actualite\/","name":"Seine-Saint-Denis - L'actualit\u00e9 du d\u00e9partement","description":"L&#039;actualit\u00e9 du D\u00e9partement de la Seine-Saint-Denis","publisher":{"@id":"https:\/\/seinesaintdenis.fr\/actualite\/#organization"},"potentialAction":[{"@type":"SearchAction","target":{"@type":"EntryPoint","urlTemplate":"https:\/\/seinesaintdenis.fr\/actualite\/?s={search_term_string}"},"query-input":{"@type":"PropertyValueSpecification","valueRequired":true,"valueName":"search_term_string"}}],"inLanguage":"fr-FR"},{"@type":"Organization","@id":"https:\/\/seinesaintdenis.fr\/actualite\/#organization","name":"Seine-Saint-Denis - Le D\u00e9partement","url":"https:\/\/seinesaintdenis.fr\/actualite\/","logo":{"@type":"ImageObject","inLanguage":"fr-FR","@id":"https:\/\/seinesaintdenis.fr\/actualite\/#\/schema\/logo\/image\/","url":"https:\/\/seinesaintdenis.fr\/actualite\/wp-content\/uploads\/2024\/08\/logo.png","contentUrl":"https:\/\/seinesaintdenis.fr\/actualite\/wp-content\/uploads\/2024\/08\/logo.png","width":567,"height":172,"caption":"Seine-Saint-Denis - Le D\u00e9partement"},"image":{"@id":"https:\/\/seinesaintdenis.fr\/actualite\/#\/schema\/logo\/image\/"},"sameAs":["https:\/\/www.facebook.com\/seinesaintdenisledepartement","https:\/\/x.com\/seinesaintdenis","https:\/\/www.linkedin.com\/company\/seinesaintdenis","https:\/\/www.instagram.com\/seine_saint_denis\/","https:\/\/www.youtube.com\/channel\/UCR5YF9NnqiLCbnrKQgLUcIw"]},{"@type":"Person","@id":"https:\/\/seinesaintdenis.fr\/actualite\/#\/schema\/person\/e4e9e8579521bb0c3b048a7240eb3b8a","name":"Fr\u00e9d\u00e9ric Haxo","image":{"@type":"ImageObject","inLanguage":"fr-FR","@id":"https:\/\/secure.gravatar.com\/avatar\/7ab0da5b17df1179dc345094834018a29688ae9a242b61c172abfc3e43b8b60e?s=96&d=mm&r=g","url":"https:\/\/secure.gravatar.com\/avatar\/7ab0da5b17df1179dc345094834018a29688ae9a242b61c172abfc3e43b8b60e?s=96&d=mm&r=g","contentUrl":"https:\/\/secure.gravatar.com\/avatar\/7ab0da5b17df1179dc345094834018a29688ae9a242b61c172abfc3e43b8b60e?s=96&d=mm&r=g","caption":"Fr\u00e9d\u00e9ric Haxo"},"url":"https:\/\/seinesaintdenis.fr\/actualite\/author\/fsugnot\/"}]}},"_links":{"self":[{"href":"https:\/\/seinesaintdenis.fr\/actualite\/wp-json\/wp\/v2\/posts\/4062","targetHints":{"allow":["GET"]}}],"collection":[{"href":"https:\/\/seinesaintdenis.fr\/actualite\/wp-json\/wp\/v2\/posts"}],"about":[{"href":"https:\/\/seinesaintdenis.fr\/actualite\/wp-json\/wp\/v2\/types\/post"}],"author":[{"embeddable":true,"href":"https:\/\/seinesaintdenis.fr\/actualite\/wp-json\/wp\/v2\/users\/25"}],"replies":[{"embeddable":true,"href":"https:\/\/seinesaintdenis.fr\/actualite\/wp-json\/wp\/v2\/comments?post=4062"}],"version-history":[{"count":13,"href":"https:\/\/seinesaintdenis.fr\/actualite\/wp-json\/wp\/v2\/posts\/4062\/revisions"}],"predecessor-version":[{"id":4117,"href":"https:\/\/seinesaintdenis.fr\/actualite\/wp-json\/wp\/v2\/posts\/4062\/revisions\/4117"}],"wp:featuredmedia":[{"embeddable":true,"href":"https:\/\/seinesaintdenis.fr\/actualite\/wp-json\/wp\/v2\/media\/4094"}],"wp:attachment":[{"href":"https:\/\/seinesaintdenis.fr\/actualite\/wp-json\/wp\/v2\/media?parent=4062"}],"wp:term":[{"taxonomy":"category","embeddable":true,"href":"https:\/\/seinesaintdenis.fr\/actualite\/wp-json\/wp\/v2\/categories?post=4062"},{"taxonomy":"ville","embeddable":true,"href":"https:\/\/seinesaintdenis.fr\/actualite\/wp-json\/wp\/v2\/ville?post=4062"}],"curies":[{"name":"wp","href":"https:\/\/api.w.org\/{rel}","templated":true}]}}