{"id":38632,"date":"2026-09-03T15:28:29","date_gmt":"2026-09-03T13:28:29","guid":{"rendered":"https:\/\/seinesaintdenis.fr\/actualite\/?p=38632"},"modified":"2026-09-03T15:30:09","modified_gmt":"2026-09-03T13:30:09","slug":"Adapter-nos-colleges-au-climat-un-investissement-de-longue-haleine","status":"publish","type":"post","link":"https:\/\/seinesaintdenis.fr\/actualite\/jeunesse-education\/Adapter-nos-colleges-au-climat-un-investissement-de-longue-haleine\/","title":{"rendered":"Adapter nos coll\u00e8ges au climat : un investissement de longue haleine"},"content":{"rendered":"","protected":false},"excerpt":{"rendered":"","protected":false},"author":15,"featured_media":38633,"comment_status":"open","ping_status":"open","sticky":false,"template":"","format":"standard","meta":{"_acf_changed":false,"footnotes":""},"categories":[6],"ville":[76],"class_list":["post-38632","post","type-post","status-publish","format-standard","has-post-thumbnail","hentry","category-jeunesse-education"],"acf":[],"yoast_head":"<!-- This site is optimized with the Yoast SEO plugin v28.4 - https:\/\/yoast.com\/product\/yoast-seo-wordpress\/ -->\n<title>Adapter nos coll\u00e8ges au climat : un investissement de longue haleine - Seine-Saint-Denis - L&#039;actualit\u00e9 du d\u00e9partement<\/title>\n<meta name=\"description\" content=\"R\u00e9duire les \u00e9missions de CO2, am\u00e9liorer le confort des classes en \u00e9t\u00e9, am\u00e9nager des ilots de fraicheur... Le D\u00e9partement n&#039;a pas attendu les canicules de cet \u00e9t\u00e9 pour adapter les coll\u00e8ges de Seine-Saint-Denis. Depuis 2010, les r\u00e9novations se succ\u00e8dent. Tour d&#039;horizon des chantiers du moment, \u00e0 l&#039;occasion de cette rentr\u00e9e 2026...\" \/>\n<meta name=\"robots\" content=\"index, follow, max-snippet:-1, max-image-preview:large, max-video-preview:-1\" \/>\n<link rel=\"canonical\" href=\"https:\/\/seinesaintdenis.fr\/actualite\/jeunesse-education\/Adapter-nos-colleges-au-climat-un-investissement-de-longue-haleine\/\" \/>\n<meta property=\"og:locale\" content=\"fr_FR\" \/>\n<meta property=\"og:type\" content=\"article\" \/>\n<meta property=\"og:title\" content=\"Adapter nos coll\u00e8ges au climat : un investissement de longue haleine - Seine-Saint-Denis - L&#039;actualit\u00e9 du d\u00e9partement\" \/>\n<meta property=\"og:description\" content=\"R\u00e9duire les \u00e9missions de CO2, am\u00e9liorer le confort des classes en \u00e9t\u00e9, am\u00e9nager des ilots de fraicheur... Le D\u00e9partement n&#039;a pas attendu les canicules de cet \u00e9t\u00e9 pour adapter les coll\u00e8ges de Seine-Saint-Denis. Depuis 2010, les r\u00e9novations se succ\u00e8dent. Tour d&#039;horizon des chantiers du moment, \u00e0 l&#039;occasion de cette rentr\u00e9e 2026...\" \/>\n<meta property=\"og:url\" content=\"https:\/\/seinesaintdenis.fr\/actualite\/jeunesse-education\/Adapter-nos-colleges-au-climat-un-investissement-de-longue-haleine\/\" \/>\n<meta property=\"og:site_name\" content=\"Seine-Saint-Denis - L&#039;actualit\u00e9 du d\u00e9partement\" \/>\n<meta property=\"article:publisher\" content=\"https:\/\/www.facebook.com\/seinesaintdenisledepartement\" \/>\n<meta property=\"article:published_time\" content=\"2026-09-03T13:28:29+00:00\" \/>\n<meta property=\"article:modified_time\" content=\"2026-09-03T13:30:09+00:00\" \/>\n<meta property=\"og:image\" content=\"https:\/\/seinesaintdenis.fr\/actualite\/wp-content\/uploads\/2026\/09\/travaux-college-montfermeil.jpg\" \/>\n\t<meta property=\"og:image:width\" content=\"1090\" \/>\n\t<meta property=\"og:image:height\" content=\"560\" \/>\n\t<meta property=\"og:image:type\" content=\"image\/jpeg\" \/>\n<meta name=\"author\" content=\"Amira Rouabhi\" \/>\n<meta name=\"twitter:card\" content=\"summary_large_image\" \/>\n<meta name=\"twitter:creator\" content=\"@seinesaintdenis\" \/>\n<meta name=\"twitter:site\" content=\"@seinesaintdenis\" \/>\n<meta name=\"twitter:label1\" content=\"\u00c9crit par\" \/>\n\t<meta name=\"twitter:data1\" content=\"Amira Rouabhi\" \/>\n\t<meta name=\"twitter:label2\" content=\"Dur\u00e9e de lecture estim\u00e9e\" \/>\n\t<meta name=\"twitter:data2\" content=\"1 minute\" \/>\n<script type=\"application\/ld+json\" class=\"yoast-schema-graph\">{\"@context\":\"https:\\\/\\\/schema.org\",\"@graph\":[{\"@type\":\"Article\",\"@id\":\"https:\\\/\\\/seinesaintdenis.fr\\\/actualite\\\/jeunesse-education\\\/Adapter-nos-colleges-au-climat-un-investissement-de-longue-haleine\\\/#article\",\"isPartOf\":{\"@id\":\"https:\\\/\\\/seinesaintdenis.fr\\\/actualite\\\/jeunesse-education\\\/Adapter-nos-colleges-au-climat-un-investissement-de-longue-haleine\\\/\"},\"author\":{\"name\":\"Amira Rouabhi\",\"@id\":\"https:\\\/\\\/seinesaintdenis.fr\\\/actualite\\\/#\\\/schema\\\/person\\\/09eab927ada5ceeef6d44a2d538de143\"},\"headline\":\"Adapter nos coll\u00e8ges au climat : un investissement de longue haleine\",\"datePublished\":\"2026-09-03T13:28:29+00:00\",\"dateModified\":\"2026-09-03T13:30:09+00:00\",\"mainEntityOfPage\":{\"@id\":\"https:\\\/\\\/seinesaintdenis.fr\\\/actualite\\\/jeunesse-education\\\/Adapter-nos-colleges-au-climat-un-investissement-de-longue-haleine\\\/\"},\"wordCount\":11,\"commentCount\":0,\"publisher\":{\"@id\":\"https:\\\/\\\/seinesaintdenis.fr\\\/actualite\\\/#organization\"},\"image\":{\"@id\":\"https:\\\/\\\/seinesaintdenis.fr\\\/actualite\\\/jeunesse-education\\\/Adapter-nos-colleges-au-climat-un-investissement-de-longue-haleine\\\/#primaryimage\"},\"thumbnailUrl\":\"https:\\\/\\\/seinesaintdenis.fr\\\/actualite\\\/wp-content\\\/uploads\\\/2026\\\/09\\\/travaux-college-montfermeil.jpg\",\"articleSection\":[\"Jeunesse &amp; \u00c9ducation\"],\"inLanguage\":\"fr-FR\",\"potentialAction\":[{\"@type\":\"CommentAction\",\"name\":\"Comment\",\"target\":[\"https:\\\/\\\/seinesaintdenis.fr\\\/actualite\\\/jeunesse-education\\\/Adapter-nos-colleges-au-climat-un-investissement-de-longue-haleine\\\/#respond\"]}]},{\"@type\":\"WebPage\",\"@id\":\"https:\\\/\\\/seinesaintdenis.fr\\\/actualite\\\/jeunesse-education\\\/Adapter-nos-colleges-au-climat-un-investissement-de-longue-haleine\\\/\",\"url\":\"https:\\\/\\\/seinesaintdenis.fr\\\/actualite\\\/jeunesse-education\\\/Adapter-nos-colleges-au-climat-un-investissement-de-longue-haleine\\\/\",\"name\":\"Adapter nos coll\u00e8ges au climat : un investissement de longue haleine - Seine-Saint-Denis - L&#039;actualit\u00e9 du d\u00e9partement\",\"isPartOf\":{\"@id\":\"https:\\\/\\\/seinesaintdenis.fr\\\/actualite\\\/#website\"},\"primaryImageOfPage\":{\"@id\":\"https:\\\/\\\/seinesaintdenis.fr\\\/actualite\\\/jeunesse-education\\\/Adapter-nos-colleges-au-climat-un-investissement-de-longue-haleine\\\/#primaryimage\"},\"image\":{\"@id\":\"https:\\\/\\\/seinesaintdenis.fr\\\/actualite\\\/jeunesse-education\\\/Adapter-nos-colleges-au-climat-un-investissement-de-longue-haleine\\\/#primaryimage\"},\"thumbnailUrl\":\"https:\\\/\\\/seinesaintdenis.fr\\\/actualite\\\/wp-content\\\/uploads\\\/2026\\\/09\\\/travaux-college-montfermeil.jpg\",\"datePublished\":\"2026-09-03T13:28:29+00:00\",\"dateModified\":\"2026-09-03T13:30:09+00:00\",\"description\":\"R\u00e9duire les \u00e9missions de CO2, am\u00e9liorer le confort des classes en \u00e9t\u00e9, am\u00e9nager des ilots de fraicheur... Le D\u00e9partement n'a pas attendu les canicules de cet \u00e9t\u00e9 pour adapter les coll\u00e8ges de Seine-Saint-Denis. Depuis 2010, les r\u00e9novations se succ\u00e8dent. Tour d'horizon des chantiers du moment, \u00e0 l'occasion de cette rentr\u00e9e 2026...\",\"breadcrumb\":{\"@id\":\"https:\\\/\\\/seinesaintdenis.fr\\\/actualite\\\/jeunesse-education\\\/Adapter-nos-colleges-au-climat-un-investissement-de-longue-haleine\\\/#breadcrumb\"},\"inLanguage\":\"fr-FR\",\"potentialAction\":[{\"@type\":\"ReadAction\",\"target\":[\"https:\\\/\\\/seinesaintdenis.fr\\\/actualite\\\/jeunesse-education\\\/Adapter-nos-colleges-au-climat-un-investissement-de-longue-haleine\\\/\"]}]},{\"@type\":\"ImageObject\",\"inLanguage\":\"fr-FR\",\"@id\":\"https:\\\/\\\/seinesaintdenis.fr\\\/actualite\\\/jeunesse-education\\\/Adapter-nos-colleges-au-climat-un-investissement-de-longue-haleine\\\/#primaryimage\",\"url\":\"https:\\\/\\\/seinesaintdenis.fr\\\/actualite\\\/wp-content\\\/uploads\\\/2026\\\/09\\\/travaux-college-montfermeil.jpg\",\"contentUrl\":\"https:\\\/\\\/seinesaintdenis.fr\\\/actualite\\\/wp-content\\\/uploads\\\/2026\\\/09\\\/travaux-college-montfermeil.jpg\",\"width\":1090,\"height\":560,\"caption\":\"Visite de pr\u00e9rentr\u00e9e au coll\u00e8ge Jean Jaur\u00e8s \u00e0 Montfermeil, qui fait actuellement l'objet travaux de r\u00e9novation et d'extension dans le cadre du plan \u00e9co-coll\u00e8ge\"},{\"@type\":\"BreadcrumbList\",\"@id\":\"https:\\\/\\\/seinesaintdenis.fr\\\/actualite\\\/jeunesse-education\\\/Adapter-nos-colleges-au-climat-un-investissement-de-longue-haleine\\\/#breadcrumb\",\"itemListElement\":[{\"@type\":\"ListItem\",\"position\":1,\"name\":\"Accueil\",\"item\":\"https:\\\/\\\/seinesaintdenis.fr\\\/actualite\\\/\"},{\"@type\":\"ListItem\",\"position\":2,\"name\":\"Jeunesse &amp; \u00c9ducation\",\"item\":\"https:\\\/\\\/seinesaintdenis.fr\\\/actualite\\\/jeunesse-education\\\/\"},{\"@type\":\"ListItem\",\"position\":3,\"name\":\"Adapter nos coll\u00e8ges au climat : un investissement de longue haleine\"}]},{\"@type\":\"WebSite\",\"@id\":\"https:\\\/\\\/seinesaintdenis.fr\\\/actualite\\\/#website\",\"url\":\"https:\\\/\\\/seinesaintdenis.fr\\\/actualite\\\/\",\"name\":\"Seine-Saint-Denis - L'actualit\u00e9 du d\u00e9partement\",\"description\":\"L&#039;actualit\u00e9 du D\u00e9partement de la Seine-Saint-Denis\",\"publisher\":{\"@id\":\"https:\\\/\\\/seinesaintdenis.fr\\\/actualite\\\/#organization\"},\"potentialAction\":[{\"@type\":\"SearchAction\",\"target\":{\"@type\":\"EntryPoint\",\"urlTemplate\":\"https:\\\/\\\/seinesaintdenis.fr\\\/actualite\\\/?s={search_term_string}\"},\"query-input\":{\"@type\":\"PropertyValueSpecification\",\"valueRequired\":true,\"valueName\":\"search_term_string\"}}],\"inLanguage\":\"fr-FR\"},{\"@type\":\"Organization\",\"@id\":\"https:\\\/\\\/seinesaintdenis.fr\\\/actualite\\\/#organization\",\"name\":\"Seine-Saint-Denis - Le D\u00e9partement\",\"url\":\"https:\\\/\\\/seinesaintdenis.fr\\\/actualite\\\/\",\"logo\":{\"@type\":\"ImageObject\",\"inLanguage\":\"fr-FR\",\"@id\":\"https:\\\/\\\/seinesaintdenis.fr\\\/actualite\\\/#\\\/schema\\\/logo\\\/image\\\/\",\"url\":\"https:\\\/\\\/seinesaintdenis.fr\\\/actualite\\\/wp-content\\\/uploads\\\/2024\\\/08\\\/logo.png\",\"contentUrl\":\"https:\\\/\\\/seinesaintdenis.fr\\\/actualite\\\/wp-content\\\/uploads\\\/2024\\\/08\\\/logo.png\",\"width\":567,\"height\":172,\"caption\":\"Seine-Saint-Denis - Le D\u00e9partement\"},\"image\":{\"@id\":\"https:\\\/\\\/seinesaintdenis.fr\\\/actualite\\\/#\\\/schema\\\/logo\\\/image\\\/\"},\"sameAs\":[\"https:\\\/\\\/www.facebook.com\\\/seinesaintdenisledepartement\",\"https:\\\/\\\/x.com\\\/seinesaintdenis\",\"https:\\\/\\\/www.linkedin.com\\\/company\\\/seinesaintdenis\",\"https:\\\/\\\/www.instagram.com\\\/seine_saint_denis\\\/\",\"https:\\\/\\\/www.youtube.com\\\/channel\\\/UCR5YF9NnqiLCbnrKQgLUcIw\"]},{\"@type\":\"Person\",\"@id\":\"https:\\\/\\\/seinesaintdenis.fr\\\/actualite\\\/#\\\/schema\\\/person\\\/09eab927ada5ceeef6d44a2d538de143\",\"name\":\"Amira Rouabhi\",\"image\":{\"@type\":\"ImageObject\",\"inLanguage\":\"fr-FR\",\"@id\":\"https:\\\/\\\/secure.gravatar.com\\\/avatar\\\/1fabb5fa4310765b329dd1ae57830cdf8b9609391dc2f1c7f6cbc382b888ef4a?s=96&d=mm&r=g\",\"url\":\"https:\\\/\\\/secure.gravatar.com\\\/avatar\\\/1fabb5fa4310765b329dd1ae57830cdf8b9609391dc2f1c7f6cbc382b888ef4a?s=96&d=mm&r=g\",\"contentUrl\":\"https:\\\/\\\/secure.gravatar.com\\\/avatar\\\/1fabb5fa4310765b329dd1ae57830cdf8b9609391dc2f1c7f6cbc382b888ef4a?s=96&d=mm&r=g\",\"caption\":\"Amira Rouabhi\"},\"url\":\"https:\\\/\\\/seinesaintdenis.fr\\\/actualite\\\/author\\\/arouabhi\\\/\"}]}<\/script>\n<!-- \/ Yoast SEO plugin. -->","yoast_head_json":{"title":"Adapter nos coll\u00e8ges au climat : un investissement de longue haleine - Seine-Saint-Denis - L&#039;actualit\u00e9 du d\u00e9partement","description":"R\u00e9duire les \u00e9missions de CO2, am\u00e9liorer le confort des classes en \u00e9t\u00e9, am\u00e9nager des ilots de fraicheur... Le D\u00e9partement n'a pas attendu les canicules de cet \u00e9t\u00e9 pour adapter les coll\u00e8ges de Seine-Saint-Denis. Depuis 2010, les r\u00e9novations se succ\u00e8dent. Tour d'horizon des chantiers du moment, \u00e0 l'occasion de cette rentr\u00e9e 2026...","robots":{"index":"index","follow":"follow","max-snippet":"max-snippet:-1","max-image-preview":"max-image-preview:large","max-video-preview":"max-video-preview:-1"},"canonical":"https:\/\/seinesaintdenis.fr\/actualite\/jeunesse-education\/Adapter-nos-colleges-au-climat-un-investissement-de-longue-haleine\/","og_locale":"fr_FR","og_type":"article","og_title":"Adapter nos coll\u00e8ges au climat : un investissement de longue haleine - Seine-Saint-Denis - L&#039;actualit\u00e9 du d\u00e9partement","og_description":"R\u00e9duire les \u00e9missions de CO2, am\u00e9liorer le confort des classes en \u00e9t\u00e9, am\u00e9nager des ilots de fraicheur... Le D\u00e9partement n'a pas attendu les canicules de cet \u00e9t\u00e9 pour adapter les coll\u00e8ges de Seine-Saint-Denis. Depuis 2010, les r\u00e9novations se succ\u00e8dent. Tour d'horizon des chantiers du moment, \u00e0 l'occasion de cette rentr\u00e9e 2026...","og_url":"https:\/\/seinesaintdenis.fr\/actualite\/jeunesse-education\/Adapter-nos-colleges-au-climat-un-investissement-de-longue-haleine\/","og_site_name":"Seine-Saint-Denis - L&#039;actualit\u00e9 du d\u00e9partement","article_publisher":"https:\/\/www.facebook.com\/seinesaintdenisledepartement","article_published_time":"2026-09-03T13:28:29+00:00","article_modified_time":"2026-09-03T13:30:09+00:00","og_image":[{"width":1090,"height":560,"url":"https:\/\/seinesaintdenis.fr\/actualite\/wp-content\/uploads\/2026\/09\/travaux-college-montfermeil.jpg","type":"image\/jpeg"}],"author":"Amira Rouabhi","twitter_card":"summary_large_image","twitter_creator":"@seinesaintdenis","twitter_site":"@seinesaintdenis","twitter_misc":{"\u00c9crit par":"Amira Rouabhi","Dur\u00e9e de lecture estim\u00e9e":"1 minute"},"schema":{"@context":"https:\/\/schema.org","@graph":[{"@type":"Article","@id":"https:\/\/seinesaintdenis.fr\/actualite\/jeunesse-education\/Adapter-nos-colleges-au-climat-un-investissement-de-longue-haleine\/#article","isPartOf":{"@id":"https:\/\/seinesaintdenis.fr\/actualite\/jeunesse-education\/Adapter-nos-colleges-au-climat-un-investissement-de-longue-haleine\/"},"author":{"name":"Amira Rouabhi","@id":"https:\/\/seinesaintdenis.fr\/actualite\/#\/schema\/person\/09eab927ada5ceeef6d44a2d538de143"},"headline":"Adapter nos coll\u00e8ges au climat : un investissement de longue haleine","datePublished":"2026-09-03T13:28:29+00:00","dateModified":"2026-09-03T13:30:09+00:00","mainEntityOfPage":{"@id":"https:\/\/seinesaintdenis.fr\/actualite\/jeunesse-education\/Adapter-nos-colleges-au-climat-un-investissement-de-longue-haleine\/"},"wordCount":11,"commentCount":0,"publisher":{"@id":"https:\/\/seinesaintdenis.fr\/actualite\/#organization"},"image":{"@id":"https:\/\/seinesaintdenis.fr\/actualite\/jeunesse-education\/Adapter-nos-colleges-au-climat-un-investissement-de-longue-haleine\/#primaryimage"},"thumbnailUrl":"https:\/\/seinesaintdenis.fr\/actualite\/wp-content\/uploads\/2026\/09\/travaux-college-montfermeil.jpg","articleSection":["Jeunesse &amp; \u00c9ducation"],"inLanguage":"fr-FR","potentialAction":[{"@type":"CommentAction","name":"Comment","target":["https:\/\/seinesaintdenis.fr\/actualite\/jeunesse-education\/Adapter-nos-colleges-au-climat-un-investissement-de-longue-haleine\/#respond"]}]},{"@type":"WebPage","@id":"https:\/\/seinesaintdenis.fr\/actualite\/jeunesse-education\/Adapter-nos-colleges-au-climat-un-investissement-de-longue-haleine\/","url":"https:\/\/seinesaintdenis.fr\/actualite\/jeunesse-education\/Adapter-nos-colleges-au-climat-un-investissement-de-longue-haleine\/","name":"Adapter nos coll\u00e8ges au climat : un investissement de longue haleine - Seine-Saint-Denis - L&#039;actualit\u00e9 du d\u00e9partement","isPartOf":{"@id":"https:\/\/seinesaintdenis.fr\/actualite\/#website"},"primaryImageOfPage":{"@id":"https:\/\/seinesaintdenis.fr\/actualite\/jeunesse-education\/Adapter-nos-colleges-au-climat-un-investissement-de-longue-haleine\/#primaryimage"},"image":{"@id":"https:\/\/seinesaintdenis.fr\/actualite\/jeunesse-education\/Adapter-nos-colleges-au-climat-un-investissement-de-longue-haleine\/#primaryimage"},"thumbnailUrl":"https:\/\/seinesaintdenis.fr\/actualite\/wp-content\/uploads\/2026\/09\/travaux-college-montfermeil.jpg","datePublished":"2026-09-03T13:28:29+00:00","dateModified":"2026-09-03T13:30:09+00:00","description":"R\u00e9duire les \u00e9missions de CO2, am\u00e9liorer le confort des classes en \u00e9t\u00e9, am\u00e9nager des ilots de fraicheur... Le D\u00e9partement n'a pas attendu les canicules de cet \u00e9t\u00e9 pour adapter les coll\u00e8ges de Seine-Saint-Denis. Depuis 2010, les r\u00e9novations se succ\u00e8dent. Tour d'horizon des chantiers du moment, \u00e0 l'occasion de cette rentr\u00e9e 2026...","breadcrumb":{"@id":"https:\/\/seinesaintdenis.fr\/actualite\/jeunesse-education\/Adapter-nos-colleges-au-climat-un-investissement-de-longue-haleine\/#breadcrumb"},"inLanguage":"fr-FR","potentialAction":[{"@type":"ReadAction","target":["https:\/\/seinesaintdenis.fr\/actualite\/jeunesse-education\/Adapter-nos-colleges-au-climat-un-investissement-de-longue-haleine\/"]}]},{"@type":"ImageObject","inLanguage":"fr-FR","@id":"https:\/\/seinesaintdenis.fr\/actualite\/jeunesse-education\/Adapter-nos-colleges-au-climat-un-investissement-de-longue-haleine\/#primaryimage","url":"https:\/\/seinesaintdenis.fr\/actualite\/wp-content\/uploads\/2026\/09\/travaux-college-montfermeil.jpg","contentUrl":"https:\/\/seinesaintdenis.fr\/actualite\/wp-content\/uploads\/2026\/09\/travaux-college-montfermeil.jpg","width":1090,"height":560,"caption":"Visite de pr\u00e9rentr\u00e9e au coll\u00e8ge Jean Jaur\u00e8s \u00e0 Montfermeil, qui fait actuellement l'objet travaux de r\u00e9novation et d'extension dans le cadre du plan \u00e9co-coll\u00e8ge"},{"@type":"BreadcrumbList","@id":"https:\/\/seinesaintdenis.fr\/actualite\/jeunesse-education\/Adapter-nos-colleges-au-climat-un-investissement-de-longue-haleine\/#breadcrumb","itemListElement":[{"@type":"ListItem","position":1,"name":"Accueil","item":"https:\/\/seinesaintdenis.fr\/actualite\/"},{"@type":"ListItem","position":2,"name":"Jeunesse &amp; \u00c9ducation","item":"https:\/\/seinesaintdenis.fr\/actualite\/jeunesse-education\/"},{"@type":"ListItem","position":3,"name":"Adapter nos coll\u00e8ges au climat : un investissement de longue haleine"}]},{"@type":"WebSite","@id":"https:\/\/seinesaintdenis.fr\/actualite\/#website","url":"https:\/\/seinesaintdenis.fr\/actualite\/","name":"Seine-Saint-Denis - L'actualit\u00e9 du d\u00e9partement","description":"L&#039;actualit\u00e9 du D\u00e9partement de la Seine-Saint-Denis","publisher":{"@id":"https:\/\/seinesaintdenis.fr\/actualite\/#organization"},"potentialAction":[{"@type":"SearchAction","target":{"@type":"EntryPoint","urlTemplate":"https:\/\/seinesaintdenis.fr\/actualite\/?s={search_term_string}"},"query-input":{"@type":"PropertyValueSpecification","valueRequired":true,"valueName":"search_term_string"}}],"inLanguage":"fr-FR"},{"@type":"Organization","@id":"https:\/\/seinesaintdenis.fr\/actualite\/#organization","name":"Seine-Saint-Denis - Le D\u00e9partement","url":"https:\/\/seinesaintdenis.fr\/actualite\/","logo":{"@type":"ImageObject","inLanguage":"fr-FR","@id":"https:\/\/seinesaintdenis.fr\/actualite\/#\/schema\/logo\/image\/","url":"https:\/\/seinesaintdenis.fr\/actualite\/wp-content\/uploads\/2024\/08\/logo.png","contentUrl":"https:\/\/seinesaintdenis.fr\/actualite\/wp-content\/uploads\/2024\/08\/logo.png","width":567,"height":172,"caption":"Seine-Saint-Denis - Le D\u00e9partement"},"image":{"@id":"https:\/\/seinesaintdenis.fr\/actualite\/#\/schema\/logo\/image\/"},"sameAs":["https:\/\/www.facebook.com\/seinesaintdenisledepartement","https:\/\/x.com\/seinesaintdenis","https:\/\/www.linkedin.com\/company\/seinesaintdenis","https:\/\/www.instagram.com\/seine_saint_denis\/","https:\/\/www.youtube.com\/channel\/UCR5YF9NnqiLCbnrKQgLUcIw"]},{"@type":"Person","@id":"https:\/\/seinesaintdenis.fr\/actualite\/#\/schema\/person\/09eab927ada5ceeef6d44a2d538de143","name":"Amira Rouabhi","image":{"@type":"ImageObject","inLanguage":"fr-FR","@id":"https:\/\/secure.gravatar.com\/avatar\/1fabb5fa4310765b329dd1ae57830cdf8b9609391dc2f1c7f6cbc382b888ef4a?s=96&d=mm&r=g","url":"https:\/\/secure.gravatar.com\/avatar\/1fabb5fa4310765b329dd1ae57830cdf8b9609391dc2f1c7f6cbc382b888ef4a?s=96&d=mm&r=g","contentUrl":"https:\/\/secure.gravatar.com\/avatar\/1fabb5fa4310765b329dd1ae57830cdf8b9609391dc2f1c7f6cbc382b888ef4a?s=96&d=mm&r=g","caption":"Amira Rouabhi"},"url":"https:\/\/seinesaintdenis.fr\/actualite\/author\/arouabhi\/"}]}},"_links":{"self":[{"href":"https:\/\/seinesaintdenis.fr\/actualite\/wp-json\/wp\/v2\/posts\/38632","targetHints":{"allow":["GET"]}}],"collection":[{"href":"https:\/\/seinesaintdenis.fr\/actualite\/wp-json\/wp\/v2\/posts"}],"about":[{"href":"https:\/\/seinesaintdenis.fr\/actualite\/wp-json\/wp\/v2\/types\/post"}],"author":[{"embeddable":true,"href":"https:\/\/seinesaintdenis.fr\/actualite\/wp-json\/wp\/v2\/users\/15"}],"replies":[{"embeddable":true,"href":"https:\/\/seinesaintdenis.fr\/actualite\/wp-json\/wp\/v2\/comments?post=38632"}],"version-history":[{"count":3,"href":"https:\/\/seinesaintdenis.fr\/actualite\/wp-json\/wp\/v2\/posts\/38632\/revisions"}],"predecessor-version":[{"id":38636,"href":"https:\/\/seinesaintdenis.fr\/actualite\/wp-json\/wp\/v2\/posts\/38632\/revisions\/38636"}],"wp:featuredmedia":[{"embeddable":true,"href":"https:\/\/seinesaintdenis.fr\/actualite\/wp-json\/wp\/v2\/media\/38633"}],"wp:attachment":[{"href":"https:\/\/seinesaintdenis.fr\/actualite\/wp-json\/wp\/v2\/media?parent=38632"}],"wp:term":[{"taxonomy":"category","embeddable":true,"href":"https:\/\/seinesaintdenis.fr\/actualite\/wp-json\/wp\/v2\/categories?post=38632"},{"taxonomy":"ville","embeddable":true,"href":"https:\/\/seinesaintdenis.fr\/actualite\/wp-json\/wp\/v2\/ville?post=38632"}],"curies":[{"name":"wp","href":"https:\/\/api.w.org\/{rel}","templated":true}]}}