{"id":38432,"date":"2026-08-31T12:05:26","date_gmt":"2026-08-31T10:05:26","guid":{"rendered":"https:\/\/seinesaintdenis.fr\/actualite\/?p=38432"},"modified":"2026-08-31T12:21:14","modified_gmt":"2026-08-31T10:21:14","slug":"Un-service-public-de-la-restauration-pour-favoriser-la-sante-des-eleves","status":"publish","type":"post","link":"https:\/\/seinesaintdenis.fr\/actualite\/jeunesse-education\/Un-service-public-de-la-restauration-pour-favoriser-la-sante-des-eleves\/","title":{"rendered":"Un service public de la restauration pour la sant\u00e9 des \u00e9l\u00e8ves"},"content":{"rendered":"","protected":false},"excerpt":{"rendered":"","protected":false},"author":15,"featured_media":2977,"comment_status":"open","ping_status":"open","sticky":false,"template":"","format":"standard","meta":{"_acf_changed":false,"footnotes":""},"categories":[6],"ville":[194],"class_list":["post-38432","post","type-post","status-publish","format-standard","has-post-thumbnail","hentry","category-jeunesse-education"],"acf":[],"yoast_head":"<!-- This site is optimized with the Yoast SEO plugin v28.2 - https:\/\/yoast.com\/product\/yoast-seo-wordpress\/ -->\n<title>Un service public de la restauration pour la sant\u00e9 des \u00e9l\u00e8ves - Seine-Saint-Denis - L&#039;actualit\u00e9 du d\u00e9partement<\/title>\n<meta name=\"description\" content=\"Bien manger doit \u00eatre accessible \u00e0 tous les \u00e9l\u00e8ves de nos coll\u00e8ges. C&#039;est pourquoi, le D\u00e9partement d\u00e9fend un service public de la restauration scolaire en proposant des tarifs accessibles, des produits frais, de saison et locaux, cuisin\u00e9s par nos agent\u00b7es d\u00e9partementaux\u00b7ales. Stephane Troussel, Pr\u00e9sident du D\u00e9partement nous explique.\" \/>\n<meta name=\"robots\" content=\"index, follow, max-snippet:-1, max-image-preview:large, max-video-preview:-1\" \/>\n<link rel=\"canonical\" href=\"https:\/\/seinesaintdenis.fr\/actualite\/jeunesse-education\/Un-service-public-de-la-restauration-pour-favoriser-la-sante-des-eleves\/\" \/>\n<meta property=\"og:locale\" content=\"fr_FR\" \/>\n<meta property=\"og:type\" content=\"article\" \/>\n<meta property=\"og:title\" content=\"Un service public de la restauration pour la sant\u00e9 des \u00e9l\u00e8ves - Seine-Saint-Denis - L&#039;actualit\u00e9 du d\u00e9partement\" \/>\n<meta property=\"og:description\" content=\"Bien manger doit \u00eatre accessible \u00e0 tous les \u00e9l\u00e8ves de nos coll\u00e8ges. C&#039;est pourquoi, le D\u00e9partement d\u00e9fend un service public de la restauration scolaire en proposant des tarifs accessibles, des produits frais, de saison et locaux, cuisin\u00e9s par nos agent\u00b7es d\u00e9partementaux\u00b7ales. Stephane Troussel, Pr\u00e9sident du D\u00e9partement nous explique.\" \/>\n<meta property=\"og:url\" content=\"https:\/\/seinesaintdenis.fr\/actualite\/jeunesse-education\/Un-service-public-de-la-restauration-pour-favoriser-la-sante-des-eleves\/\" \/>\n<meta property=\"og:site_name\" content=\"Seine-Saint-Denis - L&#039;actualit\u00e9 du d\u00e9partement\" \/>\n<meta property=\"article:publisher\" content=\"https:\/\/www.facebook.com\/seinesaintdenisledepartement\" \/>\n<meta property=\"article:published_time\" content=\"2026-08-31T10:05:26+00:00\" \/>\n<meta property=\"article:modified_time\" content=\"2026-08-31T10:21:14+00:00\" \/>\n<meta property=\"og:image\" content=\"https:\/\/seinesaintdenis.fr\/actualite\/wp-content\/uploads\/2023\/05\/trois-questions-st.png\" \/>\n\t<meta property=\"og:image:width\" content=\"1090\" \/>\n\t<meta property=\"og:image:height\" content=\"560\" \/>\n\t<meta property=\"og:image:type\" content=\"image\/png\" \/>\n<meta name=\"author\" content=\"Amira Rouabhi\" \/>\n<meta name=\"twitter:card\" content=\"summary_large_image\" \/>\n<meta name=\"twitter:creator\" content=\"@seinesaintdenis\" \/>\n<meta name=\"twitter:site\" content=\"@seinesaintdenis\" \/>\n<meta name=\"twitter:label1\" content=\"\u00c9crit par\" \/>\n\t<meta name=\"twitter:data1\" content=\"Amira Rouabhi\" \/>\n\t<meta name=\"twitter:label2\" content=\"Dur\u00e9e de lecture estim\u00e9e\" \/>\n\t<meta name=\"twitter:data2\" content=\"1 minute\" \/>\n<script type=\"application\/ld+json\" class=\"yoast-schema-graph\">{\"@context\":\"https:\\\/\\\/schema.org\",\"@graph\":[{\"@type\":\"Article\",\"@id\":\"https:\\\/\\\/seinesaintdenis.fr\\\/actualite\\\/jeunesse-education\\\/Un-service-public-de-la-restauration-pour-favoriser-la-sante-des-eleves\\\/#article\",\"isPartOf\":{\"@id\":\"https:\\\/\\\/seinesaintdenis.fr\\\/actualite\\\/jeunesse-education\\\/Un-service-public-de-la-restauration-pour-favoriser-la-sante-des-eleves\\\/\"},\"author\":{\"name\":\"Amira Rouabhi\",\"@id\":\"https:\\\/\\\/seinesaintdenis.fr\\\/actualite\\\/#\\\/schema\\\/person\\\/09eab927ada5ceeef6d44a2d538de143\"},\"headline\":\"Un service public de la restauration pour la sant\u00e9 des \u00e9l\u00e8ves\",\"datePublished\":\"2026-08-31T10:05:26+00:00\",\"dateModified\":\"2026-08-31T10:21:14+00:00\",\"mainEntityOfPage\":{\"@id\":\"https:\\\/\\\/seinesaintdenis.fr\\\/actualite\\\/jeunesse-education\\\/Un-service-public-de-la-restauration-pour-favoriser-la-sante-des-eleves\\\/\"},\"wordCount\":12,\"commentCount\":0,\"publisher\":{\"@id\":\"https:\\\/\\\/seinesaintdenis.fr\\\/actualite\\\/#organization\"},\"image\":{\"@id\":\"https:\\\/\\\/seinesaintdenis.fr\\\/actualite\\\/jeunesse-education\\\/Un-service-public-de-la-restauration-pour-favoriser-la-sante-des-eleves\\\/#primaryimage\"},\"thumbnailUrl\":\"https:\\\/\\\/seinesaintdenis.fr\\\/actualite\\\/wp-content\\\/uploads\\\/2023\\\/05\\\/trois-questions-st.png\",\"articleSection\":[\"Jeunesse &amp; \u00c9ducation\"],\"inLanguage\":\"fr-FR\",\"potentialAction\":[{\"@type\":\"CommentAction\",\"name\":\"Comment\",\"target\":[\"https:\\\/\\\/seinesaintdenis.fr\\\/actualite\\\/jeunesse-education\\\/Un-service-public-de-la-restauration-pour-favoriser-la-sante-des-eleves\\\/#respond\"]}]},{\"@type\":\"WebPage\",\"@id\":\"https:\\\/\\\/seinesaintdenis.fr\\\/actualite\\\/jeunesse-education\\\/Un-service-public-de-la-restauration-pour-favoriser-la-sante-des-eleves\\\/\",\"url\":\"https:\\\/\\\/seinesaintdenis.fr\\\/actualite\\\/jeunesse-education\\\/Un-service-public-de-la-restauration-pour-favoriser-la-sante-des-eleves\\\/\",\"name\":\"Un service public de la restauration pour la sant\u00e9 des \u00e9l\u00e8ves - Seine-Saint-Denis - L&#039;actualit\u00e9 du d\u00e9partement\",\"isPartOf\":{\"@id\":\"https:\\\/\\\/seinesaintdenis.fr\\\/actualite\\\/#website\"},\"primaryImageOfPage\":{\"@id\":\"https:\\\/\\\/seinesaintdenis.fr\\\/actualite\\\/jeunesse-education\\\/Un-service-public-de-la-restauration-pour-favoriser-la-sante-des-eleves\\\/#primaryimage\"},\"image\":{\"@id\":\"https:\\\/\\\/seinesaintdenis.fr\\\/actualite\\\/jeunesse-education\\\/Un-service-public-de-la-restauration-pour-favoriser-la-sante-des-eleves\\\/#primaryimage\"},\"thumbnailUrl\":\"https:\\\/\\\/seinesaintdenis.fr\\\/actualite\\\/wp-content\\\/uploads\\\/2023\\\/05\\\/trois-questions-st.png\",\"datePublished\":\"2026-08-31T10:05:26+00:00\",\"dateModified\":\"2026-08-31T10:21:14+00:00\",\"description\":\"Bien manger doit \u00eatre accessible \u00e0 tous les \u00e9l\u00e8ves de nos coll\u00e8ges. C'est pourquoi, le D\u00e9partement d\u00e9fend un service public de la restauration scolaire en proposant des tarifs accessibles, des produits frais, de saison et locaux, cuisin\u00e9s par nos agent\u00b7es d\u00e9partementaux\u00b7ales. Stephane Troussel, Pr\u00e9sident du D\u00e9partement nous explique.\",\"breadcrumb\":{\"@id\":\"https:\\\/\\\/seinesaintdenis.fr\\\/actualite\\\/jeunesse-education\\\/Un-service-public-de-la-restauration-pour-favoriser-la-sante-des-eleves\\\/#breadcrumb\"},\"inLanguage\":\"fr-FR\",\"potentialAction\":[{\"@type\":\"ReadAction\",\"target\":[\"https:\\\/\\\/seinesaintdenis.fr\\\/actualite\\\/jeunesse-education\\\/Un-service-public-de-la-restauration-pour-favoriser-la-sante-des-eleves\\\/\"]}]},{\"@type\":\"ImageObject\",\"inLanguage\":\"fr-FR\",\"@id\":\"https:\\\/\\\/seinesaintdenis.fr\\\/actualite\\\/jeunesse-education\\\/Un-service-public-de-la-restauration-pour-favoriser-la-sante-des-eleves\\\/#primaryimage\",\"url\":\"https:\\\/\\\/seinesaintdenis.fr\\\/actualite\\\/wp-content\\\/uploads\\\/2023\\\/05\\\/trois-questions-st.png\",\"contentUrl\":\"https:\\\/\\\/seinesaintdenis.fr\\\/actualite\\\/wp-content\\\/uploads\\\/2023\\\/05\\\/trois-questions-st.png\",\"width\":1090,\"height\":560,\"caption\":\"Portrait Stephane Troussel\"},{\"@type\":\"BreadcrumbList\",\"@id\":\"https:\\\/\\\/seinesaintdenis.fr\\\/actualite\\\/jeunesse-education\\\/Un-service-public-de-la-restauration-pour-favoriser-la-sante-des-eleves\\\/#breadcrumb\",\"itemListElement\":[{\"@type\":\"ListItem\",\"position\":1,\"name\":\"Accueil\",\"item\":\"https:\\\/\\\/seinesaintdenis.fr\\\/actualite\\\/\"},{\"@type\":\"ListItem\",\"position\":2,\"name\":\"Jeunesse &amp; \u00c9ducation\",\"item\":\"https:\\\/\\\/seinesaintdenis.fr\\\/actualite\\\/jeunesse-education\\\/\"},{\"@type\":\"ListItem\",\"position\":3,\"name\":\"Un service public de la restauration pour la sant\u00e9 des \u00e9l\u00e8ves\"}]},{\"@type\":\"WebSite\",\"@id\":\"https:\\\/\\\/seinesaintdenis.fr\\\/actualite\\\/#website\",\"url\":\"https:\\\/\\\/seinesaintdenis.fr\\\/actualite\\\/\",\"name\":\"Seine-Saint-Denis - L'actualit\u00e9 du d\u00e9partement\",\"description\":\"L&#039;actualit\u00e9 du D\u00e9partement de la Seine-Saint-Denis\",\"publisher\":{\"@id\":\"https:\\\/\\\/seinesaintdenis.fr\\\/actualite\\\/#organization\"},\"potentialAction\":[{\"@type\":\"SearchAction\",\"target\":{\"@type\":\"EntryPoint\",\"urlTemplate\":\"https:\\\/\\\/seinesaintdenis.fr\\\/actualite\\\/?s={search_term_string}\"},\"query-input\":{\"@type\":\"PropertyValueSpecification\",\"valueRequired\":true,\"valueName\":\"search_term_string\"}}],\"inLanguage\":\"fr-FR\"},{\"@type\":\"Organization\",\"@id\":\"https:\\\/\\\/seinesaintdenis.fr\\\/actualite\\\/#organization\",\"name\":\"Seine-Saint-Denis - Le D\u00e9partement\",\"url\":\"https:\\\/\\\/seinesaintdenis.fr\\\/actualite\\\/\",\"logo\":{\"@type\":\"ImageObject\",\"inLanguage\":\"fr-FR\",\"@id\":\"https:\\\/\\\/seinesaintdenis.fr\\\/actualite\\\/#\\\/schema\\\/logo\\\/image\\\/\",\"url\":\"https:\\\/\\\/seinesaintdenis.fr\\\/actualite\\\/wp-content\\\/uploads\\\/2024\\\/08\\\/logo.png\",\"contentUrl\":\"https:\\\/\\\/seinesaintdenis.fr\\\/actualite\\\/wp-content\\\/uploads\\\/2024\\\/08\\\/logo.png\",\"width\":567,\"height\":172,\"caption\":\"Seine-Saint-Denis - Le D\u00e9partement\"},\"image\":{\"@id\":\"https:\\\/\\\/seinesaintdenis.fr\\\/actualite\\\/#\\\/schema\\\/logo\\\/image\\\/\"},\"sameAs\":[\"https:\\\/\\\/www.facebook.com\\\/seinesaintdenisledepartement\",\"https:\\\/\\\/x.com\\\/seinesaintdenis\",\"https:\\\/\\\/www.linkedin.com\\\/company\\\/seinesaintdenis\",\"https:\\\/\\\/www.instagram.com\\\/seine_saint_denis\\\/\",\"https:\\\/\\\/www.youtube.com\\\/channel\\\/UCR5YF9NnqiLCbnrKQgLUcIw\"]},{\"@type\":\"Person\",\"@id\":\"https:\\\/\\\/seinesaintdenis.fr\\\/actualite\\\/#\\\/schema\\\/person\\\/09eab927ada5ceeef6d44a2d538de143\",\"name\":\"Amira Rouabhi\",\"image\":{\"@type\":\"ImageObject\",\"inLanguage\":\"fr-FR\",\"@id\":\"https:\\\/\\\/secure.gravatar.com\\\/avatar\\\/1fabb5fa4310765b329dd1ae57830cdf8b9609391dc2f1c7f6cbc382b888ef4a?s=96&d=mm&r=g\",\"url\":\"https:\\\/\\\/secure.gravatar.com\\\/avatar\\\/1fabb5fa4310765b329dd1ae57830cdf8b9609391dc2f1c7f6cbc382b888ef4a?s=96&d=mm&r=g\",\"contentUrl\":\"https:\\\/\\\/secure.gravatar.com\\\/avatar\\\/1fabb5fa4310765b329dd1ae57830cdf8b9609391dc2f1c7f6cbc382b888ef4a?s=96&d=mm&r=g\",\"caption\":\"Amira Rouabhi\"},\"url\":\"https:\\\/\\\/seinesaintdenis.fr\\\/actualite\\\/author\\\/arouabhi\\\/\"}]}<\/script>\n<!-- \/ Yoast SEO plugin. -->","yoast_head_json":{"title":"Un service public de la restauration pour la sant\u00e9 des \u00e9l\u00e8ves - Seine-Saint-Denis - L&#039;actualit\u00e9 du d\u00e9partement","description":"Bien manger doit \u00eatre accessible \u00e0 tous les \u00e9l\u00e8ves de nos coll\u00e8ges. C'est pourquoi, le D\u00e9partement d\u00e9fend un service public de la restauration scolaire en proposant des tarifs accessibles, des produits frais, de saison et locaux, cuisin\u00e9s par nos agent\u00b7es d\u00e9partementaux\u00b7ales. Stephane Troussel, Pr\u00e9sident du D\u00e9partement nous explique.","robots":{"index":"index","follow":"follow","max-snippet":"max-snippet:-1","max-image-preview":"max-image-preview:large","max-video-preview":"max-video-preview:-1"},"canonical":"https:\/\/seinesaintdenis.fr\/actualite\/jeunesse-education\/Un-service-public-de-la-restauration-pour-favoriser-la-sante-des-eleves\/","og_locale":"fr_FR","og_type":"article","og_title":"Un service public de la restauration pour la sant\u00e9 des \u00e9l\u00e8ves - Seine-Saint-Denis - L&#039;actualit\u00e9 du d\u00e9partement","og_description":"Bien manger doit \u00eatre accessible \u00e0 tous les \u00e9l\u00e8ves de nos coll\u00e8ges. C'est pourquoi, le D\u00e9partement d\u00e9fend un service public de la restauration scolaire en proposant des tarifs accessibles, des produits frais, de saison et locaux, cuisin\u00e9s par nos agent\u00b7es d\u00e9partementaux\u00b7ales. Stephane Troussel, Pr\u00e9sident du D\u00e9partement nous explique.","og_url":"https:\/\/seinesaintdenis.fr\/actualite\/jeunesse-education\/Un-service-public-de-la-restauration-pour-favoriser-la-sante-des-eleves\/","og_site_name":"Seine-Saint-Denis - L&#039;actualit\u00e9 du d\u00e9partement","article_publisher":"https:\/\/www.facebook.com\/seinesaintdenisledepartement","article_published_time":"2026-08-31T10:05:26+00:00","article_modified_time":"2026-08-31T10:21:14+00:00","og_image":[{"width":1090,"height":560,"url":"https:\/\/seinesaintdenis.fr\/actualite\/wp-content\/uploads\/2023\/05\/trois-questions-st.png","type":"image\/png"}],"author":"Amira Rouabhi","twitter_card":"summary_large_image","twitter_creator":"@seinesaintdenis","twitter_site":"@seinesaintdenis","twitter_misc":{"\u00c9crit par":"Amira Rouabhi","Dur\u00e9e de lecture estim\u00e9e":"1 minute"},"schema":{"@context":"https:\/\/schema.org","@graph":[{"@type":"Article","@id":"https:\/\/seinesaintdenis.fr\/actualite\/jeunesse-education\/Un-service-public-de-la-restauration-pour-favoriser-la-sante-des-eleves\/#article","isPartOf":{"@id":"https:\/\/seinesaintdenis.fr\/actualite\/jeunesse-education\/Un-service-public-de-la-restauration-pour-favoriser-la-sante-des-eleves\/"},"author":{"name":"Amira Rouabhi","@id":"https:\/\/seinesaintdenis.fr\/actualite\/#\/schema\/person\/09eab927ada5ceeef6d44a2d538de143"},"headline":"Un service public de la restauration pour la sant\u00e9 des \u00e9l\u00e8ves","datePublished":"2026-08-31T10:05:26+00:00","dateModified":"2026-08-31T10:21:14+00:00","mainEntityOfPage":{"@id":"https:\/\/seinesaintdenis.fr\/actualite\/jeunesse-education\/Un-service-public-de-la-restauration-pour-favoriser-la-sante-des-eleves\/"},"wordCount":12,"commentCount":0,"publisher":{"@id":"https:\/\/seinesaintdenis.fr\/actualite\/#organization"},"image":{"@id":"https:\/\/seinesaintdenis.fr\/actualite\/jeunesse-education\/Un-service-public-de-la-restauration-pour-favoriser-la-sante-des-eleves\/#primaryimage"},"thumbnailUrl":"https:\/\/seinesaintdenis.fr\/actualite\/wp-content\/uploads\/2023\/05\/trois-questions-st.png","articleSection":["Jeunesse &amp; \u00c9ducation"],"inLanguage":"fr-FR","potentialAction":[{"@type":"CommentAction","name":"Comment","target":["https:\/\/seinesaintdenis.fr\/actualite\/jeunesse-education\/Un-service-public-de-la-restauration-pour-favoriser-la-sante-des-eleves\/#respond"]}]},{"@type":"WebPage","@id":"https:\/\/seinesaintdenis.fr\/actualite\/jeunesse-education\/Un-service-public-de-la-restauration-pour-favoriser-la-sante-des-eleves\/","url":"https:\/\/seinesaintdenis.fr\/actualite\/jeunesse-education\/Un-service-public-de-la-restauration-pour-favoriser-la-sante-des-eleves\/","name":"Un service public de la restauration pour la sant\u00e9 des \u00e9l\u00e8ves - Seine-Saint-Denis - L&#039;actualit\u00e9 du d\u00e9partement","isPartOf":{"@id":"https:\/\/seinesaintdenis.fr\/actualite\/#website"},"primaryImageOfPage":{"@id":"https:\/\/seinesaintdenis.fr\/actualite\/jeunesse-education\/Un-service-public-de-la-restauration-pour-favoriser-la-sante-des-eleves\/#primaryimage"},"image":{"@id":"https:\/\/seinesaintdenis.fr\/actualite\/jeunesse-education\/Un-service-public-de-la-restauration-pour-favoriser-la-sante-des-eleves\/#primaryimage"},"thumbnailUrl":"https:\/\/seinesaintdenis.fr\/actualite\/wp-content\/uploads\/2023\/05\/trois-questions-st.png","datePublished":"2026-08-31T10:05:26+00:00","dateModified":"2026-08-31T10:21:14+00:00","description":"Bien manger doit \u00eatre accessible \u00e0 tous les \u00e9l\u00e8ves de nos coll\u00e8ges. C'est pourquoi, le D\u00e9partement d\u00e9fend un service public de la restauration scolaire en proposant des tarifs accessibles, des produits frais, de saison et locaux, cuisin\u00e9s par nos agent\u00b7es d\u00e9partementaux\u00b7ales. Stephane Troussel, Pr\u00e9sident du D\u00e9partement nous explique.","breadcrumb":{"@id":"https:\/\/seinesaintdenis.fr\/actualite\/jeunesse-education\/Un-service-public-de-la-restauration-pour-favoriser-la-sante-des-eleves\/#breadcrumb"},"inLanguage":"fr-FR","potentialAction":[{"@type":"ReadAction","target":["https:\/\/seinesaintdenis.fr\/actualite\/jeunesse-education\/Un-service-public-de-la-restauration-pour-favoriser-la-sante-des-eleves\/"]}]},{"@type":"ImageObject","inLanguage":"fr-FR","@id":"https:\/\/seinesaintdenis.fr\/actualite\/jeunesse-education\/Un-service-public-de-la-restauration-pour-favoriser-la-sante-des-eleves\/#primaryimage","url":"https:\/\/seinesaintdenis.fr\/actualite\/wp-content\/uploads\/2023\/05\/trois-questions-st.png","contentUrl":"https:\/\/seinesaintdenis.fr\/actualite\/wp-content\/uploads\/2023\/05\/trois-questions-st.png","width":1090,"height":560,"caption":"Portrait Stephane Troussel"},{"@type":"BreadcrumbList","@id":"https:\/\/seinesaintdenis.fr\/actualite\/jeunesse-education\/Un-service-public-de-la-restauration-pour-favoriser-la-sante-des-eleves\/#breadcrumb","itemListElement":[{"@type":"ListItem","position":1,"name":"Accueil","item":"https:\/\/seinesaintdenis.fr\/actualite\/"},{"@type":"ListItem","position":2,"name":"Jeunesse &amp; \u00c9ducation","item":"https:\/\/seinesaintdenis.fr\/actualite\/jeunesse-education\/"},{"@type":"ListItem","position":3,"name":"Un service public de la restauration pour la sant\u00e9 des \u00e9l\u00e8ves"}]},{"@type":"WebSite","@id":"https:\/\/seinesaintdenis.fr\/actualite\/#website","url":"https:\/\/seinesaintdenis.fr\/actualite\/","name":"Seine-Saint-Denis - L'actualit\u00e9 du d\u00e9partement","description":"L&#039;actualit\u00e9 du D\u00e9partement de la Seine-Saint-Denis","publisher":{"@id":"https:\/\/seinesaintdenis.fr\/actualite\/#organization"},"potentialAction":[{"@type":"SearchAction","target":{"@type":"EntryPoint","urlTemplate":"https:\/\/seinesaintdenis.fr\/actualite\/?s={search_term_string}"},"query-input":{"@type":"PropertyValueSpecification","valueRequired":true,"valueName":"search_term_string"}}],"inLanguage":"fr-FR"},{"@type":"Organization","@id":"https:\/\/seinesaintdenis.fr\/actualite\/#organization","name":"Seine-Saint-Denis - Le D\u00e9partement","url":"https:\/\/seinesaintdenis.fr\/actualite\/","logo":{"@type":"ImageObject","inLanguage":"fr-FR","@id":"https:\/\/seinesaintdenis.fr\/actualite\/#\/schema\/logo\/image\/","url":"https:\/\/seinesaintdenis.fr\/actualite\/wp-content\/uploads\/2024\/08\/logo.png","contentUrl":"https:\/\/seinesaintdenis.fr\/actualite\/wp-content\/uploads\/2024\/08\/logo.png","width":567,"height":172,"caption":"Seine-Saint-Denis - Le D\u00e9partement"},"image":{"@id":"https:\/\/seinesaintdenis.fr\/actualite\/#\/schema\/logo\/image\/"},"sameAs":["https:\/\/www.facebook.com\/seinesaintdenisledepartement","https:\/\/x.com\/seinesaintdenis","https:\/\/www.linkedin.com\/company\/seinesaintdenis","https:\/\/www.instagram.com\/seine_saint_denis\/","https:\/\/www.youtube.com\/channel\/UCR5YF9NnqiLCbnrKQgLUcIw"]},{"@type":"Person","@id":"https:\/\/seinesaintdenis.fr\/actualite\/#\/schema\/person\/09eab927ada5ceeef6d44a2d538de143","name":"Amira Rouabhi","image":{"@type":"ImageObject","inLanguage":"fr-FR","@id":"https:\/\/secure.gravatar.com\/avatar\/1fabb5fa4310765b329dd1ae57830cdf8b9609391dc2f1c7f6cbc382b888ef4a?s=96&d=mm&r=g","url":"https:\/\/secure.gravatar.com\/avatar\/1fabb5fa4310765b329dd1ae57830cdf8b9609391dc2f1c7f6cbc382b888ef4a?s=96&d=mm&r=g","contentUrl":"https:\/\/secure.gravatar.com\/avatar\/1fabb5fa4310765b329dd1ae57830cdf8b9609391dc2f1c7f6cbc382b888ef4a?s=96&d=mm&r=g","caption":"Amira Rouabhi"},"url":"https:\/\/seinesaintdenis.fr\/actualite\/author\/arouabhi\/"}]}},"_links":{"self":[{"href":"https:\/\/seinesaintdenis.fr\/actualite\/wp-json\/wp\/v2\/posts\/38432","targetHints":{"allow":["GET"]}}],"collection":[{"href":"https:\/\/seinesaintdenis.fr\/actualite\/wp-json\/wp\/v2\/posts"}],"about":[{"href":"https:\/\/seinesaintdenis.fr\/actualite\/wp-json\/wp\/v2\/types\/post"}],"author":[{"embeddable":true,"href":"https:\/\/seinesaintdenis.fr\/actualite\/wp-json\/wp\/v2\/users\/15"}],"replies":[{"embeddable":true,"href":"https:\/\/seinesaintdenis.fr\/actualite\/wp-json\/wp\/v2\/comments?post=38432"}],"version-history":[{"count":5,"href":"https:\/\/seinesaintdenis.fr\/actualite\/wp-json\/wp\/v2\/posts\/38432\/revisions"}],"predecessor-version":[{"id":38511,"href":"https:\/\/seinesaintdenis.fr\/actualite\/wp-json\/wp\/v2\/posts\/38432\/revisions\/38511"}],"wp:featuredmedia":[{"embeddable":true,"href":"https:\/\/seinesaintdenis.fr\/actualite\/wp-json\/wp\/v2\/media\/2977"}],"wp:attachment":[{"href":"https:\/\/seinesaintdenis.fr\/actualite\/wp-json\/wp\/v2\/media?parent=38432"}],"wp:term":[{"taxonomy":"category","embeddable":true,"href":"https:\/\/seinesaintdenis.fr\/actualite\/wp-json\/wp\/v2\/categories?post=38432"},{"taxonomy":"ville","embeddable":true,"href":"https:\/\/seinesaintdenis.fr\/actualite\/wp-json\/wp\/v2\/ville?post=38432"}],"curies":[{"name":"wp","href":"https:\/\/api.w.org\/{rel}","templated":true}]}}