{"id":3566,"date":"2023-06-05T08:53:35","date_gmt":"2023-06-05T06:53:35","guid":{"rendered":"https:\/\/seinesaintdenis.fr\/actualite\/?p=3566"},"modified":"2024-03-20T13:30:17","modified_gmt":"2024-03-20T12:30:17","slug":"Le-parc-Georges-Valbon-vu-du-ciel","status":"publish","type":"post","link":"https:\/\/seinesaintdenis.fr\/actualite\/sport-loisirs\/Le-parc-Georges-Valbon-vu-du-ciel\/","title":{"rendered":"Le Parc Georges-Valbon vu du ciel"},"content":{"rendered":"","protected":false},"excerpt":{"rendered":"","protected":false},"author":19,"featured_media":3693,"comment_status":"open","ping_status":"open","sticky":false,"template":"","format":"standard","meta":{"_acf_changed":false,"footnotes":""},"categories":[10],"ville":[67],"class_list":["post-3566","post","type-post","status-publish","format-standard","has-post-thumbnail","hentry","category-sport-loisirs"],"acf":[],"yoast_head":"<!-- This site is optimized with the Yoast SEO plugin v27.5 - https:\/\/yoast.com\/product\/yoast-seo-wordpress\/ -->\n<title>Le Parc Georges-Valbon vu du ciel - Seine-Saint-Denis - L&#039;actualit\u00e9 du d\u00e9partement<\/title>\n<meta name=\"description\" content=\"Class\u00e9 Natura 2000 et riche de sa biodiversit\u00e9, le Parc d\u00e9partemental Georges-Valbon de La Courneuve vous reconnecte \u00e0 la nature. En photos prises d&#039;un drone, d\u00e9couvrez cet espace qui s&#039;\u00e9tend sur 420 hectares de verdure. Cr\u00e9dits photo : Jean-Louis Bellurget\" \/>\n<meta name=\"robots\" content=\"index, follow, max-snippet:-1, max-image-preview:large, max-video-preview:-1\" \/>\n<link rel=\"canonical\" href=\"https:\/\/seinesaintdenis.fr\/actualite\/sport-loisirs\/Le-parc-Georges-Valbon-vu-du-ciel\/\" \/>\n<meta property=\"og:locale\" content=\"fr_FR\" \/>\n<meta property=\"og:type\" content=\"article\" \/>\n<meta property=\"og:title\" content=\"Le Parc Georges-Valbon vu du ciel - Seine-Saint-Denis - L&#039;actualit\u00e9 du d\u00e9partement\" \/>\n<meta property=\"og:description\" content=\"Class\u00e9 Natura 2000 et riche de sa biodiversit\u00e9, le Parc d\u00e9partemental Georges-Valbon de La Courneuve vous reconnecte \u00e0 la nature. En photos prises d&#039;un drone, d\u00e9couvrez cet espace qui s&#039;\u00e9tend sur 420 hectares de verdure. Cr\u00e9dits photo : Jean-Louis Bellurget\" \/>\n<meta property=\"og:url\" content=\"https:\/\/seinesaintdenis.fr\/actualite\/sport-loisirs\/Le-parc-Georges-Valbon-vu-du-ciel\/\" \/>\n<meta property=\"og:site_name\" content=\"Seine-Saint-Denis - L&#039;actualit\u00e9 du d\u00e9partement\" \/>\n<meta property=\"article:publisher\" content=\"https:\/\/www.facebook.com\/seinesaintdenisledepartement\" \/>\n<meta property=\"article:published_time\" content=\"2023-06-05T06:53:35+00:00\" \/>\n<meta property=\"article:modified_time\" content=\"2024-03-20T12:30:17+00:00\" \/>\n<meta property=\"og:image\" content=\"https:\/\/seinesaintdenis.fr\/actualite\/wp-content\/uploads\/2023\/06\/16-parc-gvalbon.jpg\" \/>\n\t<meta property=\"og:image:width\" content=\"1090\" \/>\n\t<meta property=\"og:image:height\" content=\"560\" \/>\n\t<meta property=\"og:image:type\" content=\"image\/jpeg\" \/>\n<meta name=\"author\" content=\"Houda Elmir\" \/>\n<meta name=\"twitter:card\" content=\"summary_large_image\" \/>\n<meta name=\"twitter:creator\" content=\"@seinesaintdenis\" \/>\n<meta name=\"twitter:site\" content=\"@seinesaintdenis\" \/>\n<meta name=\"twitter:label1\" content=\"\u00c9crit par\" \/>\n\t<meta name=\"twitter:data1\" content=\"Houda Elmir\" \/>\n<script type=\"application\/ld+json\" class=\"yoast-schema-graph\">{\"@context\":\"https:\\\/\\\/schema.org\",\"@graph\":[{\"@type\":\"Article\",\"@id\":\"https:\\\/\\\/seinesaintdenis.fr\\\/actualite\\\/sport-loisirs\\\/Le-parc-Georges-Valbon-vu-du-ciel\\\/#article\",\"isPartOf\":{\"@id\":\"https:\\\/\\\/seinesaintdenis.fr\\\/actualite\\\/sport-loisirs\\\/Le-parc-Georges-Valbon-vu-du-ciel\\\/\"},\"author\":{\"name\":\"Houda Elmir\",\"@id\":\"https:\\\/\\\/seinesaintdenis.fr\\\/actualite\\\/#\\\/schema\\\/person\\\/54c0ee281863a616a82de0db3ad0d016\"},\"headline\":\"Le Parc Georges-Valbon vu du ciel\",\"datePublished\":\"2023-06-05T06:53:35+00:00\",\"dateModified\":\"2024-03-20T12:30:17+00:00\",\"mainEntityOfPage\":{\"@id\":\"https:\\\/\\\/seinesaintdenis.fr\\\/actualite\\\/sport-loisirs\\\/Le-parc-Georges-Valbon-vu-du-ciel\\\/\"},\"wordCount\":6,\"commentCount\":0,\"publisher\":{\"@id\":\"https:\\\/\\\/seinesaintdenis.fr\\\/actualite\\\/#organization\"},\"image\":{\"@id\":\"https:\\\/\\\/seinesaintdenis.fr\\\/actualite\\\/sport-loisirs\\\/Le-parc-Georges-Valbon-vu-du-ciel\\\/#primaryimage\"},\"thumbnailUrl\":\"https:\\\/\\\/seinesaintdenis.fr\\\/actualite\\\/wp-content\\\/uploads\\\/2023\\\/06\\\/16-parc-gvalbon.jpg\",\"articleSection\":[\"Sport &amp; Loisirs\"],\"inLanguage\":\"fr-FR\",\"potentialAction\":[{\"@type\":\"CommentAction\",\"name\":\"Comment\",\"target\":[\"https:\\\/\\\/seinesaintdenis.fr\\\/actualite\\\/sport-loisirs\\\/Le-parc-Georges-Valbon-vu-du-ciel\\\/#respond\"]}]},{\"@type\":\"WebPage\",\"@id\":\"https:\\\/\\\/seinesaintdenis.fr\\\/actualite\\\/sport-loisirs\\\/Le-parc-Georges-Valbon-vu-du-ciel\\\/\",\"url\":\"https:\\\/\\\/seinesaintdenis.fr\\\/actualite\\\/sport-loisirs\\\/Le-parc-Georges-Valbon-vu-du-ciel\\\/\",\"name\":\"Le Parc Georges-Valbon vu du ciel - Seine-Saint-Denis - L&#039;actualit\u00e9 du d\u00e9partement\",\"isPartOf\":{\"@id\":\"https:\\\/\\\/seinesaintdenis.fr\\\/actualite\\\/#website\"},\"primaryImageOfPage\":{\"@id\":\"https:\\\/\\\/seinesaintdenis.fr\\\/actualite\\\/sport-loisirs\\\/Le-parc-Georges-Valbon-vu-du-ciel\\\/#primaryimage\"},\"image\":{\"@id\":\"https:\\\/\\\/seinesaintdenis.fr\\\/actualite\\\/sport-loisirs\\\/Le-parc-Georges-Valbon-vu-du-ciel\\\/#primaryimage\"},\"thumbnailUrl\":\"https:\\\/\\\/seinesaintdenis.fr\\\/actualite\\\/wp-content\\\/uploads\\\/2023\\\/06\\\/16-parc-gvalbon.jpg\",\"datePublished\":\"2023-06-05T06:53:35+00:00\",\"dateModified\":\"2024-03-20T12:30:17+00:00\",\"description\":\"Class\u00e9 Natura 2000 et riche de sa biodiversit\u00e9, le Parc d\u00e9partemental Georges-Valbon de La Courneuve vous reconnecte \u00e0 la nature. En photos prises d'un drone, d\u00e9couvrez cet espace qui s'\u00e9tend sur 420 hectares de verdure. Cr\u00e9dits photo : Jean-Louis Bellurget\",\"breadcrumb\":{\"@id\":\"https:\\\/\\\/seinesaintdenis.fr\\\/actualite\\\/sport-loisirs\\\/Le-parc-Georges-Valbon-vu-du-ciel\\\/#breadcrumb\"},\"inLanguage\":\"fr-FR\",\"potentialAction\":[{\"@type\":\"ReadAction\",\"target\":[\"https:\\\/\\\/seinesaintdenis.fr\\\/actualite\\\/sport-loisirs\\\/Le-parc-Georges-Valbon-vu-du-ciel\\\/\"]}]},{\"@type\":\"ImageObject\",\"inLanguage\":\"fr-FR\",\"@id\":\"https:\\\/\\\/seinesaintdenis.fr\\\/actualite\\\/sport-loisirs\\\/Le-parc-Georges-Valbon-vu-du-ciel\\\/#primaryimage\",\"url\":\"https:\\\/\\\/seinesaintdenis.fr\\\/actualite\\\/wp-content\\\/uploads\\\/2023\\\/06\\\/16-parc-gvalbon.jpg\",\"contentUrl\":\"https:\\\/\\\/seinesaintdenis.fr\\\/actualite\\\/wp-content\\\/uploads\\\/2023\\\/06\\\/16-parc-gvalbon.jpg\",\"width\":1090,\"height\":560,\"caption\":\"parc-Georges Valbon La Courneuve\"},{\"@type\":\"BreadcrumbList\",\"@id\":\"https:\\\/\\\/seinesaintdenis.fr\\\/actualite\\\/sport-loisirs\\\/Le-parc-Georges-Valbon-vu-du-ciel\\\/#breadcrumb\",\"itemListElement\":[{\"@type\":\"ListItem\",\"position\":1,\"name\":\"Accueil\",\"item\":\"https:\\\/\\\/seinesaintdenis.fr\\\/actualite\\\/\"},{\"@type\":\"ListItem\",\"position\":2,\"name\":\"Sport &amp; Loisirs\",\"item\":\"https:\\\/\\\/seinesaintdenis.fr\\\/actualite\\\/sport-loisirs\\\/\"},{\"@type\":\"ListItem\",\"position\":3,\"name\":\"Le Parc Georges-Valbon vu du ciel\"}]},{\"@type\":\"WebSite\",\"@id\":\"https:\\\/\\\/seinesaintdenis.fr\\\/actualite\\\/#website\",\"url\":\"https:\\\/\\\/seinesaintdenis.fr\\\/actualite\\\/\",\"name\":\"Seine-Saint-Denis - L'actualit\u00e9 du d\u00e9partement\",\"description\":\"L&#039;actualit\u00e9 du D\u00e9partement de la Seine-Saint-Denis\",\"publisher\":{\"@id\":\"https:\\\/\\\/seinesaintdenis.fr\\\/actualite\\\/#organization\"},\"potentialAction\":[{\"@type\":\"SearchAction\",\"target\":{\"@type\":\"EntryPoint\",\"urlTemplate\":\"https:\\\/\\\/seinesaintdenis.fr\\\/actualite\\\/?s={search_term_string}\"},\"query-input\":{\"@type\":\"PropertyValueSpecification\",\"valueRequired\":true,\"valueName\":\"search_term_string\"}}],\"inLanguage\":\"fr-FR\"},{\"@type\":\"Organization\",\"@id\":\"https:\\\/\\\/seinesaintdenis.fr\\\/actualite\\\/#organization\",\"name\":\"Seine-Saint-Denis - Le D\u00e9partement\",\"url\":\"https:\\\/\\\/seinesaintdenis.fr\\\/actualite\\\/\",\"logo\":{\"@type\":\"ImageObject\",\"inLanguage\":\"fr-FR\",\"@id\":\"https:\\\/\\\/seinesaintdenis.fr\\\/actualite\\\/#\\\/schema\\\/logo\\\/image\\\/\",\"url\":\"https:\\\/\\\/seinesaintdenis.fr\\\/actualite\\\/wp-content\\\/uploads\\\/2024\\\/08\\\/logo.png\",\"contentUrl\":\"https:\\\/\\\/seinesaintdenis.fr\\\/actualite\\\/wp-content\\\/uploads\\\/2024\\\/08\\\/logo.png\",\"width\":567,\"height\":172,\"caption\":\"Seine-Saint-Denis - Le D\u00e9partement\"},\"image\":{\"@id\":\"https:\\\/\\\/seinesaintdenis.fr\\\/actualite\\\/#\\\/schema\\\/logo\\\/image\\\/\"},\"sameAs\":[\"https:\\\/\\\/www.facebook.com\\\/seinesaintdenisledepartement\",\"https:\\\/\\\/x.com\\\/seinesaintdenis\",\"https:\\\/\\\/www.linkedin.com\\\/company\\\/seinesaintdenis\",\"https:\\\/\\\/www.instagram.com\\\/seine_saint_denis\\\/\",\"https:\\\/\\\/www.youtube.com\\\/channel\\\/UCR5YF9NnqiLCbnrKQgLUcIw\"]},{\"@type\":\"Person\",\"@id\":\"https:\\\/\\\/seinesaintdenis.fr\\\/actualite\\\/#\\\/schema\\\/person\\\/54c0ee281863a616a82de0db3ad0d016\",\"name\":\"Houda Elmir\",\"image\":{\"@type\":\"ImageObject\",\"inLanguage\":\"fr-FR\",\"@id\":\"https:\\\/\\\/secure.gravatar.com\\\/avatar\\\/e94ffabae3b9ce1fa19e7be2642bb76b2964eded19adcc2753477b329457c4b0?s=96&d=mm&r=g\",\"url\":\"https:\\\/\\\/secure.gravatar.com\\\/avatar\\\/e94ffabae3b9ce1fa19e7be2642bb76b2964eded19adcc2753477b329457c4b0?s=96&d=mm&r=g\",\"contentUrl\":\"https:\\\/\\\/secure.gravatar.com\\\/avatar\\\/e94ffabae3b9ce1fa19e7be2642bb76b2964eded19adcc2753477b329457c4b0?s=96&d=mm&r=g\",\"caption\":\"Houda Elmir\"},\"url\":\"https:\\\/\\\/seinesaintdenis.fr\\\/actualite\\\/author\\\/helmir\\\/\"}]}<\/script>\n<!-- \/ Yoast SEO plugin. -->","yoast_head_json":{"title":"Le Parc Georges-Valbon vu du ciel - Seine-Saint-Denis - L&#039;actualit\u00e9 du d\u00e9partement","description":"Class\u00e9 Natura 2000 et riche de sa biodiversit\u00e9, le Parc d\u00e9partemental Georges-Valbon de La Courneuve vous reconnecte \u00e0 la nature. En photos prises d'un drone, d\u00e9couvrez cet espace qui s'\u00e9tend sur 420 hectares de verdure. Cr\u00e9dits photo : Jean-Louis Bellurget","robots":{"index":"index","follow":"follow","max-snippet":"max-snippet:-1","max-image-preview":"max-image-preview:large","max-video-preview":"max-video-preview:-1"},"canonical":"https:\/\/seinesaintdenis.fr\/actualite\/sport-loisirs\/Le-parc-Georges-Valbon-vu-du-ciel\/","og_locale":"fr_FR","og_type":"article","og_title":"Le Parc Georges-Valbon vu du ciel - Seine-Saint-Denis - L&#039;actualit\u00e9 du d\u00e9partement","og_description":"Class\u00e9 Natura 2000 et riche de sa biodiversit\u00e9, le Parc d\u00e9partemental Georges-Valbon de La Courneuve vous reconnecte \u00e0 la nature. En photos prises d'un drone, d\u00e9couvrez cet espace qui s'\u00e9tend sur 420 hectares de verdure. Cr\u00e9dits photo : Jean-Louis Bellurget","og_url":"https:\/\/seinesaintdenis.fr\/actualite\/sport-loisirs\/Le-parc-Georges-Valbon-vu-du-ciel\/","og_site_name":"Seine-Saint-Denis - L&#039;actualit\u00e9 du d\u00e9partement","article_publisher":"https:\/\/www.facebook.com\/seinesaintdenisledepartement","article_published_time":"2023-06-05T06:53:35+00:00","article_modified_time":"2024-03-20T12:30:17+00:00","og_image":[{"width":1090,"height":560,"url":"https:\/\/seinesaintdenis.fr\/actualite\/wp-content\/uploads\/2023\/06\/16-parc-gvalbon.jpg","type":"image\/jpeg"}],"author":"Houda Elmir","twitter_card":"summary_large_image","twitter_creator":"@seinesaintdenis","twitter_site":"@seinesaintdenis","twitter_misc":{"\u00c9crit par":"Houda Elmir"},"schema":{"@context":"https:\/\/schema.org","@graph":[{"@type":"Article","@id":"https:\/\/seinesaintdenis.fr\/actualite\/sport-loisirs\/Le-parc-Georges-Valbon-vu-du-ciel\/#article","isPartOf":{"@id":"https:\/\/seinesaintdenis.fr\/actualite\/sport-loisirs\/Le-parc-Georges-Valbon-vu-du-ciel\/"},"author":{"name":"Houda Elmir","@id":"https:\/\/seinesaintdenis.fr\/actualite\/#\/schema\/person\/54c0ee281863a616a82de0db3ad0d016"},"headline":"Le Parc Georges-Valbon vu du ciel","datePublished":"2023-06-05T06:53:35+00:00","dateModified":"2024-03-20T12:30:17+00:00","mainEntityOfPage":{"@id":"https:\/\/seinesaintdenis.fr\/actualite\/sport-loisirs\/Le-parc-Georges-Valbon-vu-du-ciel\/"},"wordCount":6,"commentCount":0,"publisher":{"@id":"https:\/\/seinesaintdenis.fr\/actualite\/#organization"},"image":{"@id":"https:\/\/seinesaintdenis.fr\/actualite\/sport-loisirs\/Le-parc-Georges-Valbon-vu-du-ciel\/#primaryimage"},"thumbnailUrl":"https:\/\/seinesaintdenis.fr\/actualite\/wp-content\/uploads\/2023\/06\/16-parc-gvalbon.jpg","articleSection":["Sport &amp; Loisirs"],"inLanguage":"fr-FR","potentialAction":[{"@type":"CommentAction","name":"Comment","target":["https:\/\/seinesaintdenis.fr\/actualite\/sport-loisirs\/Le-parc-Georges-Valbon-vu-du-ciel\/#respond"]}]},{"@type":"WebPage","@id":"https:\/\/seinesaintdenis.fr\/actualite\/sport-loisirs\/Le-parc-Georges-Valbon-vu-du-ciel\/","url":"https:\/\/seinesaintdenis.fr\/actualite\/sport-loisirs\/Le-parc-Georges-Valbon-vu-du-ciel\/","name":"Le Parc Georges-Valbon vu du ciel - Seine-Saint-Denis - L&#039;actualit\u00e9 du d\u00e9partement","isPartOf":{"@id":"https:\/\/seinesaintdenis.fr\/actualite\/#website"},"primaryImageOfPage":{"@id":"https:\/\/seinesaintdenis.fr\/actualite\/sport-loisirs\/Le-parc-Georges-Valbon-vu-du-ciel\/#primaryimage"},"image":{"@id":"https:\/\/seinesaintdenis.fr\/actualite\/sport-loisirs\/Le-parc-Georges-Valbon-vu-du-ciel\/#primaryimage"},"thumbnailUrl":"https:\/\/seinesaintdenis.fr\/actualite\/wp-content\/uploads\/2023\/06\/16-parc-gvalbon.jpg","datePublished":"2023-06-05T06:53:35+00:00","dateModified":"2024-03-20T12:30:17+00:00","description":"Class\u00e9 Natura 2000 et riche de sa biodiversit\u00e9, le Parc d\u00e9partemental Georges-Valbon de La Courneuve vous reconnecte \u00e0 la nature. En photos prises d'un drone, d\u00e9couvrez cet espace qui s'\u00e9tend sur 420 hectares de verdure. Cr\u00e9dits photo : Jean-Louis Bellurget","breadcrumb":{"@id":"https:\/\/seinesaintdenis.fr\/actualite\/sport-loisirs\/Le-parc-Georges-Valbon-vu-du-ciel\/#breadcrumb"},"inLanguage":"fr-FR","potentialAction":[{"@type":"ReadAction","target":["https:\/\/seinesaintdenis.fr\/actualite\/sport-loisirs\/Le-parc-Georges-Valbon-vu-du-ciel\/"]}]},{"@type":"ImageObject","inLanguage":"fr-FR","@id":"https:\/\/seinesaintdenis.fr\/actualite\/sport-loisirs\/Le-parc-Georges-Valbon-vu-du-ciel\/#primaryimage","url":"https:\/\/seinesaintdenis.fr\/actualite\/wp-content\/uploads\/2023\/06\/16-parc-gvalbon.jpg","contentUrl":"https:\/\/seinesaintdenis.fr\/actualite\/wp-content\/uploads\/2023\/06\/16-parc-gvalbon.jpg","width":1090,"height":560,"caption":"parc-Georges Valbon La Courneuve"},{"@type":"BreadcrumbList","@id":"https:\/\/seinesaintdenis.fr\/actualite\/sport-loisirs\/Le-parc-Georges-Valbon-vu-du-ciel\/#breadcrumb","itemListElement":[{"@type":"ListItem","position":1,"name":"Accueil","item":"https:\/\/seinesaintdenis.fr\/actualite\/"},{"@type":"ListItem","position":2,"name":"Sport &amp; Loisirs","item":"https:\/\/seinesaintdenis.fr\/actualite\/sport-loisirs\/"},{"@type":"ListItem","position":3,"name":"Le Parc Georges-Valbon vu du ciel"}]},{"@type":"WebSite","@id":"https:\/\/seinesaintdenis.fr\/actualite\/#website","url":"https:\/\/seinesaintdenis.fr\/actualite\/","name":"Seine-Saint-Denis - L'actualit\u00e9 du d\u00e9partement","description":"L&#039;actualit\u00e9 du D\u00e9partement de la Seine-Saint-Denis","publisher":{"@id":"https:\/\/seinesaintdenis.fr\/actualite\/#organization"},"potentialAction":[{"@type":"SearchAction","target":{"@type":"EntryPoint","urlTemplate":"https:\/\/seinesaintdenis.fr\/actualite\/?s={search_term_string}"},"query-input":{"@type":"PropertyValueSpecification","valueRequired":true,"valueName":"search_term_string"}}],"inLanguage":"fr-FR"},{"@type":"Organization","@id":"https:\/\/seinesaintdenis.fr\/actualite\/#organization","name":"Seine-Saint-Denis - Le D\u00e9partement","url":"https:\/\/seinesaintdenis.fr\/actualite\/","logo":{"@type":"ImageObject","inLanguage":"fr-FR","@id":"https:\/\/seinesaintdenis.fr\/actualite\/#\/schema\/logo\/image\/","url":"https:\/\/seinesaintdenis.fr\/actualite\/wp-content\/uploads\/2024\/08\/logo.png","contentUrl":"https:\/\/seinesaintdenis.fr\/actualite\/wp-content\/uploads\/2024\/08\/logo.png","width":567,"height":172,"caption":"Seine-Saint-Denis - Le D\u00e9partement"},"image":{"@id":"https:\/\/seinesaintdenis.fr\/actualite\/#\/schema\/logo\/image\/"},"sameAs":["https:\/\/www.facebook.com\/seinesaintdenisledepartement","https:\/\/x.com\/seinesaintdenis","https:\/\/www.linkedin.com\/company\/seinesaintdenis","https:\/\/www.instagram.com\/seine_saint_denis\/","https:\/\/www.youtube.com\/channel\/UCR5YF9NnqiLCbnrKQgLUcIw"]},{"@type":"Person","@id":"https:\/\/seinesaintdenis.fr\/actualite\/#\/schema\/person\/54c0ee281863a616a82de0db3ad0d016","name":"Houda Elmir","image":{"@type":"ImageObject","inLanguage":"fr-FR","@id":"https:\/\/secure.gravatar.com\/avatar\/e94ffabae3b9ce1fa19e7be2642bb76b2964eded19adcc2753477b329457c4b0?s=96&d=mm&r=g","url":"https:\/\/secure.gravatar.com\/avatar\/e94ffabae3b9ce1fa19e7be2642bb76b2964eded19adcc2753477b329457c4b0?s=96&d=mm&r=g","contentUrl":"https:\/\/secure.gravatar.com\/avatar\/e94ffabae3b9ce1fa19e7be2642bb76b2964eded19adcc2753477b329457c4b0?s=96&d=mm&r=g","caption":"Houda Elmir"},"url":"https:\/\/seinesaintdenis.fr\/actualite\/author\/helmir\/"}]}},"_links":{"self":[{"href":"https:\/\/seinesaintdenis.fr\/actualite\/wp-json\/wp\/v2\/posts\/3566","targetHints":{"allow":["GET"]}}],"collection":[{"href":"https:\/\/seinesaintdenis.fr\/actualite\/wp-json\/wp\/v2\/posts"}],"about":[{"href":"https:\/\/seinesaintdenis.fr\/actualite\/wp-json\/wp\/v2\/types\/post"}],"author":[{"embeddable":true,"href":"https:\/\/seinesaintdenis.fr\/actualite\/wp-json\/wp\/v2\/users\/19"}],"replies":[{"embeddable":true,"href":"https:\/\/seinesaintdenis.fr\/actualite\/wp-json\/wp\/v2\/comments?post=3566"}],"version-history":[{"count":19,"href":"https:\/\/seinesaintdenis.fr\/actualite\/wp-json\/wp\/v2\/posts\/3566\/revisions"}],"predecessor-version":[{"id":4088,"href":"https:\/\/seinesaintdenis.fr\/actualite\/wp-json\/wp\/v2\/posts\/3566\/revisions\/4088"}],"wp:featuredmedia":[{"embeddable":true,"href":"https:\/\/seinesaintdenis.fr\/actualite\/wp-json\/wp\/v2\/media\/3693"}],"wp:attachment":[{"href":"https:\/\/seinesaintdenis.fr\/actualite\/wp-json\/wp\/v2\/media?parent=3566"}],"wp:term":[{"taxonomy":"category","embeddable":true,"href":"https:\/\/seinesaintdenis.fr\/actualite\/wp-json\/wp\/v2\/categories?post=3566"},{"taxonomy":"ville","embeddable":true,"href":"https:\/\/seinesaintdenis.fr\/actualite\/wp-json\/wp\/v2\/ville?post=3566"}],"curies":[{"name":"wp","href":"https:\/\/api.w.org\/{rel}","templated":true}]}}