{"id":3325,"date":"2023-05-31T17:48:04","date_gmt":"2023-05-31T15:48:04","guid":{"rendered":"https:\/\/seinesaintdenis.fr\/actualite\/?p=3325"},"modified":"2023-06-07T15:14:14","modified_gmt":"2023-06-07T13:14:14","slug":"Aimer-a-tout-age","status":"publish","type":"post","link":"https:\/\/seinesaintdenis.fr\/actualite\/solidarites-sante\/Aimer-a-tout-age\/","title":{"rendered":"Aimer \u00e0 tout \u00e2ge"},"content":{"rendered":"\r\n<p>Compte rendu de la rencontre du 17 mai<\/p>\r\n","protected":false},"excerpt":{"rendered":"Compte rendu de la rencontre du 17 mai","protected":false},"author":13,"featured_media":3396,"comment_status":"open","ping_status":"open","sticky":false,"template":"","format":"standard","meta":{"_acf_changed":false,"footnotes":""},"categories":[171,11],"ville":[],"class_list":["post-3325","post","type-post","status-publish","format-standard","has-post-thumbnail","hentry","category-defense-des-droits","category-solidarites-sante"],"acf":[],"yoast_head":"<!-- This site is optimized with the Yoast SEO plugin v27.5 - https:\/\/yoast.com\/product\/yoast-seo-wordpress\/ -->\n<title>Aimer \u00e0 tout \u00e2ge - Seine-Saint-Denis - L&#039;actualit\u00e9 du d\u00e9partement<\/title>\n<meta name=\"description\" content=\"Quelle que soit son orientation sexuelle, peut-on aujourd\u2019hui vivre une vie sentimentale et sexuelle lorsqu\u2019on est r\u00e9sident\u00b7e en EHPAD\u00a0? A l&#039;occasion de la journ\u00e9e internationale contre l&#039;homophobie, la transphobie et la biphobie, le D\u00e9partement et la Ville de Saint-Denis proposaient une table ronde \u00ab\u00a0Etre soi \u00e0 tout \u00e2ge, juste une question d\u2019amour\u00a0\u00bb. Une rencontre autour du tabou soci\u00e9tal du d\u00e9sir de vivre l&#039;amour au grand \u00e2ge et de la question des discriminations et des LGBTphobies chez les seniors.\" \/>\n<meta name=\"robots\" content=\"index, follow, max-snippet:-1, max-image-preview:large, max-video-preview:-1\" \/>\n<link rel=\"canonical\" href=\"https:\/\/seinesaintdenis.fr\/actualite\/solidarites-sante\/Aimer-a-tout-age\/\" \/>\n<meta property=\"og:locale\" content=\"fr_FR\" \/>\n<meta property=\"og:type\" content=\"article\" \/>\n<meta property=\"og:title\" content=\"Aimer \u00e0 tout \u00e2ge - Seine-Saint-Denis - L&#039;actualit\u00e9 du d\u00e9partement\" \/>\n<meta property=\"og:description\" content=\"Quelle que soit son orientation sexuelle, peut-on aujourd\u2019hui vivre une vie sentimentale et sexuelle lorsqu\u2019on est r\u00e9sident\u00b7e en EHPAD\u00a0? A l&#039;occasion de la journ\u00e9e internationale contre l&#039;homophobie, la transphobie et la biphobie, le D\u00e9partement et la Ville de Saint-Denis proposaient une table ronde \u00ab\u00a0Etre soi \u00e0 tout \u00e2ge, juste une question d\u2019amour\u00a0\u00bb. Une rencontre autour du tabou soci\u00e9tal du d\u00e9sir de vivre l&#039;amour au grand \u00e2ge et de la question des discriminations et des LGBTphobies chez les seniors.\" \/>\n<meta property=\"og:url\" content=\"https:\/\/seinesaintdenis.fr\/actualite\/solidarites-sante\/Aimer-a-tout-age\/\" \/>\n<meta property=\"og:site_name\" content=\"Seine-Saint-Denis - L&#039;actualit\u00e9 du d\u00e9partement\" \/>\n<meta property=\"article:publisher\" content=\"https:\/\/www.facebook.com\/seinesaintdenisledepartement\" \/>\n<meta property=\"article:published_time\" content=\"2023-05-31T15:48:04+00:00\" \/>\n<meta property=\"article:modified_time\" content=\"2023-06-07T13:14:14+00:00\" \/>\n<meta property=\"og:image\" content=\"https:\/\/seinesaintdenis.fr\/actualite\/wp-content\/uploads\/2023\/05\/aimer-a-tout-age-les-audacieuses-les-audacieux.png\" \/>\n\t<meta property=\"og:image:width\" content=\"1090\" \/>\n\t<meta property=\"og:image:height\" content=\"560\" \/>\n\t<meta property=\"og:image:type\" content=\"image\/png\" \/>\n<meta name=\"author\" content=\"Georges Makowski\" \/>\n<meta name=\"twitter:card\" content=\"summary_large_image\" \/>\n<meta name=\"twitter:creator\" content=\"@seinesaintdenis\" \/>\n<meta name=\"twitter:site\" content=\"@seinesaintdenis\" \/>\n<meta name=\"twitter:label1\" content=\"\u00c9crit par\" \/>\n\t<meta name=\"twitter:data1\" content=\"Georges Makowski\" \/>\n\t<meta name=\"twitter:label2\" content=\"Dur\u00e9e de lecture estim\u00e9e\" \/>\n\t<meta name=\"twitter:data2\" content=\"1 minute\" \/>\n<script type=\"application\/ld+json\" class=\"yoast-schema-graph\">{\"@context\":\"https:\\\/\\\/schema.org\",\"@graph\":[{\"@type\":\"Article\",\"@id\":\"https:\\\/\\\/seinesaintdenis.fr\\\/actualite\\\/solidarites-sante\\\/Aimer-a-tout-age\\\/#article\",\"isPartOf\":{\"@id\":\"https:\\\/\\\/seinesaintdenis.fr\\\/actualite\\\/solidarites-sante\\\/Aimer-a-tout-age\\\/\"},\"author\":{\"name\":\"Georges Makowski\",\"@id\":\"https:\\\/\\\/seinesaintdenis.fr\\\/actualite\\\/#\\\/schema\\\/person\\\/c3f728fd708de8fb2ce6a6854e52268e\"},\"headline\":\"Aimer \u00e0 tout \u00e2ge\",\"datePublished\":\"2023-05-31T15:48:04+00:00\",\"dateModified\":\"2023-06-07T13:14:14+00:00\",\"mainEntityOfPage\":{\"@id\":\"https:\\\/\\\/seinesaintdenis.fr\\\/actualite\\\/solidarites-sante\\\/Aimer-a-tout-age\\\/\"},\"wordCount\":10,\"commentCount\":0,\"publisher\":{\"@id\":\"https:\\\/\\\/seinesaintdenis.fr\\\/actualite\\\/#organization\"},\"image\":{\"@id\":\"https:\\\/\\\/seinesaintdenis.fr\\\/actualite\\\/solidarites-sante\\\/Aimer-a-tout-age\\\/#primaryimage\"},\"thumbnailUrl\":\"https:\\\/\\\/seinesaintdenis.fr\\\/actualite\\\/wp-content\\\/uploads\\\/2023\\\/05\\\/aimer-a-tout-age-les-audacieuses-les-audacieux.png\",\"articleSection\":[\"D\u00e9fense des droits\",\"Solidarit\u00e9s &amp; Sant\u00e9\"],\"inLanguage\":\"fr-FR\",\"potentialAction\":[{\"@type\":\"CommentAction\",\"name\":\"Comment\",\"target\":[\"https:\\\/\\\/seinesaintdenis.fr\\\/actualite\\\/solidarites-sante\\\/Aimer-a-tout-age\\\/#respond\"]}]},{\"@type\":\"WebPage\",\"@id\":\"https:\\\/\\\/seinesaintdenis.fr\\\/actualite\\\/solidarites-sante\\\/Aimer-a-tout-age\\\/\",\"url\":\"https:\\\/\\\/seinesaintdenis.fr\\\/actualite\\\/solidarites-sante\\\/Aimer-a-tout-age\\\/\",\"name\":\"Aimer \u00e0 tout \u00e2ge - Seine-Saint-Denis - L&#039;actualit\u00e9 du d\u00e9partement\",\"isPartOf\":{\"@id\":\"https:\\\/\\\/seinesaintdenis.fr\\\/actualite\\\/#website\"},\"primaryImageOfPage\":{\"@id\":\"https:\\\/\\\/seinesaintdenis.fr\\\/actualite\\\/solidarites-sante\\\/Aimer-a-tout-age\\\/#primaryimage\"},\"image\":{\"@id\":\"https:\\\/\\\/seinesaintdenis.fr\\\/actualite\\\/solidarites-sante\\\/Aimer-a-tout-age\\\/#primaryimage\"},\"thumbnailUrl\":\"https:\\\/\\\/seinesaintdenis.fr\\\/actualite\\\/wp-content\\\/uploads\\\/2023\\\/05\\\/aimer-a-tout-age-les-audacieuses-les-audacieux.png\",\"datePublished\":\"2023-05-31T15:48:04+00:00\",\"dateModified\":\"2023-06-07T13:14:14+00:00\",\"description\":\"Quelle que soit son orientation sexuelle, peut-on aujourd\u2019hui vivre une vie sentimentale et sexuelle lorsqu\u2019on est r\u00e9sident\u00b7e en EHPAD\u00a0? A l'occasion de la journ\u00e9e internationale contre l'homophobie, la transphobie et la biphobie, le D\u00e9partement et la Ville de Saint-Denis proposaient une table ronde \u00ab\u00a0Etre soi \u00e0 tout \u00e2ge, juste une question d\u2019amour\u00a0\u00bb. Une rencontre autour du tabou soci\u00e9tal du d\u00e9sir de vivre l'amour au grand \u00e2ge et de la question des discriminations et des LGBTphobies chez les seniors.\",\"breadcrumb\":{\"@id\":\"https:\\\/\\\/seinesaintdenis.fr\\\/actualite\\\/solidarites-sante\\\/Aimer-a-tout-age\\\/#breadcrumb\"},\"inLanguage\":\"fr-FR\",\"potentialAction\":[{\"@type\":\"ReadAction\",\"target\":[\"https:\\\/\\\/seinesaintdenis.fr\\\/actualite\\\/solidarites-sante\\\/Aimer-a-tout-age\\\/\"]}]},{\"@type\":\"ImageObject\",\"inLanguage\":\"fr-FR\",\"@id\":\"https:\\\/\\\/seinesaintdenis.fr\\\/actualite\\\/solidarites-sante\\\/Aimer-a-tout-age\\\/#primaryimage\",\"url\":\"https:\\\/\\\/seinesaintdenis.fr\\\/actualite\\\/wp-content\\\/uploads\\\/2023\\\/05\\\/aimer-a-tout-age-les-audacieuses-les-audacieux.png\",\"contentUrl\":\"https:\\\/\\\/seinesaintdenis.fr\\\/actualite\\\/wp-content\\\/uploads\\\/2023\\\/05\\\/aimer-a-tout-age-les-audacieuses-les-audacieux.png\",\"width\":1090,\"height\":560,\"caption\":\"Aimer a\u0300 tout a\u0302ge les audacieuses & les audacieux\"},{\"@type\":\"BreadcrumbList\",\"@id\":\"https:\\\/\\\/seinesaintdenis.fr\\\/actualite\\\/solidarites-sante\\\/Aimer-a-tout-age\\\/#breadcrumb\",\"itemListElement\":[{\"@type\":\"ListItem\",\"position\":1,\"name\":\"Accueil\",\"item\":\"https:\\\/\\\/seinesaintdenis.fr\\\/actualite\\\/\"},{\"@type\":\"ListItem\",\"position\":2,\"name\":\"Solidarit\u00e9s &amp; Sant\u00e9\",\"item\":\"https:\\\/\\\/seinesaintdenis.fr\\\/actualite\\\/solidarites-sante\\\/\"},{\"@type\":\"ListItem\",\"position\":3,\"name\":\"Aimer \u00e0 tout \u00e2ge\"}]},{\"@type\":\"WebSite\",\"@id\":\"https:\\\/\\\/seinesaintdenis.fr\\\/actualite\\\/#website\",\"url\":\"https:\\\/\\\/seinesaintdenis.fr\\\/actualite\\\/\",\"name\":\"Seine-Saint-Denis - L'actualit\u00e9 du d\u00e9partement\",\"description\":\"L&#039;actualit\u00e9 du D\u00e9partement de la Seine-Saint-Denis\",\"publisher\":{\"@id\":\"https:\\\/\\\/seinesaintdenis.fr\\\/actualite\\\/#organization\"},\"potentialAction\":[{\"@type\":\"SearchAction\",\"target\":{\"@type\":\"EntryPoint\",\"urlTemplate\":\"https:\\\/\\\/seinesaintdenis.fr\\\/actualite\\\/?s={search_term_string}\"},\"query-input\":{\"@type\":\"PropertyValueSpecification\",\"valueRequired\":true,\"valueName\":\"search_term_string\"}}],\"inLanguage\":\"fr-FR\"},{\"@type\":\"Organization\",\"@id\":\"https:\\\/\\\/seinesaintdenis.fr\\\/actualite\\\/#organization\",\"name\":\"Seine-Saint-Denis - Le D\u00e9partement\",\"url\":\"https:\\\/\\\/seinesaintdenis.fr\\\/actualite\\\/\",\"logo\":{\"@type\":\"ImageObject\",\"inLanguage\":\"fr-FR\",\"@id\":\"https:\\\/\\\/seinesaintdenis.fr\\\/actualite\\\/#\\\/schema\\\/logo\\\/image\\\/\",\"url\":\"https:\\\/\\\/seinesaintdenis.fr\\\/actualite\\\/wp-content\\\/uploads\\\/2024\\\/08\\\/logo.png\",\"contentUrl\":\"https:\\\/\\\/seinesaintdenis.fr\\\/actualite\\\/wp-content\\\/uploads\\\/2024\\\/08\\\/logo.png\",\"width\":567,\"height\":172,\"caption\":\"Seine-Saint-Denis - Le D\u00e9partement\"},\"image\":{\"@id\":\"https:\\\/\\\/seinesaintdenis.fr\\\/actualite\\\/#\\\/schema\\\/logo\\\/image\\\/\"},\"sameAs\":[\"https:\\\/\\\/www.facebook.com\\\/seinesaintdenisledepartement\",\"https:\\\/\\\/x.com\\\/seinesaintdenis\",\"https:\\\/\\\/www.linkedin.com\\\/company\\\/seinesaintdenis\",\"https:\\\/\\\/www.instagram.com\\\/seine_saint_denis\\\/\",\"https:\\\/\\\/www.youtube.com\\\/channel\\\/UCR5YF9NnqiLCbnrKQgLUcIw\"]},{\"@type\":\"Person\",\"@id\":\"https:\\\/\\\/seinesaintdenis.fr\\\/actualite\\\/#\\\/schema\\\/person\\\/c3f728fd708de8fb2ce6a6854e52268e\",\"name\":\"Georges Makowski\",\"image\":{\"@type\":\"ImageObject\",\"inLanguage\":\"fr-FR\",\"@id\":\"https:\\\/\\\/secure.gravatar.com\\\/avatar\\\/46b2f39325eb4f13bca1f2f3ef377aad0c59043ba486c9808789e35bd9a844ae?s=96&d=mm&r=g\",\"url\":\"https:\\\/\\\/secure.gravatar.com\\\/avatar\\\/46b2f39325eb4f13bca1f2f3ef377aad0c59043ba486c9808789e35bd9a844ae?s=96&d=mm&r=g\",\"contentUrl\":\"https:\\\/\\\/secure.gravatar.com\\\/avatar\\\/46b2f39325eb4f13bca1f2f3ef377aad0c59043ba486c9808789e35bd9a844ae?s=96&d=mm&r=g\",\"caption\":\"Georges Makowski\"},\"url\":\"https:\\\/\\\/seinesaintdenis.fr\\\/actualite\\\/author\\\/gmakowski\\\/\"}]}<\/script>\n<!-- \/ Yoast SEO plugin. -->","yoast_head_json":{"title":"Aimer \u00e0 tout \u00e2ge - Seine-Saint-Denis - L&#039;actualit\u00e9 du d\u00e9partement","description":"Quelle que soit son orientation sexuelle, peut-on aujourd\u2019hui vivre une vie sentimentale et sexuelle lorsqu\u2019on est r\u00e9sident\u00b7e en EHPAD\u00a0? A l'occasion de la journ\u00e9e internationale contre l'homophobie, la transphobie et la biphobie, le D\u00e9partement et la Ville de Saint-Denis proposaient une table ronde \u00ab\u00a0Etre soi \u00e0 tout \u00e2ge, juste une question d\u2019amour\u00a0\u00bb. Une rencontre autour du tabou soci\u00e9tal du d\u00e9sir de vivre l'amour au grand \u00e2ge et de la question des discriminations et des LGBTphobies chez les seniors.","robots":{"index":"index","follow":"follow","max-snippet":"max-snippet:-1","max-image-preview":"max-image-preview:large","max-video-preview":"max-video-preview:-1"},"canonical":"https:\/\/seinesaintdenis.fr\/actualite\/solidarites-sante\/Aimer-a-tout-age\/","og_locale":"fr_FR","og_type":"article","og_title":"Aimer \u00e0 tout \u00e2ge - Seine-Saint-Denis - L&#039;actualit\u00e9 du d\u00e9partement","og_description":"Quelle que soit son orientation sexuelle, peut-on aujourd\u2019hui vivre une vie sentimentale et sexuelle lorsqu\u2019on est r\u00e9sident\u00b7e en EHPAD\u00a0? A l'occasion de la journ\u00e9e internationale contre l'homophobie, la transphobie et la biphobie, le D\u00e9partement et la Ville de Saint-Denis proposaient une table ronde \u00ab\u00a0Etre soi \u00e0 tout \u00e2ge, juste une question d\u2019amour\u00a0\u00bb. Une rencontre autour du tabou soci\u00e9tal du d\u00e9sir de vivre l'amour au grand \u00e2ge et de la question des discriminations et des LGBTphobies chez les seniors.","og_url":"https:\/\/seinesaintdenis.fr\/actualite\/solidarites-sante\/Aimer-a-tout-age\/","og_site_name":"Seine-Saint-Denis - L&#039;actualit\u00e9 du d\u00e9partement","article_publisher":"https:\/\/www.facebook.com\/seinesaintdenisledepartement","article_published_time":"2023-05-31T15:48:04+00:00","article_modified_time":"2023-06-07T13:14:14+00:00","og_image":[{"width":1090,"height":560,"url":"https:\/\/seinesaintdenis.fr\/actualite\/wp-content\/uploads\/2023\/05\/aimer-a-tout-age-les-audacieuses-les-audacieux.png","type":"image\/png"}],"author":"Georges Makowski","twitter_card":"summary_large_image","twitter_creator":"@seinesaintdenis","twitter_site":"@seinesaintdenis","twitter_misc":{"\u00c9crit par":"Georges Makowski","Dur\u00e9e de lecture estim\u00e9e":"1 minute"},"schema":{"@context":"https:\/\/schema.org","@graph":[{"@type":"Article","@id":"https:\/\/seinesaintdenis.fr\/actualite\/solidarites-sante\/Aimer-a-tout-age\/#article","isPartOf":{"@id":"https:\/\/seinesaintdenis.fr\/actualite\/solidarites-sante\/Aimer-a-tout-age\/"},"author":{"name":"Georges Makowski","@id":"https:\/\/seinesaintdenis.fr\/actualite\/#\/schema\/person\/c3f728fd708de8fb2ce6a6854e52268e"},"headline":"Aimer \u00e0 tout \u00e2ge","datePublished":"2023-05-31T15:48:04+00:00","dateModified":"2023-06-07T13:14:14+00:00","mainEntityOfPage":{"@id":"https:\/\/seinesaintdenis.fr\/actualite\/solidarites-sante\/Aimer-a-tout-age\/"},"wordCount":10,"commentCount":0,"publisher":{"@id":"https:\/\/seinesaintdenis.fr\/actualite\/#organization"},"image":{"@id":"https:\/\/seinesaintdenis.fr\/actualite\/solidarites-sante\/Aimer-a-tout-age\/#primaryimage"},"thumbnailUrl":"https:\/\/seinesaintdenis.fr\/actualite\/wp-content\/uploads\/2023\/05\/aimer-a-tout-age-les-audacieuses-les-audacieux.png","articleSection":["D\u00e9fense des droits","Solidarit\u00e9s &amp; Sant\u00e9"],"inLanguage":"fr-FR","potentialAction":[{"@type":"CommentAction","name":"Comment","target":["https:\/\/seinesaintdenis.fr\/actualite\/solidarites-sante\/Aimer-a-tout-age\/#respond"]}]},{"@type":"WebPage","@id":"https:\/\/seinesaintdenis.fr\/actualite\/solidarites-sante\/Aimer-a-tout-age\/","url":"https:\/\/seinesaintdenis.fr\/actualite\/solidarites-sante\/Aimer-a-tout-age\/","name":"Aimer \u00e0 tout \u00e2ge - Seine-Saint-Denis - L&#039;actualit\u00e9 du d\u00e9partement","isPartOf":{"@id":"https:\/\/seinesaintdenis.fr\/actualite\/#website"},"primaryImageOfPage":{"@id":"https:\/\/seinesaintdenis.fr\/actualite\/solidarites-sante\/Aimer-a-tout-age\/#primaryimage"},"image":{"@id":"https:\/\/seinesaintdenis.fr\/actualite\/solidarites-sante\/Aimer-a-tout-age\/#primaryimage"},"thumbnailUrl":"https:\/\/seinesaintdenis.fr\/actualite\/wp-content\/uploads\/2023\/05\/aimer-a-tout-age-les-audacieuses-les-audacieux.png","datePublished":"2023-05-31T15:48:04+00:00","dateModified":"2023-06-07T13:14:14+00:00","description":"Quelle que soit son orientation sexuelle, peut-on aujourd\u2019hui vivre une vie sentimentale et sexuelle lorsqu\u2019on est r\u00e9sident\u00b7e en EHPAD\u00a0? A l'occasion de la journ\u00e9e internationale contre l'homophobie, la transphobie et la biphobie, le D\u00e9partement et la Ville de Saint-Denis proposaient une table ronde \u00ab\u00a0Etre soi \u00e0 tout \u00e2ge, juste une question d\u2019amour\u00a0\u00bb. Une rencontre autour du tabou soci\u00e9tal du d\u00e9sir de vivre l'amour au grand \u00e2ge et de la question des discriminations et des LGBTphobies chez les seniors.","breadcrumb":{"@id":"https:\/\/seinesaintdenis.fr\/actualite\/solidarites-sante\/Aimer-a-tout-age\/#breadcrumb"},"inLanguage":"fr-FR","potentialAction":[{"@type":"ReadAction","target":["https:\/\/seinesaintdenis.fr\/actualite\/solidarites-sante\/Aimer-a-tout-age\/"]}]},{"@type":"ImageObject","inLanguage":"fr-FR","@id":"https:\/\/seinesaintdenis.fr\/actualite\/solidarites-sante\/Aimer-a-tout-age\/#primaryimage","url":"https:\/\/seinesaintdenis.fr\/actualite\/wp-content\/uploads\/2023\/05\/aimer-a-tout-age-les-audacieuses-les-audacieux.png","contentUrl":"https:\/\/seinesaintdenis.fr\/actualite\/wp-content\/uploads\/2023\/05\/aimer-a-tout-age-les-audacieuses-les-audacieux.png","width":1090,"height":560,"caption":"Aimer a\u0300 tout a\u0302ge les audacieuses & les audacieux"},{"@type":"BreadcrumbList","@id":"https:\/\/seinesaintdenis.fr\/actualite\/solidarites-sante\/Aimer-a-tout-age\/#breadcrumb","itemListElement":[{"@type":"ListItem","position":1,"name":"Accueil","item":"https:\/\/seinesaintdenis.fr\/actualite\/"},{"@type":"ListItem","position":2,"name":"Solidarit\u00e9s &amp; Sant\u00e9","item":"https:\/\/seinesaintdenis.fr\/actualite\/solidarites-sante\/"},{"@type":"ListItem","position":3,"name":"Aimer \u00e0 tout \u00e2ge"}]},{"@type":"WebSite","@id":"https:\/\/seinesaintdenis.fr\/actualite\/#website","url":"https:\/\/seinesaintdenis.fr\/actualite\/","name":"Seine-Saint-Denis - L'actualit\u00e9 du d\u00e9partement","description":"L&#039;actualit\u00e9 du D\u00e9partement de la Seine-Saint-Denis","publisher":{"@id":"https:\/\/seinesaintdenis.fr\/actualite\/#organization"},"potentialAction":[{"@type":"SearchAction","target":{"@type":"EntryPoint","urlTemplate":"https:\/\/seinesaintdenis.fr\/actualite\/?s={search_term_string}"},"query-input":{"@type":"PropertyValueSpecification","valueRequired":true,"valueName":"search_term_string"}}],"inLanguage":"fr-FR"},{"@type":"Organization","@id":"https:\/\/seinesaintdenis.fr\/actualite\/#organization","name":"Seine-Saint-Denis - Le D\u00e9partement","url":"https:\/\/seinesaintdenis.fr\/actualite\/","logo":{"@type":"ImageObject","inLanguage":"fr-FR","@id":"https:\/\/seinesaintdenis.fr\/actualite\/#\/schema\/logo\/image\/","url":"https:\/\/seinesaintdenis.fr\/actualite\/wp-content\/uploads\/2024\/08\/logo.png","contentUrl":"https:\/\/seinesaintdenis.fr\/actualite\/wp-content\/uploads\/2024\/08\/logo.png","width":567,"height":172,"caption":"Seine-Saint-Denis - Le D\u00e9partement"},"image":{"@id":"https:\/\/seinesaintdenis.fr\/actualite\/#\/schema\/logo\/image\/"},"sameAs":["https:\/\/www.facebook.com\/seinesaintdenisledepartement","https:\/\/x.com\/seinesaintdenis","https:\/\/www.linkedin.com\/company\/seinesaintdenis","https:\/\/www.instagram.com\/seine_saint_denis\/","https:\/\/www.youtube.com\/channel\/UCR5YF9NnqiLCbnrKQgLUcIw"]},{"@type":"Person","@id":"https:\/\/seinesaintdenis.fr\/actualite\/#\/schema\/person\/c3f728fd708de8fb2ce6a6854e52268e","name":"Georges Makowski","image":{"@type":"ImageObject","inLanguage":"fr-FR","@id":"https:\/\/secure.gravatar.com\/avatar\/46b2f39325eb4f13bca1f2f3ef377aad0c59043ba486c9808789e35bd9a844ae?s=96&d=mm&r=g","url":"https:\/\/secure.gravatar.com\/avatar\/46b2f39325eb4f13bca1f2f3ef377aad0c59043ba486c9808789e35bd9a844ae?s=96&d=mm&r=g","contentUrl":"https:\/\/secure.gravatar.com\/avatar\/46b2f39325eb4f13bca1f2f3ef377aad0c59043ba486c9808789e35bd9a844ae?s=96&d=mm&r=g","caption":"Georges Makowski"},"url":"https:\/\/seinesaintdenis.fr\/actualite\/author\/gmakowski\/"}]}},"_links":{"self":[{"href":"https:\/\/seinesaintdenis.fr\/actualite\/wp-json\/wp\/v2\/posts\/3325","targetHints":{"allow":["GET"]}}],"collection":[{"href":"https:\/\/seinesaintdenis.fr\/actualite\/wp-json\/wp\/v2\/posts"}],"about":[{"href":"https:\/\/seinesaintdenis.fr\/actualite\/wp-json\/wp\/v2\/types\/post"}],"author":[{"embeddable":true,"href":"https:\/\/seinesaintdenis.fr\/actualite\/wp-json\/wp\/v2\/users\/13"}],"replies":[{"embeddable":true,"href":"https:\/\/seinesaintdenis.fr\/actualite\/wp-json\/wp\/v2\/comments?post=3325"}],"version-history":[{"count":18,"href":"https:\/\/seinesaintdenis.fr\/actualite\/wp-json\/wp\/v2\/posts\/3325\/revisions"}],"predecessor-version":[{"id":3904,"href":"https:\/\/seinesaintdenis.fr\/actualite\/wp-json\/wp\/v2\/posts\/3325\/revisions\/3904"}],"wp:featuredmedia":[{"embeddable":true,"href":"https:\/\/seinesaintdenis.fr\/actualite\/wp-json\/wp\/v2\/media\/3396"}],"wp:attachment":[{"href":"https:\/\/seinesaintdenis.fr\/actualite\/wp-json\/wp\/v2\/media?parent=3325"}],"wp:term":[{"taxonomy":"category","embeddable":true,"href":"https:\/\/seinesaintdenis.fr\/actualite\/wp-json\/wp\/v2\/categories?post=3325"},{"taxonomy":"ville","embeddable":true,"href":"https:\/\/seinesaintdenis.fr\/actualite\/wp-json\/wp\/v2\/ville?post=3325"}],"curies":[{"name":"wp","href":"https:\/\/api.w.org\/{rel}","templated":true}]}}