{"id":30943,"date":"2025-12-01T15:15:49","date_gmt":"2025-12-01T14:15:49","guid":{"rendered":"https:\/\/seinesaintdenis.fr\/actualite\/?p=30943"},"modified":"2025-12-01T15:23:25","modified_gmt":"2025-12-01T14:23:25","slug":"%c2%ab-Il-faut-une-mobilisation-generale-pour-une-societe-inclusive-%c2%bb-3-questions-a-Stephane-Troussel","status":"publish","type":"post","link":"https:\/\/seinesaintdenis.fr\/actualite\/solidarites-sante\/%c2%ab-Il-faut-une-mobilisation-generale-pour-une-societe-inclusive-%c2%bb-3-questions-a-Stephane-Troussel\/","title":{"rendered":"\u00ab Il faut une mobilisation g\u00e9n\u00e9rale pour une soci\u00e9t\u00e9 inclusive !\u00bb : 3 questions \u00e0 St\u00e9phane Troussel"},"content":{"rendered":"","protected":false},"excerpt":{"rendered":"","protected":false},"author":15,"featured_media":2977,"comment_status":"open","ping_status":"open","sticky":false,"template":"","format":"standard","meta":{"_acf_changed":false,"footnotes":""},"categories":[11],"ville":[],"class_list":["post-30943","post","type-post","status-publish","format-standard","has-post-thumbnail","hentry","category-solidarites-sante"],"acf":[],"yoast_head":"<!-- This site is optimized with the Yoast SEO plugin v27.5 - https:\/\/yoast.com\/product\/yoast-seo-wordpress\/ -->\n<title>\u00ab Il faut une mobilisation g\u00e9n\u00e9rale pour une soci\u00e9t\u00e9 inclusive !\u00bb : 3 questions \u00e0 St\u00e9phane Troussel - Seine-Saint-Denis - L&#039;actualit\u00e9 du d\u00e9partement<\/title>\n<meta name=\"description\" content=\"Maison de l&#039;autonomie, cr\u00e9ations de tiers-lieux favorisant le lien social, acc\u00e8s aux loisirs pour nos seniors avec la carte Ikaria, ouverture du Prisme, premier \u00e9quipement sportif europ\u00e9en adapt\u00e9 \u00e0 tous les handicaps... Le D\u00e9partement se mobilise et innove pour permettre aux personnes \u00e2g\u00e9es et handicap\u00e9es de trouver leur place Interview de St\u00e9pahne Troussel, pr\u00e9sident de la Seine-Saint-Denis.\" \/>\n<meta name=\"robots\" content=\"index, follow, max-snippet:-1, max-image-preview:large, max-video-preview:-1\" \/>\n<link rel=\"canonical\" href=\"https:\/\/seinesaintdenis.fr\/actualite\/solidarites-sante\/\u00ab-Il-faut-une-mobilisation-generale-pour-une-societe-inclusive-\u00bb-3-questions-a-Stephane-Troussel\/\" \/>\n<meta property=\"og:locale\" content=\"fr_FR\" \/>\n<meta property=\"og:type\" content=\"article\" \/>\n<meta property=\"og:title\" content=\"\u00ab Il faut une mobilisation g\u00e9n\u00e9rale pour une soci\u00e9t\u00e9 inclusive !\u00bb : 3 questions \u00e0 St\u00e9phane Troussel - Seine-Saint-Denis - L&#039;actualit\u00e9 du d\u00e9partement\" \/>\n<meta property=\"og:description\" content=\"Maison de l&#039;autonomie, cr\u00e9ations de tiers-lieux favorisant le lien social, acc\u00e8s aux loisirs pour nos seniors avec la carte Ikaria, ouverture du Prisme, premier \u00e9quipement sportif europ\u00e9en adapt\u00e9 \u00e0 tous les handicaps... Le D\u00e9partement se mobilise et innove pour permettre aux personnes \u00e2g\u00e9es et handicap\u00e9es de trouver leur place Interview de St\u00e9pahne Troussel, pr\u00e9sident de la Seine-Saint-Denis.\" \/>\n<meta property=\"og:url\" content=\"https:\/\/seinesaintdenis.fr\/actualite\/solidarites-sante\/\u00ab-Il-faut-une-mobilisation-generale-pour-une-societe-inclusive-\u00bb-3-questions-a-Stephane-Troussel\/\" \/>\n<meta property=\"og:site_name\" content=\"Seine-Saint-Denis - L&#039;actualit\u00e9 du d\u00e9partement\" \/>\n<meta property=\"article:publisher\" content=\"https:\/\/www.facebook.com\/seinesaintdenisledepartement\" \/>\n<meta property=\"article:published_time\" content=\"2025-12-01T14:15:49+00:00\" \/>\n<meta property=\"article:modified_time\" content=\"2025-12-01T14:23:25+00:00\" \/>\n<meta property=\"og:image\" content=\"https:\/\/seinesaintdenis.fr\/actualite\/wp-content\/uploads\/2023\/05\/trois-questions-st.png\" \/>\n\t<meta property=\"og:image:width\" content=\"1090\" \/>\n\t<meta property=\"og:image:height\" content=\"560\" \/>\n\t<meta property=\"og:image:type\" content=\"image\/png\" \/>\n<meta name=\"author\" content=\"Amira Rouabhi\" \/>\n<meta name=\"twitter:card\" content=\"summary_large_image\" \/>\n<meta name=\"twitter:creator\" content=\"@seinesaintdenis\" \/>\n<meta name=\"twitter:site\" content=\"@seinesaintdenis\" \/>\n<meta name=\"twitter:label1\" content=\"\u00c9crit par\" \/>\n\t<meta name=\"twitter:data1\" content=\"Amira Rouabhi\" \/>\n\t<meta name=\"twitter:label2\" content=\"Dur\u00e9e de lecture estim\u00e9e\" \/>\n\t<meta name=\"twitter:data2\" content=\"1 minute\" \/>\n<script type=\"application\/ld+json\" class=\"yoast-schema-graph\">{\"@context\":\"https:\\\/\\\/schema.org\",\"@graph\":[{\"@type\":\"Article\",\"@id\":\"https:\\\/\\\/seinesaintdenis.fr\\\/actualite\\\/solidarites-sante\\\/%c2%ab-Il-faut-une-mobilisation-generale-pour-une-societe-inclusive-%c2%bb-3-questions-a-Stephane-Troussel\\\/#article\",\"isPartOf\":{\"@id\":\"https:\\\/\\\/seinesaintdenis.fr\\\/actualite\\\/solidarites-sante\\\/%c2%ab-Il-faut-une-mobilisation-generale-pour-une-societe-inclusive-%c2%bb-3-questions-a-Stephane-Troussel\\\/\"},\"author\":{\"name\":\"Amira Rouabhi\",\"@id\":\"https:\\\/\\\/seinesaintdenis.fr\\\/actualite\\\/#\\\/schema\\\/person\\\/09eab927ada5ceeef6d44a2d538de143\"},\"headline\":\"\u00ab Il faut une mobilisation g\u00e9n\u00e9rale pour une soci\u00e9t\u00e9 inclusive !\u00bb : 3 questions \u00e0 St\u00e9phane Troussel\",\"datePublished\":\"2025-12-01T14:15:49+00:00\",\"dateModified\":\"2025-12-01T14:23:25+00:00\",\"mainEntityOfPage\":{\"@id\":\"https:\\\/\\\/seinesaintdenis.fr\\\/actualite\\\/solidarites-sante\\\/%c2%ab-Il-faut-une-mobilisation-generale-pour-une-societe-inclusive-%c2%bb-3-questions-a-Stephane-Troussel\\\/\"},\"wordCount\":16,\"commentCount\":0,\"publisher\":{\"@id\":\"https:\\\/\\\/seinesaintdenis.fr\\\/actualite\\\/#organization\"},\"image\":{\"@id\":\"https:\\\/\\\/seinesaintdenis.fr\\\/actualite\\\/solidarites-sante\\\/%c2%ab-Il-faut-une-mobilisation-generale-pour-une-societe-inclusive-%c2%bb-3-questions-a-Stephane-Troussel\\\/#primaryimage\"},\"thumbnailUrl\":\"https:\\\/\\\/seinesaintdenis.fr\\\/actualite\\\/wp-content\\\/uploads\\\/2023\\\/05\\\/trois-questions-st.png\",\"articleSection\":[\"Solidarit\u00e9s &amp; Sant\u00e9\"],\"inLanguage\":\"fr-FR\",\"potentialAction\":[{\"@type\":\"CommentAction\",\"name\":\"Comment\",\"target\":[\"https:\\\/\\\/seinesaintdenis.fr\\\/actualite\\\/solidarites-sante\\\/%c2%ab-Il-faut-une-mobilisation-generale-pour-une-societe-inclusive-%c2%bb-3-questions-a-Stephane-Troussel\\\/#respond\"]}]},{\"@type\":\"WebPage\",\"@id\":\"https:\\\/\\\/seinesaintdenis.fr\\\/actualite\\\/solidarites-sante\\\/%c2%ab-Il-faut-une-mobilisation-generale-pour-une-societe-inclusive-%c2%bb-3-questions-a-Stephane-Troussel\\\/\",\"url\":\"https:\\\/\\\/seinesaintdenis.fr\\\/actualite\\\/solidarites-sante\\\/%c2%ab-Il-faut-une-mobilisation-generale-pour-une-societe-inclusive-%c2%bb-3-questions-a-Stephane-Troussel\\\/\",\"name\":\"\u00ab Il faut une mobilisation g\u00e9n\u00e9rale pour une soci\u00e9t\u00e9 inclusive !\u00bb : 3 questions \u00e0 St\u00e9phane Troussel - Seine-Saint-Denis - L&#039;actualit\u00e9 du d\u00e9partement\",\"isPartOf\":{\"@id\":\"https:\\\/\\\/seinesaintdenis.fr\\\/actualite\\\/#website\"},\"primaryImageOfPage\":{\"@id\":\"https:\\\/\\\/seinesaintdenis.fr\\\/actualite\\\/solidarites-sante\\\/%c2%ab-Il-faut-une-mobilisation-generale-pour-une-societe-inclusive-%c2%bb-3-questions-a-Stephane-Troussel\\\/#primaryimage\"},\"image\":{\"@id\":\"https:\\\/\\\/seinesaintdenis.fr\\\/actualite\\\/solidarites-sante\\\/%c2%ab-Il-faut-une-mobilisation-generale-pour-une-societe-inclusive-%c2%bb-3-questions-a-Stephane-Troussel\\\/#primaryimage\"},\"thumbnailUrl\":\"https:\\\/\\\/seinesaintdenis.fr\\\/actualite\\\/wp-content\\\/uploads\\\/2023\\\/05\\\/trois-questions-st.png\",\"datePublished\":\"2025-12-01T14:15:49+00:00\",\"dateModified\":\"2025-12-01T14:23:25+00:00\",\"description\":\"Maison de l'autonomie, cr\u00e9ations de tiers-lieux favorisant le lien social, acc\u00e8s aux loisirs pour nos seniors avec la carte Ikaria, ouverture du Prisme, premier \u00e9quipement sportif europ\u00e9en adapt\u00e9 \u00e0 tous les handicaps... Le D\u00e9partement se mobilise et innove pour permettre aux personnes \u00e2g\u00e9es et handicap\u00e9es de trouver leur place Interview de St\u00e9pahne Troussel, pr\u00e9sident de la Seine-Saint-Denis.\",\"breadcrumb\":{\"@id\":\"https:\\\/\\\/seinesaintdenis.fr\\\/actualite\\\/solidarites-sante\\\/%c2%ab-Il-faut-une-mobilisation-generale-pour-une-societe-inclusive-%c2%bb-3-questions-a-Stephane-Troussel\\\/#breadcrumb\"},\"inLanguage\":\"fr-FR\",\"potentialAction\":[{\"@type\":\"ReadAction\",\"target\":[\"https:\\\/\\\/seinesaintdenis.fr\\\/actualite\\\/solidarites-sante\\\/%c2%ab-Il-faut-une-mobilisation-generale-pour-une-societe-inclusive-%c2%bb-3-questions-a-Stephane-Troussel\\\/\"]}]},{\"@type\":\"ImageObject\",\"inLanguage\":\"fr-FR\",\"@id\":\"https:\\\/\\\/seinesaintdenis.fr\\\/actualite\\\/solidarites-sante\\\/%c2%ab-Il-faut-une-mobilisation-generale-pour-une-societe-inclusive-%c2%bb-3-questions-a-Stephane-Troussel\\\/#primaryimage\",\"url\":\"https:\\\/\\\/seinesaintdenis.fr\\\/actualite\\\/wp-content\\\/uploads\\\/2023\\\/05\\\/trois-questions-st.png\",\"contentUrl\":\"https:\\\/\\\/seinesaintdenis.fr\\\/actualite\\\/wp-content\\\/uploads\\\/2023\\\/05\\\/trois-questions-st.png\",\"width\":1090,\"height\":560,\"caption\":\"Portrait Stephane Troussel\"},{\"@type\":\"BreadcrumbList\",\"@id\":\"https:\\\/\\\/seinesaintdenis.fr\\\/actualite\\\/solidarites-sante\\\/%c2%ab-Il-faut-une-mobilisation-generale-pour-une-societe-inclusive-%c2%bb-3-questions-a-Stephane-Troussel\\\/#breadcrumb\",\"itemListElement\":[{\"@type\":\"ListItem\",\"position\":1,\"name\":\"Accueil\",\"item\":\"https:\\\/\\\/seinesaintdenis.fr\\\/actualite\\\/\"},{\"@type\":\"ListItem\",\"position\":2,\"name\":\"Solidarit\u00e9s &amp; Sant\u00e9\",\"item\":\"https:\\\/\\\/seinesaintdenis.fr\\\/actualite\\\/solidarites-sante\\\/\"},{\"@type\":\"ListItem\",\"position\":3,\"name\":\"\u00ab Il faut une mobilisation g\u00e9n\u00e9rale pour une soci\u00e9t\u00e9 inclusive !\u00bb : 3 questions \u00e0 St\u00e9phane Troussel\"}]},{\"@type\":\"WebSite\",\"@id\":\"https:\\\/\\\/seinesaintdenis.fr\\\/actualite\\\/#website\",\"url\":\"https:\\\/\\\/seinesaintdenis.fr\\\/actualite\\\/\",\"name\":\"Seine-Saint-Denis - L'actualit\u00e9 du d\u00e9partement\",\"description\":\"L&#039;actualit\u00e9 du D\u00e9partement de la Seine-Saint-Denis\",\"publisher\":{\"@id\":\"https:\\\/\\\/seinesaintdenis.fr\\\/actualite\\\/#organization\"},\"potentialAction\":[{\"@type\":\"SearchAction\",\"target\":{\"@type\":\"EntryPoint\",\"urlTemplate\":\"https:\\\/\\\/seinesaintdenis.fr\\\/actualite\\\/?s={search_term_string}\"},\"query-input\":{\"@type\":\"PropertyValueSpecification\",\"valueRequired\":true,\"valueName\":\"search_term_string\"}}],\"inLanguage\":\"fr-FR\"},{\"@type\":\"Organization\",\"@id\":\"https:\\\/\\\/seinesaintdenis.fr\\\/actualite\\\/#organization\",\"name\":\"Seine-Saint-Denis - Le D\u00e9partement\",\"url\":\"https:\\\/\\\/seinesaintdenis.fr\\\/actualite\\\/\",\"logo\":{\"@type\":\"ImageObject\",\"inLanguage\":\"fr-FR\",\"@id\":\"https:\\\/\\\/seinesaintdenis.fr\\\/actualite\\\/#\\\/schema\\\/logo\\\/image\\\/\",\"url\":\"https:\\\/\\\/seinesaintdenis.fr\\\/actualite\\\/wp-content\\\/uploads\\\/2024\\\/08\\\/logo.png\",\"contentUrl\":\"https:\\\/\\\/seinesaintdenis.fr\\\/actualite\\\/wp-content\\\/uploads\\\/2024\\\/08\\\/logo.png\",\"width\":567,\"height\":172,\"caption\":\"Seine-Saint-Denis - Le D\u00e9partement\"},\"image\":{\"@id\":\"https:\\\/\\\/seinesaintdenis.fr\\\/actualite\\\/#\\\/schema\\\/logo\\\/image\\\/\"},\"sameAs\":[\"https:\\\/\\\/www.facebook.com\\\/seinesaintdenisledepartement\",\"https:\\\/\\\/x.com\\\/seinesaintdenis\",\"https:\\\/\\\/www.linkedin.com\\\/company\\\/seinesaintdenis\",\"https:\\\/\\\/www.instagram.com\\\/seine_saint_denis\\\/\",\"https:\\\/\\\/www.youtube.com\\\/channel\\\/UCR5YF9NnqiLCbnrKQgLUcIw\"]},{\"@type\":\"Person\",\"@id\":\"https:\\\/\\\/seinesaintdenis.fr\\\/actualite\\\/#\\\/schema\\\/person\\\/09eab927ada5ceeef6d44a2d538de143\",\"name\":\"Amira Rouabhi\",\"image\":{\"@type\":\"ImageObject\",\"inLanguage\":\"fr-FR\",\"@id\":\"https:\\\/\\\/secure.gravatar.com\\\/avatar\\\/1fabb5fa4310765b329dd1ae57830cdf8b9609391dc2f1c7f6cbc382b888ef4a?s=96&d=mm&r=g\",\"url\":\"https:\\\/\\\/secure.gravatar.com\\\/avatar\\\/1fabb5fa4310765b329dd1ae57830cdf8b9609391dc2f1c7f6cbc382b888ef4a?s=96&d=mm&r=g\",\"contentUrl\":\"https:\\\/\\\/secure.gravatar.com\\\/avatar\\\/1fabb5fa4310765b329dd1ae57830cdf8b9609391dc2f1c7f6cbc382b888ef4a?s=96&d=mm&r=g\",\"caption\":\"Amira Rouabhi\"},\"url\":\"https:\\\/\\\/seinesaintdenis.fr\\\/actualite\\\/author\\\/arouabhi\\\/\"}]}<\/script>\n<!-- \/ Yoast SEO plugin. -->","yoast_head_json":{"title":"\u00ab Il faut une mobilisation g\u00e9n\u00e9rale pour une soci\u00e9t\u00e9 inclusive !\u00bb : 3 questions \u00e0 St\u00e9phane Troussel - Seine-Saint-Denis - L&#039;actualit\u00e9 du d\u00e9partement","description":"Maison de l'autonomie, cr\u00e9ations de tiers-lieux favorisant le lien social, acc\u00e8s aux loisirs pour nos seniors avec la carte Ikaria, ouverture du Prisme, premier \u00e9quipement sportif europ\u00e9en adapt\u00e9 \u00e0 tous les handicaps... Le D\u00e9partement se mobilise et innove pour permettre aux personnes \u00e2g\u00e9es et handicap\u00e9es de trouver leur place Interview de St\u00e9pahne Troussel, pr\u00e9sident de la Seine-Saint-Denis.","robots":{"index":"index","follow":"follow","max-snippet":"max-snippet:-1","max-image-preview":"max-image-preview:large","max-video-preview":"max-video-preview:-1"},"canonical":"https:\/\/seinesaintdenis.fr\/actualite\/solidarites-sante\/\u00ab-Il-faut-une-mobilisation-generale-pour-une-societe-inclusive-\u00bb-3-questions-a-Stephane-Troussel\/","og_locale":"fr_FR","og_type":"article","og_title":"\u00ab Il faut une mobilisation g\u00e9n\u00e9rale pour une soci\u00e9t\u00e9 inclusive !\u00bb : 3 questions \u00e0 St\u00e9phane Troussel - Seine-Saint-Denis - L&#039;actualit\u00e9 du d\u00e9partement","og_description":"Maison de l'autonomie, cr\u00e9ations de tiers-lieux favorisant le lien social, acc\u00e8s aux loisirs pour nos seniors avec la carte Ikaria, ouverture du Prisme, premier \u00e9quipement sportif europ\u00e9en adapt\u00e9 \u00e0 tous les handicaps... Le D\u00e9partement se mobilise et innove pour permettre aux personnes \u00e2g\u00e9es et handicap\u00e9es de trouver leur place Interview de St\u00e9pahne Troussel, pr\u00e9sident de la Seine-Saint-Denis.","og_url":"https:\/\/seinesaintdenis.fr\/actualite\/solidarites-sante\/\u00ab-Il-faut-une-mobilisation-generale-pour-une-societe-inclusive-\u00bb-3-questions-a-Stephane-Troussel\/","og_site_name":"Seine-Saint-Denis - L&#039;actualit\u00e9 du d\u00e9partement","article_publisher":"https:\/\/www.facebook.com\/seinesaintdenisledepartement","article_published_time":"2025-12-01T14:15:49+00:00","article_modified_time":"2025-12-01T14:23:25+00:00","og_image":[{"width":1090,"height":560,"url":"https:\/\/seinesaintdenis.fr\/actualite\/wp-content\/uploads\/2023\/05\/trois-questions-st.png","type":"image\/png"}],"author":"Amira Rouabhi","twitter_card":"summary_large_image","twitter_creator":"@seinesaintdenis","twitter_site":"@seinesaintdenis","twitter_misc":{"\u00c9crit par":"Amira Rouabhi","Dur\u00e9e de lecture estim\u00e9e":"1 minute"},"schema":{"@context":"https:\/\/schema.org","@graph":[{"@type":"Article","@id":"https:\/\/seinesaintdenis.fr\/actualite\/solidarites-sante\/%c2%ab-Il-faut-une-mobilisation-generale-pour-une-societe-inclusive-%c2%bb-3-questions-a-Stephane-Troussel\/#article","isPartOf":{"@id":"https:\/\/seinesaintdenis.fr\/actualite\/solidarites-sante\/%c2%ab-Il-faut-une-mobilisation-generale-pour-une-societe-inclusive-%c2%bb-3-questions-a-Stephane-Troussel\/"},"author":{"name":"Amira Rouabhi","@id":"https:\/\/seinesaintdenis.fr\/actualite\/#\/schema\/person\/09eab927ada5ceeef6d44a2d538de143"},"headline":"\u00ab Il faut une mobilisation g\u00e9n\u00e9rale pour une soci\u00e9t\u00e9 inclusive !\u00bb : 3 questions \u00e0 St\u00e9phane Troussel","datePublished":"2025-12-01T14:15:49+00:00","dateModified":"2025-12-01T14:23:25+00:00","mainEntityOfPage":{"@id":"https:\/\/seinesaintdenis.fr\/actualite\/solidarites-sante\/%c2%ab-Il-faut-une-mobilisation-generale-pour-une-societe-inclusive-%c2%bb-3-questions-a-Stephane-Troussel\/"},"wordCount":16,"commentCount":0,"publisher":{"@id":"https:\/\/seinesaintdenis.fr\/actualite\/#organization"},"image":{"@id":"https:\/\/seinesaintdenis.fr\/actualite\/solidarites-sante\/%c2%ab-Il-faut-une-mobilisation-generale-pour-une-societe-inclusive-%c2%bb-3-questions-a-Stephane-Troussel\/#primaryimage"},"thumbnailUrl":"https:\/\/seinesaintdenis.fr\/actualite\/wp-content\/uploads\/2023\/05\/trois-questions-st.png","articleSection":["Solidarit\u00e9s &amp; Sant\u00e9"],"inLanguage":"fr-FR","potentialAction":[{"@type":"CommentAction","name":"Comment","target":["https:\/\/seinesaintdenis.fr\/actualite\/solidarites-sante\/%c2%ab-Il-faut-une-mobilisation-generale-pour-une-societe-inclusive-%c2%bb-3-questions-a-Stephane-Troussel\/#respond"]}]},{"@type":"WebPage","@id":"https:\/\/seinesaintdenis.fr\/actualite\/solidarites-sante\/%c2%ab-Il-faut-une-mobilisation-generale-pour-une-societe-inclusive-%c2%bb-3-questions-a-Stephane-Troussel\/","url":"https:\/\/seinesaintdenis.fr\/actualite\/solidarites-sante\/%c2%ab-Il-faut-une-mobilisation-generale-pour-une-societe-inclusive-%c2%bb-3-questions-a-Stephane-Troussel\/","name":"\u00ab Il faut une mobilisation g\u00e9n\u00e9rale pour une soci\u00e9t\u00e9 inclusive !\u00bb : 3 questions \u00e0 St\u00e9phane Troussel - Seine-Saint-Denis - L&#039;actualit\u00e9 du d\u00e9partement","isPartOf":{"@id":"https:\/\/seinesaintdenis.fr\/actualite\/#website"},"primaryImageOfPage":{"@id":"https:\/\/seinesaintdenis.fr\/actualite\/solidarites-sante\/%c2%ab-Il-faut-une-mobilisation-generale-pour-une-societe-inclusive-%c2%bb-3-questions-a-Stephane-Troussel\/#primaryimage"},"image":{"@id":"https:\/\/seinesaintdenis.fr\/actualite\/solidarites-sante\/%c2%ab-Il-faut-une-mobilisation-generale-pour-une-societe-inclusive-%c2%bb-3-questions-a-Stephane-Troussel\/#primaryimage"},"thumbnailUrl":"https:\/\/seinesaintdenis.fr\/actualite\/wp-content\/uploads\/2023\/05\/trois-questions-st.png","datePublished":"2025-12-01T14:15:49+00:00","dateModified":"2025-12-01T14:23:25+00:00","description":"Maison de l'autonomie, cr\u00e9ations de tiers-lieux favorisant le lien social, acc\u00e8s aux loisirs pour nos seniors avec la carte Ikaria, ouverture du Prisme, premier \u00e9quipement sportif europ\u00e9en adapt\u00e9 \u00e0 tous les handicaps... Le D\u00e9partement se mobilise et innove pour permettre aux personnes \u00e2g\u00e9es et handicap\u00e9es de trouver leur place Interview de St\u00e9pahne Troussel, pr\u00e9sident de la Seine-Saint-Denis.","breadcrumb":{"@id":"https:\/\/seinesaintdenis.fr\/actualite\/solidarites-sante\/%c2%ab-Il-faut-une-mobilisation-generale-pour-une-societe-inclusive-%c2%bb-3-questions-a-Stephane-Troussel\/#breadcrumb"},"inLanguage":"fr-FR","potentialAction":[{"@type":"ReadAction","target":["https:\/\/seinesaintdenis.fr\/actualite\/solidarites-sante\/%c2%ab-Il-faut-une-mobilisation-generale-pour-une-societe-inclusive-%c2%bb-3-questions-a-Stephane-Troussel\/"]}]},{"@type":"ImageObject","inLanguage":"fr-FR","@id":"https:\/\/seinesaintdenis.fr\/actualite\/solidarites-sante\/%c2%ab-Il-faut-une-mobilisation-generale-pour-une-societe-inclusive-%c2%bb-3-questions-a-Stephane-Troussel\/#primaryimage","url":"https:\/\/seinesaintdenis.fr\/actualite\/wp-content\/uploads\/2023\/05\/trois-questions-st.png","contentUrl":"https:\/\/seinesaintdenis.fr\/actualite\/wp-content\/uploads\/2023\/05\/trois-questions-st.png","width":1090,"height":560,"caption":"Portrait Stephane Troussel"},{"@type":"BreadcrumbList","@id":"https:\/\/seinesaintdenis.fr\/actualite\/solidarites-sante\/%c2%ab-Il-faut-une-mobilisation-generale-pour-une-societe-inclusive-%c2%bb-3-questions-a-Stephane-Troussel\/#breadcrumb","itemListElement":[{"@type":"ListItem","position":1,"name":"Accueil","item":"https:\/\/seinesaintdenis.fr\/actualite\/"},{"@type":"ListItem","position":2,"name":"Solidarit\u00e9s &amp; Sant\u00e9","item":"https:\/\/seinesaintdenis.fr\/actualite\/solidarites-sante\/"},{"@type":"ListItem","position":3,"name":"\u00ab Il faut une mobilisation g\u00e9n\u00e9rale pour une soci\u00e9t\u00e9 inclusive !\u00bb : 3 questions \u00e0 St\u00e9phane Troussel"}]},{"@type":"WebSite","@id":"https:\/\/seinesaintdenis.fr\/actualite\/#website","url":"https:\/\/seinesaintdenis.fr\/actualite\/","name":"Seine-Saint-Denis - L'actualit\u00e9 du d\u00e9partement","description":"L&#039;actualit\u00e9 du D\u00e9partement de la Seine-Saint-Denis","publisher":{"@id":"https:\/\/seinesaintdenis.fr\/actualite\/#organization"},"potentialAction":[{"@type":"SearchAction","target":{"@type":"EntryPoint","urlTemplate":"https:\/\/seinesaintdenis.fr\/actualite\/?s={search_term_string}"},"query-input":{"@type":"PropertyValueSpecification","valueRequired":true,"valueName":"search_term_string"}}],"inLanguage":"fr-FR"},{"@type":"Organization","@id":"https:\/\/seinesaintdenis.fr\/actualite\/#organization","name":"Seine-Saint-Denis - Le D\u00e9partement","url":"https:\/\/seinesaintdenis.fr\/actualite\/","logo":{"@type":"ImageObject","inLanguage":"fr-FR","@id":"https:\/\/seinesaintdenis.fr\/actualite\/#\/schema\/logo\/image\/","url":"https:\/\/seinesaintdenis.fr\/actualite\/wp-content\/uploads\/2024\/08\/logo.png","contentUrl":"https:\/\/seinesaintdenis.fr\/actualite\/wp-content\/uploads\/2024\/08\/logo.png","width":567,"height":172,"caption":"Seine-Saint-Denis - Le D\u00e9partement"},"image":{"@id":"https:\/\/seinesaintdenis.fr\/actualite\/#\/schema\/logo\/image\/"},"sameAs":["https:\/\/www.facebook.com\/seinesaintdenisledepartement","https:\/\/x.com\/seinesaintdenis","https:\/\/www.linkedin.com\/company\/seinesaintdenis","https:\/\/www.instagram.com\/seine_saint_denis\/","https:\/\/www.youtube.com\/channel\/UCR5YF9NnqiLCbnrKQgLUcIw"]},{"@type":"Person","@id":"https:\/\/seinesaintdenis.fr\/actualite\/#\/schema\/person\/09eab927ada5ceeef6d44a2d538de143","name":"Amira Rouabhi","image":{"@type":"ImageObject","inLanguage":"fr-FR","@id":"https:\/\/secure.gravatar.com\/avatar\/1fabb5fa4310765b329dd1ae57830cdf8b9609391dc2f1c7f6cbc382b888ef4a?s=96&d=mm&r=g","url":"https:\/\/secure.gravatar.com\/avatar\/1fabb5fa4310765b329dd1ae57830cdf8b9609391dc2f1c7f6cbc382b888ef4a?s=96&d=mm&r=g","contentUrl":"https:\/\/secure.gravatar.com\/avatar\/1fabb5fa4310765b329dd1ae57830cdf8b9609391dc2f1c7f6cbc382b888ef4a?s=96&d=mm&r=g","caption":"Amira Rouabhi"},"url":"https:\/\/seinesaintdenis.fr\/actualite\/author\/arouabhi\/"}]}},"_links":{"self":[{"href":"https:\/\/seinesaintdenis.fr\/actualite\/wp-json\/wp\/v2\/posts\/30943","targetHints":{"allow":["GET"]}}],"collection":[{"href":"https:\/\/seinesaintdenis.fr\/actualite\/wp-json\/wp\/v2\/posts"}],"about":[{"href":"https:\/\/seinesaintdenis.fr\/actualite\/wp-json\/wp\/v2\/types\/post"}],"author":[{"embeddable":true,"href":"https:\/\/seinesaintdenis.fr\/actualite\/wp-json\/wp\/v2\/users\/15"}],"replies":[{"embeddable":true,"href":"https:\/\/seinesaintdenis.fr\/actualite\/wp-json\/wp\/v2\/comments?post=30943"}],"version-history":[{"count":5,"href":"https:\/\/seinesaintdenis.fr\/actualite\/wp-json\/wp\/v2\/posts\/30943\/revisions"}],"predecessor-version":[{"id":30953,"href":"https:\/\/seinesaintdenis.fr\/actualite\/wp-json\/wp\/v2\/posts\/30943\/revisions\/30953"}],"wp:featuredmedia":[{"embeddable":true,"href":"https:\/\/seinesaintdenis.fr\/actualite\/wp-json\/wp\/v2\/media\/2977"}],"wp:attachment":[{"href":"https:\/\/seinesaintdenis.fr\/actualite\/wp-json\/wp\/v2\/media?parent=30943"}],"wp:term":[{"taxonomy":"category","embeddable":true,"href":"https:\/\/seinesaintdenis.fr\/actualite\/wp-json\/wp\/v2\/categories?post=30943"},{"taxonomy":"ville","embeddable":true,"href":"https:\/\/seinesaintdenis.fr\/actualite\/wp-json\/wp\/v2\/ville?post=30943"}],"curies":[{"name":"wp","href":"https:\/\/api.w.org\/{rel}","templated":true}]}}