{"id":30806,"date":"2025-11-27T09:52:23","date_gmt":"2025-11-27T08:52:23","guid":{"rendered":"https:\/\/seinesaintdenis.fr\/actualite\/?p=30806"},"modified":"2025-11-27T09:52:23","modified_gmt":"2025-11-27T08:52:23","slug":"Une-pluie-de-pepites-au-salon-du-livre-jeunesse-de-Montreuil","status":"publish","type":"post","link":"https:\/\/seinesaintdenis.fr\/actualite\/culture-patrimoine\/Litterature\/Une-pluie-de-pepites-au-salon-du-livre-jeunesse-de-Montreuil\/","title":{"rendered":"Une pluie de p\u00e9pites au salon du livre jeunesse de Montreuil"},"content":{"rendered":"","protected":false},"excerpt":{"rendered":"","protected":false},"author":38,"featured_media":30842,"comment_status":"open","ping_status":"open","sticky":false,"template":"","format":"standard","meta":{"_acf_changed":false,"footnotes":""},"categories":[212],"ville":[77],"class_list":["post-30806","post","type-post","status-publish","format-standard","has-post-thumbnail","hentry","category-Litterature"],"acf":[],"yoast_head":"<!-- This site is optimized with the Yoast SEO plugin v27.5 - https:\/\/yoast.com\/product\/yoast-seo-wordpress\/ -->\n<title>Une pluie de p\u00e9pites au salon du livre jeunesse de Montreuil - Seine-Saint-Denis - L&#039;actualit\u00e9 du d\u00e9partement<\/title>\n<meta name=\"description\" content=\"Le D\u00e9partement de la Seine-Saint-Denis est le partenaire historique du salon du livre et de la presse jeunesse qui a ouvert ses portes \u00e0 Montreuil mercredi 26 novembre. Pour lancer cette 41e \u00e9dition, le palmar\u00e8s des P\u00e9pites - prix majeur du rendez-vous litt\u00e9raire - a \u00e9t\u00e9 d\u00e9voil\u00e9. Romans, albums et BD\u00a0: des livres \u00e0 offrir ou se faire offrir \u00e0 No\u00ebl\u00a0!\" \/>\n<meta name=\"robots\" content=\"index, follow, max-snippet:-1, max-image-preview:large, max-video-preview:-1\" \/>\n<link rel=\"canonical\" href=\"https:\/\/seinesaintdenis.fr\/actualite\/culture-patrimoine\/Litterature\/Une-pluie-de-pepites-au-salon-du-livre-jeunesse-de-Montreuil\/\" \/>\n<meta property=\"og:locale\" content=\"fr_FR\" \/>\n<meta property=\"og:type\" content=\"article\" \/>\n<meta property=\"og:title\" content=\"Une pluie de p\u00e9pites au salon du livre jeunesse de Montreuil - Seine-Saint-Denis - L&#039;actualit\u00e9 du d\u00e9partement\" \/>\n<meta property=\"og:description\" content=\"Le D\u00e9partement de la Seine-Saint-Denis est le partenaire historique du salon du livre et de la presse jeunesse qui a ouvert ses portes \u00e0 Montreuil mercredi 26 novembre. Pour lancer cette 41e \u00e9dition, le palmar\u00e8s des P\u00e9pites - prix majeur du rendez-vous litt\u00e9raire - a \u00e9t\u00e9 d\u00e9voil\u00e9. Romans, albums et BD\u00a0: des livres \u00e0 offrir ou se faire offrir \u00e0 No\u00ebl\u00a0!\" \/>\n<meta property=\"og:url\" content=\"https:\/\/seinesaintdenis.fr\/actualite\/culture-patrimoine\/Litterature\/Une-pluie-de-pepites-au-salon-du-livre-jeunesse-de-Montreuil\/\" \/>\n<meta property=\"og:site_name\" content=\"Seine-Saint-Denis - L&#039;actualit\u00e9 du d\u00e9partement\" \/>\n<meta property=\"article:publisher\" content=\"https:\/\/www.facebook.com\/seinesaintdenisledepartement\" \/>\n<meta property=\"article:published_time\" content=\"2025-11-27T08:52:23+00:00\" \/>\n<meta property=\"og:image\" content=\"https:\/\/seinesaintdenis.fr\/actualite\/wp-content\/uploads\/2025\/11\/salon-du-livre.jpg\" \/>\n\t<meta property=\"og:image:width\" content=\"1090\" \/>\n\t<meta property=\"og:image:height\" content=\"560\" \/>\n\t<meta property=\"og:image:type\" content=\"image\/jpeg\" \/>\n<meta name=\"author\" content=\"Nicolas Le H\u00e9riss\u00e9\" \/>\n<meta name=\"twitter:card\" content=\"summary_large_image\" \/>\n<meta name=\"twitter:creator\" content=\"@seinesaintdenis\" \/>\n<meta name=\"twitter:site\" content=\"@seinesaintdenis\" \/>\n<meta name=\"twitter:label1\" content=\"\u00c9crit par\" \/>\n\t<meta name=\"twitter:data1\" content=\"Nicolas Le H\u00e9riss\u00e9\" \/>\n\t<meta name=\"twitter:label2\" content=\"Dur\u00e9e de lecture estim\u00e9e\" \/>\n\t<meta name=\"twitter:data2\" content=\"1 minute\" \/>\n<script type=\"application\/ld+json\" class=\"yoast-schema-graph\">{\"@context\":\"https:\\\/\\\/schema.org\",\"@graph\":[{\"@type\":\"Article\",\"@id\":\"https:\\\/\\\/seinesaintdenis.fr\\\/actualite\\\/culture-patrimoine\\\/Litterature\\\/Une-pluie-de-pepites-au-salon-du-livre-jeunesse-de-Montreuil\\\/#article\",\"isPartOf\":{\"@id\":\"https:\\\/\\\/seinesaintdenis.fr\\\/actualite\\\/culture-patrimoine\\\/Litterature\\\/Une-pluie-de-pepites-au-salon-du-livre-jeunesse-de-Montreuil\\\/\"},\"author\":{\"name\":\"Nicolas Le H\u00e9riss\u00e9\",\"@id\":\"https:\\\/\\\/seinesaintdenis.fr\\\/actualite\\\/#\\\/schema\\\/person\\\/83cfb60412523dce14a752f37ae506fb\"},\"headline\":\"Une pluie de p\u00e9pites au salon du livre jeunesse de Montreuil\",\"datePublished\":\"2025-11-27T08:52:23+00:00\",\"mainEntityOfPage\":{\"@id\":\"https:\\\/\\\/seinesaintdenis.fr\\\/actualite\\\/culture-patrimoine\\\/Litterature\\\/Une-pluie-de-pepites-au-salon-du-livre-jeunesse-de-Montreuil\\\/\"},\"wordCount\":12,\"commentCount\":0,\"publisher\":{\"@id\":\"https:\\\/\\\/seinesaintdenis.fr\\\/actualite\\\/#organization\"},\"image\":{\"@id\":\"https:\\\/\\\/seinesaintdenis.fr\\\/actualite\\\/culture-patrimoine\\\/Litterature\\\/Une-pluie-de-pepites-au-salon-du-livre-jeunesse-de-Montreuil\\\/#primaryimage\"},\"thumbnailUrl\":\"https:\\\/\\\/seinesaintdenis.fr\\\/actualite\\\/wp-content\\\/uploads\\\/2025\\\/11\\\/salon-du-livre.jpg\",\"articleSection\":[\"Litt\u00e9rature\"],\"inLanguage\":\"fr-FR\",\"potentialAction\":[{\"@type\":\"CommentAction\",\"name\":\"Comment\",\"target\":[\"https:\\\/\\\/seinesaintdenis.fr\\\/actualite\\\/culture-patrimoine\\\/Litterature\\\/Une-pluie-de-pepites-au-salon-du-livre-jeunesse-de-Montreuil\\\/#respond\"]}]},{\"@type\":\"WebPage\",\"@id\":\"https:\\\/\\\/seinesaintdenis.fr\\\/actualite\\\/culture-patrimoine\\\/Litterature\\\/Une-pluie-de-pepites-au-salon-du-livre-jeunesse-de-Montreuil\\\/\",\"url\":\"https:\\\/\\\/seinesaintdenis.fr\\\/actualite\\\/culture-patrimoine\\\/Litterature\\\/Une-pluie-de-pepites-au-salon-du-livre-jeunesse-de-Montreuil\\\/\",\"name\":\"Une pluie de p\u00e9pites au salon du livre jeunesse de Montreuil - Seine-Saint-Denis - L&#039;actualit\u00e9 du d\u00e9partement\",\"isPartOf\":{\"@id\":\"https:\\\/\\\/seinesaintdenis.fr\\\/actualite\\\/#website\"},\"primaryImageOfPage\":{\"@id\":\"https:\\\/\\\/seinesaintdenis.fr\\\/actualite\\\/culture-patrimoine\\\/Litterature\\\/Une-pluie-de-pepites-au-salon-du-livre-jeunesse-de-Montreuil\\\/#primaryimage\"},\"image\":{\"@id\":\"https:\\\/\\\/seinesaintdenis.fr\\\/actualite\\\/culture-patrimoine\\\/Litterature\\\/Une-pluie-de-pepites-au-salon-du-livre-jeunesse-de-Montreuil\\\/#primaryimage\"},\"thumbnailUrl\":\"https:\\\/\\\/seinesaintdenis.fr\\\/actualite\\\/wp-content\\\/uploads\\\/2025\\\/11\\\/salon-du-livre.jpg\",\"datePublished\":\"2025-11-27T08:52:23+00:00\",\"description\":\"Le D\u00e9partement de la Seine-Saint-Denis est le partenaire historique du salon du livre et de la presse jeunesse qui a ouvert ses portes \u00e0 Montreuil mercredi 26 novembre. Pour lancer cette 41e \u00e9dition, le palmar\u00e8s des P\u00e9pites - prix majeur du rendez-vous litt\u00e9raire - a \u00e9t\u00e9 d\u00e9voil\u00e9. Romans, albums et BD\u00a0: des livres \u00e0 offrir ou se faire offrir \u00e0 No\u00ebl\u00a0!\",\"breadcrumb\":{\"@id\":\"https:\\\/\\\/seinesaintdenis.fr\\\/actualite\\\/culture-patrimoine\\\/Litterature\\\/Une-pluie-de-pepites-au-salon-du-livre-jeunesse-de-Montreuil\\\/#breadcrumb\"},\"inLanguage\":\"fr-FR\",\"potentialAction\":[{\"@type\":\"ReadAction\",\"target\":[\"https:\\\/\\\/seinesaintdenis.fr\\\/actualite\\\/culture-patrimoine\\\/Litterature\\\/Une-pluie-de-pepites-au-salon-du-livre-jeunesse-de-Montreuil\\\/\"]}]},{\"@type\":\"ImageObject\",\"inLanguage\":\"fr-FR\",\"@id\":\"https:\\\/\\\/seinesaintdenis.fr\\\/actualite\\\/culture-patrimoine\\\/Litterature\\\/Une-pluie-de-pepites-au-salon-du-livre-jeunesse-de-Montreuil\\\/#primaryimage\",\"url\":\"https:\\\/\\\/seinesaintdenis.fr\\\/actualite\\\/wp-content\\\/uploads\\\/2025\\\/11\\\/salon-du-livre.jpg\",\"contentUrl\":\"https:\\\/\\\/seinesaintdenis.fr\\\/actualite\\\/wp-content\\\/uploads\\\/2025\\\/11\\\/salon-du-livre.jpg\",\"width\":1090,\"height\":560,\"caption\":\"Photo prise lors du salon du livre et de la presse jeunesse de Montreuil \u00e9dition 2025\"},{\"@type\":\"BreadcrumbList\",\"@id\":\"https:\\\/\\\/seinesaintdenis.fr\\\/actualite\\\/culture-patrimoine\\\/Litterature\\\/Une-pluie-de-pepites-au-salon-du-livre-jeunesse-de-Montreuil\\\/#breadcrumb\",\"itemListElement\":[{\"@type\":\"ListItem\",\"position\":1,\"name\":\"Accueil\",\"item\":\"https:\\\/\\\/seinesaintdenis.fr\\\/actualite\\\/\"},{\"@type\":\"ListItem\",\"position\":2,\"name\":\"Culture &amp; Patrimoine\",\"item\":\"https:\\\/\\\/seinesaintdenis.fr\\\/actualite\\\/culture-patrimoine\\\/\"},{\"@type\":\"ListItem\",\"position\":3,\"name\":\"Litt\u00e9rature\",\"item\":\"https:\\\/\\\/seinesaintdenis.fr\\\/actualite\\\/culture-patrimoine\\\/Litterature\\\/\"},{\"@type\":\"ListItem\",\"position\":4,\"name\":\"Une pluie de p\u00e9pites au salon du livre jeunesse de Montreuil\"}]},{\"@type\":\"WebSite\",\"@id\":\"https:\\\/\\\/seinesaintdenis.fr\\\/actualite\\\/#website\",\"url\":\"https:\\\/\\\/seinesaintdenis.fr\\\/actualite\\\/\",\"name\":\"Seine-Saint-Denis - L'actualit\u00e9 du d\u00e9partement\",\"description\":\"L&#039;actualit\u00e9 du D\u00e9partement de la Seine-Saint-Denis\",\"publisher\":{\"@id\":\"https:\\\/\\\/seinesaintdenis.fr\\\/actualite\\\/#organization\"},\"potentialAction\":[{\"@type\":\"SearchAction\",\"target\":{\"@type\":\"EntryPoint\",\"urlTemplate\":\"https:\\\/\\\/seinesaintdenis.fr\\\/actualite\\\/?s={search_term_string}\"},\"query-input\":{\"@type\":\"PropertyValueSpecification\",\"valueRequired\":true,\"valueName\":\"search_term_string\"}}],\"inLanguage\":\"fr-FR\"},{\"@type\":\"Organization\",\"@id\":\"https:\\\/\\\/seinesaintdenis.fr\\\/actualite\\\/#organization\",\"name\":\"Seine-Saint-Denis - Le D\u00e9partement\",\"url\":\"https:\\\/\\\/seinesaintdenis.fr\\\/actualite\\\/\",\"logo\":{\"@type\":\"ImageObject\",\"inLanguage\":\"fr-FR\",\"@id\":\"https:\\\/\\\/seinesaintdenis.fr\\\/actualite\\\/#\\\/schema\\\/logo\\\/image\\\/\",\"url\":\"https:\\\/\\\/seinesaintdenis.fr\\\/actualite\\\/wp-content\\\/uploads\\\/2024\\\/08\\\/logo.png\",\"contentUrl\":\"https:\\\/\\\/seinesaintdenis.fr\\\/actualite\\\/wp-content\\\/uploads\\\/2024\\\/08\\\/logo.png\",\"width\":567,\"height\":172,\"caption\":\"Seine-Saint-Denis - Le D\u00e9partement\"},\"image\":{\"@id\":\"https:\\\/\\\/seinesaintdenis.fr\\\/actualite\\\/#\\\/schema\\\/logo\\\/image\\\/\"},\"sameAs\":[\"https:\\\/\\\/www.facebook.com\\\/seinesaintdenisledepartement\",\"https:\\\/\\\/x.com\\\/seinesaintdenis\",\"https:\\\/\\\/www.linkedin.com\\\/company\\\/seinesaintdenis\",\"https:\\\/\\\/www.instagram.com\\\/seine_saint_denis\\\/\",\"https:\\\/\\\/www.youtube.com\\\/channel\\\/UCR5YF9NnqiLCbnrKQgLUcIw\"]},{\"@type\":\"Person\",\"@id\":\"https:\\\/\\\/seinesaintdenis.fr\\\/actualite\\\/#\\\/schema\\\/person\\\/83cfb60412523dce14a752f37ae506fb\",\"name\":\"Nicolas Le H\u00e9riss\u00e9\",\"image\":{\"@type\":\"ImageObject\",\"inLanguage\":\"fr-FR\",\"@id\":\"https:\\\/\\\/secure.gravatar.com\\\/avatar\\\/7a037480306fa242c59436a102dc6a4d72cab164610d2fc68cf59229872c6a50?s=96&d=mm&r=g\",\"url\":\"https:\\\/\\\/secure.gravatar.com\\\/avatar\\\/7a037480306fa242c59436a102dc6a4d72cab164610d2fc68cf59229872c6a50?s=96&d=mm&r=g\",\"contentUrl\":\"https:\\\/\\\/secure.gravatar.com\\\/avatar\\\/7a037480306fa242c59436a102dc6a4d72cab164610d2fc68cf59229872c6a50?s=96&d=mm&r=g\",\"caption\":\"Nicolas Le H\u00e9riss\u00e9\"},\"url\":\"https:\\\/\\\/seinesaintdenis.fr\\\/actualite\\\/author\\\/nleherisse\\\/\"}]}<\/script>\n<!-- \/ Yoast SEO plugin. -->","yoast_head_json":{"title":"Une pluie de p\u00e9pites au salon du livre jeunesse de Montreuil - Seine-Saint-Denis - L&#039;actualit\u00e9 du d\u00e9partement","description":"Le D\u00e9partement de la Seine-Saint-Denis est le partenaire historique du salon du livre et de la presse jeunesse qui a ouvert ses portes \u00e0 Montreuil mercredi 26 novembre. Pour lancer cette 41e \u00e9dition, le palmar\u00e8s des P\u00e9pites - prix majeur du rendez-vous litt\u00e9raire - a \u00e9t\u00e9 d\u00e9voil\u00e9. Romans, albums et BD\u00a0: des livres \u00e0 offrir ou se faire offrir \u00e0 No\u00ebl\u00a0!","robots":{"index":"index","follow":"follow","max-snippet":"max-snippet:-1","max-image-preview":"max-image-preview:large","max-video-preview":"max-video-preview:-1"},"canonical":"https:\/\/seinesaintdenis.fr\/actualite\/culture-patrimoine\/Litterature\/Une-pluie-de-pepites-au-salon-du-livre-jeunesse-de-Montreuil\/","og_locale":"fr_FR","og_type":"article","og_title":"Une pluie de p\u00e9pites au salon du livre jeunesse de Montreuil - Seine-Saint-Denis - L&#039;actualit\u00e9 du d\u00e9partement","og_description":"Le D\u00e9partement de la Seine-Saint-Denis est le partenaire historique du salon du livre et de la presse jeunesse qui a ouvert ses portes \u00e0 Montreuil mercredi 26 novembre. Pour lancer cette 41e \u00e9dition, le palmar\u00e8s des P\u00e9pites - prix majeur du rendez-vous litt\u00e9raire - a \u00e9t\u00e9 d\u00e9voil\u00e9. Romans, albums et BD\u00a0: des livres \u00e0 offrir ou se faire offrir \u00e0 No\u00ebl\u00a0!","og_url":"https:\/\/seinesaintdenis.fr\/actualite\/culture-patrimoine\/Litterature\/Une-pluie-de-pepites-au-salon-du-livre-jeunesse-de-Montreuil\/","og_site_name":"Seine-Saint-Denis - L&#039;actualit\u00e9 du d\u00e9partement","article_publisher":"https:\/\/www.facebook.com\/seinesaintdenisledepartement","article_published_time":"2025-11-27T08:52:23+00:00","og_image":[{"width":1090,"height":560,"url":"https:\/\/seinesaintdenis.fr\/actualite\/wp-content\/uploads\/2025\/11\/salon-du-livre.jpg","type":"image\/jpeg"}],"author":"Nicolas Le H\u00e9riss\u00e9","twitter_card":"summary_large_image","twitter_creator":"@seinesaintdenis","twitter_site":"@seinesaintdenis","twitter_misc":{"\u00c9crit par":"Nicolas Le H\u00e9riss\u00e9","Dur\u00e9e de lecture estim\u00e9e":"1 minute"},"schema":{"@context":"https:\/\/schema.org","@graph":[{"@type":"Article","@id":"https:\/\/seinesaintdenis.fr\/actualite\/culture-patrimoine\/Litterature\/Une-pluie-de-pepites-au-salon-du-livre-jeunesse-de-Montreuil\/#article","isPartOf":{"@id":"https:\/\/seinesaintdenis.fr\/actualite\/culture-patrimoine\/Litterature\/Une-pluie-de-pepites-au-salon-du-livre-jeunesse-de-Montreuil\/"},"author":{"name":"Nicolas Le H\u00e9riss\u00e9","@id":"https:\/\/seinesaintdenis.fr\/actualite\/#\/schema\/person\/83cfb60412523dce14a752f37ae506fb"},"headline":"Une pluie de p\u00e9pites au salon du livre jeunesse de Montreuil","datePublished":"2025-11-27T08:52:23+00:00","mainEntityOfPage":{"@id":"https:\/\/seinesaintdenis.fr\/actualite\/culture-patrimoine\/Litterature\/Une-pluie-de-pepites-au-salon-du-livre-jeunesse-de-Montreuil\/"},"wordCount":12,"commentCount":0,"publisher":{"@id":"https:\/\/seinesaintdenis.fr\/actualite\/#organization"},"image":{"@id":"https:\/\/seinesaintdenis.fr\/actualite\/culture-patrimoine\/Litterature\/Une-pluie-de-pepites-au-salon-du-livre-jeunesse-de-Montreuil\/#primaryimage"},"thumbnailUrl":"https:\/\/seinesaintdenis.fr\/actualite\/wp-content\/uploads\/2025\/11\/salon-du-livre.jpg","articleSection":["Litt\u00e9rature"],"inLanguage":"fr-FR","potentialAction":[{"@type":"CommentAction","name":"Comment","target":["https:\/\/seinesaintdenis.fr\/actualite\/culture-patrimoine\/Litterature\/Une-pluie-de-pepites-au-salon-du-livre-jeunesse-de-Montreuil\/#respond"]}]},{"@type":"WebPage","@id":"https:\/\/seinesaintdenis.fr\/actualite\/culture-patrimoine\/Litterature\/Une-pluie-de-pepites-au-salon-du-livre-jeunesse-de-Montreuil\/","url":"https:\/\/seinesaintdenis.fr\/actualite\/culture-patrimoine\/Litterature\/Une-pluie-de-pepites-au-salon-du-livre-jeunesse-de-Montreuil\/","name":"Une pluie de p\u00e9pites au salon du livre jeunesse de Montreuil - Seine-Saint-Denis - L&#039;actualit\u00e9 du d\u00e9partement","isPartOf":{"@id":"https:\/\/seinesaintdenis.fr\/actualite\/#website"},"primaryImageOfPage":{"@id":"https:\/\/seinesaintdenis.fr\/actualite\/culture-patrimoine\/Litterature\/Une-pluie-de-pepites-au-salon-du-livre-jeunesse-de-Montreuil\/#primaryimage"},"image":{"@id":"https:\/\/seinesaintdenis.fr\/actualite\/culture-patrimoine\/Litterature\/Une-pluie-de-pepites-au-salon-du-livre-jeunesse-de-Montreuil\/#primaryimage"},"thumbnailUrl":"https:\/\/seinesaintdenis.fr\/actualite\/wp-content\/uploads\/2025\/11\/salon-du-livre.jpg","datePublished":"2025-11-27T08:52:23+00:00","description":"Le D\u00e9partement de la Seine-Saint-Denis est le partenaire historique du salon du livre et de la presse jeunesse qui a ouvert ses portes \u00e0 Montreuil mercredi 26 novembre. Pour lancer cette 41e \u00e9dition, le palmar\u00e8s des P\u00e9pites - prix majeur du rendez-vous litt\u00e9raire - a \u00e9t\u00e9 d\u00e9voil\u00e9. Romans, albums et BD\u00a0: des livres \u00e0 offrir ou se faire offrir \u00e0 No\u00ebl\u00a0!","breadcrumb":{"@id":"https:\/\/seinesaintdenis.fr\/actualite\/culture-patrimoine\/Litterature\/Une-pluie-de-pepites-au-salon-du-livre-jeunesse-de-Montreuil\/#breadcrumb"},"inLanguage":"fr-FR","potentialAction":[{"@type":"ReadAction","target":["https:\/\/seinesaintdenis.fr\/actualite\/culture-patrimoine\/Litterature\/Une-pluie-de-pepites-au-salon-du-livre-jeunesse-de-Montreuil\/"]}]},{"@type":"ImageObject","inLanguage":"fr-FR","@id":"https:\/\/seinesaintdenis.fr\/actualite\/culture-patrimoine\/Litterature\/Une-pluie-de-pepites-au-salon-du-livre-jeunesse-de-Montreuil\/#primaryimage","url":"https:\/\/seinesaintdenis.fr\/actualite\/wp-content\/uploads\/2025\/11\/salon-du-livre.jpg","contentUrl":"https:\/\/seinesaintdenis.fr\/actualite\/wp-content\/uploads\/2025\/11\/salon-du-livre.jpg","width":1090,"height":560,"caption":"Photo prise lors du salon du livre et de la presse jeunesse de Montreuil \u00e9dition 2025"},{"@type":"BreadcrumbList","@id":"https:\/\/seinesaintdenis.fr\/actualite\/culture-patrimoine\/Litterature\/Une-pluie-de-pepites-au-salon-du-livre-jeunesse-de-Montreuil\/#breadcrumb","itemListElement":[{"@type":"ListItem","position":1,"name":"Accueil","item":"https:\/\/seinesaintdenis.fr\/actualite\/"},{"@type":"ListItem","position":2,"name":"Culture &amp; Patrimoine","item":"https:\/\/seinesaintdenis.fr\/actualite\/culture-patrimoine\/"},{"@type":"ListItem","position":3,"name":"Litt\u00e9rature","item":"https:\/\/seinesaintdenis.fr\/actualite\/culture-patrimoine\/Litterature\/"},{"@type":"ListItem","position":4,"name":"Une pluie de p\u00e9pites au salon du livre jeunesse de Montreuil"}]},{"@type":"WebSite","@id":"https:\/\/seinesaintdenis.fr\/actualite\/#website","url":"https:\/\/seinesaintdenis.fr\/actualite\/","name":"Seine-Saint-Denis - L'actualit\u00e9 du d\u00e9partement","description":"L&#039;actualit\u00e9 du D\u00e9partement de la Seine-Saint-Denis","publisher":{"@id":"https:\/\/seinesaintdenis.fr\/actualite\/#organization"},"potentialAction":[{"@type":"SearchAction","target":{"@type":"EntryPoint","urlTemplate":"https:\/\/seinesaintdenis.fr\/actualite\/?s={search_term_string}"},"query-input":{"@type":"PropertyValueSpecification","valueRequired":true,"valueName":"search_term_string"}}],"inLanguage":"fr-FR"},{"@type":"Organization","@id":"https:\/\/seinesaintdenis.fr\/actualite\/#organization","name":"Seine-Saint-Denis - Le D\u00e9partement","url":"https:\/\/seinesaintdenis.fr\/actualite\/","logo":{"@type":"ImageObject","inLanguage":"fr-FR","@id":"https:\/\/seinesaintdenis.fr\/actualite\/#\/schema\/logo\/image\/","url":"https:\/\/seinesaintdenis.fr\/actualite\/wp-content\/uploads\/2024\/08\/logo.png","contentUrl":"https:\/\/seinesaintdenis.fr\/actualite\/wp-content\/uploads\/2024\/08\/logo.png","width":567,"height":172,"caption":"Seine-Saint-Denis - Le D\u00e9partement"},"image":{"@id":"https:\/\/seinesaintdenis.fr\/actualite\/#\/schema\/logo\/image\/"},"sameAs":["https:\/\/www.facebook.com\/seinesaintdenisledepartement","https:\/\/x.com\/seinesaintdenis","https:\/\/www.linkedin.com\/company\/seinesaintdenis","https:\/\/www.instagram.com\/seine_saint_denis\/","https:\/\/www.youtube.com\/channel\/UCR5YF9NnqiLCbnrKQgLUcIw"]},{"@type":"Person","@id":"https:\/\/seinesaintdenis.fr\/actualite\/#\/schema\/person\/83cfb60412523dce14a752f37ae506fb","name":"Nicolas Le H\u00e9riss\u00e9","image":{"@type":"ImageObject","inLanguage":"fr-FR","@id":"https:\/\/secure.gravatar.com\/avatar\/7a037480306fa242c59436a102dc6a4d72cab164610d2fc68cf59229872c6a50?s=96&d=mm&r=g","url":"https:\/\/secure.gravatar.com\/avatar\/7a037480306fa242c59436a102dc6a4d72cab164610d2fc68cf59229872c6a50?s=96&d=mm&r=g","contentUrl":"https:\/\/secure.gravatar.com\/avatar\/7a037480306fa242c59436a102dc6a4d72cab164610d2fc68cf59229872c6a50?s=96&d=mm&r=g","caption":"Nicolas Le H\u00e9riss\u00e9"},"url":"https:\/\/seinesaintdenis.fr\/actualite\/author\/nleherisse\/"}]}},"_links":{"self":[{"href":"https:\/\/seinesaintdenis.fr\/actualite\/wp-json\/wp\/v2\/posts\/30806","targetHints":{"allow":["GET"]}}],"collection":[{"href":"https:\/\/seinesaintdenis.fr\/actualite\/wp-json\/wp\/v2\/posts"}],"about":[{"href":"https:\/\/seinesaintdenis.fr\/actualite\/wp-json\/wp\/v2\/types\/post"}],"author":[{"embeddable":true,"href":"https:\/\/seinesaintdenis.fr\/actualite\/wp-json\/wp\/v2\/users\/38"}],"replies":[{"embeddable":true,"href":"https:\/\/seinesaintdenis.fr\/actualite\/wp-json\/wp\/v2\/comments?post=30806"}],"version-history":[{"count":11,"href":"https:\/\/seinesaintdenis.fr\/actualite\/wp-json\/wp\/v2\/posts\/30806\/revisions"}],"predecessor-version":[{"id":30854,"href":"https:\/\/seinesaintdenis.fr\/actualite\/wp-json\/wp\/v2\/posts\/30806\/revisions\/30854"}],"wp:featuredmedia":[{"embeddable":true,"href":"https:\/\/seinesaintdenis.fr\/actualite\/wp-json\/wp\/v2\/media\/30842"}],"wp:attachment":[{"href":"https:\/\/seinesaintdenis.fr\/actualite\/wp-json\/wp\/v2\/media?parent=30806"}],"wp:term":[{"taxonomy":"category","embeddable":true,"href":"https:\/\/seinesaintdenis.fr\/actualite\/wp-json\/wp\/v2\/categories?post=30806"},{"taxonomy":"ville","embeddable":true,"href":"https:\/\/seinesaintdenis.fr\/actualite\/wp-json\/wp\/v2\/ville?post=30806"}],"curies":[{"name":"wp","href":"https:\/\/api.w.org\/{rel}","templated":true}]}}