{"id":30018,"date":"2025-10-29T09:52:42","date_gmt":"2025-10-29T08:52:42","guid":{"rendered":"https:\/\/seinesaintdenis.fr\/actualite\/?p=30018"},"modified":"2025-10-29T09:52:42","modified_gmt":"2025-10-29T08:52:42","slug":"Avec-Nassira-Konde-Barbie-se-met-au-rugby","status":"publish","type":"post","link":"https:\/\/seinesaintdenis.fr\/actualite\/sport-loisirs\/Sport\/Avec-Nassira-Konde-Barbie-se-met-au-rugby\/","title":{"rendered":"Avec Nassira Konde, Barbie se met au rugby"},"content":{"rendered":"","protected":false},"excerpt":{"rendered":"","protected":false},"author":38,"featured_media":30027,"comment_status":"open","ping_status":"open","sticky":false,"template":"","format":"standard","meta":{"_acf_changed":false,"footnotes":""},"categories":[1],"ville":[59,63],"class_list":["post-30018","post","type-post","status-publish","format-standard","has-post-thumbnail","hentry","category-Sport"],"acf":[],"yoast_head":"<!-- This site is optimized with the Yoast SEO plugin v27.5 - https:\/\/yoast.com\/product\/yoast-seo-wordpress\/ -->\n<title>Avec Nassira Konde, Barbie se met au rugby - Seine-Saint-Denis - L&#039;actualit\u00e9 du d\u00e9partement<\/title>\n<meta name=\"description\" content=\"\u00c0 26 ans, la p\u00e9pite du rugby f\u00e9minin native de Bondy et ayant grandi \u00e0 Aulnay-sous-Bois a \u00e9t\u00e9 honor\u00e9e avec une poup\u00e9e Barbie \u00e0 son effigie. Ex-licenci\u00e9e \u00e0 l\u2019AC Bobigny, aujourd\u2019hui joueuse du XV de France et du Stade Bordelais, Nassira Konde dit sa fiert\u00e9 et le symbole que cela repr\u00e9sente. La m\u00e9daill\u00e9e d\u2019argent aux JO de Tokyo nous a consacr\u00e9 un moment.\" \/>\n<meta name=\"robots\" content=\"index, follow, max-snippet:-1, max-image-preview:large, max-video-preview:-1\" \/>\n<link rel=\"canonical\" href=\"https:\/\/seinesaintdenis.fr\/actualite\/sport-loisirs\/Sport\/Avec-Nassira-Konde-Barbie-se-met-au-rugby\/\" \/>\n<meta property=\"og:locale\" content=\"fr_FR\" \/>\n<meta property=\"og:type\" content=\"article\" \/>\n<meta property=\"og:title\" content=\"Avec Nassira Konde, Barbie se met au rugby - Seine-Saint-Denis - L&#039;actualit\u00e9 du d\u00e9partement\" \/>\n<meta property=\"og:description\" content=\"\u00c0 26 ans, la p\u00e9pite du rugby f\u00e9minin native de Bondy et ayant grandi \u00e0 Aulnay-sous-Bois a \u00e9t\u00e9 honor\u00e9e avec une poup\u00e9e Barbie \u00e0 son effigie. Ex-licenci\u00e9e \u00e0 l\u2019AC Bobigny, aujourd\u2019hui joueuse du XV de France et du Stade Bordelais, Nassira Konde dit sa fiert\u00e9 et le symbole que cela repr\u00e9sente. La m\u00e9daill\u00e9e d\u2019argent aux JO de Tokyo nous a consacr\u00e9 un moment.\" \/>\n<meta property=\"og:url\" content=\"https:\/\/seinesaintdenis.fr\/actualite\/sport-loisirs\/Sport\/Avec-Nassira-Konde-Barbie-se-met-au-rugby\/\" \/>\n<meta property=\"og:site_name\" content=\"Seine-Saint-Denis - L&#039;actualit\u00e9 du d\u00e9partement\" \/>\n<meta property=\"article:publisher\" content=\"https:\/\/www.facebook.com\/seinesaintdenisledepartement\" \/>\n<meta property=\"article:published_time\" content=\"2025-10-29T08:52:42+00:00\" \/>\n<meta property=\"og:image\" content=\"https:\/\/seinesaintdenis.fr\/actualite\/wp-content\/uploads\/2025\/10\/nassira.jpg\" \/>\n\t<meta property=\"og:image:width\" content=\"1090\" \/>\n\t<meta property=\"og:image:height\" content=\"560\" \/>\n\t<meta property=\"og:image:type\" content=\"image\/jpeg\" \/>\n<meta name=\"author\" content=\"Nicolas Le H\u00e9riss\u00e9\" \/>\n<meta name=\"twitter:card\" content=\"summary_large_image\" \/>\n<meta name=\"twitter:creator\" content=\"@seinesaintdenis\" \/>\n<meta name=\"twitter:site\" content=\"@seinesaintdenis\" \/>\n<meta name=\"twitter:label1\" content=\"\u00c9crit par\" \/>\n\t<meta name=\"twitter:data1\" content=\"Nicolas Le H\u00e9riss\u00e9\" \/>\n\t<meta name=\"twitter:label2\" content=\"Dur\u00e9e de lecture estim\u00e9e\" \/>\n\t<meta name=\"twitter:data2\" content=\"1 minute\" \/>\n<script type=\"application\/ld+json\" class=\"yoast-schema-graph\">{\"@context\":\"https:\\\/\\\/schema.org\",\"@graph\":[{\"@type\":\"Article\",\"@id\":\"https:\\\/\\\/seinesaintdenis.fr\\\/actualite\\\/sport-loisirs\\\/Sport\\\/Avec-Nassira-Konde-Barbie-se-met-au-rugby\\\/#article\",\"isPartOf\":{\"@id\":\"https:\\\/\\\/seinesaintdenis.fr\\\/actualite\\\/sport-loisirs\\\/Sport\\\/Avec-Nassira-Konde-Barbie-se-met-au-rugby\\\/\"},\"author\":{\"name\":\"Nicolas Le H\u00e9riss\u00e9\",\"@id\":\"https:\\\/\\\/seinesaintdenis.fr\\\/actualite\\\/#\\\/schema\\\/person\\\/83cfb60412523dce14a752f37ae506fb\"},\"headline\":\"Avec Nassira Konde, Barbie se met au rugby\",\"datePublished\":\"2025-10-29T08:52:42+00:00\",\"mainEntityOfPage\":{\"@id\":\"https:\\\/\\\/seinesaintdenis.fr\\\/actualite\\\/sport-loisirs\\\/Sport\\\/Avec-Nassira-Konde-Barbie-se-met-au-rugby\\\/\"},\"wordCount\":8,\"commentCount\":0,\"publisher\":{\"@id\":\"https:\\\/\\\/seinesaintdenis.fr\\\/actualite\\\/#organization\"},\"image\":{\"@id\":\"https:\\\/\\\/seinesaintdenis.fr\\\/actualite\\\/sport-loisirs\\\/Sport\\\/Avec-Nassira-Konde-Barbie-se-met-au-rugby\\\/#primaryimage\"},\"thumbnailUrl\":\"https:\\\/\\\/seinesaintdenis.fr\\\/actualite\\\/wp-content\\\/uploads\\\/2025\\\/10\\\/nassira.jpg\",\"articleSection\":[\"Sport\"],\"inLanguage\":\"fr-FR\",\"potentialAction\":[{\"@type\":\"CommentAction\",\"name\":\"Comment\",\"target\":[\"https:\\\/\\\/seinesaintdenis.fr\\\/actualite\\\/sport-loisirs\\\/Sport\\\/Avec-Nassira-Konde-Barbie-se-met-au-rugby\\\/#respond\"]}]},{\"@type\":\"WebPage\",\"@id\":\"https:\\\/\\\/seinesaintdenis.fr\\\/actualite\\\/sport-loisirs\\\/Sport\\\/Avec-Nassira-Konde-Barbie-se-met-au-rugby\\\/\",\"url\":\"https:\\\/\\\/seinesaintdenis.fr\\\/actualite\\\/sport-loisirs\\\/Sport\\\/Avec-Nassira-Konde-Barbie-se-met-au-rugby\\\/\",\"name\":\"Avec Nassira Konde, Barbie se met au rugby - Seine-Saint-Denis - L&#039;actualit\u00e9 du d\u00e9partement\",\"isPartOf\":{\"@id\":\"https:\\\/\\\/seinesaintdenis.fr\\\/actualite\\\/#website\"},\"primaryImageOfPage\":{\"@id\":\"https:\\\/\\\/seinesaintdenis.fr\\\/actualite\\\/sport-loisirs\\\/Sport\\\/Avec-Nassira-Konde-Barbie-se-met-au-rugby\\\/#primaryimage\"},\"image\":{\"@id\":\"https:\\\/\\\/seinesaintdenis.fr\\\/actualite\\\/sport-loisirs\\\/Sport\\\/Avec-Nassira-Konde-Barbie-se-met-au-rugby\\\/#primaryimage\"},\"thumbnailUrl\":\"https:\\\/\\\/seinesaintdenis.fr\\\/actualite\\\/wp-content\\\/uploads\\\/2025\\\/10\\\/nassira.jpg\",\"datePublished\":\"2025-10-29T08:52:42+00:00\",\"description\":\"\u00c0 26 ans, la p\u00e9pite du rugby f\u00e9minin native de Bondy et ayant grandi \u00e0 Aulnay-sous-Bois a \u00e9t\u00e9 honor\u00e9e avec une poup\u00e9e Barbie \u00e0 son effigie. Ex-licenci\u00e9e \u00e0 l\u2019AC Bobigny, aujourd\u2019hui joueuse du XV de France et du Stade Bordelais, Nassira Konde dit sa fiert\u00e9 et le symbole que cela repr\u00e9sente. La m\u00e9daill\u00e9e d\u2019argent aux JO de Tokyo nous a consacr\u00e9 un moment.\",\"breadcrumb\":{\"@id\":\"https:\\\/\\\/seinesaintdenis.fr\\\/actualite\\\/sport-loisirs\\\/Sport\\\/Avec-Nassira-Konde-Barbie-se-met-au-rugby\\\/#breadcrumb\"},\"inLanguage\":\"fr-FR\",\"potentialAction\":[{\"@type\":\"ReadAction\",\"target\":[\"https:\\\/\\\/seinesaintdenis.fr\\\/actualite\\\/sport-loisirs\\\/Sport\\\/Avec-Nassira-Konde-Barbie-se-met-au-rugby\\\/\"]}]},{\"@type\":\"ImageObject\",\"inLanguage\":\"fr-FR\",\"@id\":\"https:\\\/\\\/seinesaintdenis.fr\\\/actualite\\\/sport-loisirs\\\/Sport\\\/Avec-Nassira-Konde-Barbie-se-met-au-rugby\\\/#primaryimage\",\"url\":\"https:\\\/\\\/seinesaintdenis.fr\\\/actualite\\\/wp-content\\\/uploads\\\/2025\\\/10\\\/nassira.jpg\",\"contentUrl\":\"https:\\\/\\\/seinesaintdenis.fr\\\/actualite\\\/wp-content\\\/uploads\\\/2025\\\/10\\\/nassira.jpg\",\"width\":1090,\"height\":560,\"caption\":\"Nassira Konde\"},{\"@type\":\"BreadcrumbList\",\"@id\":\"https:\\\/\\\/seinesaintdenis.fr\\\/actualite\\\/sport-loisirs\\\/Sport\\\/Avec-Nassira-Konde-Barbie-se-met-au-rugby\\\/#breadcrumb\",\"itemListElement\":[{\"@type\":\"ListItem\",\"position\":1,\"name\":\"Accueil\",\"item\":\"https:\\\/\\\/seinesaintdenis.fr\\\/actualite\\\/\"},{\"@type\":\"ListItem\",\"position\":2,\"name\":\"Sport &amp; Loisirs\",\"item\":\"https:\\\/\\\/seinesaintdenis.fr\\\/actualite\\\/sport-loisirs\\\/\"},{\"@type\":\"ListItem\",\"position\":3,\"name\":\"Sport\",\"item\":\"https:\\\/\\\/seinesaintdenis.fr\\\/actualite\\\/sport-loisirs\\\/boxe\\\/Sport\\\/\"},{\"@type\":\"ListItem\",\"position\":4,\"name\":\"Avec Nassira Konde, Barbie se met au rugby\"}]},{\"@type\":\"WebSite\",\"@id\":\"https:\\\/\\\/seinesaintdenis.fr\\\/actualite\\\/#website\",\"url\":\"https:\\\/\\\/seinesaintdenis.fr\\\/actualite\\\/\",\"name\":\"Seine-Saint-Denis - L'actualit\u00e9 du d\u00e9partement\",\"description\":\"L&#039;actualit\u00e9 du D\u00e9partement de la Seine-Saint-Denis\",\"publisher\":{\"@id\":\"https:\\\/\\\/seinesaintdenis.fr\\\/actualite\\\/#organization\"},\"potentialAction\":[{\"@type\":\"SearchAction\",\"target\":{\"@type\":\"EntryPoint\",\"urlTemplate\":\"https:\\\/\\\/seinesaintdenis.fr\\\/actualite\\\/?s={search_term_string}\"},\"query-input\":{\"@type\":\"PropertyValueSpecification\",\"valueRequired\":true,\"valueName\":\"search_term_string\"}}],\"inLanguage\":\"fr-FR\"},{\"@type\":\"Organization\",\"@id\":\"https:\\\/\\\/seinesaintdenis.fr\\\/actualite\\\/#organization\",\"name\":\"Seine-Saint-Denis - Le D\u00e9partement\",\"url\":\"https:\\\/\\\/seinesaintdenis.fr\\\/actualite\\\/\",\"logo\":{\"@type\":\"ImageObject\",\"inLanguage\":\"fr-FR\",\"@id\":\"https:\\\/\\\/seinesaintdenis.fr\\\/actualite\\\/#\\\/schema\\\/logo\\\/image\\\/\",\"url\":\"https:\\\/\\\/seinesaintdenis.fr\\\/actualite\\\/wp-content\\\/uploads\\\/2024\\\/08\\\/logo.png\",\"contentUrl\":\"https:\\\/\\\/seinesaintdenis.fr\\\/actualite\\\/wp-content\\\/uploads\\\/2024\\\/08\\\/logo.png\",\"width\":567,\"height\":172,\"caption\":\"Seine-Saint-Denis - Le D\u00e9partement\"},\"image\":{\"@id\":\"https:\\\/\\\/seinesaintdenis.fr\\\/actualite\\\/#\\\/schema\\\/logo\\\/image\\\/\"},\"sameAs\":[\"https:\\\/\\\/www.facebook.com\\\/seinesaintdenisledepartement\",\"https:\\\/\\\/x.com\\\/seinesaintdenis\",\"https:\\\/\\\/www.linkedin.com\\\/company\\\/seinesaintdenis\",\"https:\\\/\\\/www.instagram.com\\\/seine_saint_denis\\\/\",\"https:\\\/\\\/www.youtube.com\\\/channel\\\/UCR5YF9NnqiLCbnrKQgLUcIw\"]},{\"@type\":\"Person\",\"@id\":\"https:\\\/\\\/seinesaintdenis.fr\\\/actualite\\\/#\\\/schema\\\/person\\\/83cfb60412523dce14a752f37ae506fb\",\"name\":\"Nicolas Le H\u00e9riss\u00e9\",\"image\":{\"@type\":\"ImageObject\",\"inLanguage\":\"fr-FR\",\"@id\":\"https:\\\/\\\/secure.gravatar.com\\\/avatar\\\/7a037480306fa242c59436a102dc6a4d72cab164610d2fc68cf59229872c6a50?s=96&d=mm&r=g\",\"url\":\"https:\\\/\\\/secure.gravatar.com\\\/avatar\\\/7a037480306fa242c59436a102dc6a4d72cab164610d2fc68cf59229872c6a50?s=96&d=mm&r=g\",\"contentUrl\":\"https:\\\/\\\/secure.gravatar.com\\\/avatar\\\/7a037480306fa242c59436a102dc6a4d72cab164610d2fc68cf59229872c6a50?s=96&d=mm&r=g\",\"caption\":\"Nicolas Le H\u00e9riss\u00e9\"},\"url\":\"https:\\\/\\\/seinesaintdenis.fr\\\/actualite\\\/author\\\/nleherisse\\\/\"}]}<\/script>\n<!-- \/ Yoast SEO plugin. -->","yoast_head_json":{"title":"Avec Nassira Konde, Barbie se met au rugby - Seine-Saint-Denis - L&#039;actualit\u00e9 du d\u00e9partement","description":"\u00c0 26 ans, la p\u00e9pite du rugby f\u00e9minin native de Bondy et ayant grandi \u00e0 Aulnay-sous-Bois a \u00e9t\u00e9 honor\u00e9e avec une poup\u00e9e Barbie \u00e0 son effigie. Ex-licenci\u00e9e \u00e0 l\u2019AC Bobigny, aujourd\u2019hui joueuse du XV de France et du Stade Bordelais, Nassira Konde dit sa fiert\u00e9 et le symbole que cela repr\u00e9sente. La m\u00e9daill\u00e9e d\u2019argent aux JO de Tokyo nous a consacr\u00e9 un moment.","robots":{"index":"index","follow":"follow","max-snippet":"max-snippet:-1","max-image-preview":"max-image-preview:large","max-video-preview":"max-video-preview:-1"},"canonical":"https:\/\/seinesaintdenis.fr\/actualite\/sport-loisirs\/Sport\/Avec-Nassira-Konde-Barbie-se-met-au-rugby\/","og_locale":"fr_FR","og_type":"article","og_title":"Avec Nassira Konde, Barbie se met au rugby - Seine-Saint-Denis - L&#039;actualit\u00e9 du d\u00e9partement","og_description":"\u00c0 26 ans, la p\u00e9pite du rugby f\u00e9minin native de Bondy et ayant grandi \u00e0 Aulnay-sous-Bois a \u00e9t\u00e9 honor\u00e9e avec une poup\u00e9e Barbie \u00e0 son effigie. Ex-licenci\u00e9e \u00e0 l\u2019AC Bobigny, aujourd\u2019hui joueuse du XV de France et du Stade Bordelais, Nassira Konde dit sa fiert\u00e9 et le symbole que cela repr\u00e9sente. La m\u00e9daill\u00e9e d\u2019argent aux JO de Tokyo nous a consacr\u00e9 un moment.","og_url":"https:\/\/seinesaintdenis.fr\/actualite\/sport-loisirs\/Sport\/Avec-Nassira-Konde-Barbie-se-met-au-rugby\/","og_site_name":"Seine-Saint-Denis - L&#039;actualit\u00e9 du d\u00e9partement","article_publisher":"https:\/\/www.facebook.com\/seinesaintdenisledepartement","article_published_time":"2025-10-29T08:52:42+00:00","og_image":[{"width":1090,"height":560,"url":"https:\/\/seinesaintdenis.fr\/actualite\/wp-content\/uploads\/2025\/10\/nassira.jpg","type":"image\/jpeg"}],"author":"Nicolas Le H\u00e9riss\u00e9","twitter_card":"summary_large_image","twitter_creator":"@seinesaintdenis","twitter_site":"@seinesaintdenis","twitter_misc":{"\u00c9crit par":"Nicolas Le H\u00e9riss\u00e9","Dur\u00e9e de lecture estim\u00e9e":"1 minute"},"schema":{"@context":"https:\/\/schema.org","@graph":[{"@type":"Article","@id":"https:\/\/seinesaintdenis.fr\/actualite\/sport-loisirs\/Sport\/Avec-Nassira-Konde-Barbie-se-met-au-rugby\/#article","isPartOf":{"@id":"https:\/\/seinesaintdenis.fr\/actualite\/sport-loisirs\/Sport\/Avec-Nassira-Konde-Barbie-se-met-au-rugby\/"},"author":{"name":"Nicolas Le H\u00e9riss\u00e9","@id":"https:\/\/seinesaintdenis.fr\/actualite\/#\/schema\/person\/83cfb60412523dce14a752f37ae506fb"},"headline":"Avec Nassira Konde, Barbie se met au rugby","datePublished":"2025-10-29T08:52:42+00:00","mainEntityOfPage":{"@id":"https:\/\/seinesaintdenis.fr\/actualite\/sport-loisirs\/Sport\/Avec-Nassira-Konde-Barbie-se-met-au-rugby\/"},"wordCount":8,"commentCount":0,"publisher":{"@id":"https:\/\/seinesaintdenis.fr\/actualite\/#organization"},"image":{"@id":"https:\/\/seinesaintdenis.fr\/actualite\/sport-loisirs\/Sport\/Avec-Nassira-Konde-Barbie-se-met-au-rugby\/#primaryimage"},"thumbnailUrl":"https:\/\/seinesaintdenis.fr\/actualite\/wp-content\/uploads\/2025\/10\/nassira.jpg","articleSection":["Sport"],"inLanguage":"fr-FR","potentialAction":[{"@type":"CommentAction","name":"Comment","target":["https:\/\/seinesaintdenis.fr\/actualite\/sport-loisirs\/Sport\/Avec-Nassira-Konde-Barbie-se-met-au-rugby\/#respond"]}]},{"@type":"WebPage","@id":"https:\/\/seinesaintdenis.fr\/actualite\/sport-loisirs\/Sport\/Avec-Nassira-Konde-Barbie-se-met-au-rugby\/","url":"https:\/\/seinesaintdenis.fr\/actualite\/sport-loisirs\/Sport\/Avec-Nassira-Konde-Barbie-se-met-au-rugby\/","name":"Avec Nassira Konde, Barbie se met au rugby - Seine-Saint-Denis - L&#039;actualit\u00e9 du d\u00e9partement","isPartOf":{"@id":"https:\/\/seinesaintdenis.fr\/actualite\/#website"},"primaryImageOfPage":{"@id":"https:\/\/seinesaintdenis.fr\/actualite\/sport-loisirs\/Sport\/Avec-Nassira-Konde-Barbie-se-met-au-rugby\/#primaryimage"},"image":{"@id":"https:\/\/seinesaintdenis.fr\/actualite\/sport-loisirs\/Sport\/Avec-Nassira-Konde-Barbie-se-met-au-rugby\/#primaryimage"},"thumbnailUrl":"https:\/\/seinesaintdenis.fr\/actualite\/wp-content\/uploads\/2025\/10\/nassira.jpg","datePublished":"2025-10-29T08:52:42+00:00","description":"\u00c0 26 ans, la p\u00e9pite du rugby f\u00e9minin native de Bondy et ayant grandi \u00e0 Aulnay-sous-Bois a \u00e9t\u00e9 honor\u00e9e avec une poup\u00e9e Barbie \u00e0 son effigie. Ex-licenci\u00e9e \u00e0 l\u2019AC Bobigny, aujourd\u2019hui joueuse du XV de France et du Stade Bordelais, Nassira Konde dit sa fiert\u00e9 et le symbole que cela repr\u00e9sente. La m\u00e9daill\u00e9e d\u2019argent aux JO de Tokyo nous a consacr\u00e9 un moment.","breadcrumb":{"@id":"https:\/\/seinesaintdenis.fr\/actualite\/sport-loisirs\/Sport\/Avec-Nassira-Konde-Barbie-se-met-au-rugby\/#breadcrumb"},"inLanguage":"fr-FR","potentialAction":[{"@type":"ReadAction","target":["https:\/\/seinesaintdenis.fr\/actualite\/sport-loisirs\/Sport\/Avec-Nassira-Konde-Barbie-se-met-au-rugby\/"]}]},{"@type":"ImageObject","inLanguage":"fr-FR","@id":"https:\/\/seinesaintdenis.fr\/actualite\/sport-loisirs\/Sport\/Avec-Nassira-Konde-Barbie-se-met-au-rugby\/#primaryimage","url":"https:\/\/seinesaintdenis.fr\/actualite\/wp-content\/uploads\/2025\/10\/nassira.jpg","contentUrl":"https:\/\/seinesaintdenis.fr\/actualite\/wp-content\/uploads\/2025\/10\/nassira.jpg","width":1090,"height":560,"caption":"Nassira Konde"},{"@type":"BreadcrumbList","@id":"https:\/\/seinesaintdenis.fr\/actualite\/sport-loisirs\/Sport\/Avec-Nassira-Konde-Barbie-se-met-au-rugby\/#breadcrumb","itemListElement":[{"@type":"ListItem","position":1,"name":"Accueil","item":"https:\/\/seinesaintdenis.fr\/actualite\/"},{"@type":"ListItem","position":2,"name":"Sport &amp; Loisirs","item":"https:\/\/seinesaintdenis.fr\/actualite\/sport-loisirs\/"},{"@type":"ListItem","position":3,"name":"Sport","item":"https:\/\/seinesaintdenis.fr\/actualite\/sport-loisirs\/boxe\/Sport\/"},{"@type":"ListItem","position":4,"name":"Avec Nassira Konde, Barbie se met au rugby"}]},{"@type":"WebSite","@id":"https:\/\/seinesaintdenis.fr\/actualite\/#website","url":"https:\/\/seinesaintdenis.fr\/actualite\/","name":"Seine-Saint-Denis - L'actualit\u00e9 du d\u00e9partement","description":"L&#039;actualit\u00e9 du D\u00e9partement de la Seine-Saint-Denis","publisher":{"@id":"https:\/\/seinesaintdenis.fr\/actualite\/#organization"},"potentialAction":[{"@type":"SearchAction","target":{"@type":"EntryPoint","urlTemplate":"https:\/\/seinesaintdenis.fr\/actualite\/?s={search_term_string}"},"query-input":{"@type":"PropertyValueSpecification","valueRequired":true,"valueName":"search_term_string"}}],"inLanguage":"fr-FR"},{"@type":"Organization","@id":"https:\/\/seinesaintdenis.fr\/actualite\/#organization","name":"Seine-Saint-Denis - Le D\u00e9partement","url":"https:\/\/seinesaintdenis.fr\/actualite\/","logo":{"@type":"ImageObject","inLanguage":"fr-FR","@id":"https:\/\/seinesaintdenis.fr\/actualite\/#\/schema\/logo\/image\/","url":"https:\/\/seinesaintdenis.fr\/actualite\/wp-content\/uploads\/2024\/08\/logo.png","contentUrl":"https:\/\/seinesaintdenis.fr\/actualite\/wp-content\/uploads\/2024\/08\/logo.png","width":567,"height":172,"caption":"Seine-Saint-Denis - Le D\u00e9partement"},"image":{"@id":"https:\/\/seinesaintdenis.fr\/actualite\/#\/schema\/logo\/image\/"},"sameAs":["https:\/\/www.facebook.com\/seinesaintdenisledepartement","https:\/\/x.com\/seinesaintdenis","https:\/\/www.linkedin.com\/company\/seinesaintdenis","https:\/\/www.instagram.com\/seine_saint_denis\/","https:\/\/www.youtube.com\/channel\/UCR5YF9NnqiLCbnrKQgLUcIw"]},{"@type":"Person","@id":"https:\/\/seinesaintdenis.fr\/actualite\/#\/schema\/person\/83cfb60412523dce14a752f37ae506fb","name":"Nicolas Le H\u00e9riss\u00e9","image":{"@type":"ImageObject","inLanguage":"fr-FR","@id":"https:\/\/secure.gravatar.com\/avatar\/7a037480306fa242c59436a102dc6a4d72cab164610d2fc68cf59229872c6a50?s=96&d=mm&r=g","url":"https:\/\/secure.gravatar.com\/avatar\/7a037480306fa242c59436a102dc6a4d72cab164610d2fc68cf59229872c6a50?s=96&d=mm&r=g","contentUrl":"https:\/\/secure.gravatar.com\/avatar\/7a037480306fa242c59436a102dc6a4d72cab164610d2fc68cf59229872c6a50?s=96&d=mm&r=g","caption":"Nicolas Le H\u00e9riss\u00e9"},"url":"https:\/\/seinesaintdenis.fr\/actualite\/author\/nleherisse\/"}]}},"_links":{"self":[{"href":"https:\/\/seinesaintdenis.fr\/actualite\/wp-json\/wp\/v2\/posts\/30018","targetHints":{"allow":["GET"]}}],"collection":[{"href":"https:\/\/seinesaintdenis.fr\/actualite\/wp-json\/wp\/v2\/posts"}],"about":[{"href":"https:\/\/seinesaintdenis.fr\/actualite\/wp-json\/wp\/v2\/types\/post"}],"author":[{"embeddable":true,"href":"https:\/\/seinesaintdenis.fr\/actualite\/wp-json\/wp\/v2\/users\/38"}],"replies":[{"embeddable":true,"href":"https:\/\/seinesaintdenis.fr\/actualite\/wp-json\/wp\/v2\/comments?post=30018"}],"version-history":[{"count":30,"href":"https:\/\/seinesaintdenis.fr\/actualite\/wp-json\/wp\/v2\/posts\/30018\/revisions"}],"predecessor-version":[{"id":30111,"href":"https:\/\/seinesaintdenis.fr\/actualite\/wp-json\/wp\/v2\/posts\/30018\/revisions\/30111"}],"wp:featuredmedia":[{"embeddable":true,"href":"https:\/\/seinesaintdenis.fr\/actualite\/wp-json\/wp\/v2\/media\/30027"}],"wp:attachment":[{"href":"https:\/\/seinesaintdenis.fr\/actualite\/wp-json\/wp\/v2\/media?parent=30018"}],"wp:term":[{"taxonomy":"category","embeddable":true,"href":"https:\/\/seinesaintdenis.fr\/actualite\/wp-json\/wp\/v2\/categories?post=30018"},{"taxonomy":"ville","embeddable":true,"href":"https:\/\/seinesaintdenis.fr\/actualite\/wp-json\/wp\/v2\/ville?post=30018"}],"curies":[{"name":"wp","href":"https:\/\/api.w.org\/{rel}","templated":true}]}}