{"id":2949,"date":"2023-05-25T07:59:54","date_gmt":"2023-05-25T07:59:54","guid":{"rendered":"https:\/\/seinesaintdenis.fr\/actualite\/?p=2949"},"modified":"2025-07-01T16:34:25","modified_gmt":"2025-07-01T14:34:25","slug":"Farid-Beziouen-%c2%ab-Tant-que-mon-corps-suit-je-continuerai-a-jouer-%c2%bb","status":"publish","type":"post","link":"https:\/\/seinesaintdenis.fr\/actualite\/sport-loisirs\/Farid-Beziouen-%c2%ab-Tant-que-mon-corps-suit-je-continuerai-a-jouer-%c2%bb\/","title":{"rendered":"Farid Beziouen : \u00ab Tant que mon corps suit, je continuerai \u00e0 jouer \u00bb"},"content":{"rendered":"","protected":false},"excerpt":{"rendered":"","protected":false},"author":26,"featured_media":2957,"comment_status":"open","ping_status":"open","sticky":false,"template":"","format":"standard","meta":{"_acf_changed":false,"footnotes":""},"categories":[10],"ville":[62],"class_list":["post-2949","post","type-post","status-publish","format-standard","has-post-thumbnail","hentry","category-sport-loisirs"],"acf":[],"yoast_head":"<!-- This site is optimized with the Yoast SEO plugin v27.5 - https:\/\/yoast.com\/product\/yoast-seo-wordpress\/ -->\n<title>Farid Beziouen : \u00ab Tant que mon corps suit, je continuerai \u00e0 jouer \u00bb - Seine-Saint-Denis - L&#039;actualit\u00e9 du d\u00e9partement<\/title>\n<meta name=\"description\" content=\"Apr\u00e8s sa d\u00e9faite \u00e0 domicile face \u00e0 Epinal, le Football Club 93 Bobigny-Bagnolet-Gagny n&#039;est plus en lice pour la mont\u00e9e. Une tr\u00e8s belle saison malgr\u00e9 tout, que le club doit en partie \u00e0 son joueur vedette et meilleur buteur de N2, Farid Beziouen, auteur de 19 buts et 10 passes d\u00e9cisives en 28 rencontres. D\u00e9couvrez son interview.\" \/>\n<meta name=\"robots\" content=\"index, follow, max-snippet:-1, max-image-preview:large, max-video-preview:-1\" \/>\n<link rel=\"canonical\" href=\"https:\/\/seinesaintdenis.fr\/actualite\/sport-loisirs\/Farid-Beziouen-\u00ab-Tant-que-mon-corps-suit-je-continuerai-a-jouer-\u00bb\/\" \/>\n<meta property=\"og:locale\" content=\"fr_FR\" \/>\n<meta property=\"og:type\" content=\"article\" \/>\n<meta property=\"og:title\" content=\"Farid Beziouen : \u00ab Tant que mon corps suit, je continuerai \u00e0 jouer \u00bb - Seine-Saint-Denis - L&#039;actualit\u00e9 du d\u00e9partement\" \/>\n<meta property=\"og:description\" content=\"Apr\u00e8s sa d\u00e9faite \u00e0 domicile face \u00e0 Epinal, le Football Club 93 Bobigny-Bagnolet-Gagny n&#039;est plus en lice pour la mont\u00e9e. Une tr\u00e8s belle saison malgr\u00e9 tout, que le club doit en partie \u00e0 son joueur vedette et meilleur buteur de N2, Farid Beziouen, auteur de 19 buts et 10 passes d\u00e9cisives en 28 rencontres. D\u00e9couvrez son interview.\" \/>\n<meta property=\"og:url\" content=\"https:\/\/seinesaintdenis.fr\/actualite\/sport-loisirs\/Farid-Beziouen-\u00ab-Tant-que-mon-corps-suit-je-continuerai-a-jouer-\u00bb\/\" \/>\n<meta property=\"og:site_name\" content=\"Seine-Saint-Denis - L&#039;actualit\u00e9 du d\u00e9partement\" \/>\n<meta property=\"article:publisher\" content=\"https:\/\/www.facebook.com\/seinesaintdenisledepartement\" \/>\n<meta property=\"article:published_time\" content=\"2023-05-25T07:59:54+00:00\" \/>\n<meta property=\"article:modified_time\" content=\"2025-07-01T14:34:25+00:00\" \/>\n<meta property=\"og:image\" content=\"https:\/\/seinesaintdenis.fr\/actualite\/wp-content\/uploads\/2023\/05\/farid-beziouen.png\" \/>\n\t<meta property=\"og:image:width\" content=\"1090\" \/>\n\t<meta property=\"og:image:height\" content=\"560\" \/>\n\t<meta property=\"og:image:type\" content=\"image\/png\" \/>\n<meta name=\"author\" content=\"Gr\u00e9goire Remund\" \/>\n<meta name=\"twitter:card\" content=\"summary_large_image\" \/>\n<meta name=\"twitter:creator\" content=\"@seinesaintdenis\" \/>\n<meta name=\"twitter:site\" content=\"@seinesaintdenis\" \/>\n<meta name=\"twitter:label1\" content=\"\u00c9crit par\" \/>\n\t<meta name=\"twitter:data1\" content=\"Gr\u00e9goire Remund\" \/>\n\t<meta name=\"twitter:label2\" content=\"Dur\u00e9e de lecture estim\u00e9e\" \/>\n\t<meta name=\"twitter:data2\" content=\"1 minute\" \/>\n<script type=\"application\/ld+json\" class=\"yoast-schema-graph\">{\"@context\":\"https:\\\/\\\/schema.org\",\"@graph\":[{\"@type\":\"Article\",\"@id\":\"https:\\\/\\\/seinesaintdenis.fr\\\/actualite\\\/sport-loisirs\\\/Farid-Beziouen-%c2%ab-Tant-que-mon-corps-suit-je-continuerai-a-jouer-%c2%bb\\\/#article\",\"isPartOf\":{\"@id\":\"https:\\\/\\\/seinesaintdenis.fr\\\/actualite\\\/sport-loisirs\\\/Farid-Beziouen-%c2%ab-Tant-que-mon-corps-suit-je-continuerai-a-jouer-%c2%bb\\\/\"},\"author\":{\"name\":\"Gr\u00e9goire Remund\",\"@id\":\"https:\\\/\\\/seinesaintdenis.fr\\\/actualite\\\/#\\\/schema\\\/person\\\/58432d2a0f20db4c094bf3cf2bdf6fc6\"},\"headline\":\"Farid Beziouen : \u00ab Tant que mon corps suit, je continuerai \u00e0 jouer \u00bb\",\"datePublished\":\"2023-05-25T07:59:54+00:00\",\"dateModified\":\"2025-07-01T14:34:25+00:00\",\"mainEntityOfPage\":{\"@id\":\"https:\\\/\\\/seinesaintdenis.fr\\\/actualite\\\/sport-loisirs\\\/Farid-Beziouen-%c2%ab-Tant-que-mon-corps-suit-je-continuerai-a-jouer-%c2%bb\\\/\"},\"wordCount\":10,\"commentCount\":0,\"publisher\":{\"@id\":\"https:\\\/\\\/seinesaintdenis.fr\\\/actualite\\\/#organization\"},\"image\":{\"@id\":\"https:\\\/\\\/seinesaintdenis.fr\\\/actualite\\\/sport-loisirs\\\/Farid-Beziouen-%c2%ab-Tant-que-mon-corps-suit-je-continuerai-a-jouer-%c2%bb\\\/#primaryimage\"},\"thumbnailUrl\":\"https:\\\/\\\/seinesaintdenis.fr\\\/actualite\\\/wp-content\\\/uploads\\\/2023\\\/05\\\/farid-beziouen.png\",\"articleSection\":[\"Sport &amp; Loisirs\"],\"inLanguage\":\"fr-FR\",\"potentialAction\":[{\"@type\":\"CommentAction\",\"name\":\"Comment\",\"target\":[\"https:\\\/\\\/seinesaintdenis.fr\\\/actualite\\\/sport-loisirs\\\/Farid-Beziouen-%c2%ab-Tant-que-mon-corps-suit-je-continuerai-a-jouer-%c2%bb\\\/#respond\"]}]},{\"@type\":\"WebPage\",\"@id\":\"https:\\\/\\\/seinesaintdenis.fr\\\/actualite\\\/sport-loisirs\\\/Farid-Beziouen-%c2%ab-Tant-que-mon-corps-suit-je-continuerai-a-jouer-%c2%bb\\\/\",\"url\":\"https:\\\/\\\/seinesaintdenis.fr\\\/actualite\\\/sport-loisirs\\\/Farid-Beziouen-%c2%ab-Tant-que-mon-corps-suit-je-continuerai-a-jouer-%c2%bb\\\/\",\"name\":\"Farid Beziouen : \u00ab Tant que mon corps suit, je continuerai \u00e0 jouer \u00bb - Seine-Saint-Denis - L&#039;actualit\u00e9 du d\u00e9partement\",\"isPartOf\":{\"@id\":\"https:\\\/\\\/seinesaintdenis.fr\\\/actualite\\\/#website\"},\"primaryImageOfPage\":{\"@id\":\"https:\\\/\\\/seinesaintdenis.fr\\\/actualite\\\/sport-loisirs\\\/Farid-Beziouen-%c2%ab-Tant-que-mon-corps-suit-je-continuerai-a-jouer-%c2%bb\\\/#primaryimage\"},\"image\":{\"@id\":\"https:\\\/\\\/seinesaintdenis.fr\\\/actualite\\\/sport-loisirs\\\/Farid-Beziouen-%c2%ab-Tant-que-mon-corps-suit-je-continuerai-a-jouer-%c2%bb\\\/#primaryimage\"},\"thumbnailUrl\":\"https:\\\/\\\/seinesaintdenis.fr\\\/actualite\\\/wp-content\\\/uploads\\\/2023\\\/05\\\/farid-beziouen.png\",\"datePublished\":\"2023-05-25T07:59:54+00:00\",\"dateModified\":\"2025-07-01T14:34:25+00:00\",\"description\":\"Apr\u00e8s sa d\u00e9faite \u00e0 domicile face \u00e0 Epinal, le Football Club 93 Bobigny-Bagnolet-Gagny n'est plus en lice pour la mont\u00e9e. Une tr\u00e8s belle saison malgr\u00e9 tout, que le club doit en partie \u00e0 son joueur vedette et meilleur buteur de N2, Farid Beziouen, auteur de 19 buts et 10 passes d\u00e9cisives en 28 rencontres. D\u00e9couvrez son interview.\",\"breadcrumb\":{\"@id\":\"https:\\\/\\\/seinesaintdenis.fr\\\/actualite\\\/sport-loisirs\\\/Farid-Beziouen-%c2%ab-Tant-que-mon-corps-suit-je-continuerai-a-jouer-%c2%bb\\\/#breadcrumb\"},\"inLanguage\":\"fr-FR\",\"potentialAction\":[{\"@type\":\"ReadAction\",\"target\":[\"https:\\\/\\\/seinesaintdenis.fr\\\/actualite\\\/sport-loisirs\\\/Farid-Beziouen-%c2%ab-Tant-que-mon-corps-suit-je-continuerai-a-jouer-%c2%bb\\\/\"]}]},{\"@type\":\"ImageObject\",\"inLanguage\":\"fr-FR\",\"@id\":\"https:\\\/\\\/seinesaintdenis.fr\\\/actualite\\\/sport-loisirs\\\/Farid-Beziouen-%c2%ab-Tant-que-mon-corps-suit-je-continuerai-a-jouer-%c2%bb\\\/#primaryimage\",\"url\":\"https:\\\/\\\/seinesaintdenis.fr\\\/actualite\\\/wp-content\\\/uploads\\\/2023\\\/05\\\/farid-beziouen.png\",\"contentUrl\":\"https:\\\/\\\/seinesaintdenis.fr\\\/actualite\\\/wp-content\\\/uploads\\\/2023\\\/05\\\/farid-beziouen.png\",\"width\":1090,\"height\":560,\"caption\":\"Farid Beziouen assis avec un ballon de foot\"},{\"@type\":\"BreadcrumbList\",\"@id\":\"https:\\\/\\\/seinesaintdenis.fr\\\/actualite\\\/sport-loisirs\\\/Farid-Beziouen-%c2%ab-Tant-que-mon-corps-suit-je-continuerai-a-jouer-%c2%bb\\\/#breadcrumb\",\"itemListElement\":[{\"@type\":\"ListItem\",\"position\":1,\"name\":\"Accueil\",\"item\":\"https:\\\/\\\/seinesaintdenis.fr\\\/actualite\\\/\"},{\"@type\":\"ListItem\",\"position\":2,\"name\":\"Sport &amp; Loisirs\",\"item\":\"https:\\\/\\\/seinesaintdenis.fr\\\/actualite\\\/sport-loisirs\\\/\"},{\"@type\":\"ListItem\",\"position\":3,\"name\":\"Farid Beziouen : \u00ab Tant que mon corps suit, je continuerai \u00e0 jouer \u00bb\"}]},{\"@type\":\"WebSite\",\"@id\":\"https:\\\/\\\/seinesaintdenis.fr\\\/actualite\\\/#website\",\"url\":\"https:\\\/\\\/seinesaintdenis.fr\\\/actualite\\\/\",\"name\":\"Seine-Saint-Denis - L'actualit\u00e9 du d\u00e9partement\",\"description\":\"L&#039;actualit\u00e9 du D\u00e9partement de la Seine-Saint-Denis\",\"publisher\":{\"@id\":\"https:\\\/\\\/seinesaintdenis.fr\\\/actualite\\\/#organization\"},\"potentialAction\":[{\"@type\":\"SearchAction\",\"target\":{\"@type\":\"EntryPoint\",\"urlTemplate\":\"https:\\\/\\\/seinesaintdenis.fr\\\/actualite\\\/?s={search_term_string}\"},\"query-input\":{\"@type\":\"PropertyValueSpecification\",\"valueRequired\":true,\"valueName\":\"search_term_string\"}}],\"inLanguage\":\"fr-FR\"},{\"@type\":\"Organization\",\"@id\":\"https:\\\/\\\/seinesaintdenis.fr\\\/actualite\\\/#organization\",\"name\":\"Seine-Saint-Denis - Le D\u00e9partement\",\"url\":\"https:\\\/\\\/seinesaintdenis.fr\\\/actualite\\\/\",\"logo\":{\"@type\":\"ImageObject\",\"inLanguage\":\"fr-FR\",\"@id\":\"https:\\\/\\\/seinesaintdenis.fr\\\/actualite\\\/#\\\/schema\\\/logo\\\/image\\\/\",\"url\":\"https:\\\/\\\/seinesaintdenis.fr\\\/actualite\\\/wp-content\\\/uploads\\\/2024\\\/08\\\/logo.png\",\"contentUrl\":\"https:\\\/\\\/seinesaintdenis.fr\\\/actualite\\\/wp-content\\\/uploads\\\/2024\\\/08\\\/logo.png\",\"width\":567,\"height\":172,\"caption\":\"Seine-Saint-Denis - Le D\u00e9partement\"},\"image\":{\"@id\":\"https:\\\/\\\/seinesaintdenis.fr\\\/actualite\\\/#\\\/schema\\\/logo\\\/image\\\/\"},\"sameAs\":[\"https:\\\/\\\/www.facebook.com\\\/seinesaintdenisledepartement\",\"https:\\\/\\\/x.com\\\/seinesaintdenis\",\"https:\\\/\\\/www.linkedin.com\\\/company\\\/seinesaintdenis\",\"https:\\\/\\\/www.instagram.com\\\/seine_saint_denis\\\/\",\"https:\\\/\\\/www.youtube.com\\\/channel\\\/UCR5YF9NnqiLCbnrKQgLUcIw\"]},{\"@type\":\"Person\",\"@id\":\"https:\\\/\\\/seinesaintdenis.fr\\\/actualite\\\/#\\\/schema\\\/person\\\/58432d2a0f20db4c094bf3cf2bdf6fc6\",\"name\":\"Gr\u00e9goire Remund\",\"image\":{\"@type\":\"ImageObject\",\"inLanguage\":\"fr-FR\",\"@id\":\"https:\\\/\\\/secure.gravatar.com\\\/avatar\\\/4faed524c5ca22d4ed513bb08a055444568a0e4b2bd125a80c28e468f5f4f915?s=96&d=mm&r=g\",\"url\":\"https:\\\/\\\/secure.gravatar.com\\\/avatar\\\/4faed524c5ca22d4ed513bb08a055444568a0e4b2bd125a80c28e468f5f4f915?s=96&d=mm&r=g\",\"contentUrl\":\"https:\\\/\\\/secure.gravatar.com\\\/avatar\\\/4faed524c5ca22d4ed513bb08a055444568a0e4b2bd125a80c28e468f5f4f915?s=96&d=mm&r=g\",\"caption\":\"Gr\u00e9goire Remund\"},\"url\":\"https:\\\/\\\/seinesaintdenis.fr\\\/actualite\\\/author\\\/gremund\\\/\"}]}<\/script>\n<!-- \/ Yoast SEO plugin. -->","yoast_head_json":{"title":"Farid Beziouen : \u00ab Tant que mon corps suit, je continuerai \u00e0 jouer \u00bb - Seine-Saint-Denis - L&#039;actualit\u00e9 du d\u00e9partement","description":"Apr\u00e8s sa d\u00e9faite \u00e0 domicile face \u00e0 Epinal, le Football Club 93 Bobigny-Bagnolet-Gagny n'est plus en lice pour la mont\u00e9e. Une tr\u00e8s belle saison malgr\u00e9 tout, que le club doit en partie \u00e0 son joueur vedette et meilleur buteur de N2, Farid Beziouen, auteur de 19 buts et 10 passes d\u00e9cisives en 28 rencontres. D\u00e9couvrez son interview.","robots":{"index":"index","follow":"follow","max-snippet":"max-snippet:-1","max-image-preview":"max-image-preview:large","max-video-preview":"max-video-preview:-1"},"canonical":"https:\/\/seinesaintdenis.fr\/actualite\/sport-loisirs\/Farid-Beziouen-\u00ab-Tant-que-mon-corps-suit-je-continuerai-a-jouer-\u00bb\/","og_locale":"fr_FR","og_type":"article","og_title":"Farid Beziouen : \u00ab Tant que mon corps suit, je continuerai \u00e0 jouer \u00bb - Seine-Saint-Denis - L&#039;actualit\u00e9 du d\u00e9partement","og_description":"Apr\u00e8s sa d\u00e9faite \u00e0 domicile face \u00e0 Epinal, le Football Club 93 Bobigny-Bagnolet-Gagny n'est plus en lice pour la mont\u00e9e. Une tr\u00e8s belle saison malgr\u00e9 tout, que le club doit en partie \u00e0 son joueur vedette et meilleur buteur de N2, Farid Beziouen, auteur de 19 buts et 10 passes d\u00e9cisives en 28 rencontres. D\u00e9couvrez son interview.","og_url":"https:\/\/seinesaintdenis.fr\/actualite\/sport-loisirs\/Farid-Beziouen-\u00ab-Tant-que-mon-corps-suit-je-continuerai-a-jouer-\u00bb\/","og_site_name":"Seine-Saint-Denis - L&#039;actualit\u00e9 du d\u00e9partement","article_publisher":"https:\/\/www.facebook.com\/seinesaintdenisledepartement","article_published_time":"2023-05-25T07:59:54+00:00","article_modified_time":"2025-07-01T14:34:25+00:00","og_image":[{"width":1090,"height":560,"url":"https:\/\/seinesaintdenis.fr\/actualite\/wp-content\/uploads\/2023\/05\/farid-beziouen.png","type":"image\/png"}],"author":"Gr\u00e9goire Remund","twitter_card":"summary_large_image","twitter_creator":"@seinesaintdenis","twitter_site":"@seinesaintdenis","twitter_misc":{"\u00c9crit par":"Gr\u00e9goire Remund","Dur\u00e9e de lecture estim\u00e9e":"1 minute"},"schema":{"@context":"https:\/\/schema.org","@graph":[{"@type":"Article","@id":"https:\/\/seinesaintdenis.fr\/actualite\/sport-loisirs\/Farid-Beziouen-%c2%ab-Tant-que-mon-corps-suit-je-continuerai-a-jouer-%c2%bb\/#article","isPartOf":{"@id":"https:\/\/seinesaintdenis.fr\/actualite\/sport-loisirs\/Farid-Beziouen-%c2%ab-Tant-que-mon-corps-suit-je-continuerai-a-jouer-%c2%bb\/"},"author":{"name":"Gr\u00e9goire Remund","@id":"https:\/\/seinesaintdenis.fr\/actualite\/#\/schema\/person\/58432d2a0f20db4c094bf3cf2bdf6fc6"},"headline":"Farid Beziouen : \u00ab Tant que mon corps suit, je continuerai \u00e0 jouer \u00bb","datePublished":"2023-05-25T07:59:54+00:00","dateModified":"2025-07-01T14:34:25+00:00","mainEntityOfPage":{"@id":"https:\/\/seinesaintdenis.fr\/actualite\/sport-loisirs\/Farid-Beziouen-%c2%ab-Tant-que-mon-corps-suit-je-continuerai-a-jouer-%c2%bb\/"},"wordCount":10,"commentCount":0,"publisher":{"@id":"https:\/\/seinesaintdenis.fr\/actualite\/#organization"},"image":{"@id":"https:\/\/seinesaintdenis.fr\/actualite\/sport-loisirs\/Farid-Beziouen-%c2%ab-Tant-que-mon-corps-suit-je-continuerai-a-jouer-%c2%bb\/#primaryimage"},"thumbnailUrl":"https:\/\/seinesaintdenis.fr\/actualite\/wp-content\/uploads\/2023\/05\/farid-beziouen.png","articleSection":["Sport &amp; Loisirs"],"inLanguage":"fr-FR","potentialAction":[{"@type":"CommentAction","name":"Comment","target":["https:\/\/seinesaintdenis.fr\/actualite\/sport-loisirs\/Farid-Beziouen-%c2%ab-Tant-que-mon-corps-suit-je-continuerai-a-jouer-%c2%bb\/#respond"]}]},{"@type":"WebPage","@id":"https:\/\/seinesaintdenis.fr\/actualite\/sport-loisirs\/Farid-Beziouen-%c2%ab-Tant-que-mon-corps-suit-je-continuerai-a-jouer-%c2%bb\/","url":"https:\/\/seinesaintdenis.fr\/actualite\/sport-loisirs\/Farid-Beziouen-%c2%ab-Tant-que-mon-corps-suit-je-continuerai-a-jouer-%c2%bb\/","name":"Farid Beziouen : \u00ab Tant que mon corps suit, je continuerai \u00e0 jouer \u00bb - Seine-Saint-Denis - L&#039;actualit\u00e9 du d\u00e9partement","isPartOf":{"@id":"https:\/\/seinesaintdenis.fr\/actualite\/#website"},"primaryImageOfPage":{"@id":"https:\/\/seinesaintdenis.fr\/actualite\/sport-loisirs\/Farid-Beziouen-%c2%ab-Tant-que-mon-corps-suit-je-continuerai-a-jouer-%c2%bb\/#primaryimage"},"image":{"@id":"https:\/\/seinesaintdenis.fr\/actualite\/sport-loisirs\/Farid-Beziouen-%c2%ab-Tant-que-mon-corps-suit-je-continuerai-a-jouer-%c2%bb\/#primaryimage"},"thumbnailUrl":"https:\/\/seinesaintdenis.fr\/actualite\/wp-content\/uploads\/2023\/05\/farid-beziouen.png","datePublished":"2023-05-25T07:59:54+00:00","dateModified":"2025-07-01T14:34:25+00:00","description":"Apr\u00e8s sa d\u00e9faite \u00e0 domicile face \u00e0 Epinal, le Football Club 93 Bobigny-Bagnolet-Gagny n'est plus en lice pour la mont\u00e9e. Une tr\u00e8s belle saison malgr\u00e9 tout, que le club doit en partie \u00e0 son joueur vedette et meilleur buteur de N2, Farid Beziouen, auteur de 19 buts et 10 passes d\u00e9cisives en 28 rencontres. D\u00e9couvrez son interview.","breadcrumb":{"@id":"https:\/\/seinesaintdenis.fr\/actualite\/sport-loisirs\/Farid-Beziouen-%c2%ab-Tant-que-mon-corps-suit-je-continuerai-a-jouer-%c2%bb\/#breadcrumb"},"inLanguage":"fr-FR","potentialAction":[{"@type":"ReadAction","target":["https:\/\/seinesaintdenis.fr\/actualite\/sport-loisirs\/Farid-Beziouen-%c2%ab-Tant-que-mon-corps-suit-je-continuerai-a-jouer-%c2%bb\/"]}]},{"@type":"ImageObject","inLanguage":"fr-FR","@id":"https:\/\/seinesaintdenis.fr\/actualite\/sport-loisirs\/Farid-Beziouen-%c2%ab-Tant-que-mon-corps-suit-je-continuerai-a-jouer-%c2%bb\/#primaryimage","url":"https:\/\/seinesaintdenis.fr\/actualite\/wp-content\/uploads\/2023\/05\/farid-beziouen.png","contentUrl":"https:\/\/seinesaintdenis.fr\/actualite\/wp-content\/uploads\/2023\/05\/farid-beziouen.png","width":1090,"height":560,"caption":"Farid Beziouen assis avec un ballon de foot"},{"@type":"BreadcrumbList","@id":"https:\/\/seinesaintdenis.fr\/actualite\/sport-loisirs\/Farid-Beziouen-%c2%ab-Tant-que-mon-corps-suit-je-continuerai-a-jouer-%c2%bb\/#breadcrumb","itemListElement":[{"@type":"ListItem","position":1,"name":"Accueil","item":"https:\/\/seinesaintdenis.fr\/actualite\/"},{"@type":"ListItem","position":2,"name":"Sport &amp; Loisirs","item":"https:\/\/seinesaintdenis.fr\/actualite\/sport-loisirs\/"},{"@type":"ListItem","position":3,"name":"Farid Beziouen : \u00ab Tant que mon corps suit, je continuerai \u00e0 jouer \u00bb"}]},{"@type":"WebSite","@id":"https:\/\/seinesaintdenis.fr\/actualite\/#website","url":"https:\/\/seinesaintdenis.fr\/actualite\/","name":"Seine-Saint-Denis - L'actualit\u00e9 du d\u00e9partement","description":"L&#039;actualit\u00e9 du D\u00e9partement de la Seine-Saint-Denis","publisher":{"@id":"https:\/\/seinesaintdenis.fr\/actualite\/#organization"},"potentialAction":[{"@type":"SearchAction","target":{"@type":"EntryPoint","urlTemplate":"https:\/\/seinesaintdenis.fr\/actualite\/?s={search_term_string}"},"query-input":{"@type":"PropertyValueSpecification","valueRequired":true,"valueName":"search_term_string"}}],"inLanguage":"fr-FR"},{"@type":"Organization","@id":"https:\/\/seinesaintdenis.fr\/actualite\/#organization","name":"Seine-Saint-Denis - Le D\u00e9partement","url":"https:\/\/seinesaintdenis.fr\/actualite\/","logo":{"@type":"ImageObject","inLanguage":"fr-FR","@id":"https:\/\/seinesaintdenis.fr\/actualite\/#\/schema\/logo\/image\/","url":"https:\/\/seinesaintdenis.fr\/actualite\/wp-content\/uploads\/2024\/08\/logo.png","contentUrl":"https:\/\/seinesaintdenis.fr\/actualite\/wp-content\/uploads\/2024\/08\/logo.png","width":567,"height":172,"caption":"Seine-Saint-Denis - Le D\u00e9partement"},"image":{"@id":"https:\/\/seinesaintdenis.fr\/actualite\/#\/schema\/logo\/image\/"},"sameAs":["https:\/\/www.facebook.com\/seinesaintdenisledepartement","https:\/\/x.com\/seinesaintdenis","https:\/\/www.linkedin.com\/company\/seinesaintdenis","https:\/\/www.instagram.com\/seine_saint_denis\/","https:\/\/www.youtube.com\/channel\/UCR5YF9NnqiLCbnrKQgLUcIw"]},{"@type":"Person","@id":"https:\/\/seinesaintdenis.fr\/actualite\/#\/schema\/person\/58432d2a0f20db4c094bf3cf2bdf6fc6","name":"Gr\u00e9goire Remund","image":{"@type":"ImageObject","inLanguage":"fr-FR","@id":"https:\/\/secure.gravatar.com\/avatar\/4faed524c5ca22d4ed513bb08a055444568a0e4b2bd125a80c28e468f5f4f915?s=96&d=mm&r=g","url":"https:\/\/secure.gravatar.com\/avatar\/4faed524c5ca22d4ed513bb08a055444568a0e4b2bd125a80c28e468f5f4f915?s=96&d=mm&r=g","contentUrl":"https:\/\/secure.gravatar.com\/avatar\/4faed524c5ca22d4ed513bb08a055444568a0e4b2bd125a80c28e468f5f4f915?s=96&d=mm&r=g","caption":"Gr\u00e9goire Remund"},"url":"https:\/\/seinesaintdenis.fr\/actualite\/author\/gremund\/"}]}},"_links":{"self":[{"href":"https:\/\/seinesaintdenis.fr\/actualite\/wp-json\/wp\/v2\/posts\/2949","targetHints":{"allow":["GET"]}}],"collection":[{"href":"https:\/\/seinesaintdenis.fr\/actualite\/wp-json\/wp\/v2\/posts"}],"about":[{"href":"https:\/\/seinesaintdenis.fr\/actualite\/wp-json\/wp\/v2\/types\/post"}],"author":[{"embeddable":true,"href":"https:\/\/seinesaintdenis.fr\/actualite\/wp-json\/wp\/v2\/users\/26"}],"replies":[{"embeddable":true,"href":"https:\/\/seinesaintdenis.fr\/actualite\/wp-json\/wp\/v2\/comments?post=2949"}],"version-history":[{"count":11,"href":"https:\/\/seinesaintdenis.fr\/actualite\/wp-json\/wp\/v2\/posts\/2949\/revisions"}],"predecessor-version":[{"id":27368,"href":"https:\/\/seinesaintdenis.fr\/actualite\/wp-json\/wp\/v2\/posts\/2949\/revisions\/27368"}],"wp:featuredmedia":[{"embeddable":true,"href":"https:\/\/seinesaintdenis.fr\/actualite\/wp-json\/wp\/v2\/media\/2957"}],"wp:attachment":[{"href":"https:\/\/seinesaintdenis.fr\/actualite\/wp-json\/wp\/v2\/media?parent=2949"}],"wp:term":[{"taxonomy":"category","embeddable":true,"href":"https:\/\/seinesaintdenis.fr\/actualite\/wp-json\/wp\/v2\/categories?post=2949"},{"taxonomy":"ville","embeddable":true,"href":"https:\/\/seinesaintdenis.fr\/actualite\/wp-json\/wp\/v2\/ville?post=2949"}],"curies":[{"name":"wp","href":"https:\/\/api.w.org\/{rel}","templated":true}]}}