{"id":28702,"date":"2025-09-08T15:56:19","date_gmt":"2025-09-08T13:56:19","guid":{"rendered":"https:\/\/seinesaintdenis.fr\/actualite\/?p=28702"},"modified":"2025-09-08T18:20:14","modified_gmt":"2025-09-08T16:20:14","slug":"Tout-baigne-pour-Nage-ta-Seine","status":"publish","type":"post","link":"https:\/\/seinesaintdenis.fr\/actualite\/sport-loisirs\/Tout-baigne-pour-Nage-ta-Seine\/","title":{"rendered":"Tout baigne pour Nage ta Seine"},"content":{"rendered":"","protected":false},"excerpt":{"rendered":"","protected":false},"author":12,"featured_media":28700,"comment_status":"open","ping_status":"open","sticky":false,"template":"","format":"standard","meta":{"_acf_changed":false,"footnotes":""},"categories":[10],"ville":[73],"class_list":["post-28702","post","type-post","status-publish","format-standard","has-post-thumbnail","hentry","category-sport-loisirs"],"acf":[],"yoast_head":"<!-- This site is optimized with the Yoast SEO plugin v27.5 - https:\/\/yoast.com\/product\/yoast-seo-wordpress\/ -->\n<title>Tout baigne pour Nage ta Seine - Seine-Saint-Denis - L&#039;actualit\u00e9 du d\u00e9partement<\/title>\n<meta name=\"description\" content=\"230 nageur\u00b7euses ont particip\u00e9 le 6 septembre \u00e0 la 2e \u00e9dition de Nage ta Seine, une course en eau libre organis\u00e9e par la FSGT 93 \u00e0 l&#039;\u00cele-Saint-Denis. Cet \u00e9v\u00e9nement a co\u00efncid\u00e9 avec l&#039;inauguration du Village olympique pendant la matin\u00e9e. Retour en images sur cet \u00e9v\u00e9nement sportif m\u00e9morable... et jubilatoire !\" \/>\n<meta name=\"robots\" content=\"index, follow, max-snippet:-1, max-image-preview:large, max-video-preview:-1\" \/>\n<link rel=\"canonical\" href=\"https:\/\/seinesaintdenis.fr\/actualite\/sport-loisirs\/Tout-baigne-pour-Nage-ta-Seine\/\" \/>\n<meta property=\"og:locale\" content=\"fr_FR\" \/>\n<meta property=\"og:type\" content=\"article\" \/>\n<meta property=\"og:title\" content=\"Tout baigne pour Nage ta Seine - Seine-Saint-Denis - L&#039;actualit\u00e9 du d\u00e9partement\" \/>\n<meta property=\"og:description\" content=\"230 nageur\u00b7euses ont particip\u00e9 le 6 septembre \u00e0 la 2e \u00e9dition de Nage ta Seine, une course en eau libre organis\u00e9e par la FSGT 93 \u00e0 l&#039;\u00cele-Saint-Denis. Cet \u00e9v\u00e9nement a co\u00efncid\u00e9 avec l&#039;inauguration du Village olympique pendant la matin\u00e9e. Retour en images sur cet \u00e9v\u00e9nement sportif m\u00e9morable... et jubilatoire !\" \/>\n<meta property=\"og:url\" content=\"https:\/\/seinesaintdenis.fr\/actualite\/sport-loisirs\/Tout-baigne-pour-Nage-ta-Seine\/\" \/>\n<meta property=\"og:site_name\" content=\"Seine-Saint-Denis - L&#039;actualit\u00e9 du d\u00e9partement\" \/>\n<meta property=\"article:publisher\" content=\"https:\/\/www.facebook.com\/seinesaintdenisledepartement\" \/>\n<meta property=\"article:published_time\" content=\"2025-09-08T13:56:19+00:00\" \/>\n<meta property=\"article:modified_time\" content=\"2025-09-08T16:20:14+00:00\" \/>\n<meta property=\"og:image\" content=\"https:\/\/seinesaintdenis.fr\/actualite\/wp-content\/uploads\/2025\/09\/1-nage-ta-seine-1-scaled-e1757324070129.jpg\" \/>\n\t<meta property=\"og:image:width\" content=\"2560\" \/>\n\t<meta property=\"og:image:height\" content=\"1318\" \/>\n\t<meta property=\"og:image:type\" content=\"image\/jpeg\" \/>\n<meta name=\"author\" content=\"Carine Arassus\" \/>\n<meta name=\"twitter:card\" content=\"summary_large_image\" \/>\n<meta name=\"twitter:creator\" content=\"@seinesaintdenis\" \/>\n<meta name=\"twitter:site\" content=\"@seinesaintdenis\" \/>\n<meta name=\"twitter:label1\" content=\"\u00c9crit par\" \/>\n\t<meta name=\"twitter:data1\" content=\"Carine Arassus\" \/>\n\t<meta name=\"twitter:label2\" content=\"Dur\u00e9e de lecture estim\u00e9e\" \/>\n\t<meta name=\"twitter:data2\" content=\"1 minute\" \/>\n<script type=\"application\/ld+json\" class=\"yoast-schema-graph\">{\"@context\":\"https:\\\/\\\/schema.org\",\"@graph\":[{\"@type\":\"Article\",\"@id\":\"https:\\\/\\\/seinesaintdenis.fr\\\/actualite\\\/sport-loisirs\\\/Tout-baigne-pour-Nage-ta-Seine\\\/#article\",\"isPartOf\":{\"@id\":\"https:\\\/\\\/seinesaintdenis.fr\\\/actualite\\\/sport-loisirs\\\/Tout-baigne-pour-Nage-ta-Seine\\\/\"},\"author\":{\"name\":\"Carine Arassus\",\"@id\":\"https:\\\/\\\/seinesaintdenis.fr\\\/actualite\\\/#\\\/schema\\\/person\\\/0ed132e414e4e5a6a6d14bb9fd5b0d3a\"},\"headline\":\"Tout baigne pour Nage ta Seine\",\"datePublished\":\"2025-09-08T13:56:19+00:00\",\"dateModified\":\"2025-09-08T16:20:14+00:00\",\"mainEntityOfPage\":{\"@id\":\"https:\\\/\\\/seinesaintdenis.fr\\\/actualite\\\/sport-loisirs\\\/Tout-baigne-pour-Nage-ta-Seine\\\/\"},\"wordCount\":6,\"commentCount\":0,\"publisher\":{\"@id\":\"https:\\\/\\\/seinesaintdenis.fr\\\/actualite\\\/#organization\"},\"image\":{\"@id\":\"https:\\\/\\\/seinesaintdenis.fr\\\/actualite\\\/sport-loisirs\\\/Tout-baigne-pour-Nage-ta-Seine\\\/#primaryimage\"},\"thumbnailUrl\":\"https:\\\/\\\/seinesaintdenis.fr\\\/actualite\\\/wp-content\\\/uploads\\\/2025\\\/09\\\/1-nage-ta-seine-1-scaled-e1757324070129.jpg\",\"articleSection\":[\"Sport &amp; Loisirs\"],\"inLanguage\":\"fr-FR\",\"potentialAction\":[{\"@type\":\"CommentAction\",\"name\":\"Comment\",\"target\":[\"https:\\\/\\\/seinesaintdenis.fr\\\/actualite\\\/sport-loisirs\\\/Tout-baigne-pour-Nage-ta-Seine\\\/#respond\"]}]},{\"@type\":\"WebPage\",\"@id\":\"https:\\\/\\\/seinesaintdenis.fr\\\/actualite\\\/sport-loisirs\\\/Tout-baigne-pour-Nage-ta-Seine\\\/\",\"url\":\"https:\\\/\\\/seinesaintdenis.fr\\\/actualite\\\/sport-loisirs\\\/Tout-baigne-pour-Nage-ta-Seine\\\/\",\"name\":\"Tout baigne pour Nage ta Seine - Seine-Saint-Denis - L&#039;actualit\u00e9 du d\u00e9partement\",\"isPartOf\":{\"@id\":\"https:\\\/\\\/seinesaintdenis.fr\\\/actualite\\\/#website\"},\"primaryImageOfPage\":{\"@id\":\"https:\\\/\\\/seinesaintdenis.fr\\\/actualite\\\/sport-loisirs\\\/Tout-baigne-pour-Nage-ta-Seine\\\/#primaryimage\"},\"image\":{\"@id\":\"https:\\\/\\\/seinesaintdenis.fr\\\/actualite\\\/sport-loisirs\\\/Tout-baigne-pour-Nage-ta-Seine\\\/#primaryimage\"},\"thumbnailUrl\":\"https:\\\/\\\/seinesaintdenis.fr\\\/actualite\\\/wp-content\\\/uploads\\\/2025\\\/09\\\/1-nage-ta-seine-1-scaled-e1757324070129.jpg\",\"datePublished\":\"2025-09-08T13:56:19+00:00\",\"dateModified\":\"2025-09-08T16:20:14+00:00\",\"description\":\"230 nageur\u00b7euses ont particip\u00e9 le 6 septembre \u00e0 la 2e \u00e9dition de Nage ta Seine, une course en eau libre organis\u00e9e par la FSGT 93 \u00e0 l'\u00cele-Saint-Denis. Cet \u00e9v\u00e9nement a co\u00efncid\u00e9 avec l'inauguration du Village olympique pendant la matin\u00e9e. Retour en images sur cet \u00e9v\u00e9nement sportif m\u00e9morable... et jubilatoire !\",\"breadcrumb\":{\"@id\":\"https:\\\/\\\/seinesaintdenis.fr\\\/actualite\\\/sport-loisirs\\\/Tout-baigne-pour-Nage-ta-Seine\\\/#breadcrumb\"},\"inLanguage\":\"fr-FR\",\"potentialAction\":[{\"@type\":\"ReadAction\",\"target\":[\"https:\\\/\\\/seinesaintdenis.fr\\\/actualite\\\/sport-loisirs\\\/Tout-baigne-pour-Nage-ta-Seine\\\/\"]}]},{\"@type\":\"ImageObject\",\"inLanguage\":\"fr-FR\",\"@id\":\"https:\\\/\\\/seinesaintdenis.fr\\\/actualite\\\/sport-loisirs\\\/Tout-baigne-pour-Nage-ta-Seine\\\/#primaryimage\",\"url\":\"https:\\\/\\\/seinesaintdenis.fr\\\/actualite\\\/wp-content\\\/uploads\\\/2025\\\/09\\\/1-nage-ta-seine-1-scaled-e1757324070129.jpg\",\"contentUrl\":\"https:\\\/\\\/seinesaintdenis.fr\\\/actualite\\\/wp-content\\\/uploads\\\/2025\\\/09\\\/1-nage-ta-seine-1-scaled-e1757324070129.jpg\",\"width\":2560,\"height\":1318,\"caption\":\"Inauguration du village Olympique comme quartier d'habitation et Nage ton Canal organis\u00e9 par la FSGT \u00e0 l'Ile Saint Denis\"},{\"@type\":\"BreadcrumbList\",\"@id\":\"https:\\\/\\\/seinesaintdenis.fr\\\/actualite\\\/sport-loisirs\\\/Tout-baigne-pour-Nage-ta-Seine\\\/#breadcrumb\",\"itemListElement\":[{\"@type\":\"ListItem\",\"position\":1,\"name\":\"Accueil\",\"item\":\"https:\\\/\\\/seinesaintdenis.fr\\\/actualite\\\/\"},{\"@type\":\"ListItem\",\"position\":2,\"name\":\"Sport &amp; Loisirs\",\"item\":\"https:\\\/\\\/seinesaintdenis.fr\\\/actualite\\\/sport-loisirs\\\/\"},{\"@type\":\"ListItem\",\"position\":3,\"name\":\"Tout baigne pour Nage ta Seine\"}]},{\"@type\":\"WebSite\",\"@id\":\"https:\\\/\\\/seinesaintdenis.fr\\\/actualite\\\/#website\",\"url\":\"https:\\\/\\\/seinesaintdenis.fr\\\/actualite\\\/\",\"name\":\"Seine-Saint-Denis - L'actualit\u00e9 du d\u00e9partement\",\"description\":\"L&#039;actualit\u00e9 du D\u00e9partement de la Seine-Saint-Denis\",\"publisher\":{\"@id\":\"https:\\\/\\\/seinesaintdenis.fr\\\/actualite\\\/#organization\"},\"potentialAction\":[{\"@type\":\"SearchAction\",\"target\":{\"@type\":\"EntryPoint\",\"urlTemplate\":\"https:\\\/\\\/seinesaintdenis.fr\\\/actualite\\\/?s={search_term_string}\"},\"query-input\":{\"@type\":\"PropertyValueSpecification\",\"valueRequired\":true,\"valueName\":\"search_term_string\"}}],\"inLanguage\":\"fr-FR\"},{\"@type\":\"Organization\",\"@id\":\"https:\\\/\\\/seinesaintdenis.fr\\\/actualite\\\/#organization\",\"name\":\"Seine-Saint-Denis - Le D\u00e9partement\",\"url\":\"https:\\\/\\\/seinesaintdenis.fr\\\/actualite\\\/\",\"logo\":{\"@type\":\"ImageObject\",\"inLanguage\":\"fr-FR\",\"@id\":\"https:\\\/\\\/seinesaintdenis.fr\\\/actualite\\\/#\\\/schema\\\/logo\\\/image\\\/\",\"url\":\"https:\\\/\\\/seinesaintdenis.fr\\\/actualite\\\/wp-content\\\/uploads\\\/2024\\\/08\\\/logo.png\",\"contentUrl\":\"https:\\\/\\\/seinesaintdenis.fr\\\/actualite\\\/wp-content\\\/uploads\\\/2024\\\/08\\\/logo.png\",\"width\":567,\"height\":172,\"caption\":\"Seine-Saint-Denis - Le D\u00e9partement\"},\"image\":{\"@id\":\"https:\\\/\\\/seinesaintdenis.fr\\\/actualite\\\/#\\\/schema\\\/logo\\\/image\\\/\"},\"sameAs\":[\"https:\\\/\\\/www.facebook.com\\\/seinesaintdenisledepartement\",\"https:\\\/\\\/x.com\\\/seinesaintdenis\",\"https:\\\/\\\/www.linkedin.com\\\/company\\\/seinesaintdenis\",\"https:\\\/\\\/www.instagram.com\\\/seine_saint_denis\\\/\",\"https:\\\/\\\/www.youtube.com\\\/channel\\\/UCR5YF9NnqiLCbnrKQgLUcIw\"]},{\"@type\":\"Person\",\"@id\":\"https:\\\/\\\/seinesaintdenis.fr\\\/actualite\\\/#\\\/schema\\\/person\\\/0ed132e414e4e5a6a6d14bb9fd5b0d3a\",\"name\":\"Carine Arassus\",\"image\":{\"@type\":\"ImageObject\",\"inLanguage\":\"fr-FR\",\"@id\":\"https:\\\/\\\/secure.gravatar.com\\\/avatar\\\/0f981f322f4f99253bcb871f10ae46ce56b35c7fe7c5b8aa9b09ba3a77f6e3c0?s=96&d=mm&r=g\",\"url\":\"https:\\\/\\\/secure.gravatar.com\\\/avatar\\\/0f981f322f4f99253bcb871f10ae46ce56b35c7fe7c5b8aa9b09ba3a77f6e3c0?s=96&d=mm&r=g\",\"contentUrl\":\"https:\\\/\\\/secure.gravatar.com\\\/avatar\\\/0f981f322f4f99253bcb871f10ae46ce56b35c7fe7c5b8aa9b09ba3a77f6e3c0?s=96&d=mm&r=g\",\"caption\":\"Carine Arassus\"},\"url\":\"https:\\\/\\\/seinesaintdenis.fr\\\/actualite\\\/author\\\/carassus\\\/\"}]}<\/script>\n<!-- \/ Yoast SEO plugin. -->","yoast_head_json":{"title":"Tout baigne pour Nage ta Seine - Seine-Saint-Denis - L&#039;actualit\u00e9 du d\u00e9partement","description":"230 nageur\u00b7euses ont particip\u00e9 le 6 septembre \u00e0 la 2e \u00e9dition de Nage ta Seine, une course en eau libre organis\u00e9e par la FSGT 93 \u00e0 l'\u00cele-Saint-Denis. Cet \u00e9v\u00e9nement a co\u00efncid\u00e9 avec l'inauguration du Village olympique pendant la matin\u00e9e. Retour en images sur cet \u00e9v\u00e9nement sportif m\u00e9morable... et jubilatoire !","robots":{"index":"index","follow":"follow","max-snippet":"max-snippet:-1","max-image-preview":"max-image-preview:large","max-video-preview":"max-video-preview:-1"},"canonical":"https:\/\/seinesaintdenis.fr\/actualite\/sport-loisirs\/Tout-baigne-pour-Nage-ta-Seine\/","og_locale":"fr_FR","og_type":"article","og_title":"Tout baigne pour Nage ta Seine - Seine-Saint-Denis - L&#039;actualit\u00e9 du d\u00e9partement","og_description":"230 nageur\u00b7euses ont particip\u00e9 le 6 septembre \u00e0 la 2e \u00e9dition de Nage ta Seine, une course en eau libre organis\u00e9e par la FSGT 93 \u00e0 l'\u00cele-Saint-Denis. Cet \u00e9v\u00e9nement a co\u00efncid\u00e9 avec l'inauguration du Village olympique pendant la matin\u00e9e. Retour en images sur cet \u00e9v\u00e9nement sportif m\u00e9morable... et jubilatoire !","og_url":"https:\/\/seinesaintdenis.fr\/actualite\/sport-loisirs\/Tout-baigne-pour-Nage-ta-Seine\/","og_site_name":"Seine-Saint-Denis - L&#039;actualit\u00e9 du d\u00e9partement","article_publisher":"https:\/\/www.facebook.com\/seinesaintdenisledepartement","article_published_time":"2025-09-08T13:56:19+00:00","article_modified_time":"2025-09-08T16:20:14+00:00","og_image":[{"width":2560,"height":1318,"url":"https:\/\/seinesaintdenis.fr\/actualite\/wp-content\/uploads\/2025\/09\/1-nage-ta-seine-1-scaled-e1757324070129.jpg","type":"image\/jpeg"}],"author":"Carine Arassus","twitter_card":"summary_large_image","twitter_creator":"@seinesaintdenis","twitter_site":"@seinesaintdenis","twitter_misc":{"\u00c9crit par":"Carine Arassus","Dur\u00e9e de lecture estim\u00e9e":"1 minute"},"schema":{"@context":"https:\/\/schema.org","@graph":[{"@type":"Article","@id":"https:\/\/seinesaintdenis.fr\/actualite\/sport-loisirs\/Tout-baigne-pour-Nage-ta-Seine\/#article","isPartOf":{"@id":"https:\/\/seinesaintdenis.fr\/actualite\/sport-loisirs\/Tout-baigne-pour-Nage-ta-Seine\/"},"author":{"name":"Carine Arassus","@id":"https:\/\/seinesaintdenis.fr\/actualite\/#\/schema\/person\/0ed132e414e4e5a6a6d14bb9fd5b0d3a"},"headline":"Tout baigne pour Nage ta Seine","datePublished":"2025-09-08T13:56:19+00:00","dateModified":"2025-09-08T16:20:14+00:00","mainEntityOfPage":{"@id":"https:\/\/seinesaintdenis.fr\/actualite\/sport-loisirs\/Tout-baigne-pour-Nage-ta-Seine\/"},"wordCount":6,"commentCount":0,"publisher":{"@id":"https:\/\/seinesaintdenis.fr\/actualite\/#organization"},"image":{"@id":"https:\/\/seinesaintdenis.fr\/actualite\/sport-loisirs\/Tout-baigne-pour-Nage-ta-Seine\/#primaryimage"},"thumbnailUrl":"https:\/\/seinesaintdenis.fr\/actualite\/wp-content\/uploads\/2025\/09\/1-nage-ta-seine-1-scaled-e1757324070129.jpg","articleSection":["Sport &amp; Loisirs"],"inLanguage":"fr-FR","potentialAction":[{"@type":"CommentAction","name":"Comment","target":["https:\/\/seinesaintdenis.fr\/actualite\/sport-loisirs\/Tout-baigne-pour-Nage-ta-Seine\/#respond"]}]},{"@type":"WebPage","@id":"https:\/\/seinesaintdenis.fr\/actualite\/sport-loisirs\/Tout-baigne-pour-Nage-ta-Seine\/","url":"https:\/\/seinesaintdenis.fr\/actualite\/sport-loisirs\/Tout-baigne-pour-Nage-ta-Seine\/","name":"Tout baigne pour Nage ta Seine - Seine-Saint-Denis - L&#039;actualit\u00e9 du d\u00e9partement","isPartOf":{"@id":"https:\/\/seinesaintdenis.fr\/actualite\/#website"},"primaryImageOfPage":{"@id":"https:\/\/seinesaintdenis.fr\/actualite\/sport-loisirs\/Tout-baigne-pour-Nage-ta-Seine\/#primaryimage"},"image":{"@id":"https:\/\/seinesaintdenis.fr\/actualite\/sport-loisirs\/Tout-baigne-pour-Nage-ta-Seine\/#primaryimage"},"thumbnailUrl":"https:\/\/seinesaintdenis.fr\/actualite\/wp-content\/uploads\/2025\/09\/1-nage-ta-seine-1-scaled-e1757324070129.jpg","datePublished":"2025-09-08T13:56:19+00:00","dateModified":"2025-09-08T16:20:14+00:00","description":"230 nageur\u00b7euses ont particip\u00e9 le 6 septembre \u00e0 la 2e \u00e9dition de Nage ta Seine, une course en eau libre organis\u00e9e par la FSGT 93 \u00e0 l'\u00cele-Saint-Denis. Cet \u00e9v\u00e9nement a co\u00efncid\u00e9 avec l'inauguration du Village olympique pendant la matin\u00e9e. Retour en images sur cet \u00e9v\u00e9nement sportif m\u00e9morable... et jubilatoire !","breadcrumb":{"@id":"https:\/\/seinesaintdenis.fr\/actualite\/sport-loisirs\/Tout-baigne-pour-Nage-ta-Seine\/#breadcrumb"},"inLanguage":"fr-FR","potentialAction":[{"@type":"ReadAction","target":["https:\/\/seinesaintdenis.fr\/actualite\/sport-loisirs\/Tout-baigne-pour-Nage-ta-Seine\/"]}]},{"@type":"ImageObject","inLanguage":"fr-FR","@id":"https:\/\/seinesaintdenis.fr\/actualite\/sport-loisirs\/Tout-baigne-pour-Nage-ta-Seine\/#primaryimage","url":"https:\/\/seinesaintdenis.fr\/actualite\/wp-content\/uploads\/2025\/09\/1-nage-ta-seine-1-scaled-e1757324070129.jpg","contentUrl":"https:\/\/seinesaintdenis.fr\/actualite\/wp-content\/uploads\/2025\/09\/1-nage-ta-seine-1-scaled-e1757324070129.jpg","width":2560,"height":1318,"caption":"Inauguration du village Olympique comme quartier d'habitation et Nage ton Canal organis\u00e9 par la FSGT \u00e0 l'Ile Saint Denis"},{"@type":"BreadcrumbList","@id":"https:\/\/seinesaintdenis.fr\/actualite\/sport-loisirs\/Tout-baigne-pour-Nage-ta-Seine\/#breadcrumb","itemListElement":[{"@type":"ListItem","position":1,"name":"Accueil","item":"https:\/\/seinesaintdenis.fr\/actualite\/"},{"@type":"ListItem","position":2,"name":"Sport &amp; Loisirs","item":"https:\/\/seinesaintdenis.fr\/actualite\/sport-loisirs\/"},{"@type":"ListItem","position":3,"name":"Tout baigne pour Nage ta Seine"}]},{"@type":"WebSite","@id":"https:\/\/seinesaintdenis.fr\/actualite\/#website","url":"https:\/\/seinesaintdenis.fr\/actualite\/","name":"Seine-Saint-Denis - L'actualit\u00e9 du d\u00e9partement","description":"L&#039;actualit\u00e9 du D\u00e9partement de la Seine-Saint-Denis","publisher":{"@id":"https:\/\/seinesaintdenis.fr\/actualite\/#organization"},"potentialAction":[{"@type":"SearchAction","target":{"@type":"EntryPoint","urlTemplate":"https:\/\/seinesaintdenis.fr\/actualite\/?s={search_term_string}"},"query-input":{"@type":"PropertyValueSpecification","valueRequired":true,"valueName":"search_term_string"}}],"inLanguage":"fr-FR"},{"@type":"Organization","@id":"https:\/\/seinesaintdenis.fr\/actualite\/#organization","name":"Seine-Saint-Denis - Le D\u00e9partement","url":"https:\/\/seinesaintdenis.fr\/actualite\/","logo":{"@type":"ImageObject","inLanguage":"fr-FR","@id":"https:\/\/seinesaintdenis.fr\/actualite\/#\/schema\/logo\/image\/","url":"https:\/\/seinesaintdenis.fr\/actualite\/wp-content\/uploads\/2024\/08\/logo.png","contentUrl":"https:\/\/seinesaintdenis.fr\/actualite\/wp-content\/uploads\/2024\/08\/logo.png","width":567,"height":172,"caption":"Seine-Saint-Denis - Le D\u00e9partement"},"image":{"@id":"https:\/\/seinesaintdenis.fr\/actualite\/#\/schema\/logo\/image\/"},"sameAs":["https:\/\/www.facebook.com\/seinesaintdenisledepartement","https:\/\/x.com\/seinesaintdenis","https:\/\/www.linkedin.com\/company\/seinesaintdenis","https:\/\/www.instagram.com\/seine_saint_denis\/","https:\/\/www.youtube.com\/channel\/UCR5YF9NnqiLCbnrKQgLUcIw"]},{"@type":"Person","@id":"https:\/\/seinesaintdenis.fr\/actualite\/#\/schema\/person\/0ed132e414e4e5a6a6d14bb9fd5b0d3a","name":"Carine Arassus","image":{"@type":"ImageObject","inLanguage":"fr-FR","@id":"https:\/\/secure.gravatar.com\/avatar\/0f981f322f4f99253bcb871f10ae46ce56b35c7fe7c5b8aa9b09ba3a77f6e3c0?s=96&d=mm&r=g","url":"https:\/\/secure.gravatar.com\/avatar\/0f981f322f4f99253bcb871f10ae46ce56b35c7fe7c5b8aa9b09ba3a77f6e3c0?s=96&d=mm&r=g","contentUrl":"https:\/\/secure.gravatar.com\/avatar\/0f981f322f4f99253bcb871f10ae46ce56b35c7fe7c5b8aa9b09ba3a77f6e3c0?s=96&d=mm&r=g","caption":"Carine Arassus"},"url":"https:\/\/seinesaintdenis.fr\/actualite\/author\/carassus\/"}]}},"_links":{"self":[{"href":"https:\/\/seinesaintdenis.fr\/actualite\/wp-json\/wp\/v2\/posts\/28702","targetHints":{"allow":["GET"]}}],"collection":[{"href":"https:\/\/seinesaintdenis.fr\/actualite\/wp-json\/wp\/v2\/posts"}],"about":[{"href":"https:\/\/seinesaintdenis.fr\/actualite\/wp-json\/wp\/v2\/types\/post"}],"author":[{"embeddable":true,"href":"https:\/\/seinesaintdenis.fr\/actualite\/wp-json\/wp\/v2\/users\/12"}],"replies":[{"embeddable":true,"href":"https:\/\/seinesaintdenis.fr\/actualite\/wp-json\/wp\/v2\/comments?post=28702"}],"version-history":[{"count":29,"href":"https:\/\/seinesaintdenis.fr\/actualite\/wp-json\/wp\/v2\/posts\/28702\/revisions"}],"predecessor-version":[{"id":28759,"href":"https:\/\/seinesaintdenis.fr\/actualite\/wp-json\/wp\/v2\/posts\/28702\/revisions\/28759"}],"wp:featuredmedia":[{"embeddable":true,"href":"https:\/\/seinesaintdenis.fr\/actualite\/wp-json\/wp\/v2\/media\/28700"}],"wp:attachment":[{"href":"https:\/\/seinesaintdenis.fr\/actualite\/wp-json\/wp\/v2\/media?parent=28702"}],"wp:term":[{"taxonomy":"category","embeddable":true,"href":"https:\/\/seinesaintdenis.fr\/actualite\/wp-json\/wp\/v2\/categories?post=28702"},{"taxonomy":"ville","embeddable":true,"href":"https:\/\/seinesaintdenis.fr\/actualite\/wp-json\/wp\/v2\/ville?post=28702"}],"curies":[{"name":"wp","href":"https:\/\/api.w.org\/{rel}","templated":true}]}}