{"id":2651,"date":"2023-05-23T07:33:56","date_gmt":"2023-05-23T07:33:56","guid":{"rendered":"https:\/\/seinesaintdenis.fr\/actualite\/?p=2651"},"modified":"2023-05-23T10:22:26","modified_gmt":"2023-05-23T10:22:26","slug":"Le-Departement-encourage-ses-champion-ne-s","status":"publish","type":"post","link":"https:\/\/seinesaintdenis.fr\/actualite\/sport-loisirs\/Sport\/Le-Departement-encourage-ses-champion-ne-s\/","title":{"rendered":"Le D\u00e9partement encourage ses champion.ne.s"},"content":{"rendered":"","protected":false},"excerpt":{"rendered":"","protected":false},"author":38,"featured_media":2218,"comment_status":"open","ping_status":"open","sticky":false,"template":"","format":"standard","meta":{"_acf_changed":false,"footnotes":""},"categories":[1],"ville":[57],"class_list":["post-2651","post","type-post","status-publish","format-standard","has-post-thumbnail","hentry","category-Sport"],"acf":[],"yoast_head":"<!-- This site is optimized with the Yoast SEO plugin v27.5 - https:\/\/yoast.com\/product\/yoast-seo-wordpress\/ -->\n<title>Le D\u00e9partement encourage ses champion.ne.s - Seine-Saint-Denis - L&#039;actualit\u00e9 du d\u00e9partement<\/title>\n<meta name=\"description\" content=\"La 6e promotion de G\u00e9n\u00e9ration Jeux a \u00e9t\u00e9 pr\u00e9sent\u00e9e vendredi 12 mai \u00e0 Aubervilliers. 35 athl\u00e8tes, 16 filles et 19 gar\u00e7ons, sont soutenus par le D\u00e9partement pour faire rayonner les couleurs de la Seine-Saint-Denis. Parmi eux, plusieurs ont pour ligne de mire les Jeux Olympiques et Paralympiques de Paris 2024.\" \/>\n<meta name=\"robots\" content=\"index, follow, max-snippet:-1, max-image-preview:large, max-video-preview:-1\" \/>\n<link rel=\"canonical\" href=\"https:\/\/seinesaintdenis.fr\/actualite\/sport-loisirs\/jeux-olympiques-et-paralympiques\/Le-Departement-encourage-ses-champion-ne-s\/\" \/>\n<meta property=\"og:locale\" content=\"fr_FR\" \/>\n<meta property=\"og:type\" content=\"article\" \/>\n<meta property=\"og:title\" content=\"Le D\u00e9partement encourage ses champion.ne.s - Seine-Saint-Denis - L&#039;actualit\u00e9 du d\u00e9partement\" \/>\n<meta property=\"og:description\" content=\"La 6e promotion de G\u00e9n\u00e9ration Jeux a \u00e9t\u00e9 pr\u00e9sent\u00e9e vendredi 12 mai \u00e0 Aubervilliers. 35 athl\u00e8tes, 16 filles et 19 gar\u00e7ons, sont soutenus par le D\u00e9partement pour faire rayonner les couleurs de la Seine-Saint-Denis. Parmi eux, plusieurs ont pour ligne de mire les Jeux Olympiques et Paralympiques de Paris 2024.\" \/>\n<meta property=\"og:url\" content=\"https:\/\/seinesaintdenis.fr\/actualite\/sport-loisirs\/jeux-olympiques-et-paralympiques\/Le-Departement-encourage-ses-champion-ne-s\/\" \/>\n<meta property=\"og:site_name\" content=\"Seine-Saint-Denis - L&#039;actualit\u00e9 du d\u00e9partement\" \/>\n<meta property=\"article:publisher\" content=\"https:\/\/www.facebook.com\/seinesaintdenisledepartement\" \/>\n<meta property=\"article:published_time\" content=\"2023-05-23T07:33:56+00:00\" \/>\n<meta property=\"article:modified_time\" content=\"2023-05-23T10:22:26+00:00\" \/>\n<meta property=\"og:image\" content=\"https:\/\/seinesaintdenis.fr\/actualite\/wp-content\/uploads\/2023\/05\/7.jpg\" \/>\n\t<meta property=\"og:image:width\" content=\"1090\" \/>\n\t<meta property=\"og:image:height\" content=\"560\" \/>\n\t<meta property=\"og:image:type\" content=\"image\/jpeg\" \/>\n<meta name=\"author\" content=\"Nicolas Le H\u00e9riss\u00e9\" \/>\n<meta name=\"twitter:card\" content=\"summary_large_image\" \/>\n<meta name=\"twitter:creator\" content=\"@seinesaintdenis\" \/>\n<meta name=\"twitter:site\" content=\"@seinesaintdenis\" \/>\n<meta name=\"twitter:label1\" content=\"\u00c9crit par\" \/>\n\t<meta name=\"twitter:data1\" content=\"Nicolas Le H\u00e9riss\u00e9\" \/>\n<script type=\"application\/ld+json\" class=\"yoast-schema-graph\">{\"@context\":\"https:\\\/\\\/schema.org\",\"@graph\":[{\"@type\":\"Article\",\"@id\":\"https:\\\/\\\/seinesaintdenis.fr\\\/actualite\\\/sport-loisirs\\\/jeux-olympiques-et-paralympiques\\\/Le-Departement-encourage-ses-champion-ne-s\\\/#article\",\"isPartOf\":{\"@id\":\"https:\\\/\\\/seinesaintdenis.fr\\\/actualite\\\/sport-loisirs\\\/jeux-olympiques-et-paralympiques\\\/Le-Departement-encourage-ses-champion-ne-s\\\/\"},\"author\":{\"name\":\"Nicolas Le H\u00e9riss\u00e9\",\"@id\":\"https:\\\/\\\/seinesaintdenis.fr\\\/actualite\\\/#\\\/schema\\\/person\\\/83cfb60412523dce14a752f37ae506fb\"},\"headline\":\"Le D\u00e9partement encourage ses champion.ne.s\",\"datePublished\":\"2023-05-23T07:33:56+00:00\",\"dateModified\":\"2023-05-23T10:22:26+00:00\",\"mainEntityOfPage\":{\"@id\":\"https:\\\/\\\/seinesaintdenis.fr\\\/actualite\\\/sport-loisirs\\\/jeux-olympiques-et-paralympiques\\\/Le-Departement-encourage-ses-champion-ne-s\\\/\"},\"wordCount\":8,\"commentCount\":0,\"publisher\":{\"@id\":\"https:\\\/\\\/seinesaintdenis.fr\\\/actualite\\\/#organization\"},\"image\":{\"@id\":\"https:\\\/\\\/seinesaintdenis.fr\\\/actualite\\\/sport-loisirs\\\/jeux-olympiques-et-paralympiques\\\/Le-Departement-encourage-ses-champion-ne-s\\\/#primaryimage\"},\"thumbnailUrl\":\"https:\\\/\\\/seinesaintdenis.fr\\\/actualite\\\/wp-content\\\/uploads\\\/2023\\\/05\\\/7.jpg\",\"articleSection\":[\"Sport\"],\"inLanguage\":\"fr-FR\",\"potentialAction\":[{\"@type\":\"CommentAction\",\"name\":\"Comment\",\"target\":[\"https:\\\/\\\/seinesaintdenis.fr\\\/actualite\\\/sport-loisirs\\\/jeux-olympiques-et-paralympiques\\\/Le-Departement-encourage-ses-champion-ne-s\\\/#respond\"]}]},{\"@type\":\"WebPage\",\"@id\":\"https:\\\/\\\/seinesaintdenis.fr\\\/actualite\\\/sport-loisirs\\\/jeux-olympiques-et-paralympiques\\\/Le-Departement-encourage-ses-champion-ne-s\\\/\",\"url\":\"https:\\\/\\\/seinesaintdenis.fr\\\/actualite\\\/sport-loisirs\\\/jeux-olympiques-et-paralympiques\\\/Le-Departement-encourage-ses-champion-ne-s\\\/\",\"name\":\"Le D\u00e9partement encourage ses champion.ne.s - Seine-Saint-Denis - L&#039;actualit\u00e9 du d\u00e9partement\",\"isPartOf\":{\"@id\":\"https:\\\/\\\/seinesaintdenis.fr\\\/actualite\\\/#website\"},\"primaryImageOfPage\":{\"@id\":\"https:\\\/\\\/seinesaintdenis.fr\\\/actualite\\\/sport-loisirs\\\/jeux-olympiques-et-paralympiques\\\/Le-Departement-encourage-ses-champion-ne-s\\\/#primaryimage\"},\"image\":{\"@id\":\"https:\\\/\\\/seinesaintdenis.fr\\\/actualite\\\/sport-loisirs\\\/jeux-olympiques-et-paralympiques\\\/Le-Departement-encourage-ses-champion-ne-s\\\/#primaryimage\"},\"thumbnailUrl\":\"https:\\\/\\\/seinesaintdenis.fr\\\/actualite\\\/wp-content\\\/uploads\\\/2023\\\/05\\\/7.jpg\",\"datePublished\":\"2023-05-23T07:33:56+00:00\",\"dateModified\":\"2023-05-23T10:22:26+00:00\",\"description\":\"La 6e promotion de G\u00e9n\u00e9ration Jeux a \u00e9t\u00e9 pr\u00e9sent\u00e9e vendredi 12 mai \u00e0 Aubervilliers. 35 athl\u00e8tes, 16 filles et 19 gar\u00e7ons, sont soutenus par le D\u00e9partement pour faire rayonner les couleurs de la Seine-Saint-Denis. Parmi eux, plusieurs ont pour ligne de mire les Jeux Olympiques et Paralympiques de Paris 2024.\",\"breadcrumb\":{\"@id\":\"https:\\\/\\\/seinesaintdenis.fr\\\/actualite\\\/sport-loisirs\\\/jeux-olympiques-et-paralympiques\\\/Le-Departement-encourage-ses-champion-ne-s\\\/#breadcrumb\"},\"inLanguage\":\"fr-FR\",\"potentialAction\":[{\"@type\":\"ReadAction\",\"target\":[\"https:\\\/\\\/seinesaintdenis.fr\\\/actualite\\\/sport-loisirs\\\/jeux-olympiques-et-paralympiques\\\/Le-Departement-encourage-ses-champion-ne-s\\\/\"]}]},{\"@type\":\"ImageObject\",\"inLanguage\":\"fr-FR\",\"@id\":\"https:\\\/\\\/seinesaintdenis.fr\\\/actualite\\\/sport-loisirs\\\/jeux-olympiques-et-paralympiques\\\/Le-Departement-encourage-ses-champion-ne-s\\\/#primaryimage\",\"url\":\"https:\\\/\\\/seinesaintdenis.fr\\\/actualite\\\/wp-content\\\/uploads\\\/2023\\\/05\\\/7.jpg\",\"contentUrl\":\"https:\\\/\\\/seinesaintdenis.fr\\\/actualite\\\/wp-content\\\/uploads\\\/2023\\\/05\\\/7.jpg\",\"width\":1090,\"height\":560,\"caption\":\"Fin de soir\u00e9e - accueil de la promotion \\\"G\u00e9n\u00e9ration Jeux 2023\\\"\"},{\"@type\":\"BreadcrumbList\",\"@id\":\"https:\\\/\\\/seinesaintdenis.fr\\\/actualite\\\/sport-loisirs\\\/jeux-olympiques-et-paralympiques\\\/Le-Departement-encourage-ses-champion-ne-s\\\/#breadcrumb\",\"itemListElement\":[{\"@type\":\"ListItem\",\"position\":1,\"name\":\"Accueil\",\"item\":\"https:\\\/\\\/seinesaintdenis.fr\\\/actualite\\\/\"},{\"@type\":\"ListItem\",\"position\":2,\"name\":\"Sport &amp; Loisirs\",\"item\":\"https:\\\/\\\/seinesaintdenis.fr\\\/actualite\\\/sport-loisirs\\\/\"},{\"@type\":\"ListItem\",\"position\":3,\"name\":\"Le D\u00e9partement encourage ses champion.ne.s\"}]},{\"@type\":\"WebSite\",\"@id\":\"https:\\\/\\\/seinesaintdenis.fr\\\/actualite\\\/#website\",\"url\":\"https:\\\/\\\/seinesaintdenis.fr\\\/actualite\\\/\",\"name\":\"Seine-Saint-Denis - L'actualit\u00e9 du d\u00e9partement\",\"description\":\"L&#039;actualit\u00e9 du D\u00e9partement de la Seine-Saint-Denis\",\"publisher\":{\"@id\":\"https:\\\/\\\/seinesaintdenis.fr\\\/actualite\\\/#organization\"},\"potentialAction\":[{\"@type\":\"SearchAction\",\"target\":{\"@type\":\"EntryPoint\",\"urlTemplate\":\"https:\\\/\\\/seinesaintdenis.fr\\\/actualite\\\/?s={search_term_string}\"},\"query-input\":{\"@type\":\"PropertyValueSpecification\",\"valueRequired\":true,\"valueName\":\"search_term_string\"}}],\"inLanguage\":\"fr-FR\"},{\"@type\":\"Organization\",\"@id\":\"https:\\\/\\\/seinesaintdenis.fr\\\/actualite\\\/#organization\",\"name\":\"Seine-Saint-Denis - Le D\u00e9partement\",\"url\":\"https:\\\/\\\/seinesaintdenis.fr\\\/actualite\\\/\",\"logo\":{\"@type\":\"ImageObject\",\"inLanguage\":\"fr-FR\",\"@id\":\"https:\\\/\\\/seinesaintdenis.fr\\\/actualite\\\/#\\\/schema\\\/logo\\\/image\\\/\",\"url\":\"https:\\\/\\\/seinesaintdenis.fr\\\/actualite\\\/wp-content\\\/uploads\\\/2024\\\/08\\\/logo.png\",\"contentUrl\":\"https:\\\/\\\/seinesaintdenis.fr\\\/actualite\\\/wp-content\\\/uploads\\\/2024\\\/08\\\/logo.png\",\"width\":567,\"height\":172,\"caption\":\"Seine-Saint-Denis - Le D\u00e9partement\"},\"image\":{\"@id\":\"https:\\\/\\\/seinesaintdenis.fr\\\/actualite\\\/#\\\/schema\\\/logo\\\/image\\\/\"},\"sameAs\":[\"https:\\\/\\\/www.facebook.com\\\/seinesaintdenisledepartement\",\"https:\\\/\\\/x.com\\\/seinesaintdenis\",\"https:\\\/\\\/www.linkedin.com\\\/company\\\/seinesaintdenis\",\"https:\\\/\\\/www.instagram.com\\\/seine_saint_denis\\\/\",\"https:\\\/\\\/www.youtube.com\\\/channel\\\/UCR5YF9NnqiLCbnrKQgLUcIw\"]},{\"@type\":\"Person\",\"@id\":\"https:\\\/\\\/seinesaintdenis.fr\\\/actualite\\\/#\\\/schema\\\/person\\\/83cfb60412523dce14a752f37ae506fb\",\"name\":\"Nicolas Le H\u00e9riss\u00e9\",\"image\":{\"@type\":\"ImageObject\",\"inLanguage\":\"fr-FR\",\"@id\":\"https:\\\/\\\/secure.gravatar.com\\\/avatar\\\/7a037480306fa242c59436a102dc6a4d72cab164610d2fc68cf59229872c6a50?s=96&d=mm&r=g\",\"url\":\"https:\\\/\\\/secure.gravatar.com\\\/avatar\\\/7a037480306fa242c59436a102dc6a4d72cab164610d2fc68cf59229872c6a50?s=96&d=mm&r=g\",\"contentUrl\":\"https:\\\/\\\/secure.gravatar.com\\\/avatar\\\/7a037480306fa242c59436a102dc6a4d72cab164610d2fc68cf59229872c6a50?s=96&d=mm&r=g\",\"caption\":\"Nicolas Le H\u00e9riss\u00e9\"},\"url\":\"https:\\\/\\\/seinesaintdenis.fr\\\/actualite\\\/author\\\/nleherisse\\\/\"}]}<\/script>\n<!-- \/ Yoast SEO plugin. -->","yoast_head_json":{"title":"Le D\u00e9partement encourage ses champion.ne.s - Seine-Saint-Denis - L&#039;actualit\u00e9 du d\u00e9partement","description":"La 6e promotion de G\u00e9n\u00e9ration Jeux a \u00e9t\u00e9 pr\u00e9sent\u00e9e vendredi 12 mai \u00e0 Aubervilliers. 35 athl\u00e8tes, 16 filles et 19 gar\u00e7ons, sont soutenus par le D\u00e9partement pour faire rayonner les couleurs de la Seine-Saint-Denis. Parmi eux, plusieurs ont pour ligne de mire les Jeux Olympiques et Paralympiques de Paris 2024.","robots":{"index":"index","follow":"follow","max-snippet":"max-snippet:-1","max-image-preview":"max-image-preview:large","max-video-preview":"max-video-preview:-1"},"canonical":"https:\/\/seinesaintdenis.fr\/actualite\/sport-loisirs\/jeux-olympiques-et-paralympiques\/Le-Departement-encourage-ses-champion-ne-s\/","og_locale":"fr_FR","og_type":"article","og_title":"Le D\u00e9partement encourage ses champion.ne.s - Seine-Saint-Denis - L&#039;actualit\u00e9 du d\u00e9partement","og_description":"La 6e promotion de G\u00e9n\u00e9ration Jeux a \u00e9t\u00e9 pr\u00e9sent\u00e9e vendredi 12 mai \u00e0 Aubervilliers. 35 athl\u00e8tes, 16 filles et 19 gar\u00e7ons, sont soutenus par le D\u00e9partement pour faire rayonner les couleurs de la Seine-Saint-Denis. Parmi eux, plusieurs ont pour ligne de mire les Jeux Olympiques et Paralympiques de Paris 2024.","og_url":"https:\/\/seinesaintdenis.fr\/actualite\/sport-loisirs\/jeux-olympiques-et-paralympiques\/Le-Departement-encourage-ses-champion-ne-s\/","og_site_name":"Seine-Saint-Denis - L&#039;actualit\u00e9 du d\u00e9partement","article_publisher":"https:\/\/www.facebook.com\/seinesaintdenisledepartement","article_published_time":"2023-05-23T07:33:56+00:00","article_modified_time":"2023-05-23T10:22:26+00:00","og_image":[{"width":1090,"height":560,"url":"https:\/\/seinesaintdenis.fr\/actualite\/wp-content\/uploads\/2023\/05\/7.jpg","type":"image\/jpeg"}],"author":"Nicolas Le H\u00e9riss\u00e9","twitter_card":"summary_large_image","twitter_creator":"@seinesaintdenis","twitter_site":"@seinesaintdenis","twitter_misc":{"\u00c9crit par":"Nicolas Le H\u00e9riss\u00e9"},"schema":{"@context":"https:\/\/schema.org","@graph":[{"@type":"Article","@id":"https:\/\/seinesaintdenis.fr\/actualite\/sport-loisirs\/jeux-olympiques-et-paralympiques\/Le-Departement-encourage-ses-champion-ne-s\/#article","isPartOf":{"@id":"https:\/\/seinesaintdenis.fr\/actualite\/sport-loisirs\/jeux-olympiques-et-paralympiques\/Le-Departement-encourage-ses-champion-ne-s\/"},"author":{"name":"Nicolas Le H\u00e9riss\u00e9","@id":"https:\/\/seinesaintdenis.fr\/actualite\/#\/schema\/person\/83cfb60412523dce14a752f37ae506fb"},"headline":"Le D\u00e9partement encourage ses champion.ne.s","datePublished":"2023-05-23T07:33:56+00:00","dateModified":"2023-05-23T10:22:26+00:00","mainEntityOfPage":{"@id":"https:\/\/seinesaintdenis.fr\/actualite\/sport-loisirs\/jeux-olympiques-et-paralympiques\/Le-Departement-encourage-ses-champion-ne-s\/"},"wordCount":8,"commentCount":0,"publisher":{"@id":"https:\/\/seinesaintdenis.fr\/actualite\/#organization"},"image":{"@id":"https:\/\/seinesaintdenis.fr\/actualite\/sport-loisirs\/jeux-olympiques-et-paralympiques\/Le-Departement-encourage-ses-champion-ne-s\/#primaryimage"},"thumbnailUrl":"https:\/\/seinesaintdenis.fr\/actualite\/wp-content\/uploads\/2023\/05\/7.jpg","articleSection":["Sport"],"inLanguage":"fr-FR","potentialAction":[{"@type":"CommentAction","name":"Comment","target":["https:\/\/seinesaintdenis.fr\/actualite\/sport-loisirs\/jeux-olympiques-et-paralympiques\/Le-Departement-encourage-ses-champion-ne-s\/#respond"]}]},{"@type":"WebPage","@id":"https:\/\/seinesaintdenis.fr\/actualite\/sport-loisirs\/jeux-olympiques-et-paralympiques\/Le-Departement-encourage-ses-champion-ne-s\/","url":"https:\/\/seinesaintdenis.fr\/actualite\/sport-loisirs\/jeux-olympiques-et-paralympiques\/Le-Departement-encourage-ses-champion-ne-s\/","name":"Le D\u00e9partement encourage ses champion.ne.s - Seine-Saint-Denis - L&#039;actualit\u00e9 du d\u00e9partement","isPartOf":{"@id":"https:\/\/seinesaintdenis.fr\/actualite\/#website"},"primaryImageOfPage":{"@id":"https:\/\/seinesaintdenis.fr\/actualite\/sport-loisirs\/jeux-olympiques-et-paralympiques\/Le-Departement-encourage-ses-champion-ne-s\/#primaryimage"},"image":{"@id":"https:\/\/seinesaintdenis.fr\/actualite\/sport-loisirs\/jeux-olympiques-et-paralympiques\/Le-Departement-encourage-ses-champion-ne-s\/#primaryimage"},"thumbnailUrl":"https:\/\/seinesaintdenis.fr\/actualite\/wp-content\/uploads\/2023\/05\/7.jpg","datePublished":"2023-05-23T07:33:56+00:00","dateModified":"2023-05-23T10:22:26+00:00","description":"La 6e promotion de G\u00e9n\u00e9ration Jeux a \u00e9t\u00e9 pr\u00e9sent\u00e9e vendredi 12 mai \u00e0 Aubervilliers. 35 athl\u00e8tes, 16 filles et 19 gar\u00e7ons, sont soutenus par le D\u00e9partement pour faire rayonner les couleurs de la Seine-Saint-Denis. Parmi eux, plusieurs ont pour ligne de mire les Jeux Olympiques et Paralympiques de Paris 2024.","breadcrumb":{"@id":"https:\/\/seinesaintdenis.fr\/actualite\/sport-loisirs\/jeux-olympiques-et-paralympiques\/Le-Departement-encourage-ses-champion-ne-s\/#breadcrumb"},"inLanguage":"fr-FR","potentialAction":[{"@type":"ReadAction","target":["https:\/\/seinesaintdenis.fr\/actualite\/sport-loisirs\/jeux-olympiques-et-paralympiques\/Le-Departement-encourage-ses-champion-ne-s\/"]}]},{"@type":"ImageObject","inLanguage":"fr-FR","@id":"https:\/\/seinesaintdenis.fr\/actualite\/sport-loisirs\/jeux-olympiques-et-paralympiques\/Le-Departement-encourage-ses-champion-ne-s\/#primaryimage","url":"https:\/\/seinesaintdenis.fr\/actualite\/wp-content\/uploads\/2023\/05\/7.jpg","contentUrl":"https:\/\/seinesaintdenis.fr\/actualite\/wp-content\/uploads\/2023\/05\/7.jpg","width":1090,"height":560,"caption":"Fin de soir\u00e9e - accueil de la promotion \"G\u00e9n\u00e9ration Jeux 2023\""},{"@type":"BreadcrumbList","@id":"https:\/\/seinesaintdenis.fr\/actualite\/sport-loisirs\/jeux-olympiques-et-paralympiques\/Le-Departement-encourage-ses-champion-ne-s\/#breadcrumb","itemListElement":[{"@type":"ListItem","position":1,"name":"Accueil","item":"https:\/\/seinesaintdenis.fr\/actualite\/"},{"@type":"ListItem","position":2,"name":"Sport &amp; Loisirs","item":"https:\/\/seinesaintdenis.fr\/actualite\/sport-loisirs\/"},{"@type":"ListItem","position":3,"name":"Le D\u00e9partement encourage ses champion.ne.s"}]},{"@type":"WebSite","@id":"https:\/\/seinesaintdenis.fr\/actualite\/#website","url":"https:\/\/seinesaintdenis.fr\/actualite\/","name":"Seine-Saint-Denis - L'actualit\u00e9 du d\u00e9partement","description":"L&#039;actualit\u00e9 du D\u00e9partement de la Seine-Saint-Denis","publisher":{"@id":"https:\/\/seinesaintdenis.fr\/actualite\/#organization"},"potentialAction":[{"@type":"SearchAction","target":{"@type":"EntryPoint","urlTemplate":"https:\/\/seinesaintdenis.fr\/actualite\/?s={search_term_string}"},"query-input":{"@type":"PropertyValueSpecification","valueRequired":true,"valueName":"search_term_string"}}],"inLanguage":"fr-FR"},{"@type":"Organization","@id":"https:\/\/seinesaintdenis.fr\/actualite\/#organization","name":"Seine-Saint-Denis - Le D\u00e9partement","url":"https:\/\/seinesaintdenis.fr\/actualite\/","logo":{"@type":"ImageObject","inLanguage":"fr-FR","@id":"https:\/\/seinesaintdenis.fr\/actualite\/#\/schema\/logo\/image\/","url":"https:\/\/seinesaintdenis.fr\/actualite\/wp-content\/uploads\/2024\/08\/logo.png","contentUrl":"https:\/\/seinesaintdenis.fr\/actualite\/wp-content\/uploads\/2024\/08\/logo.png","width":567,"height":172,"caption":"Seine-Saint-Denis - Le D\u00e9partement"},"image":{"@id":"https:\/\/seinesaintdenis.fr\/actualite\/#\/schema\/logo\/image\/"},"sameAs":["https:\/\/www.facebook.com\/seinesaintdenisledepartement","https:\/\/x.com\/seinesaintdenis","https:\/\/www.linkedin.com\/company\/seinesaintdenis","https:\/\/www.instagram.com\/seine_saint_denis\/","https:\/\/www.youtube.com\/channel\/UCR5YF9NnqiLCbnrKQgLUcIw"]},{"@type":"Person","@id":"https:\/\/seinesaintdenis.fr\/actualite\/#\/schema\/person\/83cfb60412523dce14a752f37ae506fb","name":"Nicolas Le H\u00e9riss\u00e9","image":{"@type":"ImageObject","inLanguage":"fr-FR","@id":"https:\/\/secure.gravatar.com\/avatar\/7a037480306fa242c59436a102dc6a4d72cab164610d2fc68cf59229872c6a50?s=96&d=mm&r=g","url":"https:\/\/secure.gravatar.com\/avatar\/7a037480306fa242c59436a102dc6a4d72cab164610d2fc68cf59229872c6a50?s=96&d=mm&r=g","contentUrl":"https:\/\/secure.gravatar.com\/avatar\/7a037480306fa242c59436a102dc6a4d72cab164610d2fc68cf59229872c6a50?s=96&d=mm&r=g","caption":"Nicolas Le H\u00e9riss\u00e9"},"url":"https:\/\/seinesaintdenis.fr\/actualite\/author\/nleherisse\/"}]}},"_links":{"self":[{"href":"https:\/\/seinesaintdenis.fr\/actualite\/wp-json\/wp\/v2\/posts\/2651","targetHints":{"allow":["GET"]}}],"collection":[{"href":"https:\/\/seinesaintdenis.fr\/actualite\/wp-json\/wp\/v2\/posts"}],"about":[{"href":"https:\/\/seinesaintdenis.fr\/actualite\/wp-json\/wp\/v2\/types\/post"}],"author":[{"embeddable":true,"href":"https:\/\/seinesaintdenis.fr\/actualite\/wp-json\/wp\/v2\/users\/38"}],"replies":[{"embeddable":true,"href":"https:\/\/seinesaintdenis.fr\/actualite\/wp-json\/wp\/v2\/comments?post=2651"}],"version-history":[{"count":3,"href":"https:\/\/seinesaintdenis.fr\/actualite\/wp-json\/wp\/v2\/posts\/2651\/revisions"}],"predecessor-version":[{"id":2729,"href":"https:\/\/seinesaintdenis.fr\/actualite\/wp-json\/wp\/v2\/posts\/2651\/revisions\/2729"}],"wp:featuredmedia":[{"embeddable":true,"href":"https:\/\/seinesaintdenis.fr\/actualite\/wp-json\/wp\/v2\/media\/2218"}],"wp:attachment":[{"href":"https:\/\/seinesaintdenis.fr\/actualite\/wp-json\/wp\/v2\/media?parent=2651"}],"wp:term":[{"taxonomy":"category","embeddable":true,"href":"https:\/\/seinesaintdenis.fr\/actualite\/wp-json\/wp\/v2\/categories?post=2651"},{"taxonomy":"ville","embeddable":true,"href":"https:\/\/seinesaintdenis.fr\/actualite\/wp-json\/wp\/v2\/ville?post=2651"}],"curies":[{"name":"wp","href":"https:\/\/api.w.org\/{rel}","templated":true}]}}