{"id":25657,"date":"2025-05-16T10:54:02","date_gmt":"2025-05-16T08:54:02","guid":{"rendered":"https:\/\/seinesaintdenis.fr\/actualite\/?p=25657"},"modified":"2025-05-16T11:28:11","modified_gmt":"2025-05-16T09:28:11","slug":"Les-collegiens-de-Gagny-a-la-conquete-de-la-Coree-du-Sud","status":"publish","type":"post","link":"https:\/\/seinesaintdenis.fr\/actualite\/jeunesse-education\/Colleges\/Les-collegiens-de-Gagny-a-la-conquete-de-la-Coree-du-Sud\/","title":{"rendered":"Des coll\u00e9giens de Gagny \u00e0 la d\u00e9couverte de la Cor\u00e9e du Sud"},"content":{"rendered":"","protected":false},"excerpt":{"rendered":"","protected":false},"author":26,"featured_media":25821,"comment_status":"open","ping_status":"open","sticky":false,"template":"","format":"standard","meta":{"_acf_changed":false,"footnotes":""},"categories":[100],"ville":[71],"class_list":["post-25657","post","type-post","status-publish","format-standard","has-post-thumbnail","hentry","category-Colleges"],"acf":[],"yoast_head":"<!-- This site is optimized with the Yoast SEO plugin v27.4 - https:\/\/yoast.com\/product\/yoast-seo-wordpress\/ -->\n<title>Des coll\u00e9giens de Gagny \u00e0 la d\u00e9couverte de la Cor\u00e9e du Sud - Seine-Saint-Denis - L&#039;actualit\u00e9 du d\u00e9partement<\/title>\n<meta name=\"description\" content=\"En avril dernier, quinze \u00e9l\u00e8ves de classes Segpa du coll\u00e8ge Th\u00e9odore-Monod, \u00e0 Gagny, sont partis dix jours en Cor\u00e9e du Sud. Un voyage organis\u00e9 dans le cadre de \u00ab 130 pays, 130 coll\u00e8ges \u00bb, un dispositif lanc\u00e9 par le D\u00e9partement qui vise \u00e0 mobiliser les \u00e9l\u00e8ves autour des Jeux olympiques et paralympiques de 2024 et qui r\u00e9sonne encore un an plus tard. Le 6 mai, ils \u00e9taient invit\u00e9s \u00e0 faire le bilan de ce voyage exceptionnel.\" \/>\n<meta name=\"robots\" content=\"index, follow, max-snippet:-1, max-image-preview:large, max-video-preview:-1\" \/>\n<link rel=\"canonical\" href=\"https:\/\/seinesaintdenis.fr\/actualite\/jeunesse-education\/Colleges\/Les-collegiens-de-Gagny-a-la-conquete-de-la-Coree-du-Sud\/\" \/>\n<meta property=\"og:locale\" content=\"fr_FR\" \/>\n<meta property=\"og:type\" content=\"article\" \/>\n<meta property=\"og:title\" content=\"Des coll\u00e9giens de Gagny \u00e0 la d\u00e9couverte de la Cor\u00e9e du Sud - Seine-Saint-Denis - L&#039;actualit\u00e9 du d\u00e9partement\" \/>\n<meta property=\"og:description\" content=\"En avril dernier, quinze \u00e9l\u00e8ves de classes Segpa du coll\u00e8ge Th\u00e9odore-Monod, \u00e0 Gagny, sont partis dix jours en Cor\u00e9e du Sud. Un voyage organis\u00e9 dans le cadre de \u00ab 130 pays, 130 coll\u00e8ges \u00bb, un dispositif lanc\u00e9 par le D\u00e9partement qui vise \u00e0 mobiliser les \u00e9l\u00e8ves autour des Jeux olympiques et paralympiques de 2024 et qui r\u00e9sonne encore un an plus tard. Le 6 mai, ils \u00e9taient invit\u00e9s \u00e0 faire le bilan de ce voyage exceptionnel.\" \/>\n<meta property=\"og:url\" content=\"https:\/\/seinesaintdenis.fr\/actualite\/jeunesse-education\/Colleges\/Les-collegiens-de-Gagny-a-la-conquete-de-la-Coree-du-Sud\/\" \/>\n<meta property=\"og:site_name\" content=\"Seine-Saint-Denis - L&#039;actualit\u00e9 du d\u00e9partement\" \/>\n<meta property=\"article:publisher\" content=\"https:\/\/www.facebook.com\/seinesaintdenisledepartement\" \/>\n<meta property=\"article:published_time\" content=\"2025-05-16T08:54:02+00:00\" \/>\n<meta property=\"article:modified_time\" content=\"2025-05-16T09:28:11+00:00\" \/>\n<meta property=\"og:image\" content=\"https:\/\/seinesaintdenis.fr\/actualite\/wp-content\/uploads\/2025\/05\/theodore-monod-au-palais-de-gyeongbokung.jpg\" \/>\n\t<meta property=\"og:image:width\" content=\"1090\" \/>\n\t<meta property=\"og:image:height\" content=\"560\" \/>\n\t<meta property=\"og:image:type\" content=\"image\/jpeg\" \/>\n<meta name=\"author\" content=\"Gr\u00e9goire Remund\" \/>\n<meta name=\"twitter:card\" content=\"summary_large_image\" \/>\n<meta name=\"twitter:creator\" content=\"@seinesaintdenis\" \/>\n<meta name=\"twitter:site\" content=\"@seinesaintdenis\" \/>\n<meta name=\"twitter:label1\" content=\"\u00c9crit par\" \/>\n\t<meta name=\"twitter:data1\" content=\"Gr\u00e9goire Remund\" \/>\n\t<meta name=\"twitter:label2\" content=\"Dur\u00e9e de lecture estim\u00e9e\" \/>\n\t<meta name=\"twitter:data2\" content=\"1 minute\" \/>\n<script type=\"application\/ld+json\" class=\"yoast-schema-graph\">{\"@context\":\"https:\\\/\\\/schema.org\",\"@graph\":[{\"@type\":\"Article\",\"@id\":\"https:\\\/\\\/seinesaintdenis.fr\\\/actualite\\\/jeunesse-education\\\/Colleges\\\/Les-collegiens-de-Gagny-a-la-conquete-de-la-Coree-du-Sud\\\/#article\",\"isPartOf\":{\"@id\":\"https:\\\/\\\/seinesaintdenis.fr\\\/actualite\\\/jeunesse-education\\\/Colleges\\\/Les-collegiens-de-Gagny-a-la-conquete-de-la-Coree-du-Sud\\\/\"},\"author\":{\"name\":\"Gr\u00e9goire Remund\",\"@id\":\"https:\\\/\\\/seinesaintdenis.fr\\\/actualite\\\/#\\\/schema\\\/person\\\/58432d2a0f20db4c094bf3cf2bdf6fc6\"},\"headline\":\"Des coll\u00e9giens de Gagny \u00e0 la d\u00e9couverte de la Cor\u00e9e du Sud\",\"datePublished\":\"2025-05-16T08:54:02+00:00\",\"dateModified\":\"2025-05-16T09:28:11+00:00\",\"mainEntityOfPage\":{\"@id\":\"https:\\\/\\\/seinesaintdenis.fr\\\/actualite\\\/jeunesse-education\\\/Colleges\\\/Les-collegiens-de-Gagny-a-la-conquete-de-la-Coree-du-Sud\\\/\"},\"wordCount\":14,\"commentCount\":2,\"publisher\":{\"@id\":\"https:\\\/\\\/seinesaintdenis.fr\\\/actualite\\\/#organization\"},\"image\":{\"@id\":\"https:\\\/\\\/seinesaintdenis.fr\\\/actualite\\\/jeunesse-education\\\/Colleges\\\/Les-collegiens-de-Gagny-a-la-conquete-de-la-Coree-du-Sud\\\/#primaryimage\"},\"thumbnailUrl\":\"https:\\\/\\\/seinesaintdenis.fr\\\/actualite\\\/wp-content\\\/uploads\\\/2025\\\/05\\\/theodore-monod-au-palais-de-gyeongbokung.jpg\",\"articleSection\":[\"Coll\u00e8ges\"],\"inLanguage\":\"fr-FR\",\"potentialAction\":[{\"@type\":\"CommentAction\",\"name\":\"Comment\",\"target\":[\"https:\\\/\\\/seinesaintdenis.fr\\\/actualite\\\/jeunesse-education\\\/Colleges\\\/Les-collegiens-de-Gagny-a-la-conquete-de-la-Coree-du-Sud\\\/#respond\"]}]},{\"@type\":\"WebPage\",\"@id\":\"https:\\\/\\\/seinesaintdenis.fr\\\/actualite\\\/jeunesse-education\\\/Colleges\\\/Les-collegiens-de-Gagny-a-la-conquete-de-la-Coree-du-Sud\\\/\",\"url\":\"https:\\\/\\\/seinesaintdenis.fr\\\/actualite\\\/jeunesse-education\\\/Colleges\\\/Les-collegiens-de-Gagny-a-la-conquete-de-la-Coree-du-Sud\\\/\",\"name\":\"Des coll\u00e9giens de Gagny \u00e0 la d\u00e9couverte de la Cor\u00e9e du Sud - Seine-Saint-Denis - L&#039;actualit\u00e9 du d\u00e9partement\",\"isPartOf\":{\"@id\":\"https:\\\/\\\/seinesaintdenis.fr\\\/actualite\\\/#website\"},\"primaryImageOfPage\":{\"@id\":\"https:\\\/\\\/seinesaintdenis.fr\\\/actualite\\\/jeunesse-education\\\/Colleges\\\/Les-collegiens-de-Gagny-a-la-conquete-de-la-Coree-du-Sud\\\/#primaryimage\"},\"image\":{\"@id\":\"https:\\\/\\\/seinesaintdenis.fr\\\/actualite\\\/jeunesse-education\\\/Colleges\\\/Les-collegiens-de-Gagny-a-la-conquete-de-la-Coree-du-Sud\\\/#primaryimage\"},\"thumbnailUrl\":\"https:\\\/\\\/seinesaintdenis.fr\\\/actualite\\\/wp-content\\\/uploads\\\/2025\\\/05\\\/theodore-monod-au-palais-de-gyeongbokung.jpg\",\"datePublished\":\"2025-05-16T08:54:02+00:00\",\"dateModified\":\"2025-05-16T09:28:11+00:00\",\"description\":\"En avril dernier, quinze \u00e9l\u00e8ves de classes Segpa du coll\u00e8ge Th\u00e9odore-Monod, \u00e0 Gagny, sont partis dix jours en Cor\u00e9e du Sud. Un voyage organis\u00e9 dans le cadre de \u00ab 130 pays, 130 coll\u00e8ges \u00bb, un dispositif lanc\u00e9 par le D\u00e9partement qui vise \u00e0 mobiliser les \u00e9l\u00e8ves autour des Jeux olympiques et paralympiques de 2024 et qui r\u00e9sonne encore un an plus tard. Le 6 mai, ils \u00e9taient invit\u00e9s \u00e0 faire le bilan de ce voyage exceptionnel.\",\"breadcrumb\":{\"@id\":\"https:\\\/\\\/seinesaintdenis.fr\\\/actualite\\\/jeunesse-education\\\/Colleges\\\/Les-collegiens-de-Gagny-a-la-conquete-de-la-Coree-du-Sud\\\/#breadcrumb\"},\"inLanguage\":\"fr-FR\",\"potentialAction\":[{\"@type\":\"ReadAction\",\"target\":[\"https:\\\/\\\/seinesaintdenis.fr\\\/actualite\\\/jeunesse-education\\\/Colleges\\\/Les-collegiens-de-Gagny-a-la-conquete-de-la-Coree-du-Sud\\\/\"]}]},{\"@type\":\"ImageObject\",\"inLanguage\":\"fr-FR\",\"@id\":\"https:\\\/\\\/seinesaintdenis.fr\\\/actualite\\\/jeunesse-education\\\/Colleges\\\/Les-collegiens-de-Gagny-a-la-conquete-de-la-Coree-du-Sud\\\/#primaryimage\",\"url\":\"https:\\\/\\\/seinesaintdenis.fr\\\/actualite\\\/wp-content\\\/uploads\\\/2025\\\/05\\\/theodore-monod-au-palais-de-gyeongbokung.jpg\",\"contentUrl\":\"https:\\\/\\\/seinesaintdenis.fr\\\/actualite\\\/wp-content\\\/uploads\\\/2025\\\/05\\\/theodore-monod-au-palais-de-gyeongbokung.jpg\",\"width\":1090,\"height\":560},{\"@type\":\"BreadcrumbList\",\"@id\":\"https:\\\/\\\/seinesaintdenis.fr\\\/actualite\\\/jeunesse-education\\\/Colleges\\\/Les-collegiens-de-Gagny-a-la-conquete-de-la-Coree-du-Sud\\\/#breadcrumb\",\"itemListElement\":[{\"@type\":\"ListItem\",\"position\":1,\"name\":\"Accueil\",\"item\":\"https:\\\/\\\/seinesaintdenis.fr\\\/actualite\\\/\"},{\"@type\":\"ListItem\",\"position\":2,\"name\":\"Jeunesse &amp; \u00c9ducation\",\"item\":\"https:\\\/\\\/seinesaintdenis.fr\\\/actualite\\\/jeunesse-education\\\/\"},{\"@type\":\"ListItem\",\"position\":3,\"name\":\"Coll\u00e8ges\",\"item\":\"https:\\\/\\\/seinesaintdenis.fr\\\/actualite\\\/jeunesse-education\\\/Colleges\\\/\"},{\"@type\":\"ListItem\",\"position\":4,\"name\":\"Des coll\u00e9giens de Gagny \u00e0 la d\u00e9couverte de la Cor\u00e9e du Sud\"}]},{\"@type\":\"WebSite\",\"@id\":\"https:\\\/\\\/seinesaintdenis.fr\\\/actualite\\\/#website\",\"url\":\"https:\\\/\\\/seinesaintdenis.fr\\\/actualite\\\/\",\"name\":\"Seine-Saint-Denis - L'actualit\u00e9 du d\u00e9partement\",\"description\":\"L&#039;actualit\u00e9 du D\u00e9partement de la Seine-Saint-Denis\",\"publisher\":{\"@id\":\"https:\\\/\\\/seinesaintdenis.fr\\\/actualite\\\/#organization\"},\"potentialAction\":[{\"@type\":\"SearchAction\",\"target\":{\"@type\":\"EntryPoint\",\"urlTemplate\":\"https:\\\/\\\/seinesaintdenis.fr\\\/actualite\\\/?s={search_term_string}\"},\"query-input\":{\"@type\":\"PropertyValueSpecification\",\"valueRequired\":true,\"valueName\":\"search_term_string\"}}],\"inLanguage\":\"fr-FR\"},{\"@type\":\"Organization\",\"@id\":\"https:\\\/\\\/seinesaintdenis.fr\\\/actualite\\\/#organization\",\"name\":\"Seine-Saint-Denis - Le D\u00e9partement\",\"url\":\"https:\\\/\\\/seinesaintdenis.fr\\\/actualite\\\/\",\"logo\":{\"@type\":\"ImageObject\",\"inLanguage\":\"fr-FR\",\"@id\":\"https:\\\/\\\/seinesaintdenis.fr\\\/actualite\\\/#\\\/schema\\\/logo\\\/image\\\/\",\"url\":\"https:\\\/\\\/seinesaintdenis.fr\\\/actualite\\\/wp-content\\\/uploads\\\/2024\\\/08\\\/logo.png\",\"contentUrl\":\"https:\\\/\\\/seinesaintdenis.fr\\\/actualite\\\/wp-content\\\/uploads\\\/2024\\\/08\\\/logo.png\",\"width\":567,\"height\":172,\"caption\":\"Seine-Saint-Denis - Le D\u00e9partement\"},\"image\":{\"@id\":\"https:\\\/\\\/seinesaintdenis.fr\\\/actualite\\\/#\\\/schema\\\/logo\\\/image\\\/\"},\"sameAs\":[\"https:\\\/\\\/www.facebook.com\\\/seinesaintdenisledepartement\",\"https:\\\/\\\/x.com\\\/seinesaintdenis\",\"https:\\\/\\\/www.linkedin.com\\\/company\\\/seinesaintdenis\",\"https:\\\/\\\/www.instagram.com\\\/seine_saint_denis\\\/\",\"https:\\\/\\\/www.youtube.com\\\/channel\\\/UCR5YF9NnqiLCbnrKQgLUcIw\"]},{\"@type\":\"Person\",\"@id\":\"https:\\\/\\\/seinesaintdenis.fr\\\/actualite\\\/#\\\/schema\\\/person\\\/58432d2a0f20db4c094bf3cf2bdf6fc6\",\"name\":\"Gr\u00e9goire Remund\",\"image\":{\"@type\":\"ImageObject\",\"inLanguage\":\"fr-FR\",\"@id\":\"https:\\\/\\\/secure.gravatar.com\\\/avatar\\\/4faed524c5ca22d4ed513bb08a055444568a0e4b2bd125a80c28e468f5f4f915?s=96&d=mm&r=g\",\"url\":\"https:\\\/\\\/secure.gravatar.com\\\/avatar\\\/4faed524c5ca22d4ed513bb08a055444568a0e4b2bd125a80c28e468f5f4f915?s=96&d=mm&r=g\",\"contentUrl\":\"https:\\\/\\\/secure.gravatar.com\\\/avatar\\\/4faed524c5ca22d4ed513bb08a055444568a0e4b2bd125a80c28e468f5f4f915?s=96&d=mm&r=g\",\"caption\":\"Gr\u00e9goire Remund\"},\"url\":\"https:\\\/\\\/seinesaintdenis.fr\\\/actualite\\\/author\\\/gremund\\\/\"}]}<\/script>\n<!-- \/ Yoast SEO plugin. -->","yoast_head_json":{"title":"Des coll\u00e9giens de Gagny \u00e0 la d\u00e9couverte de la Cor\u00e9e du Sud - Seine-Saint-Denis - L&#039;actualit\u00e9 du d\u00e9partement","description":"En avril dernier, quinze \u00e9l\u00e8ves de classes Segpa du coll\u00e8ge Th\u00e9odore-Monod, \u00e0 Gagny, sont partis dix jours en Cor\u00e9e du Sud. Un voyage organis\u00e9 dans le cadre de \u00ab 130 pays, 130 coll\u00e8ges \u00bb, un dispositif lanc\u00e9 par le D\u00e9partement qui vise \u00e0 mobiliser les \u00e9l\u00e8ves autour des Jeux olympiques et paralympiques de 2024 et qui r\u00e9sonne encore un an plus tard. Le 6 mai, ils \u00e9taient invit\u00e9s \u00e0 faire le bilan de ce voyage exceptionnel.","robots":{"index":"index","follow":"follow","max-snippet":"max-snippet:-1","max-image-preview":"max-image-preview:large","max-video-preview":"max-video-preview:-1"},"canonical":"https:\/\/seinesaintdenis.fr\/actualite\/jeunesse-education\/Colleges\/Les-collegiens-de-Gagny-a-la-conquete-de-la-Coree-du-Sud\/","og_locale":"fr_FR","og_type":"article","og_title":"Des coll\u00e9giens de Gagny \u00e0 la d\u00e9couverte de la Cor\u00e9e du Sud - Seine-Saint-Denis - L&#039;actualit\u00e9 du d\u00e9partement","og_description":"En avril dernier, quinze \u00e9l\u00e8ves de classes Segpa du coll\u00e8ge Th\u00e9odore-Monod, \u00e0 Gagny, sont partis dix jours en Cor\u00e9e du Sud. Un voyage organis\u00e9 dans le cadre de \u00ab 130 pays, 130 coll\u00e8ges \u00bb, un dispositif lanc\u00e9 par le D\u00e9partement qui vise \u00e0 mobiliser les \u00e9l\u00e8ves autour des Jeux olympiques et paralympiques de 2024 et qui r\u00e9sonne encore un an plus tard. Le 6 mai, ils \u00e9taient invit\u00e9s \u00e0 faire le bilan de ce voyage exceptionnel.","og_url":"https:\/\/seinesaintdenis.fr\/actualite\/jeunesse-education\/Colleges\/Les-collegiens-de-Gagny-a-la-conquete-de-la-Coree-du-Sud\/","og_site_name":"Seine-Saint-Denis - L&#039;actualit\u00e9 du d\u00e9partement","article_publisher":"https:\/\/www.facebook.com\/seinesaintdenisledepartement","article_published_time":"2025-05-16T08:54:02+00:00","article_modified_time":"2025-05-16T09:28:11+00:00","og_image":[{"width":1090,"height":560,"url":"https:\/\/seinesaintdenis.fr\/actualite\/wp-content\/uploads\/2025\/05\/theodore-monod-au-palais-de-gyeongbokung.jpg","type":"image\/jpeg"}],"author":"Gr\u00e9goire Remund","twitter_card":"summary_large_image","twitter_creator":"@seinesaintdenis","twitter_site":"@seinesaintdenis","twitter_misc":{"\u00c9crit par":"Gr\u00e9goire Remund","Dur\u00e9e de lecture estim\u00e9e":"1 minute"},"schema":{"@context":"https:\/\/schema.org","@graph":[{"@type":"Article","@id":"https:\/\/seinesaintdenis.fr\/actualite\/jeunesse-education\/Colleges\/Les-collegiens-de-Gagny-a-la-conquete-de-la-Coree-du-Sud\/#article","isPartOf":{"@id":"https:\/\/seinesaintdenis.fr\/actualite\/jeunesse-education\/Colleges\/Les-collegiens-de-Gagny-a-la-conquete-de-la-Coree-du-Sud\/"},"author":{"name":"Gr\u00e9goire Remund","@id":"https:\/\/seinesaintdenis.fr\/actualite\/#\/schema\/person\/58432d2a0f20db4c094bf3cf2bdf6fc6"},"headline":"Des coll\u00e9giens de Gagny \u00e0 la d\u00e9couverte de la Cor\u00e9e du Sud","datePublished":"2025-05-16T08:54:02+00:00","dateModified":"2025-05-16T09:28:11+00:00","mainEntityOfPage":{"@id":"https:\/\/seinesaintdenis.fr\/actualite\/jeunesse-education\/Colleges\/Les-collegiens-de-Gagny-a-la-conquete-de-la-Coree-du-Sud\/"},"wordCount":14,"commentCount":2,"publisher":{"@id":"https:\/\/seinesaintdenis.fr\/actualite\/#organization"},"image":{"@id":"https:\/\/seinesaintdenis.fr\/actualite\/jeunesse-education\/Colleges\/Les-collegiens-de-Gagny-a-la-conquete-de-la-Coree-du-Sud\/#primaryimage"},"thumbnailUrl":"https:\/\/seinesaintdenis.fr\/actualite\/wp-content\/uploads\/2025\/05\/theodore-monod-au-palais-de-gyeongbokung.jpg","articleSection":["Coll\u00e8ges"],"inLanguage":"fr-FR","potentialAction":[{"@type":"CommentAction","name":"Comment","target":["https:\/\/seinesaintdenis.fr\/actualite\/jeunesse-education\/Colleges\/Les-collegiens-de-Gagny-a-la-conquete-de-la-Coree-du-Sud\/#respond"]}]},{"@type":"WebPage","@id":"https:\/\/seinesaintdenis.fr\/actualite\/jeunesse-education\/Colleges\/Les-collegiens-de-Gagny-a-la-conquete-de-la-Coree-du-Sud\/","url":"https:\/\/seinesaintdenis.fr\/actualite\/jeunesse-education\/Colleges\/Les-collegiens-de-Gagny-a-la-conquete-de-la-Coree-du-Sud\/","name":"Des coll\u00e9giens de Gagny \u00e0 la d\u00e9couverte de la Cor\u00e9e du Sud - Seine-Saint-Denis - L&#039;actualit\u00e9 du d\u00e9partement","isPartOf":{"@id":"https:\/\/seinesaintdenis.fr\/actualite\/#website"},"primaryImageOfPage":{"@id":"https:\/\/seinesaintdenis.fr\/actualite\/jeunesse-education\/Colleges\/Les-collegiens-de-Gagny-a-la-conquete-de-la-Coree-du-Sud\/#primaryimage"},"image":{"@id":"https:\/\/seinesaintdenis.fr\/actualite\/jeunesse-education\/Colleges\/Les-collegiens-de-Gagny-a-la-conquete-de-la-Coree-du-Sud\/#primaryimage"},"thumbnailUrl":"https:\/\/seinesaintdenis.fr\/actualite\/wp-content\/uploads\/2025\/05\/theodore-monod-au-palais-de-gyeongbokung.jpg","datePublished":"2025-05-16T08:54:02+00:00","dateModified":"2025-05-16T09:28:11+00:00","description":"En avril dernier, quinze \u00e9l\u00e8ves de classes Segpa du coll\u00e8ge Th\u00e9odore-Monod, \u00e0 Gagny, sont partis dix jours en Cor\u00e9e du Sud. Un voyage organis\u00e9 dans le cadre de \u00ab 130 pays, 130 coll\u00e8ges \u00bb, un dispositif lanc\u00e9 par le D\u00e9partement qui vise \u00e0 mobiliser les \u00e9l\u00e8ves autour des Jeux olympiques et paralympiques de 2024 et qui r\u00e9sonne encore un an plus tard. Le 6 mai, ils \u00e9taient invit\u00e9s \u00e0 faire le bilan de ce voyage exceptionnel.","breadcrumb":{"@id":"https:\/\/seinesaintdenis.fr\/actualite\/jeunesse-education\/Colleges\/Les-collegiens-de-Gagny-a-la-conquete-de-la-Coree-du-Sud\/#breadcrumb"},"inLanguage":"fr-FR","potentialAction":[{"@type":"ReadAction","target":["https:\/\/seinesaintdenis.fr\/actualite\/jeunesse-education\/Colleges\/Les-collegiens-de-Gagny-a-la-conquete-de-la-Coree-du-Sud\/"]}]},{"@type":"ImageObject","inLanguage":"fr-FR","@id":"https:\/\/seinesaintdenis.fr\/actualite\/jeunesse-education\/Colleges\/Les-collegiens-de-Gagny-a-la-conquete-de-la-Coree-du-Sud\/#primaryimage","url":"https:\/\/seinesaintdenis.fr\/actualite\/wp-content\/uploads\/2025\/05\/theodore-monod-au-palais-de-gyeongbokung.jpg","contentUrl":"https:\/\/seinesaintdenis.fr\/actualite\/wp-content\/uploads\/2025\/05\/theodore-monod-au-palais-de-gyeongbokung.jpg","width":1090,"height":560},{"@type":"BreadcrumbList","@id":"https:\/\/seinesaintdenis.fr\/actualite\/jeunesse-education\/Colleges\/Les-collegiens-de-Gagny-a-la-conquete-de-la-Coree-du-Sud\/#breadcrumb","itemListElement":[{"@type":"ListItem","position":1,"name":"Accueil","item":"https:\/\/seinesaintdenis.fr\/actualite\/"},{"@type":"ListItem","position":2,"name":"Jeunesse &amp; \u00c9ducation","item":"https:\/\/seinesaintdenis.fr\/actualite\/jeunesse-education\/"},{"@type":"ListItem","position":3,"name":"Coll\u00e8ges","item":"https:\/\/seinesaintdenis.fr\/actualite\/jeunesse-education\/Colleges\/"},{"@type":"ListItem","position":4,"name":"Des coll\u00e9giens de Gagny \u00e0 la d\u00e9couverte de la Cor\u00e9e du Sud"}]},{"@type":"WebSite","@id":"https:\/\/seinesaintdenis.fr\/actualite\/#website","url":"https:\/\/seinesaintdenis.fr\/actualite\/","name":"Seine-Saint-Denis - L'actualit\u00e9 du d\u00e9partement","description":"L&#039;actualit\u00e9 du D\u00e9partement de la Seine-Saint-Denis","publisher":{"@id":"https:\/\/seinesaintdenis.fr\/actualite\/#organization"},"potentialAction":[{"@type":"SearchAction","target":{"@type":"EntryPoint","urlTemplate":"https:\/\/seinesaintdenis.fr\/actualite\/?s={search_term_string}"},"query-input":{"@type":"PropertyValueSpecification","valueRequired":true,"valueName":"search_term_string"}}],"inLanguage":"fr-FR"},{"@type":"Organization","@id":"https:\/\/seinesaintdenis.fr\/actualite\/#organization","name":"Seine-Saint-Denis - Le D\u00e9partement","url":"https:\/\/seinesaintdenis.fr\/actualite\/","logo":{"@type":"ImageObject","inLanguage":"fr-FR","@id":"https:\/\/seinesaintdenis.fr\/actualite\/#\/schema\/logo\/image\/","url":"https:\/\/seinesaintdenis.fr\/actualite\/wp-content\/uploads\/2024\/08\/logo.png","contentUrl":"https:\/\/seinesaintdenis.fr\/actualite\/wp-content\/uploads\/2024\/08\/logo.png","width":567,"height":172,"caption":"Seine-Saint-Denis - Le D\u00e9partement"},"image":{"@id":"https:\/\/seinesaintdenis.fr\/actualite\/#\/schema\/logo\/image\/"},"sameAs":["https:\/\/www.facebook.com\/seinesaintdenisledepartement","https:\/\/x.com\/seinesaintdenis","https:\/\/www.linkedin.com\/company\/seinesaintdenis","https:\/\/www.instagram.com\/seine_saint_denis\/","https:\/\/www.youtube.com\/channel\/UCR5YF9NnqiLCbnrKQgLUcIw"]},{"@type":"Person","@id":"https:\/\/seinesaintdenis.fr\/actualite\/#\/schema\/person\/58432d2a0f20db4c094bf3cf2bdf6fc6","name":"Gr\u00e9goire Remund","image":{"@type":"ImageObject","inLanguage":"fr-FR","@id":"https:\/\/secure.gravatar.com\/avatar\/4faed524c5ca22d4ed513bb08a055444568a0e4b2bd125a80c28e468f5f4f915?s=96&d=mm&r=g","url":"https:\/\/secure.gravatar.com\/avatar\/4faed524c5ca22d4ed513bb08a055444568a0e4b2bd125a80c28e468f5f4f915?s=96&d=mm&r=g","contentUrl":"https:\/\/secure.gravatar.com\/avatar\/4faed524c5ca22d4ed513bb08a055444568a0e4b2bd125a80c28e468f5f4f915?s=96&d=mm&r=g","caption":"Gr\u00e9goire Remund"},"url":"https:\/\/seinesaintdenis.fr\/actualite\/author\/gremund\/"}]}},"_links":{"self":[{"href":"https:\/\/seinesaintdenis.fr\/actualite\/wp-json\/wp\/v2\/posts\/25657","targetHints":{"allow":["GET"]}}],"collection":[{"href":"https:\/\/seinesaintdenis.fr\/actualite\/wp-json\/wp\/v2\/posts"}],"about":[{"href":"https:\/\/seinesaintdenis.fr\/actualite\/wp-json\/wp\/v2\/types\/post"}],"author":[{"embeddable":true,"href":"https:\/\/seinesaintdenis.fr\/actualite\/wp-json\/wp\/v2\/users\/26"}],"replies":[{"embeddable":true,"href":"https:\/\/seinesaintdenis.fr\/actualite\/wp-json\/wp\/v2\/comments?post=25657"}],"version-history":[{"count":11,"href":"https:\/\/seinesaintdenis.fr\/actualite\/wp-json\/wp\/v2\/posts\/25657\/revisions"}],"predecessor-version":[{"id":25835,"href":"https:\/\/seinesaintdenis.fr\/actualite\/wp-json\/wp\/v2\/posts\/25657\/revisions\/25835"}],"wp:featuredmedia":[{"embeddable":true,"href":"https:\/\/seinesaintdenis.fr\/actualite\/wp-json\/wp\/v2\/media\/25821"}],"wp:attachment":[{"href":"https:\/\/seinesaintdenis.fr\/actualite\/wp-json\/wp\/v2\/media?parent=25657"}],"wp:term":[{"taxonomy":"category","embeddable":true,"href":"https:\/\/seinesaintdenis.fr\/actualite\/wp-json\/wp\/v2\/categories?post=25657"},{"taxonomy":"ville","embeddable":true,"href":"https:\/\/seinesaintdenis.fr\/actualite\/wp-json\/wp\/v2\/ville?post=25657"}],"curies":[{"name":"wp","href":"https:\/\/api.w.org\/{rel}","templated":true}]}}