{"id":24860,"date":"2026-03-10T09:23:08","date_gmt":"2026-03-10T08:23:08","guid":{"rendered":"https:\/\/seinesaintdenis.fr\/actualite\/?p=24860"},"modified":"2026-03-23T16:50:05","modified_gmt":"2026-03-23T15:50:05","slug":"Mes-projets-pour-Notre-Dame-de-Paris","status":"publish","type":"post","link":"https:\/\/seinesaintdenis.fr\/actualite\/culture-patrimoine\/Mes-projets-pour-Notre-Dame-de-Paris\/","title":{"rendered":"Mes projets pour Notre-Dame de Paris"},"content":{"rendered":"","protected":false},"excerpt":{"rendered":"","protected":false},"author":10,"featured_media":24931,"comment_status":"open","ping_status":"open","sticky":false,"template":"","format":"standard","meta":{"_acf_changed":false,"footnotes":""},"categories":[9],"ville":[88],"class_list":["post-24860","post","type-post","status-publish","format-standard","has-post-thumbnail","hentry","category-culture-patrimoine"],"acf":[],"yoast_head":"<!-- This site is optimized with the Yoast SEO plugin v27.5 - https:\/\/yoast.com\/product\/yoast-seo-wordpress\/ -->\n<title>Mes projets pour Notre-Dame de Paris - Seine-Saint-Denis - L&#039;actualit\u00e9 du d\u00e9partement<\/title>\n<meta name=\"description\" content=\"Thierry Escaich, natif de Rosny-sous-Bois, est d\u00e9sormais organiste dans l\u2019\u00e9glise la plus c\u00e9l\u00e8bre du monde. Ce compositeur qui a \u00e9crit deux op\u00e9ras et plus de 120 \u0153uvres, enseigne au Conservatoire national sup\u00e9rieur de musique. Il est aussi membre de l\u2019acad\u00e9mie fran\u00e7aise. Il nous parle de ce nouveau chapitre dans sa vie et de ses projets pour Notre Dame.\" \/>\n<meta name=\"robots\" content=\"index, follow, max-snippet:-1, max-image-preview:large, max-video-preview:-1\" \/>\n<link rel=\"canonical\" href=\"https:\/\/seinesaintdenis.fr\/actualite\/culture-patrimoine\/Mes-projets-pour-Notre-Dame-de-Paris\/\" \/>\n<meta property=\"og:locale\" content=\"fr_FR\" \/>\n<meta property=\"og:type\" content=\"article\" \/>\n<meta property=\"og:title\" content=\"Mes projets pour Notre-Dame de Paris - Seine-Saint-Denis - L&#039;actualit\u00e9 du d\u00e9partement\" \/>\n<meta property=\"og:description\" content=\"Thierry Escaich, natif de Rosny-sous-Bois, est d\u00e9sormais organiste dans l\u2019\u00e9glise la plus c\u00e9l\u00e8bre du monde. Ce compositeur qui a \u00e9crit deux op\u00e9ras et plus de 120 \u0153uvres, enseigne au Conservatoire national sup\u00e9rieur de musique. Il est aussi membre de l\u2019acad\u00e9mie fran\u00e7aise. Il nous parle de ce nouveau chapitre dans sa vie et de ses projets pour Notre Dame.\" \/>\n<meta property=\"og:url\" content=\"https:\/\/seinesaintdenis.fr\/actualite\/culture-patrimoine\/Mes-projets-pour-Notre-Dame-de-Paris\/\" \/>\n<meta property=\"og:site_name\" content=\"Seine-Saint-Denis - L&#039;actualit\u00e9 du d\u00e9partement\" \/>\n<meta property=\"article:publisher\" content=\"https:\/\/www.facebook.com\/seinesaintdenisledepartement\" \/>\n<meta property=\"article:published_time\" content=\"2026-03-10T08:23:08+00:00\" \/>\n<meta property=\"article:modified_time\" content=\"2026-03-23T15:50:05+00:00\" \/>\n<meta property=\"og:image\" content=\"https:\/\/seinesaintdenis.fr\/actualite\/wp-content\/uploads\/2025\/04\/photo-sylvain-retouchee-01-1-scaled.jpg\" \/>\n\t<meta property=\"og:image:width\" content=\"2560\" \/>\n\t<meta property=\"og:image:height\" content=\"1706\" \/>\n\t<meta property=\"og:image:type\" content=\"image\/jpeg\" \/>\n<meta name=\"author\" content=\"Isabelle Lopez\" \/>\n<meta name=\"twitter:card\" content=\"summary_large_image\" \/>\n<meta name=\"twitter:creator\" content=\"@seinesaintdenis\" \/>\n<meta name=\"twitter:site\" content=\"@seinesaintdenis\" \/>\n<meta name=\"twitter:label1\" content=\"\u00c9crit par\" \/>\n\t<meta name=\"twitter:data1\" content=\"Isabelle Lopez\" \/>\n\t<meta name=\"twitter:label2\" content=\"Dur\u00e9e de lecture estim\u00e9e\" \/>\n\t<meta name=\"twitter:data2\" content=\"1 minute\" \/>\n<script type=\"application\/ld+json\" class=\"yoast-schema-graph\">{\"@context\":\"https:\\\/\\\/schema.org\",\"@graph\":[{\"@type\":\"Article\",\"@id\":\"https:\\\/\\\/seinesaintdenis.fr\\\/actualite\\\/culture-patrimoine\\\/Mes-projets-pour-Notre-Dame-de-Paris\\\/#article\",\"isPartOf\":{\"@id\":\"https:\\\/\\\/seinesaintdenis.fr\\\/actualite\\\/culture-patrimoine\\\/Mes-projets-pour-Notre-Dame-de-Paris\\\/\"},\"author\":{\"name\":\"Isabelle Lopez\",\"@id\":\"https:\\\/\\\/seinesaintdenis.fr\\\/actualite\\\/#\\\/schema\\\/person\\\/224e08118524135442dd50ad680a40b5\"},\"headline\":\"Mes projets pour Notre-Dame de Paris\",\"datePublished\":\"2026-03-10T08:23:08+00:00\",\"dateModified\":\"2026-03-23T15:50:05+00:00\",\"mainEntityOfPage\":{\"@id\":\"https:\\\/\\\/seinesaintdenis.fr\\\/actualite\\\/culture-patrimoine\\\/Mes-projets-pour-Notre-Dame-de-Paris\\\/\"},\"wordCount\":6,\"commentCount\":0,\"publisher\":{\"@id\":\"https:\\\/\\\/seinesaintdenis.fr\\\/actualite\\\/#organization\"},\"image\":{\"@id\":\"https:\\\/\\\/seinesaintdenis.fr\\\/actualite\\\/culture-patrimoine\\\/Mes-projets-pour-Notre-Dame-de-Paris\\\/#primaryimage\"},\"thumbnailUrl\":\"https:\\\/\\\/seinesaintdenis.fr\\\/actualite\\\/wp-content\\\/uploads\\\/2025\\\/04\\\/photo-sylvain-retouchee-01-1-scaled.jpg\",\"articleSection\":[\"Culture &amp; Patrimoine\"],\"inLanguage\":\"fr-FR\",\"potentialAction\":[{\"@type\":\"CommentAction\",\"name\":\"Comment\",\"target\":[\"https:\\\/\\\/seinesaintdenis.fr\\\/actualite\\\/culture-patrimoine\\\/Mes-projets-pour-Notre-Dame-de-Paris\\\/#respond\"]}]},{\"@type\":\"WebPage\",\"@id\":\"https:\\\/\\\/seinesaintdenis.fr\\\/actualite\\\/culture-patrimoine\\\/Mes-projets-pour-Notre-Dame-de-Paris\\\/\",\"url\":\"https:\\\/\\\/seinesaintdenis.fr\\\/actualite\\\/culture-patrimoine\\\/Mes-projets-pour-Notre-Dame-de-Paris\\\/\",\"name\":\"Mes projets pour Notre-Dame de Paris - Seine-Saint-Denis - L&#039;actualit\u00e9 du d\u00e9partement\",\"isPartOf\":{\"@id\":\"https:\\\/\\\/seinesaintdenis.fr\\\/actualite\\\/#website\"},\"primaryImageOfPage\":{\"@id\":\"https:\\\/\\\/seinesaintdenis.fr\\\/actualite\\\/culture-patrimoine\\\/Mes-projets-pour-Notre-Dame-de-Paris\\\/#primaryimage\"},\"image\":{\"@id\":\"https:\\\/\\\/seinesaintdenis.fr\\\/actualite\\\/culture-patrimoine\\\/Mes-projets-pour-Notre-Dame-de-Paris\\\/#primaryimage\"},\"thumbnailUrl\":\"https:\\\/\\\/seinesaintdenis.fr\\\/actualite\\\/wp-content\\\/uploads\\\/2025\\\/04\\\/photo-sylvain-retouchee-01-1-scaled.jpg\",\"datePublished\":\"2026-03-10T08:23:08+00:00\",\"dateModified\":\"2026-03-23T15:50:05+00:00\",\"description\":\"Thierry Escaich, natif de Rosny-sous-Bois, est d\u00e9sormais organiste dans l\u2019\u00e9glise la plus c\u00e9l\u00e8bre du monde. Ce compositeur qui a \u00e9crit deux op\u00e9ras et plus de 120 \u0153uvres, enseigne au Conservatoire national sup\u00e9rieur de musique. Il est aussi membre de l\u2019acad\u00e9mie fran\u00e7aise. Il nous parle de ce nouveau chapitre dans sa vie et de ses projets pour Notre Dame.\",\"breadcrumb\":{\"@id\":\"https:\\\/\\\/seinesaintdenis.fr\\\/actualite\\\/culture-patrimoine\\\/Mes-projets-pour-Notre-Dame-de-Paris\\\/#breadcrumb\"},\"inLanguage\":\"fr-FR\",\"potentialAction\":[{\"@type\":\"ReadAction\",\"target\":[\"https:\\\/\\\/seinesaintdenis.fr\\\/actualite\\\/culture-patrimoine\\\/Mes-projets-pour-Notre-Dame-de-Paris\\\/\"]}]},{\"@type\":\"ImageObject\",\"inLanguage\":\"fr-FR\",\"@id\":\"https:\\\/\\\/seinesaintdenis.fr\\\/actualite\\\/culture-patrimoine\\\/Mes-projets-pour-Notre-Dame-de-Paris\\\/#primaryimage\",\"url\":\"https:\\\/\\\/seinesaintdenis.fr\\\/actualite\\\/wp-content\\\/uploads\\\/2025\\\/04\\\/photo-sylvain-retouchee-01-1-scaled.jpg\",\"contentUrl\":\"https:\\\/\\\/seinesaintdenis.fr\\\/actualite\\\/wp-content\\\/uploads\\\/2025\\\/04\\\/photo-sylvain-retouchee-01-1-scaled.jpg\",\"width\":2560,\"height\":1706},{\"@type\":\"BreadcrumbList\",\"@id\":\"https:\\\/\\\/seinesaintdenis.fr\\\/actualite\\\/culture-patrimoine\\\/Mes-projets-pour-Notre-Dame-de-Paris\\\/#breadcrumb\",\"itemListElement\":[{\"@type\":\"ListItem\",\"position\":1,\"name\":\"Accueil\",\"item\":\"https:\\\/\\\/seinesaintdenis.fr\\\/actualite\\\/\"},{\"@type\":\"ListItem\",\"position\":2,\"name\":\"Culture &amp; Patrimoine\",\"item\":\"https:\\\/\\\/seinesaintdenis.fr\\\/actualite\\\/culture-patrimoine\\\/\"},{\"@type\":\"ListItem\",\"position\":3,\"name\":\"Mes projets pour Notre-Dame de Paris\"}]},{\"@type\":\"WebSite\",\"@id\":\"https:\\\/\\\/seinesaintdenis.fr\\\/actualite\\\/#website\",\"url\":\"https:\\\/\\\/seinesaintdenis.fr\\\/actualite\\\/\",\"name\":\"Seine-Saint-Denis - L'actualit\u00e9 du d\u00e9partement\",\"description\":\"L&#039;actualit\u00e9 du D\u00e9partement de la Seine-Saint-Denis\",\"publisher\":{\"@id\":\"https:\\\/\\\/seinesaintdenis.fr\\\/actualite\\\/#organization\"},\"potentialAction\":[{\"@type\":\"SearchAction\",\"target\":{\"@type\":\"EntryPoint\",\"urlTemplate\":\"https:\\\/\\\/seinesaintdenis.fr\\\/actualite\\\/?s={search_term_string}\"},\"query-input\":{\"@type\":\"PropertyValueSpecification\",\"valueRequired\":true,\"valueName\":\"search_term_string\"}}],\"inLanguage\":\"fr-FR\"},{\"@type\":\"Organization\",\"@id\":\"https:\\\/\\\/seinesaintdenis.fr\\\/actualite\\\/#organization\",\"name\":\"Seine-Saint-Denis - Le D\u00e9partement\",\"url\":\"https:\\\/\\\/seinesaintdenis.fr\\\/actualite\\\/\",\"logo\":{\"@type\":\"ImageObject\",\"inLanguage\":\"fr-FR\",\"@id\":\"https:\\\/\\\/seinesaintdenis.fr\\\/actualite\\\/#\\\/schema\\\/logo\\\/image\\\/\",\"url\":\"https:\\\/\\\/seinesaintdenis.fr\\\/actualite\\\/wp-content\\\/uploads\\\/2024\\\/08\\\/logo.png\",\"contentUrl\":\"https:\\\/\\\/seinesaintdenis.fr\\\/actualite\\\/wp-content\\\/uploads\\\/2024\\\/08\\\/logo.png\",\"width\":567,\"height\":172,\"caption\":\"Seine-Saint-Denis - Le D\u00e9partement\"},\"image\":{\"@id\":\"https:\\\/\\\/seinesaintdenis.fr\\\/actualite\\\/#\\\/schema\\\/logo\\\/image\\\/\"},\"sameAs\":[\"https:\\\/\\\/www.facebook.com\\\/seinesaintdenisledepartement\",\"https:\\\/\\\/x.com\\\/seinesaintdenis\",\"https:\\\/\\\/www.linkedin.com\\\/company\\\/seinesaintdenis\",\"https:\\\/\\\/www.instagram.com\\\/seine_saint_denis\\\/\",\"https:\\\/\\\/www.youtube.com\\\/channel\\\/UCR5YF9NnqiLCbnrKQgLUcIw\"]},{\"@type\":\"Person\",\"@id\":\"https:\\\/\\\/seinesaintdenis.fr\\\/actualite\\\/#\\\/schema\\\/person\\\/224e08118524135442dd50ad680a40b5\",\"name\":\"Isabelle Lopez\",\"image\":{\"@type\":\"ImageObject\",\"inLanguage\":\"fr-FR\",\"@id\":\"https:\\\/\\\/secure.gravatar.com\\\/avatar\\\/f72540b87bdbdfcf308e47dedb585d725053344b7bb1b1b39825d18f92170575?s=96&d=mm&r=g\",\"url\":\"https:\\\/\\\/secure.gravatar.com\\\/avatar\\\/f72540b87bdbdfcf308e47dedb585d725053344b7bb1b1b39825d18f92170575?s=96&d=mm&r=g\",\"contentUrl\":\"https:\\\/\\\/secure.gravatar.com\\\/avatar\\\/f72540b87bdbdfcf308e47dedb585d725053344b7bb1b1b39825d18f92170575?s=96&d=mm&r=g\",\"caption\":\"Isabelle Lopez\"},\"url\":\"https:\\\/\\\/seinesaintdenis.fr\\\/actualite\\\/author\\\/ilopez\\\/\"}]}<\/script>\n<!-- \/ Yoast SEO plugin. -->","yoast_head_json":{"title":"Mes projets pour Notre-Dame de Paris - Seine-Saint-Denis - L&#039;actualit\u00e9 du d\u00e9partement","description":"Thierry Escaich, natif de Rosny-sous-Bois, est d\u00e9sormais organiste dans l\u2019\u00e9glise la plus c\u00e9l\u00e8bre du monde. Ce compositeur qui a \u00e9crit deux op\u00e9ras et plus de 120 \u0153uvres, enseigne au Conservatoire national sup\u00e9rieur de musique. Il est aussi membre de l\u2019acad\u00e9mie fran\u00e7aise. Il nous parle de ce nouveau chapitre dans sa vie et de ses projets pour Notre Dame.","robots":{"index":"index","follow":"follow","max-snippet":"max-snippet:-1","max-image-preview":"max-image-preview:large","max-video-preview":"max-video-preview:-1"},"canonical":"https:\/\/seinesaintdenis.fr\/actualite\/culture-patrimoine\/Mes-projets-pour-Notre-Dame-de-Paris\/","og_locale":"fr_FR","og_type":"article","og_title":"Mes projets pour Notre-Dame de Paris - Seine-Saint-Denis - L&#039;actualit\u00e9 du d\u00e9partement","og_description":"Thierry Escaich, natif de Rosny-sous-Bois, est d\u00e9sormais organiste dans l\u2019\u00e9glise la plus c\u00e9l\u00e8bre du monde. Ce compositeur qui a \u00e9crit deux op\u00e9ras et plus de 120 \u0153uvres, enseigne au Conservatoire national sup\u00e9rieur de musique. Il est aussi membre de l\u2019acad\u00e9mie fran\u00e7aise. Il nous parle de ce nouveau chapitre dans sa vie et de ses projets pour Notre Dame.","og_url":"https:\/\/seinesaintdenis.fr\/actualite\/culture-patrimoine\/Mes-projets-pour-Notre-Dame-de-Paris\/","og_site_name":"Seine-Saint-Denis - L&#039;actualit\u00e9 du d\u00e9partement","article_publisher":"https:\/\/www.facebook.com\/seinesaintdenisledepartement","article_published_time":"2026-03-10T08:23:08+00:00","article_modified_time":"2026-03-23T15:50:05+00:00","og_image":[{"width":2560,"height":1706,"url":"https:\/\/seinesaintdenis.fr\/actualite\/wp-content\/uploads\/2025\/04\/photo-sylvain-retouchee-01-1-scaled.jpg","type":"image\/jpeg"}],"author":"Isabelle Lopez","twitter_card":"summary_large_image","twitter_creator":"@seinesaintdenis","twitter_site":"@seinesaintdenis","twitter_misc":{"\u00c9crit par":"Isabelle Lopez","Dur\u00e9e de lecture estim\u00e9e":"1 minute"},"schema":{"@context":"https:\/\/schema.org","@graph":[{"@type":"Article","@id":"https:\/\/seinesaintdenis.fr\/actualite\/culture-patrimoine\/Mes-projets-pour-Notre-Dame-de-Paris\/#article","isPartOf":{"@id":"https:\/\/seinesaintdenis.fr\/actualite\/culture-patrimoine\/Mes-projets-pour-Notre-Dame-de-Paris\/"},"author":{"name":"Isabelle Lopez","@id":"https:\/\/seinesaintdenis.fr\/actualite\/#\/schema\/person\/224e08118524135442dd50ad680a40b5"},"headline":"Mes projets pour Notre-Dame de Paris","datePublished":"2026-03-10T08:23:08+00:00","dateModified":"2026-03-23T15:50:05+00:00","mainEntityOfPage":{"@id":"https:\/\/seinesaintdenis.fr\/actualite\/culture-patrimoine\/Mes-projets-pour-Notre-Dame-de-Paris\/"},"wordCount":6,"commentCount":0,"publisher":{"@id":"https:\/\/seinesaintdenis.fr\/actualite\/#organization"},"image":{"@id":"https:\/\/seinesaintdenis.fr\/actualite\/culture-patrimoine\/Mes-projets-pour-Notre-Dame-de-Paris\/#primaryimage"},"thumbnailUrl":"https:\/\/seinesaintdenis.fr\/actualite\/wp-content\/uploads\/2025\/04\/photo-sylvain-retouchee-01-1-scaled.jpg","articleSection":["Culture &amp; Patrimoine"],"inLanguage":"fr-FR","potentialAction":[{"@type":"CommentAction","name":"Comment","target":["https:\/\/seinesaintdenis.fr\/actualite\/culture-patrimoine\/Mes-projets-pour-Notre-Dame-de-Paris\/#respond"]}]},{"@type":"WebPage","@id":"https:\/\/seinesaintdenis.fr\/actualite\/culture-patrimoine\/Mes-projets-pour-Notre-Dame-de-Paris\/","url":"https:\/\/seinesaintdenis.fr\/actualite\/culture-patrimoine\/Mes-projets-pour-Notre-Dame-de-Paris\/","name":"Mes projets pour Notre-Dame de Paris - Seine-Saint-Denis - L&#039;actualit\u00e9 du d\u00e9partement","isPartOf":{"@id":"https:\/\/seinesaintdenis.fr\/actualite\/#website"},"primaryImageOfPage":{"@id":"https:\/\/seinesaintdenis.fr\/actualite\/culture-patrimoine\/Mes-projets-pour-Notre-Dame-de-Paris\/#primaryimage"},"image":{"@id":"https:\/\/seinesaintdenis.fr\/actualite\/culture-patrimoine\/Mes-projets-pour-Notre-Dame-de-Paris\/#primaryimage"},"thumbnailUrl":"https:\/\/seinesaintdenis.fr\/actualite\/wp-content\/uploads\/2025\/04\/photo-sylvain-retouchee-01-1-scaled.jpg","datePublished":"2026-03-10T08:23:08+00:00","dateModified":"2026-03-23T15:50:05+00:00","description":"Thierry Escaich, natif de Rosny-sous-Bois, est d\u00e9sormais organiste dans l\u2019\u00e9glise la plus c\u00e9l\u00e8bre du monde. Ce compositeur qui a \u00e9crit deux op\u00e9ras et plus de 120 \u0153uvres, enseigne au Conservatoire national sup\u00e9rieur de musique. Il est aussi membre de l\u2019acad\u00e9mie fran\u00e7aise. Il nous parle de ce nouveau chapitre dans sa vie et de ses projets pour Notre Dame.","breadcrumb":{"@id":"https:\/\/seinesaintdenis.fr\/actualite\/culture-patrimoine\/Mes-projets-pour-Notre-Dame-de-Paris\/#breadcrumb"},"inLanguage":"fr-FR","potentialAction":[{"@type":"ReadAction","target":["https:\/\/seinesaintdenis.fr\/actualite\/culture-patrimoine\/Mes-projets-pour-Notre-Dame-de-Paris\/"]}]},{"@type":"ImageObject","inLanguage":"fr-FR","@id":"https:\/\/seinesaintdenis.fr\/actualite\/culture-patrimoine\/Mes-projets-pour-Notre-Dame-de-Paris\/#primaryimage","url":"https:\/\/seinesaintdenis.fr\/actualite\/wp-content\/uploads\/2025\/04\/photo-sylvain-retouchee-01-1-scaled.jpg","contentUrl":"https:\/\/seinesaintdenis.fr\/actualite\/wp-content\/uploads\/2025\/04\/photo-sylvain-retouchee-01-1-scaled.jpg","width":2560,"height":1706},{"@type":"BreadcrumbList","@id":"https:\/\/seinesaintdenis.fr\/actualite\/culture-patrimoine\/Mes-projets-pour-Notre-Dame-de-Paris\/#breadcrumb","itemListElement":[{"@type":"ListItem","position":1,"name":"Accueil","item":"https:\/\/seinesaintdenis.fr\/actualite\/"},{"@type":"ListItem","position":2,"name":"Culture &amp; Patrimoine","item":"https:\/\/seinesaintdenis.fr\/actualite\/culture-patrimoine\/"},{"@type":"ListItem","position":3,"name":"Mes projets pour Notre-Dame de Paris"}]},{"@type":"WebSite","@id":"https:\/\/seinesaintdenis.fr\/actualite\/#website","url":"https:\/\/seinesaintdenis.fr\/actualite\/","name":"Seine-Saint-Denis - L'actualit\u00e9 du d\u00e9partement","description":"L&#039;actualit\u00e9 du D\u00e9partement de la Seine-Saint-Denis","publisher":{"@id":"https:\/\/seinesaintdenis.fr\/actualite\/#organization"},"potentialAction":[{"@type":"SearchAction","target":{"@type":"EntryPoint","urlTemplate":"https:\/\/seinesaintdenis.fr\/actualite\/?s={search_term_string}"},"query-input":{"@type":"PropertyValueSpecification","valueRequired":true,"valueName":"search_term_string"}}],"inLanguage":"fr-FR"},{"@type":"Organization","@id":"https:\/\/seinesaintdenis.fr\/actualite\/#organization","name":"Seine-Saint-Denis - Le D\u00e9partement","url":"https:\/\/seinesaintdenis.fr\/actualite\/","logo":{"@type":"ImageObject","inLanguage":"fr-FR","@id":"https:\/\/seinesaintdenis.fr\/actualite\/#\/schema\/logo\/image\/","url":"https:\/\/seinesaintdenis.fr\/actualite\/wp-content\/uploads\/2024\/08\/logo.png","contentUrl":"https:\/\/seinesaintdenis.fr\/actualite\/wp-content\/uploads\/2024\/08\/logo.png","width":567,"height":172,"caption":"Seine-Saint-Denis - Le D\u00e9partement"},"image":{"@id":"https:\/\/seinesaintdenis.fr\/actualite\/#\/schema\/logo\/image\/"},"sameAs":["https:\/\/www.facebook.com\/seinesaintdenisledepartement","https:\/\/x.com\/seinesaintdenis","https:\/\/www.linkedin.com\/company\/seinesaintdenis","https:\/\/www.instagram.com\/seine_saint_denis\/","https:\/\/www.youtube.com\/channel\/UCR5YF9NnqiLCbnrKQgLUcIw"]},{"@type":"Person","@id":"https:\/\/seinesaintdenis.fr\/actualite\/#\/schema\/person\/224e08118524135442dd50ad680a40b5","name":"Isabelle Lopez","image":{"@type":"ImageObject","inLanguage":"fr-FR","@id":"https:\/\/secure.gravatar.com\/avatar\/f72540b87bdbdfcf308e47dedb585d725053344b7bb1b1b39825d18f92170575?s=96&d=mm&r=g","url":"https:\/\/secure.gravatar.com\/avatar\/f72540b87bdbdfcf308e47dedb585d725053344b7bb1b1b39825d18f92170575?s=96&d=mm&r=g","contentUrl":"https:\/\/secure.gravatar.com\/avatar\/f72540b87bdbdfcf308e47dedb585d725053344b7bb1b1b39825d18f92170575?s=96&d=mm&r=g","caption":"Isabelle Lopez"},"url":"https:\/\/seinesaintdenis.fr\/actualite\/author\/ilopez\/"}]}},"_links":{"self":[{"href":"https:\/\/seinesaintdenis.fr\/actualite\/wp-json\/wp\/v2\/posts\/24860","targetHints":{"allow":["GET"]}}],"collection":[{"href":"https:\/\/seinesaintdenis.fr\/actualite\/wp-json\/wp\/v2\/posts"}],"about":[{"href":"https:\/\/seinesaintdenis.fr\/actualite\/wp-json\/wp\/v2\/types\/post"}],"author":[{"embeddable":true,"href":"https:\/\/seinesaintdenis.fr\/actualite\/wp-json\/wp\/v2\/users\/10"}],"replies":[{"embeddable":true,"href":"https:\/\/seinesaintdenis.fr\/actualite\/wp-json\/wp\/v2\/comments?post=24860"}],"version-history":[{"count":7,"href":"https:\/\/seinesaintdenis.fr\/actualite\/wp-json\/wp\/v2\/posts\/24860\/revisions"}],"predecessor-version":[{"id":33632,"href":"https:\/\/seinesaintdenis.fr\/actualite\/wp-json\/wp\/v2\/posts\/24860\/revisions\/33632"}],"wp:featuredmedia":[{"embeddable":true,"href":"https:\/\/seinesaintdenis.fr\/actualite\/wp-json\/wp\/v2\/media\/24931"}],"wp:attachment":[{"href":"https:\/\/seinesaintdenis.fr\/actualite\/wp-json\/wp\/v2\/media?parent=24860"}],"wp:term":[{"taxonomy":"category","embeddable":true,"href":"https:\/\/seinesaintdenis.fr\/actualite\/wp-json\/wp\/v2\/categories?post=24860"},{"taxonomy":"ville","embeddable":true,"href":"https:\/\/seinesaintdenis.fr\/actualite\/wp-json\/wp\/v2\/ville?post=24860"}],"curies":[{"name":"wp","href":"https:\/\/api.w.org\/{rel}","templated":true}]}}