{"id":23334,"date":"2025-03-11T08:37:13","date_gmt":"2025-03-11T07:37:13","guid":{"rendered":"https:\/\/seinesaintdenis.fr\/actualite\/?p=23334"},"modified":"2025-03-16T13:22:10","modified_gmt":"2025-03-16T12:22:10","slug":"Deux-flaneurs-explorent-lame-du-Neuf-Trois","status":"publish","type":"post","link":"https:\/\/seinesaintdenis.fr\/actualite\/culture-patrimoine\/Deux-flaneurs-explorent-lame-du-Neuf-Trois\/","title":{"rendered":"Deux fl\u00e2neurs explorent l&rsquo;\u00e2me du \u00ab\u00a0Neuf-Trois\u00a0\u00bb"},"content":{"rendered":"","protected":false},"excerpt":{"rendered":"","protected":false},"author":12,"featured_media":23346,"comment_status":"open","ping_status":"open","sticky":false,"template":"","format":"standard","meta":{"_acf_changed":false,"footnotes":""},"categories":[9],"ville":[],"class_list":["post-23334","post","type-post","status-publish","format-standard","has-post-thumbnail","hentry","category-culture-patrimoine"],"acf":[],"yoast_head":"<!-- This site is optimized with the Yoast SEO plugin v27.5 - https:\/\/yoast.com\/product\/yoast-seo-wordpress\/ -->\n<title>Deux fl\u00e2neurs explorent l&#039;\u00e2me du &quot;Neuf-Trois&quot; - Seine-Saint-Denis - L&#039;actualit\u00e9 du d\u00e9partement<\/title>\n<meta name=\"description\" content=\"Agac\u00e9e par les clich\u00e9s rab\u00e2ch\u00e9s par les m\u00e9dias, l&#039;\u00e9crivaine allemande Anne Weber a d\u00e9cid\u00e9 de traverser le p\u00e9riph\u00e9rique pour sillonner la Seine-Saint-Denis avec un ami. Elle a puis\u00e9 dans ses p\u00e9r\u00e9grinations la mati\u00e8re du roman itin\u00e9rant &quot;Neuf-Trois&quot;. Rencontre avec une promeneuse &quot;\u00e9trang\u00e8re&quot;, qui a pos\u00e9 un regard neuf sur un territoire plut\u00f4t m\u00e9connu des Parisien\u00b7nes.\" \/>\n<meta name=\"robots\" content=\"index, follow, max-snippet:-1, max-image-preview:large, max-video-preview:-1\" \/>\n<link rel=\"canonical\" href=\"https:\/\/seinesaintdenis.fr\/actualite\/culture-patrimoine\/Deux-flaneurs-explorent-lame-du-Neuf-Trois\/\" \/>\n<meta property=\"og:locale\" content=\"fr_FR\" \/>\n<meta property=\"og:type\" content=\"article\" \/>\n<meta property=\"og:title\" content=\"Deux fl\u00e2neurs explorent l&#039;\u00e2me du &quot;Neuf-Trois&quot; - Seine-Saint-Denis - L&#039;actualit\u00e9 du d\u00e9partement\" \/>\n<meta property=\"og:description\" content=\"Agac\u00e9e par les clich\u00e9s rab\u00e2ch\u00e9s par les m\u00e9dias, l&#039;\u00e9crivaine allemande Anne Weber a d\u00e9cid\u00e9 de traverser le p\u00e9riph\u00e9rique pour sillonner la Seine-Saint-Denis avec un ami. Elle a puis\u00e9 dans ses p\u00e9r\u00e9grinations la mati\u00e8re du roman itin\u00e9rant &quot;Neuf-Trois&quot;. Rencontre avec une promeneuse &quot;\u00e9trang\u00e8re&quot;, qui a pos\u00e9 un regard neuf sur un territoire plut\u00f4t m\u00e9connu des Parisien\u00b7nes.\" \/>\n<meta property=\"og:url\" content=\"https:\/\/seinesaintdenis.fr\/actualite\/culture-patrimoine\/Deux-flaneurs-explorent-lame-du-Neuf-Trois\/\" \/>\n<meta property=\"og:site_name\" content=\"Seine-Saint-Denis - L&#039;actualit\u00e9 du d\u00e9partement\" \/>\n<meta property=\"article:publisher\" content=\"https:\/\/www.facebook.com\/seinesaintdenisledepartement\" \/>\n<meta property=\"article:published_time\" content=\"2025-03-11T07:37:13+00:00\" \/>\n<meta property=\"article:modified_time\" content=\"2025-03-16T12:22:10+00:00\" \/>\n<meta property=\"og:image\" content=\"https:\/\/seinesaintdenis.fr\/actualite\/wp-content\/uploads\/2025\/02\/barres-bobigny.jpg\" \/>\n\t<meta property=\"og:image:width\" content=\"1090\" \/>\n\t<meta property=\"og:image:height\" content=\"560\" \/>\n\t<meta property=\"og:image:type\" content=\"image\/jpeg\" \/>\n<meta name=\"author\" content=\"Carine Arassus\" \/>\n<meta name=\"twitter:card\" content=\"summary_large_image\" \/>\n<meta name=\"twitter:creator\" content=\"@seinesaintdenis\" \/>\n<meta name=\"twitter:site\" content=\"@seinesaintdenis\" \/>\n<meta name=\"twitter:label1\" content=\"\u00c9crit par\" \/>\n\t<meta name=\"twitter:data1\" content=\"Carine Arassus\" \/>\n\t<meta name=\"twitter:label2\" content=\"Dur\u00e9e de lecture estim\u00e9e\" \/>\n\t<meta name=\"twitter:data2\" content=\"1 minute\" \/>\n<script type=\"application\/ld+json\" class=\"yoast-schema-graph\">{\"@context\":\"https:\\\/\\\/schema.org\",\"@graph\":[{\"@type\":\"Article\",\"@id\":\"https:\\\/\\\/seinesaintdenis.fr\\\/actualite\\\/culture-patrimoine\\\/Deux-flaneurs-explorent-lame-du-Neuf-Trois\\\/#article\",\"isPartOf\":{\"@id\":\"https:\\\/\\\/seinesaintdenis.fr\\\/actualite\\\/culture-patrimoine\\\/Deux-flaneurs-explorent-lame-du-Neuf-Trois\\\/\"},\"author\":{\"name\":\"Carine Arassus\",\"@id\":\"https:\\\/\\\/seinesaintdenis.fr\\\/actualite\\\/#\\\/schema\\\/person\\\/0ed132e414e4e5a6a6d14bb9fd5b0d3a\"},\"headline\":\"Deux fl\u00e2neurs explorent l&rsquo;\u00e2me du \u00ab\u00a0Neuf-Trois\u00a0\u00bb\",\"datePublished\":\"2025-03-11T07:37:13+00:00\",\"dateModified\":\"2025-03-16T12:22:10+00:00\",\"mainEntityOfPage\":{\"@id\":\"https:\\\/\\\/seinesaintdenis.fr\\\/actualite\\\/culture-patrimoine\\\/Deux-flaneurs-explorent-lame-du-Neuf-Trois\\\/\"},\"wordCount\":8,\"commentCount\":0,\"publisher\":{\"@id\":\"https:\\\/\\\/seinesaintdenis.fr\\\/actualite\\\/#organization\"},\"image\":{\"@id\":\"https:\\\/\\\/seinesaintdenis.fr\\\/actualite\\\/culture-patrimoine\\\/Deux-flaneurs-explorent-lame-du-Neuf-Trois\\\/#primaryimage\"},\"thumbnailUrl\":\"https:\\\/\\\/seinesaintdenis.fr\\\/actualite\\\/wp-content\\\/uploads\\\/2025\\\/02\\\/barres-bobigny.jpg\",\"articleSection\":[\"Culture &amp; Patrimoine\"],\"inLanguage\":\"fr-FR\",\"potentialAction\":[{\"@type\":\"CommentAction\",\"name\":\"Comment\",\"target\":[\"https:\\\/\\\/seinesaintdenis.fr\\\/actualite\\\/culture-patrimoine\\\/Deux-flaneurs-explorent-lame-du-Neuf-Trois\\\/#respond\"]}]},{\"@type\":\"WebPage\",\"@id\":\"https:\\\/\\\/seinesaintdenis.fr\\\/actualite\\\/culture-patrimoine\\\/Deux-flaneurs-explorent-lame-du-Neuf-Trois\\\/\",\"url\":\"https:\\\/\\\/seinesaintdenis.fr\\\/actualite\\\/culture-patrimoine\\\/Deux-flaneurs-explorent-lame-du-Neuf-Trois\\\/\",\"name\":\"Deux fl\u00e2neurs explorent l'\u00e2me du \\\"Neuf-Trois\\\" - Seine-Saint-Denis - L&#039;actualit\u00e9 du d\u00e9partement\",\"isPartOf\":{\"@id\":\"https:\\\/\\\/seinesaintdenis.fr\\\/actualite\\\/#website\"},\"primaryImageOfPage\":{\"@id\":\"https:\\\/\\\/seinesaintdenis.fr\\\/actualite\\\/culture-patrimoine\\\/Deux-flaneurs-explorent-lame-du-Neuf-Trois\\\/#primaryimage\"},\"image\":{\"@id\":\"https:\\\/\\\/seinesaintdenis.fr\\\/actualite\\\/culture-patrimoine\\\/Deux-flaneurs-explorent-lame-du-Neuf-Trois\\\/#primaryimage\"},\"thumbnailUrl\":\"https:\\\/\\\/seinesaintdenis.fr\\\/actualite\\\/wp-content\\\/uploads\\\/2025\\\/02\\\/barres-bobigny.jpg\",\"datePublished\":\"2025-03-11T07:37:13+00:00\",\"dateModified\":\"2025-03-16T12:22:10+00:00\",\"description\":\"Agac\u00e9e par les clich\u00e9s rab\u00e2ch\u00e9s par les m\u00e9dias, l'\u00e9crivaine allemande Anne Weber a d\u00e9cid\u00e9 de traverser le p\u00e9riph\u00e9rique pour sillonner la Seine-Saint-Denis avec un ami. Elle a puis\u00e9 dans ses p\u00e9r\u00e9grinations la mati\u00e8re du roman itin\u00e9rant \\\"Neuf-Trois\\\". Rencontre avec une promeneuse \\\"\u00e9trang\u00e8re\\\", qui a pos\u00e9 un regard neuf sur un territoire plut\u00f4t m\u00e9connu des Parisien\u00b7nes.\",\"breadcrumb\":{\"@id\":\"https:\\\/\\\/seinesaintdenis.fr\\\/actualite\\\/culture-patrimoine\\\/Deux-flaneurs-explorent-lame-du-Neuf-Trois\\\/#breadcrumb\"},\"inLanguage\":\"fr-FR\",\"potentialAction\":[{\"@type\":\"ReadAction\",\"target\":[\"https:\\\/\\\/seinesaintdenis.fr\\\/actualite\\\/culture-patrimoine\\\/Deux-flaneurs-explorent-lame-du-Neuf-Trois\\\/\"]}]},{\"@type\":\"ImageObject\",\"inLanguage\":\"fr-FR\",\"@id\":\"https:\\\/\\\/seinesaintdenis.fr\\\/actualite\\\/culture-patrimoine\\\/Deux-flaneurs-explorent-lame-du-Neuf-Trois\\\/#primaryimage\",\"url\":\"https:\\\/\\\/seinesaintdenis.fr\\\/actualite\\\/wp-content\\\/uploads\\\/2025\\\/02\\\/barres-bobigny.jpg\",\"contentUrl\":\"https:\\\/\\\/seinesaintdenis.fr\\\/actualite\\\/wp-content\\\/uploads\\\/2025\\\/02\\\/barres-bobigny.jpg\",\"width\":1090,\"height\":560,\"caption\":\"Immeubles pres du parc departemental de la Bergere a Bobigny. Cycliste.\"},{\"@type\":\"BreadcrumbList\",\"@id\":\"https:\\\/\\\/seinesaintdenis.fr\\\/actualite\\\/culture-patrimoine\\\/Deux-flaneurs-explorent-lame-du-Neuf-Trois\\\/#breadcrumb\",\"itemListElement\":[{\"@type\":\"ListItem\",\"position\":1,\"name\":\"Accueil\",\"item\":\"https:\\\/\\\/seinesaintdenis.fr\\\/actualite\\\/\"},{\"@type\":\"ListItem\",\"position\":2,\"name\":\"Culture &amp; Patrimoine\",\"item\":\"https:\\\/\\\/seinesaintdenis.fr\\\/actualite\\\/culture-patrimoine\\\/\"},{\"@type\":\"ListItem\",\"position\":3,\"name\":\"Deux fl\u00e2neurs explorent l&rsquo;\u00e2me du \u00ab\u00a0Neuf-Trois\u00a0\u00bb\"}]},{\"@type\":\"WebSite\",\"@id\":\"https:\\\/\\\/seinesaintdenis.fr\\\/actualite\\\/#website\",\"url\":\"https:\\\/\\\/seinesaintdenis.fr\\\/actualite\\\/\",\"name\":\"Seine-Saint-Denis - L'actualit\u00e9 du d\u00e9partement\",\"description\":\"L&#039;actualit\u00e9 du D\u00e9partement de la Seine-Saint-Denis\",\"publisher\":{\"@id\":\"https:\\\/\\\/seinesaintdenis.fr\\\/actualite\\\/#organization\"},\"potentialAction\":[{\"@type\":\"SearchAction\",\"target\":{\"@type\":\"EntryPoint\",\"urlTemplate\":\"https:\\\/\\\/seinesaintdenis.fr\\\/actualite\\\/?s={search_term_string}\"},\"query-input\":{\"@type\":\"PropertyValueSpecification\",\"valueRequired\":true,\"valueName\":\"search_term_string\"}}],\"inLanguage\":\"fr-FR\"},{\"@type\":\"Organization\",\"@id\":\"https:\\\/\\\/seinesaintdenis.fr\\\/actualite\\\/#organization\",\"name\":\"Seine-Saint-Denis - Le D\u00e9partement\",\"url\":\"https:\\\/\\\/seinesaintdenis.fr\\\/actualite\\\/\",\"logo\":{\"@type\":\"ImageObject\",\"inLanguage\":\"fr-FR\",\"@id\":\"https:\\\/\\\/seinesaintdenis.fr\\\/actualite\\\/#\\\/schema\\\/logo\\\/image\\\/\",\"url\":\"https:\\\/\\\/seinesaintdenis.fr\\\/actualite\\\/wp-content\\\/uploads\\\/2024\\\/08\\\/logo.png\",\"contentUrl\":\"https:\\\/\\\/seinesaintdenis.fr\\\/actualite\\\/wp-content\\\/uploads\\\/2024\\\/08\\\/logo.png\",\"width\":567,\"height\":172,\"caption\":\"Seine-Saint-Denis - Le D\u00e9partement\"},\"image\":{\"@id\":\"https:\\\/\\\/seinesaintdenis.fr\\\/actualite\\\/#\\\/schema\\\/logo\\\/image\\\/\"},\"sameAs\":[\"https:\\\/\\\/www.facebook.com\\\/seinesaintdenisledepartement\",\"https:\\\/\\\/x.com\\\/seinesaintdenis\",\"https:\\\/\\\/www.linkedin.com\\\/company\\\/seinesaintdenis\",\"https:\\\/\\\/www.instagram.com\\\/seine_saint_denis\\\/\",\"https:\\\/\\\/www.youtube.com\\\/channel\\\/UCR5YF9NnqiLCbnrKQgLUcIw\"]},{\"@type\":\"Person\",\"@id\":\"https:\\\/\\\/seinesaintdenis.fr\\\/actualite\\\/#\\\/schema\\\/person\\\/0ed132e414e4e5a6a6d14bb9fd5b0d3a\",\"name\":\"Carine Arassus\",\"image\":{\"@type\":\"ImageObject\",\"inLanguage\":\"fr-FR\",\"@id\":\"https:\\\/\\\/secure.gravatar.com\\\/avatar\\\/0f981f322f4f99253bcb871f10ae46ce56b35c7fe7c5b8aa9b09ba3a77f6e3c0?s=96&d=mm&r=g\",\"url\":\"https:\\\/\\\/secure.gravatar.com\\\/avatar\\\/0f981f322f4f99253bcb871f10ae46ce56b35c7fe7c5b8aa9b09ba3a77f6e3c0?s=96&d=mm&r=g\",\"contentUrl\":\"https:\\\/\\\/secure.gravatar.com\\\/avatar\\\/0f981f322f4f99253bcb871f10ae46ce56b35c7fe7c5b8aa9b09ba3a77f6e3c0?s=96&d=mm&r=g\",\"caption\":\"Carine Arassus\"},\"url\":\"https:\\\/\\\/seinesaintdenis.fr\\\/actualite\\\/author\\\/carassus\\\/\"}]}<\/script>\n<!-- \/ Yoast SEO plugin. -->","yoast_head_json":{"title":"Deux fl\u00e2neurs explorent l'\u00e2me du \"Neuf-Trois\" - Seine-Saint-Denis - L&#039;actualit\u00e9 du d\u00e9partement","description":"Agac\u00e9e par les clich\u00e9s rab\u00e2ch\u00e9s par les m\u00e9dias, l'\u00e9crivaine allemande Anne Weber a d\u00e9cid\u00e9 de traverser le p\u00e9riph\u00e9rique pour sillonner la Seine-Saint-Denis avec un ami. Elle a puis\u00e9 dans ses p\u00e9r\u00e9grinations la mati\u00e8re du roman itin\u00e9rant \"Neuf-Trois\". Rencontre avec une promeneuse \"\u00e9trang\u00e8re\", qui a pos\u00e9 un regard neuf sur un territoire plut\u00f4t m\u00e9connu des Parisien\u00b7nes.","robots":{"index":"index","follow":"follow","max-snippet":"max-snippet:-1","max-image-preview":"max-image-preview:large","max-video-preview":"max-video-preview:-1"},"canonical":"https:\/\/seinesaintdenis.fr\/actualite\/culture-patrimoine\/Deux-flaneurs-explorent-lame-du-Neuf-Trois\/","og_locale":"fr_FR","og_type":"article","og_title":"Deux fl\u00e2neurs explorent l'\u00e2me du \"Neuf-Trois\" - Seine-Saint-Denis - L&#039;actualit\u00e9 du d\u00e9partement","og_description":"Agac\u00e9e par les clich\u00e9s rab\u00e2ch\u00e9s par les m\u00e9dias, l'\u00e9crivaine allemande Anne Weber a d\u00e9cid\u00e9 de traverser le p\u00e9riph\u00e9rique pour sillonner la Seine-Saint-Denis avec un ami. Elle a puis\u00e9 dans ses p\u00e9r\u00e9grinations la mati\u00e8re du roman itin\u00e9rant \"Neuf-Trois\". Rencontre avec une promeneuse \"\u00e9trang\u00e8re\", qui a pos\u00e9 un regard neuf sur un territoire plut\u00f4t m\u00e9connu des Parisien\u00b7nes.","og_url":"https:\/\/seinesaintdenis.fr\/actualite\/culture-patrimoine\/Deux-flaneurs-explorent-lame-du-Neuf-Trois\/","og_site_name":"Seine-Saint-Denis - L&#039;actualit\u00e9 du d\u00e9partement","article_publisher":"https:\/\/www.facebook.com\/seinesaintdenisledepartement","article_published_time":"2025-03-11T07:37:13+00:00","article_modified_time":"2025-03-16T12:22:10+00:00","og_image":[{"width":1090,"height":560,"url":"https:\/\/seinesaintdenis.fr\/actualite\/wp-content\/uploads\/2025\/02\/barres-bobigny.jpg","type":"image\/jpeg"}],"author":"Carine Arassus","twitter_card":"summary_large_image","twitter_creator":"@seinesaintdenis","twitter_site":"@seinesaintdenis","twitter_misc":{"\u00c9crit par":"Carine Arassus","Dur\u00e9e de lecture estim\u00e9e":"1 minute"},"schema":{"@context":"https:\/\/schema.org","@graph":[{"@type":"Article","@id":"https:\/\/seinesaintdenis.fr\/actualite\/culture-patrimoine\/Deux-flaneurs-explorent-lame-du-Neuf-Trois\/#article","isPartOf":{"@id":"https:\/\/seinesaintdenis.fr\/actualite\/culture-patrimoine\/Deux-flaneurs-explorent-lame-du-Neuf-Trois\/"},"author":{"name":"Carine Arassus","@id":"https:\/\/seinesaintdenis.fr\/actualite\/#\/schema\/person\/0ed132e414e4e5a6a6d14bb9fd5b0d3a"},"headline":"Deux fl\u00e2neurs explorent l&rsquo;\u00e2me du \u00ab\u00a0Neuf-Trois\u00a0\u00bb","datePublished":"2025-03-11T07:37:13+00:00","dateModified":"2025-03-16T12:22:10+00:00","mainEntityOfPage":{"@id":"https:\/\/seinesaintdenis.fr\/actualite\/culture-patrimoine\/Deux-flaneurs-explorent-lame-du-Neuf-Trois\/"},"wordCount":8,"commentCount":0,"publisher":{"@id":"https:\/\/seinesaintdenis.fr\/actualite\/#organization"},"image":{"@id":"https:\/\/seinesaintdenis.fr\/actualite\/culture-patrimoine\/Deux-flaneurs-explorent-lame-du-Neuf-Trois\/#primaryimage"},"thumbnailUrl":"https:\/\/seinesaintdenis.fr\/actualite\/wp-content\/uploads\/2025\/02\/barres-bobigny.jpg","articleSection":["Culture &amp; Patrimoine"],"inLanguage":"fr-FR","potentialAction":[{"@type":"CommentAction","name":"Comment","target":["https:\/\/seinesaintdenis.fr\/actualite\/culture-patrimoine\/Deux-flaneurs-explorent-lame-du-Neuf-Trois\/#respond"]}]},{"@type":"WebPage","@id":"https:\/\/seinesaintdenis.fr\/actualite\/culture-patrimoine\/Deux-flaneurs-explorent-lame-du-Neuf-Trois\/","url":"https:\/\/seinesaintdenis.fr\/actualite\/culture-patrimoine\/Deux-flaneurs-explorent-lame-du-Neuf-Trois\/","name":"Deux fl\u00e2neurs explorent l'\u00e2me du \"Neuf-Trois\" - Seine-Saint-Denis - L&#039;actualit\u00e9 du d\u00e9partement","isPartOf":{"@id":"https:\/\/seinesaintdenis.fr\/actualite\/#website"},"primaryImageOfPage":{"@id":"https:\/\/seinesaintdenis.fr\/actualite\/culture-patrimoine\/Deux-flaneurs-explorent-lame-du-Neuf-Trois\/#primaryimage"},"image":{"@id":"https:\/\/seinesaintdenis.fr\/actualite\/culture-patrimoine\/Deux-flaneurs-explorent-lame-du-Neuf-Trois\/#primaryimage"},"thumbnailUrl":"https:\/\/seinesaintdenis.fr\/actualite\/wp-content\/uploads\/2025\/02\/barres-bobigny.jpg","datePublished":"2025-03-11T07:37:13+00:00","dateModified":"2025-03-16T12:22:10+00:00","description":"Agac\u00e9e par les clich\u00e9s rab\u00e2ch\u00e9s par les m\u00e9dias, l'\u00e9crivaine allemande Anne Weber a d\u00e9cid\u00e9 de traverser le p\u00e9riph\u00e9rique pour sillonner la Seine-Saint-Denis avec un ami. Elle a puis\u00e9 dans ses p\u00e9r\u00e9grinations la mati\u00e8re du roman itin\u00e9rant \"Neuf-Trois\". Rencontre avec une promeneuse \"\u00e9trang\u00e8re\", qui a pos\u00e9 un regard neuf sur un territoire plut\u00f4t m\u00e9connu des Parisien\u00b7nes.","breadcrumb":{"@id":"https:\/\/seinesaintdenis.fr\/actualite\/culture-patrimoine\/Deux-flaneurs-explorent-lame-du-Neuf-Trois\/#breadcrumb"},"inLanguage":"fr-FR","potentialAction":[{"@type":"ReadAction","target":["https:\/\/seinesaintdenis.fr\/actualite\/culture-patrimoine\/Deux-flaneurs-explorent-lame-du-Neuf-Trois\/"]}]},{"@type":"ImageObject","inLanguage":"fr-FR","@id":"https:\/\/seinesaintdenis.fr\/actualite\/culture-patrimoine\/Deux-flaneurs-explorent-lame-du-Neuf-Trois\/#primaryimage","url":"https:\/\/seinesaintdenis.fr\/actualite\/wp-content\/uploads\/2025\/02\/barres-bobigny.jpg","contentUrl":"https:\/\/seinesaintdenis.fr\/actualite\/wp-content\/uploads\/2025\/02\/barres-bobigny.jpg","width":1090,"height":560,"caption":"Immeubles pres du parc departemental de la Bergere a Bobigny. Cycliste."},{"@type":"BreadcrumbList","@id":"https:\/\/seinesaintdenis.fr\/actualite\/culture-patrimoine\/Deux-flaneurs-explorent-lame-du-Neuf-Trois\/#breadcrumb","itemListElement":[{"@type":"ListItem","position":1,"name":"Accueil","item":"https:\/\/seinesaintdenis.fr\/actualite\/"},{"@type":"ListItem","position":2,"name":"Culture &amp; Patrimoine","item":"https:\/\/seinesaintdenis.fr\/actualite\/culture-patrimoine\/"},{"@type":"ListItem","position":3,"name":"Deux fl\u00e2neurs explorent l&rsquo;\u00e2me du \u00ab\u00a0Neuf-Trois\u00a0\u00bb"}]},{"@type":"WebSite","@id":"https:\/\/seinesaintdenis.fr\/actualite\/#website","url":"https:\/\/seinesaintdenis.fr\/actualite\/","name":"Seine-Saint-Denis - L'actualit\u00e9 du d\u00e9partement","description":"L&#039;actualit\u00e9 du D\u00e9partement de la Seine-Saint-Denis","publisher":{"@id":"https:\/\/seinesaintdenis.fr\/actualite\/#organization"},"potentialAction":[{"@type":"SearchAction","target":{"@type":"EntryPoint","urlTemplate":"https:\/\/seinesaintdenis.fr\/actualite\/?s={search_term_string}"},"query-input":{"@type":"PropertyValueSpecification","valueRequired":true,"valueName":"search_term_string"}}],"inLanguage":"fr-FR"},{"@type":"Organization","@id":"https:\/\/seinesaintdenis.fr\/actualite\/#organization","name":"Seine-Saint-Denis - Le D\u00e9partement","url":"https:\/\/seinesaintdenis.fr\/actualite\/","logo":{"@type":"ImageObject","inLanguage":"fr-FR","@id":"https:\/\/seinesaintdenis.fr\/actualite\/#\/schema\/logo\/image\/","url":"https:\/\/seinesaintdenis.fr\/actualite\/wp-content\/uploads\/2024\/08\/logo.png","contentUrl":"https:\/\/seinesaintdenis.fr\/actualite\/wp-content\/uploads\/2024\/08\/logo.png","width":567,"height":172,"caption":"Seine-Saint-Denis - Le D\u00e9partement"},"image":{"@id":"https:\/\/seinesaintdenis.fr\/actualite\/#\/schema\/logo\/image\/"},"sameAs":["https:\/\/www.facebook.com\/seinesaintdenisledepartement","https:\/\/x.com\/seinesaintdenis","https:\/\/www.linkedin.com\/company\/seinesaintdenis","https:\/\/www.instagram.com\/seine_saint_denis\/","https:\/\/www.youtube.com\/channel\/UCR5YF9NnqiLCbnrKQgLUcIw"]},{"@type":"Person","@id":"https:\/\/seinesaintdenis.fr\/actualite\/#\/schema\/person\/0ed132e414e4e5a6a6d14bb9fd5b0d3a","name":"Carine Arassus","image":{"@type":"ImageObject","inLanguage":"fr-FR","@id":"https:\/\/secure.gravatar.com\/avatar\/0f981f322f4f99253bcb871f10ae46ce56b35c7fe7c5b8aa9b09ba3a77f6e3c0?s=96&d=mm&r=g","url":"https:\/\/secure.gravatar.com\/avatar\/0f981f322f4f99253bcb871f10ae46ce56b35c7fe7c5b8aa9b09ba3a77f6e3c0?s=96&d=mm&r=g","contentUrl":"https:\/\/secure.gravatar.com\/avatar\/0f981f322f4f99253bcb871f10ae46ce56b35c7fe7c5b8aa9b09ba3a77f6e3c0?s=96&d=mm&r=g","caption":"Carine Arassus"},"url":"https:\/\/seinesaintdenis.fr\/actualite\/author\/carassus\/"}]}},"_links":{"self":[{"href":"https:\/\/seinesaintdenis.fr\/actualite\/wp-json\/wp\/v2\/posts\/23334","targetHints":{"allow":["GET"]}}],"collection":[{"href":"https:\/\/seinesaintdenis.fr\/actualite\/wp-json\/wp\/v2\/posts"}],"about":[{"href":"https:\/\/seinesaintdenis.fr\/actualite\/wp-json\/wp\/v2\/types\/post"}],"author":[{"embeddable":true,"href":"https:\/\/seinesaintdenis.fr\/actualite\/wp-json\/wp\/v2\/users\/12"}],"replies":[{"embeddable":true,"href":"https:\/\/seinesaintdenis.fr\/actualite\/wp-json\/wp\/v2\/comments?post=23334"}],"version-history":[{"count":62,"href":"https:\/\/seinesaintdenis.fr\/actualite\/wp-json\/wp\/v2\/posts\/23334\/revisions"}],"predecessor-version":[{"id":24025,"href":"https:\/\/seinesaintdenis.fr\/actualite\/wp-json\/wp\/v2\/posts\/23334\/revisions\/24025"}],"wp:featuredmedia":[{"embeddable":true,"href":"https:\/\/seinesaintdenis.fr\/actualite\/wp-json\/wp\/v2\/media\/23346"}],"wp:attachment":[{"href":"https:\/\/seinesaintdenis.fr\/actualite\/wp-json\/wp\/v2\/media?parent=23334"}],"wp:term":[{"taxonomy":"category","embeddable":true,"href":"https:\/\/seinesaintdenis.fr\/actualite\/wp-json\/wp\/v2\/categories?post=23334"},{"taxonomy":"ville","embeddable":true,"href":"https:\/\/seinesaintdenis.fr\/actualite\/wp-json\/wp\/v2\/ville?post=23334"}],"curies":[{"name":"wp","href":"https:\/\/api.w.org\/{rel}","templated":true}]}}