{"id":22940,"date":"2025-02-07T15:45:04","date_gmt":"2025-02-07T14:45:04","guid":{"rendered":"https:\/\/seinesaintdenis.fr\/actualite\/?p=22940"},"modified":"2025-02-07T15:45:04","modified_gmt":"2025-02-07T14:45:04","slug":"Avec-Bondy-ou-les-Bleues-Fagueye-Sy-a-le-futsal-dans-la-peau","status":"publish","type":"post","link":"https:\/\/seinesaintdenis.fr\/actualite\/sport-loisirs\/Avec-Bondy-ou-les-Bleues-Fagueye-Sy-a-le-futsal-dans-la-peau\/","title":{"rendered":"Avec Bondy ou les Bleues, Fagueye Sy a le futsal dans la peau"},"content":{"rendered":"","protected":false},"excerpt":{"rendered":"","protected":false},"author":26,"featured_media":22961,"comment_status":"open","ping_status":"open","sticky":false,"template":"","format":"standard","meta":{"_acf_changed":false,"footnotes":""},"categories":[10],"ville":[63],"class_list":["post-22940","post","type-post","status-publish","format-standard","has-post-thumbnail","hentry","category-sport-loisirs"],"acf":[],"yoast_head":"<!-- This site is optimized with the Yoast SEO plugin v27.4 - https:\/\/yoast.com\/product\/yoast-seo-wordpress\/ -->\n<title>Avec Bondy ou les Bleues, Fagueye Sy a le futsal dans la peau - Seine-Saint-Denis - L&#039;actualit\u00e9 du d\u00e9partement<\/title>\n<meta name=\"description\" content=\"Joueuse et capitaine de l\u2019\u00e9quipe f\u00e9minine de futsal du Bondy C\u00e9cifoot Club, Fagueye Sy encha\u00eene les bonnes performances, individuelles et collectives, depuis deux saisons. Apr\u00e8s avoir remport\u00e9 la Coupe de Paris et la Coupe d\u00e9partementale l\u2019an pass\u00e9, son \u00e9quipe est actuellement leader du championnat. Des bons r\u00e9sultats qui ont valu \u00e0 cette agente du D\u00e9partement plusieurs convocations en \u00e9quipe de France o\u00f9 elle a su s\u2019imposer \u00e0 une vitesse \u00e9tonnante.\" \/>\n<meta name=\"robots\" content=\"index, follow, max-snippet:-1, max-image-preview:large, max-video-preview:-1\" \/>\n<link rel=\"canonical\" href=\"https:\/\/seinesaintdenis.fr\/actualite\/sport-loisirs\/Avec-Bondy-ou-les-Bleues-Fagueye-Sy-a-le-futsal-dans-la-peau\/\" \/>\n<meta property=\"og:locale\" content=\"fr_FR\" \/>\n<meta property=\"og:type\" content=\"article\" \/>\n<meta property=\"og:title\" content=\"Avec Bondy ou les Bleues, Fagueye Sy a le futsal dans la peau - Seine-Saint-Denis - L&#039;actualit\u00e9 du d\u00e9partement\" \/>\n<meta property=\"og:description\" content=\"Joueuse et capitaine de l\u2019\u00e9quipe f\u00e9minine de futsal du Bondy C\u00e9cifoot Club, Fagueye Sy encha\u00eene les bonnes performances, individuelles et collectives, depuis deux saisons. Apr\u00e8s avoir remport\u00e9 la Coupe de Paris et la Coupe d\u00e9partementale l\u2019an pass\u00e9, son \u00e9quipe est actuellement leader du championnat. Des bons r\u00e9sultats qui ont valu \u00e0 cette agente du D\u00e9partement plusieurs convocations en \u00e9quipe de France o\u00f9 elle a su s\u2019imposer \u00e0 une vitesse \u00e9tonnante.\" \/>\n<meta property=\"og:url\" content=\"https:\/\/seinesaintdenis.fr\/actualite\/sport-loisirs\/Avec-Bondy-ou-les-Bleues-Fagueye-Sy-a-le-futsal-dans-la-peau\/\" \/>\n<meta property=\"og:site_name\" content=\"Seine-Saint-Denis - L&#039;actualit\u00e9 du d\u00e9partement\" \/>\n<meta property=\"article:publisher\" content=\"https:\/\/www.facebook.com\/seinesaintdenisledepartement\" \/>\n<meta property=\"article:published_time\" content=\"2025-02-07T14:45:04+00:00\" \/>\n<meta property=\"og:image\" content=\"https:\/\/seinesaintdenis.fr\/actualite\/wp-content\/uploads\/2025\/02\/fagueye-sy.jpg\" \/>\n\t<meta property=\"og:image:width\" content=\"1090\" \/>\n\t<meta property=\"og:image:height\" content=\"560\" \/>\n\t<meta property=\"og:image:type\" content=\"image\/jpeg\" \/>\n<meta name=\"author\" content=\"Gr\u00e9goire Remund\" \/>\n<meta name=\"twitter:card\" content=\"summary_large_image\" \/>\n<meta name=\"twitter:creator\" content=\"@seinesaintdenis\" \/>\n<meta name=\"twitter:site\" content=\"@seinesaintdenis\" \/>\n<meta name=\"twitter:label1\" content=\"\u00c9crit par\" \/>\n\t<meta name=\"twitter:data1\" content=\"Gr\u00e9goire Remund\" \/>\n\t<meta name=\"twitter:label2\" content=\"Dur\u00e9e de lecture estim\u00e9e\" \/>\n\t<meta name=\"twitter:data2\" content=\"1 minute\" \/>\n<script type=\"application\/ld+json\" class=\"yoast-schema-graph\">{\"@context\":\"https:\\\/\\\/schema.org\",\"@graph\":[{\"@type\":\"Article\",\"@id\":\"https:\\\/\\\/seinesaintdenis.fr\\\/actualite\\\/sport-loisirs\\\/Avec-Bondy-ou-les-Bleues-Fagueye-Sy-a-le-futsal-dans-la-peau\\\/#article\",\"isPartOf\":{\"@id\":\"https:\\\/\\\/seinesaintdenis.fr\\\/actualite\\\/sport-loisirs\\\/Avec-Bondy-ou-les-Bleues-Fagueye-Sy-a-le-futsal-dans-la-peau\\\/\"},\"author\":{\"name\":\"Gr\u00e9goire Remund\",\"@id\":\"https:\\\/\\\/seinesaintdenis.fr\\\/actualite\\\/#\\\/schema\\\/person\\\/58432d2a0f20db4c094bf3cf2bdf6fc6\"},\"headline\":\"Avec Bondy ou les Bleues, Fagueye Sy a le futsal dans la peau\",\"datePublished\":\"2025-02-07T14:45:04+00:00\",\"mainEntityOfPage\":{\"@id\":\"https:\\\/\\\/seinesaintdenis.fr\\\/actualite\\\/sport-loisirs\\\/Avec-Bondy-ou-les-Bleues-Fagueye-Sy-a-le-futsal-dans-la-peau\\\/\"},\"wordCount\":13,\"commentCount\":0,\"publisher\":{\"@id\":\"https:\\\/\\\/seinesaintdenis.fr\\\/actualite\\\/#organization\"},\"image\":{\"@id\":\"https:\\\/\\\/seinesaintdenis.fr\\\/actualite\\\/sport-loisirs\\\/Avec-Bondy-ou-les-Bleues-Fagueye-Sy-a-le-futsal-dans-la-peau\\\/#primaryimage\"},\"thumbnailUrl\":\"https:\\\/\\\/seinesaintdenis.fr\\\/actualite\\\/wp-content\\\/uploads\\\/2025\\\/02\\\/fagueye-sy.jpg\",\"articleSection\":[\"Sport &amp; Loisirs\"],\"inLanguage\":\"fr-FR\",\"potentialAction\":[{\"@type\":\"CommentAction\",\"name\":\"Comment\",\"target\":[\"https:\\\/\\\/seinesaintdenis.fr\\\/actualite\\\/sport-loisirs\\\/Avec-Bondy-ou-les-Bleues-Fagueye-Sy-a-le-futsal-dans-la-peau\\\/#respond\"]}]},{\"@type\":\"WebPage\",\"@id\":\"https:\\\/\\\/seinesaintdenis.fr\\\/actualite\\\/sport-loisirs\\\/Avec-Bondy-ou-les-Bleues-Fagueye-Sy-a-le-futsal-dans-la-peau\\\/\",\"url\":\"https:\\\/\\\/seinesaintdenis.fr\\\/actualite\\\/sport-loisirs\\\/Avec-Bondy-ou-les-Bleues-Fagueye-Sy-a-le-futsal-dans-la-peau\\\/\",\"name\":\"Avec Bondy ou les Bleues, Fagueye Sy a le futsal dans la peau - Seine-Saint-Denis - L&#039;actualit\u00e9 du d\u00e9partement\",\"isPartOf\":{\"@id\":\"https:\\\/\\\/seinesaintdenis.fr\\\/actualite\\\/#website\"},\"primaryImageOfPage\":{\"@id\":\"https:\\\/\\\/seinesaintdenis.fr\\\/actualite\\\/sport-loisirs\\\/Avec-Bondy-ou-les-Bleues-Fagueye-Sy-a-le-futsal-dans-la-peau\\\/#primaryimage\"},\"image\":{\"@id\":\"https:\\\/\\\/seinesaintdenis.fr\\\/actualite\\\/sport-loisirs\\\/Avec-Bondy-ou-les-Bleues-Fagueye-Sy-a-le-futsal-dans-la-peau\\\/#primaryimage\"},\"thumbnailUrl\":\"https:\\\/\\\/seinesaintdenis.fr\\\/actualite\\\/wp-content\\\/uploads\\\/2025\\\/02\\\/fagueye-sy.jpg\",\"datePublished\":\"2025-02-07T14:45:04+00:00\",\"description\":\"Joueuse et capitaine de l\u2019\u00e9quipe f\u00e9minine de futsal du Bondy C\u00e9cifoot Club, Fagueye Sy encha\u00eene les bonnes performances, individuelles et collectives, depuis deux saisons. Apr\u00e8s avoir remport\u00e9 la Coupe de Paris et la Coupe d\u00e9partementale l\u2019an pass\u00e9, son \u00e9quipe est actuellement leader du championnat. Des bons r\u00e9sultats qui ont valu \u00e0 cette agente du D\u00e9partement plusieurs convocations en \u00e9quipe de France o\u00f9 elle a su s\u2019imposer \u00e0 une vitesse \u00e9tonnante.\",\"breadcrumb\":{\"@id\":\"https:\\\/\\\/seinesaintdenis.fr\\\/actualite\\\/sport-loisirs\\\/Avec-Bondy-ou-les-Bleues-Fagueye-Sy-a-le-futsal-dans-la-peau\\\/#breadcrumb\"},\"inLanguage\":\"fr-FR\",\"potentialAction\":[{\"@type\":\"ReadAction\",\"target\":[\"https:\\\/\\\/seinesaintdenis.fr\\\/actualite\\\/sport-loisirs\\\/Avec-Bondy-ou-les-Bleues-Fagueye-Sy-a-le-futsal-dans-la-peau\\\/\"]}]},{\"@type\":\"ImageObject\",\"inLanguage\":\"fr-FR\",\"@id\":\"https:\\\/\\\/seinesaintdenis.fr\\\/actualite\\\/sport-loisirs\\\/Avec-Bondy-ou-les-Bleues-Fagueye-Sy-a-le-futsal-dans-la-peau\\\/#primaryimage\",\"url\":\"https:\\\/\\\/seinesaintdenis.fr\\\/actualite\\\/wp-content\\\/uploads\\\/2025\\\/02\\\/fagueye-sy.jpg\",\"contentUrl\":\"https:\\\/\\\/seinesaintdenis.fr\\\/actualite\\\/wp-content\\\/uploads\\\/2025\\\/02\\\/fagueye-sy.jpg\",\"width\":1090,\"height\":560},{\"@type\":\"BreadcrumbList\",\"@id\":\"https:\\\/\\\/seinesaintdenis.fr\\\/actualite\\\/sport-loisirs\\\/Avec-Bondy-ou-les-Bleues-Fagueye-Sy-a-le-futsal-dans-la-peau\\\/#breadcrumb\",\"itemListElement\":[{\"@type\":\"ListItem\",\"position\":1,\"name\":\"Accueil\",\"item\":\"https:\\\/\\\/seinesaintdenis.fr\\\/actualite\\\/\"},{\"@type\":\"ListItem\",\"position\":2,\"name\":\"Sport &amp; Loisirs\",\"item\":\"https:\\\/\\\/seinesaintdenis.fr\\\/actualite\\\/sport-loisirs\\\/\"},{\"@type\":\"ListItem\",\"position\":3,\"name\":\"Avec Bondy ou les Bleues, Fagueye Sy a le futsal dans la peau\"}]},{\"@type\":\"WebSite\",\"@id\":\"https:\\\/\\\/seinesaintdenis.fr\\\/actualite\\\/#website\",\"url\":\"https:\\\/\\\/seinesaintdenis.fr\\\/actualite\\\/\",\"name\":\"Seine-Saint-Denis - L'actualit\u00e9 du d\u00e9partement\",\"description\":\"L&#039;actualit\u00e9 du D\u00e9partement de la Seine-Saint-Denis\",\"publisher\":{\"@id\":\"https:\\\/\\\/seinesaintdenis.fr\\\/actualite\\\/#organization\"},\"potentialAction\":[{\"@type\":\"SearchAction\",\"target\":{\"@type\":\"EntryPoint\",\"urlTemplate\":\"https:\\\/\\\/seinesaintdenis.fr\\\/actualite\\\/?s={search_term_string}\"},\"query-input\":{\"@type\":\"PropertyValueSpecification\",\"valueRequired\":true,\"valueName\":\"search_term_string\"}}],\"inLanguage\":\"fr-FR\"},{\"@type\":\"Organization\",\"@id\":\"https:\\\/\\\/seinesaintdenis.fr\\\/actualite\\\/#organization\",\"name\":\"Seine-Saint-Denis - Le D\u00e9partement\",\"url\":\"https:\\\/\\\/seinesaintdenis.fr\\\/actualite\\\/\",\"logo\":{\"@type\":\"ImageObject\",\"inLanguage\":\"fr-FR\",\"@id\":\"https:\\\/\\\/seinesaintdenis.fr\\\/actualite\\\/#\\\/schema\\\/logo\\\/image\\\/\",\"url\":\"https:\\\/\\\/seinesaintdenis.fr\\\/actualite\\\/wp-content\\\/uploads\\\/2024\\\/08\\\/logo.png\",\"contentUrl\":\"https:\\\/\\\/seinesaintdenis.fr\\\/actualite\\\/wp-content\\\/uploads\\\/2024\\\/08\\\/logo.png\",\"width\":567,\"height\":172,\"caption\":\"Seine-Saint-Denis - Le D\u00e9partement\"},\"image\":{\"@id\":\"https:\\\/\\\/seinesaintdenis.fr\\\/actualite\\\/#\\\/schema\\\/logo\\\/image\\\/\"},\"sameAs\":[\"https:\\\/\\\/www.facebook.com\\\/seinesaintdenisledepartement\",\"https:\\\/\\\/x.com\\\/seinesaintdenis\",\"https:\\\/\\\/www.linkedin.com\\\/company\\\/seinesaintdenis\",\"https:\\\/\\\/www.instagram.com\\\/seine_saint_denis\\\/\",\"https:\\\/\\\/www.youtube.com\\\/channel\\\/UCR5YF9NnqiLCbnrKQgLUcIw\"]},{\"@type\":\"Person\",\"@id\":\"https:\\\/\\\/seinesaintdenis.fr\\\/actualite\\\/#\\\/schema\\\/person\\\/58432d2a0f20db4c094bf3cf2bdf6fc6\",\"name\":\"Gr\u00e9goire Remund\",\"image\":{\"@type\":\"ImageObject\",\"inLanguage\":\"fr-FR\",\"@id\":\"https:\\\/\\\/secure.gravatar.com\\\/avatar\\\/4faed524c5ca22d4ed513bb08a055444568a0e4b2bd125a80c28e468f5f4f915?s=96&d=mm&r=g\",\"url\":\"https:\\\/\\\/secure.gravatar.com\\\/avatar\\\/4faed524c5ca22d4ed513bb08a055444568a0e4b2bd125a80c28e468f5f4f915?s=96&d=mm&r=g\",\"contentUrl\":\"https:\\\/\\\/secure.gravatar.com\\\/avatar\\\/4faed524c5ca22d4ed513bb08a055444568a0e4b2bd125a80c28e468f5f4f915?s=96&d=mm&r=g\",\"caption\":\"Gr\u00e9goire Remund\"},\"url\":\"https:\\\/\\\/seinesaintdenis.fr\\\/actualite\\\/author\\\/gremund\\\/\"}]}<\/script>\n<!-- \/ Yoast SEO plugin. -->","yoast_head_json":{"title":"Avec Bondy ou les Bleues, Fagueye Sy a le futsal dans la peau - Seine-Saint-Denis - L&#039;actualit\u00e9 du d\u00e9partement","description":"Joueuse et capitaine de l\u2019\u00e9quipe f\u00e9minine de futsal du Bondy C\u00e9cifoot Club, Fagueye Sy encha\u00eene les bonnes performances, individuelles et collectives, depuis deux saisons. Apr\u00e8s avoir remport\u00e9 la Coupe de Paris et la Coupe d\u00e9partementale l\u2019an pass\u00e9, son \u00e9quipe est actuellement leader du championnat. Des bons r\u00e9sultats qui ont valu \u00e0 cette agente du D\u00e9partement plusieurs convocations en \u00e9quipe de France o\u00f9 elle a su s\u2019imposer \u00e0 une vitesse \u00e9tonnante.","robots":{"index":"index","follow":"follow","max-snippet":"max-snippet:-1","max-image-preview":"max-image-preview:large","max-video-preview":"max-video-preview:-1"},"canonical":"https:\/\/seinesaintdenis.fr\/actualite\/sport-loisirs\/Avec-Bondy-ou-les-Bleues-Fagueye-Sy-a-le-futsal-dans-la-peau\/","og_locale":"fr_FR","og_type":"article","og_title":"Avec Bondy ou les Bleues, Fagueye Sy a le futsal dans la peau - Seine-Saint-Denis - L&#039;actualit\u00e9 du d\u00e9partement","og_description":"Joueuse et capitaine de l\u2019\u00e9quipe f\u00e9minine de futsal du Bondy C\u00e9cifoot Club, Fagueye Sy encha\u00eene les bonnes performances, individuelles et collectives, depuis deux saisons. Apr\u00e8s avoir remport\u00e9 la Coupe de Paris et la Coupe d\u00e9partementale l\u2019an pass\u00e9, son \u00e9quipe est actuellement leader du championnat. Des bons r\u00e9sultats qui ont valu \u00e0 cette agente du D\u00e9partement plusieurs convocations en \u00e9quipe de France o\u00f9 elle a su s\u2019imposer \u00e0 une vitesse \u00e9tonnante.","og_url":"https:\/\/seinesaintdenis.fr\/actualite\/sport-loisirs\/Avec-Bondy-ou-les-Bleues-Fagueye-Sy-a-le-futsal-dans-la-peau\/","og_site_name":"Seine-Saint-Denis - L&#039;actualit\u00e9 du d\u00e9partement","article_publisher":"https:\/\/www.facebook.com\/seinesaintdenisledepartement","article_published_time":"2025-02-07T14:45:04+00:00","og_image":[{"width":1090,"height":560,"url":"https:\/\/seinesaintdenis.fr\/actualite\/wp-content\/uploads\/2025\/02\/fagueye-sy.jpg","type":"image\/jpeg"}],"author":"Gr\u00e9goire Remund","twitter_card":"summary_large_image","twitter_creator":"@seinesaintdenis","twitter_site":"@seinesaintdenis","twitter_misc":{"\u00c9crit par":"Gr\u00e9goire Remund","Dur\u00e9e de lecture estim\u00e9e":"1 minute"},"schema":{"@context":"https:\/\/schema.org","@graph":[{"@type":"Article","@id":"https:\/\/seinesaintdenis.fr\/actualite\/sport-loisirs\/Avec-Bondy-ou-les-Bleues-Fagueye-Sy-a-le-futsal-dans-la-peau\/#article","isPartOf":{"@id":"https:\/\/seinesaintdenis.fr\/actualite\/sport-loisirs\/Avec-Bondy-ou-les-Bleues-Fagueye-Sy-a-le-futsal-dans-la-peau\/"},"author":{"name":"Gr\u00e9goire Remund","@id":"https:\/\/seinesaintdenis.fr\/actualite\/#\/schema\/person\/58432d2a0f20db4c094bf3cf2bdf6fc6"},"headline":"Avec Bondy ou les Bleues, Fagueye Sy a le futsal dans la peau","datePublished":"2025-02-07T14:45:04+00:00","mainEntityOfPage":{"@id":"https:\/\/seinesaintdenis.fr\/actualite\/sport-loisirs\/Avec-Bondy-ou-les-Bleues-Fagueye-Sy-a-le-futsal-dans-la-peau\/"},"wordCount":13,"commentCount":0,"publisher":{"@id":"https:\/\/seinesaintdenis.fr\/actualite\/#organization"},"image":{"@id":"https:\/\/seinesaintdenis.fr\/actualite\/sport-loisirs\/Avec-Bondy-ou-les-Bleues-Fagueye-Sy-a-le-futsal-dans-la-peau\/#primaryimage"},"thumbnailUrl":"https:\/\/seinesaintdenis.fr\/actualite\/wp-content\/uploads\/2025\/02\/fagueye-sy.jpg","articleSection":["Sport &amp; Loisirs"],"inLanguage":"fr-FR","potentialAction":[{"@type":"CommentAction","name":"Comment","target":["https:\/\/seinesaintdenis.fr\/actualite\/sport-loisirs\/Avec-Bondy-ou-les-Bleues-Fagueye-Sy-a-le-futsal-dans-la-peau\/#respond"]}]},{"@type":"WebPage","@id":"https:\/\/seinesaintdenis.fr\/actualite\/sport-loisirs\/Avec-Bondy-ou-les-Bleues-Fagueye-Sy-a-le-futsal-dans-la-peau\/","url":"https:\/\/seinesaintdenis.fr\/actualite\/sport-loisirs\/Avec-Bondy-ou-les-Bleues-Fagueye-Sy-a-le-futsal-dans-la-peau\/","name":"Avec Bondy ou les Bleues, Fagueye Sy a le futsal dans la peau - Seine-Saint-Denis - L&#039;actualit\u00e9 du d\u00e9partement","isPartOf":{"@id":"https:\/\/seinesaintdenis.fr\/actualite\/#website"},"primaryImageOfPage":{"@id":"https:\/\/seinesaintdenis.fr\/actualite\/sport-loisirs\/Avec-Bondy-ou-les-Bleues-Fagueye-Sy-a-le-futsal-dans-la-peau\/#primaryimage"},"image":{"@id":"https:\/\/seinesaintdenis.fr\/actualite\/sport-loisirs\/Avec-Bondy-ou-les-Bleues-Fagueye-Sy-a-le-futsal-dans-la-peau\/#primaryimage"},"thumbnailUrl":"https:\/\/seinesaintdenis.fr\/actualite\/wp-content\/uploads\/2025\/02\/fagueye-sy.jpg","datePublished":"2025-02-07T14:45:04+00:00","description":"Joueuse et capitaine de l\u2019\u00e9quipe f\u00e9minine de futsal du Bondy C\u00e9cifoot Club, Fagueye Sy encha\u00eene les bonnes performances, individuelles et collectives, depuis deux saisons. Apr\u00e8s avoir remport\u00e9 la Coupe de Paris et la Coupe d\u00e9partementale l\u2019an pass\u00e9, son \u00e9quipe est actuellement leader du championnat. Des bons r\u00e9sultats qui ont valu \u00e0 cette agente du D\u00e9partement plusieurs convocations en \u00e9quipe de France o\u00f9 elle a su s\u2019imposer \u00e0 une vitesse \u00e9tonnante.","breadcrumb":{"@id":"https:\/\/seinesaintdenis.fr\/actualite\/sport-loisirs\/Avec-Bondy-ou-les-Bleues-Fagueye-Sy-a-le-futsal-dans-la-peau\/#breadcrumb"},"inLanguage":"fr-FR","potentialAction":[{"@type":"ReadAction","target":["https:\/\/seinesaintdenis.fr\/actualite\/sport-loisirs\/Avec-Bondy-ou-les-Bleues-Fagueye-Sy-a-le-futsal-dans-la-peau\/"]}]},{"@type":"ImageObject","inLanguage":"fr-FR","@id":"https:\/\/seinesaintdenis.fr\/actualite\/sport-loisirs\/Avec-Bondy-ou-les-Bleues-Fagueye-Sy-a-le-futsal-dans-la-peau\/#primaryimage","url":"https:\/\/seinesaintdenis.fr\/actualite\/wp-content\/uploads\/2025\/02\/fagueye-sy.jpg","contentUrl":"https:\/\/seinesaintdenis.fr\/actualite\/wp-content\/uploads\/2025\/02\/fagueye-sy.jpg","width":1090,"height":560},{"@type":"BreadcrumbList","@id":"https:\/\/seinesaintdenis.fr\/actualite\/sport-loisirs\/Avec-Bondy-ou-les-Bleues-Fagueye-Sy-a-le-futsal-dans-la-peau\/#breadcrumb","itemListElement":[{"@type":"ListItem","position":1,"name":"Accueil","item":"https:\/\/seinesaintdenis.fr\/actualite\/"},{"@type":"ListItem","position":2,"name":"Sport &amp; Loisirs","item":"https:\/\/seinesaintdenis.fr\/actualite\/sport-loisirs\/"},{"@type":"ListItem","position":3,"name":"Avec Bondy ou les Bleues, Fagueye Sy a le futsal dans la peau"}]},{"@type":"WebSite","@id":"https:\/\/seinesaintdenis.fr\/actualite\/#website","url":"https:\/\/seinesaintdenis.fr\/actualite\/","name":"Seine-Saint-Denis - L'actualit\u00e9 du d\u00e9partement","description":"L&#039;actualit\u00e9 du D\u00e9partement de la Seine-Saint-Denis","publisher":{"@id":"https:\/\/seinesaintdenis.fr\/actualite\/#organization"},"potentialAction":[{"@type":"SearchAction","target":{"@type":"EntryPoint","urlTemplate":"https:\/\/seinesaintdenis.fr\/actualite\/?s={search_term_string}"},"query-input":{"@type":"PropertyValueSpecification","valueRequired":true,"valueName":"search_term_string"}}],"inLanguage":"fr-FR"},{"@type":"Organization","@id":"https:\/\/seinesaintdenis.fr\/actualite\/#organization","name":"Seine-Saint-Denis - Le D\u00e9partement","url":"https:\/\/seinesaintdenis.fr\/actualite\/","logo":{"@type":"ImageObject","inLanguage":"fr-FR","@id":"https:\/\/seinesaintdenis.fr\/actualite\/#\/schema\/logo\/image\/","url":"https:\/\/seinesaintdenis.fr\/actualite\/wp-content\/uploads\/2024\/08\/logo.png","contentUrl":"https:\/\/seinesaintdenis.fr\/actualite\/wp-content\/uploads\/2024\/08\/logo.png","width":567,"height":172,"caption":"Seine-Saint-Denis - Le D\u00e9partement"},"image":{"@id":"https:\/\/seinesaintdenis.fr\/actualite\/#\/schema\/logo\/image\/"},"sameAs":["https:\/\/www.facebook.com\/seinesaintdenisledepartement","https:\/\/x.com\/seinesaintdenis","https:\/\/www.linkedin.com\/company\/seinesaintdenis","https:\/\/www.instagram.com\/seine_saint_denis\/","https:\/\/www.youtube.com\/channel\/UCR5YF9NnqiLCbnrKQgLUcIw"]},{"@type":"Person","@id":"https:\/\/seinesaintdenis.fr\/actualite\/#\/schema\/person\/58432d2a0f20db4c094bf3cf2bdf6fc6","name":"Gr\u00e9goire Remund","image":{"@type":"ImageObject","inLanguage":"fr-FR","@id":"https:\/\/secure.gravatar.com\/avatar\/4faed524c5ca22d4ed513bb08a055444568a0e4b2bd125a80c28e468f5f4f915?s=96&d=mm&r=g","url":"https:\/\/secure.gravatar.com\/avatar\/4faed524c5ca22d4ed513bb08a055444568a0e4b2bd125a80c28e468f5f4f915?s=96&d=mm&r=g","contentUrl":"https:\/\/secure.gravatar.com\/avatar\/4faed524c5ca22d4ed513bb08a055444568a0e4b2bd125a80c28e468f5f4f915?s=96&d=mm&r=g","caption":"Gr\u00e9goire Remund"},"url":"https:\/\/seinesaintdenis.fr\/actualite\/author\/gremund\/"}]}},"_links":{"self":[{"href":"https:\/\/seinesaintdenis.fr\/actualite\/wp-json\/wp\/v2\/posts\/22940","targetHints":{"allow":["GET"]}}],"collection":[{"href":"https:\/\/seinesaintdenis.fr\/actualite\/wp-json\/wp\/v2\/posts"}],"about":[{"href":"https:\/\/seinesaintdenis.fr\/actualite\/wp-json\/wp\/v2\/types\/post"}],"author":[{"embeddable":true,"href":"https:\/\/seinesaintdenis.fr\/actualite\/wp-json\/wp\/v2\/users\/26"}],"replies":[{"embeddable":true,"href":"https:\/\/seinesaintdenis.fr\/actualite\/wp-json\/wp\/v2\/comments?post=22940"}],"version-history":[{"count":7,"href":"https:\/\/seinesaintdenis.fr\/actualite\/wp-json\/wp\/v2\/posts\/22940\/revisions"}],"predecessor-version":[{"id":22972,"href":"https:\/\/seinesaintdenis.fr\/actualite\/wp-json\/wp\/v2\/posts\/22940\/revisions\/22972"}],"wp:featuredmedia":[{"embeddable":true,"href":"https:\/\/seinesaintdenis.fr\/actualite\/wp-json\/wp\/v2\/media\/22961"}],"wp:attachment":[{"href":"https:\/\/seinesaintdenis.fr\/actualite\/wp-json\/wp\/v2\/media?parent=22940"}],"wp:term":[{"taxonomy":"category","embeddable":true,"href":"https:\/\/seinesaintdenis.fr\/actualite\/wp-json\/wp\/v2\/categories?post=22940"},{"taxonomy":"ville","embeddable":true,"href":"https:\/\/seinesaintdenis.fr\/actualite\/wp-json\/wp\/v2\/ville?post=22940"}],"curies":[{"name":"wp","href":"https:\/\/api.w.org\/{rel}","templated":true}]}}