{"id":21311,"date":"2024-12-18T12:32:10","date_gmt":"2024-12-18T11:32:10","guid":{"rendered":"https:\/\/seinesaintdenis.fr\/actualite\/?p=21311"},"modified":"2024-12-20T10:18:31","modified_gmt":"2024-12-20T09:18:31","slug":"facture-2025","status":"publish","type":"post","link":"https:\/\/seinesaintdenis.fr\/actualite\/Seance\/facture-2025\/","title":{"rendered":"La Seine-Saint-Denis pr\u00e9sente sa facture \u00e0 l\u2019\u00c9tat"},"content":{"rendered":"","protected":false},"excerpt":{"rendered":"","protected":false},"author":13,"featured_media":21655,"comment_status":"open","ping_status":"open","sticky":false,"template":"","format":"standard","meta":{"_acf_changed":false,"footnotes":""},"categories":[113,189,11,116],"ville":[62],"class_list":["post-21311","post","type-post","status-publish","format-standard","has-post-thumbnail","hentry","category-mobilite-active","category-Seance","category-solidarites-sante","category-transports"],"acf":[],"yoast_head":"<!-- This site is optimized with the Yoast SEO plugin v27.4 - https:\/\/yoast.com\/product\/yoast-seo-wordpress\/ -->\n<title>La Seine-Saint-Denis pr\u00e9sente sa facture \u00e0 l\u2019\u00c9tat - Seine-Saint-Denis - L&#039;actualit\u00e9 du d\u00e9partement<\/title>\n<meta name=\"description\" content=\"A l\u2019issue de la s\u00e9ance de l\u2019assembl\u00e9e d\u00e9partementale jeudi 19 d\u00e9cembre consacr\u00e9e au vote du budget, les \u00e9lu\u00b7es de la majorit\u00e9 ont pr\u00e9sent\u00e9 une facture de 434 millions d\u2019euros correspondant \u00e0 la dette de l\u2019\u00c9tat envers la Seine-Saint-Denis. Malgr\u00e9 un contexte contraint, le D\u00e9partement a adopt\u00e9 un budget 2025 ambitieux avec 398 millions d&#039;euros d\u2019investissement.\" \/>\n<meta name=\"robots\" content=\"index, follow, max-snippet:-1, max-image-preview:large, max-video-preview:-1\" \/>\n<link rel=\"canonical\" href=\"https:\/\/seinesaintdenis.fr\/actualite\/Seance\/facture-2025\/\" \/>\n<meta property=\"og:locale\" content=\"fr_FR\" \/>\n<meta property=\"og:type\" content=\"article\" \/>\n<meta property=\"og:title\" content=\"La Seine-Saint-Denis pr\u00e9sente sa facture \u00e0 l\u2019\u00c9tat - Seine-Saint-Denis - L&#039;actualit\u00e9 du d\u00e9partement\" \/>\n<meta property=\"og:description\" content=\"A l\u2019issue de la s\u00e9ance de l\u2019assembl\u00e9e d\u00e9partementale jeudi 19 d\u00e9cembre consacr\u00e9e au vote du budget, les \u00e9lu\u00b7es de la majorit\u00e9 ont pr\u00e9sent\u00e9 une facture de 434 millions d\u2019euros correspondant \u00e0 la dette de l\u2019\u00c9tat envers la Seine-Saint-Denis. Malgr\u00e9 un contexte contraint, le D\u00e9partement a adopt\u00e9 un budget 2025 ambitieux avec 398 millions d&#039;euros d\u2019investissement.\" \/>\n<meta property=\"og:url\" content=\"https:\/\/seinesaintdenis.fr\/actualite\/Seance\/facture-2025\/\" \/>\n<meta property=\"og:site_name\" content=\"Seine-Saint-Denis - L&#039;actualit\u00e9 du d\u00e9partement\" \/>\n<meta property=\"article:publisher\" content=\"https:\/\/www.facebook.com\/seinesaintdenisledepartement\" \/>\n<meta property=\"article:published_time\" content=\"2024-12-18T11:32:10+00:00\" \/>\n<meta property=\"article:modified_time\" content=\"2024-12-20T09:18:31+00:00\" \/>\n<meta property=\"og:image\" content=\"https:\/\/seinesaintdenis.fr\/actualite\/wp-content\/uploads\/2024\/12\/facture-etat.jpg\" \/>\n\t<meta property=\"og:image:width\" content=\"1080\" \/>\n\t<meta property=\"og:image:height\" content=\"560\" \/>\n\t<meta property=\"og:image:type\" content=\"image\/jpeg\" \/>\n<meta name=\"author\" content=\"Georges Makowski\" \/>\n<meta name=\"twitter:card\" content=\"summary_large_image\" \/>\n<meta name=\"twitter:creator\" content=\"@seinesaintdenis\" \/>\n<meta name=\"twitter:site\" content=\"@seinesaintdenis\" \/>\n<meta name=\"twitter:label1\" content=\"\u00c9crit par\" \/>\n\t<meta name=\"twitter:data1\" content=\"Georges Makowski\" \/>\n\t<meta name=\"twitter:label2\" content=\"Dur\u00e9e de lecture estim\u00e9e\" \/>\n\t<meta name=\"twitter:data2\" content=\"1 minute\" \/>\n<script type=\"application\/ld+json\" class=\"yoast-schema-graph\">{\"@context\":\"https:\\\/\\\/schema.org\",\"@graph\":[{\"@type\":\"Article\",\"@id\":\"https:\\\/\\\/seinesaintdenis.fr\\\/actualite\\\/Seance\\\/facture-2025\\\/#article\",\"isPartOf\":{\"@id\":\"https:\\\/\\\/seinesaintdenis.fr\\\/actualite\\\/Seance\\\/facture-2025\\\/\"},\"author\":{\"name\":\"Georges Makowski\",\"@id\":\"https:\\\/\\\/seinesaintdenis.fr\\\/actualite\\\/#\\\/schema\\\/person\\\/c3f728fd708de8fb2ce6a6854e52268e\"},\"headline\":\"La Seine-Saint-Denis pr\u00e9sente sa facture \u00e0 l\u2019\u00c9tat\",\"datePublished\":\"2024-12-18T11:32:10+00:00\",\"dateModified\":\"2024-12-20T09:18:31+00:00\",\"mainEntityOfPage\":{\"@id\":\"https:\\\/\\\/seinesaintdenis.fr\\\/actualite\\\/Seance\\\/facture-2025\\\/\"},\"wordCount\":8,\"commentCount\":0,\"publisher\":{\"@id\":\"https:\\\/\\\/seinesaintdenis.fr\\\/actualite\\\/#organization\"},\"image\":{\"@id\":\"https:\\\/\\\/seinesaintdenis.fr\\\/actualite\\\/Seance\\\/facture-2025\\\/#primaryimage\"},\"thumbnailUrl\":\"https:\\\/\\\/seinesaintdenis.fr\\\/actualite\\\/wp-content\\\/uploads\\\/2024\\\/12\\\/facture-etat.jpg\",\"articleSection\":[\"Mobilit\u00e9 active\",\"S\u00e9ance\",\"Solidarit\u00e9s &amp; Sant\u00e9\",\"Transports\"],\"inLanguage\":\"fr-FR\",\"potentialAction\":[{\"@type\":\"CommentAction\",\"name\":\"Comment\",\"target\":[\"https:\\\/\\\/seinesaintdenis.fr\\\/actualite\\\/Seance\\\/facture-2025\\\/#respond\"]}]},{\"@type\":\"WebPage\",\"@id\":\"https:\\\/\\\/seinesaintdenis.fr\\\/actualite\\\/Seance\\\/facture-2025\\\/\",\"url\":\"https:\\\/\\\/seinesaintdenis.fr\\\/actualite\\\/Seance\\\/facture-2025\\\/\",\"name\":\"La Seine-Saint-Denis pr\u00e9sente sa facture \u00e0 l\u2019\u00c9tat - Seine-Saint-Denis - L&#039;actualit\u00e9 du d\u00e9partement\",\"isPartOf\":{\"@id\":\"https:\\\/\\\/seinesaintdenis.fr\\\/actualite\\\/#website\"},\"primaryImageOfPage\":{\"@id\":\"https:\\\/\\\/seinesaintdenis.fr\\\/actualite\\\/Seance\\\/facture-2025\\\/#primaryimage\"},\"image\":{\"@id\":\"https:\\\/\\\/seinesaintdenis.fr\\\/actualite\\\/Seance\\\/facture-2025\\\/#primaryimage\"},\"thumbnailUrl\":\"https:\\\/\\\/seinesaintdenis.fr\\\/actualite\\\/wp-content\\\/uploads\\\/2024\\\/12\\\/facture-etat.jpg\",\"datePublished\":\"2024-12-18T11:32:10+00:00\",\"dateModified\":\"2024-12-20T09:18:31+00:00\",\"description\":\"A l\u2019issue de la s\u00e9ance de l\u2019assembl\u00e9e d\u00e9partementale jeudi 19 d\u00e9cembre consacr\u00e9e au vote du budget, les \u00e9lu\u00b7es de la majorit\u00e9 ont pr\u00e9sent\u00e9 une facture de 434 millions d\u2019euros correspondant \u00e0 la dette de l\u2019\u00c9tat envers la Seine-Saint-Denis. Malgr\u00e9 un contexte contraint, le D\u00e9partement a adopt\u00e9 un budget 2025 ambitieux avec 398 millions d'euros d\u2019investissement.\",\"breadcrumb\":{\"@id\":\"https:\\\/\\\/seinesaintdenis.fr\\\/actualite\\\/Seance\\\/facture-2025\\\/#breadcrumb\"},\"inLanguage\":\"fr-FR\",\"potentialAction\":[{\"@type\":\"ReadAction\",\"target\":[\"https:\\\/\\\/seinesaintdenis.fr\\\/actualite\\\/Seance\\\/facture-2025\\\/\"]}]},{\"@type\":\"ImageObject\",\"inLanguage\":\"fr-FR\",\"@id\":\"https:\\\/\\\/seinesaintdenis.fr\\\/actualite\\\/Seance\\\/facture-2025\\\/#primaryimage\",\"url\":\"https:\\\/\\\/seinesaintdenis.fr\\\/actualite\\\/wp-content\\\/uploads\\\/2024\\\/12\\\/facture-etat.jpg\",\"contentUrl\":\"https:\\\/\\\/seinesaintdenis.fr\\\/actualite\\\/wp-content\\\/uploads\\\/2024\\\/12\\\/facture-etat.jpg\",\"width\":1080,\"height\":560},{\"@type\":\"BreadcrumbList\",\"@id\":\"https:\\\/\\\/seinesaintdenis.fr\\\/actualite\\\/Seance\\\/facture-2025\\\/#breadcrumb\",\"itemListElement\":[{\"@type\":\"ListItem\",\"position\":1,\"name\":\"Accueil\",\"item\":\"https:\\\/\\\/seinesaintdenis.fr\\\/actualite\\\/\"},{\"@type\":\"ListItem\",\"position\":2,\"name\":\"S\u00e9ance\",\"item\":\"https:\\\/\\\/seinesaintdenis.fr\\\/actualite\\\/Seance\\\/\"},{\"@type\":\"ListItem\",\"position\":3,\"name\":\"La Seine-Saint-Denis pr\u00e9sente sa facture \u00e0 l\u2019\u00c9tat\"}]},{\"@type\":\"WebSite\",\"@id\":\"https:\\\/\\\/seinesaintdenis.fr\\\/actualite\\\/#website\",\"url\":\"https:\\\/\\\/seinesaintdenis.fr\\\/actualite\\\/\",\"name\":\"Seine-Saint-Denis - L'actualit\u00e9 du d\u00e9partement\",\"description\":\"L&#039;actualit\u00e9 du D\u00e9partement de la Seine-Saint-Denis\",\"publisher\":{\"@id\":\"https:\\\/\\\/seinesaintdenis.fr\\\/actualite\\\/#organization\"},\"potentialAction\":[{\"@type\":\"SearchAction\",\"target\":{\"@type\":\"EntryPoint\",\"urlTemplate\":\"https:\\\/\\\/seinesaintdenis.fr\\\/actualite\\\/?s={search_term_string}\"},\"query-input\":{\"@type\":\"PropertyValueSpecification\",\"valueRequired\":true,\"valueName\":\"search_term_string\"}}],\"inLanguage\":\"fr-FR\"},{\"@type\":\"Organization\",\"@id\":\"https:\\\/\\\/seinesaintdenis.fr\\\/actualite\\\/#organization\",\"name\":\"Seine-Saint-Denis - Le D\u00e9partement\",\"url\":\"https:\\\/\\\/seinesaintdenis.fr\\\/actualite\\\/\",\"logo\":{\"@type\":\"ImageObject\",\"inLanguage\":\"fr-FR\",\"@id\":\"https:\\\/\\\/seinesaintdenis.fr\\\/actualite\\\/#\\\/schema\\\/logo\\\/image\\\/\",\"url\":\"https:\\\/\\\/seinesaintdenis.fr\\\/actualite\\\/wp-content\\\/uploads\\\/2024\\\/08\\\/logo.png\",\"contentUrl\":\"https:\\\/\\\/seinesaintdenis.fr\\\/actualite\\\/wp-content\\\/uploads\\\/2024\\\/08\\\/logo.png\",\"width\":567,\"height\":172,\"caption\":\"Seine-Saint-Denis - Le D\u00e9partement\"},\"image\":{\"@id\":\"https:\\\/\\\/seinesaintdenis.fr\\\/actualite\\\/#\\\/schema\\\/logo\\\/image\\\/\"},\"sameAs\":[\"https:\\\/\\\/www.facebook.com\\\/seinesaintdenisledepartement\",\"https:\\\/\\\/x.com\\\/seinesaintdenis\",\"https:\\\/\\\/www.linkedin.com\\\/company\\\/seinesaintdenis\",\"https:\\\/\\\/www.instagram.com\\\/seine_saint_denis\\\/\",\"https:\\\/\\\/www.youtube.com\\\/channel\\\/UCR5YF9NnqiLCbnrKQgLUcIw\"]},{\"@type\":\"Person\",\"@id\":\"https:\\\/\\\/seinesaintdenis.fr\\\/actualite\\\/#\\\/schema\\\/person\\\/c3f728fd708de8fb2ce6a6854e52268e\",\"name\":\"Georges Makowski\",\"image\":{\"@type\":\"ImageObject\",\"inLanguage\":\"fr-FR\",\"@id\":\"https:\\\/\\\/secure.gravatar.com\\\/avatar\\\/46b2f39325eb4f13bca1f2f3ef377aad0c59043ba486c9808789e35bd9a844ae?s=96&d=mm&r=g\",\"url\":\"https:\\\/\\\/secure.gravatar.com\\\/avatar\\\/46b2f39325eb4f13bca1f2f3ef377aad0c59043ba486c9808789e35bd9a844ae?s=96&d=mm&r=g\",\"contentUrl\":\"https:\\\/\\\/secure.gravatar.com\\\/avatar\\\/46b2f39325eb4f13bca1f2f3ef377aad0c59043ba486c9808789e35bd9a844ae?s=96&d=mm&r=g\",\"caption\":\"Georges Makowski\"},\"url\":\"https:\\\/\\\/seinesaintdenis.fr\\\/actualite\\\/author\\\/gmakowski\\\/\"}]}<\/script>\n<!-- \/ Yoast SEO plugin. -->","yoast_head_json":{"title":"La Seine-Saint-Denis pr\u00e9sente sa facture \u00e0 l\u2019\u00c9tat - Seine-Saint-Denis - L&#039;actualit\u00e9 du d\u00e9partement","description":"A l\u2019issue de la s\u00e9ance de l\u2019assembl\u00e9e d\u00e9partementale jeudi 19 d\u00e9cembre consacr\u00e9e au vote du budget, les \u00e9lu\u00b7es de la majorit\u00e9 ont pr\u00e9sent\u00e9 une facture de 434 millions d\u2019euros correspondant \u00e0 la dette de l\u2019\u00c9tat envers la Seine-Saint-Denis. Malgr\u00e9 un contexte contraint, le D\u00e9partement a adopt\u00e9 un budget 2025 ambitieux avec 398 millions d'euros d\u2019investissement.","robots":{"index":"index","follow":"follow","max-snippet":"max-snippet:-1","max-image-preview":"max-image-preview:large","max-video-preview":"max-video-preview:-1"},"canonical":"https:\/\/seinesaintdenis.fr\/actualite\/Seance\/facture-2025\/","og_locale":"fr_FR","og_type":"article","og_title":"La Seine-Saint-Denis pr\u00e9sente sa facture \u00e0 l\u2019\u00c9tat - Seine-Saint-Denis - L&#039;actualit\u00e9 du d\u00e9partement","og_description":"A l\u2019issue de la s\u00e9ance de l\u2019assembl\u00e9e d\u00e9partementale jeudi 19 d\u00e9cembre consacr\u00e9e au vote du budget, les \u00e9lu\u00b7es de la majorit\u00e9 ont pr\u00e9sent\u00e9 une facture de 434 millions d\u2019euros correspondant \u00e0 la dette de l\u2019\u00c9tat envers la Seine-Saint-Denis. Malgr\u00e9 un contexte contraint, le D\u00e9partement a adopt\u00e9 un budget 2025 ambitieux avec 398 millions d'euros d\u2019investissement.","og_url":"https:\/\/seinesaintdenis.fr\/actualite\/Seance\/facture-2025\/","og_site_name":"Seine-Saint-Denis - L&#039;actualit\u00e9 du d\u00e9partement","article_publisher":"https:\/\/www.facebook.com\/seinesaintdenisledepartement","article_published_time":"2024-12-18T11:32:10+00:00","article_modified_time":"2024-12-20T09:18:31+00:00","og_image":[{"width":1080,"height":560,"url":"https:\/\/seinesaintdenis.fr\/actualite\/wp-content\/uploads\/2024\/12\/facture-etat.jpg","type":"image\/jpeg"}],"author":"Georges Makowski","twitter_card":"summary_large_image","twitter_creator":"@seinesaintdenis","twitter_site":"@seinesaintdenis","twitter_misc":{"\u00c9crit par":"Georges Makowski","Dur\u00e9e de lecture estim\u00e9e":"1 minute"},"schema":{"@context":"https:\/\/schema.org","@graph":[{"@type":"Article","@id":"https:\/\/seinesaintdenis.fr\/actualite\/Seance\/facture-2025\/#article","isPartOf":{"@id":"https:\/\/seinesaintdenis.fr\/actualite\/Seance\/facture-2025\/"},"author":{"name":"Georges Makowski","@id":"https:\/\/seinesaintdenis.fr\/actualite\/#\/schema\/person\/c3f728fd708de8fb2ce6a6854e52268e"},"headline":"La Seine-Saint-Denis pr\u00e9sente sa facture \u00e0 l\u2019\u00c9tat","datePublished":"2024-12-18T11:32:10+00:00","dateModified":"2024-12-20T09:18:31+00:00","mainEntityOfPage":{"@id":"https:\/\/seinesaintdenis.fr\/actualite\/Seance\/facture-2025\/"},"wordCount":8,"commentCount":0,"publisher":{"@id":"https:\/\/seinesaintdenis.fr\/actualite\/#organization"},"image":{"@id":"https:\/\/seinesaintdenis.fr\/actualite\/Seance\/facture-2025\/#primaryimage"},"thumbnailUrl":"https:\/\/seinesaintdenis.fr\/actualite\/wp-content\/uploads\/2024\/12\/facture-etat.jpg","articleSection":["Mobilit\u00e9 active","S\u00e9ance","Solidarit\u00e9s &amp; Sant\u00e9","Transports"],"inLanguage":"fr-FR","potentialAction":[{"@type":"CommentAction","name":"Comment","target":["https:\/\/seinesaintdenis.fr\/actualite\/Seance\/facture-2025\/#respond"]}]},{"@type":"WebPage","@id":"https:\/\/seinesaintdenis.fr\/actualite\/Seance\/facture-2025\/","url":"https:\/\/seinesaintdenis.fr\/actualite\/Seance\/facture-2025\/","name":"La Seine-Saint-Denis pr\u00e9sente sa facture \u00e0 l\u2019\u00c9tat - Seine-Saint-Denis - L&#039;actualit\u00e9 du d\u00e9partement","isPartOf":{"@id":"https:\/\/seinesaintdenis.fr\/actualite\/#website"},"primaryImageOfPage":{"@id":"https:\/\/seinesaintdenis.fr\/actualite\/Seance\/facture-2025\/#primaryimage"},"image":{"@id":"https:\/\/seinesaintdenis.fr\/actualite\/Seance\/facture-2025\/#primaryimage"},"thumbnailUrl":"https:\/\/seinesaintdenis.fr\/actualite\/wp-content\/uploads\/2024\/12\/facture-etat.jpg","datePublished":"2024-12-18T11:32:10+00:00","dateModified":"2024-12-20T09:18:31+00:00","description":"A l\u2019issue de la s\u00e9ance de l\u2019assembl\u00e9e d\u00e9partementale jeudi 19 d\u00e9cembre consacr\u00e9e au vote du budget, les \u00e9lu\u00b7es de la majorit\u00e9 ont pr\u00e9sent\u00e9 une facture de 434 millions d\u2019euros correspondant \u00e0 la dette de l\u2019\u00c9tat envers la Seine-Saint-Denis. Malgr\u00e9 un contexte contraint, le D\u00e9partement a adopt\u00e9 un budget 2025 ambitieux avec 398 millions d'euros d\u2019investissement.","breadcrumb":{"@id":"https:\/\/seinesaintdenis.fr\/actualite\/Seance\/facture-2025\/#breadcrumb"},"inLanguage":"fr-FR","potentialAction":[{"@type":"ReadAction","target":["https:\/\/seinesaintdenis.fr\/actualite\/Seance\/facture-2025\/"]}]},{"@type":"ImageObject","inLanguage":"fr-FR","@id":"https:\/\/seinesaintdenis.fr\/actualite\/Seance\/facture-2025\/#primaryimage","url":"https:\/\/seinesaintdenis.fr\/actualite\/wp-content\/uploads\/2024\/12\/facture-etat.jpg","contentUrl":"https:\/\/seinesaintdenis.fr\/actualite\/wp-content\/uploads\/2024\/12\/facture-etat.jpg","width":1080,"height":560},{"@type":"BreadcrumbList","@id":"https:\/\/seinesaintdenis.fr\/actualite\/Seance\/facture-2025\/#breadcrumb","itemListElement":[{"@type":"ListItem","position":1,"name":"Accueil","item":"https:\/\/seinesaintdenis.fr\/actualite\/"},{"@type":"ListItem","position":2,"name":"S\u00e9ance","item":"https:\/\/seinesaintdenis.fr\/actualite\/Seance\/"},{"@type":"ListItem","position":3,"name":"La Seine-Saint-Denis pr\u00e9sente sa facture \u00e0 l\u2019\u00c9tat"}]},{"@type":"WebSite","@id":"https:\/\/seinesaintdenis.fr\/actualite\/#website","url":"https:\/\/seinesaintdenis.fr\/actualite\/","name":"Seine-Saint-Denis - L'actualit\u00e9 du d\u00e9partement","description":"L&#039;actualit\u00e9 du D\u00e9partement de la Seine-Saint-Denis","publisher":{"@id":"https:\/\/seinesaintdenis.fr\/actualite\/#organization"},"potentialAction":[{"@type":"SearchAction","target":{"@type":"EntryPoint","urlTemplate":"https:\/\/seinesaintdenis.fr\/actualite\/?s={search_term_string}"},"query-input":{"@type":"PropertyValueSpecification","valueRequired":true,"valueName":"search_term_string"}}],"inLanguage":"fr-FR"},{"@type":"Organization","@id":"https:\/\/seinesaintdenis.fr\/actualite\/#organization","name":"Seine-Saint-Denis - Le D\u00e9partement","url":"https:\/\/seinesaintdenis.fr\/actualite\/","logo":{"@type":"ImageObject","inLanguage":"fr-FR","@id":"https:\/\/seinesaintdenis.fr\/actualite\/#\/schema\/logo\/image\/","url":"https:\/\/seinesaintdenis.fr\/actualite\/wp-content\/uploads\/2024\/08\/logo.png","contentUrl":"https:\/\/seinesaintdenis.fr\/actualite\/wp-content\/uploads\/2024\/08\/logo.png","width":567,"height":172,"caption":"Seine-Saint-Denis - Le D\u00e9partement"},"image":{"@id":"https:\/\/seinesaintdenis.fr\/actualite\/#\/schema\/logo\/image\/"},"sameAs":["https:\/\/www.facebook.com\/seinesaintdenisledepartement","https:\/\/x.com\/seinesaintdenis","https:\/\/www.linkedin.com\/company\/seinesaintdenis","https:\/\/www.instagram.com\/seine_saint_denis\/","https:\/\/www.youtube.com\/channel\/UCR5YF9NnqiLCbnrKQgLUcIw"]},{"@type":"Person","@id":"https:\/\/seinesaintdenis.fr\/actualite\/#\/schema\/person\/c3f728fd708de8fb2ce6a6854e52268e","name":"Georges Makowski","image":{"@type":"ImageObject","inLanguage":"fr-FR","@id":"https:\/\/secure.gravatar.com\/avatar\/46b2f39325eb4f13bca1f2f3ef377aad0c59043ba486c9808789e35bd9a844ae?s=96&d=mm&r=g","url":"https:\/\/secure.gravatar.com\/avatar\/46b2f39325eb4f13bca1f2f3ef377aad0c59043ba486c9808789e35bd9a844ae?s=96&d=mm&r=g","contentUrl":"https:\/\/secure.gravatar.com\/avatar\/46b2f39325eb4f13bca1f2f3ef377aad0c59043ba486c9808789e35bd9a844ae?s=96&d=mm&r=g","caption":"Georges Makowski"},"url":"https:\/\/seinesaintdenis.fr\/actualite\/author\/gmakowski\/"}]}},"_links":{"self":[{"href":"https:\/\/seinesaintdenis.fr\/actualite\/wp-json\/wp\/v2\/posts\/21311","targetHints":{"allow":["GET"]}}],"collection":[{"href":"https:\/\/seinesaintdenis.fr\/actualite\/wp-json\/wp\/v2\/posts"}],"about":[{"href":"https:\/\/seinesaintdenis.fr\/actualite\/wp-json\/wp\/v2\/types\/post"}],"author":[{"embeddable":true,"href":"https:\/\/seinesaintdenis.fr\/actualite\/wp-json\/wp\/v2\/users\/13"}],"replies":[{"embeddable":true,"href":"https:\/\/seinesaintdenis.fr\/actualite\/wp-json\/wp\/v2\/comments?post=21311"}],"version-history":[{"count":13,"href":"https:\/\/seinesaintdenis.fr\/actualite\/wp-json\/wp\/v2\/posts\/21311\/revisions"}],"predecessor-version":[{"id":21664,"href":"https:\/\/seinesaintdenis.fr\/actualite\/wp-json\/wp\/v2\/posts\/21311\/revisions\/21664"}],"wp:featuredmedia":[{"embeddable":true,"href":"https:\/\/seinesaintdenis.fr\/actualite\/wp-json\/wp\/v2\/media\/21655"}],"wp:attachment":[{"href":"https:\/\/seinesaintdenis.fr\/actualite\/wp-json\/wp\/v2\/media?parent=21311"}],"wp:term":[{"taxonomy":"category","embeddable":true,"href":"https:\/\/seinesaintdenis.fr\/actualite\/wp-json\/wp\/v2\/categories?post=21311"},{"taxonomy":"ville","embeddable":true,"href":"https:\/\/seinesaintdenis.fr\/actualite\/wp-json\/wp\/v2\/ville?post=21311"}],"curies":[{"name":"wp","href":"https:\/\/api.w.org\/{rel}","templated":true}]}}