{"id":2100,"date":"2023-04-18T08:58:19","date_gmt":"2023-04-18T08:58:19","guid":{"rendered":"https:\/\/seinesaintdenis.fr\/actualite\/Quand-les-collegien-ne-s-se-font-commissaires-d-expo\/"},"modified":"2023-05-23T15:48:00","modified_gmt":"2023-05-23T15:48:00","slug":"Quand-les-collegien-ne-s-se-font-commissaires-d-expo","status":"publish","type":"post","link":"https:\/\/seinesaintdenis.fr\/actualite\/jeunesse-education\/Quand-les-collegien-ne-s-se-font-commissaires-d-expo\/","title":{"rendered":"Quand les coll\u00e9gien\u00b7ne\u00b7s se font commissaires d\u2019expo\u2026"},"content":{"rendered":"<p><i>\u00ab\u00a0L\u2019art moderne avant, cela ne me parlait pas du tout mais quand on voit les cr\u00e9ations, on se dit que c\u2019est beau et qu\u2019elles racontent une histoire\u00a0\u00bb <\/i> souffle Tidiane, 13 ans avec un air r\u00eaveur. L\u2019adolescent dionysien a particip\u00e9 avec ses camarades \u00e0 la s\u00e9lection et \u00e0 la mise en valeur d\u2019une quinzaine d\u2019oeuvres (photographies, sculptures, vid\u00e9os, livres-objets&#8230;) inspir\u00e9es de l\u2019univers m\u00e9di\u00e9val et des influences li\u00e9es \u00e0 l\u2019imaginaire de la ville de Saint-Denis. <br class=\"autobr\" \/>Ce parcours \u00e9ducatif <a class=\"spip_out\" href=\"https:\/\/seinesaintdenis.fr\/La-Culture-et-l-Art-au-College\" rel=\"external\">Culture et art au Coll\u00e8ge<\/a> (CAC) compos\u00e9 d\u2019une dizaine de s\u00e9ances s\u2019inscrit dans le dispositif <a class=\"spip_out\" href=\"https:\/\/artsvisuels.seinesaintdenis.fr\/Le-programme-OEuvres-en-Residence.html\" rel=\"external\">Oeuvres en r\u00e9sidence<\/a> destin\u00e9 \u00e0 faire conna\u00eetre les cr\u00e9ations de la <a class=\"spip_out\" href=\"https:\/\/artsvisuels.seinesaintdenis.fr\/Les-missions-de-la-Collection.html\" rel=\"external\">Collection d\u00e9partementale d\u2019art contemporain<\/a> dans le cadre de projets artistiques et culturels.<\/p>\n<h3 class=\"spip\">Apprendre en faisant collectivement<\/h3>\n<p><i>\u00ab\u00a0Pour finaliser cette exposition, vous devez r\u00e9fl\u00e9chir \u00e0 l\u2019emplacement des oeuvres en fonction de l\u2019agencement des lieux, le sens de circulation, la forme des cr\u00e9ations\u00a0\u00bb<\/i> explique Andr\u00e9anne Beguin, commissaire d\u2019exposition ind\u00e9pendante associ\u00e9e au projet. <i>\u00ab\u00a0On peut aussi r\u00e9fl\u00e9chir \u00e0 la question des assurances et \u00e0 la s\u00e9curit\u00e9 des sculptures qui doivent \u00eatre prot\u00e9g\u00e9es de tout accident avec un sac \u00e0 main par exemple&#8230;\u00a0\u00bb <\/i>.<br class=\"autobr\" \/>En <i>\u00ab\u00a0rep\u00e9rage\u00a0\u00bb<\/i> dans la future salle d\u2019exposition du Mus\u00e9e d\u2019art et d\u2019histoire de Saint-Denis, les \u00e9l\u00e8ves ont \u00e9tudi\u00e9 la longueur des vitrines, les angles, la luminosit\u00e9 de l\u2019espace afin de constituer un plan pr\u00e9cis d\u2019exposition mettant en lumi\u00e8re un tissage de perles de verres, des vases en acier patin\u00e9 ou des \u00e9mulsions photographiques sur pierre.<br class=\"autobr\" \/><i>\u00ab\u00a0Nous avons cherch\u00e9 \u00e0 prendre en compte les choix des \u00e9l\u00e8ves et r\u00e9fl\u00e9chir par les oeuvres s\u00e9lectionn\u00e9es, \u00e0 cr\u00e9er des parall\u00e8les entre le pass\u00e9 et le pr\u00e9sent de Saint-Denis, les techniques artisanales ou d\u2019architecture&#8230;\u00a0\u00bb<\/i> avance Cl\u00e9ment Tramoy, charg\u00e9 de projet de l\u2019association <a class=\"spip_out\" href=\"https:\/\/www.citoyennete-jeunesse.org\/\" rel=\"external\">Citoyennet\u00e9 jeunesse<\/a> associ\u00e9e au parcours \u00e9ducatif. Apr\u00e8s plusieurs s\u00e9ances consacr\u00e9es aux diff\u00e9rents mat\u00e9riaux employ\u00e9s\u00a0: bois, verre, acier, tissus, photographies&#8230; les adolescent\u2219e\u2219s ont visit\u00e9 le <a class=\"spip_out\" href=\"https:\/\/www.musee-moyenage.fr\/\" rel=\"external\">Mus\u00e9e du Moyen-\u00c2ge de Cluny<\/a> et le <a class=\"spip_out\" href=\"https:\/\/www.monnaiedeparis.fr\/fr\" rel=\"external\">Palais de la Monnaie<\/a> d\u00e9di\u00e9e \u00e0 la fabrication des pi\u00e8ces anciennes.<\/p>\n<h3 class=\"spip\">Une m\u00e9diation r\u00e9alis\u00e9e par les \u00e9l\u00e8ves<\/h3>\n<p>Emball\u00e9\u2219e\u2219s par la <i>\u00ab\u00a0m\u00e9thodologie du faire\u00a0\u00bb<\/i> pr\u00f4n\u00e9e par l\u2019association, Mahmoud, Mohamed, Kossay, Zakarya&#8230; ont \u00e9tudi\u00e9 le style et la d\u00e9marche de la photographe Val\u00e9rie Belin, du sculpteur belge Johan Creten, du vid\u00e9aste japonais Masahide Otani&#8230; pour pr\u00e9parer les activit\u00e9s de m\u00e9diation mises en place le 13 avril lors de l\u2019inauguration, le lendemain de l\u2019installation&#8230; Tr\u00e8s concentr\u00e9e devant le <i>\u00ab\u00a0casse-t\u00eate g\u00e9ant en bois\u00a0\u00bb<\/i> du math\u00e9maticien Arthur Schoenlis, la jeune Fatou guide sa maman et certains professeurs dans les all\u00e9es de la salle d\u2019exposition. <br class=\"autobr\" \/><i>\u00ab\u00a0J\u2019\u00e9tais stress\u00e9e mais la m\u00e9diation n\u2019a pas \u00e9t\u00e9 trop difficile\u00a0\u00bb<\/i> sourit-elle. <i>\u00ab\u00a0Il s\u2019agit surtout de pr\u00e9senter le contexte de r\u00e9alisation de l\u2019oeuvre et laisser les gens interpr\u00e9ter comme ils veulent. Ce n\u2019est pas grave de ne pas savoir r\u00e9pondre \u00e0 toutes les questions\u00a0\u00bb<\/i>. Sa m\u00e8re, qui visite pour la premi\u00e8re fois une exposition d\u2019art contemporain a plut\u00f4t bien r\u00e9pondu au quizz r\u00e9dig\u00e9 par les \u00e9colier\u2219\u00e8re\u2219s. <i>\u00ab\u00a0C\u2019est bien que les enfants apprennent aussi en r\u00e9alisant des projets \u00e0 l\u2019ext\u00e9rieur des salles de classe et comme cela, ils voient que l\u2019art moderne, c\u2019est pour tout le monde\u00a0\u00bb<\/i>. Un constat partag\u00e9 par Marion Duvignau, la professeur d\u2019arts plastiques r\u00e9f\u00e9rente du parcours CAC s\u00e9duite par l\u2019aspect participatif et co-construit de l\u2019initiative.<\/p>\n<p>Les coll\u00e9gien\u2219ne\u2219s b\u00e9n\u00e9ficieront bient\u00f4t d\u2019une balade urbaine d\u00e9di\u00e9e \u00e0 patrimoine de la ville en compagnie du charg\u00e9 de projet de l\u2019association Citoyennet\u00e9 jeunesse. Qui sait, l\u2019un d\u2019entre eux\u2219elles pourrait peut-\u00eatre se d\u00e9couvrir une vocation et se lancer dans une carri\u00e8re artistique&#8230;<\/p>\n<p>&nbsp;<\/p>\n<div class=\"texteencadre-spip spip\">\n<p><strong>A noter dans vos agendas\u00a0!<\/strong><\/p>\n<p>Les coll\u00e9gien\u00b7ne\u00b7s vous pr\u00e9senteront leur exposition <strong>samedi 13 mai<\/strong> en soir\u00e9e lors la <a class=\"spip_out\" href=\"https:\/\/www.tourisme93.com\/document.php?pagendx=815&amp;engine_zoom=FMAIDFC930027539\" rel=\"external\">Nuit europ\u00e9enne des mus\u00e9es<\/a> au troisi\u00e8me \u00e9tage du Mus\u00e9e d\u2019art et d\u2019histoire de Saint-Denis. Ils\u00b7elles seront enchant\u00e9\u00b7e\u00b7s de vous accueillir et de partager leurs coups de coeur\u00a0!<\/p>\n<p><i>Exposition Jeux de main pr\u00e9vue jusqu\u2019au 29 mai <br class=\"autobr\" \/>au Mus\u00e9e d\u2019art et d\u2019histoire <br class=\"autobr\" \/>22 bis rue Gabriel-P\u00e9ri \u00e0 Saint-Denis<br class=\"autobr\" \/>Tel\u00a0: 01 83 72 24 57<\/i><\/p>\n<\/div>\n<figure class=\"spip_document_16708 spip_documents spip_documents_center media media_image media_image_jpg\"><img loading=\"lazy\" decoding=\"async\" src=\"IMG\/jpg\/photo_3_expo_musee_st_denis_pl_13-03-2023_45_ple1698-nef.jpg\" alt=\"JPEG - 907.8 ko\" width=\"760\" height=\"412\" \/><\/figure>\n<p>Cr\u00e9dit-photo\u00a0: Patricia Lecomte<\/p>\n","protected":false},"excerpt":{"rendered":"\u00ab\u00a0L\u2019art moderne avant, cela ne me parlait pas du tout mais quand on voit les cr\u00e9ations, on se dit que c\u2019est beau et qu\u2019elles racontent une histoire\u00a0\u00bb souffle Tidiane, 13 ans avec un air r\u00eaveur. L\u2019adolescent dionysien a particip\u00e9 avec ses camarades \u00e0 la s\u00e9lection et \u00e0 la mise en valeur d\u2019une quinzaine d\u2019oeuvres (photographies,&#8230; <a class=\"view-article\" href=\"https:\/\/seinesaintdenis.fr\/actualite\/jeunesse-education\/Quand-les-collegien-ne-s-se-font-commissaires-d-expo\/\">Voir l&rsquo;article<\/a>","protected":false},"author":12,"featured_media":2101,"comment_status":"open","ping_status":"open","sticky":false,"template":"","format":"standard","meta":{"_acf_changed":false,"footnotes":""},"categories":[6],"ville":[89],"class_list":["post-2100","post","type-post","status-publish","format-standard","has-post-thumbnail","hentry","category-jeunesse-education"],"acf":[],"yoast_head":"<!-- This site is optimized with the Yoast SEO plugin v27.5 - https:\/\/yoast.com\/product\/yoast-seo-wordpress\/ -->\n<title>Quand les coll\u00e9gien\u00b7ne\u00b7s se font commissaires d\u2019expo\u2026 - Seine-Saint-Denis - L&#039;actualit\u00e9 du d\u00e9partement<\/title>\n<meta name=\"robots\" content=\"index, follow, max-snippet:-1, max-image-preview:large, max-video-preview:-1\" \/>\n<link rel=\"canonical\" href=\"https:\/\/seinesaintdenis.fr\/actualite\/jeunesse-education\/Quand-les-collegien-ne-s-se-font-commissaires-d-expo\/\" \/>\n<meta property=\"og:locale\" content=\"fr_FR\" \/>\n<meta property=\"og:type\" content=\"article\" \/>\n<meta property=\"og:title\" content=\"Quand les coll\u00e9gien\u00b7ne\u00b7s se font commissaires d\u2019expo\u2026 - Seine-Saint-Denis - L&#039;actualit\u00e9 du d\u00e9partement\" \/>\n<meta property=\"og:url\" content=\"https:\/\/seinesaintdenis.fr\/actualite\/jeunesse-education\/Quand-les-collegien-ne-s-se-font-commissaires-d-expo\/\" \/>\n<meta property=\"og:site_name\" content=\"Seine-Saint-Denis - L&#039;actualit\u00e9 du d\u00e9partement\" \/>\n<meta property=\"article:publisher\" content=\"https:\/\/www.facebook.com\/seinesaintdenisledepartement\" \/>\n<meta property=\"article:published_time\" content=\"2023-04-18T08:58:19+00:00\" \/>\n<meta property=\"article:modified_time\" content=\"2023-05-23T15:48:00+00:00\" \/>\n<meta property=\"og:image\" content=\"https:\/\/seinesaintdenis.fr\/actualite\/wp-content\/uploads\/2023\/05\/2982127510c375b97c7439738934ca.jpg\" \/>\n\t<meta property=\"og:image:width\" content=\"759\" \/>\n\t<meta property=\"og:image:height\" content=\"411\" \/>\n\t<meta property=\"og:image:type\" content=\"image\/jpeg\" \/>\n<meta name=\"author\" content=\"Carine Arassus\" \/>\n<meta name=\"twitter:card\" content=\"summary_large_image\" \/>\n<meta name=\"twitter:creator\" content=\"@seinesaintdenis\" \/>\n<meta name=\"twitter:site\" content=\"@seinesaintdenis\" \/>\n<meta name=\"twitter:label1\" content=\"\u00c9crit par\" \/>\n\t<meta name=\"twitter:data1\" content=\"Carine Arassus\" \/>\n\t<meta name=\"twitter:label2\" content=\"Dur\u00e9e de lecture estim\u00e9e\" \/>\n\t<meta name=\"twitter:data2\" content=\"4 minutes\" \/>\n<script type=\"application\/ld+json\" class=\"yoast-schema-graph\">{\"@context\":\"https:\\\/\\\/schema.org\",\"@graph\":[{\"@type\":\"Article\",\"@id\":\"https:\\\/\\\/seinesaintdenis.fr\\\/actualite\\\/jeunesse-education\\\/Quand-les-collegien-ne-s-se-font-commissaires-d-expo\\\/#article\",\"isPartOf\":{\"@id\":\"https:\\\/\\\/seinesaintdenis.fr\\\/actualite\\\/jeunesse-education\\\/Quand-les-collegien-ne-s-se-font-commissaires-d-expo\\\/\"},\"author\":{\"name\":\"Carine Arassus\",\"@id\":\"https:\\\/\\\/seinesaintdenis.fr\\\/actualite\\\/#\\\/schema\\\/person\\\/0ed132e414e4e5a6a6d14bb9fd5b0d3a\"},\"headline\":\"Quand les coll\u00e9gien\u00b7ne\u00b7s se font commissaires d\u2019expo\u2026\",\"datePublished\":\"2023-04-18T08:58:19+00:00\",\"dateModified\":\"2023-05-23T15:48:00+00:00\",\"mainEntityOfPage\":{\"@id\":\"https:\\\/\\\/seinesaintdenis.fr\\\/actualite\\\/jeunesse-education\\\/Quand-les-collegien-ne-s-se-font-commissaires-d-expo\\\/\"},\"wordCount\":792,\"commentCount\":0,\"publisher\":{\"@id\":\"https:\\\/\\\/seinesaintdenis.fr\\\/actualite\\\/#organization\"},\"image\":{\"@id\":\"https:\\\/\\\/seinesaintdenis.fr\\\/actualite\\\/jeunesse-education\\\/Quand-les-collegien-ne-s-se-font-commissaires-d-expo\\\/#primaryimage\"},\"thumbnailUrl\":\"https:\\\/\\\/seinesaintdenis.fr\\\/actualite\\\/wp-content\\\/uploads\\\/2023\\\/05\\\/2982127510c375b97c7439738934ca.jpg\",\"articleSection\":[\"Jeunesse &amp; \u00c9ducation\"],\"inLanguage\":\"fr-FR\",\"potentialAction\":[{\"@type\":\"CommentAction\",\"name\":\"Comment\",\"target\":[\"https:\\\/\\\/seinesaintdenis.fr\\\/actualite\\\/jeunesse-education\\\/Quand-les-collegien-ne-s-se-font-commissaires-d-expo\\\/#respond\"]}]},{\"@type\":\"WebPage\",\"@id\":\"https:\\\/\\\/seinesaintdenis.fr\\\/actualite\\\/jeunesse-education\\\/Quand-les-collegien-ne-s-se-font-commissaires-d-expo\\\/\",\"url\":\"https:\\\/\\\/seinesaintdenis.fr\\\/actualite\\\/jeunesse-education\\\/Quand-les-collegien-ne-s-se-font-commissaires-d-expo\\\/\",\"name\":\"Quand les coll\u00e9gien\u00b7ne\u00b7s se font commissaires d\u2019expo\u2026 - Seine-Saint-Denis - L&#039;actualit\u00e9 du d\u00e9partement\",\"isPartOf\":{\"@id\":\"https:\\\/\\\/seinesaintdenis.fr\\\/actualite\\\/#website\"},\"primaryImageOfPage\":{\"@id\":\"https:\\\/\\\/seinesaintdenis.fr\\\/actualite\\\/jeunesse-education\\\/Quand-les-collegien-ne-s-se-font-commissaires-d-expo\\\/#primaryimage\"},\"image\":{\"@id\":\"https:\\\/\\\/seinesaintdenis.fr\\\/actualite\\\/jeunesse-education\\\/Quand-les-collegien-ne-s-se-font-commissaires-d-expo\\\/#primaryimage\"},\"thumbnailUrl\":\"https:\\\/\\\/seinesaintdenis.fr\\\/actualite\\\/wp-content\\\/uploads\\\/2023\\\/05\\\/2982127510c375b97c7439738934ca.jpg\",\"datePublished\":\"2023-04-18T08:58:19+00:00\",\"dateModified\":\"2023-05-23T15:48:00+00:00\",\"breadcrumb\":{\"@id\":\"https:\\\/\\\/seinesaintdenis.fr\\\/actualite\\\/jeunesse-education\\\/Quand-les-collegien-ne-s-se-font-commissaires-d-expo\\\/#breadcrumb\"},\"inLanguage\":\"fr-FR\",\"potentialAction\":[{\"@type\":\"ReadAction\",\"target\":[\"https:\\\/\\\/seinesaintdenis.fr\\\/actualite\\\/jeunesse-education\\\/Quand-les-collegien-ne-s-se-font-commissaires-d-expo\\\/\"]}]},{\"@type\":\"ImageObject\",\"inLanguage\":\"fr-FR\",\"@id\":\"https:\\\/\\\/seinesaintdenis.fr\\\/actualite\\\/jeunesse-education\\\/Quand-les-collegien-ne-s-se-font-commissaires-d-expo\\\/#primaryimage\",\"url\":\"https:\\\/\\\/seinesaintdenis.fr\\\/actualite\\\/wp-content\\\/uploads\\\/2023\\\/05\\\/2982127510c375b97c7439738934ca.jpg\",\"contentUrl\":\"https:\\\/\\\/seinesaintdenis.fr\\\/actualite\\\/wp-content\\\/uploads\\\/2023\\\/05\\\/2982127510c375b97c7439738934ca.jpg\",\"width\":759,\"height\":411},{\"@type\":\"BreadcrumbList\",\"@id\":\"https:\\\/\\\/seinesaintdenis.fr\\\/actualite\\\/jeunesse-education\\\/Quand-les-collegien-ne-s-se-font-commissaires-d-expo\\\/#breadcrumb\",\"itemListElement\":[{\"@type\":\"ListItem\",\"position\":1,\"name\":\"Accueil\",\"item\":\"https:\\\/\\\/seinesaintdenis.fr\\\/actualite\\\/\"},{\"@type\":\"ListItem\",\"position\":2,\"name\":\"Jeunesse &amp; \u00c9ducation\",\"item\":\"https:\\\/\\\/seinesaintdenis.fr\\\/actualite\\\/jeunesse-education\\\/\"},{\"@type\":\"ListItem\",\"position\":3,\"name\":\"Quand les coll\u00e9gien\u00b7ne\u00b7s se font commissaires d\u2019expo\u2026\"}]},{\"@type\":\"WebSite\",\"@id\":\"https:\\\/\\\/seinesaintdenis.fr\\\/actualite\\\/#website\",\"url\":\"https:\\\/\\\/seinesaintdenis.fr\\\/actualite\\\/\",\"name\":\"Seine-Saint-Denis - L'actualit\u00e9 du d\u00e9partement\",\"description\":\"L&#039;actualit\u00e9 du D\u00e9partement de la Seine-Saint-Denis\",\"publisher\":{\"@id\":\"https:\\\/\\\/seinesaintdenis.fr\\\/actualite\\\/#organization\"},\"potentialAction\":[{\"@type\":\"SearchAction\",\"target\":{\"@type\":\"EntryPoint\",\"urlTemplate\":\"https:\\\/\\\/seinesaintdenis.fr\\\/actualite\\\/?s={search_term_string}\"},\"query-input\":{\"@type\":\"PropertyValueSpecification\",\"valueRequired\":true,\"valueName\":\"search_term_string\"}}],\"inLanguage\":\"fr-FR\"},{\"@type\":\"Organization\",\"@id\":\"https:\\\/\\\/seinesaintdenis.fr\\\/actualite\\\/#organization\",\"name\":\"Seine-Saint-Denis - Le D\u00e9partement\",\"url\":\"https:\\\/\\\/seinesaintdenis.fr\\\/actualite\\\/\",\"logo\":{\"@type\":\"ImageObject\",\"inLanguage\":\"fr-FR\",\"@id\":\"https:\\\/\\\/seinesaintdenis.fr\\\/actualite\\\/#\\\/schema\\\/logo\\\/image\\\/\",\"url\":\"https:\\\/\\\/seinesaintdenis.fr\\\/actualite\\\/wp-content\\\/uploads\\\/2024\\\/08\\\/logo.png\",\"contentUrl\":\"https:\\\/\\\/seinesaintdenis.fr\\\/actualite\\\/wp-content\\\/uploads\\\/2024\\\/08\\\/logo.png\",\"width\":567,\"height\":172,\"caption\":\"Seine-Saint-Denis - Le D\u00e9partement\"},\"image\":{\"@id\":\"https:\\\/\\\/seinesaintdenis.fr\\\/actualite\\\/#\\\/schema\\\/logo\\\/image\\\/\"},\"sameAs\":[\"https:\\\/\\\/www.facebook.com\\\/seinesaintdenisledepartement\",\"https:\\\/\\\/x.com\\\/seinesaintdenis\",\"https:\\\/\\\/www.linkedin.com\\\/company\\\/seinesaintdenis\",\"https:\\\/\\\/www.instagram.com\\\/seine_saint_denis\\\/\",\"https:\\\/\\\/www.youtube.com\\\/channel\\\/UCR5YF9NnqiLCbnrKQgLUcIw\"]},{\"@type\":\"Person\",\"@id\":\"https:\\\/\\\/seinesaintdenis.fr\\\/actualite\\\/#\\\/schema\\\/person\\\/0ed132e414e4e5a6a6d14bb9fd5b0d3a\",\"name\":\"Carine Arassus\",\"image\":{\"@type\":\"ImageObject\",\"inLanguage\":\"fr-FR\",\"@id\":\"https:\\\/\\\/secure.gravatar.com\\\/avatar\\\/0f981f322f4f99253bcb871f10ae46ce56b35c7fe7c5b8aa9b09ba3a77f6e3c0?s=96&d=mm&r=g\",\"url\":\"https:\\\/\\\/secure.gravatar.com\\\/avatar\\\/0f981f322f4f99253bcb871f10ae46ce56b35c7fe7c5b8aa9b09ba3a77f6e3c0?s=96&d=mm&r=g\",\"contentUrl\":\"https:\\\/\\\/secure.gravatar.com\\\/avatar\\\/0f981f322f4f99253bcb871f10ae46ce56b35c7fe7c5b8aa9b09ba3a77f6e3c0?s=96&d=mm&r=g\",\"caption\":\"Carine Arassus\"},\"url\":\"https:\\\/\\\/seinesaintdenis.fr\\\/actualite\\\/author\\\/carassus\\\/\"}]}<\/script>\n<!-- \/ Yoast SEO plugin. -->","yoast_head_json":{"title":"Quand les coll\u00e9gien\u00b7ne\u00b7s se font commissaires d\u2019expo\u2026 - Seine-Saint-Denis - L&#039;actualit\u00e9 du d\u00e9partement","robots":{"index":"index","follow":"follow","max-snippet":"max-snippet:-1","max-image-preview":"max-image-preview:large","max-video-preview":"max-video-preview:-1"},"canonical":"https:\/\/seinesaintdenis.fr\/actualite\/jeunesse-education\/Quand-les-collegien-ne-s-se-font-commissaires-d-expo\/","og_locale":"fr_FR","og_type":"article","og_title":"Quand les coll\u00e9gien\u00b7ne\u00b7s se font commissaires d\u2019expo\u2026 - Seine-Saint-Denis - L&#039;actualit\u00e9 du d\u00e9partement","og_url":"https:\/\/seinesaintdenis.fr\/actualite\/jeunesse-education\/Quand-les-collegien-ne-s-se-font-commissaires-d-expo\/","og_site_name":"Seine-Saint-Denis - L&#039;actualit\u00e9 du d\u00e9partement","article_publisher":"https:\/\/www.facebook.com\/seinesaintdenisledepartement","article_published_time":"2023-04-18T08:58:19+00:00","article_modified_time":"2023-05-23T15:48:00+00:00","og_image":[{"width":759,"height":411,"url":"https:\/\/seinesaintdenis.fr\/actualite\/wp-content\/uploads\/2023\/05\/2982127510c375b97c7439738934ca.jpg","type":"image\/jpeg"}],"author":"Carine Arassus","twitter_card":"summary_large_image","twitter_creator":"@seinesaintdenis","twitter_site":"@seinesaintdenis","twitter_misc":{"\u00c9crit par":"Carine Arassus","Dur\u00e9e de lecture estim\u00e9e":"4 minutes"},"schema":{"@context":"https:\/\/schema.org","@graph":[{"@type":"Article","@id":"https:\/\/seinesaintdenis.fr\/actualite\/jeunesse-education\/Quand-les-collegien-ne-s-se-font-commissaires-d-expo\/#article","isPartOf":{"@id":"https:\/\/seinesaintdenis.fr\/actualite\/jeunesse-education\/Quand-les-collegien-ne-s-se-font-commissaires-d-expo\/"},"author":{"name":"Carine Arassus","@id":"https:\/\/seinesaintdenis.fr\/actualite\/#\/schema\/person\/0ed132e414e4e5a6a6d14bb9fd5b0d3a"},"headline":"Quand les coll\u00e9gien\u00b7ne\u00b7s se font commissaires d\u2019expo\u2026","datePublished":"2023-04-18T08:58:19+00:00","dateModified":"2023-05-23T15:48:00+00:00","mainEntityOfPage":{"@id":"https:\/\/seinesaintdenis.fr\/actualite\/jeunesse-education\/Quand-les-collegien-ne-s-se-font-commissaires-d-expo\/"},"wordCount":792,"commentCount":0,"publisher":{"@id":"https:\/\/seinesaintdenis.fr\/actualite\/#organization"},"image":{"@id":"https:\/\/seinesaintdenis.fr\/actualite\/jeunesse-education\/Quand-les-collegien-ne-s-se-font-commissaires-d-expo\/#primaryimage"},"thumbnailUrl":"https:\/\/seinesaintdenis.fr\/actualite\/wp-content\/uploads\/2023\/05\/2982127510c375b97c7439738934ca.jpg","articleSection":["Jeunesse &amp; \u00c9ducation"],"inLanguage":"fr-FR","potentialAction":[{"@type":"CommentAction","name":"Comment","target":["https:\/\/seinesaintdenis.fr\/actualite\/jeunesse-education\/Quand-les-collegien-ne-s-se-font-commissaires-d-expo\/#respond"]}]},{"@type":"WebPage","@id":"https:\/\/seinesaintdenis.fr\/actualite\/jeunesse-education\/Quand-les-collegien-ne-s-se-font-commissaires-d-expo\/","url":"https:\/\/seinesaintdenis.fr\/actualite\/jeunesse-education\/Quand-les-collegien-ne-s-se-font-commissaires-d-expo\/","name":"Quand les coll\u00e9gien\u00b7ne\u00b7s se font commissaires d\u2019expo\u2026 - Seine-Saint-Denis - L&#039;actualit\u00e9 du d\u00e9partement","isPartOf":{"@id":"https:\/\/seinesaintdenis.fr\/actualite\/#website"},"primaryImageOfPage":{"@id":"https:\/\/seinesaintdenis.fr\/actualite\/jeunesse-education\/Quand-les-collegien-ne-s-se-font-commissaires-d-expo\/#primaryimage"},"image":{"@id":"https:\/\/seinesaintdenis.fr\/actualite\/jeunesse-education\/Quand-les-collegien-ne-s-se-font-commissaires-d-expo\/#primaryimage"},"thumbnailUrl":"https:\/\/seinesaintdenis.fr\/actualite\/wp-content\/uploads\/2023\/05\/2982127510c375b97c7439738934ca.jpg","datePublished":"2023-04-18T08:58:19+00:00","dateModified":"2023-05-23T15:48:00+00:00","breadcrumb":{"@id":"https:\/\/seinesaintdenis.fr\/actualite\/jeunesse-education\/Quand-les-collegien-ne-s-se-font-commissaires-d-expo\/#breadcrumb"},"inLanguage":"fr-FR","potentialAction":[{"@type":"ReadAction","target":["https:\/\/seinesaintdenis.fr\/actualite\/jeunesse-education\/Quand-les-collegien-ne-s-se-font-commissaires-d-expo\/"]}]},{"@type":"ImageObject","inLanguage":"fr-FR","@id":"https:\/\/seinesaintdenis.fr\/actualite\/jeunesse-education\/Quand-les-collegien-ne-s-se-font-commissaires-d-expo\/#primaryimage","url":"https:\/\/seinesaintdenis.fr\/actualite\/wp-content\/uploads\/2023\/05\/2982127510c375b97c7439738934ca.jpg","contentUrl":"https:\/\/seinesaintdenis.fr\/actualite\/wp-content\/uploads\/2023\/05\/2982127510c375b97c7439738934ca.jpg","width":759,"height":411},{"@type":"BreadcrumbList","@id":"https:\/\/seinesaintdenis.fr\/actualite\/jeunesse-education\/Quand-les-collegien-ne-s-se-font-commissaires-d-expo\/#breadcrumb","itemListElement":[{"@type":"ListItem","position":1,"name":"Accueil","item":"https:\/\/seinesaintdenis.fr\/actualite\/"},{"@type":"ListItem","position":2,"name":"Jeunesse &amp; \u00c9ducation","item":"https:\/\/seinesaintdenis.fr\/actualite\/jeunesse-education\/"},{"@type":"ListItem","position":3,"name":"Quand les coll\u00e9gien\u00b7ne\u00b7s se font commissaires d\u2019expo\u2026"}]},{"@type":"WebSite","@id":"https:\/\/seinesaintdenis.fr\/actualite\/#website","url":"https:\/\/seinesaintdenis.fr\/actualite\/","name":"Seine-Saint-Denis - L'actualit\u00e9 du d\u00e9partement","description":"L&#039;actualit\u00e9 du D\u00e9partement de la Seine-Saint-Denis","publisher":{"@id":"https:\/\/seinesaintdenis.fr\/actualite\/#organization"},"potentialAction":[{"@type":"SearchAction","target":{"@type":"EntryPoint","urlTemplate":"https:\/\/seinesaintdenis.fr\/actualite\/?s={search_term_string}"},"query-input":{"@type":"PropertyValueSpecification","valueRequired":true,"valueName":"search_term_string"}}],"inLanguage":"fr-FR"},{"@type":"Organization","@id":"https:\/\/seinesaintdenis.fr\/actualite\/#organization","name":"Seine-Saint-Denis - Le D\u00e9partement","url":"https:\/\/seinesaintdenis.fr\/actualite\/","logo":{"@type":"ImageObject","inLanguage":"fr-FR","@id":"https:\/\/seinesaintdenis.fr\/actualite\/#\/schema\/logo\/image\/","url":"https:\/\/seinesaintdenis.fr\/actualite\/wp-content\/uploads\/2024\/08\/logo.png","contentUrl":"https:\/\/seinesaintdenis.fr\/actualite\/wp-content\/uploads\/2024\/08\/logo.png","width":567,"height":172,"caption":"Seine-Saint-Denis - Le D\u00e9partement"},"image":{"@id":"https:\/\/seinesaintdenis.fr\/actualite\/#\/schema\/logo\/image\/"},"sameAs":["https:\/\/www.facebook.com\/seinesaintdenisledepartement","https:\/\/x.com\/seinesaintdenis","https:\/\/www.linkedin.com\/company\/seinesaintdenis","https:\/\/www.instagram.com\/seine_saint_denis\/","https:\/\/www.youtube.com\/channel\/UCR5YF9NnqiLCbnrKQgLUcIw"]},{"@type":"Person","@id":"https:\/\/seinesaintdenis.fr\/actualite\/#\/schema\/person\/0ed132e414e4e5a6a6d14bb9fd5b0d3a","name":"Carine Arassus","image":{"@type":"ImageObject","inLanguage":"fr-FR","@id":"https:\/\/secure.gravatar.com\/avatar\/0f981f322f4f99253bcb871f10ae46ce56b35c7fe7c5b8aa9b09ba3a77f6e3c0?s=96&d=mm&r=g","url":"https:\/\/secure.gravatar.com\/avatar\/0f981f322f4f99253bcb871f10ae46ce56b35c7fe7c5b8aa9b09ba3a77f6e3c0?s=96&d=mm&r=g","contentUrl":"https:\/\/secure.gravatar.com\/avatar\/0f981f322f4f99253bcb871f10ae46ce56b35c7fe7c5b8aa9b09ba3a77f6e3c0?s=96&d=mm&r=g","caption":"Carine Arassus"},"url":"https:\/\/seinesaintdenis.fr\/actualite\/author\/carassus\/"}]}},"_links":{"self":[{"href":"https:\/\/seinesaintdenis.fr\/actualite\/wp-json\/wp\/v2\/posts\/2100","targetHints":{"allow":["GET"]}}],"collection":[{"href":"https:\/\/seinesaintdenis.fr\/actualite\/wp-json\/wp\/v2\/posts"}],"about":[{"href":"https:\/\/seinesaintdenis.fr\/actualite\/wp-json\/wp\/v2\/types\/post"}],"author":[{"embeddable":true,"href":"https:\/\/seinesaintdenis.fr\/actualite\/wp-json\/wp\/v2\/users\/12"}],"replies":[{"embeddable":true,"href":"https:\/\/seinesaintdenis.fr\/actualite\/wp-json\/wp\/v2\/comments?post=2100"}],"version-history":[{"count":3,"href":"https:\/\/seinesaintdenis.fr\/actualite\/wp-json\/wp\/v2\/posts\/2100\/revisions"}],"predecessor-version":[{"id":2859,"href":"https:\/\/seinesaintdenis.fr\/actualite\/wp-json\/wp\/v2\/posts\/2100\/revisions\/2859"}],"wp:featuredmedia":[{"embeddable":true,"href":"https:\/\/seinesaintdenis.fr\/actualite\/wp-json\/wp\/v2\/media\/2101"}],"wp:attachment":[{"href":"https:\/\/seinesaintdenis.fr\/actualite\/wp-json\/wp\/v2\/media?parent=2100"}],"wp:term":[{"taxonomy":"category","embeddable":true,"href":"https:\/\/seinesaintdenis.fr\/actualite\/wp-json\/wp\/v2\/categories?post=2100"},{"taxonomy":"ville","embeddable":true,"href":"https:\/\/seinesaintdenis.fr\/actualite\/wp-json\/wp\/v2\/ville?post=2100"}],"curies":[{"name":"wp","href":"https:\/\/api.w.org\/{rel}","templated":true}]}}