{"id":2074,"date":"2023-04-25T12:36:53","date_gmt":"2023-04-25T12:36:53","guid":{"rendered":"https:\/\/seinesaintdenis.fr\/actualite\/Au-Stade-de-France-la-construction-durable-au-centre-du-jeu\/"},"modified":"2023-05-24T13:52:30","modified_gmt":"2023-05-24T13:52:30","slug":"Au-Stade-de-France-la-construction-durable-au-centre-du-jeu","status":"publish","type":"post","link":"https:\/\/seinesaintdenis.fr\/actualite\/sport-loisirs\/Sport\/Au-Stade-de-France-la-construction-durable-au-centre-du-jeu\/","title":{"rendered":"Au Stade de France, la construction durable au centre du jeu"},"content":{"rendered":"<p>\u00c0 quelques m\u00e8tres du gazon le plus c\u00e9l\u00e8bre de l\u2019Hexagone, il s\u2019agissait, ce vendredi 21 avril d\u2019inviter un panel de sp\u00e9cialistes de la construction \u00e0 sortir de leur pr\u00e9 carr\u00e9 d\u2019une construction gloutonne en \u00e9nergie carbone. Tel \u00e9tait l\u2019objectif principal, ce jour-l\u00e0, du \u00ab\u00a0Comit\u00e9 de fili\u00e8re construction durable\u00a0\u00bb co-organis\u00e9 par le D\u00e9partement de la Seine-Saint-Denis et la Chambre r\u00e9gionale de l\u2019\u00e9conomie sociale et solidaire Ile-de-France (Cress). \u00ab\u00a0<i>Ce que nous ambitionnons, \u00e0 travers ce rendez-vous, c\u2019est de r\u00e9fl\u00e9chir ensemble et concr\u00e8tement \u00e0 la mani\u00e8re dont le D\u00e9partement peut concevoir des op\u00e9rations de construction capables de pr\u00e9senter un meilleur bilan carbone<\/i>\u00a0\u00bb, insistait Robin Monnier, directeur g\u00e9n\u00e9ral adjoint du P\u00f4le Citoyennet\u00e9, en guise d\u2019introduction.<\/p>\n<p><strong>D\u00e9carbonation et construction, m\u00eame combat&#8230;<\/strong><br class=\"autobr\" \/>Sacr\u00e9 challenge, rappelait de son c\u00f4t\u00e9 V\u00e9ronique Pappe, directrice de l\u2019association Ekopolis, P\u00f4le de ressources francilien pour la construction et l\u2019am\u00e9nagement durables, car \u00ab\u00a0<i>le secteur du b\u00e2timent dans l\u2019Hexagone repr\u00e9sente chaque ann\u00e9e l\u2019\u00e9quivalent de 120 millions de tonnes de CO2 rejet\u00e9es dans l\u2019atmosph\u00e8re. Ce qui veut dire que la d\u00e9carbonation (1) de la plan\u00e8te passera forc\u00e9ment par celle du secteur de la construction<\/i>.\u00a0\u00bb<br class=\"autobr\" \/>Facile \u00e0 constater, mais moins \u00e9vident \u00e0 enclencher ou d\u00e9j\u00e0 \u00e0 imaginer&#8230; Sauf lorsqu\u2019on se met en \u00ab\u00a0mode hackathon\u00a0\u00bb, soit deux heures top-chrono pour esquisser des solutions innovantes pour la construction d\u2019un coll\u00e8ge, d\u2019une cr\u00e8che ou encore d\u2019une pouponni\u00e8re au sein d\u2019un foyer d\u00e9partemental.<br class=\"autobr\" \/>Alors, dans le salon Victoire du Stade de France, les ateliers se sont form\u00e9s, pr\u00eats \u00e0 phosphorer sur des sujets de march\u00e9 public. Autour d\u2019une des tables o\u00f9 l\u2019on s\u2019active sur le cas de la pouponni\u00e8re du foyer de Villepinte, les id\u00e9es fusent vite sous l\u2019\u0153il et l\u2019\u00e9coute<br class=\"autobr\" \/>vigilante de Paul Schalchli, charg\u00e9 de mission au sein de la d\u00e9l\u00e9gation \u00e0 la Transition \u00e9cologique et organisateur du Comit\u00e9 de fili\u00e8re en charge des th\u00e9matiques de la construction et de l\u2019am\u00e9nagement durable. D\u2019embl\u00e9e, Kevin Berger \u00e0 la t\u00eate des Grands Moyens Construction, entreprise coop\u00e9rative qui aspire \u00e0 changer les pratiques dans le secteur du BTP, pose une piste d\u2019action pour mieux faire pousser la pouponni\u00e8re villepintoise\u00a0: \u00ab\u00a0<i>Une \u00e9tude de sol permettrait d\u00e9j\u00e0 de savoir si on peut excaver des terres dans une d\u00e9marche vertueuse afin de les r\u00e9utiliser pour cr\u00e9er des briques en terre crue \u00e0 travers des ateliers participatifs. C\u2019est un chantier sur lequel on pourrait introduire de \u00ab\u00a0l\u2019intensit\u00e9 sociale\u00a0\u00bb, c\u2019est-\u00e0-dire mettre plus d\u2019humain et moins de machines dans la construction<\/i>\u201d, explique ce militant de la g\u00e9n\u00e9ralisation des constructions \u00e0 base de terre crue et de paille.<\/p>\n<p><strong>Exigences environnementales tr\u00e8s pouss\u00e9es<\/strong><br class=\"autobr\" \/>Une proposition qui en d\u00e9clenche d\u2019autres\u00a0: \u00ab\u00a0<i> Et pourquoi pas, installer des toitures vertes ou faire appel \u00e0 un \u00e9cologue qui permettra d\u2019am\u00e9liorer la biodiversit\u00e9 du site de construction, ce qui participera au bien-\u00eatre des enfants de la pouponni\u00e8re<\/i>\u00a0\u00bb, propose Estelle Rabis, directrice du p\u00f4le assistance \u00e0 ma\u00eetrise d\u2019ouvrage d\u2019Alterea Ing\u00e9nierie, sp\u00e9cialiste, entre autres, de l\u2019am\u00e9lioration de la performance \u00e9nerg\u00e9tique dans le secteur de la construction. En fait, ajoute-t-elle, on peut pousser le curseur tr\u00e8s loin en mati\u00e8re d\u2019exigence environnementale et ce que propose la Seine-Saint-Denis \u00e0 travers ce comit\u00e9 de fili\u00e8re est tr\u00e8s stimulant&#8230;\u00a0\u00bb<br class=\"autobr\" \/>Exactement les attendus de cet hackathon\u00a0: \u00ab\u00a0<i>L\u2019enjeu, c\u2019est vraiment de confronter les exigences environnementales du D\u00e9partement aux comp\u00e9tences existantes des entreprises, en identifiant les bons prestataires<\/i>\u00a0\u00bb, rappelle Lucas Vionnet, charg\u00e9 de d\u00e9veloppement \u00e9conomique au sein de la Cress.<br class=\"autobr\" \/>Un message largement entendu par Sofiane Hamidi du c\u00f4t\u00e9 de l\u2019atelier d\u00e9di\u00e9 \u00e0 la construction d\u2019un coll\u00e8ge. G\u00e9rant de l\u2019entreprise d\u2019insertion Travail et vie, ce dernier intervient r\u00e9guli\u00e8rement sur des travaux de d\u00e9molition et de curage o\u00f9 les d\u00e9chets sont valoris\u00e9s et propose \u00e9galement de la r\u00e9novation en peinture\u00a0: \u00ab\u00a0<i>On a toujours besoin de se faire conna\u00eetre et je suis aussi l\u00e0 pour \u00e7a, sourit-il. Mais, \u00e7a me permet aussi de constater, pour avoir pratiqu\u00e9 ce genre d\u2019exercice avec la Ville de Paris, que la Seine-Saint-Denis est beaucoup plus avanc\u00e9e en mati\u00e8re d\u2019organisation de ses exigences environnementales sur ses chantiers de construction. C\u2019est une bonne chose parce qu\u2019on ne pourra construire et r\u00e9nover de mani\u00e8re plus \u00e9cologique et solidaire que si un maximum d\u2019acteurs publics ou priv\u00e9s pousse sur ce cr\u00e9neau.<\/i>\u00a0\u00bb<\/p>\n<p>Au Stade de France, c\u2019est, en tout cas, d\u00e9j\u00e0 toute une fili\u00e8re qui a continu\u00e9 de se constituer avec pr\u00e8s d\u2019une cinquantaine d\u2019acteurs de l\u2019\u00e9coconstruction engag\u00e9s pour poser une nouvelle pierre de ce chantier d\u2019avenir&#8230;<\/p>\n<div class=\"texteencadre-spip spip\">\n<p><strong>Des refuges contre le r\u00e9chauffement climatique <\/strong> <br class=\"autobr\" \/>Parmi les pistes d\u2019action \u00e9voqu\u00e9es lors de la r\u00e9union de ce Comit\u00e9 de fili\u00e8re de Construction Durable\u00a0: faire de certains b\u00e2timents s du D\u00e9partent des refuges dans la perspective de canicules r\u00e9currentes li\u00e9es au ph\u00e9nom\u00e8nes du r\u00e9chauffement climatique. \u00a0\u00bb On doit pouvoir sortir du mono-usage de nos b\u00e2timents comme on le fait en cr\u00e9ant de plus en plus de cours Oasis dans nos coll\u00e8ges\u00a0\u00bb, explique Ari Brodach, directeur de la D\u00e9l\u00e9gation \u00e0 la transition \u00e9cologique de la Seine-Saint-Denis. Cela signifie que donc qu\u2019il faut aussi r\u00e9fl\u00e9chir \u00e0 cr\u00e9er des b\u00e2timents qui soient de v\u00e9ritables objet urbains avec diff\u00e9rentes fonctions et donc diff\u00e9rentes mani\u00e8res de s\u2019ouvrir sur leurs quartiers d\u2019implantations\u00a0\u00bb<\/p>\n<p>Dix cours Osasis ont \u00e9t\u00e9 r\u00e9alis\u00e9es depuis 2019 dans les coll\u00e8ges du 93 et six nouveaux projets seront livr\u00e9s cette ann\u00e9e.<\/p>\n<\/div>\n","protected":false},"excerpt":{"rendered":"\u00c0 quelques m\u00e8tres du gazon le plus c\u00e9l\u00e8bre de l\u2019Hexagone, il s\u2019agissait, ce vendredi 21 avril d\u2019inviter un panel de sp\u00e9cialistes de la construction \u00e0 sortir de leur pr\u00e9 carr\u00e9 d\u2019une construction gloutonne en \u00e9nergie carbone. Tel \u00e9tait l\u2019objectif principal, ce jour-l\u00e0, du \u00ab\u00a0Comit\u00e9 de fili\u00e8re construction durable\u00a0\u00bb co-organis\u00e9 par le D\u00e9partement de la Seine-Saint-Denis&#8230; <a class=\"view-article\" href=\"https:\/\/seinesaintdenis.fr\/actualite\/sport-loisirs\/Sport\/Au-Stade-de-France-la-construction-durable-au-centre-du-jeu\/\">Voir l&rsquo;article<\/a>","protected":false},"author":25,"featured_media":2075,"comment_status":"open","ping_status":"open","sticky":false,"template":"","format":"standard","meta":{"_acf_changed":false,"footnotes":""},"categories":[1],"ville":[77],"class_list":["post-2074","post","type-post","status-publish","format-standard","has-post-thumbnail","hentry","category-Sport"],"acf":[],"yoast_head":"<!-- This site is optimized with the Yoast SEO plugin v27.5 - https:\/\/yoast.com\/product\/yoast-seo-wordpress\/ -->\n<title>Au Stade de France, la construction durable au centre du jeu - Seine-Saint-Denis - L&#039;actualit\u00e9 du d\u00e9partement<\/title>\n<meta name=\"robots\" content=\"index, follow, max-snippet:-1, max-image-preview:large, max-video-preview:-1\" \/>\n<link rel=\"canonical\" href=\"https:\/\/seinesaintdenis.fr\/actualite\/ecologie\/Au-Stade-de-France-la-construction-durable-au-centre-du-jeu\/\" \/>\n<meta property=\"og:locale\" content=\"fr_FR\" \/>\n<meta property=\"og:type\" content=\"article\" \/>\n<meta property=\"og:title\" content=\"Au Stade de France, la construction durable au centre du jeu - Seine-Saint-Denis - L&#039;actualit\u00e9 du d\u00e9partement\" \/>\n<meta property=\"og:url\" content=\"https:\/\/seinesaintdenis.fr\/actualite\/ecologie\/Au-Stade-de-France-la-construction-durable-au-centre-du-jeu\/\" \/>\n<meta property=\"og:site_name\" content=\"Seine-Saint-Denis - L&#039;actualit\u00e9 du d\u00e9partement\" \/>\n<meta property=\"article:publisher\" content=\"https:\/\/www.facebook.com\/seinesaintdenisledepartement\" \/>\n<meta property=\"article:published_time\" content=\"2023-04-25T12:36:53+00:00\" \/>\n<meta property=\"article:modified_time\" content=\"2023-05-24T13:52:30+00:00\" \/>\n<meta property=\"og:image\" content=\"https:\/\/seinesaintdenis.fr\/actualite\/wp-content\/uploads\/2023\/05\/504556229bbb51974811c82c164b3d.png\" \/>\n\t<meta property=\"og:image:width\" content=\"760\" \/>\n\t<meta property=\"og:image:height\" content=\"411\" \/>\n\t<meta property=\"og:image:type\" content=\"image\/png\" \/>\n<meta name=\"author\" content=\"Fr\u00e9d\u00e9ric Haxo\" \/>\n<meta name=\"twitter:card\" content=\"summary_large_image\" \/>\n<meta name=\"twitter:creator\" content=\"@seinesaintdenis\" \/>\n<meta name=\"twitter:site\" content=\"@seinesaintdenis\" \/>\n<meta name=\"twitter:label1\" content=\"\u00c9crit par\" \/>\n\t<meta name=\"twitter:data1\" content=\"Fr\u00e9d\u00e9ric Haxo\" \/>\n\t<meta name=\"twitter:label2\" content=\"Dur\u00e9e de lecture estim\u00e9e\" \/>\n\t<meta name=\"twitter:data2\" content=\"5 minutes\" \/>\n<script type=\"application\/ld+json\" class=\"yoast-schema-graph\">{\"@context\":\"https:\\\/\\\/schema.org\",\"@graph\":[{\"@type\":\"Article\",\"@id\":\"https:\\\/\\\/seinesaintdenis.fr\\\/actualite\\\/ecologie\\\/Au-Stade-de-France-la-construction-durable-au-centre-du-jeu\\\/#article\",\"isPartOf\":{\"@id\":\"https:\\\/\\\/seinesaintdenis.fr\\\/actualite\\\/ecologie\\\/Au-Stade-de-France-la-construction-durable-au-centre-du-jeu\\\/\"},\"author\":{\"name\":\"Fr\u00e9d\u00e9ric Haxo\",\"@id\":\"https:\\\/\\\/seinesaintdenis.fr\\\/actualite\\\/#\\\/schema\\\/person\\\/e4e9e8579521bb0c3b048a7240eb3b8a\"},\"headline\":\"Au Stade de France, la construction durable au centre du jeu\",\"datePublished\":\"2023-04-25T12:36:53+00:00\",\"dateModified\":\"2023-05-24T13:52:30+00:00\",\"mainEntityOfPage\":{\"@id\":\"https:\\\/\\\/seinesaintdenis.fr\\\/actualite\\\/ecologie\\\/Au-Stade-de-France-la-construction-durable-au-centre-du-jeu\\\/\"},\"wordCount\":1014,\"commentCount\":0,\"publisher\":{\"@id\":\"https:\\\/\\\/seinesaintdenis.fr\\\/actualite\\\/#organization\"},\"image\":{\"@id\":\"https:\\\/\\\/seinesaintdenis.fr\\\/actualite\\\/ecologie\\\/Au-Stade-de-France-la-construction-durable-au-centre-du-jeu\\\/#primaryimage\"},\"thumbnailUrl\":\"https:\\\/\\\/seinesaintdenis.fr\\\/actualite\\\/wp-content\\\/uploads\\\/2023\\\/05\\\/504556229bbb51974811c82c164b3d.png\",\"articleSection\":[\"Sport\"],\"inLanguage\":\"fr-FR\",\"potentialAction\":[{\"@type\":\"CommentAction\",\"name\":\"Comment\",\"target\":[\"https:\\\/\\\/seinesaintdenis.fr\\\/actualite\\\/ecologie\\\/Au-Stade-de-France-la-construction-durable-au-centre-du-jeu\\\/#respond\"]}]},{\"@type\":\"WebPage\",\"@id\":\"https:\\\/\\\/seinesaintdenis.fr\\\/actualite\\\/ecologie\\\/Au-Stade-de-France-la-construction-durable-au-centre-du-jeu\\\/\",\"url\":\"https:\\\/\\\/seinesaintdenis.fr\\\/actualite\\\/ecologie\\\/Au-Stade-de-France-la-construction-durable-au-centre-du-jeu\\\/\",\"name\":\"Au Stade de France, la construction durable au centre du jeu - Seine-Saint-Denis - L&#039;actualit\u00e9 du d\u00e9partement\",\"isPartOf\":{\"@id\":\"https:\\\/\\\/seinesaintdenis.fr\\\/actualite\\\/#website\"},\"primaryImageOfPage\":{\"@id\":\"https:\\\/\\\/seinesaintdenis.fr\\\/actualite\\\/ecologie\\\/Au-Stade-de-France-la-construction-durable-au-centre-du-jeu\\\/#primaryimage\"},\"image\":{\"@id\":\"https:\\\/\\\/seinesaintdenis.fr\\\/actualite\\\/ecologie\\\/Au-Stade-de-France-la-construction-durable-au-centre-du-jeu\\\/#primaryimage\"},\"thumbnailUrl\":\"https:\\\/\\\/seinesaintdenis.fr\\\/actualite\\\/wp-content\\\/uploads\\\/2023\\\/05\\\/504556229bbb51974811c82c164b3d.png\",\"datePublished\":\"2023-04-25T12:36:53+00:00\",\"dateModified\":\"2023-05-24T13:52:30+00:00\",\"breadcrumb\":{\"@id\":\"https:\\\/\\\/seinesaintdenis.fr\\\/actualite\\\/ecologie\\\/Au-Stade-de-France-la-construction-durable-au-centre-du-jeu\\\/#breadcrumb\"},\"inLanguage\":\"fr-FR\",\"potentialAction\":[{\"@type\":\"ReadAction\",\"target\":[\"https:\\\/\\\/seinesaintdenis.fr\\\/actualite\\\/ecologie\\\/Au-Stade-de-France-la-construction-durable-au-centre-du-jeu\\\/\"]}]},{\"@type\":\"ImageObject\",\"inLanguage\":\"fr-FR\",\"@id\":\"https:\\\/\\\/seinesaintdenis.fr\\\/actualite\\\/ecologie\\\/Au-Stade-de-France-la-construction-durable-au-centre-du-jeu\\\/#primaryimage\",\"url\":\"https:\\\/\\\/seinesaintdenis.fr\\\/actualite\\\/wp-content\\\/uploads\\\/2023\\\/05\\\/504556229bbb51974811c82c164b3d.png\",\"contentUrl\":\"https:\\\/\\\/seinesaintdenis.fr\\\/actualite\\\/wp-content\\\/uploads\\\/2023\\\/05\\\/504556229bbb51974811c82c164b3d.png\",\"width\":760,\"height\":411},{\"@type\":\"BreadcrumbList\",\"@id\":\"https:\\\/\\\/seinesaintdenis.fr\\\/actualite\\\/ecologie\\\/Au-Stade-de-France-la-construction-durable-au-centre-du-jeu\\\/#breadcrumb\",\"itemListElement\":[{\"@type\":\"ListItem\",\"position\":1,\"name\":\"Accueil\",\"item\":\"https:\\\/\\\/seinesaintdenis.fr\\\/actualite\\\/\"},{\"@type\":\"ListItem\",\"position\":2,\"name\":\"Au Stade de France, la construction durable au centre du jeu\"}]},{\"@type\":\"WebSite\",\"@id\":\"https:\\\/\\\/seinesaintdenis.fr\\\/actualite\\\/#website\",\"url\":\"https:\\\/\\\/seinesaintdenis.fr\\\/actualite\\\/\",\"name\":\"Seine-Saint-Denis - L'actualit\u00e9 du d\u00e9partement\",\"description\":\"L&#039;actualit\u00e9 du D\u00e9partement de la Seine-Saint-Denis\",\"publisher\":{\"@id\":\"https:\\\/\\\/seinesaintdenis.fr\\\/actualite\\\/#organization\"},\"potentialAction\":[{\"@type\":\"SearchAction\",\"target\":{\"@type\":\"EntryPoint\",\"urlTemplate\":\"https:\\\/\\\/seinesaintdenis.fr\\\/actualite\\\/?s={search_term_string}\"},\"query-input\":{\"@type\":\"PropertyValueSpecification\",\"valueRequired\":true,\"valueName\":\"search_term_string\"}}],\"inLanguage\":\"fr-FR\"},{\"@type\":\"Organization\",\"@id\":\"https:\\\/\\\/seinesaintdenis.fr\\\/actualite\\\/#organization\",\"name\":\"Seine-Saint-Denis - Le D\u00e9partement\",\"url\":\"https:\\\/\\\/seinesaintdenis.fr\\\/actualite\\\/\",\"logo\":{\"@type\":\"ImageObject\",\"inLanguage\":\"fr-FR\",\"@id\":\"https:\\\/\\\/seinesaintdenis.fr\\\/actualite\\\/#\\\/schema\\\/logo\\\/image\\\/\",\"url\":\"https:\\\/\\\/seinesaintdenis.fr\\\/actualite\\\/wp-content\\\/uploads\\\/2024\\\/08\\\/logo.png\",\"contentUrl\":\"https:\\\/\\\/seinesaintdenis.fr\\\/actualite\\\/wp-content\\\/uploads\\\/2024\\\/08\\\/logo.png\",\"width\":567,\"height\":172,\"caption\":\"Seine-Saint-Denis - Le D\u00e9partement\"},\"image\":{\"@id\":\"https:\\\/\\\/seinesaintdenis.fr\\\/actualite\\\/#\\\/schema\\\/logo\\\/image\\\/\"},\"sameAs\":[\"https:\\\/\\\/www.facebook.com\\\/seinesaintdenisledepartement\",\"https:\\\/\\\/x.com\\\/seinesaintdenis\",\"https:\\\/\\\/www.linkedin.com\\\/company\\\/seinesaintdenis\",\"https:\\\/\\\/www.instagram.com\\\/seine_saint_denis\\\/\",\"https:\\\/\\\/www.youtube.com\\\/channel\\\/UCR5YF9NnqiLCbnrKQgLUcIw\"]},{\"@type\":\"Person\",\"@id\":\"https:\\\/\\\/seinesaintdenis.fr\\\/actualite\\\/#\\\/schema\\\/person\\\/e4e9e8579521bb0c3b048a7240eb3b8a\",\"name\":\"Fr\u00e9d\u00e9ric Haxo\",\"image\":{\"@type\":\"ImageObject\",\"inLanguage\":\"fr-FR\",\"@id\":\"https:\\\/\\\/secure.gravatar.com\\\/avatar\\\/7ab0da5b17df1179dc345094834018a29688ae9a242b61c172abfc3e43b8b60e?s=96&d=mm&r=g\",\"url\":\"https:\\\/\\\/secure.gravatar.com\\\/avatar\\\/7ab0da5b17df1179dc345094834018a29688ae9a242b61c172abfc3e43b8b60e?s=96&d=mm&r=g\",\"contentUrl\":\"https:\\\/\\\/secure.gravatar.com\\\/avatar\\\/7ab0da5b17df1179dc345094834018a29688ae9a242b61c172abfc3e43b8b60e?s=96&d=mm&r=g\",\"caption\":\"Fr\u00e9d\u00e9ric Haxo\"},\"url\":\"https:\\\/\\\/seinesaintdenis.fr\\\/actualite\\\/author\\\/fsugnot\\\/\"}]}<\/script>\n<!-- \/ Yoast SEO plugin. -->","yoast_head_json":{"title":"Au Stade de France, la construction durable au centre du jeu - Seine-Saint-Denis - L&#039;actualit\u00e9 du d\u00e9partement","robots":{"index":"index","follow":"follow","max-snippet":"max-snippet:-1","max-image-preview":"max-image-preview:large","max-video-preview":"max-video-preview:-1"},"canonical":"https:\/\/seinesaintdenis.fr\/actualite\/ecologie\/Au-Stade-de-France-la-construction-durable-au-centre-du-jeu\/","og_locale":"fr_FR","og_type":"article","og_title":"Au Stade de France, la construction durable au centre du jeu - Seine-Saint-Denis - L&#039;actualit\u00e9 du d\u00e9partement","og_url":"https:\/\/seinesaintdenis.fr\/actualite\/ecologie\/Au-Stade-de-France-la-construction-durable-au-centre-du-jeu\/","og_site_name":"Seine-Saint-Denis - L&#039;actualit\u00e9 du d\u00e9partement","article_publisher":"https:\/\/www.facebook.com\/seinesaintdenisledepartement","article_published_time":"2023-04-25T12:36:53+00:00","article_modified_time":"2023-05-24T13:52:30+00:00","og_image":[{"width":760,"height":411,"url":"https:\/\/seinesaintdenis.fr\/actualite\/wp-content\/uploads\/2023\/05\/504556229bbb51974811c82c164b3d.png","type":"image\/png"}],"author":"Fr\u00e9d\u00e9ric Haxo","twitter_card":"summary_large_image","twitter_creator":"@seinesaintdenis","twitter_site":"@seinesaintdenis","twitter_misc":{"\u00c9crit par":"Fr\u00e9d\u00e9ric Haxo","Dur\u00e9e de lecture estim\u00e9e":"5 minutes"},"schema":{"@context":"https:\/\/schema.org","@graph":[{"@type":"Article","@id":"https:\/\/seinesaintdenis.fr\/actualite\/ecologie\/Au-Stade-de-France-la-construction-durable-au-centre-du-jeu\/#article","isPartOf":{"@id":"https:\/\/seinesaintdenis.fr\/actualite\/ecologie\/Au-Stade-de-France-la-construction-durable-au-centre-du-jeu\/"},"author":{"name":"Fr\u00e9d\u00e9ric Haxo","@id":"https:\/\/seinesaintdenis.fr\/actualite\/#\/schema\/person\/e4e9e8579521bb0c3b048a7240eb3b8a"},"headline":"Au Stade de France, la construction durable au centre du jeu","datePublished":"2023-04-25T12:36:53+00:00","dateModified":"2023-05-24T13:52:30+00:00","mainEntityOfPage":{"@id":"https:\/\/seinesaintdenis.fr\/actualite\/ecologie\/Au-Stade-de-France-la-construction-durable-au-centre-du-jeu\/"},"wordCount":1014,"commentCount":0,"publisher":{"@id":"https:\/\/seinesaintdenis.fr\/actualite\/#organization"},"image":{"@id":"https:\/\/seinesaintdenis.fr\/actualite\/ecologie\/Au-Stade-de-France-la-construction-durable-au-centre-du-jeu\/#primaryimage"},"thumbnailUrl":"https:\/\/seinesaintdenis.fr\/actualite\/wp-content\/uploads\/2023\/05\/504556229bbb51974811c82c164b3d.png","articleSection":["Sport"],"inLanguage":"fr-FR","potentialAction":[{"@type":"CommentAction","name":"Comment","target":["https:\/\/seinesaintdenis.fr\/actualite\/ecologie\/Au-Stade-de-France-la-construction-durable-au-centre-du-jeu\/#respond"]}]},{"@type":"WebPage","@id":"https:\/\/seinesaintdenis.fr\/actualite\/ecologie\/Au-Stade-de-France-la-construction-durable-au-centre-du-jeu\/","url":"https:\/\/seinesaintdenis.fr\/actualite\/ecologie\/Au-Stade-de-France-la-construction-durable-au-centre-du-jeu\/","name":"Au Stade de France, la construction durable au centre du jeu - Seine-Saint-Denis - L&#039;actualit\u00e9 du d\u00e9partement","isPartOf":{"@id":"https:\/\/seinesaintdenis.fr\/actualite\/#website"},"primaryImageOfPage":{"@id":"https:\/\/seinesaintdenis.fr\/actualite\/ecologie\/Au-Stade-de-France-la-construction-durable-au-centre-du-jeu\/#primaryimage"},"image":{"@id":"https:\/\/seinesaintdenis.fr\/actualite\/ecologie\/Au-Stade-de-France-la-construction-durable-au-centre-du-jeu\/#primaryimage"},"thumbnailUrl":"https:\/\/seinesaintdenis.fr\/actualite\/wp-content\/uploads\/2023\/05\/504556229bbb51974811c82c164b3d.png","datePublished":"2023-04-25T12:36:53+00:00","dateModified":"2023-05-24T13:52:30+00:00","breadcrumb":{"@id":"https:\/\/seinesaintdenis.fr\/actualite\/ecologie\/Au-Stade-de-France-la-construction-durable-au-centre-du-jeu\/#breadcrumb"},"inLanguage":"fr-FR","potentialAction":[{"@type":"ReadAction","target":["https:\/\/seinesaintdenis.fr\/actualite\/ecologie\/Au-Stade-de-France-la-construction-durable-au-centre-du-jeu\/"]}]},{"@type":"ImageObject","inLanguage":"fr-FR","@id":"https:\/\/seinesaintdenis.fr\/actualite\/ecologie\/Au-Stade-de-France-la-construction-durable-au-centre-du-jeu\/#primaryimage","url":"https:\/\/seinesaintdenis.fr\/actualite\/wp-content\/uploads\/2023\/05\/504556229bbb51974811c82c164b3d.png","contentUrl":"https:\/\/seinesaintdenis.fr\/actualite\/wp-content\/uploads\/2023\/05\/504556229bbb51974811c82c164b3d.png","width":760,"height":411},{"@type":"BreadcrumbList","@id":"https:\/\/seinesaintdenis.fr\/actualite\/ecologie\/Au-Stade-de-France-la-construction-durable-au-centre-du-jeu\/#breadcrumb","itemListElement":[{"@type":"ListItem","position":1,"name":"Accueil","item":"https:\/\/seinesaintdenis.fr\/actualite\/"},{"@type":"ListItem","position":2,"name":"Au Stade de France, la construction durable au centre du jeu"}]},{"@type":"WebSite","@id":"https:\/\/seinesaintdenis.fr\/actualite\/#website","url":"https:\/\/seinesaintdenis.fr\/actualite\/","name":"Seine-Saint-Denis - L'actualit\u00e9 du d\u00e9partement","description":"L&#039;actualit\u00e9 du D\u00e9partement de la Seine-Saint-Denis","publisher":{"@id":"https:\/\/seinesaintdenis.fr\/actualite\/#organization"},"potentialAction":[{"@type":"SearchAction","target":{"@type":"EntryPoint","urlTemplate":"https:\/\/seinesaintdenis.fr\/actualite\/?s={search_term_string}"},"query-input":{"@type":"PropertyValueSpecification","valueRequired":true,"valueName":"search_term_string"}}],"inLanguage":"fr-FR"},{"@type":"Organization","@id":"https:\/\/seinesaintdenis.fr\/actualite\/#organization","name":"Seine-Saint-Denis - Le D\u00e9partement","url":"https:\/\/seinesaintdenis.fr\/actualite\/","logo":{"@type":"ImageObject","inLanguage":"fr-FR","@id":"https:\/\/seinesaintdenis.fr\/actualite\/#\/schema\/logo\/image\/","url":"https:\/\/seinesaintdenis.fr\/actualite\/wp-content\/uploads\/2024\/08\/logo.png","contentUrl":"https:\/\/seinesaintdenis.fr\/actualite\/wp-content\/uploads\/2024\/08\/logo.png","width":567,"height":172,"caption":"Seine-Saint-Denis - Le D\u00e9partement"},"image":{"@id":"https:\/\/seinesaintdenis.fr\/actualite\/#\/schema\/logo\/image\/"},"sameAs":["https:\/\/www.facebook.com\/seinesaintdenisledepartement","https:\/\/x.com\/seinesaintdenis","https:\/\/www.linkedin.com\/company\/seinesaintdenis","https:\/\/www.instagram.com\/seine_saint_denis\/","https:\/\/www.youtube.com\/channel\/UCR5YF9NnqiLCbnrKQgLUcIw"]},{"@type":"Person","@id":"https:\/\/seinesaintdenis.fr\/actualite\/#\/schema\/person\/e4e9e8579521bb0c3b048a7240eb3b8a","name":"Fr\u00e9d\u00e9ric Haxo","image":{"@type":"ImageObject","inLanguage":"fr-FR","@id":"https:\/\/secure.gravatar.com\/avatar\/7ab0da5b17df1179dc345094834018a29688ae9a242b61c172abfc3e43b8b60e?s=96&d=mm&r=g","url":"https:\/\/secure.gravatar.com\/avatar\/7ab0da5b17df1179dc345094834018a29688ae9a242b61c172abfc3e43b8b60e?s=96&d=mm&r=g","contentUrl":"https:\/\/secure.gravatar.com\/avatar\/7ab0da5b17df1179dc345094834018a29688ae9a242b61c172abfc3e43b8b60e?s=96&d=mm&r=g","caption":"Fr\u00e9d\u00e9ric Haxo"},"url":"https:\/\/seinesaintdenis.fr\/actualite\/author\/fsugnot\/"}]}},"_links":{"self":[{"href":"https:\/\/seinesaintdenis.fr\/actualite\/wp-json\/wp\/v2\/posts\/2074","targetHints":{"allow":["GET"]}}],"collection":[{"href":"https:\/\/seinesaintdenis.fr\/actualite\/wp-json\/wp\/v2\/posts"}],"about":[{"href":"https:\/\/seinesaintdenis.fr\/actualite\/wp-json\/wp\/v2\/types\/post"}],"author":[{"embeddable":true,"href":"https:\/\/seinesaintdenis.fr\/actualite\/wp-json\/wp\/v2\/users\/25"}],"replies":[{"embeddable":true,"href":"https:\/\/seinesaintdenis.fr\/actualite\/wp-json\/wp\/v2\/comments?post=2074"}],"version-history":[{"count":1,"href":"https:\/\/seinesaintdenis.fr\/actualite\/wp-json\/wp\/v2\/posts\/2074\/revisions"}],"predecessor-version":[{"id":2294,"href":"https:\/\/seinesaintdenis.fr\/actualite\/wp-json\/wp\/v2\/posts\/2074\/revisions\/2294"}],"wp:featuredmedia":[{"embeddable":true,"href":"https:\/\/seinesaintdenis.fr\/actualite\/wp-json\/wp\/v2\/media\/2075"}],"wp:attachment":[{"href":"https:\/\/seinesaintdenis.fr\/actualite\/wp-json\/wp\/v2\/media?parent=2074"}],"wp:term":[{"taxonomy":"category","embeddable":true,"href":"https:\/\/seinesaintdenis.fr\/actualite\/wp-json\/wp\/v2\/categories?post=2074"},{"taxonomy":"ville","embeddable":true,"href":"https:\/\/seinesaintdenis.fr\/actualite\/wp-json\/wp\/v2\/ville?post=2074"}],"curies":[{"name":"wp","href":"https:\/\/api.w.org\/{rel}","templated":true}]}}