{"id":2052,"date":"2023-05-11T08:30:27","date_gmt":"2023-05-11T08:30:27","guid":{"rendered":"https:\/\/seinesaintdenis.fr\/actualite\/Quand-les-JOP-permettent-aux-jeunes-de-rebondir\/"},"modified":"2023-05-22T14:10:27","modified_gmt":"2023-05-22T14:10:27","slug":"Quand-les-JOP-permettent-aux-jeunes-de-rebondir","status":"publish","type":"post","link":"https:\/\/seinesaintdenis.fr\/actualite\/sport-loisirs\/Sport\/Quand-les-JOP-permettent-aux-jeunes-de-rebondir\/","title":{"rendered":"Quand les JOP permettent aux jeunes de rebondir&#8230;"},"content":{"rendered":"<p>Soucieux d\u2019employer les JOP de Paris 2024 comme des <i>\u00ab\u00a0acc\u00e9l\u00e9rateurs d\u2019histoires\u00a0\u00bb <\/i>, le Conseil d\u00e9partemental a lanc\u00e9 en mars l\u2019appel \u00e0 projets <a class=\"spip_out\" href=\"https:\/\/seinesaintdenis.fr\/Inser-sport-le-Departement-soutient-20-projets-d-insertion-par-le-sport-et-les\" rel=\"external\">Inser\u2019Sport<\/a> visant \u00e0 proposer des dispositifs d\u2019accompagnement innovants et motivants aux personnes en recherche d\u2019emploi. <br class=\"autobr\" \/>Parmi les organisations laur\u00e9ates, le collectif pantinois <a class=\"spip_out\" href=\"https:\/\/metropop.org\/\" rel=\"external\">M\u00e9tropop<\/a> <i>\u00ab\u00a0coache\u00a0\u00bb<\/i> depuis quelques mois sept jeunes issu\u00b7e\u00b7s des quartiers populaires du territoire qui r\u00e9alisent des films documentaires sur les m\u00e9tiers impact\u00e9s par les JOP (BTP, activit\u00e9s d\u2019accueil&#8230;), les parcours remarquables de S\u00e9quano-Dionysien\u00b7ne\u00b7s&#8230; <br class=\"autobr\" \/>Mourad, Enzo, Karamba, Bryan&#8230; form\u00e9\u00b7e\u00b7s plusieurs fois par mois \u00e0 l\u2019activit\u00e9 physique, ont anim\u00e9 le 4 mai \u00ab\u00a0La cit\u00e9 des jeux olympiques\u00a0\u00bb, une f\u00eate de quartier destin\u00e9e \u00e0 sensibiliser les habitant\u00b7e\u00b7s de la cit\u00e9 des Quatre-Chemins \u00e0 l\u2019h\u00e9ritage des Jeux de Paris 2024.<\/p>\n<h3 class=\"spip\">Animations sportives, quizz, jeux de piste&#8230;<\/h3>\n<p><i>\u00ab\u00a0M\u00e9tropop a pour objectif de faire changer les repr\u00e9sentations sur les banlieues parisiennes en produisant des images et en d\u00e9veloppant des actions de participation citoyenne\u00a0: caf\u00e9s-d\u00e9bats, recueil de la parole des franciliens pour interpeller les institutions&#8230;\u00a0\u00bb<\/i> d\u00e9clare Sergio Barrientos, l\u2019enthousiaste coordinateur de l\u2019association et responsable de son p\u00f4le \u00ab\u00a0Recherche-action, m\u00e9tropolisation et participation\u00a0\u00bb. <br class=\"autobr\" \/>Les membres de son \u00e9quipe et les sept jeunes volontaires ont pr\u00e9par\u00e9 des ateliers handball, football, escalade, course d\u2019obstacles, jeux de piste ou du b\u00e9ret&#8230; r\u00e9alis\u00e9s dans la bonne humeur avec les enfants de la cit\u00e9. <i>\u00ab\u00a0Nous avons fait un quizz sur l\u2019histoire des JOP et ils m\u2019ont impressionn\u00e9 par leur connaissance des figures du sport alors que je pensais qu\u2019ils connaissaient surtout les footballeurs\u00a0\u00bb<\/i> confie Karamba, 20 ans, originaire d\u2019Aubervilliers. Le jeune homme, qui a suivi un cursus plut\u00f4t atypique avant de signer un <a class=\"spip_out\" href=\"https:\/\/www.service-civique.gouv.fr\/\" rel=\"external\">Service civique<\/a> de huit mois aupr\u00e8s de M\u00e9tropop, souhaite aujourd\u2019hui devenir entrepreneur dans l\u2019informatique apr\u00e8s avoir <i>\u00ab\u00a0flash\u00e9 sur la diversit\u00e9 des logiciels dans les nouvelles technologies\u00a0\u00bb. <\/i><\/p>\n<figure class=\"spip_document_16778 spip_documents spip_documents_center media media_image media_image_jpg\"><img loading=\"lazy\" decoding=\"async\" src=\"IMG\/jpg\/photo_milieu_2023-05-04_festival_d_animation_jeunes_du_quartier_des_4_chemin_-_pantin_-_fr_fro_7740.jpg\" alt=\"JPEG - 144.3 ko\" width=\"760\" height=\"412\" \/><\/figure>\n<h3 class=\"spip\">Changer les imaginaires sur la banlieue<\/h3>\n<p><i>\u00ab\u00a0Les six volontaires et le jeune \u00ab\u00a0tigiste\u00a0\u00bb sous main de justice (NDLR\u00a0: qui effectue des travaux d\u2019int\u00e9r\u00eat g\u00e9n\u00e9ral) b\u00e9n\u00e9ficient d\u2019un suivi r\u00e9gulier sur leur recherche de formation ou d\u2019emploi, l\u2019apprentissage des comp\u00e9tences psycho-sociales ou soft-skills&#8230;\u00a0\u00bb<\/i> explique Laurent Ducoutumany, charg\u00e9 des projets JOP \u00e0 la Direction d\u00e9partementale de l\u2019emploi, de l\u2019insertion et de l\u2019attractivit\u00e9 territoriale. <br class=\"autobr\" \/>Lanc\u00e9es depuis 2020, les <i>\u00ab\u00a0promotions M\u00e9tropop\u00a0\u00bb<\/i> compos\u00e9es de 6 \u00e0 8 personnes sont en g\u00e9n\u00e9ral couronn\u00e9es de sorties positives\u00a0: orientations vers les \u00e9coles de cin\u00e9ma, les m\u00e9tiers de l\u2019audiovisuel ou du marketing web, reprise de confiance en soi et r\u00e9alisation de projets professionnels&#8230; <br class=\"autobr\" \/>Pendant 8 mois, les jeunes gens encha\u00eenent les tournages de vid\u00e9os sur les activit\u00e9s boost\u00e9es par les JOP\u00a0: recyclage de d\u00e9chets de construction, entreprises de l\u2019ESS comme <a class=\"spip_out\" href=\"https:\/\/co.inseinesaintdenis.fr\/le-bottin\/baluchon\/\" rel=\"external\">Baluchon<\/a> en contrat avec Paris 2024, portrait d\u2019un ing\u00e9nieur travaux originaire d\u2019un quartier prioritaire du Blanc-Mesnil&#8230;<br class=\"autobr\" \/><i>\u00ab\u00a0Ils apprennent les techniques de cadrage, de montage, la gestion de projets en \u00e9tant quasiment autonomes sur le terrain et peuvent exprimer leurs propres visions des banlieues populaires o\u00f9 ils habitent\u00a0\u00bb<\/i> ajoute Tanaquil Dirand, animatrice images de l\u2019association. Leurs petits films documentaires visibles <a class=\"spip_out\" href=\"https:\/\/metropop.org\/nos-videos\/\" rel=\"external\">ici<\/a> vous toucheront par leur fra\u00eecheur et leur humanit\u00e9.<\/p>\n<p>Attach\u00e9 \u00e0 la participation de la population, le collectif citoyen M\u00e9tropop a incit\u00e9 les habitant\u2219e\u2219s \u00e0 dessiner <i>\u00ab\u00a0leur cit\u00e9 Bleue-Diderot r\u00eav\u00e9e\u00a0\u00bb<\/i> sous la technique du cyanotype avec le street-artiste montreuillois Nicolas Peillon. Celui-ci compilera toutes les cr\u00e9ations artistiques et r\u00e9alisera entre le 15 et le 17 juillet une grande fresque sur un mur aveugle \u00e0 un jet de pierre du QG de l\u2019association, tr\u00e8s fr\u00e9quent\u00e9 par les riverain\u2219e\u2219s. On vous donne rendez-vous\u00a0?<\/p>\n<p><i>Association M\u00e9tropop <br class=\"autobr\" \/>35 rue Gabrielle-Josserand \u00e0 Pantin<br class=\"autobr\" \/>metropop.org<br class=\"autobr\" \/>Projets pass\u00e9s et en cours pr\u00e9sent\u00e9s sur <a class=\"spip_out\" href=\"https:\/\/www.facebook.com\/comauquartier\" rel=\"external\">facebook.com\/comauquartier<\/a><\/i><\/p>\n<p><i>Une vid\u00e9o sur la f\u00eate de quartier \u00ab\u00a0La cit\u00e9 des jeux olympiques\u00a0\u00bb du 4 mai est en cours de montage et sera mise en ligne dans cet article d\u00e8s son ach\u00e8vement. <\/i><\/p>\n<figure class=\"spip_document_16757 spip_documents spip_documents_center media media_image media_image_jpg\"><img loading=\"lazy\" decoding=\"async\" src=\"IMG\/jpg\/logo_-05-04_festival_d_animation_jeunes_du_quartier_des_4_chemin_-_pantin_-_fr_fro_7772.jpg\" alt=\"JPEG - 169.1 ko\" width=\"759\" height=\"412\" \/><\/figure>\n<p>Cr\u00e9dit-photo\u00a0: Franck Rondot<\/p>\n","protected":false},"excerpt":{"rendered":"Soucieux d\u2019employer les JOP de Paris 2024 comme des \u00ab\u00a0acc\u00e9l\u00e9rateurs d\u2019histoires\u00a0\u00bb , le Conseil d\u00e9partemental a lanc\u00e9 en mars l\u2019appel \u00e0 projets Inser\u2019Sport visant \u00e0 proposer des dispositifs d\u2019accompagnement innovants et motivants aux personnes en recherche d\u2019emploi. Parmi les organisations laur\u00e9ates, le collectif pantinois M\u00e9tropop \u00ab\u00a0coache\u00a0\u00bb depuis quelques mois sept jeunes issu\u00b7e\u00b7s des quartiers populaires&#8230; <a class=\"view-article\" href=\"https:\/\/seinesaintdenis.fr\/actualite\/sport-loisirs\/Sport\/Quand-les-JOP-permettent-aux-jeunes-de-rebondir\/\">Voir l&rsquo;article<\/a>","protected":false},"author":12,"featured_media":2053,"comment_status":"open","ping_status":"open","sticky":false,"template":"","format":"standard","meta":{"_acf_changed":false,"footnotes":""},"categories":[1],"ville":[82],"class_list":["post-2052","post","type-post","status-publish","format-standard","has-post-thumbnail","hentry","category-Sport"],"acf":[],"yoast_head":"<!-- This site is optimized with the Yoast SEO plugin v27.5 - https:\/\/yoast.com\/product\/yoast-seo-wordpress\/ -->\n<title>Quand les JOP permettent aux jeunes de rebondir... - Seine-Saint-Denis - L&#039;actualit\u00e9 du d\u00e9partement<\/title>\n<meta name=\"robots\" content=\"index, follow, max-snippet:-1, max-image-preview:large, max-video-preview:-1\" \/>\n<link rel=\"canonical\" href=\"https:\/\/seinesaintdenis.fr\/actualite\/emploi-entrepreneuriat\/emploi\/Quand-les-JOP-permettent-aux-jeunes-de-rebondir\/\" \/>\n<meta property=\"og:locale\" content=\"fr_FR\" \/>\n<meta property=\"og:type\" content=\"article\" \/>\n<meta property=\"og:title\" content=\"Quand les JOP permettent aux jeunes de rebondir... - Seine-Saint-Denis - L&#039;actualit\u00e9 du d\u00e9partement\" \/>\n<meta property=\"og:url\" content=\"https:\/\/seinesaintdenis.fr\/actualite\/emploi-entrepreneuriat\/emploi\/Quand-les-JOP-permettent-aux-jeunes-de-rebondir\/\" \/>\n<meta property=\"og:site_name\" content=\"Seine-Saint-Denis - L&#039;actualit\u00e9 du d\u00e9partement\" \/>\n<meta property=\"article:publisher\" content=\"https:\/\/www.facebook.com\/seinesaintdenisledepartement\" \/>\n<meta property=\"article:published_time\" content=\"2023-05-11T08:30:27+00:00\" \/>\n<meta property=\"article:modified_time\" content=\"2023-05-22T14:10:27+00:00\" \/>\n<meta property=\"og:image\" content=\"https:\/\/seinesaintdenis.fr\/actualite\/wp-content\/uploads\/2023\/05\/dc787d51709295eec97483bba6ab35.jpg\" \/>\n\t<meta property=\"og:image:width\" content=\"759\" \/>\n\t<meta property=\"og:image:height\" content=\"411\" \/>\n\t<meta property=\"og:image:type\" content=\"image\/jpeg\" \/>\n<meta name=\"author\" content=\"Carine Arassus\" \/>\n<meta name=\"twitter:card\" content=\"summary_large_image\" \/>\n<meta name=\"twitter:creator\" content=\"@seinesaintdenis\" \/>\n<meta name=\"twitter:site\" content=\"@seinesaintdenis\" \/>\n<meta name=\"twitter:label1\" content=\"\u00c9crit par\" \/>\n\t<meta name=\"twitter:data1\" content=\"Carine Arassus\" \/>\n\t<meta name=\"twitter:label2\" content=\"Dur\u00e9e de lecture estim\u00e9e\" \/>\n\t<meta name=\"twitter:data2\" content=\"4 minutes\" \/>\n<script type=\"application\/ld+json\" class=\"yoast-schema-graph\">{\"@context\":\"https:\\\/\\\/schema.org\",\"@graph\":[{\"@type\":\"Article\",\"@id\":\"https:\\\/\\\/seinesaintdenis.fr\\\/actualite\\\/emploi-entrepreneuriat\\\/emploi\\\/Quand-les-JOP-permettent-aux-jeunes-de-rebondir\\\/#article\",\"isPartOf\":{\"@id\":\"https:\\\/\\\/seinesaintdenis.fr\\\/actualite\\\/emploi-entrepreneuriat\\\/emploi\\\/Quand-les-JOP-permettent-aux-jeunes-de-rebondir\\\/\"},\"author\":{\"name\":\"Carine Arassus\",\"@id\":\"https:\\\/\\\/seinesaintdenis.fr\\\/actualite\\\/#\\\/schema\\\/person\\\/0ed132e414e4e5a6a6d14bb9fd5b0d3a\"},\"headline\":\"Quand les JOP permettent aux jeunes de rebondir&#8230;\",\"datePublished\":\"2023-05-11T08:30:27+00:00\",\"dateModified\":\"2023-05-22T14:10:27+00:00\",\"mainEntityOfPage\":{\"@id\":\"https:\\\/\\\/seinesaintdenis.fr\\\/actualite\\\/emploi-entrepreneuriat\\\/emploi\\\/Quand-les-JOP-permettent-aux-jeunes-de-rebondir\\\/\"},\"wordCount\":706,\"commentCount\":1,\"publisher\":{\"@id\":\"https:\\\/\\\/seinesaintdenis.fr\\\/actualite\\\/#organization\"},\"image\":{\"@id\":\"https:\\\/\\\/seinesaintdenis.fr\\\/actualite\\\/emploi-entrepreneuriat\\\/emploi\\\/Quand-les-JOP-permettent-aux-jeunes-de-rebondir\\\/#primaryimage\"},\"thumbnailUrl\":\"https:\\\/\\\/seinesaintdenis.fr\\\/actualite\\\/wp-content\\\/uploads\\\/2023\\\/05\\\/dc787d51709295eec97483bba6ab35.jpg\",\"articleSection\":[\"Sport\"],\"inLanguage\":\"fr-FR\",\"potentialAction\":[{\"@type\":\"CommentAction\",\"name\":\"Comment\",\"target\":[\"https:\\\/\\\/seinesaintdenis.fr\\\/actualite\\\/emploi-entrepreneuriat\\\/emploi\\\/Quand-les-JOP-permettent-aux-jeunes-de-rebondir\\\/#respond\"]}]},{\"@type\":\"WebPage\",\"@id\":\"https:\\\/\\\/seinesaintdenis.fr\\\/actualite\\\/emploi-entrepreneuriat\\\/emploi\\\/Quand-les-JOP-permettent-aux-jeunes-de-rebondir\\\/\",\"url\":\"https:\\\/\\\/seinesaintdenis.fr\\\/actualite\\\/emploi-entrepreneuriat\\\/emploi\\\/Quand-les-JOP-permettent-aux-jeunes-de-rebondir\\\/\",\"name\":\"Quand les JOP permettent aux jeunes de rebondir... - Seine-Saint-Denis - L&#039;actualit\u00e9 du d\u00e9partement\",\"isPartOf\":{\"@id\":\"https:\\\/\\\/seinesaintdenis.fr\\\/actualite\\\/#website\"},\"primaryImageOfPage\":{\"@id\":\"https:\\\/\\\/seinesaintdenis.fr\\\/actualite\\\/emploi-entrepreneuriat\\\/emploi\\\/Quand-les-JOP-permettent-aux-jeunes-de-rebondir\\\/#primaryimage\"},\"image\":{\"@id\":\"https:\\\/\\\/seinesaintdenis.fr\\\/actualite\\\/emploi-entrepreneuriat\\\/emploi\\\/Quand-les-JOP-permettent-aux-jeunes-de-rebondir\\\/#primaryimage\"},\"thumbnailUrl\":\"https:\\\/\\\/seinesaintdenis.fr\\\/actualite\\\/wp-content\\\/uploads\\\/2023\\\/05\\\/dc787d51709295eec97483bba6ab35.jpg\",\"datePublished\":\"2023-05-11T08:30:27+00:00\",\"dateModified\":\"2023-05-22T14:10:27+00:00\",\"breadcrumb\":{\"@id\":\"https:\\\/\\\/seinesaintdenis.fr\\\/actualite\\\/emploi-entrepreneuriat\\\/emploi\\\/Quand-les-JOP-permettent-aux-jeunes-de-rebondir\\\/#breadcrumb\"},\"inLanguage\":\"fr-FR\",\"potentialAction\":[{\"@type\":\"ReadAction\",\"target\":[\"https:\\\/\\\/seinesaintdenis.fr\\\/actualite\\\/emploi-entrepreneuriat\\\/emploi\\\/Quand-les-JOP-permettent-aux-jeunes-de-rebondir\\\/\"]}]},{\"@type\":\"ImageObject\",\"inLanguage\":\"fr-FR\",\"@id\":\"https:\\\/\\\/seinesaintdenis.fr\\\/actualite\\\/emploi-entrepreneuriat\\\/emploi\\\/Quand-les-JOP-permettent-aux-jeunes-de-rebondir\\\/#primaryimage\",\"url\":\"https:\\\/\\\/seinesaintdenis.fr\\\/actualite\\\/wp-content\\\/uploads\\\/2023\\\/05\\\/dc787d51709295eec97483bba6ab35.jpg\",\"contentUrl\":\"https:\\\/\\\/seinesaintdenis.fr\\\/actualite\\\/wp-content\\\/uploads\\\/2023\\\/05\\\/dc787d51709295eec97483bba6ab35.jpg\",\"width\":759,\"height\":411},{\"@type\":\"BreadcrumbList\",\"@id\":\"https:\\\/\\\/seinesaintdenis.fr\\\/actualite\\\/emploi-entrepreneuriat\\\/emploi\\\/Quand-les-JOP-permettent-aux-jeunes-de-rebondir\\\/#breadcrumb\",\"itemListElement\":[{\"@type\":\"ListItem\",\"position\":1,\"name\":\"Accueil\",\"item\":\"https:\\\/\\\/seinesaintdenis.fr\\\/actualite\\\/\"},{\"@type\":\"ListItem\",\"position\":2,\"name\":\"Emploi &amp; Entrepreneuriat\",\"item\":\"https:\\\/\\\/seinesaintdenis.fr\\\/actualite\\\/emploi-entrepreneuriat\\\/\"},{\"@type\":\"ListItem\",\"position\":3,\"name\":\"Quand les JOP permettent aux jeunes de rebondir&#8230;\"}]},{\"@type\":\"WebSite\",\"@id\":\"https:\\\/\\\/seinesaintdenis.fr\\\/actualite\\\/#website\",\"url\":\"https:\\\/\\\/seinesaintdenis.fr\\\/actualite\\\/\",\"name\":\"Seine-Saint-Denis - L'actualit\u00e9 du d\u00e9partement\",\"description\":\"L&#039;actualit\u00e9 du D\u00e9partement de la Seine-Saint-Denis\",\"publisher\":{\"@id\":\"https:\\\/\\\/seinesaintdenis.fr\\\/actualite\\\/#organization\"},\"potentialAction\":[{\"@type\":\"SearchAction\",\"target\":{\"@type\":\"EntryPoint\",\"urlTemplate\":\"https:\\\/\\\/seinesaintdenis.fr\\\/actualite\\\/?s={search_term_string}\"},\"query-input\":{\"@type\":\"PropertyValueSpecification\",\"valueRequired\":true,\"valueName\":\"search_term_string\"}}],\"inLanguage\":\"fr-FR\"},{\"@type\":\"Organization\",\"@id\":\"https:\\\/\\\/seinesaintdenis.fr\\\/actualite\\\/#organization\",\"name\":\"Seine-Saint-Denis - Le D\u00e9partement\",\"url\":\"https:\\\/\\\/seinesaintdenis.fr\\\/actualite\\\/\",\"logo\":{\"@type\":\"ImageObject\",\"inLanguage\":\"fr-FR\",\"@id\":\"https:\\\/\\\/seinesaintdenis.fr\\\/actualite\\\/#\\\/schema\\\/logo\\\/image\\\/\",\"url\":\"https:\\\/\\\/seinesaintdenis.fr\\\/actualite\\\/wp-content\\\/uploads\\\/2024\\\/08\\\/logo.png\",\"contentUrl\":\"https:\\\/\\\/seinesaintdenis.fr\\\/actualite\\\/wp-content\\\/uploads\\\/2024\\\/08\\\/logo.png\",\"width\":567,\"height\":172,\"caption\":\"Seine-Saint-Denis - Le D\u00e9partement\"},\"image\":{\"@id\":\"https:\\\/\\\/seinesaintdenis.fr\\\/actualite\\\/#\\\/schema\\\/logo\\\/image\\\/\"},\"sameAs\":[\"https:\\\/\\\/www.facebook.com\\\/seinesaintdenisledepartement\",\"https:\\\/\\\/x.com\\\/seinesaintdenis\",\"https:\\\/\\\/www.linkedin.com\\\/company\\\/seinesaintdenis\",\"https:\\\/\\\/www.instagram.com\\\/seine_saint_denis\\\/\",\"https:\\\/\\\/www.youtube.com\\\/channel\\\/UCR5YF9NnqiLCbnrKQgLUcIw\"]},{\"@type\":\"Person\",\"@id\":\"https:\\\/\\\/seinesaintdenis.fr\\\/actualite\\\/#\\\/schema\\\/person\\\/0ed132e414e4e5a6a6d14bb9fd5b0d3a\",\"name\":\"Carine Arassus\",\"image\":{\"@type\":\"ImageObject\",\"inLanguage\":\"fr-FR\",\"@id\":\"https:\\\/\\\/secure.gravatar.com\\\/avatar\\\/0f981f322f4f99253bcb871f10ae46ce56b35c7fe7c5b8aa9b09ba3a77f6e3c0?s=96&d=mm&r=g\",\"url\":\"https:\\\/\\\/secure.gravatar.com\\\/avatar\\\/0f981f322f4f99253bcb871f10ae46ce56b35c7fe7c5b8aa9b09ba3a77f6e3c0?s=96&d=mm&r=g\",\"contentUrl\":\"https:\\\/\\\/secure.gravatar.com\\\/avatar\\\/0f981f322f4f99253bcb871f10ae46ce56b35c7fe7c5b8aa9b09ba3a77f6e3c0?s=96&d=mm&r=g\",\"caption\":\"Carine Arassus\"},\"url\":\"https:\\\/\\\/seinesaintdenis.fr\\\/actualite\\\/author\\\/carassus\\\/\"}]}<\/script>\n<!-- \/ Yoast SEO plugin. -->","yoast_head_json":{"title":"Quand les JOP permettent aux jeunes de rebondir... - Seine-Saint-Denis - L&#039;actualit\u00e9 du d\u00e9partement","robots":{"index":"index","follow":"follow","max-snippet":"max-snippet:-1","max-image-preview":"max-image-preview:large","max-video-preview":"max-video-preview:-1"},"canonical":"https:\/\/seinesaintdenis.fr\/actualite\/emploi-entrepreneuriat\/emploi\/Quand-les-JOP-permettent-aux-jeunes-de-rebondir\/","og_locale":"fr_FR","og_type":"article","og_title":"Quand les JOP permettent aux jeunes de rebondir... - Seine-Saint-Denis - L&#039;actualit\u00e9 du d\u00e9partement","og_url":"https:\/\/seinesaintdenis.fr\/actualite\/emploi-entrepreneuriat\/emploi\/Quand-les-JOP-permettent-aux-jeunes-de-rebondir\/","og_site_name":"Seine-Saint-Denis - L&#039;actualit\u00e9 du d\u00e9partement","article_publisher":"https:\/\/www.facebook.com\/seinesaintdenisledepartement","article_published_time":"2023-05-11T08:30:27+00:00","article_modified_time":"2023-05-22T14:10:27+00:00","og_image":[{"width":759,"height":411,"url":"https:\/\/seinesaintdenis.fr\/actualite\/wp-content\/uploads\/2023\/05\/dc787d51709295eec97483bba6ab35.jpg","type":"image\/jpeg"}],"author":"Carine Arassus","twitter_card":"summary_large_image","twitter_creator":"@seinesaintdenis","twitter_site":"@seinesaintdenis","twitter_misc":{"\u00c9crit par":"Carine Arassus","Dur\u00e9e de lecture estim\u00e9e":"4 minutes"},"schema":{"@context":"https:\/\/schema.org","@graph":[{"@type":"Article","@id":"https:\/\/seinesaintdenis.fr\/actualite\/emploi-entrepreneuriat\/emploi\/Quand-les-JOP-permettent-aux-jeunes-de-rebondir\/#article","isPartOf":{"@id":"https:\/\/seinesaintdenis.fr\/actualite\/emploi-entrepreneuriat\/emploi\/Quand-les-JOP-permettent-aux-jeunes-de-rebondir\/"},"author":{"name":"Carine Arassus","@id":"https:\/\/seinesaintdenis.fr\/actualite\/#\/schema\/person\/0ed132e414e4e5a6a6d14bb9fd5b0d3a"},"headline":"Quand les JOP permettent aux jeunes de rebondir&#8230;","datePublished":"2023-05-11T08:30:27+00:00","dateModified":"2023-05-22T14:10:27+00:00","mainEntityOfPage":{"@id":"https:\/\/seinesaintdenis.fr\/actualite\/emploi-entrepreneuriat\/emploi\/Quand-les-JOP-permettent-aux-jeunes-de-rebondir\/"},"wordCount":706,"commentCount":1,"publisher":{"@id":"https:\/\/seinesaintdenis.fr\/actualite\/#organization"},"image":{"@id":"https:\/\/seinesaintdenis.fr\/actualite\/emploi-entrepreneuriat\/emploi\/Quand-les-JOP-permettent-aux-jeunes-de-rebondir\/#primaryimage"},"thumbnailUrl":"https:\/\/seinesaintdenis.fr\/actualite\/wp-content\/uploads\/2023\/05\/dc787d51709295eec97483bba6ab35.jpg","articleSection":["Sport"],"inLanguage":"fr-FR","potentialAction":[{"@type":"CommentAction","name":"Comment","target":["https:\/\/seinesaintdenis.fr\/actualite\/emploi-entrepreneuriat\/emploi\/Quand-les-JOP-permettent-aux-jeunes-de-rebondir\/#respond"]}]},{"@type":"WebPage","@id":"https:\/\/seinesaintdenis.fr\/actualite\/emploi-entrepreneuriat\/emploi\/Quand-les-JOP-permettent-aux-jeunes-de-rebondir\/","url":"https:\/\/seinesaintdenis.fr\/actualite\/emploi-entrepreneuriat\/emploi\/Quand-les-JOP-permettent-aux-jeunes-de-rebondir\/","name":"Quand les JOP permettent aux jeunes de rebondir... - Seine-Saint-Denis - L&#039;actualit\u00e9 du d\u00e9partement","isPartOf":{"@id":"https:\/\/seinesaintdenis.fr\/actualite\/#website"},"primaryImageOfPage":{"@id":"https:\/\/seinesaintdenis.fr\/actualite\/emploi-entrepreneuriat\/emploi\/Quand-les-JOP-permettent-aux-jeunes-de-rebondir\/#primaryimage"},"image":{"@id":"https:\/\/seinesaintdenis.fr\/actualite\/emploi-entrepreneuriat\/emploi\/Quand-les-JOP-permettent-aux-jeunes-de-rebondir\/#primaryimage"},"thumbnailUrl":"https:\/\/seinesaintdenis.fr\/actualite\/wp-content\/uploads\/2023\/05\/dc787d51709295eec97483bba6ab35.jpg","datePublished":"2023-05-11T08:30:27+00:00","dateModified":"2023-05-22T14:10:27+00:00","breadcrumb":{"@id":"https:\/\/seinesaintdenis.fr\/actualite\/emploi-entrepreneuriat\/emploi\/Quand-les-JOP-permettent-aux-jeunes-de-rebondir\/#breadcrumb"},"inLanguage":"fr-FR","potentialAction":[{"@type":"ReadAction","target":["https:\/\/seinesaintdenis.fr\/actualite\/emploi-entrepreneuriat\/emploi\/Quand-les-JOP-permettent-aux-jeunes-de-rebondir\/"]}]},{"@type":"ImageObject","inLanguage":"fr-FR","@id":"https:\/\/seinesaintdenis.fr\/actualite\/emploi-entrepreneuriat\/emploi\/Quand-les-JOP-permettent-aux-jeunes-de-rebondir\/#primaryimage","url":"https:\/\/seinesaintdenis.fr\/actualite\/wp-content\/uploads\/2023\/05\/dc787d51709295eec97483bba6ab35.jpg","contentUrl":"https:\/\/seinesaintdenis.fr\/actualite\/wp-content\/uploads\/2023\/05\/dc787d51709295eec97483bba6ab35.jpg","width":759,"height":411},{"@type":"BreadcrumbList","@id":"https:\/\/seinesaintdenis.fr\/actualite\/emploi-entrepreneuriat\/emploi\/Quand-les-JOP-permettent-aux-jeunes-de-rebondir\/#breadcrumb","itemListElement":[{"@type":"ListItem","position":1,"name":"Accueil","item":"https:\/\/seinesaintdenis.fr\/actualite\/"},{"@type":"ListItem","position":2,"name":"Emploi &amp; Entrepreneuriat","item":"https:\/\/seinesaintdenis.fr\/actualite\/emploi-entrepreneuriat\/"},{"@type":"ListItem","position":3,"name":"Quand les JOP permettent aux jeunes de rebondir&#8230;"}]},{"@type":"WebSite","@id":"https:\/\/seinesaintdenis.fr\/actualite\/#website","url":"https:\/\/seinesaintdenis.fr\/actualite\/","name":"Seine-Saint-Denis - L'actualit\u00e9 du d\u00e9partement","description":"L&#039;actualit\u00e9 du D\u00e9partement de la Seine-Saint-Denis","publisher":{"@id":"https:\/\/seinesaintdenis.fr\/actualite\/#organization"},"potentialAction":[{"@type":"SearchAction","target":{"@type":"EntryPoint","urlTemplate":"https:\/\/seinesaintdenis.fr\/actualite\/?s={search_term_string}"},"query-input":{"@type":"PropertyValueSpecification","valueRequired":true,"valueName":"search_term_string"}}],"inLanguage":"fr-FR"},{"@type":"Organization","@id":"https:\/\/seinesaintdenis.fr\/actualite\/#organization","name":"Seine-Saint-Denis - Le D\u00e9partement","url":"https:\/\/seinesaintdenis.fr\/actualite\/","logo":{"@type":"ImageObject","inLanguage":"fr-FR","@id":"https:\/\/seinesaintdenis.fr\/actualite\/#\/schema\/logo\/image\/","url":"https:\/\/seinesaintdenis.fr\/actualite\/wp-content\/uploads\/2024\/08\/logo.png","contentUrl":"https:\/\/seinesaintdenis.fr\/actualite\/wp-content\/uploads\/2024\/08\/logo.png","width":567,"height":172,"caption":"Seine-Saint-Denis - Le D\u00e9partement"},"image":{"@id":"https:\/\/seinesaintdenis.fr\/actualite\/#\/schema\/logo\/image\/"},"sameAs":["https:\/\/www.facebook.com\/seinesaintdenisledepartement","https:\/\/x.com\/seinesaintdenis","https:\/\/www.linkedin.com\/company\/seinesaintdenis","https:\/\/www.instagram.com\/seine_saint_denis\/","https:\/\/www.youtube.com\/channel\/UCR5YF9NnqiLCbnrKQgLUcIw"]},{"@type":"Person","@id":"https:\/\/seinesaintdenis.fr\/actualite\/#\/schema\/person\/0ed132e414e4e5a6a6d14bb9fd5b0d3a","name":"Carine Arassus","image":{"@type":"ImageObject","inLanguage":"fr-FR","@id":"https:\/\/secure.gravatar.com\/avatar\/0f981f322f4f99253bcb871f10ae46ce56b35c7fe7c5b8aa9b09ba3a77f6e3c0?s=96&d=mm&r=g","url":"https:\/\/secure.gravatar.com\/avatar\/0f981f322f4f99253bcb871f10ae46ce56b35c7fe7c5b8aa9b09ba3a77f6e3c0?s=96&d=mm&r=g","contentUrl":"https:\/\/secure.gravatar.com\/avatar\/0f981f322f4f99253bcb871f10ae46ce56b35c7fe7c5b8aa9b09ba3a77f6e3c0?s=96&d=mm&r=g","caption":"Carine Arassus"},"url":"https:\/\/seinesaintdenis.fr\/actualite\/author\/carassus\/"}]}},"_links":{"self":[{"href":"https:\/\/seinesaintdenis.fr\/actualite\/wp-json\/wp\/v2\/posts\/2052","targetHints":{"allow":["GET"]}}],"collection":[{"href":"https:\/\/seinesaintdenis.fr\/actualite\/wp-json\/wp\/v2\/posts"}],"about":[{"href":"https:\/\/seinesaintdenis.fr\/actualite\/wp-json\/wp\/v2\/types\/post"}],"author":[{"embeddable":true,"href":"https:\/\/seinesaintdenis.fr\/actualite\/wp-json\/wp\/v2\/users\/12"}],"replies":[{"embeddable":true,"href":"https:\/\/seinesaintdenis.fr\/actualite\/wp-json\/wp\/v2\/comments?post=2052"}],"version-history":[{"count":1,"href":"https:\/\/seinesaintdenis.fr\/actualite\/wp-json\/wp\/v2\/posts\/2052\/revisions"}],"predecessor-version":[{"id":2290,"href":"https:\/\/seinesaintdenis.fr\/actualite\/wp-json\/wp\/v2\/posts\/2052\/revisions\/2290"}],"wp:featuredmedia":[{"embeddable":true,"href":"https:\/\/seinesaintdenis.fr\/actualite\/wp-json\/wp\/v2\/media\/2053"}],"wp:attachment":[{"href":"https:\/\/seinesaintdenis.fr\/actualite\/wp-json\/wp\/v2\/media?parent=2052"}],"wp:term":[{"taxonomy":"category","embeddable":true,"href":"https:\/\/seinesaintdenis.fr\/actualite\/wp-json\/wp\/v2\/categories?post=2052"},{"taxonomy":"ville","embeddable":true,"href":"https:\/\/seinesaintdenis.fr\/actualite\/wp-json\/wp\/v2\/ville?post=2052"}],"curies":[{"name":"wp","href":"https:\/\/api.w.org\/{rel}","templated":true}]}}