{"id":19097,"date":"2024-09-25T16:04:52","date_gmt":"2024-09-25T14:04:52","guid":{"rendered":"https:\/\/seinesaintdenis.fr\/actualite\/?p=19097"},"modified":"2024-09-25T16:04:52","modified_gmt":"2024-09-25T14:04:52","slug":"Nage-ta-Seine-un-evenement-inedit-en-Seine-Saint-Denis","status":"publish","type":"post","link":"https:\/\/seinesaintdenis.fr\/actualite\/sport-loisirs\/Nage-ta-Seine-un-evenement-inedit-en-Seine-Saint-Denis\/","title":{"rendered":"Nage ta Seine, un \u00e9v\u00e8nement in\u00e9dit en Seine-Saint-Denis"},"content":{"rendered":"","protected":false},"excerpt":{"rendered":"","protected":false},"author":19,"featured_media":19100,"comment_status":"open","ping_status":"open","sticky":false,"template":"","format":"standard","meta":{"_acf_changed":false,"footnotes":""},"categories":[1,10],"ville":[73],"class_list":["post-19097","post","type-post","status-publish","format-standard","has-post-thumbnail","hentry","category-Sport","category-sport-loisirs"],"acf":[],"yoast_head":"<!-- This site is optimized with the Yoast SEO plugin v27.5 - https:\/\/yoast.com\/product\/yoast-seo-wordpress\/ -->\n<title>Nage ta Seine, un \u00e9v\u00e8nement in\u00e9dit en Seine-Saint-Denis - Seine-Saint-Denis - L&#039;actualit\u00e9 du d\u00e9partement<\/title>\n<meta name=\"description\" content=\"200 personnes ont rejoint le parc de l\u2019\u00cele-Saint-Denis le 22 septembre pour plonger dans la Seine\u00a0! En vid\u00e9o, retour sur la premi\u00e8re \u00e9dition de Nage ta Seine, une course de nage en eau libre impuls\u00e9e par la FSGT 93.\" \/>\n<meta name=\"robots\" content=\"index, follow, max-snippet:-1, max-image-preview:large, max-video-preview:-1\" \/>\n<link rel=\"canonical\" href=\"https:\/\/seinesaintdenis.fr\/actualite\/sport-loisirs\/Nage-ta-Seine-un-evenement-inedit-en-Seine-Saint-Denis\/\" \/>\n<meta property=\"og:locale\" content=\"fr_FR\" \/>\n<meta property=\"og:type\" content=\"article\" \/>\n<meta property=\"og:title\" content=\"Nage ta Seine, un \u00e9v\u00e8nement in\u00e9dit en Seine-Saint-Denis - Seine-Saint-Denis - L&#039;actualit\u00e9 du d\u00e9partement\" \/>\n<meta property=\"og:description\" content=\"200 personnes ont rejoint le parc de l\u2019\u00cele-Saint-Denis le 22 septembre pour plonger dans la Seine\u00a0! En vid\u00e9o, retour sur la premi\u00e8re \u00e9dition de Nage ta Seine, une course de nage en eau libre impuls\u00e9e par la FSGT 93.\" \/>\n<meta property=\"og:url\" content=\"https:\/\/seinesaintdenis.fr\/actualite\/sport-loisirs\/Nage-ta-Seine-un-evenement-inedit-en-Seine-Saint-Denis\/\" \/>\n<meta property=\"og:site_name\" content=\"Seine-Saint-Denis - L&#039;actualit\u00e9 du d\u00e9partement\" \/>\n<meta property=\"article:publisher\" content=\"https:\/\/www.facebook.com\/seinesaintdenisledepartement\" \/>\n<meta property=\"article:published_time\" content=\"2024-09-25T14:04:52+00:00\" \/>\n<meta property=\"og:image\" content=\"https:\/\/seinesaintdenis.fr\/actualite\/wp-content\/uploads\/2024\/09\/actu-nage-ta-seine.jpg\" \/>\n\t<meta property=\"og:image:width\" content=\"1090\" \/>\n\t<meta property=\"og:image:height\" content=\"560\" \/>\n\t<meta property=\"og:image:type\" content=\"image\/jpeg\" \/>\n<meta name=\"author\" content=\"Houda Elmir\" \/>\n<meta name=\"twitter:card\" content=\"summary_large_image\" \/>\n<meta name=\"twitter:creator\" content=\"@seinesaintdenis\" \/>\n<meta name=\"twitter:site\" content=\"@seinesaintdenis\" \/>\n<meta name=\"twitter:label1\" content=\"\u00c9crit par\" \/>\n\t<meta name=\"twitter:data1\" content=\"Houda Elmir\" \/>\n\t<meta name=\"twitter:label2\" content=\"Dur\u00e9e de lecture estim\u00e9e\" \/>\n\t<meta name=\"twitter:data2\" content=\"1 minute\" \/>\n<script type=\"application\/ld+json\" class=\"yoast-schema-graph\">{\"@context\":\"https:\\\/\\\/schema.org\",\"@graph\":[{\"@type\":\"Article\",\"@id\":\"https:\\\/\\\/seinesaintdenis.fr\\\/actualite\\\/sport-loisirs\\\/Nage-ta-Seine-un-evenement-inedit-en-Seine-Saint-Denis\\\/#article\",\"isPartOf\":{\"@id\":\"https:\\\/\\\/seinesaintdenis.fr\\\/actualite\\\/sport-loisirs\\\/Nage-ta-Seine-un-evenement-inedit-en-Seine-Saint-Denis\\\/\"},\"author\":{\"name\":\"Houda Elmir\",\"@id\":\"https:\\\/\\\/seinesaintdenis.fr\\\/actualite\\\/#\\\/schema\\\/person\\\/54c0ee281863a616a82de0db3ad0d016\"},\"headline\":\"Nage ta Seine, un \u00e9v\u00e8nement in\u00e9dit en Seine-Saint-Denis\",\"datePublished\":\"2024-09-25T14:04:52+00:00\",\"mainEntityOfPage\":{\"@id\":\"https:\\\/\\\/seinesaintdenis.fr\\\/actualite\\\/sport-loisirs\\\/Nage-ta-Seine-un-evenement-inedit-en-Seine-Saint-Denis\\\/\"},\"wordCount\":10,\"commentCount\":0,\"publisher\":{\"@id\":\"https:\\\/\\\/seinesaintdenis.fr\\\/actualite\\\/#organization\"},\"image\":{\"@id\":\"https:\\\/\\\/seinesaintdenis.fr\\\/actualite\\\/sport-loisirs\\\/Nage-ta-Seine-un-evenement-inedit-en-Seine-Saint-Denis\\\/#primaryimage\"},\"thumbnailUrl\":\"https:\\\/\\\/seinesaintdenis.fr\\\/actualite\\\/wp-content\\\/uploads\\\/2024\\\/09\\\/actu-nage-ta-seine.jpg\",\"articleSection\":[\"Sport\",\"Sport &amp; Loisirs\"],\"inLanguage\":\"fr-FR\",\"potentialAction\":[{\"@type\":\"CommentAction\",\"name\":\"Comment\",\"target\":[\"https:\\\/\\\/seinesaintdenis.fr\\\/actualite\\\/sport-loisirs\\\/Nage-ta-Seine-un-evenement-inedit-en-Seine-Saint-Denis\\\/#respond\"]}]},{\"@type\":\"WebPage\",\"@id\":\"https:\\\/\\\/seinesaintdenis.fr\\\/actualite\\\/sport-loisirs\\\/Nage-ta-Seine-un-evenement-inedit-en-Seine-Saint-Denis\\\/\",\"url\":\"https:\\\/\\\/seinesaintdenis.fr\\\/actualite\\\/sport-loisirs\\\/Nage-ta-Seine-un-evenement-inedit-en-Seine-Saint-Denis\\\/\",\"name\":\"Nage ta Seine, un \u00e9v\u00e8nement in\u00e9dit en Seine-Saint-Denis - Seine-Saint-Denis - L&#039;actualit\u00e9 du d\u00e9partement\",\"isPartOf\":{\"@id\":\"https:\\\/\\\/seinesaintdenis.fr\\\/actualite\\\/#website\"},\"primaryImageOfPage\":{\"@id\":\"https:\\\/\\\/seinesaintdenis.fr\\\/actualite\\\/sport-loisirs\\\/Nage-ta-Seine-un-evenement-inedit-en-Seine-Saint-Denis\\\/#primaryimage\"},\"image\":{\"@id\":\"https:\\\/\\\/seinesaintdenis.fr\\\/actualite\\\/sport-loisirs\\\/Nage-ta-Seine-un-evenement-inedit-en-Seine-Saint-Denis\\\/#primaryimage\"},\"thumbnailUrl\":\"https:\\\/\\\/seinesaintdenis.fr\\\/actualite\\\/wp-content\\\/uploads\\\/2024\\\/09\\\/actu-nage-ta-seine.jpg\",\"datePublished\":\"2024-09-25T14:04:52+00:00\",\"description\":\"200 personnes ont rejoint le parc de l\u2019\u00cele-Saint-Denis le 22 septembre pour plonger dans la Seine\u00a0! En vid\u00e9o, retour sur la premi\u00e8re \u00e9dition de Nage ta Seine, une course de nage en eau libre impuls\u00e9e par la FSGT 93.\",\"breadcrumb\":{\"@id\":\"https:\\\/\\\/seinesaintdenis.fr\\\/actualite\\\/sport-loisirs\\\/Nage-ta-Seine-un-evenement-inedit-en-Seine-Saint-Denis\\\/#breadcrumb\"},\"inLanguage\":\"fr-FR\",\"potentialAction\":[{\"@type\":\"ReadAction\",\"target\":[\"https:\\\/\\\/seinesaintdenis.fr\\\/actualite\\\/sport-loisirs\\\/Nage-ta-Seine-un-evenement-inedit-en-Seine-Saint-Denis\\\/\"]}]},{\"@type\":\"ImageObject\",\"inLanguage\":\"fr-FR\",\"@id\":\"https:\\\/\\\/seinesaintdenis.fr\\\/actualite\\\/sport-loisirs\\\/Nage-ta-Seine-un-evenement-inedit-en-Seine-Saint-Denis\\\/#primaryimage\",\"url\":\"https:\\\/\\\/seinesaintdenis.fr\\\/actualite\\\/wp-content\\\/uploads\\\/2024\\\/09\\\/actu-nage-ta-seine.jpg\",\"contentUrl\":\"https:\\\/\\\/seinesaintdenis.fr\\\/actualite\\\/wp-content\\\/uploads\\\/2024\\\/09\\\/actu-nage-ta-seine.jpg\",\"width\":1090,\"height\":560,\"caption\":\"nage-ta-seine-\"},{\"@type\":\"BreadcrumbList\",\"@id\":\"https:\\\/\\\/seinesaintdenis.fr\\\/actualite\\\/sport-loisirs\\\/Nage-ta-Seine-un-evenement-inedit-en-Seine-Saint-Denis\\\/#breadcrumb\",\"itemListElement\":[{\"@type\":\"ListItem\",\"position\":1,\"name\":\"Accueil\",\"item\":\"https:\\\/\\\/seinesaintdenis.fr\\\/actualite\\\/\"},{\"@type\":\"ListItem\",\"position\":2,\"name\":\"Sport &amp; Loisirs\",\"item\":\"https:\\\/\\\/seinesaintdenis.fr\\\/actualite\\\/sport-loisirs\\\/\"},{\"@type\":\"ListItem\",\"position\":3,\"name\":\"Nage ta Seine, un \u00e9v\u00e8nement in\u00e9dit en Seine-Saint-Denis\"}]},{\"@type\":\"WebSite\",\"@id\":\"https:\\\/\\\/seinesaintdenis.fr\\\/actualite\\\/#website\",\"url\":\"https:\\\/\\\/seinesaintdenis.fr\\\/actualite\\\/\",\"name\":\"Seine-Saint-Denis - L'actualit\u00e9 du d\u00e9partement\",\"description\":\"L&#039;actualit\u00e9 du D\u00e9partement de la Seine-Saint-Denis\",\"publisher\":{\"@id\":\"https:\\\/\\\/seinesaintdenis.fr\\\/actualite\\\/#organization\"},\"potentialAction\":[{\"@type\":\"SearchAction\",\"target\":{\"@type\":\"EntryPoint\",\"urlTemplate\":\"https:\\\/\\\/seinesaintdenis.fr\\\/actualite\\\/?s={search_term_string}\"},\"query-input\":{\"@type\":\"PropertyValueSpecification\",\"valueRequired\":true,\"valueName\":\"search_term_string\"}}],\"inLanguage\":\"fr-FR\"},{\"@type\":\"Organization\",\"@id\":\"https:\\\/\\\/seinesaintdenis.fr\\\/actualite\\\/#organization\",\"name\":\"Seine-Saint-Denis - Le D\u00e9partement\",\"url\":\"https:\\\/\\\/seinesaintdenis.fr\\\/actualite\\\/\",\"logo\":{\"@type\":\"ImageObject\",\"inLanguage\":\"fr-FR\",\"@id\":\"https:\\\/\\\/seinesaintdenis.fr\\\/actualite\\\/#\\\/schema\\\/logo\\\/image\\\/\",\"url\":\"https:\\\/\\\/seinesaintdenis.fr\\\/actualite\\\/wp-content\\\/uploads\\\/2024\\\/08\\\/logo.png\",\"contentUrl\":\"https:\\\/\\\/seinesaintdenis.fr\\\/actualite\\\/wp-content\\\/uploads\\\/2024\\\/08\\\/logo.png\",\"width\":567,\"height\":172,\"caption\":\"Seine-Saint-Denis - Le D\u00e9partement\"},\"image\":{\"@id\":\"https:\\\/\\\/seinesaintdenis.fr\\\/actualite\\\/#\\\/schema\\\/logo\\\/image\\\/\"},\"sameAs\":[\"https:\\\/\\\/www.facebook.com\\\/seinesaintdenisledepartement\",\"https:\\\/\\\/x.com\\\/seinesaintdenis\",\"https:\\\/\\\/www.linkedin.com\\\/company\\\/seinesaintdenis\",\"https:\\\/\\\/www.instagram.com\\\/seine_saint_denis\\\/\",\"https:\\\/\\\/www.youtube.com\\\/channel\\\/UCR5YF9NnqiLCbnrKQgLUcIw\"]},{\"@type\":\"Person\",\"@id\":\"https:\\\/\\\/seinesaintdenis.fr\\\/actualite\\\/#\\\/schema\\\/person\\\/54c0ee281863a616a82de0db3ad0d016\",\"name\":\"Houda Elmir\",\"image\":{\"@type\":\"ImageObject\",\"inLanguage\":\"fr-FR\",\"@id\":\"https:\\\/\\\/secure.gravatar.com\\\/avatar\\\/e94ffabae3b9ce1fa19e7be2642bb76b2964eded19adcc2753477b329457c4b0?s=96&d=mm&r=g\",\"url\":\"https:\\\/\\\/secure.gravatar.com\\\/avatar\\\/e94ffabae3b9ce1fa19e7be2642bb76b2964eded19adcc2753477b329457c4b0?s=96&d=mm&r=g\",\"contentUrl\":\"https:\\\/\\\/secure.gravatar.com\\\/avatar\\\/e94ffabae3b9ce1fa19e7be2642bb76b2964eded19adcc2753477b329457c4b0?s=96&d=mm&r=g\",\"caption\":\"Houda Elmir\"},\"url\":\"https:\\\/\\\/seinesaintdenis.fr\\\/actualite\\\/author\\\/helmir\\\/\"}]}<\/script>\n<!-- \/ Yoast SEO plugin. -->","yoast_head_json":{"title":"Nage ta Seine, un \u00e9v\u00e8nement in\u00e9dit en Seine-Saint-Denis - Seine-Saint-Denis - L&#039;actualit\u00e9 du d\u00e9partement","description":"200 personnes ont rejoint le parc de l\u2019\u00cele-Saint-Denis le 22 septembre pour plonger dans la Seine\u00a0! En vid\u00e9o, retour sur la premi\u00e8re \u00e9dition de Nage ta Seine, une course de nage en eau libre impuls\u00e9e par la FSGT 93.","robots":{"index":"index","follow":"follow","max-snippet":"max-snippet:-1","max-image-preview":"max-image-preview:large","max-video-preview":"max-video-preview:-1"},"canonical":"https:\/\/seinesaintdenis.fr\/actualite\/sport-loisirs\/Nage-ta-Seine-un-evenement-inedit-en-Seine-Saint-Denis\/","og_locale":"fr_FR","og_type":"article","og_title":"Nage ta Seine, un \u00e9v\u00e8nement in\u00e9dit en Seine-Saint-Denis - Seine-Saint-Denis - L&#039;actualit\u00e9 du d\u00e9partement","og_description":"200 personnes ont rejoint le parc de l\u2019\u00cele-Saint-Denis le 22 septembre pour plonger dans la Seine\u00a0! En vid\u00e9o, retour sur la premi\u00e8re \u00e9dition de Nage ta Seine, une course de nage en eau libre impuls\u00e9e par la FSGT 93.","og_url":"https:\/\/seinesaintdenis.fr\/actualite\/sport-loisirs\/Nage-ta-Seine-un-evenement-inedit-en-Seine-Saint-Denis\/","og_site_name":"Seine-Saint-Denis - L&#039;actualit\u00e9 du d\u00e9partement","article_publisher":"https:\/\/www.facebook.com\/seinesaintdenisledepartement","article_published_time":"2024-09-25T14:04:52+00:00","og_image":[{"width":1090,"height":560,"url":"https:\/\/seinesaintdenis.fr\/actualite\/wp-content\/uploads\/2024\/09\/actu-nage-ta-seine.jpg","type":"image\/jpeg"}],"author":"Houda Elmir","twitter_card":"summary_large_image","twitter_creator":"@seinesaintdenis","twitter_site":"@seinesaintdenis","twitter_misc":{"\u00c9crit par":"Houda Elmir","Dur\u00e9e de lecture estim\u00e9e":"1 minute"},"schema":{"@context":"https:\/\/schema.org","@graph":[{"@type":"Article","@id":"https:\/\/seinesaintdenis.fr\/actualite\/sport-loisirs\/Nage-ta-Seine-un-evenement-inedit-en-Seine-Saint-Denis\/#article","isPartOf":{"@id":"https:\/\/seinesaintdenis.fr\/actualite\/sport-loisirs\/Nage-ta-Seine-un-evenement-inedit-en-Seine-Saint-Denis\/"},"author":{"name":"Houda Elmir","@id":"https:\/\/seinesaintdenis.fr\/actualite\/#\/schema\/person\/54c0ee281863a616a82de0db3ad0d016"},"headline":"Nage ta Seine, un \u00e9v\u00e8nement in\u00e9dit en Seine-Saint-Denis","datePublished":"2024-09-25T14:04:52+00:00","mainEntityOfPage":{"@id":"https:\/\/seinesaintdenis.fr\/actualite\/sport-loisirs\/Nage-ta-Seine-un-evenement-inedit-en-Seine-Saint-Denis\/"},"wordCount":10,"commentCount":0,"publisher":{"@id":"https:\/\/seinesaintdenis.fr\/actualite\/#organization"},"image":{"@id":"https:\/\/seinesaintdenis.fr\/actualite\/sport-loisirs\/Nage-ta-Seine-un-evenement-inedit-en-Seine-Saint-Denis\/#primaryimage"},"thumbnailUrl":"https:\/\/seinesaintdenis.fr\/actualite\/wp-content\/uploads\/2024\/09\/actu-nage-ta-seine.jpg","articleSection":["Sport","Sport &amp; Loisirs"],"inLanguage":"fr-FR","potentialAction":[{"@type":"CommentAction","name":"Comment","target":["https:\/\/seinesaintdenis.fr\/actualite\/sport-loisirs\/Nage-ta-Seine-un-evenement-inedit-en-Seine-Saint-Denis\/#respond"]}]},{"@type":"WebPage","@id":"https:\/\/seinesaintdenis.fr\/actualite\/sport-loisirs\/Nage-ta-Seine-un-evenement-inedit-en-Seine-Saint-Denis\/","url":"https:\/\/seinesaintdenis.fr\/actualite\/sport-loisirs\/Nage-ta-Seine-un-evenement-inedit-en-Seine-Saint-Denis\/","name":"Nage ta Seine, un \u00e9v\u00e8nement in\u00e9dit en Seine-Saint-Denis - Seine-Saint-Denis - L&#039;actualit\u00e9 du d\u00e9partement","isPartOf":{"@id":"https:\/\/seinesaintdenis.fr\/actualite\/#website"},"primaryImageOfPage":{"@id":"https:\/\/seinesaintdenis.fr\/actualite\/sport-loisirs\/Nage-ta-Seine-un-evenement-inedit-en-Seine-Saint-Denis\/#primaryimage"},"image":{"@id":"https:\/\/seinesaintdenis.fr\/actualite\/sport-loisirs\/Nage-ta-Seine-un-evenement-inedit-en-Seine-Saint-Denis\/#primaryimage"},"thumbnailUrl":"https:\/\/seinesaintdenis.fr\/actualite\/wp-content\/uploads\/2024\/09\/actu-nage-ta-seine.jpg","datePublished":"2024-09-25T14:04:52+00:00","description":"200 personnes ont rejoint le parc de l\u2019\u00cele-Saint-Denis le 22 septembre pour plonger dans la Seine\u00a0! En vid\u00e9o, retour sur la premi\u00e8re \u00e9dition de Nage ta Seine, une course de nage en eau libre impuls\u00e9e par la FSGT 93.","breadcrumb":{"@id":"https:\/\/seinesaintdenis.fr\/actualite\/sport-loisirs\/Nage-ta-Seine-un-evenement-inedit-en-Seine-Saint-Denis\/#breadcrumb"},"inLanguage":"fr-FR","potentialAction":[{"@type":"ReadAction","target":["https:\/\/seinesaintdenis.fr\/actualite\/sport-loisirs\/Nage-ta-Seine-un-evenement-inedit-en-Seine-Saint-Denis\/"]}]},{"@type":"ImageObject","inLanguage":"fr-FR","@id":"https:\/\/seinesaintdenis.fr\/actualite\/sport-loisirs\/Nage-ta-Seine-un-evenement-inedit-en-Seine-Saint-Denis\/#primaryimage","url":"https:\/\/seinesaintdenis.fr\/actualite\/wp-content\/uploads\/2024\/09\/actu-nage-ta-seine.jpg","contentUrl":"https:\/\/seinesaintdenis.fr\/actualite\/wp-content\/uploads\/2024\/09\/actu-nage-ta-seine.jpg","width":1090,"height":560,"caption":"nage-ta-seine-"},{"@type":"BreadcrumbList","@id":"https:\/\/seinesaintdenis.fr\/actualite\/sport-loisirs\/Nage-ta-Seine-un-evenement-inedit-en-Seine-Saint-Denis\/#breadcrumb","itemListElement":[{"@type":"ListItem","position":1,"name":"Accueil","item":"https:\/\/seinesaintdenis.fr\/actualite\/"},{"@type":"ListItem","position":2,"name":"Sport &amp; Loisirs","item":"https:\/\/seinesaintdenis.fr\/actualite\/sport-loisirs\/"},{"@type":"ListItem","position":3,"name":"Nage ta Seine, un \u00e9v\u00e8nement in\u00e9dit en Seine-Saint-Denis"}]},{"@type":"WebSite","@id":"https:\/\/seinesaintdenis.fr\/actualite\/#website","url":"https:\/\/seinesaintdenis.fr\/actualite\/","name":"Seine-Saint-Denis - L'actualit\u00e9 du d\u00e9partement","description":"L&#039;actualit\u00e9 du D\u00e9partement de la Seine-Saint-Denis","publisher":{"@id":"https:\/\/seinesaintdenis.fr\/actualite\/#organization"},"potentialAction":[{"@type":"SearchAction","target":{"@type":"EntryPoint","urlTemplate":"https:\/\/seinesaintdenis.fr\/actualite\/?s={search_term_string}"},"query-input":{"@type":"PropertyValueSpecification","valueRequired":true,"valueName":"search_term_string"}}],"inLanguage":"fr-FR"},{"@type":"Organization","@id":"https:\/\/seinesaintdenis.fr\/actualite\/#organization","name":"Seine-Saint-Denis - Le D\u00e9partement","url":"https:\/\/seinesaintdenis.fr\/actualite\/","logo":{"@type":"ImageObject","inLanguage":"fr-FR","@id":"https:\/\/seinesaintdenis.fr\/actualite\/#\/schema\/logo\/image\/","url":"https:\/\/seinesaintdenis.fr\/actualite\/wp-content\/uploads\/2024\/08\/logo.png","contentUrl":"https:\/\/seinesaintdenis.fr\/actualite\/wp-content\/uploads\/2024\/08\/logo.png","width":567,"height":172,"caption":"Seine-Saint-Denis - Le D\u00e9partement"},"image":{"@id":"https:\/\/seinesaintdenis.fr\/actualite\/#\/schema\/logo\/image\/"},"sameAs":["https:\/\/www.facebook.com\/seinesaintdenisledepartement","https:\/\/x.com\/seinesaintdenis","https:\/\/www.linkedin.com\/company\/seinesaintdenis","https:\/\/www.instagram.com\/seine_saint_denis\/","https:\/\/www.youtube.com\/channel\/UCR5YF9NnqiLCbnrKQgLUcIw"]},{"@type":"Person","@id":"https:\/\/seinesaintdenis.fr\/actualite\/#\/schema\/person\/54c0ee281863a616a82de0db3ad0d016","name":"Houda Elmir","image":{"@type":"ImageObject","inLanguage":"fr-FR","@id":"https:\/\/secure.gravatar.com\/avatar\/e94ffabae3b9ce1fa19e7be2642bb76b2964eded19adcc2753477b329457c4b0?s=96&d=mm&r=g","url":"https:\/\/secure.gravatar.com\/avatar\/e94ffabae3b9ce1fa19e7be2642bb76b2964eded19adcc2753477b329457c4b0?s=96&d=mm&r=g","contentUrl":"https:\/\/secure.gravatar.com\/avatar\/e94ffabae3b9ce1fa19e7be2642bb76b2964eded19adcc2753477b329457c4b0?s=96&d=mm&r=g","caption":"Houda Elmir"},"url":"https:\/\/seinesaintdenis.fr\/actualite\/author\/helmir\/"}]}},"_links":{"self":[{"href":"https:\/\/seinesaintdenis.fr\/actualite\/wp-json\/wp\/v2\/posts\/19097","targetHints":{"allow":["GET"]}}],"collection":[{"href":"https:\/\/seinesaintdenis.fr\/actualite\/wp-json\/wp\/v2\/posts"}],"about":[{"href":"https:\/\/seinesaintdenis.fr\/actualite\/wp-json\/wp\/v2\/types\/post"}],"author":[{"embeddable":true,"href":"https:\/\/seinesaintdenis.fr\/actualite\/wp-json\/wp\/v2\/users\/19"}],"replies":[{"embeddable":true,"href":"https:\/\/seinesaintdenis.fr\/actualite\/wp-json\/wp\/v2\/comments?post=19097"}],"version-history":[{"count":3,"href":"https:\/\/seinesaintdenis.fr\/actualite\/wp-json\/wp\/v2\/posts\/19097\/revisions"}],"predecessor-version":[{"id":19101,"href":"https:\/\/seinesaintdenis.fr\/actualite\/wp-json\/wp\/v2\/posts\/19097\/revisions\/19101"}],"wp:featuredmedia":[{"embeddable":true,"href":"https:\/\/seinesaintdenis.fr\/actualite\/wp-json\/wp\/v2\/media\/19100"}],"wp:attachment":[{"href":"https:\/\/seinesaintdenis.fr\/actualite\/wp-json\/wp\/v2\/media?parent=19097"}],"wp:term":[{"taxonomy":"category","embeddable":true,"href":"https:\/\/seinesaintdenis.fr\/actualite\/wp-json\/wp\/v2\/categories?post=19097"},{"taxonomy":"ville","embeddable":true,"href":"https:\/\/seinesaintdenis.fr\/actualite\/wp-json\/wp\/v2\/ville?post=19097"}],"curies":[{"name":"wp","href":"https:\/\/api.w.org\/{rel}","templated":true}]}}