{"id":18347,"date":"2024-08-28T17:15:49","date_gmt":"2024-08-28T15:15:49","guid":{"rendered":"https:\/\/seinesaintdenis.fr\/actualite\/?p=18347"},"modified":"2024-08-28T17:27:35","modified_gmt":"2024-08-28T15:27:35","slug":"On-vous-explique-les-innovations-de-la-rentree","status":"publish","type":"post","link":"https:\/\/seinesaintdenis.fr\/actualite\/jeunesse-education\/Colleges\/On-vous-explique-les-innovations-de-la-rentree\/","title":{"rendered":"On vous explique les innovations de la rentr\u00e9e !"},"content":{"rendered":"","protected":false},"excerpt":{"rendered":"","protected":false},"author":10,"featured_media":18380,"comment_status":"open","ping_status":"open","sticky":false,"template":"","format":"standard","meta":{"_acf_changed":false,"footnotes":""},"categories":[100],"ville":[],"class_list":["post-18347","post","type-post","status-publish","format-standard","has-post-thumbnail","hentry","category-Colleges"],"acf":[],"yoast_head":"<!-- This site is optimized with the Yoast SEO plugin v27.5 - https:\/\/yoast.com\/product\/yoast-seo-wordpress\/ -->\n<title>On vous explique les innovations de la rentr\u00e9e ! - Seine-Saint-Denis - L&#039;actualit\u00e9 du d\u00e9partement<\/title>\n<meta name=\"description\" content=\"\u00c0 compter de septembre, une exp\u00e9rimentation est lanc\u00e9e dans 10 coll\u00e8ges de Seine-Saint-Denis. Le point sur toutes les options, toutes les fili\u00e8res d\u2019excellence\u2026\" \/>\n<meta name=\"robots\" content=\"index, follow, max-snippet:-1, max-image-preview:large, max-video-preview:-1\" \/>\n<link rel=\"canonical\" href=\"https:\/\/seinesaintdenis.fr\/actualite\/jeunesse-education\/Colleges\/On-vous-explique-les-innovations-de-la-rentree\/\" \/>\n<meta property=\"og:locale\" content=\"fr_FR\" \/>\n<meta property=\"og:type\" content=\"article\" \/>\n<meta property=\"og:title\" content=\"On vous explique les innovations de la rentr\u00e9e ! - Seine-Saint-Denis - L&#039;actualit\u00e9 du d\u00e9partement\" \/>\n<meta property=\"og:description\" content=\"\u00c0 compter de septembre, une exp\u00e9rimentation est lanc\u00e9e dans 10 coll\u00e8ges de Seine-Saint-Denis. Le point sur toutes les options, toutes les fili\u00e8res d\u2019excellence\u2026\" \/>\n<meta property=\"og:url\" content=\"https:\/\/seinesaintdenis.fr\/actualite\/jeunesse-education\/Colleges\/On-vous-explique-les-innovations-de-la-rentree\/\" \/>\n<meta property=\"og:site_name\" content=\"Seine-Saint-Denis - L&#039;actualit\u00e9 du d\u00e9partement\" \/>\n<meta property=\"article:publisher\" content=\"https:\/\/www.facebook.com\/seinesaintdenisledepartement\" \/>\n<meta property=\"article:published_time\" content=\"2024-08-28T15:15:49+00:00\" \/>\n<meta property=\"article:modified_time\" content=\"2024-08-28T15:27:35+00:00\" \/>\n<meta property=\"og:image\" content=\"https:\/\/seinesaintdenis.fr\/actualite\/wp-content\/uploads\/2024\/08\/9c-qunp0-2-scaled-e1724845355979.jpeg\" \/>\n\t<meta property=\"og:image:width\" content=\"1706\" \/>\n\t<meta property=\"og:image:height\" content=\"878\" \/>\n\t<meta property=\"og:image:type\" content=\"image\/jpeg\" \/>\n<meta name=\"author\" content=\"Isabelle Lopez\" \/>\n<meta name=\"twitter:card\" content=\"summary_large_image\" \/>\n<meta name=\"twitter:creator\" content=\"@seinesaintdenis\" \/>\n<meta name=\"twitter:site\" content=\"@seinesaintdenis\" \/>\n<meta name=\"twitter:label1\" content=\"\u00c9crit par\" \/>\n\t<meta name=\"twitter:data1\" content=\"Isabelle Lopez\" \/>\n\t<meta name=\"twitter:label2\" content=\"Dur\u00e9e de lecture estim\u00e9e\" \/>\n\t<meta name=\"twitter:data2\" content=\"1 minute\" \/>\n<script type=\"application\/ld+json\" class=\"yoast-schema-graph\">{\"@context\":\"https:\\\/\\\/schema.org\",\"@graph\":[{\"@type\":\"Article\",\"@id\":\"https:\\\/\\\/seinesaintdenis.fr\\\/actualite\\\/jeunesse-education\\\/Colleges\\\/On-vous-explique-les-innovations-de-la-rentree\\\/#article\",\"isPartOf\":{\"@id\":\"https:\\\/\\\/seinesaintdenis.fr\\\/actualite\\\/jeunesse-education\\\/Colleges\\\/On-vous-explique-les-innovations-de-la-rentree\\\/\"},\"author\":{\"name\":\"Isabelle Lopez\",\"@id\":\"https:\\\/\\\/seinesaintdenis.fr\\\/actualite\\\/#\\\/schema\\\/person\\\/224e08118524135442dd50ad680a40b5\"},\"headline\":\"On vous explique les innovations de la rentr\u00e9e !\",\"datePublished\":\"2024-08-28T15:15:49+00:00\",\"dateModified\":\"2024-08-28T15:27:35+00:00\",\"mainEntityOfPage\":{\"@id\":\"https:\\\/\\\/seinesaintdenis.fr\\\/actualite\\\/jeunesse-education\\\/Colleges\\\/On-vous-explique-les-innovations-de-la-rentree\\\/\"},\"wordCount\":9,\"commentCount\":0,\"publisher\":{\"@id\":\"https:\\\/\\\/seinesaintdenis.fr\\\/actualite\\\/#organization\"},\"image\":{\"@id\":\"https:\\\/\\\/seinesaintdenis.fr\\\/actualite\\\/jeunesse-education\\\/Colleges\\\/On-vous-explique-les-innovations-de-la-rentree\\\/#primaryimage\"},\"thumbnailUrl\":\"https:\\\/\\\/seinesaintdenis.fr\\\/actualite\\\/wp-content\\\/uploads\\\/2024\\\/08\\\/9c-qunp0-2-scaled-e1724845355979.jpeg\",\"articleSection\":[\"Coll\u00e8ges\"],\"inLanguage\":\"fr-FR\",\"potentialAction\":[{\"@type\":\"CommentAction\",\"name\":\"Comment\",\"target\":[\"https:\\\/\\\/seinesaintdenis.fr\\\/actualite\\\/jeunesse-education\\\/Colleges\\\/On-vous-explique-les-innovations-de-la-rentree\\\/#respond\"]}]},{\"@type\":\"WebPage\",\"@id\":\"https:\\\/\\\/seinesaintdenis.fr\\\/actualite\\\/jeunesse-education\\\/Colleges\\\/On-vous-explique-les-innovations-de-la-rentree\\\/\",\"url\":\"https:\\\/\\\/seinesaintdenis.fr\\\/actualite\\\/jeunesse-education\\\/Colleges\\\/On-vous-explique-les-innovations-de-la-rentree\\\/\",\"name\":\"On vous explique les innovations de la rentr\u00e9e ! - Seine-Saint-Denis - L&#039;actualit\u00e9 du d\u00e9partement\",\"isPartOf\":{\"@id\":\"https:\\\/\\\/seinesaintdenis.fr\\\/actualite\\\/#website\"},\"primaryImageOfPage\":{\"@id\":\"https:\\\/\\\/seinesaintdenis.fr\\\/actualite\\\/jeunesse-education\\\/Colleges\\\/On-vous-explique-les-innovations-de-la-rentree\\\/#primaryimage\"},\"image\":{\"@id\":\"https:\\\/\\\/seinesaintdenis.fr\\\/actualite\\\/jeunesse-education\\\/Colleges\\\/On-vous-explique-les-innovations-de-la-rentree\\\/#primaryimage\"},\"thumbnailUrl\":\"https:\\\/\\\/seinesaintdenis.fr\\\/actualite\\\/wp-content\\\/uploads\\\/2024\\\/08\\\/9c-qunp0-2-scaled-e1724845355979.jpeg\",\"datePublished\":\"2024-08-28T15:15:49+00:00\",\"dateModified\":\"2024-08-28T15:27:35+00:00\",\"description\":\"\u00c0 compter de septembre, une exp\u00e9rimentation est lanc\u00e9e dans 10 coll\u00e8ges de Seine-Saint-Denis. Le point sur toutes les options, toutes les fili\u00e8res d\u2019excellence\u2026\",\"breadcrumb\":{\"@id\":\"https:\\\/\\\/seinesaintdenis.fr\\\/actualite\\\/jeunesse-education\\\/Colleges\\\/On-vous-explique-les-innovations-de-la-rentree\\\/#breadcrumb\"},\"inLanguage\":\"fr-FR\",\"potentialAction\":[{\"@type\":\"ReadAction\",\"target\":[\"https:\\\/\\\/seinesaintdenis.fr\\\/actualite\\\/jeunesse-education\\\/Colleges\\\/On-vous-explique-les-innovations-de-la-rentree\\\/\"]}]},{\"@type\":\"ImageObject\",\"inLanguage\":\"fr-FR\",\"@id\":\"https:\\\/\\\/seinesaintdenis.fr\\\/actualite\\\/jeunesse-education\\\/Colleges\\\/On-vous-explique-les-innovations-de-la-rentree\\\/#primaryimage\",\"url\":\"https:\\\/\\\/seinesaintdenis.fr\\\/actualite\\\/wp-content\\\/uploads\\\/2024\\\/08\\\/9c-qunp0-2-scaled-e1724845355979.jpeg\",\"contentUrl\":\"https:\\\/\\\/seinesaintdenis.fr\\\/actualite\\\/wp-content\\\/uploads\\\/2024\\\/08\\\/9c-qunp0-2-scaled-e1724845355979.jpeg\",\"width\":1706,\"height\":878},{\"@type\":\"BreadcrumbList\",\"@id\":\"https:\\\/\\\/seinesaintdenis.fr\\\/actualite\\\/jeunesse-education\\\/Colleges\\\/On-vous-explique-les-innovations-de-la-rentree\\\/#breadcrumb\",\"itemListElement\":[{\"@type\":\"ListItem\",\"position\":1,\"name\":\"Accueil\",\"item\":\"https:\\\/\\\/seinesaintdenis.fr\\\/actualite\\\/\"},{\"@type\":\"ListItem\",\"position\":2,\"name\":\"Jeunesse &amp; \u00c9ducation\",\"item\":\"https:\\\/\\\/seinesaintdenis.fr\\\/actualite\\\/jeunesse-education\\\/\"},{\"@type\":\"ListItem\",\"position\":3,\"name\":\"Coll\u00e8ges\",\"item\":\"https:\\\/\\\/seinesaintdenis.fr\\\/actualite\\\/jeunesse-education\\\/Colleges\\\/\"},{\"@type\":\"ListItem\",\"position\":4,\"name\":\"On vous explique les innovations de la rentr\u00e9e !\"}]},{\"@type\":\"WebSite\",\"@id\":\"https:\\\/\\\/seinesaintdenis.fr\\\/actualite\\\/#website\",\"url\":\"https:\\\/\\\/seinesaintdenis.fr\\\/actualite\\\/\",\"name\":\"Seine-Saint-Denis - L'actualit\u00e9 du d\u00e9partement\",\"description\":\"L&#039;actualit\u00e9 du D\u00e9partement de la Seine-Saint-Denis\",\"publisher\":{\"@id\":\"https:\\\/\\\/seinesaintdenis.fr\\\/actualite\\\/#organization\"},\"potentialAction\":[{\"@type\":\"SearchAction\",\"target\":{\"@type\":\"EntryPoint\",\"urlTemplate\":\"https:\\\/\\\/seinesaintdenis.fr\\\/actualite\\\/?s={search_term_string}\"},\"query-input\":{\"@type\":\"PropertyValueSpecification\",\"valueRequired\":true,\"valueName\":\"search_term_string\"}}],\"inLanguage\":\"fr-FR\"},{\"@type\":\"Organization\",\"@id\":\"https:\\\/\\\/seinesaintdenis.fr\\\/actualite\\\/#organization\",\"name\":\"Seine-Saint-Denis - Le D\u00e9partement\",\"url\":\"https:\\\/\\\/seinesaintdenis.fr\\\/actualite\\\/\",\"logo\":{\"@type\":\"ImageObject\",\"inLanguage\":\"fr-FR\",\"@id\":\"https:\\\/\\\/seinesaintdenis.fr\\\/actualite\\\/#\\\/schema\\\/logo\\\/image\\\/\",\"url\":\"https:\\\/\\\/seinesaintdenis.fr\\\/actualite\\\/wp-content\\\/uploads\\\/2024\\\/08\\\/logo.png\",\"contentUrl\":\"https:\\\/\\\/seinesaintdenis.fr\\\/actualite\\\/wp-content\\\/uploads\\\/2024\\\/08\\\/logo.png\",\"width\":567,\"height\":172,\"caption\":\"Seine-Saint-Denis - Le D\u00e9partement\"},\"image\":{\"@id\":\"https:\\\/\\\/seinesaintdenis.fr\\\/actualite\\\/#\\\/schema\\\/logo\\\/image\\\/\"},\"sameAs\":[\"https:\\\/\\\/www.facebook.com\\\/seinesaintdenisledepartement\",\"https:\\\/\\\/x.com\\\/seinesaintdenis\",\"https:\\\/\\\/www.linkedin.com\\\/company\\\/seinesaintdenis\",\"https:\\\/\\\/www.instagram.com\\\/seine_saint_denis\\\/\",\"https:\\\/\\\/www.youtube.com\\\/channel\\\/UCR5YF9NnqiLCbnrKQgLUcIw\"]},{\"@type\":\"Person\",\"@id\":\"https:\\\/\\\/seinesaintdenis.fr\\\/actualite\\\/#\\\/schema\\\/person\\\/224e08118524135442dd50ad680a40b5\",\"name\":\"Isabelle Lopez\",\"image\":{\"@type\":\"ImageObject\",\"inLanguage\":\"fr-FR\",\"@id\":\"https:\\\/\\\/secure.gravatar.com\\\/avatar\\\/f72540b87bdbdfcf308e47dedb585d725053344b7bb1b1b39825d18f92170575?s=96&d=mm&r=g\",\"url\":\"https:\\\/\\\/secure.gravatar.com\\\/avatar\\\/f72540b87bdbdfcf308e47dedb585d725053344b7bb1b1b39825d18f92170575?s=96&d=mm&r=g\",\"contentUrl\":\"https:\\\/\\\/secure.gravatar.com\\\/avatar\\\/f72540b87bdbdfcf308e47dedb585d725053344b7bb1b1b39825d18f92170575?s=96&d=mm&r=g\",\"caption\":\"Isabelle Lopez\"},\"url\":\"https:\\\/\\\/seinesaintdenis.fr\\\/actualite\\\/author\\\/ilopez\\\/\"}]}<\/script>\n<!-- \/ Yoast SEO plugin. -->","yoast_head_json":{"title":"On vous explique les innovations de la rentr\u00e9e ! - Seine-Saint-Denis - L&#039;actualit\u00e9 du d\u00e9partement","description":"\u00c0 compter de septembre, une exp\u00e9rimentation est lanc\u00e9e dans 10 coll\u00e8ges de Seine-Saint-Denis. Le point sur toutes les options, toutes les fili\u00e8res d\u2019excellence\u2026","robots":{"index":"index","follow":"follow","max-snippet":"max-snippet:-1","max-image-preview":"max-image-preview:large","max-video-preview":"max-video-preview:-1"},"canonical":"https:\/\/seinesaintdenis.fr\/actualite\/jeunesse-education\/Colleges\/On-vous-explique-les-innovations-de-la-rentree\/","og_locale":"fr_FR","og_type":"article","og_title":"On vous explique les innovations de la rentr\u00e9e ! - Seine-Saint-Denis - L&#039;actualit\u00e9 du d\u00e9partement","og_description":"\u00c0 compter de septembre, une exp\u00e9rimentation est lanc\u00e9e dans 10 coll\u00e8ges de Seine-Saint-Denis. Le point sur toutes les options, toutes les fili\u00e8res d\u2019excellence\u2026","og_url":"https:\/\/seinesaintdenis.fr\/actualite\/jeunesse-education\/Colleges\/On-vous-explique-les-innovations-de-la-rentree\/","og_site_name":"Seine-Saint-Denis - L&#039;actualit\u00e9 du d\u00e9partement","article_publisher":"https:\/\/www.facebook.com\/seinesaintdenisledepartement","article_published_time":"2024-08-28T15:15:49+00:00","article_modified_time":"2024-08-28T15:27:35+00:00","og_image":[{"width":1706,"height":878,"url":"https:\/\/seinesaintdenis.fr\/actualite\/wp-content\/uploads\/2024\/08\/9c-qunp0-2-scaled-e1724845355979.jpeg","type":"image\/jpeg"}],"author":"Isabelle Lopez","twitter_card":"summary_large_image","twitter_creator":"@seinesaintdenis","twitter_site":"@seinesaintdenis","twitter_misc":{"\u00c9crit par":"Isabelle Lopez","Dur\u00e9e de lecture estim\u00e9e":"1 minute"},"schema":{"@context":"https:\/\/schema.org","@graph":[{"@type":"Article","@id":"https:\/\/seinesaintdenis.fr\/actualite\/jeunesse-education\/Colleges\/On-vous-explique-les-innovations-de-la-rentree\/#article","isPartOf":{"@id":"https:\/\/seinesaintdenis.fr\/actualite\/jeunesse-education\/Colleges\/On-vous-explique-les-innovations-de-la-rentree\/"},"author":{"name":"Isabelle Lopez","@id":"https:\/\/seinesaintdenis.fr\/actualite\/#\/schema\/person\/224e08118524135442dd50ad680a40b5"},"headline":"On vous explique les innovations de la rentr\u00e9e !","datePublished":"2024-08-28T15:15:49+00:00","dateModified":"2024-08-28T15:27:35+00:00","mainEntityOfPage":{"@id":"https:\/\/seinesaintdenis.fr\/actualite\/jeunesse-education\/Colleges\/On-vous-explique-les-innovations-de-la-rentree\/"},"wordCount":9,"commentCount":0,"publisher":{"@id":"https:\/\/seinesaintdenis.fr\/actualite\/#organization"},"image":{"@id":"https:\/\/seinesaintdenis.fr\/actualite\/jeunesse-education\/Colleges\/On-vous-explique-les-innovations-de-la-rentree\/#primaryimage"},"thumbnailUrl":"https:\/\/seinesaintdenis.fr\/actualite\/wp-content\/uploads\/2024\/08\/9c-qunp0-2-scaled-e1724845355979.jpeg","articleSection":["Coll\u00e8ges"],"inLanguage":"fr-FR","potentialAction":[{"@type":"CommentAction","name":"Comment","target":["https:\/\/seinesaintdenis.fr\/actualite\/jeunesse-education\/Colleges\/On-vous-explique-les-innovations-de-la-rentree\/#respond"]}]},{"@type":"WebPage","@id":"https:\/\/seinesaintdenis.fr\/actualite\/jeunesse-education\/Colleges\/On-vous-explique-les-innovations-de-la-rentree\/","url":"https:\/\/seinesaintdenis.fr\/actualite\/jeunesse-education\/Colleges\/On-vous-explique-les-innovations-de-la-rentree\/","name":"On vous explique les innovations de la rentr\u00e9e ! - Seine-Saint-Denis - L&#039;actualit\u00e9 du d\u00e9partement","isPartOf":{"@id":"https:\/\/seinesaintdenis.fr\/actualite\/#website"},"primaryImageOfPage":{"@id":"https:\/\/seinesaintdenis.fr\/actualite\/jeunesse-education\/Colleges\/On-vous-explique-les-innovations-de-la-rentree\/#primaryimage"},"image":{"@id":"https:\/\/seinesaintdenis.fr\/actualite\/jeunesse-education\/Colleges\/On-vous-explique-les-innovations-de-la-rentree\/#primaryimage"},"thumbnailUrl":"https:\/\/seinesaintdenis.fr\/actualite\/wp-content\/uploads\/2024\/08\/9c-qunp0-2-scaled-e1724845355979.jpeg","datePublished":"2024-08-28T15:15:49+00:00","dateModified":"2024-08-28T15:27:35+00:00","description":"\u00c0 compter de septembre, une exp\u00e9rimentation est lanc\u00e9e dans 10 coll\u00e8ges de Seine-Saint-Denis. Le point sur toutes les options, toutes les fili\u00e8res d\u2019excellence\u2026","breadcrumb":{"@id":"https:\/\/seinesaintdenis.fr\/actualite\/jeunesse-education\/Colleges\/On-vous-explique-les-innovations-de-la-rentree\/#breadcrumb"},"inLanguage":"fr-FR","potentialAction":[{"@type":"ReadAction","target":["https:\/\/seinesaintdenis.fr\/actualite\/jeunesse-education\/Colleges\/On-vous-explique-les-innovations-de-la-rentree\/"]}]},{"@type":"ImageObject","inLanguage":"fr-FR","@id":"https:\/\/seinesaintdenis.fr\/actualite\/jeunesse-education\/Colleges\/On-vous-explique-les-innovations-de-la-rentree\/#primaryimage","url":"https:\/\/seinesaintdenis.fr\/actualite\/wp-content\/uploads\/2024\/08\/9c-qunp0-2-scaled-e1724845355979.jpeg","contentUrl":"https:\/\/seinesaintdenis.fr\/actualite\/wp-content\/uploads\/2024\/08\/9c-qunp0-2-scaled-e1724845355979.jpeg","width":1706,"height":878},{"@type":"BreadcrumbList","@id":"https:\/\/seinesaintdenis.fr\/actualite\/jeunesse-education\/Colleges\/On-vous-explique-les-innovations-de-la-rentree\/#breadcrumb","itemListElement":[{"@type":"ListItem","position":1,"name":"Accueil","item":"https:\/\/seinesaintdenis.fr\/actualite\/"},{"@type":"ListItem","position":2,"name":"Jeunesse &amp; \u00c9ducation","item":"https:\/\/seinesaintdenis.fr\/actualite\/jeunesse-education\/"},{"@type":"ListItem","position":3,"name":"Coll\u00e8ges","item":"https:\/\/seinesaintdenis.fr\/actualite\/jeunesse-education\/Colleges\/"},{"@type":"ListItem","position":4,"name":"On vous explique les innovations de la rentr\u00e9e !"}]},{"@type":"WebSite","@id":"https:\/\/seinesaintdenis.fr\/actualite\/#website","url":"https:\/\/seinesaintdenis.fr\/actualite\/","name":"Seine-Saint-Denis - L'actualit\u00e9 du d\u00e9partement","description":"L&#039;actualit\u00e9 du D\u00e9partement de la Seine-Saint-Denis","publisher":{"@id":"https:\/\/seinesaintdenis.fr\/actualite\/#organization"},"potentialAction":[{"@type":"SearchAction","target":{"@type":"EntryPoint","urlTemplate":"https:\/\/seinesaintdenis.fr\/actualite\/?s={search_term_string}"},"query-input":{"@type":"PropertyValueSpecification","valueRequired":true,"valueName":"search_term_string"}}],"inLanguage":"fr-FR"},{"@type":"Organization","@id":"https:\/\/seinesaintdenis.fr\/actualite\/#organization","name":"Seine-Saint-Denis - Le D\u00e9partement","url":"https:\/\/seinesaintdenis.fr\/actualite\/","logo":{"@type":"ImageObject","inLanguage":"fr-FR","@id":"https:\/\/seinesaintdenis.fr\/actualite\/#\/schema\/logo\/image\/","url":"https:\/\/seinesaintdenis.fr\/actualite\/wp-content\/uploads\/2024\/08\/logo.png","contentUrl":"https:\/\/seinesaintdenis.fr\/actualite\/wp-content\/uploads\/2024\/08\/logo.png","width":567,"height":172,"caption":"Seine-Saint-Denis - Le D\u00e9partement"},"image":{"@id":"https:\/\/seinesaintdenis.fr\/actualite\/#\/schema\/logo\/image\/"},"sameAs":["https:\/\/www.facebook.com\/seinesaintdenisledepartement","https:\/\/x.com\/seinesaintdenis","https:\/\/www.linkedin.com\/company\/seinesaintdenis","https:\/\/www.instagram.com\/seine_saint_denis\/","https:\/\/www.youtube.com\/channel\/UCR5YF9NnqiLCbnrKQgLUcIw"]},{"@type":"Person","@id":"https:\/\/seinesaintdenis.fr\/actualite\/#\/schema\/person\/224e08118524135442dd50ad680a40b5","name":"Isabelle Lopez","image":{"@type":"ImageObject","inLanguage":"fr-FR","@id":"https:\/\/secure.gravatar.com\/avatar\/f72540b87bdbdfcf308e47dedb585d725053344b7bb1b1b39825d18f92170575?s=96&d=mm&r=g","url":"https:\/\/secure.gravatar.com\/avatar\/f72540b87bdbdfcf308e47dedb585d725053344b7bb1b1b39825d18f92170575?s=96&d=mm&r=g","contentUrl":"https:\/\/secure.gravatar.com\/avatar\/f72540b87bdbdfcf308e47dedb585d725053344b7bb1b1b39825d18f92170575?s=96&d=mm&r=g","caption":"Isabelle Lopez"},"url":"https:\/\/seinesaintdenis.fr\/actualite\/author\/ilopez\/"}]}},"_links":{"self":[{"href":"https:\/\/seinesaintdenis.fr\/actualite\/wp-json\/wp\/v2\/posts\/18347","targetHints":{"allow":["GET"]}}],"collection":[{"href":"https:\/\/seinesaintdenis.fr\/actualite\/wp-json\/wp\/v2\/posts"}],"about":[{"href":"https:\/\/seinesaintdenis.fr\/actualite\/wp-json\/wp\/v2\/types\/post"}],"author":[{"embeddable":true,"href":"https:\/\/seinesaintdenis.fr\/actualite\/wp-json\/wp\/v2\/users\/10"}],"replies":[{"embeddable":true,"href":"https:\/\/seinesaintdenis.fr\/actualite\/wp-json\/wp\/v2\/comments?post=18347"}],"version-history":[{"count":7,"href":"https:\/\/seinesaintdenis.fr\/actualite\/wp-json\/wp\/v2\/posts\/18347\/revisions"}],"predecessor-version":[{"id":18401,"href":"https:\/\/seinesaintdenis.fr\/actualite\/wp-json\/wp\/v2\/posts\/18347\/revisions\/18401"}],"wp:featuredmedia":[{"embeddable":true,"href":"https:\/\/seinesaintdenis.fr\/actualite\/wp-json\/wp\/v2\/media\/18380"}],"wp:attachment":[{"href":"https:\/\/seinesaintdenis.fr\/actualite\/wp-json\/wp\/v2\/media?parent=18347"}],"wp:term":[{"taxonomy":"category","embeddable":true,"href":"https:\/\/seinesaintdenis.fr\/actualite\/wp-json\/wp\/v2\/categories?post=18347"},{"taxonomy":"ville","embeddable":true,"href":"https:\/\/seinesaintdenis.fr\/actualite\/wp-json\/wp\/v2\/ville?post=18347"}],"curies":[{"name":"wp","href":"https:\/\/api.w.org\/{rel}","templated":true}]}}