{"id":17359,"date":"2024-06-18T12:19:01","date_gmt":"2024-06-18T10:19:01","guid":{"rendered":"https:\/\/seinesaintdenis.fr\/actualite\/?p=17359"},"modified":"2024-06-18T14:12:59","modified_gmt":"2024-06-18T12:12:59","slug":"Garage-B-nouveau-lieu-de-street-art-en-Seine-Saint-Denis","status":"publish","type":"post","link":"https:\/\/seinesaintdenis.fr\/actualite\/culture-patrimoine\/Garage-B-nouveau-lieu-de-street-art-en-Seine-Saint-Denis\/","title":{"rendered":"Garage B, nouveau lieu de street-art en Seine-Saint-Denis"},"content":{"rendered":"","protected":false},"excerpt":{"rendered":"","protected":false},"author":16,"featured_media":17360,"comment_status":"open","ping_status":"open","sticky":false,"template":"","format":"standard","meta":{"_acf_changed":false,"footnotes":""},"categories":[9],"ville":[62],"class_list":["post-17359","post","type-post","status-publish","format-standard","has-post-thumbnail","hentry","category-culture-patrimoine"],"acf":[],"yoast_head":"<!-- This site is optimized with the Yoast SEO plugin v27.5 - https:\/\/yoast.com\/product\/yoast-seo-wordpress\/ -->\n<title>Garage B, nouveau lieu de street-art en Seine-Saint-Denis - Seine-Saint-Denis - L&#039;actualit\u00e9 du d\u00e9partement<\/title>\n<meta name=\"description\" content=\"Ancien garage d\u00e9partemental de 600m2, le Garage B a accueilli pendant presque deux mois 11 artistes r\u00e9uni\u00b7e\u00b7s par Art Azo\u00ef D\u00e9couvrez en vid\u00e9o ce lieu d&#039;art et de culture anim\u00e9 par le In SSD et port\u00e9 par le plan hip-hop du D\u00e9partement. Visite gratuite sur r\u00e9servation (exploreparis.com) jusqu&#039;\u00e0 fin 2024 !\" \/>\n<meta name=\"robots\" content=\"index, follow, max-snippet:-1, max-image-preview:large, max-video-preview:-1\" \/>\n<link rel=\"canonical\" href=\"https:\/\/seinesaintdenis.fr\/actualite\/culture-patrimoine\/Garage-B-nouveau-lieu-de-street-art-en-Seine-Saint-Denis\/\" \/>\n<meta property=\"og:locale\" content=\"fr_FR\" \/>\n<meta property=\"og:type\" content=\"article\" \/>\n<meta property=\"og:title\" content=\"Garage B, nouveau lieu de street-art en Seine-Saint-Denis - Seine-Saint-Denis - L&#039;actualit\u00e9 du d\u00e9partement\" \/>\n<meta property=\"og:description\" content=\"Ancien garage d\u00e9partemental de 600m2, le Garage B a accueilli pendant presque deux mois 11 artistes r\u00e9uni\u00b7e\u00b7s par Art Azo\u00ef D\u00e9couvrez en vid\u00e9o ce lieu d&#039;art et de culture anim\u00e9 par le In SSD et port\u00e9 par le plan hip-hop du D\u00e9partement. Visite gratuite sur r\u00e9servation (exploreparis.com) jusqu&#039;\u00e0 fin 2024 !\" \/>\n<meta property=\"og:url\" content=\"https:\/\/seinesaintdenis.fr\/actualite\/culture-patrimoine\/Garage-B-nouveau-lieu-de-street-art-en-Seine-Saint-Denis\/\" \/>\n<meta property=\"og:site_name\" content=\"Seine-Saint-Denis - L&#039;actualit\u00e9 du d\u00e9partement\" \/>\n<meta property=\"article:publisher\" content=\"https:\/\/www.facebook.com\/seinesaintdenisledepartement\" \/>\n<meta property=\"article:published_time\" content=\"2024-06-18T10:19:01+00:00\" \/>\n<meta property=\"article:modified_time\" content=\"2024-06-18T12:12:59+00:00\" \/>\n<meta property=\"og:image\" content=\"https:\/\/seinesaintdenis.fr\/actualite\/wp-content\/uploads\/2024\/06\/vignette-ssd-fr.png\" \/>\n\t<meta property=\"og:image:width\" content=\"1090\" \/>\n\t<meta property=\"og:image:height\" content=\"560\" \/>\n\t<meta property=\"og:image:type\" content=\"image\/png\" \/>\n<meta name=\"author\" content=\"Berenice Laroche\" \/>\n<meta name=\"twitter:card\" content=\"summary_large_image\" \/>\n<meta name=\"twitter:creator\" content=\"@seinesaintdenis\" \/>\n<meta name=\"twitter:site\" content=\"@seinesaintdenis\" \/>\n<meta name=\"twitter:label1\" content=\"\u00c9crit par\" \/>\n\t<meta name=\"twitter:data1\" content=\"Berenice Laroche\" \/>\n<script type=\"application\/ld+json\" class=\"yoast-schema-graph\">{\"@context\":\"https:\\\/\\\/schema.org\",\"@graph\":[{\"@type\":\"Article\",\"@id\":\"https:\\\/\\\/seinesaintdenis.fr\\\/actualite\\\/culture-patrimoine\\\/Garage-B-nouveau-lieu-de-street-art-en-Seine-Saint-Denis\\\/#article\",\"isPartOf\":{\"@id\":\"https:\\\/\\\/seinesaintdenis.fr\\\/actualite\\\/culture-patrimoine\\\/Garage-B-nouveau-lieu-de-street-art-en-Seine-Saint-Denis\\\/\"},\"author\":{\"name\":\"Berenice Laroche\",\"@id\":\"https:\\\/\\\/seinesaintdenis.fr\\\/actualite\\\/#\\\/schema\\\/person\\\/094b69b23d1a58ad936dde94f5e54103\"},\"headline\":\"Garage B, nouveau lieu de street-art en Seine-Saint-Denis\",\"datePublished\":\"2024-06-18T10:19:01+00:00\",\"dateModified\":\"2024-06-18T12:12:59+00:00\",\"mainEntityOfPage\":{\"@id\":\"https:\\\/\\\/seinesaintdenis.fr\\\/actualite\\\/culture-patrimoine\\\/Garage-B-nouveau-lieu-de-street-art-en-Seine-Saint-Denis\\\/\"},\"wordCount\":8,\"commentCount\":0,\"publisher\":{\"@id\":\"https:\\\/\\\/seinesaintdenis.fr\\\/actualite\\\/#organization\"},\"image\":{\"@id\":\"https:\\\/\\\/seinesaintdenis.fr\\\/actualite\\\/culture-patrimoine\\\/Garage-B-nouveau-lieu-de-street-art-en-Seine-Saint-Denis\\\/#primaryimage\"},\"thumbnailUrl\":\"https:\\\/\\\/seinesaintdenis.fr\\\/actualite\\\/wp-content\\\/uploads\\\/2024\\\/06\\\/vignette-ssd-fr.png\",\"articleSection\":[\"Culture &amp; Patrimoine\"],\"inLanguage\":\"fr-FR\",\"potentialAction\":[{\"@type\":\"CommentAction\",\"name\":\"Comment\",\"target\":[\"https:\\\/\\\/seinesaintdenis.fr\\\/actualite\\\/culture-patrimoine\\\/Garage-B-nouveau-lieu-de-street-art-en-Seine-Saint-Denis\\\/#respond\"]}]},{\"@type\":\"WebPage\",\"@id\":\"https:\\\/\\\/seinesaintdenis.fr\\\/actualite\\\/culture-patrimoine\\\/Garage-B-nouveau-lieu-de-street-art-en-Seine-Saint-Denis\\\/\",\"url\":\"https:\\\/\\\/seinesaintdenis.fr\\\/actualite\\\/culture-patrimoine\\\/Garage-B-nouveau-lieu-de-street-art-en-Seine-Saint-Denis\\\/\",\"name\":\"Garage B, nouveau lieu de street-art en Seine-Saint-Denis - Seine-Saint-Denis - L&#039;actualit\u00e9 du d\u00e9partement\",\"isPartOf\":{\"@id\":\"https:\\\/\\\/seinesaintdenis.fr\\\/actualite\\\/#website\"},\"primaryImageOfPage\":{\"@id\":\"https:\\\/\\\/seinesaintdenis.fr\\\/actualite\\\/culture-patrimoine\\\/Garage-B-nouveau-lieu-de-street-art-en-Seine-Saint-Denis\\\/#primaryimage\"},\"image\":{\"@id\":\"https:\\\/\\\/seinesaintdenis.fr\\\/actualite\\\/culture-patrimoine\\\/Garage-B-nouveau-lieu-de-street-art-en-Seine-Saint-Denis\\\/#primaryimage\"},\"thumbnailUrl\":\"https:\\\/\\\/seinesaintdenis.fr\\\/actualite\\\/wp-content\\\/uploads\\\/2024\\\/06\\\/vignette-ssd-fr.png\",\"datePublished\":\"2024-06-18T10:19:01+00:00\",\"dateModified\":\"2024-06-18T12:12:59+00:00\",\"description\":\"Ancien garage d\u00e9partemental de 600m2, le Garage B a accueilli pendant presque deux mois 11 artistes r\u00e9uni\u00b7e\u00b7s par Art Azo\u00ef D\u00e9couvrez en vid\u00e9o ce lieu d'art et de culture anim\u00e9 par le In SSD et port\u00e9 par le plan hip-hop du D\u00e9partement. Visite gratuite sur r\u00e9servation (exploreparis.com) jusqu'\u00e0 fin 2024 !\",\"breadcrumb\":{\"@id\":\"https:\\\/\\\/seinesaintdenis.fr\\\/actualite\\\/culture-patrimoine\\\/Garage-B-nouveau-lieu-de-street-art-en-Seine-Saint-Denis\\\/#breadcrumb\"},\"inLanguage\":\"fr-FR\",\"potentialAction\":[{\"@type\":\"ReadAction\",\"target\":[\"https:\\\/\\\/seinesaintdenis.fr\\\/actualite\\\/culture-patrimoine\\\/Garage-B-nouveau-lieu-de-street-art-en-Seine-Saint-Denis\\\/\"]}]},{\"@type\":\"ImageObject\",\"inLanguage\":\"fr-FR\",\"@id\":\"https:\\\/\\\/seinesaintdenis.fr\\\/actualite\\\/culture-patrimoine\\\/Garage-B-nouveau-lieu-de-street-art-en-Seine-Saint-Denis\\\/#primaryimage\",\"url\":\"https:\\\/\\\/seinesaintdenis.fr\\\/actualite\\\/wp-content\\\/uploads\\\/2024\\\/06\\\/vignette-ssd-fr.png\",\"contentUrl\":\"https:\\\/\\\/seinesaintdenis.fr\\\/actualite\\\/wp-content\\\/uploads\\\/2024\\\/06\\\/vignette-ssd-fr.png\",\"width\":1090,\"height\":560},{\"@type\":\"BreadcrumbList\",\"@id\":\"https:\\\/\\\/seinesaintdenis.fr\\\/actualite\\\/culture-patrimoine\\\/Garage-B-nouveau-lieu-de-street-art-en-Seine-Saint-Denis\\\/#breadcrumb\",\"itemListElement\":[{\"@type\":\"ListItem\",\"position\":1,\"name\":\"Accueil\",\"item\":\"https:\\\/\\\/seinesaintdenis.fr\\\/actualite\\\/\"},{\"@type\":\"ListItem\",\"position\":2,\"name\":\"Culture &amp; Patrimoine\",\"item\":\"https:\\\/\\\/seinesaintdenis.fr\\\/actualite\\\/culture-patrimoine\\\/\"},{\"@type\":\"ListItem\",\"position\":3,\"name\":\"Garage B, nouveau lieu de street-art en Seine-Saint-Denis\"}]},{\"@type\":\"WebSite\",\"@id\":\"https:\\\/\\\/seinesaintdenis.fr\\\/actualite\\\/#website\",\"url\":\"https:\\\/\\\/seinesaintdenis.fr\\\/actualite\\\/\",\"name\":\"Seine-Saint-Denis - L'actualit\u00e9 du d\u00e9partement\",\"description\":\"L&#039;actualit\u00e9 du D\u00e9partement de la Seine-Saint-Denis\",\"publisher\":{\"@id\":\"https:\\\/\\\/seinesaintdenis.fr\\\/actualite\\\/#organization\"},\"potentialAction\":[{\"@type\":\"SearchAction\",\"target\":{\"@type\":\"EntryPoint\",\"urlTemplate\":\"https:\\\/\\\/seinesaintdenis.fr\\\/actualite\\\/?s={search_term_string}\"},\"query-input\":{\"@type\":\"PropertyValueSpecification\",\"valueRequired\":true,\"valueName\":\"search_term_string\"}}],\"inLanguage\":\"fr-FR\"},{\"@type\":\"Organization\",\"@id\":\"https:\\\/\\\/seinesaintdenis.fr\\\/actualite\\\/#organization\",\"name\":\"Seine-Saint-Denis - Le D\u00e9partement\",\"url\":\"https:\\\/\\\/seinesaintdenis.fr\\\/actualite\\\/\",\"logo\":{\"@type\":\"ImageObject\",\"inLanguage\":\"fr-FR\",\"@id\":\"https:\\\/\\\/seinesaintdenis.fr\\\/actualite\\\/#\\\/schema\\\/logo\\\/image\\\/\",\"url\":\"https:\\\/\\\/seinesaintdenis.fr\\\/actualite\\\/wp-content\\\/uploads\\\/2024\\\/08\\\/logo.png\",\"contentUrl\":\"https:\\\/\\\/seinesaintdenis.fr\\\/actualite\\\/wp-content\\\/uploads\\\/2024\\\/08\\\/logo.png\",\"width\":567,\"height\":172,\"caption\":\"Seine-Saint-Denis - Le D\u00e9partement\"},\"image\":{\"@id\":\"https:\\\/\\\/seinesaintdenis.fr\\\/actualite\\\/#\\\/schema\\\/logo\\\/image\\\/\"},\"sameAs\":[\"https:\\\/\\\/www.facebook.com\\\/seinesaintdenisledepartement\",\"https:\\\/\\\/x.com\\\/seinesaintdenis\",\"https:\\\/\\\/www.linkedin.com\\\/company\\\/seinesaintdenis\",\"https:\\\/\\\/www.instagram.com\\\/seine_saint_denis\\\/\",\"https:\\\/\\\/www.youtube.com\\\/channel\\\/UCR5YF9NnqiLCbnrKQgLUcIw\"]},{\"@type\":\"Person\",\"@id\":\"https:\\\/\\\/seinesaintdenis.fr\\\/actualite\\\/#\\\/schema\\\/person\\\/094b69b23d1a58ad936dde94f5e54103\",\"name\":\"Berenice Laroche\",\"image\":{\"@type\":\"ImageObject\",\"inLanguage\":\"fr-FR\",\"@id\":\"https:\\\/\\\/secure.gravatar.com\\\/avatar\\\/88924a68119c7c674302ce58c78b7176e0d79b37782e9d304aba71a4d6045f4b?s=96&d=mm&r=g\",\"url\":\"https:\\\/\\\/secure.gravatar.com\\\/avatar\\\/88924a68119c7c674302ce58c78b7176e0d79b37782e9d304aba71a4d6045f4b?s=96&d=mm&r=g\",\"contentUrl\":\"https:\\\/\\\/secure.gravatar.com\\\/avatar\\\/88924a68119c7c674302ce58c78b7176e0d79b37782e9d304aba71a4d6045f4b?s=96&d=mm&r=g\",\"caption\":\"Berenice Laroche\"},\"url\":\"https:\\\/\\\/seinesaintdenis.fr\\\/actualite\\\/author\\\/blarochegilquin\\\/\"}]}<\/script>\n<!-- \/ Yoast SEO plugin. -->","yoast_head_json":{"title":"Garage B, nouveau lieu de street-art en Seine-Saint-Denis - Seine-Saint-Denis - L&#039;actualit\u00e9 du d\u00e9partement","description":"Ancien garage d\u00e9partemental de 600m2, le Garage B a accueilli pendant presque deux mois 11 artistes r\u00e9uni\u00b7e\u00b7s par Art Azo\u00ef D\u00e9couvrez en vid\u00e9o ce lieu d'art et de culture anim\u00e9 par le In SSD et port\u00e9 par le plan hip-hop du D\u00e9partement. Visite gratuite sur r\u00e9servation (exploreparis.com) jusqu'\u00e0 fin 2024 !","robots":{"index":"index","follow":"follow","max-snippet":"max-snippet:-1","max-image-preview":"max-image-preview:large","max-video-preview":"max-video-preview:-1"},"canonical":"https:\/\/seinesaintdenis.fr\/actualite\/culture-patrimoine\/Garage-B-nouveau-lieu-de-street-art-en-Seine-Saint-Denis\/","og_locale":"fr_FR","og_type":"article","og_title":"Garage B, nouveau lieu de street-art en Seine-Saint-Denis - Seine-Saint-Denis - L&#039;actualit\u00e9 du d\u00e9partement","og_description":"Ancien garage d\u00e9partemental de 600m2, le Garage B a accueilli pendant presque deux mois 11 artistes r\u00e9uni\u00b7e\u00b7s par Art Azo\u00ef D\u00e9couvrez en vid\u00e9o ce lieu d'art et de culture anim\u00e9 par le In SSD et port\u00e9 par le plan hip-hop du D\u00e9partement. Visite gratuite sur r\u00e9servation (exploreparis.com) jusqu'\u00e0 fin 2024 !","og_url":"https:\/\/seinesaintdenis.fr\/actualite\/culture-patrimoine\/Garage-B-nouveau-lieu-de-street-art-en-Seine-Saint-Denis\/","og_site_name":"Seine-Saint-Denis - L&#039;actualit\u00e9 du d\u00e9partement","article_publisher":"https:\/\/www.facebook.com\/seinesaintdenisledepartement","article_published_time":"2024-06-18T10:19:01+00:00","article_modified_time":"2024-06-18T12:12:59+00:00","og_image":[{"width":1090,"height":560,"url":"https:\/\/seinesaintdenis.fr\/actualite\/wp-content\/uploads\/2024\/06\/vignette-ssd-fr.png","type":"image\/png"}],"author":"Berenice Laroche","twitter_card":"summary_large_image","twitter_creator":"@seinesaintdenis","twitter_site":"@seinesaintdenis","twitter_misc":{"\u00c9crit par":"Berenice Laroche"},"schema":{"@context":"https:\/\/schema.org","@graph":[{"@type":"Article","@id":"https:\/\/seinesaintdenis.fr\/actualite\/culture-patrimoine\/Garage-B-nouveau-lieu-de-street-art-en-Seine-Saint-Denis\/#article","isPartOf":{"@id":"https:\/\/seinesaintdenis.fr\/actualite\/culture-patrimoine\/Garage-B-nouveau-lieu-de-street-art-en-Seine-Saint-Denis\/"},"author":{"name":"Berenice Laroche","@id":"https:\/\/seinesaintdenis.fr\/actualite\/#\/schema\/person\/094b69b23d1a58ad936dde94f5e54103"},"headline":"Garage B, nouveau lieu de street-art en Seine-Saint-Denis","datePublished":"2024-06-18T10:19:01+00:00","dateModified":"2024-06-18T12:12:59+00:00","mainEntityOfPage":{"@id":"https:\/\/seinesaintdenis.fr\/actualite\/culture-patrimoine\/Garage-B-nouveau-lieu-de-street-art-en-Seine-Saint-Denis\/"},"wordCount":8,"commentCount":0,"publisher":{"@id":"https:\/\/seinesaintdenis.fr\/actualite\/#organization"},"image":{"@id":"https:\/\/seinesaintdenis.fr\/actualite\/culture-patrimoine\/Garage-B-nouveau-lieu-de-street-art-en-Seine-Saint-Denis\/#primaryimage"},"thumbnailUrl":"https:\/\/seinesaintdenis.fr\/actualite\/wp-content\/uploads\/2024\/06\/vignette-ssd-fr.png","articleSection":["Culture &amp; Patrimoine"],"inLanguage":"fr-FR","potentialAction":[{"@type":"CommentAction","name":"Comment","target":["https:\/\/seinesaintdenis.fr\/actualite\/culture-patrimoine\/Garage-B-nouveau-lieu-de-street-art-en-Seine-Saint-Denis\/#respond"]}]},{"@type":"WebPage","@id":"https:\/\/seinesaintdenis.fr\/actualite\/culture-patrimoine\/Garage-B-nouveau-lieu-de-street-art-en-Seine-Saint-Denis\/","url":"https:\/\/seinesaintdenis.fr\/actualite\/culture-patrimoine\/Garage-B-nouveau-lieu-de-street-art-en-Seine-Saint-Denis\/","name":"Garage B, nouveau lieu de street-art en Seine-Saint-Denis - Seine-Saint-Denis - L&#039;actualit\u00e9 du d\u00e9partement","isPartOf":{"@id":"https:\/\/seinesaintdenis.fr\/actualite\/#website"},"primaryImageOfPage":{"@id":"https:\/\/seinesaintdenis.fr\/actualite\/culture-patrimoine\/Garage-B-nouveau-lieu-de-street-art-en-Seine-Saint-Denis\/#primaryimage"},"image":{"@id":"https:\/\/seinesaintdenis.fr\/actualite\/culture-patrimoine\/Garage-B-nouveau-lieu-de-street-art-en-Seine-Saint-Denis\/#primaryimage"},"thumbnailUrl":"https:\/\/seinesaintdenis.fr\/actualite\/wp-content\/uploads\/2024\/06\/vignette-ssd-fr.png","datePublished":"2024-06-18T10:19:01+00:00","dateModified":"2024-06-18T12:12:59+00:00","description":"Ancien garage d\u00e9partemental de 600m2, le Garage B a accueilli pendant presque deux mois 11 artistes r\u00e9uni\u00b7e\u00b7s par Art Azo\u00ef D\u00e9couvrez en vid\u00e9o ce lieu d'art et de culture anim\u00e9 par le In SSD et port\u00e9 par le plan hip-hop du D\u00e9partement. Visite gratuite sur r\u00e9servation (exploreparis.com) jusqu'\u00e0 fin 2024 !","breadcrumb":{"@id":"https:\/\/seinesaintdenis.fr\/actualite\/culture-patrimoine\/Garage-B-nouveau-lieu-de-street-art-en-Seine-Saint-Denis\/#breadcrumb"},"inLanguage":"fr-FR","potentialAction":[{"@type":"ReadAction","target":["https:\/\/seinesaintdenis.fr\/actualite\/culture-patrimoine\/Garage-B-nouveau-lieu-de-street-art-en-Seine-Saint-Denis\/"]}]},{"@type":"ImageObject","inLanguage":"fr-FR","@id":"https:\/\/seinesaintdenis.fr\/actualite\/culture-patrimoine\/Garage-B-nouveau-lieu-de-street-art-en-Seine-Saint-Denis\/#primaryimage","url":"https:\/\/seinesaintdenis.fr\/actualite\/wp-content\/uploads\/2024\/06\/vignette-ssd-fr.png","contentUrl":"https:\/\/seinesaintdenis.fr\/actualite\/wp-content\/uploads\/2024\/06\/vignette-ssd-fr.png","width":1090,"height":560},{"@type":"BreadcrumbList","@id":"https:\/\/seinesaintdenis.fr\/actualite\/culture-patrimoine\/Garage-B-nouveau-lieu-de-street-art-en-Seine-Saint-Denis\/#breadcrumb","itemListElement":[{"@type":"ListItem","position":1,"name":"Accueil","item":"https:\/\/seinesaintdenis.fr\/actualite\/"},{"@type":"ListItem","position":2,"name":"Culture &amp; Patrimoine","item":"https:\/\/seinesaintdenis.fr\/actualite\/culture-patrimoine\/"},{"@type":"ListItem","position":3,"name":"Garage B, nouveau lieu de street-art en Seine-Saint-Denis"}]},{"@type":"WebSite","@id":"https:\/\/seinesaintdenis.fr\/actualite\/#website","url":"https:\/\/seinesaintdenis.fr\/actualite\/","name":"Seine-Saint-Denis - L'actualit\u00e9 du d\u00e9partement","description":"L&#039;actualit\u00e9 du D\u00e9partement de la Seine-Saint-Denis","publisher":{"@id":"https:\/\/seinesaintdenis.fr\/actualite\/#organization"},"potentialAction":[{"@type":"SearchAction","target":{"@type":"EntryPoint","urlTemplate":"https:\/\/seinesaintdenis.fr\/actualite\/?s={search_term_string}"},"query-input":{"@type":"PropertyValueSpecification","valueRequired":true,"valueName":"search_term_string"}}],"inLanguage":"fr-FR"},{"@type":"Organization","@id":"https:\/\/seinesaintdenis.fr\/actualite\/#organization","name":"Seine-Saint-Denis - Le D\u00e9partement","url":"https:\/\/seinesaintdenis.fr\/actualite\/","logo":{"@type":"ImageObject","inLanguage":"fr-FR","@id":"https:\/\/seinesaintdenis.fr\/actualite\/#\/schema\/logo\/image\/","url":"https:\/\/seinesaintdenis.fr\/actualite\/wp-content\/uploads\/2024\/08\/logo.png","contentUrl":"https:\/\/seinesaintdenis.fr\/actualite\/wp-content\/uploads\/2024\/08\/logo.png","width":567,"height":172,"caption":"Seine-Saint-Denis - Le D\u00e9partement"},"image":{"@id":"https:\/\/seinesaintdenis.fr\/actualite\/#\/schema\/logo\/image\/"},"sameAs":["https:\/\/www.facebook.com\/seinesaintdenisledepartement","https:\/\/x.com\/seinesaintdenis","https:\/\/www.linkedin.com\/company\/seinesaintdenis","https:\/\/www.instagram.com\/seine_saint_denis\/","https:\/\/www.youtube.com\/channel\/UCR5YF9NnqiLCbnrKQgLUcIw"]},{"@type":"Person","@id":"https:\/\/seinesaintdenis.fr\/actualite\/#\/schema\/person\/094b69b23d1a58ad936dde94f5e54103","name":"Berenice Laroche","image":{"@type":"ImageObject","inLanguage":"fr-FR","@id":"https:\/\/secure.gravatar.com\/avatar\/88924a68119c7c674302ce58c78b7176e0d79b37782e9d304aba71a4d6045f4b?s=96&d=mm&r=g","url":"https:\/\/secure.gravatar.com\/avatar\/88924a68119c7c674302ce58c78b7176e0d79b37782e9d304aba71a4d6045f4b?s=96&d=mm&r=g","contentUrl":"https:\/\/secure.gravatar.com\/avatar\/88924a68119c7c674302ce58c78b7176e0d79b37782e9d304aba71a4d6045f4b?s=96&d=mm&r=g","caption":"Berenice Laroche"},"url":"https:\/\/seinesaintdenis.fr\/actualite\/author\/blarochegilquin\/"}]}},"_links":{"self":[{"href":"https:\/\/seinesaintdenis.fr\/actualite\/wp-json\/wp\/v2\/posts\/17359","targetHints":{"allow":["GET"]}}],"collection":[{"href":"https:\/\/seinesaintdenis.fr\/actualite\/wp-json\/wp\/v2\/posts"}],"about":[{"href":"https:\/\/seinesaintdenis.fr\/actualite\/wp-json\/wp\/v2\/types\/post"}],"author":[{"embeddable":true,"href":"https:\/\/seinesaintdenis.fr\/actualite\/wp-json\/wp\/v2\/users\/16"}],"replies":[{"embeddable":true,"href":"https:\/\/seinesaintdenis.fr\/actualite\/wp-json\/wp\/v2\/comments?post=17359"}],"version-history":[{"count":3,"href":"https:\/\/seinesaintdenis.fr\/actualite\/wp-json\/wp\/v2\/posts\/17359\/revisions"}],"predecessor-version":[{"id":17372,"href":"https:\/\/seinesaintdenis.fr\/actualite\/wp-json\/wp\/v2\/posts\/17359\/revisions\/17372"}],"wp:featuredmedia":[{"embeddable":true,"href":"https:\/\/seinesaintdenis.fr\/actualite\/wp-json\/wp\/v2\/media\/17360"}],"wp:attachment":[{"href":"https:\/\/seinesaintdenis.fr\/actualite\/wp-json\/wp\/v2\/media?parent=17359"}],"wp:term":[{"taxonomy":"category","embeddable":true,"href":"https:\/\/seinesaintdenis.fr\/actualite\/wp-json\/wp\/v2\/categories?post=17359"},{"taxonomy":"ville","embeddable":true,"href":"https:\/\/seinesaintdenis.fr\/actualite\/wp-json\/wp\/v2\/ville?post=17359"}],"curies":[{"name":"wp","href":"https:\/\/api.w.org\/{rel}","templated":true}]}}