{"id":16972,"date":"2024-06-10T15:05:08","date_gmt":"2024-06-10T13:05:08","guid":{"rendered":"https:\/\/seinesaintdenis.fr\/actualite\/?p=16972"},"modified":"2024-06-11T11:45:38","modified_gmt":"2024-06-11T09:45:38","slug":"Pour-un-avenir-egalitaire","status":"publish","type":"post","link":"https:\/\/seinesaintdenis.fr\/actualite\/jeunesse-education\/Pour-un-avenir-egalitaire\/","title":{"rendered":"Pour un avenir \u00e9galitaire"},"content":{"rendered":"","protected":false},"excerpt":{"rendered":"","protected":false},"author":13,"featured_media":16978,"comment_status":"open","ping_status":"open","sticky":false,"template":"","format":"standard","meta":{"_acf_changed":false,"footnotes":""},"categories":[100,6],"ville":[],"class_list":["post-16972","post","type-post","status-publish","format-standard","has-post-thumbnail","hentry","category-Colleges","category-jeunesse-education"],"acf":[],"yoast_head":"<!-- This site is optimized with the Yoast SEO plugin v27.5 - https:\/\/yoast.com\/product\/yoast-seo-wordpress\/ -->\n<title>Pour un avenir \u00e9galitaire - Seine-Saint-Denis - L&#039;actualit\u00e9 du d\u00e9partement<\/title>\n<meta name=\"description\" content=\"Jeudi 6 juin, 263 \u00e9l\u00e8ves de 23 coll\u00e8ges de Seine-Saint-Denis ont mis l\u2019ambiance dans la grande salle du cin\u00e9ma Le M\u00e9lies de Montreuil pour f\u00eater la 16e \u00e9dition de Jeunes contre le sexisme. Gr\u00e2ce \u00e0 ce dispositif du D\u00e9partement, les jeunes sont sensibilis\u00e9\u00b7e\u00b7s sur le sexisme puis, avec le soutien d\u2019artistes, r\u00e9alisent leurs propres affiches, vid\u00e9os, slams\u2026\" \/>\n<meta name=\"robots\" content=\"index, follow, max-snippet:-1, max-image-preview:large, max-video-preview:-1\" \/>\n<link rel=\"canonical\" href=\"https:\/\/seinesaintdenis.fr\/actualite\/jeunesse-education\/Pour-un-avenir-egalitaire\/\" \/>\n<meta property=\"og:locale\" content=\"fr_FR\" \/>\n<meta property=\"og:type\" content=\"article\" \/>\n<meta property=\"og:title\" content=\"Pour un avenir \u00e9galitaire - Seine-Saint-Denis - L&#039;actualit\u00e9 du d\u00e9partement\" \/>\n<meta property=\"og:description\" content=\"Jeudi 6 juin, 263 \u00e9l\u00e8ves de 23 coll\u00e8ges de Seine-Saint-Denis ont mis l\u2019ambiance dans la grande salle du cin\u00e9ma Le M\u00e9lies de Montreuil pour f\u00eater la 16e \u00e9dition de Jeunes contre le sexisme. Gr\u00e2ce \u00e0 ce dispositif du D\u00e9partement, les jeunes sont sensibilis\u00e9\u00b7e\u00b7s sur le sexisme puis, avec le soutien d\u2019artistes, r\u00e9alisent leurs propres affiches, vid\u00e9os, slams\u2026\" \/>\n<meta property=\"og:url\" content=\"https:\/\/seinesaintdenis.fr\/actualite\/jeunesse-education\/Pour-un-avenir-egalitaire\/\" \/>\n<meta property=\"og:site_name\" content=\"Seine-Saint-Denis - L&#039;actualit\u00e9 du d\u00e9partement\" \/>\n<meta property=\"article:publisher\" content=\"https:\/\/www.facebook.com\/seinesaintdenisledepartement\" \/>\n<meta property=\"article:published_time\" content=\"2024-06-10T13:05:08+00:00\" \/>\n<meta property=\"article:modified_time\" content=\"2024-06-11T09:45:38+00:00\" \/>\n<meta property=\"og:image\" content=\"https:\/\/seinesaintdenis.fr\/actualite\/wp-content\/uploads\/2024\/06\/jeunes-sexisme-2024.jpg\" \/>\n\t<meta property=\"og:image:width\" content=\"1080\" \/>\n\t<meta property=\"og:image:height\" content=\"560\" \/>\n\t<meta property=\"og:image:type\" content=\"image\/jpeg\" \/>\n<meta name=\"author\" content=\"Georges Makowski\" \/>\n<meta name=\"twitter:card\" content=\"summary_large_image\" \/>\n<meta name=\"twitter:creator\" content=\"@seinesaintdenis\" \/>\n<meta name=\"twitter:site\" content=\"@seinesaintdenis\" \/>\n<meta name=\"twitter:label1\" content=\"\u00c9crit par\" \/>\n\t<meta name=\"twitter:data1\" content=\"Georges Makowski\" \/>\n<script type=\"application\/ld+json\" class=\"yoast-schema-graph\">{\"@context\":\"https:\\\/\\\/schema.org\",\"@graph\":[{\"@type\":\"Article\",\"@id\":\"https:\\\/\\\/seinesaintdenis.fr\\\/actualite\\\/jeunesse-education\\\/Pour-un-avenir-egalitaire\\\/#article\",\"isPartOf\":{\"@id\":\"https:\\\/\\\/seinesaintdenis.fr\\\/actualite\\\/jeunesse-education\\\/Pour-un-avenir-egalitaire\\\/\"},\"author\":{\"name\":\"Georges Makowski\",\"@id\":\"https:\\\/\\\/seinesaintdenis.fr\\\/actualite\\\/#\\\/schema\\\/person\\\/c3f728fd708de8fb2ce6a6854e52268e\"},\"headline\":\"Pour un avenir \u00e9galitaire\",\"datePublished\":\"2024-06-10T13:05:08+00:00\",\"dateModified\":\"2024-06-11T09:45:38+00:00\",\"mainEntityOfPage\":{\"@id\":\"https:\\\/\\\/seinesaintdenis.fr\\\/actualite\\\/jeunesse-education\\\/Pour-un-avenir-egalitaire\\\/\"},\"wordCount\":4,\"commentCount\":0,\"publisher\":{\"@id\":\"https:\\\/\\\/seinesaintdenis.fr\\\/actualite\\\/#organization\"},\"image\":{\"@id\":\"https:\\\/\\\/seinesaintdenis.fr\\\/actualite\\\/jeunesse-education\\\/Pour-un-avenir-egalitaire\\\/#primaryimage\"},\"thumbnailUrl\":\"https:\\\/\\\/seinesaintdenis.fr\\\/actualite\\\/wp-content\\\/uploads\\\/2024\\\/06\\\/jeunes-sexisme-2024.jpg\",\"articleSection\":[\"Coll\u00e8ges\",\"Jeunesse &amp; \u00c9ducation\"],\"inLanguage\":\"fr-FR\",\"potentialAction\":[{\"@type\":\"CommentAction\",\"name\":\"Comment\",\"target\":[\"https:\\\/\\\/seinesaintdenis.fr\\\/actualite\\\/jeunesse-education\\\/Pour-un-avenir-egalitaire\\\/#respond\"]}]},{\"@type\":\"WebPage\",\"@id\":\"https:\\\/\\\/seinesaintdenis.fr\\\/actualite\\\/jeunesse-education\\\/Pour-un-avenir-egalitaire\\\/\",\"url\":\"https:\\\/\\\/seinesaintdenis.fr\\\/actualite\\\/jeunesse-education\\\/Pour-un-avenir-egalitaire\\\/\",\"name\":\"Pour un avenir \u00e9galitaire - Seine-Saint-Denis - L&#039;actualit\u00e9 du d\u00e9partement\",\"isPartOf\":{\"@id\":\"https:\\\/\\\/seinesaintdenis.fr\\\/actualite\\\/#website\"},\"primaryImageOfPage\":{\"@id\":\"https:\\\/\\\/seinesaintdenis.fr\\\/actualite\\\/jeunesse-education\\\/Pour-un-avenir-egalitaire\\\/#primaryimage\"},\"image\":{\"@id\":\"https:\\\/\\\/seinesaintdenis.fr\\\/actualite\\\/jeunesse-education\\\/Pour-un-avenir-egalitaire\\\/#primaryimage\"},\"thumbnailUrl\":\"https:\\\/\\\/seinesaintdenis.fr\\\/actualite\\\/wp-content\\\/uploads\\\/2024\\\/06\\\/jeunes-sexisme-2024.jpg\",\"datePublished\":\"2024-06-10T13:05:08+00:00\",\"dateModified\":\"2024-06-11T09:45:38+00:00\",\"description\":\"Jeudi 6 juin, 263 \u00e9l\u00e8ves de 23 coll\u00e8ges de Seine-Saint-Denis ont mis l\u2019ambiance dans la grande salle du cin\u00e9ma Le M\u00e9lies de Montreuil pour f\u00eater la 16e \u00e9dition de Jeunes contre le sexisme. Gr\u00e2ce \u00e0 ce dispositif du D\u00e9partement, les jeunes sont sensibilis\u00e9\u00b7e\u00b7s sur le sexisme puis, avec le soutien d\u2019artistes, r\u00e9alisent leurs propres affiches, vid\u00e9os, slams\u2026\",\"breadcrumb\":{\"@id\":\"https:\\\/\\\/seinesaintdenis.fr\\\/actualite\\\/jeunesse-education\\\/Pour-un-avenir-egalitaire\\\/#breadcrumb\"},\"inLanguage\":\"fr-FR\",\"potentialAction\":[{\"@type\":\"ReadAction\",\"target\":[\"https:\\\/\\\/seinesaintdenis.fr\\\/actualite\\\/jeunesse-education\\\/Pour-un-avenir-egalitaire\\\/\"]}]},{\"@type\":\"ImageObject\",\"inLanguage\":\"fr-FR\",\"@id\":\"https:\\\/\\\/seinesaintdenis.fr\\\/actualite\\\/jeunesse-education\\\/Pour-un-avenir-egalitaire\\\/#primaryimage\",\"url\":\"https:\\\/\\\/seinesaintdenis.fr\\\/actualite\\\/wp-content\\\/uploads\\\/2024\\\/06\\\/jeunes-sexisme-2024.jpg\",\"contentUrl\":\"https:\\\/\\\/seinesaintdenis.fr\\\/actualite\\\/wp-content\\\/uploads\\\/2024\\\/06\\\/jeunes-sexisme-2024.jpg\",\"width\":1080,\"height\":560},{\"@type\":\"BreadcrumbList\",\"@id\":\"https:\\\/\\\/seinesaintdenis.fr\\\/actualite\\\/jeunesse-education\\\/Pour-un-avenir-egalitaire\\\/#breadcrumb\",\"itemListElement\":[{\"@type\":\"ListItem\",\"position\":1,\"name\":\"Accueil\",\"item\":\"https:\\\/\\\/seinesaintdenis.fr\\\/actualite\\\/\"},{\"@type\":\"ListItem\",\"position\":2,\"name\":\"Jeunesse &amp; \u00c9ducation\",\"item\":\"https:\\\/\\\/seinesaintdenis.fr\\\/actualite\\\/jeunesse-education\\\/\"},{\"@type\":\"ListItem\",\"position\":3,\"name\":\"Pour un avenir \u00e9galitaire\"}]},{\"@type\":\"WebSite\",\"@id\":\"https:\\\/\\\/seinesaintdenis.fr\\\/actualite\\\/#website\",\"url\":\"https:\\\/\\\/seinesaintdenis.fr\\\/actualite\\\/\",\"name\":\"Seine-Saint-Denis - L'actualit\u00e9 du d\u00e9partement\",\"description\":\"L&#039;actualit\u00e9 du D\u00e9partement de la Seine-Saint-Denis\",\"publisher\":{\"@id\":\"https:\\\/\\\/seinesaintdenis.fr\\\/actualite\\\/#organization\"},\"potentialAction\":[{\"@type\":\"SearchAction\",\"target\":{\"@type\":\"EntryPoint\",\"urlTemplate\":\"https:\\\/\\\/seinesaintdenis.fr\\\/actualite\\\/?s={search_term_string}\"},\"query-input\":{\"@type\":\"PropertyValueSpecification\",\"valueRequired\":true,\"valueName\":\"search_term_string\"}}],\"inLanguage\":\"fr-FR\"},{\"@type\":\"Organization\",\"@id\":\"https:\\\/\\\/seinesaintdenis.fr\\\/actualite\\\/#organization\",\"name\":\"Seine-Saint-Denis - Le D\u00e9partement\",\"url\":\"https:\\\/\\\/seinesaintdenis.fr\\\/actualite\\\/\",\"logo\":{\"@type\":\"ImageObject\",\"inLanguage\":\"fr-FR\",\"@id\":\"https:\\\/\\\/seinesaintdenis.fr\\\/actualite\\\/#\\\/schema\\\/logo\\\/image\\\/\",\"url\":\"https:\\\/\\\/seinesaintdenis.fr\\\/actualite\\\/wp-content\\\/uploads\\\/2024\\\/08\\\/logo.png\",\"contentUrl\":\"https:\\\/\\\/seinesaintdenis.fr\\\/actualite\\\/wp-content\\\/uploads\\\/2024\\\/08\\\/logo.png\",\"width\":567,\"height\":172,\"caption\":\"Seine-Saint-Denis - Le D\u00e9partement\"},\"image\":{\"@id\":\"https:\\\/\\\/seinesaintdenis.fr\\\/actualite\\\/#\\\/schema\\\/logo\\\/image\\\/\"},\"sameAs\":[\"https:\\\/\\\/www.facebook.com\\\/seinesaintdenisledepartement\",\"https:\\\/\\\/x.com\\\/seinesaintdenis\",\"https:\\\/\\\/www.linkedin.com\\\/company\\\/seinesaintdenis\",\"https:\\\/\\\/www.instagram.com\\\/seine_saint_denis\\\/\",\"https:\\\/\\\/www.youtube.com\\\/channel\\\/UCR5YF9NnqiLCbnrKQgLUcIw\"]},{\"@type\":\"Person\",\"@id\":\"https:\\\/\\\/seinesaintdenis.fr\\\/actualite\\\/#\\\/schema\\\/person\\\/c3f728fd708de8fb2ce6a6854e52268e\",\"name\":\"Georges Makowski\",\"image\":{\"@type\":\"ImageObject\",\"inLanguage\":\"fr-FR\",\"@id\":\"https:\\\/\\\/secure.gravatar.com\\\/avatar\\\/46b2f39325eb4f13bca1f2f3ef377aad0c59043ba486c9808789e35bd9a844ae?s=96&d=mm&r=g\",\"url\":\"https:\\\/\\\/secure.gravatar.com\\\/avatar\\\/46b2f39325eb4f13bca1f2f3ef377aad0c59043ba486c9808789e35bd9a844ae?s=96&d=mm&r=g\",\"contentUrl\":\"https:\\\/\\\/secure.gravatar.com\\\/avatar\\\/46b2f39325eb4f13bca1f2f3ef377aad0c59043ba486c9808789e35bd9a844ae?s=96&d=mm&r=g\",\"caption\":\"Georges Makowski\"},\"url\":\"https:\\\/\\\/seinesaintdenis.fr\\\/actualite\\\/author\\\/gmakowski\\\/\"}]}<\/script>\n<!-- \/ Yoast SEO plugin. -->","yoast_head_json":{"title":"Pour un avenir \u00e9galitaire - Seine-Saint-Denis - L&#039;actualit\u00e9 du d\u00e9partement","description":"Jeudi 6 juin, 263 \u00e9l\u00e8ves de 23 coll\u00e8ges de Seine-Saint-Denis ont mis l\u2019ambiance dans la grande salle du cin\u00e9ma Le M\u00e9lies de Montreuil pour f\u00eater la 16e \u00e9dition de Jeunes contre le sexisme. Gr\u00e2ce \u00e0 ce dispositif du D\u00e9partement, les jeunes sont sensibilis\u00e9\u00b7e\u00b7s sur le sexisme puis, avec le soutien d\u2019artistes, r\u00e9alisent leurs propres affiches, vid\u00e9os, slams\u2026","robots":{"index":"index","follow":"follow","max-snippet":"max-snippet:-1","max-image-preview":"max-image-preview:large","max-video-preview":"max-video-preview:-1"},"canonical":"https:\/\/seinesaintdenis.fr\/actualite\/jeunesse-education\/Pour-un-avenir-egalitaire\/","og_locale":"fr_FR","og_type":"article","og_title":"Pour un avenir \u00e9galitaire - Seine-Saint-Denis - L&#039;actualit\u00e9 du d\u00e9partement","og_description":"Jeudi 6 juin, 263 \u00e9l\u00e8ves de 23 coll\u00e8ges de Seine-Saint-Denis ont mis l\u2019ambiance dans la grande salle du cin\u00e9ma Le M\u00e9lies de Montreuil pour f\u00eater la 16e \u00e9dition de Jeunes contre le sexisme. Gr\u00e2ce \u00e0 ce dispositif du D\u00e9partement, les jeunes sont sensibilis\u00e9\u00b7e\u00b7s sur le sexisme puis, avec le soutien d\u2019artistes, r\u00e9alisent leurs propres affiches, vid\u00e9os, slams\u2026","og_url":"https:\/\/seinesaintdenis.fr\/actualite\/jeunesse-education\/Pour-un-avenir-egalitaire\/","og_site_name":"Seine-Saint-Denis - L&#039;actualit\u00e9 du d\u00e9partement","article_publisher":"https:\/\/www.facebook.com\/seinesaintdenisledepartement","article_published_time":"2024-06-10T13:05:08+00:00","article_modified_time":"2024-06-11T09:45:38+00:00","og_image":[{"width":1080,"height":560,"url":"https:\/\/seinesaintdenis.fr\/actualite\/wp-content\/uploads\/2024\/06\/jeunes-sexisme-2024.jpg","type":"image\/jpeg"}],"author":"Georges Makowski","twitter_card":"summary_large_image","twitter_creator":"@seinesaintdenis","twitter_site":"@seinesaintdenis","twitter_misc":{"\u00c9crit par":"Georges Makowski"},"schema":{"@context":"https:\/\/schema.org","@graph":[{"@type":"Article","@id":"https:\/\/seinesaintdenis.fr\/actualite\/jeunesse-education\/Pour-un-avenir-egalitaire\/#article","isPartOf":{"@id":"https:\/\/seinesaintdenis.fr\/actualite\/jeunesse-education\/Pour-un-avenir-egalitaire\/"},"author":{"name":"Georges Makowski","@id":"https:\/\/seinesaintdenis.fr\/actualite\/#\/schema\/person\/c3f728fd708de8fb2ce6a6854e52268e"},"headline":"Pour un avenir \u00e9galitaire","datePublished":"2024-06-10T13:05:08+00:00","dateModified":"2024-06-11T09:45:38+00:00","mainEntityOfPage":{"@id":"https:\/\/seinesaintdenis.fr\/actualite\/jeunesse-education\/Pour-un-avenir-egalitaire\/"},"wordCount":4,"commentCount":0,"publisher":{"@id":"https:\/\/seinesaintdenis.fr\/actualite\/#organization"},"image":{"@id":"https:\/\/seinesaintdenis.fr\/actualite\/jeunesse-education\/Pour-un-avenir-egalitaire\/#primaryimage"},"thumbnailUrl":"https:\/\/seinesaintdenis.fr\/actualite\/wp-content\/uploads\/2024\/06\/jeunes-sexisme-2024.jpg","articleSection":["Coll\u00e8ges","Jeunesse &amp; \u00c9ducation"],"inLanguage":"fr-FR","potentialAction":[{"@type":"CommentAction","name":"Comment","target":["https:\/\/seinesaintdenis.fr\/actualite\/jeunesse-education\/Pour-un-avenir-egalitaire\/#respond"]}]},{"@type":"WebPage","@id":"https:\/\/seinesaintdenis.fr\/actualite\/jeunesse-education\/Pour-un-avenir-egalitaire\/","url":"https:\/\/seinesaintdenis.fr\/actualite\/jeunesse-education\/Pour-un-avenir-egalitaire\/","name":"Pour un avenir \u00e9galitaire - Seine-Saint-Denis - L&#039;actualit\u00e9 du d\u00e9partement","isPartOf":{"@id":"https:\/\/seinesaintdenis.fr\/actualite\/#website"},"primaryImageOfPage":{"@id":"https:\/\/seinesaintdenis.fr\/actualite\/jeunesse-education\/Pour-un-avenir-egalitaire\/#primaryimage"},"image":{"@id":"https:\/\/seinesaintdenis.fr\/actualite\/jeunesse-education\/Pour-un-avenir-egalitaire\/#primaryimage"},"thumbnailUrl":"https:\/\/seinesaintdenis.fr\/actualite\/wp-content\/uploads\/2024\/06\/jeunes-sexisme-2024.jpg","datePublished":"2024-06-10T13:05:08+00:00","dateModified":"2024-06-11T09:45:38+00:00","description":"Jeudi 6 juin, 263 \u00e9l\u00e8ves de 23 coll\u00e8ges de Seine-Saint-Denis ont mis l\u2019ambiance dans la grande salle du cin\u00e9ma Le M\u00e9lies de Montreuil pour f\u00eater la 16e \u00e9dition de Jeunes contre le sexisme. Gr\u00e2ce \u00e0 ce dispositif du D\u00e9partement, les jeunes sont sensibilis\u00e9\u00b7e\u00b7s sur le sexisme puis, avec le soutien d\u2019artistes, r\u00e9alisent leurs propres affiches, vid\u00e9os, slams\u2026","breadcrumb":{"@id":"https:\/\/seinesaintdenis.fr\/actualite\/jeunesse-education\/Pour-un-avenir-egalitaire\/#breadcrumb"},"inLanguage":"fr-FR","potentialAction":[{"@type":"ReadAction","target":["https:\/\/seinesaintdenis.fr\/actualite\/jeunesse-education\/Pour-un-avenir-egalitaire\/"]}]},{"@type":"ImageObject","inLanguage":"fr-FR","@id":"https:\/\/seinesaintdenis.fr\/actualite\/jeunesse-education\/Pour-un-avenir-egalitaire\/#primaryimage","url":"https:\/\/seinesaintdenis.fr\/actualite\/wp-content\/uploads\/2024\/06\/jeunes-sexisme-2024.jpg","contentUrl":"https:\/\/seinesaintdenis.fr\/actualite\/wp-content\/uploads\/2024\/06\/jeunes-sexisme-2024.jpg","width":1080,"height":560},{"@type":"BreadcrumbList","@id":"https:\/\/seinesaintdenis.fr\/actualite\/jeunesse-education\/Pour-un-avenir-egalitaire\/#breadcrumb","itemListElement":[{"@type":"ListItem","position":1,"name":"Accueil","item":"https:\/\/seinesaintdenis.fr\/actualite\/"},{"@type":"ListItem","position":2,"name":"Jeunesse &amp; \u00c9ducation","item":"https:\/\/seinesaintdenis.fr\/actualite\/jeunesse-education\/"},{"@type":"ListItem","position":3,"name":"Pour un avenir \u00e9galitaire"}]},{"@type":"WebSite","@id":"https:\/\/seinesaintdenis.fr\/actualite\/#website","url":"https:\/\/seinesaintdenis.fr\/actualite\/","name":"Seine-Saint-Denis - L'actualit\u00e9 du d\u00e9partement","description":"L&#039;actualit\u00e9 du D\u00e9partement de la Seine-Saint-Denis","publisher":{"@id":"https:\/\/seinesaintdenis.fr\/actualite\/#organization"},"potentialAction":[{"@type":"SearchAction","target":{"@type":"EntryPoint","urlTemplate":"https:\/\/seinesaintdenis.fr\/actualite\/?s={search_term_string}"},"query-input":{"@type":"PropertyValueSpecification","valueRequired":true,"valueName":"search_term_string"}}],"inLanguage":"fr-FR"},{"@type":"Organization","@id":"https:\/\/seinesaintdenis.fr\/actualite\/#organization","name":"Seine-Saint-Denis - Le D\u00e9partement","url":"https:\/\/seinesaintdenis.fr\/actualite\/","logo":{"@type":"ImageObject","inLanguage":"fr-FR","@id":"https:\/\/seinesaintdenis.fr\/actualite\/#\/schema\/logo\/image\/","url":"https:\/\/seinesaintdenis.fr\/actualite\/wp-content\/uploads\/2024\/08\/logo.png","contentUrl":"https:\/\/seinesaintdenis.fr\/actualite\/wp-content\/uploads\/2024\/08\/logo.png","width":567,"height":172,"caption":"Seine-Saint-Denis - Le D\u00e9partement"},"image":{"@id":"https:\/\/seinesaintdenis.fr\/actualite\/#\/schema\/logo\/image\/"},"sameAs":["https:\/\/www.facebook.com\/seinesaintdenisledepartement","https:\/\/x.com\/seinesaintdenis","https:\/\/www.linkedin.com\/company\/seinesaintdenis","https:\/\/www.instagram.com\/seine_saint_denis\/","https:\/\/www.youtube.com\/channel\/UCR5YF9NnqiLCbnrKQgLUcIw"]},{"@type":"Person","@id":"https:\/\/seinesaintdenis.fr\/actualite\/#\/schema\/person\/c3f728fd708de8fb2ce6a6854e52268e","name":"Georges Makowski","image":{"@type":"ImageObject","inLanguage":"fr-FR","@id":"https:\/\/secure.gravatar.com\/avatar\/46b2f39325eb4f13bca1f2f3ef377aad0c59043ba486c9808789e35bd9a844ae?s=96&d=mm&r=g","url":"https:\/\/secure.gravatar.com\/avatar\/46b2f39325eb4f13bca1f2f3ef377aad0c59043ba486c9808789e35bd9a844ae?s=96&d=mm&r=g","contentUrl":"https:\/\/secure.gravatar.com\/avatar\/46b2f39325eb4f13bca1f2f3ef377aad0c59043ba486c9808789e35bd9a844ae?s=96&d=mm&r=g","caption":"Georges Makowski"},"url":"https:\/\/seinesaintdenis.fr\/actualite\/author\/gmakowski\/"}]}},"_links":{"self":[{"href":"https:\/\/seinesaintdenis.fr\/actualite\/wp-json\/wp\/v2\/posts\/16972","targetHints":{"allow":["GET"]}}],"collection":[{"href":"https:\/\/seinesaintdenis.fr\/actualite\/wp-json\/wp\/v2\/posts"}],"about":[{"href":"https:\/\/seinesaintdenis.fr\/actualite\/wp-json\/wp\/v2\/types\/post"}],"author":[{"embeddable":true,"href":"https:\/\/seinesaintdenis.fr\/actualite\/wp-json\/wp\/v2\/users\/13"}],"replies":[{"embeddable":true,"href":"https:\/\/seinesaintdenis.fr\/actualite\/wp-json\/wp\/v2\/comments?post=16972"}],"version-history":[{"count":8,"href":"https:\/\/seinesaintdenis.fr\/actualite\/wp-json\/wp\/v2\/posts\/16972\/revisions"}],"predecessor-version":[{"id":17031,"href":"https:\/\/seinesaintdenis.fr\/actualite\/wp-json\/wp\/v2\/posts\/16972\/revisions\/17031"}],"wp:featuredmedia":[{"embeddable":true,"href":"https:\/\/seinesaintdenis.fr\/actualite\/wp-json\/wp\/v2\/media\/16978"}],"wp:attachment":[{"href":"https:\/\/seinesaintdenis.fr\/actualite\/wp-json\/wp\/v2\/media?parent=16972"}],"wp:term":[{"taxonomy":"category","embeddable":true,"href":"https:\/\/seinesaintdenis.fr\/actualite\/wp-json\/wp\/v2\/categories?post=16972"},{"taxonomy":"ville","embeddable":true,"href":"https:\/\/seinesaintdenis.fr\/actualite\/wp-json\/wp\/v2\/ville?post=16972"}],"curies":[{"name":"wp","href":"https:\/\/api.w.org\/{rel}","templated":true}]}}