{"id":16623,"date":"2024-06-01T11:36:28","date_gmt":"2024-06-01T09:36:28","guid":{"rendered":"https:\/\/seinesaintdenis.fr\/actualite\/?p=16623"},"modified":"2024-06-04T08:13:52","modified_gmt":"2024-06-04T06:13:52","slug":"Une-nouvelle-pierre-pour-l%e2%80%99insertion-par-le-sport-en-Seine-Saint-Denis","status":"publish","type":"post","link":"https:\/\/seinesaintdenis.fr\/actualite\/emploi-entrepreneuriat\/insertion\/Une-nouvelle-pierre-pour-l%e2%80%99insertion-par-le-sport-en-Seine-Saint-Denis\/","title":{"rendered":"Une nouvelle pierre pour l\u2019insertion par le sport"},"content":{"rendered":"","protected":false},"excerpt":{"rendered":"","protected":false},"author":11,"featured_media":16632,"comment_status":"open","ping_status":"open","sticky":false,"template":"","format":"standard","meta":{"_acf_changed":false,"footnotes":""},"categories":[184],"ville":[],"class_list":["post-16623","post","type-post","status-publish","format-standard","has-post-thumbnail","hentry","category-insertion"],"acf":[],"yoast_head":"<!-- This site is optimized with the Yoast SEO plugin v27.5 - https:\/\/yoast.com\/product\/yoast-seo-wordpress\/ -->\n<title>Une nouvelle pierre pour l\u2019insertion par le sport - Seine-Saint-Denis - L&#039;actualit\u00e9 du d\u00e9partement<\/title>\n<meta name=\"description\" content=\"Sport dans la Ville, association nationale d\u2019insertion par le sport, ouvrira le 11 septembre un grand campus \u00e0 Pantin. Ce nouveau lieu sportif en Seine-Saint-Denis doit accueillir entra\u00eenements, formations et job datings \u00e0 destination de jeunes en recherche d\u2019emploi. Acteur majeur de l\u2019\u00e9ducation par le sport depuis 1998, Sport dans la Ville est d\u00e9j\u00e0 pr\u00e9sente dans 6 villes de Seine-Saint-Denis.\" \/>\n<meta name=\"robots\" content=\"index, follow, max-snippet:-1, max-image-preview:large, max-video-preview:-1\" \/>\n<link rel=\"canonical\" href=\"https:\/\/seinesaintdenis.fr\/actualite\/emploi-entrepreneuriat\/insertion\/Une-nouvelle-pierre-pour-l\u2019insertion-par-le-sport-en-Seine-Saint-Denis\/\" \/>\n<meta property=\"og:locale\" content=\"fr_FR\" \/>\n<meta property=\"og:type\" content=\"article\" \/>\n<meta property=\"og:title\" content=\"Une nouvelle pierre pour l\u2019insertion par le sport - Seine-Saint-Denis - L&#039;actualit\u00e9 du d\u00e9partement\" \/>\n<meta property=\"og:description\" content=\"Sport dans la Ville, association nationale d\u2019insertion par le sport, ouvrira le 11 septembre un grand campus \u00e0 Pantin. Ce nouveau lieu sportif en Seine-Saint-Denis doit accueillir entra\u00eenements, formations et job datings \u00e0 destination de jeunes en recherche d\u2019emploi. Acteur majeur de l\u2019\u00e9ducation par le sport depuis 1998, Sport dans la Ville est d\u00e9j\u00e0 pr\u00e9sente dans 6 villes de Seine-Saint-Denis.\" \/>\n<meta property=\"og:url\" content=\"https:\/\/seinesaintdenis.fr\/actualite\/emploi-entrepreneuriat\/insertion\/Une-nouvelle-pierre-pour-l\u2019insertion-par-le-sport-en-Seine-Saint-Denis\/\" \/>\n<meta property=\"og:site_name\" content=\"Seine-Saint-Denis - L&#039;actualit\u00e9 du d\u00e9partement\" \/>\n<meta property=\"article:publisher\" content=\"https:\/\/www.facebook.com\/seinesaintdenisledepartement\" \/>\n<meta property=\"article:published_time\" content=\"2024-06-01T09:36:28+00:00\" \/>\n<meta property=\"article:modified_time\" content=\"2024-06-04T06:13:52+00:00\" \/>\n<meta property=\"og:image\" content=\"https:\/\/seinesaintdenis.fr\/actualite\/wp-content\/uploads\/2024\/05\/campus-sport-dans-la-ville-2.jpg\" \/>\n\t<meta property=\"og:image:width\" content=\"1090\" \/>\n\t<meta property=\"og:image:height\" content=\"560\" \/>\n\t<meta property=\"og:image:type\" content=\"image\/jpeg\" \/>\n<meta name=\"author\" content=\"Christophe Lehousse\" \/>\n<meta name=\"twitter:card\" content=\"summary_large_image\" \/>\n<meta name=\"twitter:creator\" content=\"@seinesaintdenis\" \/>\n<meta name=\"twitter:site\" content=\"@seinesaintdenis\" \/>\n<meta name=\"twitter:label1\" content=\"\u00c9crit par\" \/>\n\t<meta name=\"twitter:data1\" content=\"Christophe Lehousse\" \/>\n<script type=\"application\/ld+json\" class=\"yoast-schema-graph\">{\"@context\":\"https:\\\/\\\/schema.org\",\"@graph\":[{\"@type\":\"Article\",\"@id\":\"https:\\\/\\\/seinesaintdenis.fr\\\/actualite\\\/emploi-entrepreneuriat\\\/insertion\\\/Une-nouvelle-pierre-pour-l%e2%80%99insertion-par-le-sport-en-Seine-Saint-Denis\\\/#article\",\"isPartOf\":{\"@id\":\"https:\\\/\\\/seinesaintdenis.fr\\\/actualite\\\/emploi-entrepreneuriat\\\/insertion\\\/Une-nouvelle-pierre-pour-l%e2%80%99insertion-par-le-sport-en-Seine-Saint-Denis\\\/\"},\"author\":{\"name\":\"Christophe Lehousse\",\"@id\":\"https:\\\/\\\/seinesaintdenis.fr\\\/actualite\\\/#\\\/schema\\\/person\\\/b61e6c67c4017ad602f792f6b0316027\"},\"headline\":\"Une nouvelle pierre pour l\u2019insertion par le sport\",\"datePublished\":\"2024-06-01T09:36:28+00:00\",\"dateModified\":\"2024-06-04T06:13:52+00:00\",\"mainEntityOfPage\":{\"@id\":\"https:\\\/\\\/seinesaintdenis.fr\\\/actualite\\\/emploi-entrepreneuriat\\\/insertion\\\/Une-nouvelle-pierre-pour-l%e2%80%99insertion-par-le-sport-en-Seine-Saint-Denis\\\/\"},\"wordCount\":9,\"commentCount\":0,\"publisher\":{\"@id\":\"https:\\\/\\\/seinesaintdenis.fr\\\/actualite\\\/#organization\"},\"image\":{\"@id\":\"https:\\\/\\\/seinesaintdenis.fr\\\/actualite\\\/emploi-entrepreneuriat\\\/insertion\\\/Une-nouvelle-pierre-pour-l%e2%80%99insertion-par-le-sport-en-Seine-Saint-Denis\\\/#primaryimage\"},\"thumbnailUrl\":\"https:\\\/\\\/seinesaintdenis.fr\\\/actualite\\\/wp-content\\\/uploads\\\/2024\\\/05\\\/campus-sport-dans-la-ville-2.jpg\",\"articleSection\":[\"Insertion\"],\"inLanguage\":\"fr-FR\",\"potentialAction\":[{\"@type\":\"CommentAction\",\"name\":\"Comment\",\"target\":[\"https:\\\/\\\/seinesaintdenis.fr\\\/actualite\\\/emploi-entrepreneuriat\\\/insertion\\\/Une-nouvelle-pierre-pour-l%e2%80%99insertion-par-le-sport-en-Seine-Saint-Denis\\\/#respond\"]}]},{\"@type\":\"WebPage\",\"@id\":\"https:\\\/\\\/seinesaintdenis.fr\\\/actualite\\\/emploi-entrepreneuriat\\\/insertion\\\/Une-nouvelle-pierre-pour-l%e2%80%99insertion-par-le-sport-en-Seine-Saint-Denis\\\/\",\"url\":\"https:\\\/\\\/seinesaintdenis.fr\\\/actualite\\\/emploi-entrepreneuriat\\\/insertion\\\/Une-nouvelle-pierre-pour-l%e2%80%99insertion-par-le-sport-en-Seine-Saint-Denis\\\/\",\"name\":\"Une nouvelle pierre pour l\u2019insertion par le sport - Seine-Saint-Denis - L&#039;actualit\u00e9 du d\u00e9partement\",\"isPartOf\":{\"@id\":\"https:\\\/\\\/seinesaintdenis.fr\\\/actualite\\\/#website\"},\"primaryImageOfPage\":{\"@id\":\"https:\\\/\\\/seinesaintdenis.fr\\\/actualite\\\/emploi-entrepreneuriat\\\/insertion\\\/Une-nouvelle-pierre-pour-l%e2%80%99insertion-par-le-sport-en-Seine-Saint-Denis\\\/#primaryimage\"},\"image\":{\"@id\":\"https:\\\/\\\/seinesaintdenis.fr\\\/actualite\\\/emploi-entrepreneuriat\\\/insertion\\\/Une-nouvelle-pierre-pour-l%e2%80%99insertion-par-le-sport-en-Seine-Saint-Denis\\\/#primaryimage\"},\"thumbnailUrl\":\"https:\\\/\\\/seinesaintdenis.fr\\\/actualite\\\/wp-content\\\/uploads\\\/2024\\\/05\\\/campus-sport-dans-la-ville-2.jpg\",\"datePublished\":\"2024-06-01T09:36:28+00:00\",\"dateModified\":\"2024-06-04T06:13:52+00:00\",\"description\":\"Sport dans la Ville, association nationale d\u2019insertion par le sport, ouvrira le 11 septembre un grand campus \u00e0 Pantin. Ce nouveau lieu sportif en Seine-Saint-Denis doit accueillir entra\u00eenements, formations et job datings \u00e0 destination de jeunes en recherche d\u2019emploi. Acteur majeur de l\u2019\u00e9ducation par le sport depuis 1998, Sport dans la Ville est d\u00e9j\u00e0 pr\u00e9sente dans 6 villes de Seine-Saint-Denis.\",\"breadcrumb\":{\"@id\":\"https:\\\/\\\/seinesaintdenis.fr\\\/actualite\\\/emploi-entrepreneuriat\\\/insertion\\\/Une-nouvelle-pierre-pour-l%e2%80%99insertion-par-le-sport-en-Seine-Saint-Denis\\\/#breadcrumb\"},\"inLanguage\":\"fr-FR\",\"potentialAction\":[{\"@type\":\"ReadAction\",\"target\":[\"https:\\\/\\\/seinesaintdenis.fr\\\/actualite\\\/emploi-entrepreneuriat\\\/insertion\\\/Une-nouvelle-pierre-pour-l%e2%80%99insertion-par-le-sport-en-Seine-Saint-Denis\\\/\"]}]},{\"@type\":\"ImageObject\",\"inLanguage\":\"fr-FR\",\"@id\":\"https:\\\/\\\/seinesaintdenis.fr\\\/actualite\\\/emploi-entrepreneuriat\\\/insertion\\\/Une-nouvelle-pierre-pour-l%e2%80%99insertion-par-le-sport-en-Seine-Saint-Denis\\\/#primaryimage\",\"url\":\"https:\\\/\\\/seinesaintdenis.fr\\\/actualite\\\/wp-content\\\/uploads\\\/2024\\\/05\\\/campus-sport-dans-la-ville-2.jpg\",\"contentUrl\":\"https:\\\/\\\/seinesaintdenis.fr\\\/actualite\\\/wp-content\\\/uploads\\\/2024\\\/05\\\/campus-sport-dans-la-ville-2.jpg\",\"width\":1090,\"height\":560},{\"@type\":\"BreadcrumbList\",\"@id\":\"https:\\\/\\\/seinesaintdenis.fr\\\/actualite\\\/emploi-entrepreneuriat\\\/insertion\\\/Une-nouvelle-pierre-pour-l%e2%80%99insertion-par-le-sport-en-Seine-Saint-Denis\\\/#breadcrumb\",\"itemListElement\":[{\"@type\":\"ListItem\",\"position\":1,\"name\":\"Accueil\",\"item\":\"https:\\\/\\\/seinesaintdenis.fr\\\/actualite\\\/\"},{\"@type\":\"ListItem\",\"position\":2,\"name\":\"Emploi &amp; Entrepreneuriat\",\"item\":\"https:\\\/\\\/seinesaintdenis.fr\\\/actualite\\\/emploi-entrepreneuriat\\\/\"},{\"@type\":\"ListItem\",\"position\":3,\"name\":\"Insertion\",\"item\":\"https:\\\/\\\/seinesaintdenis.fr\\\/actualite\\\/emploi-entrepreneuriat\\\/insertion\\\/\"},{\"@type\":\"ListItem\",\"position\":4,\"name\":\"Une nouvelle pierre pour l\u2019insertion par le sport\"}]},{\"@type\":\"WebSite\",\"@id\":\"https:\\\/\\\/seinesaintdenis.fr\\\/actualite\\\/#website\",\"url\":\"https:\\\/\\\/seinesaintdenis.fr\\\/actualite\\\/\",\"name\":\"Seine-Saint-Denis - L'actualit\u00e9 du d\u00e9partement\",\"description\":\"L&#039;actualit\u00e9 du D\u00e9partement de la Seine-Saint-Denis\",\"publisher\":{\"@id\":\"https:\\\/\\\/seinesaintdenis.fr\\\/actualite\\\/#organization\"},\"potentialAction\":[{\"@type\":\"SearchAction\",\"target\":{\"@type\":\"EntryPoint\",\"urlTemplate\":\"https:\\\/\\\/seinesaintdenis.fr\\\/actualite\\\/?s={search_term_string}\"},\"query-input\":{\"@type\":\"PropertyValueSpecification\",\"valueRequired\":true,\"valueName\":\"search_term_string\"}}],\"inLanguage\":\"fr-FR\"},{\"@type\":\"Organization\",\"@id\":\"https:\\\/\\\/seinesaintdenis.fr\\\/actualite\\\/#organization\",\"name\":\"Seine-Saint-Denis - Le D\u00e9partement\",\"url\":\"https:\\\/\\\/seinesaintdenis.fr\\\/actualite\\\/\",\"logo\":{\"@type\":\"ImageObject\",\"inLanguage\":\"fr-FR\",\"@id\":\"https:\\\/\\\/seinesaintdenis.fr\\\/actualite\\\/#\\\/schema\\\/logo\\\/image\\\/\",\"url\":\"https:\\\/\\\/seinesaintdenis.fr\\\/actualite\\\/wp-content\\\/uploads\\\/2024\\\/08\\\/logo.png\",\"contentUrl\":\"https:\\\/\\\/seinesaintdenis.fr\\\/actualite\\\/wp-content\\\/uploads\\\/2024\\\/08\\\/logo.png\",\"width\":567,\"height\":172,\"caption\":\"Seine-Saint-Denis - Le D\u00e9partement\"},\"image\":{\"@id\":\"https:\\\/\\\/seinesaintdenis.fr\\\/actualite\\\/#\\\/schema\\\/logo\\\/image\\\/\"},\"sameAs\":[\"https:\\\/\\\/www.facebook.com\\\/seinesaintdenisledepartement\",\"https:\\\/\\\/x.com\\\/seinesaintdenis\",\"https:\\\/\\\/www.linkedin.com\\\/company\\\/seinesaintdenis\",\"https:\\\/\\\/www.instagram.com\\\/seine_saint_denis\\\/\",\"https:\\\/\\\/www.youtube.com\\\/channel\\\/UCR5YF9NnqiLCbnrKQgLUcIw\"]},{\"@type\":\"Person\",\"@id\":\"https:\\\/\\\/seinesaintdenis.fr\\\/actualite\\\/#\\\/schema\\\/person\\\/b61e6c67c4017ad602f792f6b0316027\",\"name\":\"Christophe Lehousse\",\"image\":{\"@type\":\"ImageObject\",\"inLanguage\":\"fr-FR\",\"@id\":\"https:\\\/\\\/secure.gravatar.com\\\/avatar\\\/474edaa980596bb8db66ecdbeb112f6442d5101a28bcd14acfd38a987868abd8?s=96&d=mm&r=g\",\"url\":\"https:\\\/\\\/secure.gravatar.com\\\/avatar\\\/474edaa980596bb8db66ecdbeb112f6442d5101a28bcd14acfd38a987868abd8?s=96&d=mm&r=g\",\"contentUrl\":\"https:\\\/\\\/secure.gravatar.com\\\/avatar\\\/474edaa980596bb8db66ecdbeb112f6442d5101a28bcd14acfd38a987868abd8?s=96&d=mm&r=g\",\"caption\":\"Christophe Lehousse\"},\"url\":\"https:\\\/\\\/seinesaintdenis.fr\\\/actualite\\\/author\\\/clehousse\\\/\"}]}<\/script>\n<!-- \/ Yoast SEO plugin. -->","yoast_head_json":{"title":"Une nouvelle pierre pour l\u2019insertion par le sport - Seine-Saint-Denis - L&#039;actualit\u00e9 du d\u00e9partement","description":"Sport dans la Ville, association nationale d\u2019insertion par le sport, ouvrira le 11 septembre un grand campus \u00e0 Pantin. Ce nouveau lieu sportif en Seine-Saint-Denis doit accueillir entra\u00eenements, formations et job datings \u00e0 destination de jeunes en recherche d\u2019emploi. Acteur majeur de l\u2019\u00e9ducation par le sport depuis 1998, Sport dans la Ville est d\u00e9j\u00e0 pr\u00e9sente dans 6 villes de Seine-Saint-Denis.","robots":{"index":"index","follow":"follow","max-snippet":"max-snippet:-1","max-image-preview":"max-image-preview:large","max-video-preview":"max-video-preview:-1"},"canonical":"https:\/\/seinesaintdenis.fr\/actualite\/emploi-entrepreneuriat\/insertion\/Une-nouvelle-pierre-pour-l\u2019insertion-par-le-sport-en-Seine-Saint-Denis\/","og_locale":"fr_FR","og_type":"article","og_title":"Une nouvelle pierre pour l\u2019insertion par le sport - Seine-Saint-Denis - L&#039;actualit\u00e9 du d\u00e9partement","og_description":"Sport dans la Ville, association nationale d\u2019insertion par le sport, ouvrira le 11 septembre un grand campus \u00e0 Pantin. Ce nouveau lieu sportif en Seine-Saint-Denis doit accueillir entra\u00eenements, formations et job datings \u00e0 destination de jeunes en recherche d\u2019emploi. Acteur majeur de l\u2019\u00e9ducation par le sport depuis 1998, Sport dans la Ville est d\u00e9j\u00e0 pr\u00e9sente dans 6 villes de Seine-Saint-Denis.","og_url":"https:\/\/seinesaintdenis.fr\/actualite\/emploi-entrepreneuriat\/insertion\/Une-nouvelle-pierre-pour-l\u2019insertion-par-le-sport-en-Seine-Saint-Denis\/","og_site_name":"Seine-Saint-Denis - L&#039;actualit\u00e9 du d\u00e9partement","article_publisher":"https:\/\/www.facebook.com\/seinesaintdenisledepartement","article_published_time":"2024-06-01T09:36:28+00:00","article_modified_time":"2024-06-04T06:13:52+00:00","og_image":[{"width":1090,"height":560,"url":"https:\/\/seinesaintdenis.fr\/actualite\/wp-content\/uploads\/2024\/05\/campus-sport-dans-la-ville-2.jpg","type":"image\/jpeg"}],"author":"Christophe Lehousse","twitter_card":"summary_large_image","twitter_creator":"@seinesaintdenis","twitter_site":"@seinesaintdenis","twitter_misc":{"\u00c9crit par":"Christophe Lehousse"},"schema":{"@context":"https:\/\/schema.org","@graph":[{"@type":"Article","@id":"https:\/\/seinesaintdenis.fr\/actualite\/emploi-entrepreneuriat\/insertion\/Une-nouvelle-pierre-pour-l%e2%80%99insertion-par-le-sport-en-Seine-Saint-Denis\/#article","isPartOf":{"@id":"https:\/\/seinesaintdenis.fr\/actualite\/emploi-entrepreneuriat\/insertion\/Une-nouvelle-pierre-pour-l%e2%80%99insertion-par-le-sport-en-Seine-Saint-Denis\/"},"author":{"name":"Christophe Lehousse","@id":"https:\/\/seinesaintdenis.fr\/actualite\/#\/schema\/person\/b61e6c67c4017ad602f792f6b0316027"},"headline":"Une nouvelle pierre pour l\u2019insertion par le sport","datePublished":"2024-06-01T09:36:28+00:00","dateModified":"2024-06-04T06:13:52+00:00","mainEntityOfPage":{"@id":"https:\/\/seinesaintdenis.fr\/actualite\/emploi-entrepreneuriat\/insertion\/Une-nouvelle-pierre-pour-l%e2%80%99insertion-par-le-sport-en-Seine-Saint-Denis\/"},"wordCount":9,"commentCount":0,"publisher":{"@id":"https:\/\/seinesaintdenis.fr\/actualite\/#organization"},"image":{"@id":"https:\/\/seinesaintdenis.fr\/actualite\/emploi-entrepreneuriat\/insertion\/Une-nouvelle-pierre-pour-l%e2%80%99insertion-par-le-sport-en-Seine-Saint-Denis\/#primaryimage"},"thumbnailUrl":"https:\/\/seinesaintdenis.fr\/actualite\/wp-content\/uploads\/2024\/05\/campus-sport-dans-la-ville-2.jpg","articleSection":["Insertion"],"inLanguage":"fr-FR","potentialAction":[{"@type":"CommentAction","name":"Comment","target":["https:\/\/seinesaintdenis.fr\/actualite\/emploi-entrepreneuriat\/insertion\/Une-nouvelle-pierre-pour-l%e2%80%99insertion-par-le-sport-en-Seine-Saint-Denis\/#respond"]}]},{"@type":"WebPage","@id":"https:\/\/seinesaintdenis.fr\/actualite\/emploi-entrepreneuriat\/insertion\/Une-nouvelle-pierre-pour-l%e2%80%99insertion-par-le-sport-en-Seine-Saint-Denis\/","url":"https:\/\/seinesaintdenis.fr\/actualite\/emploi-entrepreneuriat\/insertion\/Une-nouvelle-pierre-pour-l%e2%80%99insertion-par-le-sport-en-Seine-Saint-Denis\/","name":"Une nouvelle pierre pour l\u2019insertion par le sport - Seine-Saint-Denis - L&#039;actualit\u00e9 du d\u00e9partement","isPartOf":{"@id":"https:\/\/seinesaintdenis.fr\/actualite\/#website"},"primaryImageOfPage":{"@id":"https:\/\/seinesaintdenis.fr\/actualite\/emploi-entrepreneuriat\/insertion\/Une-nouvelle-pierre-pour-l%e2%80%99insertion-par-le-sport-en-Seine-Saint-Denis\/#primaryimage"},"image":{"@id":"https:\/\/seinesaintdenis.fr\/actualite\/emploi-entrepreneuriat\/insertion\/Une-nouvelle-pierre-pour-l%e2%80%99insertion-par-le-sport-en-Seine-Saint-Denis\/#primaryimage"},"thumbnailUrl":"https:\/\/seinesaintdenis.fr\/actualite\/wp-content\/uploads\/2024\/05\/campus-sport-dans-la-ville-2.jpg","datePublished":"2024-06-01T09:36:28+00:00","dateModified":"2024-06-04T06:13:52+00:00","description":"Sport dans la Ville, association nationale d\u2019insertion par le sport, ouvrira le 11 septembre un grand campus \u00e0 Pantin. Ce nouveau lieu sportif en Seine-Saint-Denis doit accueillir entra\u00eenements, formations et job datings \u00e0 destination de jeunes en recherche d\u2019emploi. Acteur majeur de l\u2019\u00e9ducation par le sport depuis 1998, Sport dans la Ville est d\u00e9j\u00e0 pr\u00e9sente dans 6 villes de Seine-Saint-Denis.","breadcrumb":{"@id":"https:\/\/seinesaintdenis.fr\/actualite\/emploi-entrepreneuriat\/insertion\/Une-nouvelle-pierre-pour-l%e2%80%99insertion-par-le-sport-en-Seine-Saint-Denis\/#breadcrumb"},"inLanguage":"fr-FR","potentialAction":[{"@type":"ReadAction","target":["https:\/\/seinesaintdenis.fr\/actualite\/emploi-entrepreneuriat\/insertion\/Une-nouvelle-pierre-pour-l%e2%80%99insertion-par-le-sport-en-Seine-Saint-Denis\/"]}]},{"@type":"ImageObject","inLanguage":"fr-FR","@id":"https:\/\/seinesaintdenis.fr\/actualite\/emploi-entrepreneuriat\/insertion\/Une-nouvelle-pierre-pour-l%e2%80%99insertion-par-le-sport-en-Seine-Saint-Denis\/#primaryimage","url":"https:\/\/seinesaintdenis.fr\/actualite\/wp-content\/uploads\/2024\/05\/campus-sport-dans-la-ville-2.jpg","contentUrl":"https:\/\/seinesaintdenis.fr\/actualite\/wp-content\/uploads\/2024\/05\/campus-sport-dans-la-ville-2.jpg","width":1090,"height":560},{"@type":"BreadcrumbList","@id":"https:\/\/seinesaintdenis.fr\/actualite\/emploi-entrepreneuriat\/insertion\/Une-nouvelle-pierre-pour-l%e2%80%99insertion-par-le-sport-en-Seine-Saint-Denis\/#breadcrumb","itemListElement":[{"@type":"ListItem","position":1,"name":"Accueil","item":"https:\/\/seinesaintdenis.fr\/actualite\/"},{"@type":"ListItem","position":2,"name":"Emploi &amp; Entrepreneuriat","item":"https:\/\/seinesaintdenis.fr\/actualite\/emploi-entrepreneuriat\/"},{"@type":"ListItem","position":3,"name":"Insertion","item":"https:\/\/seinesaintdenis.fr\/actualite\/emploi-entrepreneuriat\/insertion\/"},{"@type":"ListItem","position":4,"name":"Une nouvelle pierre pour l\u2019insertion par le sport"}]},{"@type":"WebSite","@id":"https:\/\/seinesaintdenis.fr\/actualite\/#website","url":"https:\/\/seinesaintdenis.fr\/actualite\/","name":"Seine-Saint-Denis - L'actualit\u00e9 du d\u00e9partement","description":"L&#039;actualit\u00e9 du D\u00e9partement de la Seine-Saint-Denis","publisher":{"@id":"https:\/\/seinesaintdenis.fr\/actualite\/#organization"},"potentialAction":[{"@type":"SearchAction","target":{"@type":"EntryPoint","urlTemplate":"https:\/\/seinesaintdenis.fr\/actualite\/?s={search_term_string}"},"query-input":{"@type":"PropertyValueSpecification","valueRequired":true,"valueName":"search_term_string"}}],"inLanguage":"fr-FR"},{"@type":"Organization","@id":"https:\/\/seinesaintdenis.fr\/actualite\/#organization","name":"Seine-Saint-Denis - Le D\u00e9partement","url":"https:\/\/seinesaintdenis.fr\/actualite\/","logo":{"@type":"ImageObject","inLanguage":"fr-FR","@id":"https:\/\/seinesaintdenis.fr\/actualite\/#\/schema\/logo\/image\/","url":"https:\/\/seinesaintdenis.fr\/actualite\/wp-content\/uploads\/2024\/08\/logo.png","contentUrl":"https:\/\/seinesaintdenis.fr\/actualite\/wp-content\/uploads\/2024\/08\/logo.png","width":567,"height":172,"caption":"Seine-Saint-Denis - Le D\u00e9partement"},"image":{"@id":"https:\/\/seinesaintdenis.fr\/actualite\/#\/schema\/logo\/image\/"},"sameAs":["https:\/\/www.facebook.com\/seinesaintdenisledepartement","https:\/\/x.com\/seinesaintdenis","https:\/\/www.linkedin.com\/company\/seinesaintdenis","https:\/\/www.instagram.com\/seine_saint_denis\/","https:\/\/www.youtube.com\/channel\/UCR5YF9NnqiLCbnrKQgLUcIw"]},{"@type":"Person","@id":"https:\/\/seinesaintdenis.fr\/actualite\/#\/schema\/person\/b61e6c67c4017ad602f792f6b0316027","name":"Christophe Lehousse","image":{"@type":"ImageObject","inLanguage":"fr-FR","@id":"https:\/\/secure.gravatar.com\/avatar\/474edaa980596bb8db66ecdbeb112f6442d5101a28bcd14acfd38a987868abd8?s=96&d=mm&r=g","url":"https:\/\/secure.gravatar.com\/avatar\/474edaa980596bb8db66ecdbeb112f6442d5101a28bcd14acfd38a987868abd8?s=96&d=mm&r=g","contentUrl":"https:\/\/secure.gravatar.com\/avatar\/474edaa980596bb8db66ecdbeb112f6442d5101a28bcd14acfd38a987868abd8?s=96&d=mm&r=g","caption":"Christophe Lehousse"},"url":"https:\/\/seinesaintdenis.fr\/actualite\/author\/clehousse\/"}]}},"_links":{"self":[{"href":"https:\/\/seinesaintdenis.fr\/actualite\/wp-json\/wp\/v2\/posts\/16623","targetHints":{"allow":["GET"]}}],"collection":[{"href":"https:\/\/seinesaintdenis.fr\/actualite\/wp-json\/wp\/v2\/posts"}],"about":[{"href":"https:\/\/seinesaintdenis.fr\/actualite\/wp-json\/wp\/v2\/types\/post"}],"author":[{"embeddable":true,"href":"https:\/\/seinesaintdenis.fr\/actualite\/wp-json\/wp\/v2\/users\/11"}],"replies":[{"embeddable":true,"href":"https:\/\/seinesaintdenis.fr\/actualite\/wp-json\/wp\/v2\/comments?post=16623"}],"version-history":[{"count":12,"href":"https:\/\/seinesaintdenis.fr\/actualite\/wp-json\/wp\/v2\/posts\/16623\/revisions"}],"predecessor-version":[{"id":16809,"href":"https:\/\/seinesaintdenis.fr\/actualite\/wp-json\/wp\/v2\/posts\/16623\/revisions\/16809"}],"wp:featuredmedia":[{"embeddable":true,"href":"https:\/\/seinesaintdenis.fr\/actualite\/wp-json\/wp\/v2\/media\/16632"}],"wp:attachment":[{"href":"https:\/\/seinesaintdenis.fr\/actualite\/wp-json\/wp\/v2\/media?parent=16623"}],"wp:term":[{"taxonomy":"category","embeddable":true,"href":"https:\/\/seinesaintdenis.fr\/actualite\/wp-json\/wp\/v2\/categories?post=16623"},{"taxonomy":"ville","embeddable":true,"href":"https:\/\/seinesaintdenis.fr\/actualite\/wp-json\/wp\/v2\/ville?post=16623"}],"curies":[{"name":"wp","href":"https:\/\/api.w.org\/{rel}","templated":true}]}}