{"id":16163,"date":"2024-06-03T15:43:18","date_gmt":"2024-06-03T13:43:18","guid":{"rendered":"https:\/\/seinesaintdenis.fr\/actualite\/?p=16163"},"modified":"2024-06-04T08:10:33","modified_gmt":"2024-06-04T06:10:33","slug":"Sophie-Loubaton-photosensible","status":"publish","type":"post","link":"https:\/\/seinesaintdenis.fr\/actualite\/culture-patrimoine\/Sophie-Loubaton-photosensible\/","title":{"rendered":"Sophie Loubaton, photosensible"},"content":{"rendered":"","protected":false},"excerpt":{"rendered":"","protected":false},"author":11,"featured_media":16501,"comment_status":"open","ping_status":"open","sticky":false,"template":"","format":"standard","meta":{"_acf_changed":false,"footnotes":""},"categories":[9],"ville":[77],"class_list":["post-16163","post","type-post","status-publish","format-standard","has-post-thumbnail","hentry","category-culture-patrimoine"],"acf":[],"yoast_head":"<!-- This site is optimized with the Yoast SEO plugin v27.4 - https:\/\/yoast.com\/product\/yoast-seo-wordpress\/ -->\n<title>Sophie Loubaton, photosensible - Seine-Saint-Denis - L&#039;actualit\u00e9 du d\u00e9partement<\/title>\n<meta name=\"description\" content=\"30 ans que cette photographe montreuilloise au regard humain balade son objectif dans tous les milieux. Usines, chantiers, \u00ab\u00a0petites mains\u00a0\u00bb\u00a0: le monde du travail dans toute sa noblesse ou sa cruaut\u00e9 la passionne. Une partie de son dernier travail en date, \u00ab\u00a0Logistique\u00a0\u00bb, est d\u2019ailleurs visible \u00e0 la Biblioth\u00e8que nationale, \u00e0 l\u2019expo \u00ab\u00a0La France sous leurs yeux\u00a0\u00bb.\" \/>\n<meta name=\"robots\" content=\"index, follow, max-snippet:-1, max-image-preview:large, max-video-preview:-1\" \/>\n<link rel=\"canonical\" href=\"https:\/\/seinesaintdenis.fr\/actualite\/culture-patrimoine\/Sophie-Loubaton-photosensible\/\" \/>\n<meta property=\"og:locale\" content=\"fr_FR\" \/>\n<meta property=\"og:type\" content=\"article\" \/>\n<meta property=\"og:title\" content=\"Sophie Loubaton, photosensible - Seine-Saint-Denis - L&#039;actualit\u00e9 du d\u00e9partement\" \/>\n<meta property=\"og:description\" content=\"30 ans que cette photographe montreuilloise au regard humain balade son objectif dans tous les milieux. Usines, chantiers, \u00ab\u00a0petites mains\u00a0\u00bb\u00a0: le monde du travail dans toute sa noblesse ou sa cruaut\u00e9 la passionne. Une partie de son dernier travail en date, \u00ab\u00a0Logistique\u00a0\u00bb, est d\u2019ailleurs visible \u00e0 la Biblioth\u00e8que nationale, \u00e0 l\u2019expo \u00ab\u00a0La France sous leurs yeux\u00a0\u00bb.\" \/>\n<meta property=\"og:url\" content=\"https:\/\/seinesaintdenis.fr\/actualite\/culture-patrimoine\/Sophie-Loubaton-photosensible\/\" \/>\n<meta property=\"og:site_name\" content=\"Seine-Saint-Denis - L&#039;actualit\u00e9 du d\u00e9partement\" \/>\n<meta property=\"article:publisher\" content=\"https:\/\/www.facebook.com\/seinesaintdenisledepartement\" \/>\n<meta property=\"article:published_time\" content=\"2024-06-03T13:43:18+00:00\" \/>\n<meta property=\"article:modified_time\" content=\"2024-06-04T06:10:33+00:00\" \/>\n<meta property=\"og:image\" content=\"https:\/\/seinesaintdenis.fr\/actualite\/wp-content\/uploads\/2024\/05\/sophie-loubaton-portrait.jpg\" \/>\n\t<meta property=\"og:image:width\" content=\"1090\" \/>\n\t<meta property=\"og:image:height\" content=\"560\" \/>\n\t<meta property=\"og:image:type\" content=\"image\/jpeg\" \/>\n<meta name=\"author\" content=\"Christophe Lehousse\" \/>\n<meta name=\"twitter:card\" content=\"summary_large_image\" \/>\n<meta name=\"twitter:creator\" content=\"@seinesaintdenis\" \/>\n<meta name=\"twitter:site\" content=\"@seinesaintdenis\" \/>\n<meta name=\"twitter:label1\" content=\"\u00c9crit par\" \/>\n\t<meta name=\"twitter:data1\" content=\"Christophe Lehousse\" \/>\n<script type=\"application\/ld+json\" class=\"yoast-schema-graph\">{\"@context\":\"https:\\\/\\\/schema.org\",\"@graph\":[{\"@type\":\"Article\",\"@id\":\"https:\\\/\\\/seinesaintdenis.fr\\\/actualite\\\/culture-patrimoine\\\/Sophie-Loubaton-photosensible\\\/#article\",\"isPartOf\":{\"@id\":\"https:\\\/\\\/seinesaintdenis.fr\\\/actualite\\\/culture-patrimoine\\\/Sophie-Loubaton-photosensible\\\/\"},\"author\":{\"name\":\"Christophe Lehousse\",\"@id\":\"https:\\\/\\\/seinesaintdenis.fr\\\/actualite\\\/#\\\/schema\\\/person\\\/b61e6c67c4017ad602f792f6b0316027\"},\"headline\":\"Sophie Loubaton, photosensible\",\"datePublished\":\"2024-06-03T13:43:18+00:00\",\"dateModified\":\"2024-06-04T06:10:33+00:00\",\"mainEntityOfPage\":{\"@id\":\"https:\\\/\\\/seinesaintdenis.fr\\\/actualite\\\/culture-patrimoine\\\/Sophie-Loubaton-photosensible\\\/\"},\"wordCount\":3,\"commentCount\":0,\"publisher\":{\"@id\":\"https:\\\/\\\/seinesaintdenis.fr\\\/actualite\\\/#organization\"},\"image\":{\"@id\":\"https:\\\/\\\/seinesaintdenis.fr\\\/actualite\\\/culture-patrimoine\\\/Sophie-Loubaton-photosensible\\\/#primaryimage\"},\"thumbnailUrl\":\"https:\\\/\\\/seinesaintdenis.fr\\\/actualite\\\/wp-content\\\/uploads\\\/2024\\\/05\\\/sophie-loubaton-portrait.jpg\",\"articleSection\":[\"Culture &amp; Patrimoine\"],\"inLanguage\":\"fr-FR\",\"potentialAction\":[{\"@type\":\"CommentAction\",\"name\":\"Comment\",\"target\":[\"https:\\\/\\\/seinesaintdenis.fr\\\/actualite\\\/culture-patrimoine\\\/Sophie-Loubaton-photosensible\\\/#respond\"]}]},{\"@type\":\"WebPage\",\"@id\":\"https:\\\/\\\/seinesaintdenis.fr\\\/actualite\\\/culture-patrimoine\\\/Sophie-Loubaton-photosensible\\\/\",\"url\":\"https:\\\/\\\/seinesaintdenis.fr\\\/actualite\\\/culture-patrimoine\\\/Sophie-Loubaton-photosensible\\\/\",\"name\":\"Sophie Loubaton, photosensible - Seine-Saint-Denis - L&#039;actualit\u00e9 du d\u00e9partement\",\"isPartOf\":{\"@id\":\"https:\\\/\\\/seinesaintdenis.fr\\\/actualite\\\/#website\"},\"primaryImageOfPage\":{\"@id\":\"https:\\\/\\\/seinesaintdenis.fr\\\/actualite\\\/culture-patrimoine\\\/Sophie-Loubaton-photosensible\\\/#primaryimage\"},\"image\":{\"@id\":\"https:\\\/\\\/seinesaintdenis.fr\\\/actualite\\\/culture-patrimoine\\\/Sophie-Loubaton-photosensible\\\/#primaryimage\"},\"thumbnailUrl\":\"https:\\\/\\\/seinesaintdenis.fr\\\/actualite\\\/wp-content\\\/uploads\\\/2024\\\/05\\\/sophie-loubaton-portrait.jpg\",\"datePublished\":\"2024-06-03T13:43:18+00:00\",\"dateModified\":\"2024-06-04T06:10:33+00:00\",\"description\":\"30 ans que cette photographe montreuilloise au regard humain balade son objectif dans tous les milieux. Usines, chantiers, \u00ab\u00a0petites mains\u00a0\u00bb\u00a0: le monde du travail dans toute sa noblesse ou sa cruaut\u00e9 la passionne. Une partie de son dernier travail en date, \u00ab\u00a0Logistique\u00a0\u00bb, est d\u2019ailleurs visible \u00e0 la Biblioth\u00e8que nationale, \u00e0 l\u2019expo \u00ab\u00a0La France sous leurs yeux\u00a0\u00bb.\",\"breadcrumb\":{\"@id\":\"https:\\\/\\\/seinesaintdenis.fr\\\/actualite\\\/culture-patrimoine\\\/Sophie-Loubaton-photosensible\\\/#breadcrumb\"},\"inLanguage\":\"fr-FR\",\"potentialAction\":[{\"@type\":\"ReadAction\",\"target\":[\"https:\\\/\\\/seinesaintdenis.fr\\\/actualite\\\/culture-patrimoine\\\/Sophie-Loubaton-photosensible\\\/\"]}]},{\"@type\":\"ImageObject\",\"inLanguage\":\"fr-FR\",\"@id\":\"https:\\\/\\\/seinesaintdenis.fr\\\/actualite\\\/culture-patrimoine\\\/Sophie-Loubaton-photosensible\\\/#primaryimage\",\"url\":\"https:\\\/\\\/seinesaintdenis.fr\\\/actualite\\\/wp-content\\\/uploads\\\/2024\\\/05\\\/sophie-loubaton-portrait.jpg\",\"contentUrl\":\"https:\\\/\\\/seinesaintdenis.fr\\\/actualite\\\/wp-content\\\/uploads\\\/2024\\\/05\\\/sophie-loubaton-portrait.jpg\",\"width\":1090,\"height\":560},{\"@type\":\"BreadcrumbList\",\"@id\":\"https:\\\/\\\/seinesaintdenis.fr\\\/actualite\\\/culture-patrimoine\\\/Sophie-Loubaton-photosensible\\\/#breadcrumb\",\"itemListElement\":[{\"@type\":\"ListItem\",\"position\":1,\"name\":\"Accueil\",\"item\":\"https:\\\/\\\/seinesaintdenis.fr\\\/actualite\\\/\"},{\"@type\":\"ListItem\",\"position\":2,\"name\":\"Culture &amp; Patrimoine\",\"item\":\"https:\\\/\\\/seinesaintdenis.fr\\\/actualite\\\/culture-patrimoine\\\/\"},{\"@type\":\"ListItem\",\"position\":3,\"name\":\"Sophie Loubaton, photosensible\"}]},{\"@type\":\"WebSite\",\"@id\":\"https:\\\/\\\/seinesaintdenis.fr\\\/actualite\\\/#website\",\"url\":\"https:\\\/\\\/seinesaintdenis.fr\\\/actualite\\\/\",\"name\":\"Seine-Saint-Denis - L'actualit\u00e9 du d\u00e9partement\",\"description\":\"L&#039;actualit\u00e9 du D\u00e9partement de la Seine-Saint-Denis\",\"publisher\":{\"@id\":\"https:\\\/\\\/seinesaintdenis.fr\\\/actualite\\\/#organization\"},\"potentialAction\":[{\"@type\":\"SearchAction\",\"target\":{\"@type\":\"EntryPoint\",\"urlTemplate\":\"https:\\\/\\\/seinesaintdenis.fr\\\/actualite\\\/?s={search_term_string}\"},\"query-input\":{\"@type\":\"PropertyValueSpecification\",\"valueRequired\":true,\"valueName\":\"search_term_string\"}}],\"inLanguage\":\"fr-FR\"},{\"@type\":\"Organization\",\"@id\":\"https:\\\/\\\/seinesaintdenis.fr\\\/actualite\\\/#organization\",\"name\":\"Seine-Saint-Denis - Le D\u00e9partement\",\"url\":\"https:\\\/\\\/seinesaintdenis.fr\\\/actualite\\\/\",\"logo\":{\"@type\":\"ImageObject\",\"inLanguage\":\"fr-FR\",\"@id\":\"https:\\\/\\\/seinesaintdenis.fr\\\/actualite\\\/#\\\/schema\\\/logo\\\/image\\\/\",\"url\":\"https:\\\/\\\/seinesaintdenis.fr\\\/actualite\\\/wp-content\\\/uploads\\\/2024\\\/08\\\/logo.png\",\"contentUrl\":\"https:\\\/\\\/seinesaintdenis.fr\\\/actualite\\\/wp-content\\\/uploads\\\/2024\\\/08\\\/logo.png\",\"width\":567,\"height\":172,\"caption\":\"Seine-Saint-Denis - Le D\u00e9partement\"},\"image\":{\"@id\":\"https:\\\/\\\/seinesaintdenis.fr\\\/actualite\\\/#\\\/schema\\\/logo\\\/image\\\/\"},\"sameAs\":[\"https:\\\/\\\/www.facebook.com\\\/seinesaintdenisledepartement\",\"https:\\\/\\\/x.com\\\/seinesaintdenis\",\"https:\\\/\\\/www.linkedin.com\\\/company\\\/seinesaintdenis\",\"https:\\\/\\\/www.instagram.com\\\/seine_saint_denis\\\/\",\"https:\\\/\\\/www.youtube.com\\\/channel\\\/UCR5YF9NnqiLCbnrKQgLUcIw\"]},{\"@type\":\"Person\",\"@id\":\"https:\\\/\\\/seinesaintdenis.fr\\\/actualite\\\/#\\\/schema\\\/person\\\/b61e6c67c4017ad602f792f6b0316027\",\"name\":\"Christophe Lehousse\",\"image\":{\"@type\":\"ImageObject\",\"inLanguage\":\"fr-FR\",\"@id\":\"https:\\\/\\\/secure.gravatar.com\\\/avatar\\\/474edaa980596bb8db66ecdbeb112f6442d5101a28bcd14acfd38a987868abd8?s=96&d=mm&r=g\",\"url\":\"https:\\\/\\\/secure.gravatar.com\\\/avatar\\\/474edaa980596bb8db66ecdbeb112f6442d5101a28bcd14acfd38a987868abd8?s=96&d=mm&r=g\",\"contentUrl\":\"https:\\\/\\\/secure.gravatar.com\\\/avatar\\\/474edaa980596bb8db66ecdbeb112f6442d5101a28bcd14acfd38a987868abd8?s=96&d=mm&r=g\",\"caption\":\"Christophe Lehousse\"},\"url\":\"https:\\\/\\\/seinesaintdenis.fr\\\/actualite\\\/author\\\/clehousse\\\/\"}]}<\/script>\n<!-- \/ Yoast SEO plugin. -->","yoast_head_json":{"title":"Sophie Loubaton, photosensible - Seine-Saint-Denis - L&#039;actualit\u00e9 du d\u00e9partement","description":"30 ans que cette photographe montreuilloise au regard humain balade son objectif dans tous les milieux. Usines, chantiers, \u00ab\u00a0petites mains\u00a0\u00bb\u00a0: le monde du travail dans toute sa noblesse ou sa cruaut\u00e9 la passionne. Une partie de son dernier travail en date, \u00ab\u00a0Logistique\u00a0\u00bb, est d\u2019ailleurs visible \u00e0 la Biblioth\u00e8que nationale, \u00e0 l\u2019expo \u00ab\u00a0La France sous leurs yeux\u00a0\u00bb.","robots":{"index":"index","follow":"follow","max-snippet":"max-snippet:-1","max-image-preview":"max-image-preview:large","max-video-preview":"max-video-preview:-1"},"canonical":"https:\/\/seinesaintdenis.fr\/actualite\/culture-patrimoine\/Sophie-Loubaton-photosensible\/","og_locale":"fr_FR","og_type":"article","og_title":"Sophie Loubaton, photosensible - Seine-Saint-Denis - L&#039;actualit\u00e9 du d\u00e9partement","og_description":"30 ans que cette photographe montreuilloise au regard humain balade son objectif dans tous les milieux. Usines, chantiers, \u00ab\u00a0petites mains\u00a0\u00bb\u00a0: le monde du travail dans toute sa noblesse ou sa cruaut\u00e9 la passionne. Une partie de son dernier travail en date, \u00ab\u00a0Logistique\u00a0\u00bb, est d\u2019ailleurs visible \u00e0 la Biblioth\u00e8que nationale, \u00e0 l\u2019expo \u00ab\u00a0La France sous leurs yeux\u00a0\u00bb.","og_url":"https:\/\/seinesaintdenis.fr\/actualite\/culture-patrimoine\/Sophie-Loubaton-photosensible\/","og_site_name":"Seine-Saint-Denis - L&#039;actualit\u00e9 du d\u00e9partement","article_publisher":"https:\/\/www.facebook.com\/seinesaintdenisledepartement","article_published_time":"2024-06-03T13:43:18+00:00","article_modified_time":"2024-06-04T06:10:33+00:00","og_image":[{"width":1090,"height":560,"url":"https:\/\/seinesaintdenis.fr\/actualite\/wp-content\/uploads\/2024\/05\/sophie-loubaton-portrait.jpg","type":"image\/jpeg"}],"author":"Christophe Lehousse","twitter_card":"summary_large_image","twitter_creator":"@seinesaintdenis","twitter_site":"@seinesaintdenis","twitter_misc":{"\u00c9crit par":"Christophe Lehousse"},"schema":{"@context":"https:\/\/schema.org","@graph":[{"@type":"Article","@id":"https:\/\/seinesaintdenis.fr\/actualite\/culture-patrimoine\/Sophie-Loubaton-photosensible\/#article","isPartOf":{"@id":"https:\/\/seinesaintdenis.fr\/actualite\/culture-patrimoine\/Sophie-Loubaton-photosensible\/"},"author":{"name":"Christophe Lehousse","@id":"https:\/\/seinesaintdenis.fr\/actualite\/#\/schema\/person\/b61e6c67c4017ad602f792f6b0316027"},"headline":"Sophie Loubaton, photosensible","datePublished":"2024-06-03T13:43:18+00:00","dateModified":"2024-06-04T06:10:33+00:00","mainEntityOfPage":{"@id":"https:\/\/seinesaintdenis.fr\/actualite\/culture-patrimoine\/Sophie-Loubaton-photosensible\/"},"wordCount":3,"commentCount":0,"publisher":{"@id":"https:\/\/seinesaintdenis.fr\/actualite\/#organization"},"image":{"@id":"https:\/\/seinesaintdenis.fr\/actualite\/culture-patrimoine\/Sophie-Loubaton-photosensible\/#primaryimage"},"thumbnailUrl":"https:\/\/seinesaintdenis.fr\/actualite\/wp-content\/uploads\/2024\/05\/sophie-loubaton-portrait.jpg","articleSection":["Culture &amp; Patrimoine"],"inLanguage":"fr-FR","potentialAction":[{"@type":"CommentAction","name":"Comment","target":["https:\/\/seinesaintdenis.fr\/actualite\/culture-patrimoine\/Sophie-Loubaton-photosensible\/#respond"]}]},{"@type":"WebPage","@id":"https:\/\/seinesaintdenis.fr\/actualite\/culture-patrimoine\/Sophie-Loubaton-photosensible\/","url":"https:\/\/seinesaintdenis.fr\/actualite\/culture-patrimoine\/Sophie-Loubaton-photosensible\/","name":"Sophie Loubaton, photosensible - Seine-Saint-Denis - L&#039;actualit\u00e9 du d\u00e9partement","isPartOf":{"@id":"https:\/\/seinesaintdenis.fr\/actualite\/#website"},"primaryImageOfPage":{"@id":"https:\/\/seinesaintdenis.fr\/actualite\/culture-patrimoine\/Sophie-Loubaton-photosensible\/#primaryimage"},"image":{"@id":"https:\/\/seinesaintdenis.fr\/actualite\/culture-patrimoine\/Sophie-Loubaton-photosensible\/#primaryimage"},"thumbnailUrl":"https:\/\/seinesaintdenis.fr\/actualite\/wp-content\/uploads\/2024\/05\/sophie-loubaton-portrait.jpg","datePublished":"2024-06-03T13:43:18+00:00","dateModified":"2024-06-04T06:10:33+00:00","description":"30 ans que cette photographe montreuilloise au regard humain balade son objectif dans tous les milieux. Usines, chantiers, \u00ab\u00a0petites mains\u00a0\u00bb\u00a0: le monde du travail dans toute sa noblesse ou sa cruaut\u00e9 la passionne. Une partie de son dernier travail en date, \u00ab\u00a0Logistique\u00a0\u00bb, est d\u2019ailleurs visible \u00e0 la Biblioth\u00e8que nationale, \u00e0 l\u2019expo \u00ab\u00a0La France sous leurs yeux\u00a0\u00bb.","breadcrumb":{"@id":"https:\/\/seinesaintdenis.fr\/actualite\/culture-patrimoine\/Sophie-Loubaton-photosensible\/#breadcrumb"},"inLanguage":"fr-FR","potentialAction":[{"@type":"ReadAction","target":["https:\/\/seinesaintdenis.fr\/actualite\/culture-patrimoine\/Sophie-Loubaton-photosensible\/"]}]},{"@type":"ImageObject","inLanguage":"fr-FR","@id":"https:\/\/seinesaintdenis.fr\/actualite\/culture-patrimoine\/Sophie-Loubaton-photosensible\/#primaryimage","url":"https:\/\/seinesaintdenis.fr\/actualite\/wp-content\/uploads\/2024\/05\/sophie-loubaton-portrait.jpg","contentUrl":"https:\/\/seinesaintdenis.fr\/actualite\/wp-content\/uploads\/2024\/05\/sophie-loubaton-portrait.jpg","width":1090,"height":560},{"@type":"BreadcrumbList","@id":"https:\/\/seinesaintdenis.fr\/actualite\/culture-patrimoine\/Sophie-Loubaton-photosensible\/#breadcrumb","itemListElement":[{"@type":"ListItem","position":1,"name":"Accueil","item":"https:\/\/seinesaintdenis.fr\/actualite\/"},{"@type":"ListItem","position":2,"name":"Culture &amp; Patrimoine","item":"https:\/\/seinesaintdenis.fr\/actualite\/culture-patrimoine\/"},{"@type":"ListItem","position":3,"name":"Sophie Loubaton, photosensible"}]},{"@type":"WebSite","@id":"https:\/\/seinesaintdenis.fr\/actualite\/#website","url":"https:\/\/seinesaintdenis.fr\/actualite\/","name":"Seine-Saint-Denis - L'actualit\u00e9 du d\u00e9partement","description":"L&#039;actualit\u00e9 du D\u00e9partement de la Seine-Saint-Denis","publisher":{"@id":"https:\/\/seinesaintdenis.fr\/actualite\/#organization"},"potentialAction":[{"@type":"SearchAction","target":{"@type":"EntryPoint","urlTemplate":"https:\/\/seinesaintdenis.fr\/actualite\/?s={search_term_string}"},"query-input":{"@type":"PropertyValueSpecification","valueRequired":true,"valueName":"search_term_string"}}],"inLanguage":"fr-FR"},{"@type":"Organization","@id":"https:\/\/seinesaintdenis.fr\/actualite\/#organization","name":"Seine-Saint-Denis - Le D\u00e9partement","url":"https:\/\/seinesaintdenis.fr\/actualite\/","logo":{"@type":"ImageObject","inLanguage":"fr-FR","@id":"https:\/\/seinesaintdenis.fr\/actualite\/#\/schema\/logo\/image\/","url":"https:\/\/seinesaintdenis.fr\/actualite\/wp-content\/uploads\/2024\/08\/logo.png","contentUrl":"https:\/\/seinesaintdenis.fr\/actualite\/wp-content\/uploads\/2024\/08\/logo.png","width":567,"height":172,"caption":"Seine-Saint-Denis - Le D\u00e9partement"},"image":{"@id":"https:\/\/seinesaintdenis.fr\/actualite\/#\/schema\/logo\/image\/"},"sameAs":["https:\/\/www.facebook.com\/seinesaintdenisledepartement","https:\/\/x.com\/seinesaintdenis","https:\/\/www.linkedin.com\/company\/seinesaintdenis","https:\/\/www.instagram.com\/seine_saint_denis\/","https:\/\/www.youtube.com\/channel\/UCR5YF9NnqiLCbnrKQgLUcIw"]},{"@type":"Person","@id":"https:\/\/seinesaintdenis.fr\/actualite\/#\/schema\/person\/b61e6c67c4017ad602f792f6b0316027","name":"Christophe Lehousse","image":{"@type":"ImageObject","inLanguage":"fr-FR","@id":"https:\/\/secure.gravatar.com\/avatar\/474edaa980596bb8db66ecdbeb112f6442d5101a28bcd14acfd38a987868abd8?s=96&d=mm&r=g","url":"https:\/\/secure.gravatar.com\/avatar\/474edaa980596bb8db66ecdbeb112f6442d5101a28bcd14acfd38a987868abd8?s=96&d=mm&r=g","contentUrl":"https:\/\/secure.gravatar.com\/avatar\/474edaa980596bb8db66ecdbeb112f6442d5101a28bcd14acfd38a987868abd8?s=96&d=mm&r=g","caption":"Christophe Lehousse"},"url":"https:\/\/seinesaintdenis.fr\/actualite\/author\/clehousse\/"}]}},"_links":{"self":[{"href":"https:\/\/seinesaintdenis.fr\/actualite\/wp-json\/wp\/v2\/posts\/16163","targetHints":{"allow":["GET"]}}],"collection":[{"href":"https:\/\/seinesaintdenis.fr\/actualite\/wp-json\/wp\/v2\/posts"}],"about":[{"href":"https:\/\/seinesaintdenis.fr\/actualite\/wp-json\/wp\/v2\/types\/post"}],"author":[{"embeddable":true,"href":"https:\/\/seinesaintdenis.fr\/actualite\/wp-json\/wp\/v2\/users\/11"}],"replies":[{"embeddable":true,"href":"https:\/\/seinesaintdenis.fr\/actualite\/wp-json\/wp\/v2\/comments?post=16163"}],"version-history":[{"count":5,"href":"https:\/\/seinesaintdenis.fr\/actualite\/wp-json\/wp\/v2\/posts\/16163\/revisions"}],"predecessor-version":[{"id":16808,"href":"https:\/\/seinesaintdenis.fr\/actualite\/wp-json\/wp\/v2\/posts\/16163\/revisions\/16808"}],"wp:featuredmedia":[{"embeddable":true,"href":"https:\/\/seinesaintdenis.fr\/actualite\/wp-json\/wp\/v2\/media\/16501"}],"wp:attachment":[{"href":"https:\/\/seinesaintdenis.fr\/actualite\/wp-json\/wp\/v2\/media?parent=16163"}],"wp:term":[{"taxonomy":"category","embeddable":true,"href":"https:\/\/seinesaintdenis.fr\/actualite\/wp-json\/wp\/v2\/categories?post=16163"},{"taxonomy":"ville","embeddable":true,"href":"https:\/\/seinesaintdenis.fr\/actualite\/wp-json\/wp\/v2\/ville?post=16163"}],"curies":[{"name":"wp","href":"https:\/\/api.w.org\/{rel}","templated":true}]}}