{"id":15777,"date":"2024-05-13T19:13:30","date_gmt":"2024-05-13T17:13:30","guid":{"rendered":"https:\/\/seinesaintdenis.fr\/actualite\/?p=15777"},"modified":"2024-05-14T08:52:43","modified_gmt":"2024-05-14T06:52:43","slug":"Cantate-l%e2%80%99Olympiade-de-tout-son-choeur","status":"publish","type":"post","link":"https:\/\/seinesaintdenis.fr\/actualite\/culture-patrimoine\/Cantate-l%e2%80%99Olympiade-de-tout-son-choeur\/","title":{"rendered":"Cantate, l\u2019Olympiade de tout son ch\u0153ur"},"content":{"rendered":"","protected":false},"excerpt":{"rendered":"","protected":false},"author":10,"featured_media":15868,"comment_status":"open","ping_status":"open","sticky":false,"template":"","format":"standard","meta":{"_acf_changed":false,"footnotes":""},"categories":[9],"ville":[57],"class_list":["post-15777","post","type-post","status-publish","format-standard","has-post-thumbnail","hentry","category-culture-patrimoine"],"acf":[],"yoast_head":"<!-- This site is optimized with the Yoast SEO plugin v27.5 - https:\/\/yoast.com\/product\/yoast-seo-wordpress\/ -->\n<title>Cantate, l\u2019Olympiade de tout son ch\u0153ur - Seine-Saint-Denis - L&#039;actualit\u00e9 du d\u00e9partement<\/title>\n<meta name=\"description\" content=\"Apr\u00e8s avoir collect\u00e9 des chants aupr\u00e8s des habitant\u00b7e\u00b7s, le groupe Sequenza 93 pr\u00e9pare des concerts de restitution. En mai, les parcs d\u00e9partementaux de Seine-Saint-Denis offriront un magnifique \u00e9crin au projet musical \u00ab Cantate 2024 \u00bb. Reportage dans les coulisses des r\u00e9p\u00e9titions avec la chorale XXL de Sequenza 9.3 au Conservatoire \u00e0 rayonnement r\u00e9gional d\u2019Aubervilliers.\" \/>\n<meta name=\"robots\" content=\"index, follow, max-snippet:-1, max-image-preview:large, max-video-preview:-1\" \/>\n<link rel=\"canonical\" href=\"https:\/\/seinesaintdenis.fr\/actualite\/culture-patrimoine\/Cantate-l\u2019Olympiade-de-tout-son-choeur\/\" \/>\n<meta property=\"og:locale\" content=\"fr_FR\" \/>\n<meta property=\"og:type\" content=\"article\" \/>\n<meta property=\"og:title\" content=\"Cantate, l\u2019Olympiade de tout son ch\u0153ur - Seine-Saint-Denis - L&#039;actualit\u00e9 du d\u00e9partement\" \/>\n<meta property=\"og:description\" content=\"Apr\u00e8s avoir collect\u00e9 des chants aupr\u00e8s des habitant\u00b7e\u00b7s, le groupe Sequenza 93 pr\u00e9pare des concerts de restitution. En mai, les parcs d\u00e9partementaux de Seine-Saint-Denis offriront un magnifique \u00e9crin au projet musical \u00ab Cantate 2024 \u00bb. Reportage dans les coulisses des r\u00e9p\u00e9titions avec la chorale XXL de Sequenza 9.3 au Conservatoire \u00e0 rayonnement r\u00e9gional d\u2019Aubervilliers.\" \/>\n<meta property=\"og:url\" content=\"https:\/\/seinesaintdenis.fr\/actualite\/culture-patrimoine\/Cantate-l\u2019Olympiade-de-tout-son-choeur\/\" \/>\n<meta property=\"og:site_name\" content=\"Seine-Saint-Denis - L&#039;actualit\u00e9 du d\u00e9partement\" \/>\n<meta property=\"article:publisher\" content=\"https:\/\/www.facebook.com\/seinesaintdenisledepartement\" \/>\n<meta property=\"article:published_time\" content=\"2024-05-13T17:13:30+00:00\" \/>\n<meta property=\"article:modified_time\" content=\"2024-05-14T06:52:43+00:00\" \/>\n<meta property=\"og:image\" content=\"https:\/\/seinesaintdenis.fr\/actualite\/wp-content\/uploads\/2024\/05\/photo-1-cantate.jpg\" \/>\n\t<meta property=\"og:image:width\" content=\"1090\" \/>\n\t<meta property=\"og:image:height\" content=\"560\" \/>\n\t<meta property=\"og:image:type\" content=\"image\/jpeg\" \/>\n<meta name=\"author\" content=\"Isabelle Lopez\" \/>\n<meta name=\"twitter:card\" content=\"summary_large_image\" \/>\n<meta name=\"twitter:creator\" content=\"@seinesaintdenis\" \/>\n<meta name=\"twitter:site\" content=\"@seinesaintdenis\" \/>\n<meta name=\"twitter:label1\" content=\"\u00c9crit par\" \/>\n\t<meta name=\"twitter:data1\" content=\"Isabelle Lopez\" \/>\n<script type=\"application\/ld+json\" class=\"yoast-schema-graph\">{\"@context\":\"https:\\\/\\\/schema.org\",\"@graph\":[{\"@type\":\"Article\",\"@id\":\"https:\\\/\\\/seinesaintdenis.fr\\\/actualite\\\/culture-patrimoine\\\/Cantate-l%e2%80%99Olympiade-de-tout-son-choeur\\\/#article\",\"isPartOf\":{\"@id\":\"https:\\\/\\\/seinesaintdenis.fr\\\/actualite\\\/culture-patrimoine\\\/Cantate-l%e2%80%99Olympiade-de-tout-son-choeur\\\/\"},\"author\":{\"name\":\"Isabelle Lopez\",\"@id\":\"https:\\\/\\\/seinesaintdenis.fr\\\/actualite\\\/#\\\/schema\\\/person\\\/224e08118524135442dd50ad680a40b5\"},\"headline\":\"Cantate, l\u2019Olympiade de tout son ch\u0153ur\",\"datePublished\":\"2024-05-13T17:13:30+00:00\",\"dateModified\":\"2024-05-14T06:52:43+00:00\",\"mainEntityOfPage\":{\"@id\":\"https:\\\/\\\/seinesaintdenis.fr\\\/actualite\\\/culture-patrimoine\\\/Cantate-l%e2%80%99Olympiade-de-tout-son-choeur\\\/\"},\"wordCount\":8,\"commentCount\":0,\"publisher\":{\"@id\":\"https:\\\/\\\/seinesaintdenis.fr\\\/actualite\\\/#organization\"},\"image\":{\"@id\":\"https:\\\/\\\/seinesaintdenis.fr\\\/actualite\\\/culture-patrimoine\\\/Cantate-l%e2%80%99Olympiade-de-tout-son-choeur\\\/#primaryimage\"},\"thumbnailUrl\":\"https:\\\/\\\/seinesaintdenis.fr\\\/actualite\\\/wp-content\\\/uploads\\\/2024\\\/05\\\/photo-1-cantate.jpg\",\"articleSection\":[\"Culture &amp; Patrimoine\"],\"inLanguage\":\"fr-FR\",\"potentialAction\":[{\"@type\":\"CommentAction\",\"name\":\"Comment\",\"target\":[\"https:\\\/\\\/seinesaintdenis.fr\\\/actualite\\\/culture-patrimoine\\\/Cantate-l%e2%80%99Olympiade-de-tout-son-choeur\\\/#respond\"]}]},{\"@type\":\"WebPage\",\"@id\":\"https:\\\/\\\/seinesaintdenis.fr\\\/actualite\\\/culture-patrimoine\\\/Cantate-l%e2%80%99Olympiade-de-tout-son-choeur\\\/\",\"url\":\"https:\\\/\\\/seinesaintdenis.fr\\\/actualite\\\/culture-patrimoine\\\/Cantate-l%e2%80%99Olympiade-de-tout-son-choeur\\\/\",\"name\":\"Cantate, l\u2019Olympiade de tout son ch\u0153ur - Seine-Saint-Denis - L&#039;actualit\u00e9 du d\u00e9partement\",\"isPartOf\":{\"@id\":\"https:\\\/\\\/seinesaintdenis.fr\\\/actualite\\\/#website\"},\"primaryImageOfPage\":{\"@id\":\"https:\\\/\\\/seinesaintdenis.fr\\\/actualite\\\/culture-patrimoine\\\/Cantate-l%e2%80%99Olympiade-de-tout-son-choeur\\\/#primaryimage\"},\"image\":{\"@id\":\"https:\\\/\\\/seinesaintdenis.fr\\\/actualite\\\/culture-patrimoine\\\/Cantate-l%e2%80%99Olympiade-de-tout-son-choeur\\\/#primaryimage\"},\"thumbnailUrl\":\"https:\\\/\\\/seinesaintdenis.fr\\\/actualite\\\/wp-content\\\/uploads\\\/2024\\\/05\\\/photo-1-cantate.jpg\",\"datePublished\":\"2024-05-13T17:13:30+00:00\",\"dateModified\":\"2024-05-14T06:52:43+00:00\",\"description\":\"Apr\u00e8s avoir collect\u00e9 des chants aupr\u00e8s des habitant\u00b7e\u00b7s, le groupe Sequenza 93 pr\u00e9pare des concerts de restitution. En mai, les parcs d\u00e9partementaux de Seine-Saint-Denis offriront un magnifique \u00e9crin au projet musical \u00ab Cantate 2024 \u00bb. Reportage dans les coulisses des r\u00e9p\u00e9titions avec la chorale XXL de Sequenza 9.3 au Conservatoire \u00e0 rayonnement r\u00e9gional d\u2019Aubervilliers.\",\"breadcrumb\":{\"@id\":\"https:\\\/\\\/seinesaintdenis.fr\\\/actualite\\\/culture-patrimoine\\\/Cantate-l%e2%80%99Olympiade-de-tout-son-choeur\\\/#breadcrumb\"},\"inLanguage\":\"fr-FR\",\"potentialAction\":[{\"@type\":\"ReadAction\",\"target\":[\"https:\\\/\\\/seinesaintdenis.fr\\\/actualite\\\/culture-patrimoine\\\/Cantate-l%e2%80%99Olympiade-de-tout-son-choeur\\\/\"]}]},{\"@type\":\"ImageObject\",\"inLanguage\":\"fr-FR\",\"@id\":\"https:\\\/\\\/seinesaintdenis.fr\\\/actualite\\\/culture-patrimoine\\\/Cantate-l%e2%80%99Olympiade-de-tout-son-choeur\\\/#primaryimage\",\"url\":\"https:\\\/\\\/seinesaintdenis.fr\\\/actualite\\\/wp-content\\\/uploads\\\/2024\\\/05\\\/photo-1-cantate.jpg\",\"contentUrl\":\"https:\\\/\\\/seinesaintdenis.fr\\\/actualite\\\/wp-content\\\/uploads\\\/2024\\\/05\\\/photo-1-cantate.jpg\",\"width\":1090,\"height\":560,\"caption\":\"Repetition Cantate Ensemble vocal Sequenza 9.3 | Sequenza 9.3\"},{\"@type\":\"BreadcrumbList\",\"@id\":\"https:\\\/\\\/seinesaintdenis.fr\\\/actualite\\\/culture-patrimoine\\\/Cantate-l%e2%80%99Olympiade-de-tout-son-choeur\\\/#breadcrumb\",\"itemListElement\":[{\"@type\":\"ListItem\",\"position\":1,\"name\":\"Accueil\",\"item\":\"https:\\\/\\\/seinesaintdenis.fr\\\/actualite\\\/\"},{\"@type\":\"ListItem\",\"position\":2,\"name\":\"Culture &amp; Patrimoine\",\"item\":\"https:\\\/\\\/seinesaintdenis.fr\\\/actualite\\\/culture-patrimoine\\\/\"},{\"@type\":\"ListItem\",\"position\":3,\"name\":\"Cantate, l\u2019Olympiade de tout son ch\u0153ur\"}]},{\"@type\":\"WebSite\",\"@id\":\"https:\\\/\\\/seinesaintdenis.fr\\\/actualite\\\/#website\",\"url\":\"https:\\\/\\\/seinesaintdenis.fr\\\/actualite\\\/\",\"name\":\"Seine-Saint-Denis - L'actualit\u00e9 du d\u00e9partement\",\"description\":\"L&#039;actualit\u00e9 du D\u00e9partement de la Seine-Saint-Denis\",\"publisher\":{\"@id\":\"https:\\\/\\\/seinesaintdenis.fr\\\/actualite\\\/#organization\"},\"potentialAction\":[{\"@type\":\"SearchAction\",\"target\":{\"@type\":\"EntryPoint\",\"urlTemplate\":\"https:\\\/\\\/seinesaintdenis.fr\\\/actualite\\\/?s={search_term_string}\"},\"query-input\":{\"@type\":\"PropertyValueSpecification\",\"valueRequired\":true,\"valueName\":\"search_term_string\"}}],\"inLanguage\":\"fr-FR\"},{\"@type\":\"Organization\",\"@id\":\"https:\\\/\\\/seinesaintdenis.fr\\\/actualite\\\/#organization\",\"name\":\"Seine-Saint-Denis - Le D\u00e9partement\",\"url\":\"https:\\\/\\\/seinesaintdenis.fr\\\/actualite\\\/\",\"logo\":{\"@type\":\"ImageObject\",\"inLanguage\":\"fr-FR\",\"@id\":\"https:\\\/\\\/seinesaintdenis.fr\\\/actualite\\\/#\\\/schema\\\/logo\\\/image\\\/\",\"url\":\"https:\\\/\\\/seinesaintdenis.fr\\\/actualite\\\/wp-content\\\/uploads\\\/2024\\\/08\\\/logo.png\",\"contentUrl\":\"https:\\\/\\\/seinesaintdenis.fr\\\/actualite\\\/wp-content\\\/uploads\\\/2024\\\/08\\\/logo.png\",\"width\":567,\"height\":172,\"caption\":\"Seine-Saint-Denis - Le D\u00e9partement\"},\"image\":{\"@id\":\"https:\\\/\\\/seinesaintdenis.fr\\\/actualite\\\/#\\\/schema\\\/logo\\\/image\\\/\"},\"sameAs\":[\"https:\\\/\\\/www.facebook.com\\\/seinesaintdenisledepartement\",\"https:\\\/\\\/x.com\\\/seinesaintdenis\",\"https:\\\/\\\/www.linkedin.com\\\/company\\\/seinesaintdenis\",\"https:\\\/\\\/www.instagram.com\\\/seine_saint_denis\\\/\",\"https:\\\/\\\/www.youtube.com\\\/channel\\\/UCR5YF9NnqiLCbnrKQgLUcIw\"]},{\"@type\":\"Person\",\"@id\":\"https:\\\/\\\/seinesaintdenis.fr\\\/actualite\\\/#\\\/schema\\\/person\\\/224e08118524135442dd50ad680a40b5\",\"name\":\"Isabelle Lopez\",\"image\":{\"@type\":\"ImageObject\",\"inLanguage\":\"fr-FR\",\"@id\":\"https:\\\/\\\/secure.gravatar.com\\\/avatar\\\/f72540b87bdbdfcf308e47dedb585d725053344b7bb1b1b39825d18f92170575?s=96&d=mm&r=g\",\"url\":\"https:\\\/\\\/secure.gravatar.com\\\/avatar\\\/f72540b87bdbdfcf308e47dedb585d725053344b7bb1b1b39825d18f92170575?s=96&d=mm&r=g\",\"contentUrl\":\"https:\\\/\\\/secure.gravatar.com\\\/avatar\\\/f72540b87bdbdfcf308e47dedb585d725053344b7bb1b1b39825d18f92170575?s=96&d=mm&r=g\",\"caption\":\"Isabelle Lopez\"},\"url\":\"https:\\\/\\\/seinesaintdenis.fr\\\/actualite\\\/author\\\/ilopez\\\/\"}]}<\/script>\n<!-- \/ Yoast SEO plugin. -->","yoast_head_json":{"title":"Cantate, l\u2019Olympiade de tout son ch\u0153ur - Seine-Saint-Denis - L&#039;actualit\u00e9 du d\u00e9partement","description":"Apr\u00e8s avoir collect\u00e9 des chants aupr\u00e8s des habitant\u00b7e\u00b7s, le groupe Sequenza 93 pr\u00e9pare des concerts de restitution. En mai, les parcs d\u00e9partementaux de Seine-Saint-Denis offriront un magnifique \u00e9crin au projet musical \u00ab Cantate 2024 \u00bb. Reportage dans les coulisses des r\u00e9p\u00e9titions avec la chorale XXL de Sequenza 9.3 au Conservatoire \u00e0 rayonnement r\u00e9gional d\u2019Aubervilliers.","robots":{"index":"index","follow":"follow","max-snippet":"max-snippet:-1","max-image-preview":"max-image-preview:large","max-video-preview":"max-video-preview:-1"},"canonical":"https:\/\/seinesaintdenis.fr\/actualite\/culture-patrimoine\/Cantate-l\u2019Olympiade-de-tout-son-choeur\/","og_locale":"fr_FR","og_type":"article","og_title":"Cantate, l\u2019Olympiade de tout son ch\u0153ur - Seine-Saint-Denis - L&#039;actualit\u00e9 du d\u00e9partement","og_description":"Apr\u00e8s avoir collect\u00e9 des chants aupr\u00e8s des habitant\u00b7e\u00b7s, le groupe Sequenza 93 pr\u00e9pare des concerts de restitution. En mai, les parcs d\u00e9partementaux de Seine-Saint-Denis offriront un magnifique \u00e9crin au projet musical \u00ab Cantate 2024 \u00bb. Reportage dans les coulisses des r\u00e9p\u00e9titions avec la chorale XXL de Sequenza 9.3 au Conservatoire \u00e0 rayonnement r\u00e9gional d\u2019Aubervilliers.","og_url":"https:\/\/seinesaintdenis.fr\/actualite\/culture-patrimoine\/Cantate-l\u2019Olympiade-de-tout-son-choeur\/","og_site_name":"Seine-Saint-Denis - L&#039;actualit\u00e9 du d\u00e9partement","article_publisher":"https:\/\/www.facebook.com\/seinesaintdenisledepartement","article_published_time":"2024-05-13T17:13:30+00:00","article_modified_time":"2024-05-14T06:52:43+00:00","og_image":[{"width":1090,"height":560,"url":"https:\/\/seinesaintdenis.fr\/actualite\/wp-content\/uploads\/2024\/05\/photo-1-cantate.jpg","type":"image\/jpeg"}],"author":"Isabelle Lopez","twitter_card":"summary_large_image","twitter_creator":"@seinesaintdenis","twitter_site":"@seinesaintdenis","twitter_misc":{"\u00c9crit par":"Isabelle Lopez"},"schema":{"@context":"https:\/\/schema.org","@graph":[{"@type":"Article","@id":"https:\/\/seinesaintdenis.fr\/actualite\/culture-patrimoine\/Cantate-l%e2%80%99Olympiade-de-tout-son-choeur\/#article","isPartOf":{"@id":"https:\/\/seinesaintdenis.fr\/actualite\/culture-patrimoine\/Cantate-l%e2%80%99Olympiade-de-tout-son-choeur\/"},"author":{"name":"Isabelle Lopez","@id":"https:\/\/seinesaintdenis.fr\/actualite\/#\/schema\/person\/224e08118524135442dd50ad680a40b5"},"headline":"Cantate, l\u2019Olympiade de tout son ch\u0153ur","datePublished":"2024-05-13T17:13:30+00:00","dateModified":"2024-05-14T06:52:43+00:00","mainEntityOfPage":{"@id":"https:\/\/seinesaintdenis.fr\/actualite\/culture-patrimoine\/Cantate-l%e2%80%99Olympiade-de-tout-son-choeur\/"},"wordCount":8,"commentCount":0,"publisher":{"@id":"https:\/\/seinesaintdenis.fr\/actualite\/#organization"},"image":{"@id":"https:\/\/seinesaintdenis.fr\/actualite\/culture-patrimoine\/Cantate-l%e2%80%99Olympiade-de-tout-son-choeur\/#primaryimage"},"thumbnailUrl":"https:\/\/seinesaintdenis.fr\/actualite\/wp-content\/uploads\/2024\/05\/photo-1-cantate.jpg","articleSection":["Culture &amp; Patrimoine"],"inLanguage":"fr-FR","potentialAction":[{"@type":"CommentAction","name":"Comment","target":["https:\/\/seinesaintdenis.fr\/actualite\/culture-patrimoine\/Cantate-l%e2%80%99Olympiade-de-tout-son-choeur\/#respond"]}]},{"@type":"WebPage","@id":"https:\/\/seinesaintdenis.fr\/actualite\/culture-patrimoine\/Cantate-l%e2%80%99Olympiade-de-tout-son-choeur\/","url":"https:\/\/seinesaintdenis.fr\/actualite\/culture-patrimoine\/Cantate-l%e2%80%99Olympiade-de-tout-son-choeur\/","name":"Cantate, l\u2019Olympiade de tout son ch\u0153ur - Seine-Saint-Denis - L&#039;actualit\u00e9 du d\u00e9partement","isPartOf":{"@id":"https:\/\/seinesaintdenis.fr\/actualite\/#website"},"primaryImageOfPage":{"@id":"https:\/\/seinesaintdenis.fr\/actualite\/culture-patrimoine\/Cantate-l%e2%80%99Olympiade-de-tout-son-choeur\/#primaryimage"},"image":{"@id":"https:\/\/seinesaintdenis.fr\/actualite\/culture-patrimoine\/Cantate-l%e2%80%99Olympiade-de-tout-son-choeur\/#primaryimage"},"thumbnailUrl":"https:\/\/seinesaintdenis.fr\/actualite\/wp-content\/uploads\/2024\/05\/photo-1-cantate.jpg","datePublished":"2024-05-13T17:13:30+00:00","dateModified":"2024-05-14T06:52:43+00:00","description":"Apr\u00e8s avoir collect\u00e9 des chants aupr\u00e8s des habitant\u00b7e\u00b7s, le groupe Sequenza 93 pr\u00e9pare des concerts de restitution. En mai, les parcs d\u00e9partementaux de Seine-Saint-Denis offriront un magnifique \u00e9crin au projet musical \u00ab Cantate 2024 \u00bb. Reportage dans les coulisses des r\u00e9p\u00e9titions avec la chorale XXL de Sequenza 9.3 au Conservatoire \u00e0 rayonnement r\u00e9gional d\u2019Aubervilliers.","breadcrumb":{"@id":"https:\/\/seinesaintdenis.fr\/actualite\/culture-patrimoine\/Cantate-l%e2%80%99Olympiade-de-tout-son-choeur\/#breadcrumb"},"inLanguage":"fr-FR","potentialAction":[{"@type":"ReadAction","target":["https:\/\/seinesaintdenis.fr\/actualite\/culture-patrimoine\/Cantate-l%e2%80%99Olympiade-de-tout-son-choeur\/"]}]},{"@type":"ImageObject","inLanguage":"fr-FR","@id":"https:\/\/seinesaintdenis.fr\/actualite\/culture-patrimoine\/Cantate-l%e2%80%99Olympiade-de-tout-son-choeur\/#primaryimage","url":"https:\/\/seinesaintdenis.fr\/actualite\/wp-content\/uploads\/2024\/05\/photo-1-cantate.jpg","contentUrl":"https:\/\/seinesaintdenis.fr\/actualite\/wp-content\/uploads\/2024\/05\/photo-1-cantate.jpg","width":1090,"height":560,"caption":"Repetition Cantate Ensemble vocal Sequenza 9.3 | Sequenza 9.3"},{"@type":"BreadcrumbList","@id":"https:\/\/seinesaintdenis.fr\/actualite\/culture-patrimoine\/Cantate-l%e2%80%99Olympiade-de-tout-son-choeur\/#breadcrumb","itemListElement":[{"@type":"ListItem","position":1,"name":"Accueil","item":"https:\/\/seinesaintdenis.fr\/actualite\/"},{"@type":"ListItem","position":2,"name":"Culture &amp; Patrimoine","item":"https:\/\/seinesaintdenis.fr\/actualite\/culture-patrimoine\/"},{"@type":"ListItem","position":3,"name":"Cantate, l\u2019Olympiade de tout son ch\u0153ur"}]},{"@type":"WebSite","@id":"https:\/\/seinesaintdenis.fr\/actualite\/#website","url":"https:\/\/seinesaintdenis.fr\/actualite\/","name":"Seine-Saint-Denis - L'actualit\u00e9 du d\u00e9partement","description":"L&#039;actualit\u00e9 du D\u00e9partement de la Seine-Saint-Denis","publisher":{"@id":"https:\/\/seinesaintdenis.fr\/actualite\/#organization"},"potentialAction":[{"@type":"SearchAction","target":{"@type":"EntryPoint","urlTemplate":"https:\/\/seinesaintdenis.fr\/actualite\/?s={search_term_string}"},"query-input":{"@type":"PropertyValueSpecification","valueRequired":true,"valueName":"search_term_string"}}],"inLanguage":"fr-FR"},{"@type":"Organization","@id":"https:\/\/seinesaintdenis.fr\/actualite\/#organization","name":"Seine-Saint-Denis - Le D\u00e9partement","url":"https:\/\/seinesaintdenis.fr\/actualite\/","logo":{"@type":"ImageObject","inLanguage":"fr-FR","@id":"https:\/\/seinesaintdenis.fr\/actualite\/#\/schema\/logo\/image\/","url":"https:\/\/seinesaintdenis.fr\/actualite\/wp-content\/uploads\/2024\/08\/logo.png","contentUrl":"https:\/\/seinesaintdenis.fr\/actualite\/wp-content\/uploads\/2024\/08\/logo.png","width":567,"height":172,"caption":"Seine-Saint-Denis - Le D\u00e9partement"},"image":{"@id":"https:\/\/seinesaintdenis.fr\/actualite\/#\/schema\/logo\/image\/"},"sameAs":["https:\/\/www.facebook.com\/seinesaintdenisledepartement","https:\/\/x.com\/seinesaintdenis","https:\/\/www.linkedin.com\/company\/seinesaintdenis","https:\/\/www.instagram.com\/seine_saint_denis\/","https:\/\/www.youtube.com\/channel\/UCR5YF9NnqiLCbnrKQgLUcIw"]},{"@type":"Person","@id":"https:\/\/seinesaintdenis.fr\/actualite\/#\/schema\/person\/224e08118524135442dd50ad680a40b5","name":"Isabelle Lopez","image":{"@type":"ImageObject","inLanguage":"fr-FR","@id":"https:\/\/secure.gravatar.com\/avatar\/f72540b87bdbdfcf308e47dedb585d725053344b7bb1b1b39825d18f92170575?s=96&d=mm&r=g","url":"https:\/\/secure.gravatar.com\/avatar\/f72540b87bdbdfcf308e47dedb585d725053344b7bb1b1b39825d18f92170575?s=96&d=mm&r=g","contentUrl":"https:\/\/secure.gravatar.com\/avatar\/f72540b87bdbdfcf308e47dedb585d725053344b7bb1b1b39825d18f92170575?s=96&d=mm&r=g","caption":"Isabelle Lopez"},"url":"https:\/\/seinesaintdenis.fr\/actualite\/author\/ilopez\/"}]}},"_links":{"self":[{"href":"https:\/\/seinesaintdenis.fr\/actualite\/wp-json\/wp\/v2\/posts\/15777","targetHints":{"allow":["GET"]}}],"collection":[{"href":"https:\/\/seinesaintdenis.fr\/actualite\/wp-json\/wp\/v2\/posts"}],"about":[{"href":"https:\/\/seinesaintdenis.fr\/actualite\/wp-json\/wp\/v2\/types\/post"}],"author":[{"embeddable":true,"href":"https:\/\/seinesaintdenis.fr\/actualite\/wp-json\/wp\/v2\/users\/10"}],"replies":[{"embeddable":true,"href":"https:\/\/seinesaintdenis.fr\/actualite\/wp-json\/wp\/v2\/comments?post=15777"}],"version-history":[{"count":19,"href":"https:\/\/seinesaintdenis.fr\/actualite\/wp-json\/wp\/v2\/posts\/15777\/revisions"}],"predecessor-version":[{"id":16043,"href":"https:\/\/seinesaintdenis.fr\/actualite\/wp-json\/wp\/v2\/posts\/15777\/revisions\/16043"}],"wp:featuredmedia":[{"embeddable":true,"href":"https:\/\/seinesaintdenis.fr\/actualite\/wp-json\/wp\/v2\/media\/15868"}],"wp:attachment":[{"href":"https:\/\/seinesaintdenis.fr\/actualite\/wp-json\/wp\/v2\/media?parent=15777"}],"wp:term":[{"taxonomy":"category","embeddable":true,"href":"https:\/\/seinesaintdenis.fr\/actualite\/wp-json\/wp\/v2\/categories?post=15777"},{"taxonomy":"ville","embeddable":true,"href":"https:\/\/seinesaintdenis.fr\/actualite\/wp-json\/wp\/v2\/ville?post=15777"}],"curies":[{"name":"wp","href":"https:\/\/api.w.org\/{rel}","templated":true}]}}