{"id":1537,"date":"2022-07-20T10:21:25","date_gmt":"2022-07-20T10:21:25","guid":{"rendered":"https:\/\/seinesaintdenis.fr\/actualite\/uncategorized\/Parc-de-la-Bergere-ca-amenage\/"},"modified":"2023-05-05T09:58:48","modified_gmt":"2023-05-05T09:58:48","slug":"Parc-de-la-Bergere-ca-amenage","status":"publish","type":"post","link":"https:\/\/seinesaintdenis.fr\/actualite\/deplacements-amenagement\/Parc-de-la-Bergere-ca-amenage\/","title":{"rendered":"Parc de la Berg\u00e8re : \u00e7a am\u00e9nage !"},"content":{"rendered":"<figure class=\"spip_document_15891 spip_documents spip_documents_left media media_image media_image_png\" style=\"float: left;\"><img loading=\"lazy\" decoding=\"async\" src=\"IMG\/png\/bergere3.png\" alt=\"PNG - 61.5 ko\" width=\"300\" height=\"282\" \/><\/figure>\n<p>Des chaises \u00e0 p\u00e9dales pour se d\u00e9gourdir les jambes et garder la forme tout en restant confortablement assis. Des bancs sportifs multisports utilisables par tous et toutes quel que soit son niveau sportif, ses objectifs ou son \u00e2ge. Un \u00ab\u00a0arbre \u00e0 basket\u00a0\u00bb permettant \u00e0 plusieurs \u00e9quipes de jouer \u00e0 simultan\u00e9ment. Des bancs et des transats en bois et m\u00e9tal pour s\u2019adonner au farniente et contempler le canal et observer les p\u00e9niches.<\/p>\n<p>Des installations ludiques en polypropyl\u00e8ne de couleur orange lest\u00e9es de sable que les plus jeunes auront plaisir \u00e0 escalader en toute s\u00e9curit\u00e9\u2026 Des nouveaux mobiliers urbains d\u2019un nouveau genre ont \u00e9t\u00e9 r\u00e9cemment install\u00e9s par le D\u00e9partement dans divers lieux du parc de la Berg\u00e8re et le long du canal de l\u2019Ourcq.<\/p>\n<h3 class=\"spip\">En attendant le nouveau parc<\/h3>\n<p>Ces installations sont les premiers jalons d\u2019un projet plus vaste qui s\u2019inscrit dans le cadre de la \u00ab\u00a0Strat\u00e9gie art, sport et espace public\u00a0\u00bb engag\u00e9e par le D\u00e9partement dans la perspective de la pr\u00e9paration des Jeux de 2024 et de leur h\u00e9ritage. Objectif\u00a0: am\u00e9nager une promenade attractive et artistique entre le pont de la Folie et le pont de Bondy \u2013 soit 2 km \u2013 qui sera jalonn\u00e9e de stations sportives et de terrains et valoriser des ouvrages d\u2019art aujourd\u2019hui un peu d\u00e9laiss\u00e9s.<\/p>\n<figure class=\"spip_document_15892 spip_documents spip_documents_center media media_image media_image_png\"><img loading=\"lazy\" decoding=\"async\" src=\"IMG\/png\/bergere4.png\" alt=\"PNG - 202.7 ko\" width=\"760\" height=\"412\" \/><\/figure>\n<p>Les usages seront test\u00e9s pendant un \u00e0 deux ans afin de pouvoir affiner le projet de r\u00e9am\u00e9nagement d\u00e9finitif du parc de la Berg\u00e8re qui pr\u00e9voit, entre autres la cr\u00e9ation d\u2019un bassin de baignade naturelle. Parall\u00e8lement \u00e0 ces premi\u00e8res installations, la DCPSL a entrepris une d\u00e9marche artistique autour des m\u00e2ts d\u2019\u00e9clairage, de la signal\u00e9tique cr\u00e9ative et des marquages au sol sur des parties asphalt\u00e9es, afin de cr\u00e9er un fil rouge et de mat\u00e9rialiser le parcours. De la verdure, de la culture, du sport, du farniente\u2026 Que demander de plus\u00a0?<\/p>\n","protected":false},"excerpt":{"rendered":"Des chaises \u00e0 p\u00e9dales pour se d\u00e9gourdir les jambes et garder la forme tout en restant confortablement assis. Des bancs sportifs multisports utilisables par tous et toutes quel que soit son niveau sportif, ses objectifs ou son \u00e2ge. Un \u00ab\u00a0arbre \u00e0 basket\u00a0\u00bb permettant \u00e0 plusieurs \u00e9quipes de jouer \u00e0 simultan\u00e9ment. Des bancs et des transats&#8230; <a class=\"view-article\" href=\"https:\/\/seinesaintdenis.fr\/actualite\/deplacements-amenagement\/Parc-de-la-Bergere-ca-amenage\/\">Voir l&rsquo;article<\/a>","protected":false},"author":27,"featured_media":1538,"comment_status":"open","ping_status":"open","sticky":false,"template":"","format":"standard","meta":{"_acf_changed":false,"footnotes":""},"categories":[7],"ville":[],"class_list":["post-1537","post","type-post","status-publish","format-standard","has-post-thumbnail","hentry","category-deplacements-amenagement"],"acf":[],"yoast_head":"<!-- This site is optimized with the Yoast SEO plugin v27.5 - https:\/\/yoast.com\/product\/yoast-seo-wordpress\/ -->\n<title>Parc de la Berg\u00e8re : \u00e7a am\u00e9nage ! - Seine-Saint-Denis - L&#039;actualit\u00e9 du d\u00e9partement<\/title>\n<meta name=\"robots\" content=\"index, follow, max-snippet:-1, max-image-preview:large, max-video-preview:-1\" \/>\n<link rel=\"canonical\" href=\"https:\/\/seinesaintdenis.fr\/actualite\/deplacements-amenagement\/Parc-de-la-Bergere-ca-amenage\/\" \/>\n<meta property=\"og:locale\" content=\"fr_FR\" \/>\n<meta property=\"og:type\" content=\"article\" \/>\n<meta property=\"og:title\" content=\"Parc de la Berg\u00e8re : \u00e7a am\u00e9nage ! - Seine-Saint-Denis - L&#039;actualit\u00e9 du d\u00e9partement\" \/>\n<meta property=\"og:url\" content=\"https:\/\/seinesaintdenis.fr\/actualite\/deplacements-amenagement\/Parc-de-la-Bergere-ca-amenage\/\" \/>\n<meta property=\"og:site_name\" content=\"Seine-Saint-Denis - L&#039;actualit\u00e9 du d\u00e9partement\" \/>\n<meta property=\"article:publisher\" content=\"https:\/\/www.facebook.com\/seinesaintdenisledepartement\" \/>\n<meta property=\"article:published_time\" content=\"2022-07-20T10:21:25+00:00\" \/>\n<meta property=\"article:modified_time\" content=\"2023-05-05T09:58:48+00:00\" \/>\n<meta property=\"og:image\" content=\"https:\/\/seinesaintdenis.fr\/actualite\/wp-content\/uploads\/2023\/04\/059624d136d67efe0b69ac9be543c4.png\" \/>\n\t<meta property=\"og:image:width\" content=\"760\" \/>\n\t<meta property=\"og:image:height\" content=\"411\" \/>\n\t<meta property=\"og:image:type\" content=\"image\/png\" \/>\n<meta name=\"author\" content=\"Annette Deb\u00e9da\" \/>\n<meta name=\"twitter:card\" content=\"summary_large_image\" \/>\n<meta name=\"twitter:creator\" content=\"@seinesaintdenis\" \/>\n<meta name=\"twitter:site\" content=\"@seinesaintdenis\" \/>\n<meta name=\"twitter:label1\" content=\"\u00c9crit par\" \/>\n\t<meta name=\"twitter:data1\" content=\"Annette Deb\u00e9da\" \/>\n\t<meta name=\"twitter:label2\" content=\"Dur\u00e9e de lecture estim\u00e9e\" \/>\n\t<meta name=\"twitter:data2\" content=\"2 minutes\" \/>\n<script type=\"application\/ld+json\" class=\"yoast-schema-graph\">{\"@context\":\"https:\\\/\\\/schema.org\",\"@graph\":[{\"@type\":\"Article\",\"@id\":\"https:\\\/\\\/seinesaintdenis.fr\\\/actualite\\\/deplacements-amenagement\\\/Parc-de-la-Bergere-ca-amenage\\\/#article\",\"isPartOf\":{\"@id\":\"https:\\\/\\\/seinesaintdenis.fr\\\/actualite\\\/deplacements-amenagement\\\/Parc-de-la-Bergere-ca-amenage\\\/\"},\"author\":{\"name\":\"Annette Deb\u00e9da\",\"@id\":\"https:\\\/\\\/seinesaintdenis.fr\\\/actualite\\\/#\\\/schema\\\/person\\\/bf203e76027e98c9685bab640e9d9b38\"},\"headline\":\"Parc de la Berg\u00e8re : \u00e7a am\u00e9nage !\",\"datePublished\":\"2022-07-20T10:21:25+00:00\",\"dateModified\":\"2023-05-05T09:58:48+00:00\",\"mainEntityOfPage\":{\"@id\":\"https:\\\/\\\/seinesaintdenis.fr\\\/actualite\\\/deplacements-amenagement\\\/Parc-de-la-Bergere-ca-amenage\\\/\"},\"wordCount\":340,\"commentCount\":0,\"publisher\":{\"@id\":\"https:\\\/\\\/seinesaintdenis.fr\\\/actualite\\\/#organization\"},\"image\":{\"@id\":\"https:\\\/\\\/seinesaintdenis.fr\\\/actualite\\\/deplacements-amenagement\\\/Parc-de-la-Bergere-ca-amenage\\\/#primaryimage\"},\"thumbnailUrl\":\"https:\\\/\\\/seinesaintdenis.fr\\\/actualite\\\/wp-content\\\/uploads\\\/2023\\\/04\\\/059624d136d67efe0b69ac9be543c4.png\",\"articleSection\":[\"D\u00e9placements &amp; Am\u00e9nagement\"],\"inLanguage\":\"fr-FR\",\"potentialAction\":[{\"@type\":\"CommentAction\",\"name\":\"Comment\",\"target\":[\"https:\\\/\\\/seinesaintdenis.fr\\\/actualite\\\/deplacements-amenagement\\\/Parc-de-la-Bergere-ca-amenage\\\/#respond\"]}]},{\"@type\":\"WebPage\",\"@id\":\"https:\\\/\\\/seinesaintdenis.fr\\\/actualite\\\/deplacements-amenagement\\\/Parc-de-la-Bergere-ca-amenage\\\/\",\"url\":\"https:\\\/\\\/seinesaintdenis.fr\\\/actualite\\\/deplacements-amenagement\\\/Parc-de-la-Bergere-ca-amenage\\\/\",\"name\":\"Parc de la Berg\u00e8re : \u00e7a am\u00e9nage ! - Seine-Saint-Denis - L&#039;actualit\u00e9 du d\u00e9partement\",\"isPartOf\":{\"@id\":\"https:\\\/\\\/seinesaintdenis.fr\\\/actualite\\\/#website\"},\"primaryImageOfPage\":{\"@id\":\"https:\\\/\\\/seinesaintdenis.fr\\\/actualite\\\/deplacements-amenagement\\\/Parc-de-la-Bergere-ca-amenage\\\/#primaryimage\"},\"image\":{\"@id\":\"https:\\\/\\\/seinesaintdenis.fr\\\/actualite\\\/deplacements-amenagement\\\/Parc-de-la-Bergere-ca-amenage\\\/#primaryimage\"},\"thumbnailUrl\":\"https:\\\/\\\/seinesaintdenis.fr\\\/actualite\\\/wp-content\\\/uploads\\\/2023\\\/04\\\/059624d136d67efe0b69ac9be543c4.png\",\"datePublished\":\"2022-07-20T10:21:25+00:00\",\"dateModified\":\"2023-05-05T09:58:48+00:00\",\"breadcrumb\":{\"@id\":\"https:\\\/\\\/seinesaintdenis.fr\\\/actualite\\\/deplacements-amenagement\\\/Parc-de-la-Bergere-ca-amenage\\\/#breadcrumb\"},\"inLanguage\":\"fr-FR\",\"potentialAction\":[{\"@type\":\"ReadAction\",\"target\":[\"https:\\\/\\\/seinesaintdenis.fr\\\/actualite\\\/deplacements-amenagement\\\/Parc-de-la-Bergere-ca-amenage\\\/\"]}]},{\"@type\":\"ImageObject\",\"inLanguage\":\"fr-FR\",\"@id\":\"https:\\\/\\\/seinesaintdenis.fr\\\/actualite\\\/deplacements-amenagement\\\/Parc-de-la-Bergere-ca-amenage\\\/#primaryimage\",\"url\":\"https:\\\/\\\/seinesaintdenis.fr\\\/actualite\\\/wp-content\\\/uploads\\\/2023\\\/04\\\/059624d136d67efe0b69ac9be543c4.png\",\"contentUrl\":\"https:\\\/\\\/seinesaintdenis.fr\\\/actualite\\\/wp-content\\\/uploads\\\/2023\\\/04\\\/059624d136d67efe0b69ac9be543c4.png\",\"width\":760,\"height\":411},{\"@type\":\"BreadcrumbList\",\"@id\":\"https:\\\/\\\/seinesaintdenis.fr\\\/actualite\\\/deplacements-amenagement\\\/Parc-de-la-Bergere-ca-amenage\\\/#breadcrumb\",\"itemListElement\":[{\"@type\":\"ListItem\",\"position\":1,\"name\":\"Accueil\",\"item\":\"https:\\\/\\\/seinesaintdenis.fr\\\/actualite\\\/\"},{\"@type\":\"ListItem\",\"position\":2,\"name\":\"D\u00e9placements &amp; Am\u00e9nagement\",\"item\":\"https:\\\/\\\/seinesaintdenis.fr\\\/actualite\\\/deplacements-amenagement\\\/\"},{\"@type\":\"ListItem\",\"position\":3,\"name\":\"Parc de la Berg\u00e8re : \u00e7a am\u00e9nage !\"}]},{\"@type\":\"WebSite\",\"@id\":\"https:\\\/\\\/seinesaintdenis.fr\\\/actualite\\\/#website\",\"url\":\"https:\\\/\\\/seinesaintdenis.fr\\\/actualite\\\/\",\"name\":\"Seine-Saint-Denis - L'actualit\u00e9 du d\u00e9partement\",\"description\":\"L&#039;actualit\u00e9 du D\u00e9partement de la Seine-Saint-Denis\",\"publisher\":{\"@id\":\"https:\\\/\\\/seinesaintdenis.fr\\\/actualite\\\/#organization\"},\"potentialAction\":[{\"@type\":\"SearchAction\",\"target\":{\"@type\":\"EntryPoint\",\"urlTemplate\":\"https:\\\/\\\/seinesaintdenis.fr\\\/actualite\\\/?s={search_term_string}\"},\"query-input\":{\"@type\":\"PropertyValueSpecification\",\"valueRequired\":true,\"valueName\":\"search_term_string\"}}],\"inLanguage\":\"fr-FR\"},{\"@type\":\"Organization\",\"@id\":\"https:\\\/\\\/seinesaintdenis.fr\\\/actualite\\\/#organization\",\"name\":\"Seine-Saint-Denis - Le D\u00e9partement\",\"url\":\"https:\\\/\\\/seinesaintdenis.fr\\\/actualite\\\/\",\"logo\":{\"@type\":\"ImageObject\",\"inLanguage\":\"fr-FR\",\"@id\":\"https:\\\/\\\/seinesaintdenis.fr\\\/actualite\\\/#\\\/schema\\\/logo\\\/image\\\/\",\"url\":\"https:\\\/\\\/seinesaintdenis.fr\\\/actualite\\\/wp-content\\\/uploads\\\/2024\\\/08\\\/logo.png\",\"contentUrl\":\"https:\\\/\\\/seinesaintdenis.fr\\\/actualite\\\/wp-content\\\/uploads\\\/2024\\\/08\\\/logo.png\",\"width\":567,\"height\":172,\"caption\":\"Seine-Saint-Denis - Le D\u00e9partement\"},\"image\":{\"@id\":\"https:\\\/\\\/seinesaintdenis.fr\\\/actualite\\\/#\\\/schema\\\/logo\\\/image\\\/\"},\"sameAs\":[\"https:\\\/\\\/www.facebook.com\\\/seinesaintdenisledepartement\",\"https:\\\/\\\/x.com\\\/seinesaintdenis\",\"https:\\\/\\\/www.linkedin.com\\\/company\\\/seinesaintdenis\",\"https:\\\/\\\/www.instagram.com\\\/seine_saint_denis\\\/\",\"https:\\\/\\\/www.youtube.com\\\/channel\\\/UCR5YF9NnqiLCbnrKQgLUcIw\"]},{\"@type\":\"Person\",\"@id\":\"https:\\\/\\\/seinesaintdenis.fr\\\/actualite\\\/#\\\/schema\\\/person\\\/bf203e76027e98c9685bab640e9d9b38\",\"name\":\"Annette Deb\u00e9da\",\"image\":{\"@type\":\"ImageObject\",\"inLanguage\":\"fr-FR\",\"@id\":\"https:\\\/\\\/secure.gravatar.com\\\/avatar\\\/1b9f0e376994e584ffca6773bab1cb75b2fccfac1e47c9b6ae849c21750ea134?s=96&d=mm&r=g\",\"url\":\"https:\\\/\\\/secure.gravatar.com\\\/avatar\\\/1b9f0e376994e584ffca6773bab1cb75b2fccfac1e47c9b6ae849c21750ea134?s=96&d=mm&r=g\",\"contentUrl\":\"https:\\\/\\\/secure.gravatar.com\\\/avatar\\\/1b9f0e376994e584ffca6773bab1cb75b2fccfac1e47c9b6ae849c21750ea134?s=96&d=mm&r=g\",\"caption\":\"Annette Deb\u00e9da\"},\"url\":\"https:\\\/\\\/seinesaintdenis.fr\\\/actualite\\\/author\\\/adebeda\\\/\"}]}<\/script>\n<!-- \/ Yoast SEO plugin. -->","yoast_head_json":{"title":"Parc de la Berg\u00e8re : \u00e7a am\u00e9nage ! - Seine-Saint-Denis - L&#039;actualit\u00e9 du d\u00e9partement","robots":{"index":"index","follow":"follow","max-snippet":"max-snippet:-1","max-image-preview":"max-image-preview:large","max-video-preview":"max-video-preview:-1"},"canonical":"https:\/\/seinesaintdenis.fr\/actualite\/deplacements-amenagement\/Parc-de-la-Bergere-ca-amenage\/","og_locale":"fr_FR","og_type":"article","og_title":"Parc de la Berg\u00e8re : \u00e7a am\u00e9nage ! - Seine-Saint-Denis - L&#039;actualit\u00e9 du d\u00e9partement","og_url":"https:\/\/seinesaintdenis.fr\/actualite\/deplacements-amenagement\/Parc-de-la-Bergere-ca-amenage\/","og_site_name":"Seine-Saint-Denis - L&#039;actualit\u00e9 du d\u00e9partement","article_publisher":"https:\/\/www.facebook.com\/seinesaintdenisledepartement","article_published_time":"2022-07-20T10:21:25+00:00","article_modified_time":"2023-05-05T09:58:48+00:00","og_image":[{"width":760,"height":411,"url":"https:\/\/seinesaintdenis.fr\/actualite\/wp-content\/uploads\/2023\/04\/059624d136d67efe0b69ac9be543c4.png","type":"image\/png"}],"author":"Annette Deb\u00e9da","twitter_card":"summary_large_image","twitter_creator":"@seinesaintdenis","twitter_site":"@seinesaintdenis","twitter_misc":{"\u00c9crit par":"Annette Deb\u00e9da","Dur\u00e9e de lecture estim\u00e9e":"2 minutes"},"schema":{"@context":"https:\/\/schema.org","@graph":[{"@type":"Article","@id":"https:\/\/seinesaintdenis.fr\/actualite\/deplacements-amenagement\/Parc-de-la-Bergere-ca-amenage\/#article","isPartOf":{"@id":"https:\/\/seinesaintdenis.fr\/actualite\/deplacements-amenagement\/Parc-de-la-Bergere-ca-amenage\/"},"author":{"name":"Annette Deb\u00e9da","@id":"https:\/\/seinesaintdenis.fr\/actualite\/#\/schema\/person\/bf203e76027e98c9685bab640e9d9b38"},"headline":"Parc de la Berg\u00e8re : \u00e7a am\u00e9nage !","datePublished":"2022-07-20T10:21:25+00:00","dateModified":"2023-05-05T09:58:48+00:00","mainEntityOfPage":{"@id":"https:\/\/seinesaintdenis.fr\/actualite\/deplacements-amenagement\/Parc-de-la-Bergere-ca-amenage\/"},"wordCount":340,"commentCount":0,"publisher":{"@id":"https:\/\/seinesaintdenis.fr\/actualite\/#organization"},"image":{"@id":"https:\/\/seinesaintdenis.fr\/actualite\/deplacements-amenagement\/Parc-de-la-Bergere-ca-amenage\/#primaryimage"},"thumbnailUrl":"https:\/\/seinesaintdenis.fr\/actualite\/wp-content\/uploads\/2023\/04\/059624d136d67efe0b69ac9be543c4.png","articleSection":["D\u00e9placements &amp; Am\u00e9nagement"],"inLanguage":"fr-FR","potentialAction":[{"@type":"CommentAction","name":"Comment","target":["https:\/\/seinesaintdenis.fr\/actualite\/deplacements-amenagement\/Parc-de-la-Bergere-ca-amenage\/#respond"]}]},{"@type":"WebPage","@id":"https:\/\/seinesaintdenis.fr\/actualite\/deplacements-amenagement\/Parc-de-la-Bergere-ca-amenage\/","url":"https:\/\/seinesaintdenis.fr\/actualite\/deplacements-amenagement\/Parc-de-la-Bergere-ca-amenage\/","name":"Parc de la Berg\u00e8re : \u00e7a am\u00e9nage ! - Seine-Saint-Denis - L&#039;actualit\u00e9 du d\u00e9partement","isPartOf":{"@id":"https:\/\/seinesaintdenis.fr\/actualite\/#website"},"primaryImageOfPage":{"@id":"https:\/\/seinesaintdenis.fr\/actualite\/deplacements-amenagement\/Parc-de-la-Bergere-ca-amenage\/#primaryimage"},"image":{"@id":"https:\/\/seinesaintdenis.fr\/actualite\/deplacements-amenagement\/Parc-de-la-Bergere-ca-amenage\/#primaryimage"},"thumbnailUrl":"https:\/\/seinesaintdenis.fr\/actualite\/wp-content\/uploads\/2023\/04\/059624d136d67efe0b69ac9be543c4.png","datePublished":"2022-07-20T10:21:25+00:00","dateModified":"2023-05-05T09:58:48+00:00","breadcrumb":{"@id":"https:\/\/seinesaintdenis.fr\/actualite\/deplacements-amenagement\/Parc-de-la-Bergere-ca-amenage\/#breadcrumb"},"inLanguage":"fr-FR","potentialAction":[{"@type":"ReadAction","target":["https:\/\/seinesaintdenis.fr\/actualite\/deplacements-amenagement\/Parc-de-la-Bergere-ca-amenage\/"]}]},{"@type":"ImageObject","inLanguage":"fr-FR","@id":"https:\/\/seinesaintdenis.fr\/actualite\/deplacements-amenagement\/Parc-de-la-Bergere-ca-amenage\/#primaryimage","url":"https:\/\/seinesaintdenis.fr\/actualite\/wp-content\/uploads\/2023\/04\/059624d136d67efe0b69ac9be543c4.png","contentUrl":"https:\/\/seinesaintdenis.fr\/actualite\/wp-content\/uploads\/2023\/04\/059624d136d67efe0b69ac9be543c4.png","width":760,"height":411},{"@type":"BreadcrumbList","@id":"https:\/\/seinesaintdenis.fr\/actualite\/deplacements-amenagement\/Parc-de-la-Bergere-ca-amenage\/#breadcrumb","itemListElement":[{"@type":"ListItem","position":1,"name":"Accueil","item":"https:\/\/seinesaintdenis.fr\/actualite\/"},{"@type":"ListItem","position":2,"name":"D\u00e9placements &amp; Am\u00e9nagement","item":"https:\/\/seinesaintdenis.fr\/actualite\/deplacements-amenagement\/"},{"@type":"ListItem","position":3,"name":"Parc de la Berg\u00e8re : \u00e7a am\u00e9nage !"}]},{"@type":"WebSite","@id":"https:\/\/seinesaintdenis.fr\/actualite\/#website","url":"https:\/\/seinesaintdenis.fr\/actualite\/","name":"Seine-Saint-Denis - L'actualit\u00e9 du d\u00e9partement","description":"L&#039;actualit\u00e9 du D\u00e9partement de la Seine-Saint-Denis","publisher":{"@id":"https:\/\/seinesaintdenis.fr\/actualite\/#organization"},"potentialAction":[{"@type":"SearchAction","target":{"@type":"EntryPoint","urlTemplate":"https:\/\/seinesaintdenis.fr\/actualite\/?s={search_term_string}"},"query-input":{"@type":"PropertyValueSpecification","valueRequired":true,"valueName":"search_term_string"}}],"inLanguage":"fr-FR"},{"@type":"Organization","@id":"https:\/\/seinesaintdenis.fr\/actualite\/#organization","name":"Seine-Saint-Denis - Le D\u00e9partement","url":"https:\/\/seinesaintdenis.fr\/actualite\/","logo":{"@type":"ImageObject","inLanguage":"fr-FR","@id":"https:\/\/seinesaintdenis.fr\/actualite\/#\/schema\/logo\/image\/","url":"https:\/\/seinesaintdenis.fr\/actualite\/wp-content\/uploads\/2024\/08\/logo.png","contentUrl":"https:\/\/seinesaintdenis.fr\/actualite\/wp-content\/uploads\/2024\/08\/logo.png","width":567,"height":172,"caption":"Seine-Saint-Denis - Le D\u00e9partement"},"image":{"@id":"https:\/\/seinesaintdenis.fr\/actualite\/#\/schema\/logo\/image\/"},"sameAs":["https:\/\/www.facebook.com\/seinesaintdenisledepartement","https:\/\/x.com\/seinesaintdenis","https:\/\/www.linkedin.com\/company\/seinesaintdenis","https:\/\/www.instagram.com\/seine_saint_denis\/","https:\/\/www.youtube.com\/channel\/UCR5YF9NnqiLCbnrKQgLUcIw"]},{"@type":"Person","@id":"https:\/\/seinesaintdenis.fr\/actualite\/#\/schema\/person\/bf203e76027e98c9685bab640e9d9b38","name":"Annette Deb\u00e9da","image":{"@type":"ImageObject","inLanguage":"fr-FR","@id":"https:\/\/secure.gravatar.com\/avatar\/1b9f0e376994e584ffca6773bab1cb75b2fccfac1e47c9b6ae849c21750ea134?s=96&d=mm&r=g","url":"https:\/\/secure.gravatar.com\/avatar\/1b9f0e376994e584ffca6773bab1cb75b2fccfac1e47c9b6ae849c21750ea134?s=96&d=mm&r=g","contentUrl":"https:\/\/secure.gravatar.com\/avatar\/1b9f0e376994e584ffca6773bab1cb75b2fccfac1e47c9b6ae849c21750ea134?s=96&d=mm&r=g","caption":"Annette Deb\u00e9da"},"url":"https:\/\/seinesaintdenis.fr\/actualite\/author\/adebeda\/"}]}},"_links":{"self":[{"href":"https:\/\/seinesaintdenis.fr\/actualite\/wp-json\/wp\/v2\/posts\/1537","targetHints":{"allow":["GET"]}}],"collection":[{"href":"https:\/\/seinesaintdenis.fr\/actualite\/wp-json\/wp\/v2\/posts"}],"about":[{"href":"https:\/\/seinesaintdenis.fr\/actualite\/wp-json\/wp\/v2\/types\/post"}],"author":[{"embeddable":true,"href":"https:\/\/seinesaintdenis.fr\/actualite\/wp-json\/wp\/v2\/users\/27"}],"replies":[{"embeddable":true,"href":"https:\/\/seinesaintdenis.fr\/actualite\/wp-json\/wp\/v2\/comments?post=1537"}],"version-history":[{"count":1,"href":"https:\/\/seinesaintdenis.fr\/actualite\/wp-json\/wp\/v2\/posts\/1537\/revisions"}],"predecessor-version":[{"id":1739,"href":"https:\/\/seinesaintdenis.fr\/actualite\/wp-json\/wp\/v2\/posts\/1537\/revisions\/1739"}],"wp:featuredmedia":[{"embeddable":true,"href":"https:\/\/seinesaintdenis.fr\/actualite\/wp-json\/wp\/v2\/media\/1538"}],"wp:attachment":[{"href":"https:\/\/seinesaintdenis.fr\/actualite\/wp-json\/wp\/v2\/media?parent=1537"}],"wp:term":[{"taxonomy":"category","embeddable":true,"href":"https:\/\/seinesaintdenis.fr\/actualite\/wp-json\/wp\/v2\/categories?post=1537"},{"taxonomy":"ville","embeddable":true,"href":"https:\/\/seinesaintdenis.fr\/actualite\/wp-json\/wp\/v2\/ville?post=1537"}],"curies":[{"name":"wp","href":"https:\/\/api.w.org\/{rel}","templated":true}]}}