{"id":1513,"date":"2022-08-10T09:44:37","date_gmt":"2022-08-10T09:44:37","guid":{"rendered":"https:\/\/seinesaintdenis.fr\/actualite\/uncategorized\/La-nouvelle-passerelle-du-Stade-de-France-enjambe-l-A1\/"},"modified":"2023-05-05T13:42:32","modified_gmt":"2023-05-05T13:42:32","slug":"La-nouvelle-passerelle-du-Stade-de-France-enjambe-l-A1","status":"publish","type":"post","link":"https:\/\/seinesaintdenis.fr\/actualite\/deplacements-amenagement\/La-nouvelle-passerelle-du-Stade-de-France-enjambe-l-A1\/","title":{"rendered":"La nouvelle passerelle du Stade de France enjambe l&rsquo;A1"},"content":{"rendered":"<p>A la faveur de l\u2019\u00e9t\u00e9, nous sommes pass\u00e9s \u00e0 moins de deux ans du coup d\u2019envoi de Paris 2024. Et la transformation du territoire de Seine-Saint-Denis s\u2019acc\u00e9l\u00e8re\u00a0: le Terrain des essences est d\u00e9pollu\u00e9, la premi\u00e8re pierre du cluster des m\u00e9dias \u00e0 Dugny a \u00e9t\u00e9 pos\u00e9e. Le village des athl\u00e8tes avance \u00e0 grands pas. En attendant la pose de la passerelle reliant le village olympique \u00e0 Saint-Denis pr\u00e9vue pour octobre et la pose de la premi\u00e8re pierre du PRISME \u00e0 l\u2019automne, le visage du site du stade de France a chang\u00e9 en ce mois d\u2019ao\u00fbt.<\/p>\n<h3 class=\"spip\">950 tonnes<\/h3>\n<figure class=\"spip_document_15944 spip_documents spip_documents_left media media_image media_image_jpg\" style=\"float: left;\"><img loading=\"lazy\" decoding=\"async\" src=\"IMG\/jpg\/paserelle-sdf-joplarge760.jpg\" alt=\"JPEG - 76 ko\" width=\"760\" height=\"412\" \/><\/figure>\n<p>Sous l\u2019\u00e9gide de la m\u00e9tropole du Grand Paris, la passerelle reliant le Stade de France au Centre aquatique olympique, enjambant ainsi l\u2019autoroute A1, est d\u00e9sormais \u00e0 sa place finale. Le d\u00e9fi \u00e9tait de taille\u00a0: 54 heures pour \u00ab\u00a0poser\u00a0\u00bb au-dessus de l\u2019 A1 une passerelle de 70 m de long et de plus de 950 tonnes. Elle avait \u00e9t\u00e9 construite pas \u00e0 pas sur le c\u00f4t\u00e9 de l\u2019autoroute depuis des mois mais il fallait d\u00e9sormais qu\u2019elle trouve sa place d\u00e9finitive au dessus de l\u2019A1.<\/p>\n<figure class=\"spip_document_15947 spip_documents spip_documents_left media media_image media_image_jpg\" style=\"float: left;\"><img loading=\"lazy\" decoding=\"async\" src=\"IMG\/jpg\/paserelle-sdf760.jpg\" alt=\"JPEG - 104.5 ko\" width=\"760\" height=\"412\" \/><\/figure>\n<p>Une passerelle pi\u00e9tonne qui symbolise ce que repr\u00e9sentent ces Jeux pour les habitantes et habitants de Seine Saint-Denis\u00a0: la transformation de leur cadre de vie. Ici, le franchissement pi\u00e9ton d\u2019une autoroute urbaine. Une avanc\u00e9e en faveur des mobilit\u00e9s douces sur l\u2019un des principaux axes routiers de l\u2019\u00cele-de-France.<\/p>\n<figure class=\"spip_document_15945 spip_documents spip_documents_left media media_image media_image_jpg\" style=\"float: left;\"><img loading=\"lazy\" decoding=\"async\" src=\"IMG\/jpg\/paserelle-sdf-jop.-gp-760.jpg\" alt=\"JPEG - 104.8 ko\" width=\"760\" height=\"412\" \/><\/figure>\n<p>Pour emprunter cette passerelle, il faudra patienter jusqu\u2019\u00e0 sa livraison d\u00e9finitive au printemps 2024.<\/p>\n<p><a class=\"spip_out\" href=\"https:\/\/jopparis2024.seinesaintdenis.fr\/\" rel=\"external\">Notre rubrique sp\u00e9ciale JOP PARIS 2024<\/a><\/p>\n","protected":false},"excerpt":{"rendered":"A la faveur de l\u2019\u00e9t\u00e9, nous sommes pass\u00e9s \u00e0 moins de deux ans du coup d\u2019envoi de Paris 2024. Et la transformation du territoire de Seine-Saint-Denis s\u2019acc\u00e9l\u00e8re\u00a0: le Terrain des essences est d\u00e9pollu\u00e9, la premi\u00e8re pierre du cluster des m\u00e9dias \u00e0 Dugny a \u00e9t\u00e9 pos\u00e9e. Le village des athl\u00e8tes avance \u00e0 grands pas. En attendant&#8230; <a class=\"view-article\" href=\"https:\/\/seinesaintdenis.fr\/actualite\/deplacements-amenagement\/La-nouvelle-passerelle-du-Stade-de-France-enjambe-l-A1\/\">Voir l&rsquo;article<\/a>","protected":false},"author":14,"featured_media":1514,"comment_status":"open","ping_status":"open","sticky":false,"template":"","format":"standard","meta":{"_acf_changed":false,"footnotes":""},"categories":[7,107],"ville":[89],"class_list":["post-1513","post","type-post","status-publish","format-standard","has-post-thumbnail","hentry","category-deplacements-amenagement","category-voirie"],"acf":[],"yoast_head":"<!-- This site is optimized with the Yoast SEO plugin v27.5 - https:\/\/yoast.com\/product\/yoast-seo-wordpress\/ -->\n<title>La nouvelle passerelle du Stade de France enjambe l&#039;A1 - Seine-Saint-Denis - L&#039;actualit\u00e9 du d\u00e9partement<\/title>\n<meta name=\"robots\" content=\"index, follow, max-snippet:-1, max-image-preview:large, max-video-preview:-1\" \/>\n<link rel=\"canonical\" href=\"https:\/\/seinesaintdenis.fr\/actualite\/deplacements-amenagement\/La-nouvelle-passerelle-du-Stade-de-France-enjambe-l-A1\/\" \/>\n<meta property=\"og:locale\" content=\"fr_FR\" \/>\n<meta property=\"og:type\" content=\"article\" \/>\n<meta property=\"og:title\" content=\"La nouvelle passerelle du Stade de France enjambe l&#039;A1 - Seine-Saint-Denis - L&#039;actualit\u00e9 du d\u00e9partement\" \/>\n<meta property=\"og:url\" content=\"https:\/\/seinesaintdenis.fr\/actualite\/deplacements-amenagement\/La-nouvelle-passerelle-du-Stade-de-France-enjambe-l-A1\/\" \/>\n<meta property=\"og:site_name\" content=\"Seine-Saint-Denis - L&#039;actualit\u00e9 du d\u00e9partement\" \/>\n<meta property=\"article:publisher\" content=\"https:\/\/www.facebook.com\/seinesaintdenisledepartement\" \/>\n<meta property=\"article:published_time\" content=\"2022-08-10T09:44:37+00:00\" \/>\n<meta property=\"article:modified_time\" content=\"2023-05-05T13:42:32+00:00\" \/>\n<meta property=\"og:image\" content=\"https:\/\/seinesaintdenis.fr\/actualite\/wp-content\/uploads\/2023\/04\/4b21713f41fb172c34fbc112439044.jpg\" \/>\n\t<meta property=\"og:image:width\" content=\"760\" \/>\n\t<meta property=\"og:image:height\" content=\"411\" \/>\n\t<meta property=\"og:image:type\" content=\"image\/jpeg\" \/>\n<meta name=\"author\" content=\"Pascal Emond\" \/>\n<meta name=\"twitter:card\" content=\"summary_large_image\" \/>\n<meta name=\"twitter:creator\" content=\"@seinesaintdenis\" \/>\n<meta name=\"twitter:site\" content=\"@seinesaintdenis\" \/>\n<meta name=\"twitter:label1\" content=\"\u00c9crit par\" \/>\n\t<meta name=\"twitter:data1\" content=\"Pascal Emond\" \/>\n\t<meta name=\"twitter:label2\" content=\"Dur\u00e9e de lecture estim\u00e9e\" \/>\n\t<meta name=\"twitter:data2\" content=\"2 minutes\" \/>\n<script type=\"application\/ld+json\" class=\"yoast-schema-graph\">{\"@context\":\"https:\\\/\\\/schema.org\",\"@graph\":[{\"@type\":\"Article\",\"@id\":\"https:\\\/\\\/seinesaintdenis.fr\\\/actualite\\\/deplacements-amenagement\\\/La-nouvelle-passerelle-du-Stade-de-France-enjambe-l-A1\\\/#article\",\"isPartOf\":{\"@id\":\"https:\\\/\\\/seinesaintdenis.fr\\\/actualite\\\/deplacements-amenagement\\\/La-nouvelle-passerelle-du-Stade-de-France-enjambe-l-A1\\\/\"},\"author\":{\"name\":\"Pascal Emond\",\"@id\":\"https:\\\/\\\/seinesaintdenis.fr\\\/actualite\\\/#\\\/schema\\\/person\\\/a10b9254e4da7e1132aa6fedd658fe62\"},\"headline\":\"La nouvelle passerelle du Stade de France enjambe l&rsquo;A1\",\"datePublished\":\"2022-08-10T09:44:37+00:00\",\"dateModified\":\"2023-05-05T13:42:32+00:00\",\"mainEntityOfPage\":{\"@id\":\"https:\\\/\\\/seinesaintdenis.fr\\\/actualite\\\/deplacements-amenagement\\\/La-nouvelle-passerelle-du-Stade-de-France-enjambe-l-A1\\\/\"},\"wordCount\":279,\"commentCount\":0,\"publisher\":{\"@id\":\"https:\\\/\\\/seinesaintdenis.fr\\\/actualite\\\/#organization\"},\"image\":{\"@id\":\"https:\\\/\\\/seinesaintdenis.fr\\\/actualite\\\/deplacements-amenagement\\\/La-nouvelle-passerelle-du-Stade-de-France-enjambe-l-A1\\\/#primaryimage\"},\"thumbnailUrl\":\"https:\\\/\\\/seinesaintdenis.fr\\\/actualite\\\/wp-content\\\/uploads\\\/2023\\\/04\\\/4b21713f41fb172c34fbc112439044.jpg\",\"articleSection\":[\"D\u00e9placements &amp; Am\u00e9nagement\",\"Voirie\"],\"inLanguage\":\"fr-FR\",\"potentialAction\":[{\"@type\":\"CommentAction\",\"name\":\"Comment\",\"target\":[\"https:\\\/\\\/seinesaintdenis.fr\\\/actualite\\\/deplacements-amenagement\\\/La-nouvelle-passerelle-du-Stade-de-France-enjambe-l-A1\\\/#respond\"]}]},{\"@type\":\"WebPage\",\"@id\":\"https:\\\/\\\/seinesaintdenis.fr\\\/actualite\\\/deplacements-amenagement\\\/La-nouvelle-passerelle-du-Stade-de-France-enjambe-l-A1\\\/\",\"url\":\"https:\\\/\\\/seinesaintdenis.fr\\\/actualite\\\/deplacements-amenagement\\\/La-nouvelle-passerelle-du-Stade-de-France-enjambe-l-A1\\\/\",\"name\":\"La nouvelle passerelle du Stade de France enjambe l'A1 - Seine-Saint-Denis - L&#039;actualit\u00e9 du d\u00e9partement\",\"isPartOf\":{\"@id\":\"https:\\\/\\\/seinesaintdenis.fr\\\/actualite\\\/#website\"},\"primaryImageOfPage\":{\"@id\":\"https:\\\/\\\/seinesaintdenis.fr\\\/actualite\\\/deplacements-amenagement\\\/La-nouvelle-passerelle-du-Stade-de-France-enjambe-l-A1\\\/#primaryimage\"},\"image\":{\"@id\":\"https:\\\/\\\/seinesaintdenis.fr\\\/actualite\\\/deplacements-amenagement\\\/La-nouvelle-passerelle-du-Stade-de-France-enjambe-l-A1\\\/#primaryimage\"},\"thumbnailUrl\":\"https:\\\/\\\/seinesaintdenis.fr\\\/actualite\\\/wp-content\\\/uploads\\\/2023\\\/04\\\/4b21713f41fb172c34fbc112439044.jpg\",\"datePublished\":\"2022-08-10T09:44:37+00:00\",\"dateModified\":\"2023-05-05T13:42:32+00:00\",\"breadcrumb\":{\"@id\":\"https:\\\/\\\/seinesaintdenis.fr\\\/actualite\\\/deplacements-amenagement\\\/La-nouvelle-passerelle-du-Stade-de-France-enjambe-l-A1\\\/#breadcrumb\"},\"inLanguage\":\"fr-FR\",\"potentialAction\":[{\"@type\":\"ReadAction\",\"target\":[\"https:\\\/\\\/seinesaintdenis.fr\\\/actualite\\\/deplacements-amenagement\\\/La-nouvelle-passerelle-du-Stade-de-France-enjambe-l-A1\\\/\"]}]},{\"@type\":\"ImageObject\",\"inLanguage\":\"fr-FR\",\"@id\":\"https:\\\/\\\/seinesaintdenis.fr\\\/actualite\\\/deplacements-amenagement\\\/La-nouvelle-passerelle-du-Stade-de-France-enjambe-l-A1\\\/#primaryimage\",\"url\":\"https:\\\/\\\/seinesaintdenis.fr\\\/actualite\\\/wp-content\\\/uploads\\\/2023\\\/04\\\/4b21713f41fb172c34fbc112439044.jpg\",\"contentUrl\":\"https:\\\/\\\/seinesaintdenis.fr\\\/actualite\\\/wp-content\\\/uploads\\\/2023\\\/04\\\/4b21713f41fb172c34fbc112439044.jpg\",\"width\":760,\"height\":411},{\"@type\":\"BreadcrumbList\",\"@id\":\"https:\\\/\\\/seinesaintdenis.fr\\\/actualite\\\/deplacements-amenagement\\\/La-nouvelle-passerelle-du-Stade-de-France-enjambe-l-A1\\\/#breadcrumb\",\"itemListElement\":[{\"@type\":\"ListItem\",\"position\":1,\"name\":\"Accueil\",\"item\":\"https:\\\/\\\/seinesaintdenis.fr\\\/actualite\\\/\"},{\"@type\":\"ListItem\",\"position\":2,\"name\":\"La nouvelle passerelle du Stade de France enjambe l&rsquo;A1\"}]},{\"@type\":\"WebSite\",\"@id\":\"https:\\\/\\\/seinesaintdenis.fr\\\/actualite\\\/#website\",\"url\":\"https:\\\/\\\/seinesaintdenis.fr\\\/actualite\\\/\",\"name\":\"Seine-Saint-Denis - L'actualit\u00e9 du d\u00e9partement\",\"description\":\"L&#039;actualit\u00e9 du D\u00e9partement de la Seine-Saint-Denis\",\"publisher\":{\"@id\":\"https:\\\/\\\/seinesaintdenis.fr\\\/actualite\\\/#organization\"},\"potentialAction\":[{\"@type\":\"SearchAction\",\"target\":{\"@type\":\"EntryPoint\",\"urlTemplate\":\"https:\\\/\\\/seinesaintdenis.fr\\\/actualite\\\/?s={search_term_string}\"},\"query-input\":{\"@type\":\"PropertyValueSpecification\",\"valueRequired\":true,\"valueName\":\"search_term_string\"}}],\"inLanguage\":\"fr-FR\"},{\"@type\":\"Organization\",\"@id\":\"https:\\\/\\\/seinesaintdenis.fr\\\/actualite\\\/#organization\",\"name\":\"Seine-Saint-Denis - Le D\u00e9partement\",\"url\":\"https:\\\/\\\/seinesaintdenis.fr\\\/actualite\\\/\",\"logo\":{\"@type\":\"ImageObject\",\"inLanguage\":\"fr-FR\",\"@id\":\"https:\\\/\\\/seinesaintdenis.fr\\\/actualite\\\/#\\\/schema\\\/logo\\\/image\\\/\",\"url\":\"https:\\\/\\\/seinesaintdenis.fr\\\/actualite\\\/wp-content\\\/uploads\\\/2024\\\/08\\\/logo.png\",\"contentUrl\":\"https:\\\/\\\/seinesaintdenis.fr\\\/actualite\\\/wp-content\\\/uploads\\\/2024\\\/08\\\/logo.png\",\"width\":567,\"height\":172,\"caption\":\"Seine-Saint-Denis - Le D\u00e9partement\"},\"image\":{\"@id\":\"https:\\\/\\\/seinesaintdenis.fr\\\/actualite\\\/#\\\/schema\\\/logo\\\/image\\\/\"},\"sameAs\":[\"https:\\\/\\\/www.facebook.com\\\/seinesaintdenisledepartement\",\"https:\\\/\\\/x.com\\\/seinesaintdenis\",\"https:\\\/\\\/www.linkedin.com\\\/company\\\/seinesaintdenis\",\"https:\\\/\\\/www.instagram.com\\\/seine_saint_denis\\\/\",\"https:\\\/\\\/www.youtube.com\\\/channel\\\/UCR5YF9NnqiLCbnrKQgLUcIw\"]},{\"@type\":\"Person\",\"@id\":\"https:\\\/\\\/seinesaintdenis.fr\\\/actualite\\\/#\\\/schema\\\/person\\\/a10b9254e4da7e1132aa6fedd658fe62\",\"name\":\"Pascal Emond\",\"image\":{\"@type\":\"ImageObject\",\"inLanguage\":\"fr-FR\",\"@id\":\"https:\\\/\\\/secure.gravatar.com\\\/avatar\\\/f9570e57e385385f23e9bb03a8a5fa0c74be50a83c9269a5a1ab497d2aded1f2?s=96&d=mm&r=g\",\"url\":\"https:\\\/\\\/secure.gravatar.com\\\/avatar\\\/f9570e57e385385f23e9bb03a8a5fa0c74be50a83c9269a5a1ab497d2aded1f2?s=96&d=mm&r=g\",\"contentUrl\":\"https:\\\/\\\/secure.gravatar.com\\\/avatar\\\/f9570e57e385385f23e9bb03a8a5fa0c74be50a83c9269a5a1ab497d2aded1f2?s=96&d=mm&r=g\",\"caption\":\"Pascal Emond\"},\"url\":\"https:\\\/\\\/seinesaintdenis.fr\\\/actualite\\\/author\\\/pemond\\\/\"}]}<\/script>\n<!-- \/ Yoast SEO plugin. -->","yoast_head_json":{"title":"La nouvelle passerelle du Stade de France enjambe l'A1 - Seine-Saint-Denis - L&#039;actualit\u00e9 du d\u00e9partement","robots":{"index":"index","follow":"follow","max-snippet":"max-snippet:-1","max-image-preview":"max-image-preview:large","max-video-preview":"max-video-preview:-1"},"canonical":"https:\/\/seinesaintdenis.fr\/actualite\/deplacements-amenagement\/La-nouvelle-passerelle-du-Stade-de-France-enjambe-l-A1\/","og_locale":"fr_FR","og_type":"article","og_title":"La nouvelle passerelle du Stade de France enjambe l'A1 - Seine-Saint-Denis - L&#039;actualit\u00e9 du d\u00e9partement","og_url":"https:\/\/seinesaintdenis.fr\/actualite\/deplacements-amenagement\/La-nouvelle-passerelle-du-Stade-de-France-enjambe-l-A1\/","og_site_name":"Seine-Saint-Denis - L&#039;actualit\u00e9 du d\u00e9partement","article_publisher":"https:\/\/www.facebook.com\/seinesaintdenisledepartement","article_published_time":"2022-08-10T09:44:37+00:00","article_modified_time":"2023-05-05T13:42:32+00:00","og_image":[{"width":760,"height":411,"url":"https:\/\/seinesaintdenis.fr\/actualite\/wp-content\/uploads\/2023\/04\/4b21713f41fb172c34fbc112439044.jpg","type":"image\/jpeg"}],"author":"Pascal Emond","twitter_card":"summary_large_image","twitter_creator":"@seinesaintdenis","twitter_site":"@seinesaintdenis","twitter_misc":{"\u00c9crit par":"Pascal Emond","Dur\u00e9e de lecture estim\u00e9e":"2 minutes"},"schema":{"@context":"https:\/\/schema.org","@graph":[{"@type":"Article","@id":"https:\/\/seinesaintdenis.fr\/actualite\/deplacements-amenagement\/La-nouvelle-passerelle-du-Stade-de-France-enjambe-l-A1\/#article","isPartOf":{"@id":"https:\/\/seinesaintdenis.fr\/actualite\/deplacements-amenagement\/La-nouvelle-passerelle-du-Stade-de-France-enjambe-l-A1\/"},"author":{"name":"Pascal Emond","@id":"https:\/\/seinesaintdenis.fr\/actualite\/#\/schema\/person\/a10b9254e4da7e1132aa6fedd658fe62"},"headline":"La nouvelle passerelle du Stade de France enjambe l&rsquo;A1","datePublished":"2022-08-10T09:44:37+00:00","dateModified":"2023-05-05T13:42:32+00:00","mainEntityOfPage":{"@id":"https:\/\/seinesaintdenis.fr\/actualite\/deplacements-amenagement\/La-nouvelle-passerelle-du-Stade-de-France-enjambe-l-A1\/"},"wordCount":279,"commentCount":0,"publisher":{"@id":"https:\/\/seinesaintdenis.fr\/actualite\/#organization"},"image":{"@id":"https:\/\/seinesaintdenis.fr\/actualite\/deplacements-amenagement\/La-nouvelle-passerelle-du-Stade-de-France-enjambe-l-A1\/#primaryimage"},"thumbnailUrl":"https:\/\/seinesaintdenis.fr\/actualite\/wp-content\/uploads\/2023\/04\/4b21713f41fb172c34fbc112439044.jpg","articleSection":["D\u00e9placements &amp; Am\u00e9nagement","Voirie"],"inLanguage":"fr-FR","potentialAction":[{"@type":"CommentAction","name":"Comment","target":["https:\/\/seinesaintdenis.fr\/actualite\/deplacements-amenagement\/La-nouvelle-passerelle-du-Stade-de-France-enjambe-l-A1\/#respond"]}]},{"@type":"WebPage","@id":"https:\/\/seinesaintdenis.fr\/actualite\/deplacements-amenagement\/La-nouvelle-passerelle-du-Stade-de-France-enjambe-l-A1\/","url":"https:\/\/seinesaintdenis.fr\/actualite\/deplacements-amenagement\/La-nouvelle-passerelle-du-Stade-de-France-enjambe-l-A1\/","name":"La nouvelle passerelle du Stade de France enjambe l'A1 - Seine-Saint-Denis - L&#039;actualit\u00e9 du d\u00e9partement","isPartOf":{"@id":"https:\/\/seinesaintdenis.fr\/actualite\/#website"},"primaryImageOfPage":{"@id":"https:\/\/seinesaintdenis.fr\/actualite\/deplacements-amenagement\/La-nouvelle-passerelle-du-Stade-de-France-enjambe-l-A1\/#primaryimage"},"image":{"@id":"https:\/\/seinesaintdenis.fr\/actualite\/deplacements-amenagement\/La-nouvelle-passerelle-du-Stade-de-France-enjambe-l-A1\/#primaryimage"},"thumbnailUrl":"https:\/\/seinesaintdenis.fr\/actualite\/wp-content\/uploads\/2023\/04\/4b21713f41fb172c34fbc112439044.jpg","datePublished":"2022-08-10T09:44:37+00:00","dateModified":"2023-05-05T13:42:32+00:00","breadcrumb":{"@id":"https:\/\/seinesaintdenis.fr\/actualite\/deplacements-amenagement\/La-nouvelle-passerelle-du-Stade-de-France-enjambe-l-A1\/#breadcrumb"},"inLanguage":"fr-FR","potentialAction":[{"@type":"ReadAction","target":["https:\/\/seinesaintdenis.fr\/actualite\/deplacements-amenagement\/La-nouvelle-passerelle-du-Stade-de-France-enjambe-l-A1\/"]}]},{"@type":"ImageObject","inLanguage":"fr-FR","@id":"https:\/\/seinesaintdenis.fr\/actualite\/deplacements-amenagement\/La-nouvelle-passerelle-du-Stade-de-France-enjambe-l-A1\/#primaryimage","url":"https:\/\/seinesaintdenis.fr\/actualite\/wp-content\/uploads\/2023\/04\/4b21713f41fb172c34fbc112439044.jpg","contentUrl":"https:\/\/seinesaintdenis.fr\/actualite\/wp-content\/uploads\/2023\/04\/4b21713f41fb172c34fbc112439044.jpg","width":760,"height":411},{"@type":"BreadcrumbList","@id":"https:\/\/seinesaintdenis.fr\/actualite\/deplacements-amenagement\/La-nouvelle-passerelle-du-Stade-de-France-enjambe-l-A1\/#breadcrumb","itemListElement":[{"@type":"ListItem","position":1,"name":"Accueil","item":"https:\/\/seinesaintdenis.fr\/actualite\/"},{"@type":"ListItem","position":2,"name":"La nouvelle passerelle du Stade de France enjambe l&rsquo;A1"}]},{"@type":"WebSite","@id":"https:\/\/seinesaintdenis.fr\/actualite\/#website","url":"https:\/\/seinesaintdenis.fr\/actualite\/","name":"Seine-Saint-Denis - L'actualit\u00e9 du d\u00e9partement","description":"L&#039;actualit\u00e9 du D\u00e9partement de la Seine-Saint-Denis","publisher":{"@id":"https:\/\/seinesaintdenis.fr\/actualite\/#organization"},"potentialAction":[{"@type":"SearchAction","target":{"@type":"EntryPoint","urlTemplate":"https:\/\/seinesaintdenis.fr\/actualite\/?s={search_term_string}"},"query-input":{"@type":"PropertyValueSpecification","valueRequired":true,"valueName":"search_term_string"}}],"inLanguage":"fr-FR"},{"@type":"Organization","@id":"https:\/\/seinesaintdenis.fr\/actualite\/#organization","name":"Seine-Saint-Denis - Le D\u00e9partement","url":"https:\/\/seinesaintdenis.fr\/actualite\/","logo":{"@type":"ImageObject","inLanguage":"fr-FR","@id":"https:\/\/seinesaintdenis.fr\/actualite\/#\/schema\/logo\/image\/","url":"https:\/\/seinesaintdenis.fr\/actualite\/wp-content\/uploads\/2024\/08\/logo.png","contentUrl":"https:\/\/seinesaintdenis.fr\/actualite\/wp-content\/uploads\/2024\/08\/logo.png","width":567,"height":172,"caption":"Seine-Saint-Denis - Le D\u00e9partement"},"image":{"@id":"https:\/\/seinesaintdenis.fr\/actualite\/#\/schema\/logo\/image\/"},"sameAs":["https:\/\/www.facebook.com\/seinesaintdenisledepartement","https:\/\/x.com\/seinesaintdenis","https:\/\/www.linkedin.com\/company\/seinesaintdenis","https:\/\/www.instagram.com\/seine_saint_denis\/","https:\/\/www.youtube.com\/channel\/UCR5YF9NnqiLCbnrKQgLUcIw"]},{"@type":"Person","@id":"https:\/\/seinesaintdenis.fr\/actualite\/#\/schema\/person\/a10b9254e4da7e1132aa6fedd658fe62","name":"Pascal Emond","image":{"@type":"ImageObject","inLanguage":"fr-FR","@id":"https:\/\/secure.gravatar.com\/avatar\/f9570e57e385385f23e9bb03a8a5fa0c74be50a83c9269a5a1ab497d2aded1f2?s=96&d=mm&r=g","url":"https:\/\/secure.gravatar.com\/avatar\/f9570e57e385385f23e9bb03a8a5fa0c74be50a83c9269a5a1ab497d2aded1f2?s=96&d=mm&r=g","contentUrl":"https:\/\/secure.gravatar.com\/avatar\/f9570e57e385385f23e9bb03a8a5fa0c74be50a83c9269a5a1ab497d2aded1f2?s=96&d=mm&r=g","caption":"Pascal Emond"},"url":"https:\/\/seinesaintdenis.fr\/actualite\/author\/pemond\/"}]}},"_links":{"self":[{"href":"https:\/\/seinesaintdenis.fr\/actualite\/wp-json\/wp\/v2\/posts\/1513","targetHints":{"allow":["GET"]}}],"collection":[{"href":"https:\/\/seinesaintdenis.fr\/actualite\/wp-json\/wp\/v2\/posts"}],"about":[{"href":"https:\/\/seinesaintdenis.fr\/actualite\/wp-json\/wp\/v2\/types\/post"}],"author":[{"embeddable":true,"href":"https:\/\/seinesaintdenis.fr\/actualite\/wp-json\/wp\/v2\/users\/14"}],"replies":[{"embeddable":true,"href":"https:\/\/seinesaintdenis.fr\/actualite\/wp-json\/wp\/v2\/comments?post=1513"}],"version-history":[{"count":2,"href":"https:\/\/seinesaintdenis.fr\/actualite\/wp-json\/wp\/v2\/posts\/1513\/revisions"}],"predecessor-version":[{"id":1761,"href":"https:\/\/seinesaintdenis.fr\/actualite\/wp-json\/wp\/v2\/posts\/1513\/revisions\/1761"}],"wp:featuredmedia":[{"embeddable":true,"href":"https:\/\/seinesaintdenis.fr\/actualite\/wp-json\/wp\/v2\/media\/1514"}],"wp:attachment":[{"href":"https:\/\/seinesaintdenis.fr\/actualite\/wp-json\/wp\/v2\/media?parent=1513"}],"wp:term":[{"taxonomy":"category","embeddable":true,"href":"https:\/\/seinesaintdenis.fr\/actualite\/wp-json\/wp\/v2\/categories?post=1513"},{"taxonomy":"ville","embeddable":true,"href":"https:\/\/seinesaintdenis.fr\/actualite\/wp-json\/wp\/v2\/ville?post=1513"}],"curies":[{"name":"wp","href":"https:\/\/api.w.org\/{rel}","templated":true}]}}