{"id":14975,"date":"2024-04-08T18:24:57","date_gmt":"2024-04-08T16:24:57","guid":{"rendered":"https:\/\/seinesaintdenis.fr\/actualite\/?p=14975"},"modified":"2024-04-22T11:52:06","modified_gmt":"2024-04-22T09:52:06","slug":"Grace-au-programme-%e2%80%9cTerritoire-Volontaire-les-jeunes-du-93-a-la-conquete-du-monde%c2%a0","status":"publish","type":"post","link":"https:\/\/seinesaintdenis.fr\/actualite\/solidarites-sante\/Grace-au-programme-%e2%80%9cTerritoire-Volontaire-les-jeunes-du-93-a-la-conquete-du-monde%c2%a0\/","title":{"rendered":"Avec \u00ab\u00a0Territoire Volontaire\u00a0\u00bb, les jeunes du 93 \u00e0 la conqu\u00eate du monde\u00a0"},"content":{"rendered":"","protected":false},"excerpt":{"rendered":"","protected":false},"author":32,"featured_media":14979,"comment_status":"open","ping_status":"open","sticky":false,"template":"","format":"standard","meta":{"_acf_changed":false,"footnotes":""},"categories":[11],"ville":[194],"class_list":["post-14975","post","type-post","status-publish","format-standard","has-post-thumbnail","hentry","category-solidarites-sante"],"acf":[],"yoast_head":"<!-- This site is optimized with the Yoast SEO plugin v27.4 - https:\/\/yoast.com\/product\/yoast-seo-wordpress\/ -->\n<title>Avec &quot;Territoire Volontaire&quot;, les jeunes du 93 \u00e0 la conqu\u00eate du monde\u00a0 - Seine-Saint-Denis - L&#039;actualit\u00e9 du d\u00e9partement<\/title>\n<meta name=\"description\" content=\"Leyla, Enzo et Am\u00e9lie sont les heureux b\u00e9n\u00e9ficiaires du programme \u201cTerritoires Volontaires\u201d dont la Seine-Saint-Denis a \u00e9t\u00e9 laur\u00e9ate en 2022. Tous trois ont pu, gr\u00e2ce \u00e0 ces programmes, partir en service civique ou en volontariat de solidarit\u00e9 internationale (VSI) pendant plusieurs mois, \u00e0 des milliers de kilom\u00e8tres de chez eux, en \u00e9tant accompagn\u00e9s du point de vue administratif, logistique et financier.\u00a0\" \/>\n<meta name=\"robots\" content=\"index, follow, max-snippet:-1, max-image-preview:large, max-video-preview:-1\" \/>\n<link rel=\"canonical\" href=\"https:\/\/seinesaintdenis.fr\/actualite\/solidarites-sante\/Grace-au-programme-\u201cTerritoire-Volontaire-les-jeunes-du-93-a-la-conquete-du-monde\u00a0\/\" \/>\n<meta property=\"og:locale\" content=\"fr_FR\" \/>\n<meta property=\"og:type\" content=\"article\" \/>\n<meta property=\"og:title\" content=\"Avec &quot;Territoire Volontaire&quot;, les jeunes du 93 \u00e0 la conqu\u00eate du monde\u00a0 - Seine-Saint-Denis - L&#039;actualit\u00e9 du d\u00e9partement\" \/>\n<meta property=\"og:description\" content=\"Leyla, Enzo et Am\u00e9lie sont les heureux b\u00e9n\u00e9ficiaires du programme \u201cTerritoires Volontaires\u201d dont la Seine-Saint-Denis a \u00e9t\u00e9 laur\u00e9ate en 2022. Tous trois ont pu, gr\u00e2ce \u00e0 ces programmes, partir en service civique ou en volontariat de solidarit\u00e9 internationale (VSI) pendant plusieurs mois, \u00e0 des milliers de kilom\u00e8tres de chez eux, en \u00e9tant accompagn\u00e9s du point de vue administratif, logistique et financier.\u00a0\" \/>\n<meta property=\"og:url\" content=\"https:\/\/seinesaintdenis.fr\/actualite\/solidarites-sante\/Grace-au-programme-\u201cTerritoire-Volontaire-les-jeunes-du-93-a-la-conquete-du-monde\u00a0\/\" \/>\n<meta property=\"og:site_name\" content=\"Seine-Saint-Denis - L&#039;actualit\u00e9 du d\u00e9partement\" \/>\n<meta property=\"article:publisher\" content=\"https:\/\/www.facebook.com\/seinesaintdenisledepartement\" \/>\n<meta property=\"article:published_time\" content=\"2024-04-08T16:24:57+00:00\" \/>\n<meta property=\"article:modified_time\" content=\"2024-04-22T09:52:06+00:00\" \/>\n<meta property=\"og:image\" content=\"https:\/\/seinesaintdenis.fr\/actualite\/wp-content\/uploads\/2024\/04\/territoires-volontaires.jpg\" \/>\n\t<meta property=\"og:image:width\" content=\"1090\" \/>\n\t<meta property=\"og:image:height\" content=\"560\" \/>\n\t<meta property=\"og:image:type\" content=\"image\/jpeg\" \/>\n<meta name=\"author\" content=\"Elsa Dupr\u00e9\" \/>\n<meta name=\"twitter:card\" content=\"summary_large_image\" \/>\n<meta name=\"twitter:creator\" content=\"@seinesaintdenis\" \/>\n<meta name=\"twitter:site\" content=\"@seinesaintdenis\" \/>\n<meta name=\"twitter:label1\" content=\"\u00c9crit par\" \/>\n\t<meta name=\"twitter:data1\" content=\"Elsa Dupr\u00e9\" \/>\n<script type=\"application\/ld+json\" class=\"yoast-schema-graph\">{\"@context\":\"https:\\\/\\\/schema.org\",\"@graph\":[{\"@type\":\"Article\",\"@id\":\"https:\\\/\\\/seinesaintdenis.fr\\\/actualite\\\/solidarites-sante\\\/Grace-au-programme-%e2%80%9cTerritoire-Volontaire-les-jeunes-du-93-a-la-conquete-du-monde%c2%a0\\\/#article\",\"isPartOf\":{\"@id\":\"https:\\\/\\\/seinesaintdenis.fr\\\/actualite\\\/solidarites-sante\\\/Grace-au-programme-%e2%80%9cTerritoire-Volontaire-les-jeunes-du-93-a-la-conquete-du-monde%c2%a0\\\/\"},\"author\":{\"name\":\"Elsa Dupr\u00e9\",\"@id\":\"https:\\\/\\\/seinesaintdenis.fr\\\/actualite\\\/#\\\/schema\\\/person\\\/a8af0783a7ee1de85a6bdfe1c37f809a\"},\"headline\":\"Avec \u00ab\u00a0Territoire Volontaire\u00a0\u00bb, les jeunes du 93 \u00e0 la conqu\u00eate du monde\u00a0\",\"datePublished\":\"2024-04-08T16:24:57+00:00\",\"dateModified\":\"2024-04-22T09:52:06+00:00\",\"mainEntityOfPage\":{\"@id\":\"https:\\\/\\\/seinesaintdenis.fr\\\/actualite\\\/solidarites-sante\\\/Grace-au-programme-%e2%80%9cTerritoire-Volontaire-les-jeunes-du-93-a-la-conquete-du-monde%c2%a0\\\/\"},\"wordCount\":11,\"commentCount\":0,\"publisher\":{\"@id\":\"https:\\\/\\\/seinesaintdenis.fr\\\/actualite\\\/#organization\"},\"image\":{\"@id\":\"https:\\\/\\\/seinesaintdenis.fr\\\/actualite\\\/solidarites-sante\\\/Grace-au-programme-%e2%80%9cTerritoire-Volontaire-les-jeunes-du-93-a-la-conquete-du-monde%c2%a0\\\/#primaryimage\"},\"thumbnailUrl\":\"https:\\\/\\\/seinesaintdenis.fr\\\/actualite\\\/wp-content\\\/uploads\\\/2024\\\/04\\\/territoires-volontaires.jpg\",\"articleSection\":[\"Solidarit\u00e9s &amp; Sant\u00e9\"],\"inLanguage\":\"fr-FR\",\"potentialAction\":[{\"@type\":\"CommentAction\",\"name\":\"Comment\",\"target\":[\"https:\\\/\\\/seinesaintdenis.fr\\\/actualite\\\/solidarites-sante\\\/Grace-au-programme-%e2%80%9cTerritoire-Volontaire-les-jeunes-du-93-a-la-conquete-du-monde%c2%a0\\\/#respond\"]}]},{\"@type\":\"WebPage\",\"@id\":\"https:\\\/\\\/seinesaintdenis.fr\\\/actualite\\\/solidarites-sante\\\/Grace-au-programme-%e2%80%9cTerritoire-Volontaire-les-jeunes-du-93-a-la-conquete-du-monde%c2%a0\\\/\",\"url\":\"https:\\\/\\\/seinesaintdenis.fr\\\/actualite\\\/solidarites-sante\\\/Grace-au-programme-%e2%80%9cTerritoire-Volontaire-les-jeunes-du-93-a-la-conquete-du-monde%c2%a0\\\/\",\"name\":\"Avec \\\"Territoire Volontaire\\\", les jeunes du 93 \u00e0 la conqu\u00eate du monde\u00a0 - Seine-Saint-Denis - L&#039;actualit\u00e9 du d\u00e9partement\",\"isPartOf\":{\"@id\":\"https:\\\/\\\/seinesaintdenis.fr\\\/actualite\\\/#website\"},\"primaryImageOfPage\":{\"@id\":\"https:\\\/\\\/seinesaintdenis.fr\\\/actualite\\\/solidarites-sante\\\/Grace-au-programme-%e2%80%9cTerritoire-Volontaire-les-jeunes-du-93-a-la-conquete-du-monde%c2%a0\\\/#primaryimage\"},\"image\":{\"@id\":\"https:\\\/\\\/seinesaintdenis.fr\\\/actualite\\\/solidarites-sante\\\/Grace-au-programme-%e2%80%9cTerritoire-Volontaire-les-jeunes-du-93-a-la-conquete-du-monde%c2%a0\\\/#primaryimage\"},\"thumbnailUrl\":\"https:\\\/\\\/seinesaintdenis.fr\\\/actualite\\\/wp-content\\\/uploads\\\/2024\\\/04\\\/territoires-volontaires.jpg\",\"datePublished\":\"2024-04-08T16:24:57+00:00\",\"dateModified\":\"2024-04-22T09:52:06+00:00\",\"description\":\"Leyla, Enzo et Am\u00e9lie sont les heureux b\u00e9n\u00e9ficiaires du programme \u201cTerritoires Volontaires\u201d dont la Seine-Saint-Denis a \u00e9t\u00e9 laur\u00e9ate en 2022. Tous trois ont pu, gr\u00e2ce \u00e0 ces programmes, partir en service civique ou en volontariat de solidarit\u00e9 internationale (VSI) pendant plusieurs mois, \u00e0 des milliers de kilom\u00e8tres de chez eux, en \u00e9tant accompagn\u00e9s du point de vue administratif, logistique et financier.\u00a0\",\"breadcrumb\":{\"@id\":\"https:\\\/\\\/seinesaintdenis.fr\\\/actualite\\\/solidarites-sante\\\/Grace-au-programme-%e2%80%9cTerritoire-Volontaire-les-jeunes-du-93-a-la-conquete-du-monde%c2%a0\\\/#breadcrumb\"},\"inLanguage\":\"fr-FR\",\"potentialAction\":[{\"@type\":\"ReadAction\",\"target\":[\"https:\\\/\\\/seinesaintdenis.fr\\\/actualite\\\/solidarites-sante\\\/Grace-au-programme-%e2%80%9cTerritoire-Volontaire-les-jeunes-du-93-a-la-conquete-du-monde%c2%a0\\\/\"]}]},{\"@type\":\"ImageObject\",\"inLanguage\":\"fr-FR\",\"@id\":\"https:\\\/\\\/seinesaintdenis.fr\\\/actualite\\\/solidarites-sante\\\/Grace-au-programme-%e2%80%9cTerritoire-Volontaire-les-jeunes-du-93-a-la-conquete-du-monde%c2%a0\\\/#primaryimage\",\"url\":\"https:\\\/\\\/seinesaintdenis.fr\\\/actualite\\\/wp-content\\\/uploads\\\/2024\\\/04\\\/territoires-volontaires.jpg\",\"contentUrl\":\"https:\\\/\\\/seinesaintdenis.fr\\\/actualite\\\/wp-content\\\/uploads\\\/2024\\\/04\\\/territoires-volontaires.jpg\",\"width\":1090,\"height\":560},{\"@type\":\"BreadcrumbList\",\"@id\":\"https:\\\/\\\/seinesaintdenis.fr\\\/actualite\\\/solidarites-sante\\\/Grace-au-programme-%e2%80%9cTerritoire-Volontaire-les-jeunes-du-93-a-la-conquete-du-monde%c2%a0\\\/#breadcrumb\",\"itemListElement\":[{\"@type\":\"ListItem\",\"position\":1,\"name\":\"Accueil\",\"item\":\"https:\\\/\\\/seinesaintdenis.fr\\\/actualite\\\/\"},{\"@type\":\"ListItem\",\"position\":2,\"name\":\"Solidarit\u00e9s &amp; Sant\u00e9\",\"item\":\"https:\\\/\\\/seinesaintdenis.fr\\\/actualite\\\/solidarites-sante\\\/\"},{\"@type\":\"ListItem\",\"position\":3,\"name\":\"Avec \u00ab\u00a0Territoire Volontaire\u00a0\u00bb, les jeunes du 93 \u00e0 la conqu\u00eate du monde\u00a0\"}]},{\"@type\":\"WebSite\",\"@id\":\"https:\\\/\\\/seinesaintdenis.fr\\\/actualite\\\/#website\",\"url\":\"https:\\\/\\\/seinesaintdenis.fr\\\/actualite\\\/\",\"name\":\"Seine-Saint-Denis - L'actualit\u00e9 du d\u00e9partement\",\"description\":\"L&#039;actualit\u00e9 du D\u00e9partement de la Seine-Saint-Denis\",\"publisher\":{\"@id\":\"https:\\\/\\\/seinesaintdenis.fr\\\/actualite\\\/#organization\"},\"potentialAction\":[{\"@type\":\"SearchAction\",\"target\":{\"@type\":\"EntryPoint\",\"urlTemplate\":\"https:\\\/\\\/seinesaintdenis.fr\\\/actualite\\\/?s={search_term_string}\"},\"query-input\":{\"@type\":\"PropertyValueSpecification\",\"valueRequired\":true,\"valueName\":\"search_term_string\"}}],\"inLanguage\":\"fr-FR\"},{\"@type\":\"Organization\",\"@id\":\"https:\\\/\\\/seinesaintdenis.fr\\\/actualite\\\/#organization\",\"name\":\"Seine-Saint-Denis - Le D\u00e9partement\",\"url\":\"https:\\\/\\\/seinesaintdenis.fr\\\/actualite\\\/\",\"logo\":{\"@type\":\"ImageObject\",\"inLanguage\":\"fr-FR\",\"@id\":\"https:\\\/\\\/seinesaintdenis.fr\\\/actualite\\\/#\\\/schema\\\/logo\\\/image\\\/\",\"url\":\"https:\\\/\\\/seinesaintdenis.fr\\\/actualite\\\/wp-content\\\/uploads\\\/2024\\\/08\\\/logo.png\",\"contentUrl\":\"https:\\\/\\\/seinesaintdenis.fr\\\/actualite\\\/wp-content\\\/uploads\\\/2024\\\/08\\\/logo.png\",\"width\":567,\"height\":172,\"caption\":\"Seine-Saint-Denis - Le D\u00e9partement\"},\"image\":{\"@id\":\"https:\\\/\\\/seinesaintdenis.fr\\\/actualite\\\/#\\\/schema\\\/logo\\\/image\\\/\"},\"sameAs\":[\"https:\\\/\\\/www.facebook.com\\\/seinesaintdenisledepartement\",\"https:\\\/\\\/x.com\\\/seinesaintdenis\",\"https:\\\/\\\/www.linkedin.com\\\/company\\\/seinesaintdenis\",\"https:\\\/\\\/www.instagram.com\\\/seine_saint_denis\\\/\",\"https:\\\/\\\/www.youtube.com\\\/channel\\\/UCR5YF9NnqiLCbnrKQgLUcIw\"]},{\"@type\":\"Person\",\"@id\":\"https:\\\/\\\/seinesaintdenis.fr\\\/actualite\\\/#\\\/schema\\\/person\\\/a8af0783a7ee1de85a6bdfe1c37f809a\",\"name\":\"Elsa Dupr\u00e9\",\"image\":{\"@type\":\"ImageObject\",\"inLanguage\":\"fr-FR\",\"@id\":\"https:\\\/\\\/secure.gravatar.com\\\/avatar\\\/44f0918455257d09b16e589fb72179e325b0fe409c7651afbe1d4304af883c12?s=96&d=mm&r=g\",\"url\":\"https:\\\/\\\/secure.gravatar.com\\\/avatar\\\/44f0918455257d09b16e589fb72179e325b0fe409c7651afbe1d4304af883c12?s=96&d=mm&r=g\",\"contentUrl\":\"https:\\\/\\\/secure.gravatar.com\\\/avatar\\\/44f0918455257d09b16e589fb72179e325b0fe409c7651afbe1d4304af883c12?s=96&d=mm&r=g\",\"caption\":\"Elsa Dupr\u00e9\"},\"url\":\"https:\\\/\\\/seinesaintdenis.fr\\\/actualite\\\/author\\\/edupre\\\/\"}]}<\/script>\n<!-- \/ Yoast SEO plugin. -->","yoast_head_json":{"title":"Avec \"Territoire Volontaire\", les jeunes du 93 \u00e0 la conqu\u00eate du monde\u00a0 - Seine-Saint-Denis - L&#039;actualit\u00e9 du d\u00e9partement","description":"Leyla, Enzo et Am\u00e9lie sont les heureux b\u00e9n\u00e9ficiaires du programme \u201cTerritoires Volontaires\u201d dont la Seine-Saint-Denis a \u00e9t\u00e9 laur\u00e9ate en 2022. Tous trois ont pu, gr\u00e2ce \u00e0 ces programmes, partir en service civique ou en volontariat de solidarit\u00e9 internationale (VSI) pendant plusieurs mois, \u00e0 des milliers de kilom\u00e8tres de chez eux, en \u00e9tant accompagn\u00e9s du point de vue administratif, logistique et financier.\u00a0","robots":{"index":"index","follow":"follow","max-snippet":"max-snippet:-1","max-image-preview":"max-image-preview:large","max-video-preview":"max-video-preview:-1"},"canonical":"https:\/\/seinesaintdenis.fr\/actualite\/solidarites-sante\/Grace-au-programme-\u201cTerritoire-Volontaire-les-jeunes-du-93-a-la-conquete-du-monde\u00a0\/","og_locale":"fr_FR","og_type":"article","og_title":"Avec \"Territoire Volontaire\", les jeunes du 93 \u00e0 la conqu\u00eate du monde\u00a0 - Seine-Saint-Denis - L&#039;actualit\u00e9 du d\u00e9partement","og_description":"Leyla, Enzo et Am\u00e9lie sont les heureux b\u00e9n\u00e9ficiaires du programme \u201cTerritoires Volontaires\u201d dont la Seine-Saint-Denis a \u00e9t\u00e9 laur\u00e9ate en 2022. Tous trois ont pu, gr\u00e2ce \u00e0 ces programmes, partir en service civique ou en volontariat de solidarit\u00e9 internationale (VSI) pendant plusieurs mois, \u00e0 des milliers de kilom\u00e8tres de chez eux, en \u00e9tant accompagn\u00e9s du point de vue administratif, logistique et financier.\u00a0","og_url":"https:\/\/seinesaintdenis.fr\/actualite\/solidarites-sante\/Grace-au-programme-\u201cTerritoire-Volontaire-les-jeunes-du-93-a-la-conquete-du-monde\u00a0\/","og_site_name":"Seine-Saint-Denis - L&#039;actualit\u00e9 du d\u00e9partement","article_publisher":"https:\/\/www.facebook.com\/seinesaintdenisledepartement","article_published_time":"2024-04-08T16:24:57+00:00","article_modified_time":"2024-04-22T09:52:06+00:00","og_image":[{"width":1090,"height":560,"url":"https:\/\/seinesaintdenis.fr\/actualite\/wp-content\/uploads\/2024\/04\/territoires-volontaires.jpg","type":"image\/jpeg"}],"author":"Elsa Dupr\u00e9","twitter_card":"summary_large_image","twitter_creator":"@seinesaintdenis","twitter_site":"@seinesaintdenis","twitter_misc":{"\u00c9crit par":"Elsa Dupr\u00e9"},"schema":{"@context":"https:\/\/schema.org","@graph":[{"@type":"Article","@id":"https:\/\/seinesaintdenis.fr\/actualite\/solidarites-sante\/Grace-au-programme-%e2%80%9cTerritoire-Volontaire-les-jeunes-du-93-a-la-conquete-du-monde%c2%a0\/#article","isPartOf":{"@id":"https:\/\/seinesaintdenis.fr\/actualite\/solidarites-sante\/Grace-au-programme-%e2%80%9cTerritoire-Volontaire-les-jeunes-du-93-a-la-conquete-du-monde%c2%a0\/"},"author":{"name":"Elsa Dupr\u00e9","@id":"https:\/\/seinesaintdenis.fr\/actualite\/#\/schema\/person\/a8af0783a7ee1de85a6bdfe1c37f809a"},"headline":"Avec \u00ab\u00a0Territoire Volontaire\u00a0\u00bb, les jeunes du 93 \u00e0 la conqu\u00eate du monde\u00a0","datePublished":"2024-04-08T16:24:57+00:00","dateModified":"2024-04-22T09:52:06+00:00","mainEntityOfPage":{"@id":"https:\/\/seinesaintdenis.fr\/actualite\/solidarites-sante\/Grace-au-programme-%e2%80%9cTerritoire-Volontaire-les-jeunes-du-93-a-la-conquete-du-monde%c2%a0\/"},"wordCount":11,"commentCount":0,"publisher":{"@id":"https:\/\/seinesaintdenis.fr\/actualite\/#organization"},"image":{"@id":"https:\/\/seinesaintdenis.fr\/actualite\/solidarites-sante\/Grace-au-programme-%e2%80%9cTerritoire-Volontaire-les-jeunes-du-93-a-la-conquete-du-monde%c2%a0\/#primaryimage"},"thumbnailUrl":"https:\/\/seinesaintdenis.fr\/actualite\/wp-content\/uploads\/2024\/04\/territoires-volontaires.jpg","articleSection":["Solidarit\u00e9s &amp; Sant\u00e9"],"inLanguage":"fr-FR","potentialAction":[{"@type":"CommentAction","name":"Comment","target":["https:\/\/seinesaintdenis.fr\/actualite\/solidarites-sante\/Grace-au-programme-%e2%80%9cTerritoire-Volontaire-les-jeunes-du-93-a-la-conquete-du-monde%c2%a0\/#respond"]}]},{"@type":"WebPage","@id":"https:\/\/seinesaintdenis.fr\/actualite\/solidarites-sante\/Grace-au-programme-%e2%80%9cTerritoire-Volontaire-les-jeunes-du-93-a-la-conquete-du-monde%c2%a0\/","url":"https:\/\/seinesaintdenis.fr\/actualite\/solidarites-sante\/Grace-au-programme-%e2%80%9cTerritoire-Volontaire-les-jeunes-du-93-a-la-conquete-du-monde%c2%a0\/","name":"Avec \"Territoire Volontaire\", les jeunes du 93 \u00e0 la conqu\u00eate du monde\u00a0 - Seine-Saint-Denis - L&#039;actualit\u00e9 du d\u00e9partement","isPartOf":{"@id":"https:\/\/seinesaintdenis.fr\/actualite\/#website"},"primaryImageOfPage":{"@id":"https:\/\/seinesaintdenis.fr\/actualite\/solidarites-sante\/Grace-au-programme-%e2%80%9cTerritoire-Volontaire-les-jeunes-du-93-a-la-conquete-du-monde%c2%a0\/#primaryimage"},"image":{"@id":"https:\/\/seinesaintdenis.fr\/actualite\/solidarites-sante\/Grace-au-programme-%e2%80%9cTerritoire-Volontaire-les-jeunes-du-93-a-la-conquete-du-monde%c2%a0\/#primaryimage"},"thumbnailUrl":"https:\/\/seinesaintdenis.fr\/actualite\/wp-content\/uploads\/2024\/04\/territoires-volontaires.jpg","datePublished":"2024-04-08T16:24:57+00:00","dateModified":"2024-04-22T09:52:06+00:00","description":"Leyla, Enzo et Am\u00e9lie sont les heureux b\u00e9n\u00e9ficiaires du programme \u201cTerritoires Volontaires\u201d dont la Seine-Saint-Denis a \u00e9t\u00e9 laur\u00e9ate en 2022. Tous trois ont pu, gr\u00e2ce \u00e0 ces programmes, partir en service civique ou en volontariat de solidarit\u00e9 internationale (VSI) pendant plusieurs mois, \u00e0 des milliers de kilom\u00e8tres de chez eux, en \u00e9tant accompagn\u00e9s du point de vue administratif, logistique et financier.\u00a0","breadcrumb":{"@id":"https:\/\/seinesaintdenis.fr\/actualite\/solidarites-sante\/Grace-au-programme-%e2%80%9cTerritoire-Volontaire-les-jeunes-du-93-a-la-conquete-du-monde%c2%a0\/#breadcrumb"},"inLanguage":"fr-FR","potentialAction":[{"@type":"ReadAction","target":["https:\/\/seinesaintdenis.fr\/actualite\/solidarites-sante\/Grace-au-programme-%e2%80%9cTerritoire-Volontaire-les-jeunes-du-93-a-la-conquete-du-monde%c2%a0\/"]}]},{"@type":"ImageObject","inLanguage":"fr-FR","@id":"https:\/\/seinesaintdenis.fr\/actualite\/solidarites-sante\/Grace-au-programme-%e2%80%9cTerritoire-Volontaire-les-jeunes-du-93-a-la-conquete-du-monde%c2%a0\/#primaryimage","url":"https:\/\/seinesaintdenis.fr\/actualite\/wp-content\/uploads\/2024\/04\/territoires-volontaires.jpg","contentUrl":"https:\/\/seinesaintdenis.fr\/actualite\/wp-content\/uploads\/2024\/04\/territoires-volontaires.jpg","width":1090,"height":560},{"@type":"BreadcrumbList","@id":"https:\/\/seinesaintdenis.fr\/actualite\/solidarites-sante\/Grace-au-programme-%e2%80%9cTerritoire-Volontaire-les-jeunes-du-93-a-la-conquete-du-monde%c2%a0\/#breadcrumb","itemListElement":[{"@type":"ListItem","position":1,"name":"Accueil","item":"https:\/\/seinesaintdenis.fr\/actualite\/"},{"@type":"ListItem","position":2,"name":"Solidarit\u00e9s &amp; Sant\u00e9","item":"https:\/\/seinesaintdenis.fr\/actualite\/solidarites-sante\/"},{"@type":"ListItem","position":3,"name":"Avec \u00ab\u00a0Territoire Volontaire\u00a0\u00bb, les jeunes du 93 \u00e0 la conqu\u00eate du monde\u00a0"}]},{"@type":"WebSite","@id":"https:\/\/seinesaintdenis.fr\/actualite\/#website","url":"https:\/\/seinesaintdenis.fr\/actualite\/","name":"Seine-Saint-Denis - L'actualit\u00e9 du d\u00e9partement","description":"L&#039;actualit\u00e9 du D\u00e9partement de la Seine-Saint-Denis","publisher":{"@id":"https:\/\/seinesaintdenis.fr\/actualite\/#organization"},"potentialAction":[{"@type":"SearchAction","target":{"@type":"EntryPoint","urlTemplate":"https:\/\/seinesaintdenis.fr\/actualite\/?s={search_term_string}"},"query-input":{"@type":"PropertyValueSpecification","valueRequired":true,"valueName":"search_term_string"}}],"inLanguage":"fr-FR"},{"@type":"Organization","@id":"https:\/\/seinesaintdenis.fr\/actualite\/#organization","name":"Seine-Saint-Denis - Le D\u00e9partement","url":"https:\/\/seinesaintdenis.fr\/actualite\/","logo":{"@type":"ImageObject","inLanguage":"fr-FR","@id":"https:\/\/seinesaintdenis.fr\/actualite\/#\/schema\/logo\/image\/","url":"https:\/\/seinesaintdenis.fr\/actualite\/wp-content\/uploads\/2024\/08\/logo.png","contentUrl":"https:\/\/seinesaintdenis.fr\/actualite\/wp-content\/uploads\/2024\/08\/logo.png","width":567,"height":172,"caption":"Seine-Saint-Denis - Le D\u00e9partement"},"image":{"@id":"https:\/\/seinesaintdenis.fr\/actualite\/#\/schema\/logo\/image\/"},"sameAs":["https:\/\/www.facebook.com\/seinesaintdenisledepartement","https:\/\/x.com\/seinesaintdenis","https:\/\/www.linkedin.com\/company\/seinesaintdenis","https:\/\/www.instagram.com\/seine_saint_denis\/","https:\/\/www.youtube.com\/channel\/UCR5YF9NnqiLCbnrKQgLUcIw"]},{"@type":"Person","@id":"https:\/\/seinesaintdenis.fr\/actualite\/#\/schema\/person\/a8af0783a7ee1de85a6bdfe1c37f809a","name":"Elsa Dupr\u00e9","image":{"@type":"ImageObject","inLanguage":"fr-FR","@id":"https:\/\/secure.gravatar.com\/avatar\/44f0918455257d09b16e589fb72179e325b0fe409c7651afbe1d4304af883c12?s=96&d=mm&r=g","url":"https:\/\/secure.gravatar.com\/avatar\/44f0918455257d09b16e589fb72179e325b0fe409c7651afbe1d4304af883c12?s=96&d=mm&r=g","contentUrl":"https:\/\/secure.gravatar.com\/avatar\/44f0918455257d09b16e589fb72179e325b0fe409c7651afbe1d4304af883c12?s=96&d=mm&r=g","caption":"Elsa Dupr\u00e9"},"url":"https:\/\/seinesaintdenis.fr\/actualite\/author\/edupre\/"}]}},"_links":{"self":[{"href":"https:\/\/seinesaintdenis.fr\/actualite\/wp-json\/wp\/v2\/posts\/14975","targetHints":{"allow":["GET"]}}],"collection":[{"href":"https:\/\/seinesaintdenis.fr\/actualite\/wp-json\/wp\/v2\/posts"}],"about":[{"href":"https:\/\/seinesaintdenis.fr\/actualite\/wp-json\/wp\/v2\/types\/post"}],"author":[{"embeddable":true,"href":"https:\/\/seinesaintdenis.fr\/actualite\/wp-json\/wp\/v2\/users\/32"}],"replies":[{"embeddable":true,"href":"https:\/\/seinesaintdenis.fr\/actualite\/wp-json\/wp\/v2\/comments?post=14975"}],"version-history":[{"count":8,"href":"https:\/\/seinesaintdenis.fr\/actualite\/wp-json\/wp\/v2\/posts\/14975\/revisions"}],"predecessor-version":[{"id":15020,"href":"https:\/\/seinesaintdenis.fr\/actualite\/wp-json\/wp\/v2\/posts\/14975\/revisions\/15020"}],"wp:featuredmedia":[{"embeddable":true,"href":"https:\/\/seinesaintdenis.fr\/actualite\/wp-json\/wp\/v2\/media\/14979"}],"wp:attachment":[{"href":"https:\/\/seinesaintdenis.fr\/actualite\/wp-json\/wp\/v2\/media?parent=14975"}],"wp:term":[{"taxonomy":"category","embeddable":true,"href":"https:\/\/seinesaintdenis.fr\/actualite\/wp-json\/wp\/v2\/categories?post=14975"},{"taxonomy":"ville","embeddable":true,"href":"https:\/\/seinesaintdenis.fr\/actualite\/wp-json\/wp\/v2\/ville?post=14975"}],"curies":[{"name":"wp","href":"https:\/\/api.w.org\/{rel}","templated":true}]}}