{"id":1483,"date":"2022-09-01T12:42:37","date_gmt":"2022-09-01T12:42:37","guid":{"rendered":"https:\/\/seinesaintdenis.fr\/actualite\/uncategorized\/La-rentree-dans-nos-colleges-en-images\/"},"modified":"2023-05-23T16:52:02","modified_gmt":"2023-05-23T16:52:02","slug":"La-rentree-dans-nos-colleges-en-images","status":"publish","type":"post","link":"https:\/\/seinesaintdenis.fr\/actualite\/jeunesse-education\/La-rentree-dans-nos-colleges-en-images\/","title":{"rendered":"La rentr\u00e9e dans nos coll\u00e8ges en images"},"content":{"rendered":"<figure class=\"spip_document_16008 spip_documents spip_documents_left media media_image media_image_jpg\" style=\"float: left;\"><img loading=\"lazy\" decoding=\"async\" src=\"IMG\/jpg\/arriveeeelevesdugny760.jpg\" alt=\"JPEG - 146.1 ko\" width=\"760\" height=\"412\" \/><\/figure>\n<p>Jeudi 8h, le coll\u00e8ge Jean-Baptiste-Cl\u00e9ment de Dugny ouvre ses portes aux premier\u00b7e\u00b7s \u00e9l\u00e8ves apr\u00e8s la pause estivale.<\/p>\n<figure class=\"spip_document_16009 spip_documents spip_documents_left media media_image media_image_jpg\" style=\"float: left;\"><img loading=\"lazy\" decoding=\"async\" src=\"IMG\/jpg\/_e6a7092.jpg\" alt=\"JPEG - 1.8 Mo\" width=\"3062\" height=\"2042\" \/><\/figure>\n<p>Premi\u00e8re rentr\u00e9e au coll\u00e8ge et photo souvenir avec St\u00e9phane Troussel.<\/p>\n<figure class=\"spip_document_16010 spip_documents spip_documents_left media media_image media_image_jpg\" style=\"float: left;\"><img loading=\"lazy\" decoding=\"async\" src=\"IMG\/jpg\/2022_09_01_jean_baptiste_clement_dugny_bl_015.jpg\" alt=\"JPEG - 1.1 Mo\" width=\"4134\" height=\"2758\" \/><\/figure>\n<p>Retrouvailles pour petit\u00b7e\u00b7s et grand\u00b7e\u00b7s avant la composition des classes.<\/p>\n<figure class=\"spip_document_16015 spip_documents spip_documents_left media media_image media_image_jpg\" style=\"float: left;\"><img loading=\"lazy\" decoding=\"async\" src=\"IMG\/jpg\/rentree-prof760.jpg\" alt=\"JPEG - 106 ko\" width=\"760\" height=\"412\" \/><\/figure>\n<p>C\u2019est aussi la rentr\u00e9e pour le personnel enseignant\u00a0!<\/p>\n<p><span class=\"spip_document_16012 spip_documents spip_documents_left media media_vignette\" style=\"float: left;\"><a class=\"spip_in\" title=\"jpg\/collegecouloir.jpg\" href=\"IMG\/jpg\/collegecouloir.jpg\" type=\"image\/jpeg\"><img loading=\"lazy\" decoding=\"async\" src=\"IMG\/jpg\/collegecouloir.jpg\" alt=\"JPEG - 2.5 Mo\" width=\"4134\" height=\"6197\" \/><\/a><\/span><br class=\"autobr\" \/>C\u2019est l\u2019heure pour les \u00e9l\u00e8ves de d\u00e9couvrir leur classe et leurs professeur\u00b7e\u00b7s.<\/p>\n<figure class=\"spip_document_16016 spip_documents spip_documents_left media media_image media_image_jpg\" style=\"float: left;\"><img loading=\"lazy\" decoding=\"async\" src=\"IMG\/jpg\/trousselclassesourire760.jpg\" alt=\"JPEG - 100.8 ko\" width=\"760\" height=\"412\" \/><\/figure>\n<p>Ambiance studieuse dans la classe sous les regards de St\u00e9phane Troussel, pr\u00e9sident du D\u00e9partement, d\u2019Antoine Chaleix, Directeur acad\u00e9mique adjoint des services de l\u2019\u00c9ducation nationale, et de Marianne Falaize, directrice-adjointe de l\u2019Education et de la Jeunesse au Conseil d\u00e9partemental.<\/p>\n<p><a class=\"spip_in\" href=\"Rentree-2022-les-actions-concretes-du-Departement-pour-les-colleges\">Mais que fait le d\u00e9partement, concr\u00e8tement, pour les coll\u00e8ges en cette rentr\u00e9e 2022\u00a0? La r\u00e9ponse en chiffres et en images<\/a><\/p>\n<p>Cr\u00e9dits photos\u00a0: Bruno L\u00e9vy<\/p>\n","protected":false},"excerpt":{"rendered":"Jeudi 8h, le coll\u00e8ge Jean-Baptiste-Cl\u00e9ment de Dugny ouvre ses portes aux premier\u00b7e\u00b7s \u00e9l\u00e8ves apr\u00e8s la pause estivale. Premi\u00e8re rentr\u00e9e au coll\u00e8ge et photo souvenir avec St\u00e9phane Troussel. Retrouvailles pour petit\u00b7e\u00b7s et grand\u00b7e\u00b7s avant la composition des classes. C\u2019est aussi la rentr\u00e9e pour le personnel enseignant\u00a0! C\u2019est l\u2019heure pour les \u00e9l\u00e8ves de d\u00e9couvrir leur classe et&#8230; <a class=\"view-article\" href=\"https:\/\/seinesaintdenis.fr\/actualite\/jeunesse-education\/La-rentree-dans-nos-colleges-en-images\/\">Voir l&rsquo;article<\/a>","protected":false},"author":14,"featured_media":1484,"comment_status":"open","ping_status":"open","sticky":false,"template":"","format":"standard","meta":{"_acf_changed":false,"footnotes":""},"categories":[100,6],"ville":[69],"class_list":["post-1483","post","type-post","status-publish","format-standard","has-post-thumbnail","hentry","category-Colleges","category-jeunesse-education"],"acf":[],"yoast_head":"<!-- This site is optimized with the Yoast SEO plugin v27.5 - https:\/\/yoast.com\/product\/yoast-seo-wordpress\/ -->\n<title>La rentr\u00e9e dans nos coll\u00e8ges en images - Seine-Saint-Denis - L&#039;actualit\u00e9 du d\u00e9partement<\/title>\n<meta name=\"robots\" content=\"index, follow, max-snippet:-1, max-image-preview:large, max-video-preview:-1\" \/>\n<link rel=\"canonical\" href=\"https:\/\/seinesaintdenis.fr\/actualite\/jeunesse-education\/La-rentree-dans-nos-colleges-en-images\/\" \/>\n<meta property=\"og:locale\" content=\"fr_FR\" \/>\n<meta property=\"og:type\" content=\"article\" \/>\n<meta property=\"og:title\" content=\"La rentr\u00e9e dans nos coll\u00e8ges en images - Seine-Saint-Denis - L&#039;actualit\u00e9 du d\u00e9partement\" \/>\n<meta property=\"og:url\" content=\"https:\/\/seinesaintdenis.fr\/actualite\/jeunesse-education\/La-rentree-dans-nos-colleges-en-images\/\" \/>\n<meta property=\"og:site_name\" content=\"Seine-Saint-Denis - L&#039;actualit\u00e9 du d\u00e9partement\" \/>\n<meta property=\"article:publisher\" content=\"https:\/\/www.facebook.com\/seinesaintdenisledepartement\" \/>\n<meta property=\"article:published_time\" content=\"2022-09-01T12:42:37+00:00\" \/>\n<meta property=\"article:modified_time\" content=\"2023-05-23T16:52:02+00:00\" \/>\n<meta property=\"og:image\" content=\"https:\/\/seinesaintdenis.fr\/actualite\/wp-content\/uploads\/2023\/04\/4540bde195f906586122d1cdd7263f.jpg\" \/>\n\t<meta property=\"og:image:width\" content=\"760\" \/>\n\t<meta property=\"og:image:height\" content=\"411\" \/>\n\t<meta property=\"og:image:type\" content=\"image\/jpeg\" \/>\n<meta name=\"author\" content=\"Pascal Emond\" \/>\n<meta name=\"twitter:card\" content=\"summary_large_image\" \/>\n<meta name=\"twitter:creator\" content=\"@seinesaintdenis\" \/>\n<meta name=\"twitter:site\" content=\"@seinesaintdenis\" \/>\n<meta name=\"twitter:label1\" content=\"\u00c9crit par\" \/>\n\t<meta name=\"twitter:data1\" content=\"Pascal Emond\" \/>\n\t<meta name=\"twitter:label2\" content=\"Dur\u00e9e de lecture estim\u00e9e\" \/>\n\t<meta name=\"twitter:data2\" content=\"2 minutes\" \/>\n<script type=\"application\/ld+json\" class=\"yoast-schema-graph\">{\"@context\":\"https:\\\/\\\/schema.org\",\"@graph\":[{\"@type\":\"Article\",\"@id\":\"https:\\\/\\\/seinesaintdenis.fr\\\/actualite\\\/jeunesse-education\\\/La-rentree-dans-nos-colleges-en-images\\\/#article\",\"isPartOf\":{\"@id\":\"https:\\\/\\\/seinesaintdenis.fr\\\/actualite\\\/jeunesse-education\\\/La-rentree-dans-nos-colleges-en-images\\\/\"},\"author\":{\"name\":\"Pascal Emond\",\"@id\":\"https:\\\/\\\/seinesaintdenis.fr\\\/actualite\\\/#\\\/schema\\\/person\\\/a10b9254e4da7e1132aa6fedd658fe62\"},\"headline\":\"La rentr\u00e9e dans nos coll\u00e8ges en images\",\"datePublished\":\"2022-09-01T12:42:37+00:00\",\"dateModified\":\"2023-05-23T16:52:02+00:00\",\"mainEntityOfPage\":{\"@id\":\"https:\\\/\\\/seinesaintdenis.fr\\\/actualite\\\/jeunesse-education\\\/La-rentree-dans-nos-colleges-en-images\\\/\"},\"wordCount\":164,\"commentCount\":0,\"publisher\":{\"@id\":\"https:\\\/\\\/seinesaintdenis.fr\\\/actualite\\\/#organization\"},\"image\":{\"@id\":\"https:\\\/\\\/seinesaintdenis.fr\\\/actualite\\\/jeunesse-education\\\/La-rentree-dans-nos-colleges-en-images\\\/#primaryimage\"},\"thumbnailUrl\":\"https:\\\/\\\/seinesaintdenis.fr\\\/actualite\\\/wp-content\\\/uploads\\\/2023\\\/04\\\/4540bde195f906586122d1cdd7263f.jpg\",\"articleSection\":[\"Coll\u00e8ges\",\"Jeunesse &amp; \u00c9ducation\"],\"inLanguage\":\"fr-FR\",\"potentialAction\":[{\"@type\":\"CommentAction\",\"name\":\"Comment\",\"target\":[\"https:\\\/\\\/seinesaintdenis.fr\\\/actualite\\\/jeunesse-education\\\/La-rentree-dans-nos-colleges-en-images\\\/#respond\"]}]},{\"@type\":\"WebPage\",\"@id\":\"https:\\\/\\\/seinesaintdenis.fr\\\/actualite\\\/jeunesse-education\\\/La-rentree-dans-nos-colleges-en-images\\\/\",\"url\":\"https:\\\/\\\/seinesaintdenis.fr\\\/actualite\\\/jeunesse-education\\\/La-rentree-dans-nos-colleges-en-images\\\/\",\"name\":\"La rentr\u00e9e dans nos coll\u00e8ges en images - Seine-Saint-Denis - L&#039;actualit\u00e9 du d\u00e9partement\",\"isPartOf\":{\"@id\":\"https:\\\/\\\/seinesaintdenis.fr\\\/actualite\\\/#website\"},\"primaryImageOfPage\":{\"@id\":\"https:\\\/\\\/seinesaintdenis.fr\\\/actualite\\\/jeunesse-education\\\/La-rentree-dans-nos-colleges-en-images\\\/#primaryimage\"},\"image\":{\"@id\":\"https:\\\/\\\/seinesaintdenis.fr\\\/actualite\\\/jeunesse-education\\\/La-rentree-dans-nos-colleges-en-images\\\/#primaryimage\"},\"thumbnailUrl\":\"https:\\\/\\\/seinesaintdenis.fr\\\/actualite\\\/wp-content\\\/uploads\\\/2023\\\/04\\\/4540bde195f906586122d1cdd7263f.jpg\",\"datePublished\":\"2022-09-01T12:42:37+00:00\",\"dateModified\":\"2023-05-23T16:52:02+00:00\",\"breadcrumb\":{\"@id\":\"https:\\\/\\\/seinesaintdenis.fr\\\/actualite\\\/jeunesse-education\\\/La-rentree-dans-nos-colleges-en-images\\\/#breadcrumb\"},\"inLanguage\":\"fr-FR\",\"potentialAction\":[{\"@type\":\"ReadAction\",\"target\":[\"https:\\\/\\\/seinesaintdenis.fr\\\/actualite\\\/jeunesse-education\\\/La-rentree-dans-nos-colleges-en-images\\\/\"]}]},{\"@type\":\"ImageObject\",\"inLanguage\":\"fr-FR\",\"@id\":\"https:\\\/\\\/seinesaintdenis.fr\\\/actualite\\\/jeunesse-education\\\/La-rentree-dans-nos-colleges-en-images\\\/#primaryimage\",\"url\":\"https:\\\/\\\/seinesaintdenis.fr\\\/actualite\\\/wp-content\\\/uploads\\\/2023\\\/04\\\/4540bde195f906586122d1cdd7263f.jpg\",\"contentUrl\":\"https:\\\/\\\/seinesaintdenis.fr\\\/actualite\\\/wp-content\\\/uploads\\\/2023\\\/04\\\/4540bde195f906586122d1cdd7263f.jpg\",\"width\":760,\"height\":411},{\"@type\":\"BreadcrumbList\",\"@id\":\"https:\\\/\\\/seinesaintdenis.fr\\\/actualite\\\/jeunesse-education\\\/La-rentree-dans-nos-colleges-en-images\\\/#breadcrumb\",\"itemListElement\":[{\"@type\":\"ListItem\",\"position\":1,\"name\":\"Accueil\",\"item\":\"https:\\\/\\\/seinesaintdenis.fr\\\/actualite\\\/\"},{\"@type\":\"ListItem\",\"position\":2,\"name\":\"Jeunesse &amp; \u00c9ducation\",\"item\":\"https:\\\/\\\/seinesaintdenis.fr\\\/actualite\\\/jeunesse-education\\\/\"},{\"@type\":\"ListItem\",\"position\":3,\"name\":\"La rentr\u00e9e dans nos coll\u00e8ges en images\"}]},{\"@type\":\"WebSite\",\"@id\":\"https:\\\/\\\/seinesaintdenis.fr\\\/actualite\\\/#website\",\"url\":\"https:\\\/\\\/seinesaintdenis.fr\\\/actualite\\\/\",\"name\":\"Seine-Saint-Denis - L'actualit\u00e9 du d\u00e9partement\",\"description\":\"L&#039;actualit\u00e9 du D\u00e9partement de la Seine-Saint-Denis\",\"publisher\":{\"@id\":\"https:\\\/\\\/seinesaintdenis.fr\\\/actualite\\\/#organization\"},\"potentialAction\":[{\"@type\":\"SearchAction\",\"target\":{\"@type\":\"EntryPoint\",\"urlTemplate\":\"https:\\\/\\\/seinesaintdenis.fr\\\/actualite\\\/?s={search_term_string}\"},\"query-input\":{\"@type\":\"PropertyValueSpecification\",\"valueRequired\":true,\"valueName\":\"search_term_string\"}}],\"inLanguage\":\"fr-FR\"},{\"@type\":\"Organization\",\"@id\":\"https:\\\/\\\/seinesaintdenis.fr\\\/actualite\\\/#organization\",\"name\":\"Seine-Saint-Denis - Le D\u00e9partement\",\"url\":\"https:\\\/\\\/seinesaintdenis.fr\\\/actualite\\\/\",\"logo\":{\"@type\":\"ImageObject\",\"inLanguage\":\"fr-FR\",\"@id\":\"https:\\\/\\\/seinesaintdenis.fr\\\/actualite\\\/#\\\/schema\\\/logo\\\/image\\\/\",\"url\":\"https:\\\/\\\/seinesaintdenis.fr\\\/actualite\\\/wp-content\\\/uploads\\\/2024\\\/08\\\/logo.png\",\"contentUrl\":\"https:\\\/\\\/seinesaintdenis.fr\\\/actualite\\\/wp-content\\\/uploads\\\/2024\\\/08\\\/logo.png\",\"width\":567,\"height\":172,\"caption\":\"Seine-Saint-Denis - Le D\u00e9partement\"},\"image\":{\"@id\":\"https:\\\/\\\/seinesaintdenis.fr\\\/actualite\\\/#\\\/schema\\\/logo\\\/image\\\/\"},\"sameAs\":[\"https:\\\/\\\/www.facebook.com\\\/seinesaintdenisledepartement\",\"https:\\\/\\\/x.com\\\/seinesaintdenis\",\"https:\\\/\\\/www.linkedin.com\\\/company\\\/seinesaintdenis\",\"https:\\\/\\\/www.instagram.com\\\/seine_saint_denis\\\/\",\"https:\\\/\\\/www.youtube.com\\\/channel\\\/UCR5YF9NnqiLCbnrKQgLUcIw\"]},{\"@type\":\"Person\",\"@id\":\"https:\\\/\\\/seinesaintdenis.fr\\\/actualite\\\/#\\\/schema\\\/person\\\/a10b9254e4da7e1132aa6fedd658fe62\",\"name\":\"Pascal Emond\",\"image\":{\"@type\":\"ImageObject\",\"inLanguage\":\"fr-FR\",\"@id\":\"https:\\\/\\\/secure.gravatar.com\\\/avatar\\\/f9570e57e385385f23e9bb03a8a5fa0c74be50a83c9269a5a1ab497d2aded1f2?s=96&d=mm&r=g\",\"url\":\"https:\\\/\\\/secure.gravatar.com\\\/avatar\\\/f9570e57e385385f23e9bb03a8a5fa0c74be50a83c9269a5a1ab497d2aded1f2?s=96&d=mm&r=g\",\"contentUrl\":\"https:\\\/\\\/secure.gravatar.com\\\/avatar\\\/f9570e57e385385f23e9bb03a8a5fa0c74be50a83c9269a5a1ab497d2aded1f2?s=96&d=mm&r=g\",\"caption\":\"Pascal Emond\"},\"url\":\"https:\\\/\\\/seinesaintdenis.fr\\\/actualite\\\/author\\\/pemond\\\/\"}]}<\/script>\n<!-- \/ Yoast SEO plugin. -->","yoast_head_json":{"title":"La rentr\u00e9e dans nos coll\u00e8ges en images - Seine-Saint-Denis - L&#039;actualit\u00e9 du d\u00e9partement","robots":{"index":"index","follow":"follow","max-snippet":"max-snippet:-1","max-image-preview":"max-image-preview:large","max-video-preview":"max-video-preview:-1"},"canonical":"https:\/\/seinesaintdenis.fr\/actualite\/jeunesse-education\/La-rentree-dans-nos-colleges-en-images\/","og_locale":"fr_FR","og_type":"article","og_title":"La rentr\u00e9e dans nos coll\u00e8ges en images - Seine-Saint-Denis - L&#039;actualit\u00e9 du d\u00e9partement","og_url":"https:\/\/seinesaintdenis.fr\/actualite\/jeunesse-education\/La-rentree-dans-nos-colleges-en-images\/","og_site_name":"Seine-Saint-Denis - L&#039;actualit\u00e9 du d\u00e9partement","article_publisher":"https:\/\/www.facebook.com\/seinesaintdenisledepartement","article_published_time":"2022-09-01T12:42:37+00:00","article_modified_time":"2023-05-23T16:52:02+00:00","og_image":[{"width":760,"height":411,"url":"https:\/\/seinesaintdenis.fr\/actualite\/wp-content\/uploads\/2023\/04\/4540bde195f906586122d1cdd7263f.jpg","type":"image\/jpeg"}],"author":"Pascal Emond","twitter_card":"summary_large_image","twitter_creator":"@seinesaintdenis","twitter_site":"@seinesaintdenis","twitter_misc":{"\u00c9crit par":"Pascal Emond","Dur\u00e9e de lecture estim\u00e9e":"2 minutes"},"schema":{"@context":"https:\/\/schema.org","@graph":[{"@type":"Article","@id":"https:\/\/seinesaintdenis.fr\/actualite\/jeunesse-education\/La-rentree-dans-nos-colleges-en-images\/#article","isPartOf":{"@id":"https:\/\/seinesaintdenis.fr\/actualite\/jeunesse-education\/La-rentree-dans-nos-colleges-en-images\/"},"author":{"name":"Pascal Emond","@id":"https:\/\/seinesaintdenis.fr\/actualite\/#\/schema\/person\/a10b9254e4da7e1132aa6fedd658fe62"},"headline":"La rentr\u00e9e dans nos coll\u00e8ges en images","datePublished":"2022-09-01T12:42:37+00:00","dateModified":"2023-05-23T16:52:02+00:00","mainEntityOfPage":{"@id":"https:\/\/seinesaintdenis.fr\/actualite\/jeunesse-education\/La-rentree-dans-nos-colleges-en-images\/"},"wordCount":164,"commentCount":0,"publisher":{"@id":"https:\/\/seinesaintdenis.fr\/actualite\/#organization"},"image":{"@id":"https:\/\/seinesaintdenis.fr\/actualite\/jeunesse-education\/La-rentree-dans-nos-colleges-en-images\/#primaryimage"},"thumbnailUrl":"https:\/\/seinesaintdenis.fr\/actualite\/wp-content\/uploads\/2023\/04\/4540bde195f906586122d1cdd7263f.jpg","articleSection":["Coll\u00e8ges","Jeunesse &amp; \u00c9ducation"],"inLanguage":"fr-FR","potentialAction":[{"@type":"CommentAction","name":"Comment","target":["https:\/\/seinesaintdenis.fr\/actualite\/jeunesse-education\/La-rentree-dans-nos-colleges-en-images\/#respond"]}]},{"@type":"WebPage","@id":"https:\/\/seinesaintdenis.fr\/actualite\/jeunesse-education\/La-rentree-dans-nos-colleges-en-images\/","url":"https:\/\/seinesaintdenis.fr\/actualite\/jeunesse-education\/La-rentree-dans-nos-colleges-en-images\/","name":"La rentr\u00e9e dans nos coll\u00e8ges en images - Seine-Saint-Denis - L&#039;actualit\u00e9 du d\u00e9partement","isPartOf":{"@id":"https:\/\/seinesaintdenis.fr\/actualite\/#website"},"primaryImageOfPage":{"@id":"https:\/\/seinesaintdenis.fr\/actualite\/jeunesse-education\/La-rentree-dans-nos-colleges-en-images\/#primaryimage"},"image":{"@id":"https:\/\/seinesaintdenis.fr\/actualite\/jeunesse-education\/La-rentree-dans-nos-colleges-en-images\/#primaryimage"},"thumbnailUrl":"https:\/\/seinesaintdenis.fr\/actualite\/wp-content\/uploads\/2023\/04\/4540bde195f906586122d1cdd7263f.jpg","datePublished":"2022-09-01T12:42:37+00:00","dateModified":"2023-05-23T16:52:02+00:00","breadcrumb":{"@id":"https:\/\/seinesaintdenis.fr\/actualite\/jeunesse-education\/La-rentree-dans-nos-colleges-en-images\/#breadcrumb"},"inLanguage":"fr-FR","potentialAction":[{"@type":"ReadAction","target":["https:\/\/seinesaintdenis.fr\/actualite\/jeunesse-education\/La-rentree-dans-nos-colleges-en-images\/"]}]},{"@type":"ImageObject","inLanguage":"fr-FR","@id":"https:\/\/seinesaintdenis.fr\/actualite\/jeunesse-education\/La-rentree-dans-nos-colleges-en-images\/#primaryimage","url":"https:\/\/seinesaintdenis.fr\/actualite\/wp-content\/uploads\/2023\/04\/4540bde195f906586122d1cdd7263f.jpg","contentUrl":"https:\/\/seinesaintdenis.fr\/actualite\/wp-content\/uploads\/2023\/04\/4540bde195f906586122d1cdd7263f.jpg","width":760,"height":411},{"@type":"BreadcrumbList","@id":"https:\/\/seinesaintdenis.fr\/actualite\/jeunesse-education\/La-rentree-dans-nos-colleges-en-images\/#breadcrumb","itemListElement":[{"@type":"ListItem","position":1,"name":"Accueil","item":"https:\/\/seinesaintdenis.fr\/actualite\/"},{"@type":"ListItem","position":2,"name":"Jeunesse &amp; \u00c9ducation","item":"https:\/\/seinesaintdenis.fr\/actualite\/jeunesse-education\/"},{"@type":"ListItem","position":3,"name":"La rentr\u00e9e dans nos coll\u00e8ges en images"}]},{"@type":"WebSite","@id":"https:\/\/seinesaintdenis.fr\/actualite\/#website","url":"https:\/\/seinesaintdenis.fr\/actualite\/","name":"Seine-Saint-Denis - L'actualit\u00e9 du d\u00e9partement","description":"L&#039;actualit\u00e9 du D\u00e9partement de la Seine-Saint-Denis","publisher":{"@id":"https:\/\/seinesaintdenis.fr\/actualite\/#organization"},"potentialAction":[{"@type":"SearchAction","target":{"@type":"EntryPoint","urlTemplate":"https:\/\/seinesaintdenis.fr\/actualite\/?s={search_term_string}"},"query-input":{"@type":"PropertyValueSpecification","valueRequired":true,"valueName":"search_term_string"}}],"inLanguage":"fr-FR"},{"@type":"Organization","@id":"https:\/\/seinesaintdenis.fr\/actualite\/#organization","name":"Seine-Saint-Denis - Le D\u00e9partement","url":"https:\/\/seinesaintdenis.fr\/actualite\/","logo":{"@type":"ImageObject","inLanguage":"fr-FR","@id":"https:\/\/seinesaintdenis.fr\/actualite\/#\/schema\/logo\/image\/","url":"https:\/\/seinesaintdenis.fr\/actualite\/wp-content\/uploads\/2024\/08\/logo.png","contentUrl":"https:\/\/seinesaintdenis.fr\/actualite\/wp-content\/uploads\/2024\/08\/logo.png","width":567,"height":172,"caption":"Seine-Saint-Denis - Le D\u00e9partement"},"image":{"@id":"https:\/\/seinesaintdenis.fr\/actualite\/#\/schema\/logo\/image\/"},"sameAs":["https:\/\/www.facebook.com\/seinesaintdenisledepartement","https:\/\/x.com\/seinesaintdenis","https:\/\/www.linkedin.com\/company\/seinesaintdenis","https:\/\/www.instagram.com\/seine_saint_denis\/","https:\/\/www.youtube.com\/channel\/UCR5YF9NnqiLCbnrKQgLUcIw"]},{"@type":"Person","@id":"https:\/\/seinesaintdenis.fr\/actualite\/#\/schema\/person\/a10b9254e4da7e1132aa6fedd658fe62","name":"Pascal Emond","image":{"@type":"ImageObject","inLanguage":"fr-FR","@id":"https:\/\/secure.gravatar.com\/avatar\/f9570e57e385385f23e9bb03a8a5fa0c74be50a83c9269a5a1ab497d2aded1f2?s=96&d=mm&r=g","url":"https:\/\/secure.gravatar.com\/avatar\/f9570e57e385385f23e9bb03a8a5fa0c74be50a83c9269a5a1ab497d2aded1f2?s=96&d=mm&r=g","contentUrl":"https:\/\/secure.gravatar.com\/avatar\/f9570e57e385385f23e9bb03a8a5fa0c74be50a83c9269a5a1ab497d2aded1f2?s=96&d=mm&r=g","caption":"Pascal Emond"},"url":"https:\/\/seinesaintdenis.fr\/actualite\/author\/pemond\/"}]}},"_links":{"self":[{"href":"https:\/\/seinesaintdenis.fr\/actualite\/wp-json\/wp\/v2\/posts\/1483","targetHints":{"allow":["GET"]}}],"collection":[{"href":"https:\/\/seinesaintdenis.fr\/actualite\/wp-json\/wp\/v2\/posts"}],"about":[{"href":"https:\/\/seinesaintdenis.fr\/actualite\/wp-json\/wp\/v2\/types\/post"}],"author":[{"embeddable":true,"href":"https:\/\/seinesaintdenis.fr\/actualite\/wp-json\/wp\/v2\/users\/14"}],"replies":[{"embeddable":true,"href":"https:\/\/seinesaintdenis.fr\/actualite\/wp-json\/wp\/v2\/comments?post=1483"}],"version-history":[{"count":5,"href":"https:\/\/seinesaintdenis.fr\/actualite\/wp-json\/wp\/v2\/posts\/1483\/revisions"}],"predecessor-version":[{"id":1797,"href":"https:\/\/seinesaintdenis.fr\/actualite\/wp-json\/wp\/v2\/posts\/1483\/revisions\/1797"}],"wp:featuredmedia":[{"embeddable":true,"href":"https:\/\/seinesaintdenis.fr\/actualite\/wp-json\/wp\/v2\/media\/1484"}],"wp:attachment":[{"href":"https:\/\/seinesaintdenis.fr\/actualite\/wp-json\/wp\/v2\/media?parent=1483"}],"wp:term":[{"taxonomy":"category","embeddable":true,"href":"https:\/\/seinesaintdenis.fr\/actualite\/wp-json\/wp\/v2\/categories?post=1483"},{"taxonomy":"ville","embeddable":true,"href":"https:\/\/seinesaintdenis.fr\/actualite\/wp-json\/wp\/v2\/ville?post=1483"}],"curies":[{"name":"wp","href":"https:\/\/api.w.org\/{rel}","templated":true}]}}