{"id":1481,"date":"2022-09-01T18:28:46","date_gmt":"2022-09-01T18:28:46","guid":{"rendered":"https:\/\/seinesaintdenis.fr\/actualite\/uncategorized\/Yllana-Brosseau-aux-portes-du-reve\/"},"modified":"2023-05-08T15:06:09","modified_gmt":"2023-05-08T15:06:09","slug":"Yllana-Brosseau-aux-portes-du-reve","status":"publish","type":"post","link":"https:\/\/seinesaintdenis.fr\/actualite\/sport-loisirs\/Yllana-Brosseau-aux-portes-du-reve\/","title":{"rendered":"Yllana Brosseau s\u00e9lectionn\u00e9e pour le Mondial de rugby!"},"content":{"rendered":"<p><strong>NDLR\u00a0: article \u00e9crit avant l\u2019annonce de la s\u00e9lection du groupe des Bleues pour la Coupe du Monde<\/strong><\/p>\n<p>La derni\u00e8re fois qu\u2019elle a vu ce terrain, c\u2019\u00e9tait pour un Bobigny-Grenoble, en mai 2021. <i>\u00ab\u00a0A l\u2019\u00e9poque, j\u2019habitais juste de l\u2019autre c\u00f4t\u00e9 du stade, la fen\u00eatre o\u00f9 il y a une serviette rose&#8230;\u00a0\u00bb<\/i>, montre Yllana depuis la tribune du stade Henri-Wallon de Bobigny. Sur le d\u00e9part pour Bordeaux, la jeune pilier pensait alors avoir jou\u00e9 son dernier match en Rouge et Noir, les couleurs des Louves de Bobigny. <br class=\"autobr\" \/>Une saison plus tard, la voici de retour \u00e0 Boboche, apr\u00e8s une exp\u00e9rience bordelaise qui ne lui a que moyennement plu. <i>\u00ab\u00a0L\u2019ambiance d\u2019ici m\u2019a manqu\u00e9. Bobigny, c\u2019est beaucoup de choses pour moi\u00a0: le club o\u00f9 j\u2019ai fait mes premiers pas en senior, une ambiance de fou, des joueuses qui sont presque comme ma famille. Je me souviens, il y avait des matches, c\u2019est comme si on avait grandi ensemble depuis toutes petites&#8230;\u00a0\u00bb<\/i><\/p>\n<p>Yllana Brosseau est donc revenue l\u00e0 o\u00f9 sa carri\u00e8re a v\u00e9ritablement commenc\u00e9. Mais la jeune femme de 21 ans ne foulera pas tout de suite la pelouse d\u2019Henri-Wallon. Une autre actualit\u00e9 occupe en effet ses journ\u00e9es\u00a0: une possible s\u00e9lection pour la Coupe du monde f\u00e9minine en Nouvelle-Z\u00e9lande. <i>\u00ab\u00a0Ce serait le r\u00eave absolu. Pour cette Coupe du monde, je suis pass\u00e9e par tous les \u00e9tats. En 2021, je me blesse \u00e0 l\u2019\u00e9paule et j\u2019\u00e9tais alors vraiment d\u00e9pit\u00e9e. Puis, j\u2019apprends que la Coupe du monde est report\u00e9e d\u2019un an pour cause de Covid. Du coup, j\u2019ai boss\u00e9 comme une folle pour revenir. L\u00e0, je la touche du doigt, on verra bien\u2026\u00a0\u00bb<\/i>, souffle la jeune femme qui sera fix\u00e9e le 11 septembre, date de publication de la liste des 32 chanceuses.<\/p>\n<h3 class=\"spip\">\u00ab\u00a0Des \u00e9toiles dans les yeux\u00a0\u00bb<\/h3>\n<p>Une Coupe du monde, l\u2019opportunit\u00e9 ne se pr\u00e9sente pas tous les jours&#8230; <i>\u00ab\u00a0En plus la Nouvelle-Z\u00e9lande, le pays du rugby quoi. L\u00e0-bas, c\u2019est vraiment une culture, on sait que les stades seront pleins. Ca met vraiment des \u00e9toiles dans les yeux\u00a0\u00bb<\/i>, r\u00eave celle qui faisait partie des Bleues victorieuses par deux fois des Black Ferns en novembre 2021.<\/p>\n<p>Un fait d\u2019armes qui fait partie de ses 5 s\u00e9lections jusqu\u2019\u00e0 pr\u00e9sent, aux c\u00f4t\u00e9s de sa toute premi\u00e8re, le 23 f\u00e9vrier 2020, face au Pays de Galles. <i>\u00ab\u00a0Je me rappelle qu\u2019avant d\u2019entrer sur le terrain pour chanter la Marseillaise, j\u2019\u00e9tais en train de pleurer dans les vestiaires. Marine M\u00e9nager<\/i> (aili\u00e8re du XV de France) <i>m\u2019avait dit\u00a0: \u00ab\u00a0Pleure maintenant. Moi, j\u2019ai pleur\u00e9 une fois entr\u00e9e sur le terrain, et du coup \u00e7a s\u2019est vu \u00e0 la t\u00e9l\u00e9.\u00a0\u00bb Un bon conseil, je l\u2019en remercie encore&#8230;\u00a0\u00bb<\/i>, se rem\u00e9more la Balbynienne dans un grand sourire.<\/p>\n<figure class=\"spip_document_16019 spip_documents spip_documents_center media media_image media_image_jpg\"><img loading=\"lazy\" decoding=\"async\" src=\"IMG\/jpg\/yllana-brosseau-2.jpg\" alt=\"JPEG - 61.8 ko\" width=\"760\" height=\"412\" \/><\/figure>\n<h3 class=\"spip\">Lutte contre les pr\u00e9jug\u00e9s<\/h3>\n<p>Celle qui \u00e0 21 ans a d\u00e9j\u00e0 un beau parcours derri\u00e8re elle se f\u00e9licite encore d\u2019avoir franchi le pas au coll\u00e8ge, \u00e0 l\u2019\u00e2ge de 14 ans. <i>\u00ab\u00a0J\u2019ai commenc\u00e9 le rugby au coll\u00e8ge de ma ville, Orly, en section sportive, puis j\u2019ai pris ma licence avec des copines au Rugby club de Cr\u00e9teil-Choisy. Pour moi qui suis introvertie, c\u2019est ce qu\u2019il me fallait\u00a0: tu te fais plein de copines, t\u2019as un entourage, c\u2019est tr\u00e8s familial. Les valeurs sont en ad\u00e9quation avec celles que m\u2019a inculqu\u00e9es ma m\u00e8re. Et j\u2019adore les sports de contact&#8230;\u00a0\u00bb<\/i>, dit celle qui a t\u00e2t\u00e9 du judo avant d\u2019arriver en Ovalie et cite Riner et Agbegnenou parmi ses mod\u00e8les.<br class=\"autobr\" \/>\u00ab\u00a0Introvertie\u00a0\u00bb, peut-\u00eatre, mais surtout d\u00e9termin\u00e9e et incroyablement mature\u2026 Il faut entendre le discours d\u2019Yllana sur la frilosit\u00e9 de certains clubs en mati\u00e8re d\u2019\u00e9galit\u00e9 filles-gar\u00e7ons\u00a0: <i>\u00ab\u00a0Ces pr\u00e9jug\u00e9s sur les filles jouant au rugby, je les ai entendus d\u00e8s mes d\u00e9buts. M\u00eame en seniors encore, on nous disait, pour justifier notre absence de salaire\u00a0: \u00ab\u00a0oui mais vous ne donnez pas le m\u00eame spectacle que donnent les gar\u00e7ons. Alors qu\u2019on s\u2019investit tout autant sinon plus, parce que nous \u00e0 c\u00f4t\u00e9 on est oblig\u00e9es de travailler\u00a0!\u00a0\u00bb<\/i><\/p>\n<h3 class=\"spip\">Passionn\u00e9e d\u2019histoire<\/h3>\n<p>Et voil\u00e0 ce que lui inspire l\u2019image qui colle \u00e0 la peau de la Seine-Saint-Denis\u00a0: <i>\u00ab\u00a0Je trouve qu\u2019on enferme ce d\u00e9partement dans un clich\u00e9 qui fait que les st\u00e9r\u00e9otypes se nourrissent d\u2019eux-m\u00eames. Cette fa\u00e7on de toujours chercher le fait divers ou de faire \u00e0 chaque fois des reportages sur la violence des cit\u00e9s&#8230; Pourquoi on ne montre pas par exemple un club de rugby qui, comme Bobigny, fait de la formation, m\u00e8ne des actions \u00e9ducatives et a encore \u00e9t\u00e9 r\u00e9cemment r\u00e9compens\u00e9 pour son investissement social par la f\u00e9d\u00e9ration\u00a0?<\/i> (le prix Club Rugby Passion)\u00a0\u00bb, s\u2019interroge-t-elle.<\/p>\n<p>Passionn\u00e9e d\u2019histoire, mati\u00e8re dans laquelle elle est inscrite en 3e ann\u00e9e de licence et d\u00e9tentrice d\u2019un DUT carri\u00e8res juridiques, la jeune femme tient aussi tout particuli\u00e8rement \u00e0 faire partie de la structure \u00ab\u00a0aide aux devoirs\u00a0\u00bb mise en place par le club il y a plusieurs ann\u00e9es maintenant. <br class=\"autobr\" \/>Peut-\u00eatre que s\u2019ils ont de la chance, Yllana apprendra aux jeunes du club l\u2019histoire du haka, apr\u00e8s \u00eatre all\u00e9e elle-m\u00eame faire des recherches sur place&#8230; On lui souhaite en tout cas.<\/p>\n<p>Christophe Lehousse<br class=\"autobr\" \/>Photos\u00a0: \u00a9Sylvain Hitau<\/p>\n","protected":false},"excerpt":{"rendered":"NDLR\u00a0: article \u00e9crit avant l\u2019annonce de la s\u00e9lection du groupe des Bleues pour la Coupe du Monde La derni\u00e8re fois qu\u2019elle a vu ce terrain, c\u2019\u00e9tait pour un Bobigny-Grenoble, en mai 2021. \u00ab\u00a0A l\u2019\u00e9poque, j\u2019habitais juste de l\u2019autre c\u00f4t\u00e9 du stade, la fen\u00eatre o\u00f9 il y a une serviette rose&#8230;\u00a0\u00bb, montre Yllana depuis la tribune&#8230; <a class=\"view-article\" href=\"https:\/\/seinesaintdenis.fr\/actualite\/sport-loisirs\/Yllana-Brosseau-aux-portes-du-reve\/\">Voir l&rsquo;article<\/a>","protected":false},"author":11,"featured_media":1482,"comment_status":"open","ping_status":"open","sticky":false,"template":"","format":"standard","meta":{"_acf_changed":false,"footnotes":""},"categories":[10],"ville":[62],"class_list":["post-1481","post","type-post","status-publish","format-standard","has-post-thumbnail","hentry","category-sport-loisirs"],"acf":[],"yoast_head":"<!-- This site is optimized with the Yoast SEO plugin v27.5 - https:\/\/yoast.com\/product\/yoast-seo-wordpress\/ -->\n<title>Yllana Brosseau s\u00e9lectionn\u00e9e pour le Mondial de rugby! - Seine-Saint-Denis - L&#039;actualit\u00e9 du d\u00e9partement<\/title>\n<meta name=\"robots\" content=\"index, follow, max-snippet:-1, max-image-preview:large, max-video-preview:-1\" \/>\n<link rel=\"canonical\" href=\"https:\/\/seinesaintdenis.fr\/actualite\/sport-loisirs\/Yllana-Brosseau-aux-portes-du-reve\/\" \/>\n<meta property=\"og:locale\" content=\"fr_FR\" \/>\n<meta property=\"og:type\" content=\"article\" \/>\n<meta property=\"og:title\" content=\"Yllana Brosseau s\u00e9lectionn\u00e9e pour le Mondial de rugby! - Seine-Saint-Denis - L&#039;actualit\u00e9 du d\u00e9partement\" \/>\n<meta property=\"og:url\" content=\"https:\/\/seinesaintdenis.fr\/actualite\/sport-loisirs\/Yllana-Brosseau-aux-portes-du-reve\/\" \/>\n<meta property=\"og:site_name\" content=\"Seine-Saint-Denis - L&#039;actualit\u00e9 du d\u00e9partement\" \/>\n<meta property=\"article:publisher\" content=\"https:\/\/www.facebook.com\/seinesaintdenisledepartement\" \/>\n<meta property=\"article:published_time\" content=\"2022-09-01T18:28:46+00:00\" \/>\n<meta property=\"article:modified_time\" content=\"2023-05-08T15:06:09+00:00\" \/>\n<meta property=\"og:image\" content=\"https:\/\/seinesaintdenis.fr\/actualite\/wp-content\/uploads\/2023\/04\/de095cb306d7ce01d0cba72116fa18.jpg\" \/>\n\t<meta property=\"og:image:width\" content=\"760\" \/>\n\t<meta property=\"og:image:height\" content=\"411\" \/>\n\t<meta property=\"og:image:type\" content=\"image\/jpeg\" \/>\n<meta name=\"author\" content=\"Christophe Lehousse\" \/>\n<meta name=\"twitter:card\" content=\"summary_large_image\" \/>\n<meta name=\"twitter:creator\" content=\"@seinesaintdenis\" \/>\n<meta name=\"twitter:site\" content=\"@seinesaintdenis\" \/>\n<meta name=\"twitter:label1\" content=\"\u00c9crit par\" \/>\n\t<meta name=\"twitter:data1\" content=\"Christophe Lehousse\" \/>\n\t<meta name=\"twitter:label2\" content=\"Dur\u00e9e de lecture estim\u00e9e\" \/>\n\t<meta name=\"twitter:data2\" content=\"5 minutes\" \/>\n<script type=\"application\/ld+json\" class=\"yoast-schema-graph\">{\"@context\":\"https:\\\/\\\/schema.org\",\"@graph\":[{\"@type\":\"Article\",\"@id\":\"https:\\\/\\\/seinesaintdenis.fr\\\/actualite\\\/sport-loisirs\\\/Yllana-Brosseau-aux-portes-du-reve\\\/#article\",\"isPartOf\":{\"@id\":\"https:\\\/\\\/seinesaintdenis.fr\\\/actualite\\\/sport-loisirs\\\/Yllana-Brosseau-aux-portes-du-reve\\\/\"},\"author\":{\"name\":\"Christophe Lehousse\",\"@id\":\"https:\\\/\\\/seinesaintdenis.fr\\\/actualite\\\/#\\\/schema\\\/person\\\/b61e6c67c4017ad602f792f6b0316027\"},\"headline\":\"Yllana Brosseau s\u00e9lectionn\u00e9e pour le Mondial de rugby!\",\"datePublished\":\"2022-09-01T18:28:46+00:00\",\"dateModified\":\"2023-05-08T15:06:09+00:00\",\"mainEntityOfPage\":{\"@id\":\"https:\\\/\\\/seinesaintdenis.fr\\\/actualite\\\/sport-loisirs\\\/Yllana-Brosseau-aux-portes-du-reve\\\/\"},\"wordCount\":941,\"commentCount\":0,\"publisher\":{\"@id\":\"https:\\\/\\\/seinesaintdenis.fr\\\/actualite\\\/#organization\"},\"image\":{\"@id\":\"https:\\\/\\\/seinesaintdenis.fr\\\/actualite\\\/sport-loisirs\\\/Yllana-Brosseau-aux-portes-du-reve\\\/#primaryimage\"},\"thumbnailUrl\":\"https:\\\/\\\/seinesaintdenis.fr\\\/actualite\\\/wp-content\\\/uploads\\\/2023\\\/04\\\/de095cb306d7ce01d0cba72116fa18.jpg\",\"articleSection\":[\"Sport &amp; Loisirs\"],\"inLanguage\":\"fr-FR\",\"potentialAction\":[{\"@type\":\"CommentAction\",\"name\":\"Comment\",\"target\":[\"https:\\\/\\\/seinesaintdenis.fr\\\/actualite\\\/sport-loisirs\\\/Yllana-Brosseau-aux-portes-du-reve\\\/#respond\"]}]},{\"@type\":\"WebPage\",\"@id\":\"https:\\\/\\\/seinesaintdenis.fr\\\/actualite\\\/sport-loisirs\\\/Yllana-Brosseau-aux-portes-du-reve\\\/\",\"url\":\"https:\\\/\\\/seinesaintdenis.fr\\\/actualite\\\/sport-loisirs\\\/Yllana-Brosseau-aux-portes-du-reve\\\/\",\"name\":\"Yllana Brosseau s\u00e9lectionn\u00e9e pour le Mondial de rugby! - Seine-Saint-Denis - L&#039;actualit\u00e9 du d\u00e9partement\",\"isPartOf\":{\"@id\":\"https:\\\/\\\/seinesaintdenis.fr\\\/actualite\\\/#website\"},\"primaryImageOfPage\":{\"@id\":\"https:\\\/\\\/seinesaintdenis.fr\\\/actualite\\\/sport-loisirs\\\/Yllana-Brosseau-aux-portes-du-reve\\\/#primaryimage\"},\"image\":{\"@id\":\"https:\\\/\\\/seinesaintdenis.fr\\\/actualite\\\/sport-loisirs\\\/Yllana-Brosseau-aux-portes-du-reve\\\/#primaryimage\"},\"thumbnailUrl\":\"https:\\\/\\\/seinesaintdenis.fr\\\/actualite\\\/wp-content\\\/uploads\\\/2023\\\/04\\\/de095cb306d7ce01d0cba72116fa18.jpg\",\"datePublished\":\"2022-09-01T18:28:46+00:00\",\"dateModified\":\"2023-05-08T15:06:09+00:00\",\"breadcrumb\":{\"@id\":\"https:\\\/\\\/seinesaintdenis.fr\\\/actualite\\\/sport-loisirs\\\/Yllana-Brosseau-aux-portes-du-reve\\\/#breadcrumb\"},\"inLanguage\":\"fr-FR\",\"potentialAction\":[{\"@type\":\"ReadAction\",\"target\":[\"https:\\\/\\\/seinesaintdenis.fr\\\/actualite\\\/sport-loisirs\\\/Yllana-Brosseau-aux-portes-du-reve\\\/\"]}]},{\"@type\":\"ImageObject\",\"inLanguage\":\"fr-FR\",\"@id\":\"https:\\\/\\\/seinesaintdenis.fr\\\/actualite\\\/sport-loisirs\\\/Yllana-Brosseau-aux-portes-du-reve\\\/#primaryimage\",\"url\":\"https:\\\/\\\/seinesaintdenis.fr\\\/actualite\\\/wp-content\\\/uploads\\\/2023\\\/04\\\/de095cb306d7ce01d0cba72116fa18.jpg\",\"contentUrl\":\"https:\\\/\\\/seinesaintdenis.fr\\\/actualite\\\/wp-content\\\/uploads\\\/2023\\\/04\\\/de095cb306d7ce01d0cba72116fa18.jpg\",\"width\":760,\"height\":411},{\"@type\":\"BreadcrumbList\",\"@id\":\"https:\\\/\\\/seinesaintdenis.fr\\\/actualite\\\/sport-loisirs\\\/Yllana-Brosseau-aux-portes-du-reve\\\/#breadcrumb\",\"itemListElement\":[{\"@type\":\"ListItem\",\"position\":1,\"name\":\"Accueil\",\"item\":\"https:\\\/\\\/seinesaintdenis.fr\\\/actualite\\\/\"},{\"@type\":\"ListItem\",\"position\":2,\"name\":\"Sport &amp; Loisirs\",\"item\":\"https:\\\/\\\/seinesaintdenis.fr\\\/actualite\\\/sport-loisirs\\\/\"},{\"@type\":\"ListItem\",\"position\":3,\"name\":\"Yllana Brosseau s\u00e9lectionn\u00e9e pour le Mondial de rugby!\"}]},{\"@type\":\"WebSite\",\"@id\":\"https:\\\/\\\/seinesaintdenis.fr\\\/actualite\\\/#website\",\"url\":\"https:\\\/\\\/seinesaintdenis.fr\\\/actualite\\\/\",\"name\":\"Seine-Saint-Denis - L'actualit\u00e9 du d\u00e9partement\",\"description\":\"L&#039;actualit\u00e9 du D\u00e9partement de la Seine-Saint-Denis\",\"publisher\":{\"@id\":\"https:\\\/\\\/seinesaintdenis.fr\\\/actualite\\\/#organization\"},\"potentialAction\":[{\"@type\":\"SearchAction\",\"target\":{\"@type\":\"EntryPoint\",\"urlTemplate\":\"https:\\\/\\\/seinesaintdenis.fr\\\/actualite\\\/?s={search_term_string}\"},\"query-input\":{\"@type\":\"PropertyValueSpecification\",\"valueRequired\":true,\"valueName\":\"search_term_string\"}}],\"inLanguage\":\"fr-FR\"},{\"@type\":\"Organization\",\"@id\":\"https:\\\/\\\/seinesaintdenis.fr\\\/actualite\\\/#organization\",\"name\":\"Seine-Saint-Denis - Le D\u00e9partement\",\"url\":\"https:\\\/\\\/seinesaintdenis.fr\\\/actualite\\\/\",\"logo\":{\"@type\":\"ImageObject\",\"inLanguage\":\"fr-FR\",\"@id\":\"https:\\\/\\\/seinesaintdenis.fr\\\/actualite\\\/#\\\/schema\\\/logo\\\/image\\\/\",\"url\":\"https:\\\/\\\/seinesaintdenis.fr\\\/actualite\\\/wp-content\\\/uploads\\\/2024\\\/08\\\/logo.png\",\"contentUrl\":\"https:\\\/\\\/seinesaintdenis.fr\\\/actualite\\\/wp-content\\\/uploads\\\/2024\\\/08\\\/logo.png\",\"width\":567,\"height\":172,\"caption\":\"Seine-Saint-Denis - Le D\u00e9partement\"},\"image\":{\"@id\":\"https:\\\/\\\/seinesaintdenis.fr\\\/actualite\\\/#\\\/schema\\\/logo\\\/image\\\/\"},\"sameAs\":[\"https:\\\/\\\/www.facebook.com\\\/seinesaintdenisledepartement\",\"https:\\\/\\\/x.com\\\/seinesaintdenis\",\"https:\\\/\\\/www.linkedin.com\\\/company\\\/seinesaintdenis\",\"https:\\\/\\\/www.instagram.com\\\/seine_saint_denis\\\/\",\"https:\\\/\\\/www.youtube.com\\\/channel\\\/UCR5YF9NnqiLCbnrKQgLUcIw\"]},{\"@type\":\"Person\",\"@id\":\"https:\\\/\\\/seinesaintdenis.fr\\\/actualite\\\/#\\\/schema\\\/person\\\/b61e6c67c4017ad602f792f6b0316027\",\"name\":\"Christophe Lehousse\",\"image\":{\"@type\":\"ImageObject\",\"inLanguage\":\"fr-FR\",\"@id\":\"https:\\\/\\\/secure.gravatar.com\\\/avatar\\\/474edaa980596bb8db66ecdbeb112f6442d5101a28bcd14acfd38a987868abd8?s=96&d=mm&r=g\",\"url\":\"https:\\\/\\\/secure.gravatar.com\\\/avatar\\\/474edaa980596bb8db66ecdbeb112f6442d5101a28bcd14acfd38a987868abd8?s=96&d=mm&r=g\",\"contentUrl\":\"https:\\\/\\\/secure.gravatar.com\\\/avatar\\\/474edaa980596bb8db66ecdbeb112f6442d5101a28bcd14acfd38a987868abd8?s=96&d=mm&r=g\",\"caption\":\"Christophe Lehousse\"},\"url\":\"https:\\\/\\\/seinesaintdenis.fr\\\/actualite\\\/author\\\/clehousse\\\/\"}]}<\/script>\n<!-- \/ Yoast SEO plugin. -->","yoast_head_json":{"title":"Yllana Brosseau s\u00e9lectionn\u00e9e pour le Mondial de rugby! - Seine-Saint-Denis - L&#039;actualit\u00e9 du d\u00e9partement","robots":{"index":"index","follow":"follow","max-snippet":"max-snippet:-1","max-image-preview":"max-image-preview:large","max-video-preview":"max-video-preview:-1"},"canonical":"https:\/\/seinesaintdenis.fr\/actualite\/sport-loisirs\/Yllana-Brosseau-aux-portes-du-reve\/","og_locale":"fr_FR","og_type":"article","og_title":"Yllana Brosseau s\u00e9lectionn\u00e9e pour le Mondial de rugby! - Seine-Saint-Denis - L&#039;actualit\u00e9 du d\u00e9partement","og_url":"https:\/\/seinesaintdenis.fr\/actualite\/sport-loisirs\/Yllana-Brosseau-aux-portes-du-reve\/","og_site_name":"Seine-Saint-Denis - L&#039;actualit\u00e9 du d\u00e9partement","article_publisher":"https:\/\/www.facebook.com\/seinesaintdenisledepartement","article_published_time":"2022-09-01T18:28:46+00:00","article_modified_time":"2023-05-08T15:06:09+00:00","og_image":[{"width":760,"height":411,"url":"https:\/\/seinesaintdenis.fr\/actualite\/wp-content\/uploads\/2023\/04\/de095cb306d7ce01d0cba72116fa18.jpg","type":"image\/jpeg"}],"author":"Christophe Lehousse","twitter_card":"summary_large_image","twitter_creator":"@seinesaintdenis","twitter_site":"@seinesaintdenis","twitter_misc":{"\u00c9crit par":"Christophe Lehousse","Dur\u00e9e de lecture estim\u00e9e":"5 minutes"},"schema":{"@context":"https:\/\/schema.org","@graph":[{"@type":"Article","@id":"https:\/\/seinesaintdenis.fr\/actualite\/sport-loisirs\/Yllana-Brosseau-aux-portes-du-reve\/#article","isPartOf":{"@id":"https:\/\/seinesaintdenis.fr\/actualite\/sport-loisirs\/Yllana-Brosseau-aux-portes-du-reve\/"},"author":{"name":"Christophe Lehousse","@id":"https:\/\/seinesaintdenis.fr\/actualite\/#\/schema\/person\/b61e6c67c4017ad602f792f6b0316027"},"headline":"Yllana Brosseau s\u00e9lectionn\u00e9e pour le Mondial de rugby!","datePublished":"2022-09-01T18:28:46+00:00","dateModified":"2023-05-08T15:06:09+00:00","mainEntityOfPage":{"@id":"https:\/\/seinesaintdenis.fr\/actualite\/sport-loisirs\/Yllana-Brosseau-aux-portes-du-reve\/"},"wordCount":941,"commentCount":0,"publisher":{"@id":"https:\/\/seinesaintdenis.fr\/actualite\/#organization"},"image":{"@id":"https:\/\/seinesaintdenis.fr\/actualite\/sport-loisirs\/Yllana-Brosseau-aux-portes-du-reve\/#primaryimage"},"thumbnailUrl":"https:\/\/seinesaintdenis.fr\/actualite\/wp-content\/uploads\/2023\/04\/de095cb306d7ce01d0cba72116fa18.jpg","articleSection":["Sport &amp; Loisirs"],"inLanguage":"fr-FR","potentialAction":[{"@type":"CommentAction","name":"Comment","target":["https:\/\/seinesaintdenis.fr\/actualite\/sport-loisirs\/Yllana-Brosseau-aux-portes-du-reve\/#respond"]}]},{"@type":"WebPage","@id":"https:\/\/seinesaintdenis.fr\/actualite\/sport-loisirs\/Yllana-Brosseau-aux-portes-du-reve\/","url":"https:\/\/seinesaintdenis.fr\/actualite\/sport-loisirs\/Yllana-Brosseau-aux-portes-du-reve\/","name":"Yllana Brosseau s\u00e9lectionn\u00e9e pour le Mondial de rugby! - Seine-Saint-Denis - L&#039;actualit\u00e9 du d\u00e9partement","isPartOf":{"@id":"https:\/\/seinesaintdenis.fr\/actualite\/#website"},"primaryImageOfPage":{"@id":"https:\/\/seinesaintdenis.fr\/actualite\/sport-loisirs\/Yllana-Brosseau-aux-portes-du-reve\/#primaryimage"},"image":{"@id":"https:\/\/seinesaintdenis.fr\/actualite\/sport-loisirs\/Yllana-Brosseau-aux-portes-du-reve\/#primaryimage"},"thumbnailUrl":"https:\/\/seinesaintdenis.fr\/actualite\/wp-content\/uploads\/2023\/04\/de095cb306d7ce01d0cba72116fa18.jpg","datePublished":"2022-09-01T18:28:46+00:00","dateModified":"2023-05-08T15:06:09+00:00","breadcrumb":{"@id":"https:\/\/seinesaintdenis.fr\/actualite\/sport-loisirs\/Yllana-Brosseau-aux-portes-du-reve\/#breadcrumb"},"inLanguage":"fr-FR","potentialAction":[{"@type":"ReadAction","target":["https:\/\/seinesaintdenis.fr\/actualite\/sport-loisirs\/Yllana-Brosseau-aux-portes-du-reve\/"]}]},{"@type":"ImageObject","inLanguage":"fr-FR","@id":"https:\/\/seinesaintdenis.fr\/actualite\/sport-loisirs\/Yllana-Brosseau-aux-portes-du-reve\/#primaryimage","url":"https:\/\/seinesaintdenis.fr\/actualite\/wp-content\/uploads\/2023\/04\/de095cb306d7ce01d0cba72116fa18.jpg","contentUrl":"https:\/\/seinesaintdenis.fr\/actualite\/wp-content\/uploads\/2023\/04\/de095cb306d7ce01d0cba72116fa18.jpg","width":760,"height":411},{"@type":"BreadcrumbList","@id":"https:\/\/seinesaintdenis.fr\/actualite\/sport-loisirs\/Yllana-Brosseau-aux-portes-du-reve\/#breadcrumb","itemListElement":[{"@type":"ListItem","position":1,"name":"Accueil","item":"https:\/\/seinesaintdenis.fr\/actualite\/"},{"@type":"ListItem","position":2,"name":"Sport &amp; Loisirs","item":"https:\/\/seinesaintdenis.fr\/actualite\/sport-loisirs\/"},{"@type":"ListItem","position":3,"name":"Yllana Brosseau s\u00e9lectionn\u00e9e pour le Mondial de rugby!"}]},{"@type":"WebSite","@id":"https:\/\/seinesaintdenis.fr\/actualite\/#website","url":"https:\/\/seinesaintdenis.fr\/actualite\/","name":"Seine-Saint-Denis - L'actualit\u00e9 du d\u00e9partement","description":"L&#039;actualit\u00e9 du D\u00e9partement de la Seine-Saint-Denis","publisher":{"@id":"https:\/\/seinesaintdenis.fr\/actualite\/#organization"},"potentialAction":[{"@type":"SearchAction","target":{"@type":"EntryPoint","urlTemplate":"https:\/\/seinesaintdenis.fr\/actualite\/?s={search_term_string}"},"query-input":{"@type":"PropertyValueSpecification","valueRequired":true,"valueName":"search_term_string"}}],"inLanguage":"fr-FR"},{"@type":"Organization","@id":"https:\/\/seinesaintdenis.fr\/actualite\/#organization","name":"Seine-Saint-Denis - Le D\u00e9partement","url":"https:\/\/seinesaintdenis.fr\/actualite\/","logo":{"@type":"ImageObject","inLanguage":"fr-FR","@id":"https:\/\/seinesaintdenis.fr\/actualite\/#\/schema\/logo\/image\/","url":"https:\/\/seinesaintdenis.fr\/actualite\/wp-content\/uploads\/2024\/08\/logo.png","contentUrl":"https:\/\/seinesaintdenis.fr\/actualite\/wp-content\/uploads\/2024\/08\/logo.png","width":567,"height":172,"caption":"Seine-Saint-Denis - Le D\u00e9partement"},"image":{"@id":"https:\/\/seinesaintdenis.fr\/actualite\/#\/schema\/logo\/image\/"},"sameAs":["https:\/\/www.facebook.com\/seinesaintdenisledepartement","https:\/\/x.com\/seinesaintdenis","https:\/\/www.linkedin.com\/company\/seinesaintdenis","https:\/\/www.instagram.com\/seine_saint_denis\/","https:\/\/www.youtube.com\/channel\/UCR5YF9NnqiLCbnrKQgLUcIw"]},{"@type":"Person","@id":"https:\/\/seinesaintdenis.fr\/actualite\/#\/schema\/person\/b61e6c67c4017ad602f792f6b0316027","name":"Christophe Lehousse","image":{"@type":"ImageObject","inLanguage":"fr-FR","@id":"https:\/\/secure.gravatar.com\/avatar\/474edaa980596bb8db66ecdbeb112f6442d5101a28bcd14acfd38a987868abd8?s=96&d=mm&r=g","url":"https:\/\/secure.gravatar.com\/avatar\/474edaa980596bb8db66ecdbeb112f6442d5101a28bcd14acfd38a987868abd8?s=96&d=mm&r=g","contentUrl":"https:\/\/secure.gravatar.com\/avatar\/474edaa980596bb8db66ecdbeb112f6442d5101a28bcd14acfd38a987868abd8?s=96&d=mm&r=g","caption":"Christophe Lehousse"},"url":"https:\/\/seinesaintdenis.fr\/actualite\/author\/clehousse\/"}]}},"_links":{"self":[{"href":"https:\/\/seinesaintdenis.fr\/actualite\/wp-json\/wp\/v2\/posts\/1481","targetHints":{"allow":["GET"]}}],"collection":[{"href":"https:\/\/seinesaintdenis.fr\/actualite\/wp-json\/wp\/v2\/posts"}],"about":[{"href":"https:\/\/seinesaintdenis.fr\/actualite\/wp-json\/wp\/v2\/types\/post"}],"author":[{"embeddable":true,"href":"https:\/\/seinesaintdenis.fr\/actualite\/wp-json\/wp\/v2\/users\/11"}],"replies":[{"embeddable":true,"href":"https:\/\/seinesaintdenis.fr\/actualite\/wp-json\/wp\/v2\/comments?post=1481"}],"version-history":[{"count":1,"href":"https:\/\/seinesaintdenis.fr\/actualite\/wp-json\/wp\/v2\/posts\/1481\/revisions"}],"predecessor-version":[{"id":1802,"href":"https:\/\/seinesaintdenis.fr\/actualite\/wp-json\/wp\/v2\/posts\/1481\/revisions\/1802"}],"wp:featuredmedia":[{"embeddable":true,"href":"https:\/\/seinesaintdenis.fr\/actualite\/wp-json\/wp\/v2\/media\/1482"}],"wp:attachment":[{"href":"https:\/\/seinesaintdenis.fr\/actualite\/wp-json\/wp\/v2\/media?parent=1481"}],"wp:term":[{"taxonomy":"category","embeddable":true,"href":"https:\/\/seinesaintdenis.fr\/actualite\/wp-json\/wp\/v2\/categories?post=1481"},{"taxonomy":"ville","embeddable":true,"href":"https:\/\/seinesaintdenis.fr\/actualite\/wp-json\/wp\/v2\/ville?post=1481"}],"curies":[{"name":"wp","href":"https:\/\/api.w.org\/{rel}","templated":true}]}}