{"id":14651,"date":"2024-03-29T10:49:17","date_gmt":"2024-03-29T09:49:17","guid":{"rendered":"https:\/\/seinesaintdenis.fr\/actualite\/?p=14651"},"modified":"2024-04-02T14:08:06","modified_gmt":"2024-04-02T12:08:06","slug":"1500-Marmots-partent-a-lassaut-du-Chatelet-avec-la-chanteuse-Angelique-Kidjo","status":"publish","type":"post","link":"https:\/\/seinesaintdenis.fr\/actualite\/culture-patrimoine\/1500-Marmots-partent-a-lassaut-du-Chatelet-avec-la-chanteuse-Angelique-Kidjo\/","title":{"rendered":"1500 Marmots partent \u00e0 l&rsquo;assaut du Ch\u00e2telet avec la chanteuse Ang\u00e9lique Kidjo"},"content":{"rendered":"","protected":false},"excerpt":{"rendered":"","protected":false},"author":11,"featured_media":14678,"comment_status":"open","ping_status":"open","sticky":false,"template":"","format":"standard","meta":{"_acf_changed":false,"footnotes":""},"categories":[9,6],"ville":[57],"class_list":["post-14651","post","type-post","status-publish","format-standard","has-post-thumbnail","hentry","category-culture-patrimoine","category-jeunesse-education"],"acf":[],"yoast_head":"<!-- This site is optimized with the Yoast SEO plugin v27.5 - https:\/\/yoast.com\/product\/yoast-seo-wordpress\/ -->\n<title>1500 Marmots partent \u00e0 l&#039;assaut du Ch\u00e2telet avec la chanteuse Ang\u00e9lique Kidjo - Seine-Saint-Denis - L&#039;actualit\u00e9 du d\u00e9partement<\/title>\n<meta name=\"description\" content=\"Le 23 juin, 1500 enfants des \u00e9coles primaires de Seine-Saint-Denis et de Marseille chanteront sur la sc\u00e8ne du Th\u00e9\u00e2tre du Ch\u00e2telet avec Ang\u00e9lique Kidjo. La chanteuse franco-b\u00e9ninoise, ambassadrice de l&#039;Unicef, est cette ann\u00e9e la marraine de La Cit\u00e9 des Marmots, un projet d&#039;ouverture culturelle port\u00e9 par Villes des Musiques du Monde. Chaque ann\u00e9e depuis 2008, cette association d&#039;Aubervilliers fait d\u00e9couvrir \u00e0 des \u00e9coliers de Seine-Saint-Denis un artiste \u00e0 la crois\u00e9e de plusieurs cultures. Cette fois-ci, c&#039;est dans le cadre de l&#039;Olympiade culturelle.\" \/>\n<meta name=\"robots\" content=\"index, follow, max-snippet:-1, max-image-preview:large, max-video-preview:-1\" \/>\n<link rel=\"canonical\" href=\"https:\/\/seinesaintdenis.fr\/actualite\/culture-patrimoine\/1500-Marmots-partent-a-lassaut-du-Chatelet-avec-la-chanteuse-Angelique-Kidjo\/\" \/>\n<meta property=\"og:locale\" content=\"fr_FR\" \/>\n<meta property=\"og:type\" content=\"article\" \/>\n<meta property=\"og:title\" content=\"1500 Marmots partent \u00e0 l&#039;assaut du Ch\u00e2telet avec la chanteuse Ang\u00e9lique Kidjo - Seine-Saint-Denis - L&#039;actualit\u00e9 du d\u00e9partement\" \/>\n<meta property=\"og:description\" content=\"Le 23 juin, 1500 enfants des \u00e9coles primaires de Seine-Saint-Denis et de Marseille chanteront sur la sc\u00e8ne du Th\u00e9\u00e2tre du Ch\u00e2telet avec Ang\u00e9lique Kidjo. La chanteuse franco-b\u00e9ninoise, ambassadrice de l&#039;Unicef, est cette ann\u00e9e la marraine de La Cit\u00e9 des Marmots, un projet d&#039;ouverture culturelle port\u00e9 par Villes des Musiques du Monde. Chaque ann\u00e9e depuis 2008, cette association d&#039;Aubervilliers fait d\u00e9couvrir \u00e0 des \u00e9coliers de Seine-Saint-Denis un artiste \u00e0 la crois\u00e9e de plusieurs cultures. Cette fois-ci, c&#039;est dans le cadre de l&#039;Olympiade culturelle.\" \/>\n<meta property=\"og:url\" content=\"https:\/\/seinesaintdenis.fr\/actualite\/culture-patrimoine\/1500-Marmots-partent-a-lassaut-du-Chatelet-avec-la-chanteuse-Angelique-Kidjo\/\" \/>\n<meta property=\"og:site_name\" content=\"Seine-Saint-Denis - L&#039;actualit\u00e9 du d\u00e9partement\" \/>\n<meta property=\"article:publisher\" content=\"https:\/\/www.facebook.com\/seinesaintdenisledepartement\" \/>\n<meta property=\"article:published_time\" content=\"2024-03-29T09:49:17+00:00\" \/>\n<meta property=\"article:modified_time\" content=\"2024-04-02T12:08:06+00:00\" \/>\n<meta property=\"og:image\" content=\"https:\/\/seinesaintdenis.fr\/actualite\/wp-content\/uploads\/2024\/03\/angelique-kidjo-aubervilliers-e1712059646362.jpg\" \/>\n\t<meta property=\"og:image:width\" content=\"561\" \/>\n\t<meta property=\"og:image:height\" content=\"560\" \/>\n\t<meta property=\"og:image:type\" content=\"image\/jpeg\" \/>\n<meta name=\"author\" content=\"Christophe Lehousse\" \/>\n<meta name=\"twitter:card\" content=\"summary_large_image\" \/>\n<meta name=\"twitter:creator\" content=\"@seinesaintdenis\" \/>\n<meta name=\"twitter:site\" content=\"@seinesaintdenis\" \/>\n<meta name=\"twitter:label1\" content=\"\u00c9crit par\" \/>\n\t<meta name=\"twitter:data1\" content=\"Christophe Lehousse\" \/>\n<script type=\"application\/ld+json\" class=\"yoast-schema-graph\">{\"@context\":\"https:\\\/\\\/schema.org\",\"@graph\":[{\"@type\":\"Article\",\"@id\":\"https:\\\/\\\/seinesaintdenis.fr\\\/actualite\\\/culture-patrimoine\\\/1500-Marmots-partent-a-lassaut-du-Chatelet-avec-la-chanteuse-Angelique-Kidjo\\\/#article\",\"isPartOf\":{\"@id\":\"https:\\\/\\\/seinesaintdenis.fr\\\/actualite\\\/culture-patrimoine\\\/1500-Marmots-partent-a-lassaut-du-Chatelet-avec-la-chanteuse-Angelique-Kidjo\\\/\"},\"author\":{\"name\":\"Christophe Lehousse\",\"@id\":\"https:\\\/\\\/seinesaintdenis.fr\\\/actualite\\\/#\\\/schema\\\/person\\\/b61e6c67c4017ad602f792f6b0316027\"},\"headline\":\"1500 Marmots partent \u00e0 l&rsquo;assaut du Ch\u00e2telet avec la chanteuse Ang\u00e9lique Kidjo\",\"datePublished\":\"2024-03-29T09:49:17+00:00\",\"dateModified\":\"2024-04-02T12:08:06+00:00\",\"mainEntityOfPage\":{\"@id\":\"https:\\\/\\\/seinesaintdenis.fr\\\/actualite\\\/culture-patrimoine\\\/1500-Marmots-partent-a-lassaut-du-Chatelet-avec-la-chanteuse-Angelique-Kidjo\\\/\"},\"wordCount\":13,\"commentCount\":1,\"publisher\":{\"@id\":\"https:\\\/\\\/seinesaintdenis.fr\\\/actualite\\\/#organization\"},\"image\":{\"@id\":\"https:\\\/\\\/seinesaintdenis.fr\\\/actualite\\\/culture-patrimoine\\\/1500-Marmots-partent-a-lassaut-du-Chatelet-avec-la-chanteuse-Angelique-Kidjo\\\/#primaryimage\"},\"thumbnailUrl\":\"https:\\\/\\\/seinesaintdenis.fr\\\/actualite\\\/wp-content\\\/uploads\\\/2024\\\/03\\\/angelique-kidjo-aubervilliers-e1712059646362.jpg\",\"articleSection\":[\"Culture &amp; Patrimoine\",\"Jeunesse &amp; \u00c9ducation\"],\"inLanguage\":\"fr-FR\",\"potentialAction\":[{\"@type\":\"CommentAction\",\"name\":\"Comment\",\"target\":[\"https:\\\/\\\/seinesaintdenis.fr\\\/actualite\\\/culture-patrimoine\\\/1500-Marmots-partent-a-lassaut-du-Chatelet-avec-la-chanteuse-Angelique-Kidjo\\\/#respond\"]}]},{\"@type\":\"WebPage\",\"@id\":\"https:\\\/\\\/seinesaintdenis.fr\\\/actualite\\\/culture-patrimoine\\\/1500-Marmots-partent-a-lassaut-du-Chatelet-avec-la-chanteuse-Angelique-Kidjo\\\/\",\"url\":\"https:\\\/\\\/seinesaintdenis.fr\\\/actualite\\\/culture-patrimoine\\\/1500-Marmots-partent-a-lassaut-du-Chatelet-avec-la-chanteuse-Angelique-Kidjo\\\/\",\"name\":\"1500 Marmots partent \u00e0 l'assaut du Ch\u00e2telet avec la chanteuse Ang\u00e9lique Kidjo - Seine-Saint-Denis - L&#039;actualit\u00e9 du d\u00e9partement\",\"isPartOf\":{\"@id\":\"https:\\\/\\\/seinesaintdenis.fr\\\/actualite\\\/#website\"},\"primaryImageOfPage\":{\"@id\":\"https:\\\/\\\/seinesaintdenis.fr\\\/actualite\\\/culture-patrimoine\\\/1500-Marmots-partent-a-lassaut-du-Chatelet-avec-la-chanteuse-Angelique-Kidjo\\\/#primaryimage\"},\"image\":{\"@id\":\"https:\\\/\\\/seinesaintdenis.fr\\\/actualite\\\/culture-patrimoine\\\/1500-Marmots-partent-a-lassaut-du-Chatelet-avec-la-chanteuse-Angelique-Kidjo\\\/#primaryimage\"},\"thumbnailUrl\":\"https:\\\/\\\/seinesaintdenis.fr\\\/actualite\\\/wp-content\\\/uploads\\\/2024\\\/03\\\/angelique-kidjo-aubervilliers-e1712059646362.jpg\",\"datePublished\":\"2024-03-29T09:49:17+00:00\",\"dateModified\":\"2024-04-02T12:08:06+00:00\",\"description\":\"Le 23 juin, 1500 enfants des \u00e9coles primaires de Seine-Saint-Denis et de Marseille chanteront sur la sc\u00e8ne du Th\u00e9\u00e2tre du Ch\u00e2telet avec Ang\u00e9lique Kidjo. La chanteuse franco-b\u00e9ninoise, ambassadrice de l'Unicef, est cette ann\u00e9e la marraine de La Cit\u00e9 des Marmots, un projet d'ouverture culturelle port\u00e9 par Villes des Musiques du Monde. Chaque ann\u00e9e depuis 2008, cette association d'Aubervilliers fait d\u00e9couvrir \u00e0 des \u00e9coliers de Seine-Saint-Denis un artiste \u00e0 la crois\u00e9e de plusieurs cultures. Cette fois-ci, c'est dans le cadre de l'Olympiade culturelle.\",\"breadcrumb\":{\"@id\":\"https:\\\/\\\/seinesaintdenis.fr\\\/actualite\\\/culture-patrimoine\\\/1500-Marmots-partent-a-lassaut-du-Chatelet-avec-la-chanteuse-Angelique-Kidjo\\\/#breadcrumb\"},\"inLanguage\":\"fr-FR\",\"potentialAction\":[{\"@type\":\"ReadAction\",\"target\":[\"https:\\\/\\\/seinesaintdenis.fr\\\/actualite\\\/culture-patrimoine\\\/1500-Marmots-partent-a-lassaut-du-Chatelet-avec-la-chanteuse-Angelique-Kidjo\\\/\"]}]},{\"@type\":\"ImageObject\",\"inLanguage\":\"fr-FR\",\"@id\":\"https:\\\/\\\/seinesaintdenis.fr\\\/actualite\\\/culture-patrimoine\\\/1500-Marmots-partent-a-lassaut-du-Chatelet-avec-la-chanteuse-Angelique-Kidjo\\\/#primaryimage\",\"url\":\"https:\\\/\\\/seinesaintdenis.fr\\\/actualite\\\/wp-content\\\/uploads\\\/2024\\\/03\\\/angelique-kidjo-aubervilliers-e1712059646362.jpg\",\"contentUrl\":\"https:\\\/\\\/seinesaintdenis.fr\\\/actualite\\\/wp-content\\\/uploads\\\/2024\\\/03\\\/angelique-kidjo-aubervilliers-e1712059646362.jpg\",\"width\":561,\"height\":560},{\"@type\":\"BreadcrumbList\",\"@id\":\"https:\\\/\\\/seinesaintdenis.fr\\\/actualite\\\/culture-patrimoine\\\/1500-Marmots-partent-a-lassaut-du-Chatelet-avec-la-chanteuse-Angelique-Kidjo\\\/#breadcrumb\",\"itemListElement\":[{\"@type\":\"ListItem\",\"position\":1,\"name\":\"Accueil\",\"item\":\"https:\\\/\\\/seinesaintdenis.fr\\\/actualite\\\/\"},{\"@type\":\"ListItem\",\"position\":2,\"name\":\"Culture &amp; Patrimoine\",\"item\":\"https:\\\/\\\/seinesaintdenis.fr\\\/actualite\\\/culture-patrimoine\\\/\"},{\"@type\":\"ListItem\",\"position\":3,\"name\":\"1500 Marmots partent \u00e0 l&rsquo;assaut du Ch\u00e2telet avec la chanteuse Ang\u00e9lique Kidjo\"}]},{\"@type\":\"WebSite\",\"@id\":\"https:\\\/\\\/seinesaintdenis.fr\\\/actualite\\\/#website\",\"url\":\"https:\\\/\\\/seinesaintdenis.fr\\\/actualite\\\/\",\"name\":\"Seine-Saint-Denis - L'actualit\u00e9 du d\u00e9partement\",\"description\":\"L&#039;actualit\u00e9 du D\u00e9partement de la Seine-Saint-Denis\",\"publisher\":{\"@id\":\"https:\\\/\\\/seinesaintdenis.fr\\\/actualite\\\/#organization\"},\"potentialAction\":[{\"@type\":\"SearchAction\",\"target\":{\"@type\":\"EntryPoint\",\"urlTemplate\":\"https:\\\/\\\/seinesaintdenis.fr\\\/actualite\\\/?s={search_term_string}\"},\"query-input\":{\"@type\":\"PropertyValueSpecification\",\"valueRequired\":true,\"valueName\":\"search_term_string\"}}],\"inLanguage\":\"fr-FR\"},{\"@type\":\"Organization\",\"@id\":\"https:\\\/\\\/seinesaintdenis.fr\\\/actualite\\\/#organization\",\"name\":\"Seine-Saint-Denis - Le D\u00e9partement\",\"url\":\"https:\\\/\\\/seinesaintdenis.fr\\\/actualite\\\/\",\"logo\":{\"@type\":\"ImageObject\",\"inLanguage\":\"fr-FR\",\"@id\":\"https:\\\/\\\/seinesaintdenis.fr\\\/actualite\\\/#\\\/schema\\\/logo\\\/image\\\/\",\"url\":\"https:\\\/\\\/seinesaintdenis.fr\\\/actualite\\\/wp-content\\\/uploads\\\/2024\\\/08\\\/logo.png\",\"contentUrl\":\"https:\\\/\\\/seinesaintdenis.fr\\\/actualite\\\/wp-content\\\/uploads\\\/2024\\\/08\\\/logo.png\",\"width\":567,\"height\":172,\"caption\":\"Seine-Saint-Denis - Le D\u00e9partement\"},\"image\":{\"@id\":\"https:\\\/\\\/seinesaintdenis.fr\\\/actualite\\\/#\\\/schema\\\/logo\\\/image\\\/\"},\"sameAs\":[\"https:\\\/\\\/www.facebook.com\\\/seinesaintdenisledepartement\",\"https:\\\/\\\/x.com\\\/seinesaintdenis\",\"https:\\\/\\\/www.linkedin.com\\\/company\\\/seinesaintdenis\",\"https:\\\/\\\/www.instagram.com\\\/seine_saint_denis\\\/\",\"https:\\\/\\\/www.youtube.com\\\/channel\\\/UCR5YF9NnqiLCbnrKQgLUcIw\"]},{\"@type\":\"Person\",\"@id\":\"https:\\\/\\\/seinesaintdenis.fr\\\/actualite\\\/#\\\/schema\\\/person\\\/b61e6c67c4017ad602f792f6b0316027\",\"name\":\"Christophe Lehousse\",\"image\":{\"@type\":\"ImageObject\",\"inLanguage\":\"fr-FR\",\"@id\":\"https:\\\/\\\/secure.gravatar.com\\\/avatar\\\/474edaa980596bb8db66ecdbeb112f6442d5101a28bcd14acfd38a987868abd8?s=96&d=mm&r=g\",\"url\":\"https:\\\/\\\/secure.gravatar.com\\\/avatar\\\/474edaa980596bb8db66ecdbeb112f6442d5101a28bcd14acfd38a987868abd8?s=96&d=mm&r=g\",\"contentUrl\":\"https:\\\/\\\/secure.gravatar.com\\\/avatar\\\/474edaa980596bb8db66ecdbeb112f6442d5101a28bcd14acfd38a987868abd8?s=96&d=mm&r=g\",\"caption\":\"Christophe Lehousse\"},\"url\":\"https:\\\/\\\/seinesaintdenis.fr\\\/actualite\\\/author\\\/clehousse\\\/\"}]}<\/script>\n<!-- \/ Yoast SEO plugin. -->","yoast_head_json":{"title":"1500 Marmots partent \u00e0 l'assaut du Ch\u00e2telet avec la chanteuse Ang\u00e9lique Kidjo - Seine-Saint-Denis - L&#039;actualit\u00e9 du d\u00e9partement","description":"Le 23 juin, 1500 enfants des \u00e9coles primaires de Seine-Saint-Denis et de Marseille chanteront sur la sc\u00e8ne du Th\u00e9\u00e2tre du Ch\u00e2telet avec Ang\u00e9lique Kidjo. La chanteuse franco-b\u00e9ninoise, ambassadrice de l'Unicef, est cette ann\u00e9e la marraine de La Cit\u00e9 des Marmots, un projet d'ouverture culturelle port\u00e9 par Villes des Musiques du Monde. Chaque ann\u00e9e depuis 2008, cette association d'Aubervilliers fait d\u00e9couvrir \u00e0 des \u00e9coliers de Seine-Saint-Denis un artiste \u00e0 la crois\u00e9e de plusieurs cultures. Cette fois-ci, c'est dans le cadre de l'Olympiade culturelle.","robots":{"index":"index","follow":"follow","max-snippet":"max-snippet:-1","max-image-preview":"max-image-preview:large","max-video-preview":"max-video-preview:-1"},"canonical":"https:\/\/seinesaintdenis.fr\/actualite\/culture-patrimoine\/1500-Marmots-partent-a-lassaut-du-Chatelet-avec-la-chanteuse-Angelique-Kidjo\/","og_locale":"fr_FR","og_type":"article","og_title":"1500 Marmots partent \u00e0 l'assaut du Ch\u00e2telet avec la chanteuse Ang\u00e9lique Kidjo - Seine-Saint-Denis - L&#039;actualit\u00e9 du d\u00e9partement","og_description":"Le 23 juin, 1500 enfants des \u00e9coles primaires de Seine-Saint-Denis et de Marseille chanteront sur la sc\u00e8ne du Th\u00e9\u00e2tre du Ch\u00e2telet avec Ang\u00e9lique Kidjo. La chanteuse franco-b\u00e9ninoise, ambassadrice de l'Unicef, est cette ann\u00e9e la marraine de La Cit\u00e9 des Marmots, un projet d'ouverture culturelle port\u00e9 par Villes des Musiques du Monde. Chaque ann\u00e9e depuis 2008, cette association d'Aubervilliers fait d\u00e9couvrir \u00e0 des \u00e9coliers de Seine-Saint-Denis un artiste \u00e0 la crois\u00e9e de plusieurs cultures. Cette fois-ci, c'est dans le cadre de l'Olympiade culturelle.","og_url":"https:\/\/seinesaintdenis.fr\/actualite\/culture-patrimoine\/1500-Marmots-partent-a-lassaut-du-Chatelet-avec-la-chanteuse-Angelique-Kidjo\/","og_site_name":"Seine-Saint-Denis - L&#039;actualit\u00e9 du d\u00e9partement","article_publisher":"https:\/\/www.facebook.com\/seinesaintdenisledepartement","article_published_time":"2024-03-29T09:49:17+00:00","article_modified_time":"2024-04-02T12:08:06+00:00","og_image":[{"width":561,"height":560,"url":"https:\/\/seinesaintdenis.fr\/actualite\/wp-content\/uploads\/2024\/03\/angelique-kidjo-aubervilliers-e1712059646362.jpg","type":"image\/jpeg"}],"author":"Christophe Lehousse","twitter_card":"summary_large_image","twitter_creator":"@seinesaintdenis","twitter_site":"@seinesaintdenis","twitter_misc":{"\u00c9crit par":"Christophe Lehousse"},"schema":{"@context":"https:\/\/schema.org","@graph":[{"@type":"Article","@id":"https:\/\/seinesaintdenis.fr\/actualite\/culture-patrimoine\/1500-Marmots-partent-a-lassaut-du-Chatelet-avec-la-chanteuse-Angelique-Kidjo\/#article","isPartOf":{"@id":"https:\/\/seinesaintdenis.fr\/actualite\/culture-patrimoine\/1500-Marmots-partent-a-lassaut-du-Chatelet-avec-la-chanteuse-Angelique-Kidjo\/"},"author":{"name":"Christophe Lehousse","@id":"https:\/\/seinesaintdenis.fr\/actualite\/#\/schema\/person\/b61e6c67c4017ad602f792f6b0316027"},"headline":"1500 Marmots partent \u00e0 l&rsquo;assaut du Ch\u00e2telet avec la chanteuse Ang\u00e9lique Kidjo","datePublished":"2024-03-29T09:49:17+00:00","dateModified":"2024-04-02T12:08:06+00:00","mainEntityOfPage":{"@id":"https:\/\/seinesaintdenis.fr\/actualite\/culture-patrimoine\/1500-Marmots-partent-a-lassaut-du-Chatelet-avec-la-chanteuse-Angelique-Kidjo\/"},"wordCount":13,"commentCount":1,"publisher":{"@id":"https:\/\/seinesaintdenis.fr\/actualite\/#organization"},"image":{"@id":"https:\/\/seinesaintdenis.fr\/actualite\/culture-patrimoine\/1500-Marmots-partent-a-lassaut-du-Chatelet-avec-la-chanteuse-Angelique-Kidjo\/#primaryimage"},"thumbnailUrl":"https:\/\/seinesaintdenis.fr\/actualite\/wp-content\/uploads\/2024\/03\/angelique-kidjo-aubervilliers-e1712059646362.jpg","articleSection":["Culture &amp; Patrimoine","Jeunesse &amp; \u00c9ducation"],"inLanguage":"fr-FR","potentialAction":[{"@type":"CommentAction","name":"Comment","target":["https:\/\/seinesaintdenis.fr\/actualite\/culture-patrimoine\/1500-Marmots-partent-a-lassaut-du-Chatelet-avec-la-chanteuse-Angelique-Kidjo\/#respond"]}]},{"@type":"WebPage","@id":"https:\/\/seinesaintdenis.fr\/actualite\/culture-patrimoine\/1500-Marmots-partent-a-lassaut-du-Chatelet-avec-la-chanteuse-Angelique-Kidjo\/","url":"https:\/\/seinesaintdenis.fr\/actualite\/culture-patrimoine\/1500-Marmots-partent-a-lassaut-du-Chatelet-avec-la-chanteuse-Angelique-Kidjo\/","name":"1500 Marmots partent \u00e0 l'assaut du Ch\u00e2telet avec la chanteuse Ang\u00e9lique Kidjo - Seine-Saint-Denis - L&#039;actualit\u00e9 du d\u00e9partement","isPartOf":{"@id":"https:\/\/seinesaintdenis.fr\/actualite\/#website"},"primaryImageOfPage":{"@id":"https:\/\/seinesaintdenis.fr\/actualite\/culture-patrimoine\/1500-Marmots-partent-a-lassaut-du-Chatelet-avec-la-chanteuse-Angelique-Kidjo\/#primaryimage"},"image":{"@id":"https:\/\/seinesaintdenis.fr\/actualite\/culture-patrimoine\/1500-Marmots-partent-a-lassaut-du-Chatelet-avec-la-chanteuse-Angelique-Kidjo\/#primaryimage"},"thumbnailUrl":"https:\/\/seinesaintdenis.fr\/actualite\/wp-content\/uploads\/2024\/03\/angelique-kidjo-aubervilliers-e1712059646362.jpg","datePublished":"2024-03-29T09:49:17+00:00","dateModified":"2024-04-02T12:08:06+00:00","description":"Le 23 juin, 1500 enfants des \u00e9coles primaires de Seine-Saint-Denis et de Marseille chanteront sur la sc\u00e8ne du Th\u00e9\u00e2tre du Ch\u00e2telet avec Ang\u00e9lique Kidjo. La chanteuse franco-b\u00e9ninoise, ambassadrice de l'Unicef, est cette ann\u00e9e la marraine de La Cit\u00e9 des Marmots, un projet d'ouverture culturelle port\u00e9 par Villes des Musiques du Monde. Chaque ann\u00e9e depuis 2008, cette association d'Aubervilliers fait d\u00e9couvrir \u00e0 des \u00e9coliers de Seine-Saint-Denis un artiste \u00e0 la crois\u00e9e de plusieurs cultures. Cette fois-ci, c'est dans le cadre de l'Olympiade culturelle.","breadcrumb":{"@id":"https:\/\/seinesaintdenis.fr\/actualite\/culture-patrimoine\/1500-Marmots-partent-a-lassaut-du-Chatelet-avec-la-chanteuse-Angelique-Kidjo\/#breadcrumb"},"inLanguage":"fr-FR","potentialAction":[{"@type":"ReadAction","target":["https:\/\/seinesaintdenis.fr\/actualite\/culture-patrimoine\/1500-Marmots-partent-a-lassaut-du-Chatelet-avec-la-chanteuse-Angelique-Kidjo\/"]}]},{"@type":"ImageObject","inLanguage":"fr-FR","@id":"https:\/\/seinesaintdenis.fr\/actualite\/culture-patrimoine\/1500-Marmots-partent-a-lassaut-du-Chatelet-avec-la-chanteuse-Angelique-Kidjo\/#primaryimage","url":"https:\/\/seinesaintdenis.fr\/actualite\/wp-content\/uploads\/2024\/03\/angelique-kidjo-aubervilliers-e1712059646362.jpg","contentUrl":"https:\/\/seinesaintdenis.fr\/actualite\/wp-content\/uploads\/2024\/03\/angelique-kidjo-aubervilliers-e1712059646362.jpg","width":561,"height":560},{"@type":"BreadcrumbList","@id":"https:\/\/seinesaintdenis.fr\/actualite\/culture-patrimoine\/1500-Marmots-partent-a-lassaut-du-Chatelet-avec-la-chanteuse-Angelique-Kidjo\/#breadcrumb","itemListElement":[{"@type":"ListItem","position":1,"name":"Accueil","item":"https:\/\/seinesaintdenis.fr\/actualite\/"},{"@type":"ListItem","position":2,"name":"Culture &amp; Patrimoine","item":"https:\/\/seinesaintdenis.fr\/actualite\/culture-patrimoine\/"},{"@type":"ListItem","position":3,"name":"1500 Marmots partent \u00e0 l&rsquo;assaut du Ch\u00e2telet avec la chanteuse Ang\u00e9lique Kidjo"}]},{"@type":"WebSite","@id":"https:\/\/seinesaintdenis.fr\/actualite\/#website","url":"https:\/\/seinesaintdenis.fr\/actualite\/","name":"Seine-Saint-Denis - L'actualit\u00e9 du d\u00e9partement","description":"L&#039;actualit\u00e9 du D\u00e9partement de la Seine-Saint-Denis","publisher":{"@id":"https:\/\/seinesaintdenis.fr\/actualite\/#organization"},"potentialAction":[{"@type":"SearchAction","target":{"@type":"EntryPoint","urlTemplate":"https:\/\/seinesaintdenis.fr\/actualite\/?s={search_term_string}"},"query-input":{"@type":"PropertyValueSpecification","valueRequired":true,"valueName":"search_term_string"}}],"inLanguage":"fr-FR"},{"@type":"Organization","@id":"https:\/\/seinesaintdenis.fr\/actualite\/#organization","name":"Seine-Saint-Denis - Le D\u00e9partement","url":"https:\/\/seinesaintdenis.fr\/actualite\/","logo":{"@type":"ImageObject","inLanguage":"fr-FR","@id":"https:\/\/seinesaintdenis.fr\/actualite\/#\/schema\/logo\/image\/","url":"https:\/\/seinesaintdenis.fr\/actualite\/wp-content\/uploads\/2024\/08\/logo.png","contentUrl":"https:\/\/seinesaintdenis.fr\/actualite\/wp-content\/uploads\/2024\/08\/logo.png","width":567,"height":172,"caption":"Seine-Saint-Denis - Le D\u00e9partement"},"image":{"@id":"https:\/\/seinesaintdenis.fr\/actualite\/#\/schema\/logo\/image\/"},"sameAs":["https:\/\/www.facebook.com\/seinesaintdenisledepartement","https:\/\/x.com\/seinesaintdenis","https:\/\/www.linkedin.com\/company\/seinesaintdenis","https:\/\/www.instagram.com\/seine_saint_denis\/","https:\/\/www.youtube.com\/channel\/UCR5YF9NnqiLCbnrKQgLUcIw"]},{"@type":"Person","@id":"https:\/\/seinesaintdenis.fr\/actualite\/#\/schema\/person\/b61e6c67c4017ad602f792f6b0316027","name":"Christophe Lehousse","image":{"@type":"ImageObject","inLanguage":"fr-FR","@id":"https:\/\/secure.gravatar.com\/avatar\/474edaa980596bb8db66ecdbeb112f6442d5101a28bcd14acfd38a987868abd8?s=96&d=mm&r=g","url":"https:\/\/secure.gravatar.com\/avatar\/474edaa980596bb8db66ecdbeb112f6442d5101a28bcd14acfd38a987868abd8?s=96&d=mm&r=g","contentUrl":"https:\/\/secure.gravatar.com\/avatar\/474edaa980596bb8db66ecdbeb112f6442d5101a28bcd14acfd38a987868abd8?s=96&d=mm&r=g","caption":"Christophe Lehousse"},"url":"https:\/\/seinesaintdenis.fr\/actualite\/author\/clehousse\/"}]}},"_links":{"self":[{"href":"https:\/\/seinesaintdenis.fr\/actualite\/wp-json\/wp\/v2\/posts\/14651","targetHints":{"allow":["GET"]}}],"collection":[{"href":"https:\/\/seinesaintdenis.fr\/actualite\/wp-json\/wp\/v2\/posts"}],"about":[{"href":"https:\/\/seinesaintdenis.fr\/actualite\/wp-json\/wp\/v2\/types\/post"}],"author":[{"embeddable":true,"href":"https:\/\/seinesaintdenis.fr\/actualite\/wp-json\/wp\/v2\/users\/11"}],"replies":[{"embeddable":true,"href":"https:\/\/seinesaintdenis.fr\/actualite\/wp-json\/wp\/v2\/comments?post=14651"}],"version-history":[{"count":13,"href":"https:\/\/seinesaintdenis.fr\/actualite\/wp-json\/wp\/v2\/posts\/14651\/revisions"}],"predecessor-version":[{"id":14701,"href":"https:\/\/seinesaintdenis.fr\/actualite\/wp-json\/wp\/v2\/posts\/14651\/revisions\/14701"}],"wp:featuredmedia":[{"embeddable":true,"href":"https:\/\/seinesaintdenis.fr\/actualite\/wp-json\/wp\/v2\/media\/14678"}],"wp:attachment":[{"href":"https:\/\/seinesaintdenis.fr\/actualite\/wp-json\/wp\/v2\/media?parent=14651"}],"wp:term":[{"taxonomy":"category","embeddable":true,"href":"https:\/\/seinesaintdenis.fr\/actualite\/wp-json\/wp\/v2\/categories?post=14651"},{"taxonomy":"ville","embeddable":true,"href":"https:\/\/seinesaintdenis.fr\/actualite\/wp-json\/wp\/v2\/ville?post=14651"}],"curies":[{"name":"wp","href":"https:\/\/api.w.org\/{rel}","templated":true}]}}