{"id":1443,"date":"2022-09-19T16:27:34","date_gmt":"2022-09-19T16:27:34","guid":{"rendered":"https:\/\/seinesaintdenis.fr\/actualite\/uncategorized\/Des-Six-Routes-au-stade-de-Marville-a-pied-et-en-securite\/"},"modified":"2024-09-19T13:54:44","modified_gmt":"2024-09-19T11:54:44","slug":"Des-Six-Routes-au-stade-de-Marville-a-pied-et-en-securite","status":"publish","type":"post","link":"https:\/\/seinesaintdenis.fr\/actualite\/deplacements-amenagement\/Des-Six-Routes-au-stade-de-Marville-a-pied-et-en-securite\/","title":{"rendered":"Des Six-Routes au stade de Marville \u00e0 pied et en s\u00e9curit\u00e9 !"},"content":{"rendered":"<p>Auparavant, pour aller \u00e0 pied ou \u00e0 v\u00e9lo depuis les Six-Routes jusqu\u2019au stade de Marville, il fallait s\u2019armer d\u2019une bonne dose de courage\u00a0! Deux voies pour les voitures qui filaient direction Stains, pas de piste cyclable et, en guise de trottoir, un espace de terre battue\u2026 Il fallait que \u00e7a change\u00a0! Les J.O.P. de Paris 2024 ont permis au D\u00e9partement de lancer la transformation de l\u2019avenue Roger-Salengro pour une utilisation plus \u00e9quilibr\u00e9e entre tous les usages.<\/p>\n<figure class=\"spip_document_16059 spip_documents spip_documents_left media media_image media_image_jpg\" style=\"float: left;\"><img loading=\"lazy\" decoding=\"async\" src=\"local\/cache-gd2\/f8\/23c99e2f2fea60ac63ce836c2ab343.jpg\" alt=\"JPEG - 200.5 ko\" width=\"760\" height=\"394\" \/><\/figure>\n<p><i>\u00ab\u00a0L\u2019objectif est de pacifier la circulation <\/i> explique C\u00e9cile Bossavie, directrice des projets JOP \u00e0 direction de la voirie et des d\u00e9placements du D\u00e9partement. <i>Les voitures et camions circuleront sur une seule file dans chaque sens. Cela laissera de la place pour installer deux voies de bus, une piste cyclable bidirectionnelle large de trois m\u00e8tres et surtout de larges trottoirs confortables et s\u00fbrs.\u00a0\u00bb<\/i><\/p>\n<h3 class=\"spip\">L\u2019accessibilit\u00e9, une priorit\u00e9<\/h3>\n<p>Les pi\u00e9tons pourront marcher en s\u00e9curit\u00e9, mais aussi se reposer si besoin sur de nombreux bancs. <i>\u00ab\u00a0Les services du D\u00e9partement ont beaucoup travaill\u00e9 avec les associations sur les questions d\u2019accessibilit\u00e9,<\/i> reprend C\u00e9cile Bossavie. <i>Nous les avons con\u00e7us pour qu\u2019ils conviennent aussi bien aux personnes aveugles, malvoyantes, utilisateur\u00b7rice\u00b7s de fauteuil roulant, de poussettes\u2026 Un des grands d\u00e9fauts de cette avenue, c\u2019est qu\u2019il \u00e9tait impossible de la traverser. Nous avons donc pr\u00e9vu six sites de travers\u00e9e s\u00e9curis\u00e9s.\u00a0\u00bb <\/i><\/p>\n<h3 class=\"spip\">Une voie plus \u00e9cologique<\/h3>\n<p>Refaire cette route, c\u2019est \u00e9galement l\u2019occasion d\u2019apporter plus de verdure, de limiter les \u00eelots de chaleur. Tous les arbres existants seront conserv\u00e9s et 72 autres seront plant\u00e9s. Tous ces arbres seront reli\u00e9s par une longue trace verte constitu\u00e9e aussi bien d\u2019arbustes que de plantations herbac\u00e9es au ras du sol. Les cyclistes pourront circuler \u00e0 l\u2019ombre de ces arbres qui les prot\u00e9geront \u00e9galement du trafic routier. Les eaux de pluie pourront s\u2019y infiltrer et en cas de fortes pr\u00e9cipitations, les eaux seront recueillies par des noues paysag\u00e8res, des foss\u00e9s perm\u00e9ables et v\u00e9g\u00e9talis\u00e9s. Cet ensemble d\u2019arbres, d\u2019arbustes, d\u2019herbe et foss\u00e9s seront favorables au d\u00e9veloppement de la biodiversit\u00e9. On y retrouvera quantit\u00e9 d\u2019insectes, de petite faune, d\u2019oiseaux. Un avant-go\u00fbt du tout proche parc d\u00e9partemental Georges-Valbon en somme\u00a0!<\/p>\n<figure class=\"spip_document_16058 spip_documents spip_documents_center media media_image media_image_jpg\"><img loading=\"lazy\" decoding=\"async\" src=\"local\/cache-gd2\/b4\/120ef0b8889af907659ad52f324486.jpg\" alt=\"JPEG - 190 ko\" width=\"760\" height=\"352\" \/><\/figure>\n<div class=\"texteencadre-spip spip\">\n<p><strong>En chiffres<\/strong><br class=\"autobr\" \/>Longueur de voirie requalifi\u00e9e\u00a0: 1150 m<br class=\"autobr\" \/>Surface finale v\u00e9g\u00e9talis\u00e9e\u00a0: 7 200 m2 (4 000 m2 aujourd\u2019hui)<br class=\"autobr\" \/>Nombres d\u2019arbres suppl\u00e9mentaires plant\u00e9s\u00a0: 72 (soit 150 arbres au total)<br class=\"autobr\" \/>Fin du chantier pr\u00e9vu\u00a0: novembre 2023<\/p>\n<p>Ce chantier favorise l\u2019insertion et l\u2019emploi local avec environ 12 000 heures de travail r\u00e9serv\u00e9es aux personnes \u00e9loign\u00e9es de l\u2019emploi, aux travailleurs handicap\u00e9s, aux personnes issues des quartiers Politique de la ville ou aux seniors et jeunes en recherche d\u2019emploi.<\/p>\n<\/div>\n","protected":false},"excerpt":{"rendered":"Auparavant, pour aller \u00e0 pied ou \u00e0 v\u00e9lo depuis les Six-Routes jusqu\u2019au stade de Marville, il fallait s\u2019armer d\u2019une bonne dose de courage\u00a0! Deux voies pour les voitures qui filaient direction Stains, pas de piste cyclable et, en guise de trottoir, un espace de terre battue\u2026 Il fallait que \u00e7a change\u00a0! Les J.O.P. de Paris&#8230; <a class=\"view-article\" href=\"https:\/\/seinesaintdenis.fr\/actualite\/deplacements-amenagement\/Des-Six-Routes-au-stade-de-Marville-a-pied-et-en-securite\/\">Voir l&rsquo;article<\/a>","protected":false},"author":13,"featured_media":18939,"comment_status":"open","ping_status":"open","sticky":false,"template":"","format":"standard","meta":{"_acf_changed":false,"footnotes":""},"categories":[7],"ville":[67],"class_list":["post-1443","post","type-post","status-publish","format-standard","has-post-thumbnail","hentry","category-deplacements-amenagement"],"acf":[],"yoast_head":"<!-- This site is optimized with the Yoast SEO plugin v27.5 - https:\/\/yoast.com\/product\/yoast-seo-wordpress\/ -->\n<title>Des Six-Routes au stade de Marville \u00e0 pied et en s\u00e9curit\u00e9 ! - Seine-Saint-Denis - L&#039;actualit\u00e9 du d\u00e9partement<\/title>\n<meta name=\"robots\" content=\"index, follow, max-snippet:-1, max-image-preview:large, max-video-preview:-1\" \/>\n<link rel=\"canonical\" href=\"https:\/\/seinesaintdenis.fr\/actualite\/deplacements-amenagement\/Des-Six-Routes-au-stade-de-Marville-a-pied-et-en-securite\/\" \/>\n<meta property=\"og:locale\" content=\"fr_FR\" \/>\n<meta property=\"og:type\" content=\"article\" \/>\n<meta property=\"og:title\" content=\"Des Six-Routes au stade de Marville \u00e0 pied et en s\u00e9curit\u00e9 ! - Seine-Saint-Denis - L&#039;actualit\u00e9 du d\u00e9partement\" \/>\n<meta property=\"og:url\" content=\"https:\/\/seinesaintdenis.fr\/actualite\/deplacements-amenagement\/Des-Six-Routes-au-stade-de-Marville-a-pied-et-en-securite\/\" \/>\n<meta property=\"og:site_name\" content=\"Seine-Saint-Denis - L&#039;actualit\u00e9 du d\u00e9partement\" \/>\n<meta property=\"article:publisher\" content=\"https:\/\/www.facebook.com\/seinesaintdenisledepartement\" \/>\n<meta property=\"article:published_time\" content=\"2022-09-19T16:27:34+00:00\" \/>\n<meta property=\"article:modified_time\" content=\"2024-09-19T11:54:44+00:00\" \/>\n<meta property=\"og:image\" content=\"https:\/\/seinesaintdenis.fr\/actualite\/wp-content\/uploads\/2022\/09\/rd901-1.jpg\" \/>\n\t<meta property=\"og:image:width\" content=\"1920\" \/>\n\t<meta property=\"og:image:height\" content=\"1280\" \/>\n\t<meta property=\"og:image:type\" content=\"image\/jpeg\" \/>\n<meta name=\"author\" content=\"Georges Makowski\" \/>\n<meta name=\"twitter:card\" content=\"summary_large_image\" \/>\n<meta name=\"twitter:creator\" content=\"@seinesaintdenis\" \/>\n<meta name=\"twitter:site\" content=\"@seinesaintdenis\" \/>\n<meta name=\"twitter:label1\" content=\"\u00c9crit par\" \/>\n\t<meta name=\"twitter:data1\" content=\"Georges Makowski\" \/>\n\t<meta name=\"twitter:label2\" content=\"Dur\u00e9e de lecture estim\u00e9e\" \/>\n\t<meta name=\"twitter:data2\" content=\"3 minutes\" \/>\n<script type=\"application\/ld+json\" class=\"yoast-schema-graph\">{\"@context\":\"https:\\\/\\\/schema.org\",\"@graph\":[{\"@type\":\"Article\",\"@id\":\"https:\\\/\\\/seinesaintdenis.fr\\\/actualite\\\/deplacements-amenagement\\\/Des-Six-Routes-au-stade-de-Marville-a-pied-et-en-securite\\\/#article\",\"isPartOf\":{\"@id\":\"https:\\\/\\\/seinesaintdenis.fr\\\/actualite\\\/deplacements-amenagement\\\/Des-Six-Routes-au-stade-de-Marville-a-pied-et-en-securite\\\/\"},\"author\":{\"name\":\"Georges Makowski\",\"@id\":\"https:\\\/\\\/seinesaintdenis.fr\\\/actualite\\\/#\\\/schema\\\/person\\\/c3f728fd708de8fb2ce6a6854e52268e\"},\"headline\":\"Des Six-Routes au stade de Marville \u00e0 pied et en s\u00e9curit\u00e9 !\",\"datePublished\":\"2022-09-19T16:27:34+00:00\",\"dateModified\":\"2024-09-19T11:54:44+00:00\",\"mainEntityOfPage\":{\"@id\":\"https:\\\/\\\/seinesaintdenis.fr\\\/actualite\\\/deplacements-amenagement\\\/Des-Six-Routes-au-stade-de-Marville-a-pied-et-en-securite\\\/\"},\"wordCount\":489,\"commentCount\":0,\"publisher\":{\"@id\":\"https:\\\/\\\/seinesaintdenis.fr\\\/actualite\\\/#organization\"},\"image\":{\"@id\":\"https:\\\/\\\/seinesaintdenis.fr\\\/actualite\\\/deplacements-amenagement\\\/Des-Six-Routes-au-stade-de-Marville-a-pied-et-en-securite\\\/#primaryimage\"},\"thumbnailUrl\":\"https:\\\/\\\/seinesaintdenis.fr\\\/actualite\\\/wp-content\\\/uploads\\\/2022\\\/09\\\/rd901-1.jpg\",\"articleSection\":[\"D\u00e9placements &amp; Am\u00e9nagement\"],\"inLanguage\":\"fr-FR\",\"potentialAction\":[{\"@type\":\"CommentAction\",\"name\":\"Comment\",\"target\":[\"https:\\\/\\\/seinesaintdenis.fr\\\/actualite\\\/deplacements-amenagement\\\/Des-Six-Routes-au-stade-de-Marville-a-pied-et-en-securite\\\/#respond\"]}]},{\"@type\":\"WebPage\",\"@id\":\"https:\\\/\\\/seinesaintdenis.fr\\\/actualite\\\/deplacements-amenagement\\\/Des-Six-Routes-au-stade-de-Marville-a-pied-et-en-securite\\\/\",\"url\":\"https:\\\/\\\/seinesaintdenis.fr\\\/actualite\\\/deplacements-amenagement\\\/Des-Six-Routes-au-stade-de-Marville-a-pied-et-en-securite\\\/\",\"name\":\"Des Six-Routes au stade de Marville \u00e0 pied et en s\u00e9curit\u00e9 ! - Seine-Saint-Denis - L&#039;actualit\u00e9 du d\u00e9partement\",\"isPartOf\":{\"@id\":\"https:\\\/\\\/seinesaintdenis.fr\\\/actualite\\\/#website\"},\"primaryImageOfPage\":{\"@id\":\"https:\\\/\\\/seinesaintdenis.fr\\\/actualite\\\/deplacements-amenagement\\\/Des-Six-Routes-au-stade-de-Marville-a-pied-et-en-securite\\\/#primaryimage\"},\"image\":{\"@id\":\"https:\\\/\\\/seinesaintdenis.fr\\\/actualite\\\/deplacements-amenagement\\\/Des-Six-Routes-au-stade-de-Marville-a-pied-et-en-securite\\\/#primaryimage\"},\"thumbnailUrl\":\"https:\\\/\\\/seinesaintdenis.fr\\\/actualite\\\/wp-content\\\/uploads\\\/2022\\\/09\\\/rd901-1.jpg\",\"datePublished\":\"2022-09-19T16:27:34+00:00\",\"dateModified\":\"2024-09-19T11:54:44+00:00\",\"breadcrumb\":{\"@id\":\"https:\\\/\\\/seinesaintdenis.fr\\\/actualite\\\/deplacements-amenagement\\\/Des-Six-Routes-au-stade-de-Marville-a-pied-et-en-securite\\\/#breadcrumb\"},\"inLanguage\":\"fr-FR\",\"potentialAction\":[{\"@type\":\"ReadAction\",\"target\":[\"https:\\\/\\\/seinesaintdenis.fr\\\/actualite\\\/deplacements-amenagement\\\/Des-Six-Routes-au-stade-de-Marville-a-pied-et-en-securite\\\/\"]}]},{\"@type\":\"ImageObject\",\"inLanguage\":\"fr-FR\",\"@id\":\"https:\\\/\\\/seinesaintdenis.fr\\\/actualite\\\/deplacements-amenagement\\\/Des-Six-Routes-au-stade-de-Marville-a-pied-et-en-securite\\\/#primaryimage\",\"url\":\"https:\\\/\\\/seinesaintdenis.fr\\\/actualite\\\/wp-content\\\/uploads\\\/2022\\\/09\\\/rd901-1.jpg\",\"contentUrl\":\"https:\\\/\\\/seinesaintdenis.fr\\\/actualite\\\/wp-content\\\/uploads\\\/2022\\\/09\\\/rd901-1.jpg\",\"width\":1920,\"height\":1280,\"caption\":\"la RD 901, piste cyclable, trottoir et route\"},{\"@type\":\"BreadcrumbList\",\"@id\":\"https:\\\/\\\/seinesaintdenis.fr\\\/actualite\\\/deplacements-amenagement\\\/Des-Six-Routes-au-stade-de-Marville-a-pied-et-en-securite\\\/#breadcrumb\",\"itemListElement\":[{\"@type\":\"ListItem\",\"position\":1,\"name\":\"Accueil\",\"item\":\"https:\\\/\\\/seinesaintdenis.fr\\\/actualite\\\/\"},{\"@type\":\"ListItem\",\"position\":2,\"name\":\"D\u00e9placements &amp; Am\u00e9nagement\",\"item\":\"https:\\\/\\\/seinesaintdenis.fr\\\/actualite\\\/deplacements-amenagement\\\/\"},{\"@type\":\"ListItem\",\"position\":3,\"name\":\"Des Six-Routes au stade de Marville \u00e0 pied et en s\u00e9curit\u00e9 !\"}]},{\"@type\":\"WebSite\",\"@id\":\"https:\\\/\\\/seinesaintdenis.fr\\\/actualite\\\/#website\",\"url\":\"https:\\\/\\\/seinesaintdenis.fr\\\/actualite\\\/\",\"name\":\"Seine-Saint-Denis - L'actualit\u00e9 du d\u00e9partement\",\"description\":\"L&#039;actualit\u00e9 du D\u00e9partement de la Seine-Saint-Denis\",\"publisher\":{\"@id\":\"https:\\\/\\\/seinesaintdenis.fr\\\/actualite\\\/#organization\"},\"potentialAction\":[{\"@type\":\"SearchAction\",\"target\":{\"@type\":\"EntryPoint\",\"urlTemplate\":\"https:\\\/\\\/seinesaintdenis.fr\\\/actualite\\\/?s={search_term_string}\"},\"query-input\":{\"@type\":\"PropertyValueSpecification\",\"valueRequired\":true,\"valueName\":\"search_term_string\"}}],\"inLanguage\":\"fr-FR\"},{\"@type\":\"Organization\",\"@id\":\"https:\\\/\\\/seinesaintdenis.fr\\\/actualite\\\/#organization\",\"name\":\"Seine-Saint-Denis - Le D\u00e9partement\",\"url\":\"https:\\\/\\\/seinesaintdenis.fr\\\/actualite\\\/\",\"logo\":{\"@type\":\"ImageObject\",\"inLanguage\":\"fr-FR\",\"@id\":\"https:\\\/\\\/seinesaintdenis.fr\\\/actualite\\\/#\\\/schema\\\/logo\\\/image\\\/\",\"url\":\"https:\\\/\\\/seinesaintdenis.fr\\\/actualite\\\/wp-content\\\/uploads\\\/2024\\\/08\\\/logo.png\",\"contentUrl\":\"https:\\\/\\\/seinesaintdenis.fr\\\/actualite\\\/wp-content\\\/uploads\\\/2024\\\/08\\\/logo.png\",\"width\":567,\"height\":172,\"caption\":\"Seine-Saint-Denis - Le D\u00e9partement\"},\"image\":{\"@id\":\"https:\\\/\\\/seinesaintdenis.fr\\\/actualite\\\/#\\\/schema\\\/logo\\\/image\\\/\"},\"sameAs\":[\"https:\\\/\\\/www.facebook.com\\\/seinesaintdenisledepartement\",\"https:\\\/\\\/x.com\\\/seinesaintdenis\",\"https:\\\/\\\/www.linkedin.com\\\/company\\\/seinesaintdenis\",\"https:\\\/\\\/www.instagram.com\\\/seine_saint_denis\\\/\",\"https:\\\/\\\/www.youtube.com\\\/channel\\\/UCR5YF9NnqiLCbnrKQgLUcIw\"]},{\"@type\":\"Person\",\"@id\":\"https:\\\/\\\/seinesaintdenis.fr\\\/actualite\\\/#\\\/schema\\\/person\\\/c3f728fd708de8fb2ce6a6854e52268e\",\"name\":\"Georges Makowski\",\"image\":{\"@type\":\"ImageObject\",\"inLanguage\":\"fr-FR\",\"@id\":\"https:\\\/\\\/secure.gravatar.com\\\/avatar\\\/46b2f39325eb4f13bca1f2f3ef377aad0c59043ba486c9808789e35bd9a844ae?s=96&d=mm&r=g\",\"url\":\"https:\\\/\\\/secure.gravatar.com\\\/avatar\\\/46b2f39325eb4f13bca1f2f3ef377aad0c59043ba486c9808789e35bd9a844ae?s=96&d=mm&r=g\",\"contentUrl\":\"https:\\\/\\\/secure.gravatar.com\\\/avatar\\\/46b2f39325eb4f13bca1f2f3ef377aad0c59043ba486c9808789e35bd9a844ae?s=96&d=mm&r=g\",\"caption\":\"Georges Makowski\"},\"url\":\"https:\\\/\\\/seinesaintdenis.fr\\\/actualite\\\/author\\\/gmakowski\\\/\"}]}<\/script>\n<!-- \/ Yoast SEO plugin. -->","yoast_head_json":{"title":"Des Six-Routes au stade de Marville \u00e0 pied et en s\u00e9curit\u00e9 ! - Seine-Saint-Denis - L&#039;actualit\u00e9 du d\u00e9partement","robots":{"index":"index","follow":"follow","max-snippet":"max-snippet:-1","max-image-preview":"max-image-preview:large","max-video-preview":"max-video-preview:-1"},"canonical":"https:\/\/seinesaintdenis.fr\/actualite\/deplacements-amenagement\/Des-Six-Routes-au-stade-de-Marville-a-pied-et-en-securite\/","og_locale":"fr_FR","og_type":"article","og_title":"Des Six-Routes au stade de Marville \u00e0 pied et en s\u00e9curit\u00e9 ! - Seine-Saint-Denis - L&#039;actualit\u00e9 du d\u00e9partement","og_url":"https:\/\/seinesaintdenis.fr\/actualite\/deplacements-amenagement\/Des-Six-Routes-au-stade-de-Marville-a-pied-et-en-securite\/","og_site_name":"Seine-Saint-Denis - L&#039;actualit\u00e9 du d\u00e9partement","article_publisher":"https:\/\/www.facebook.com\/seinesaintdenisledepartement","article_published_time":"2022-09-19T16:27:34+00:00","article_modified_time":"2024-09-19T11:54:44+00:00","og_image":[{"width":1920,"height":1280,"url":"https:\/\/seinesaintdenis.fr\/actualite\/wp-content\/uploads\/2022\/09\/rd901-1.jpg","type":"image\/jpeg"}],"author":"Georges Makowski","twitter_card":"summary_large_image","twitter_creator":"@seinesaintdenis","twitter_site":"@seinesaintdenis","twitter_misc":{"\u00c9crit par":"Georges Makowski","Dur\u00e9e de lecture estim\u00e9e":"3 minutes"},"schema":{"@context":"https:\/\/schema.org","@graph":[{"@type":"Article","@id":"https:\/\/seinesaintdenis.fr\/actualite\/deplacements-amenagement\/Des-Six-Routes-au-stade-de-Marville-a-pied-et-en-securite\/#article","isPartOf":{"@id":"https:\/\/seinesaintdenis.fr\/actualite\/deplacements-amenagement\/Des-Six-Routes-au-stade-de-Marville-a-pied-et-en-securite\/"},"author":{"name":"Georges Makowski","@id":"https:\/\/seinesaintdenis.fr\/actualite\/#\/schema\/person\/c3f728fd708de8fb2ce6a6854e52268e"},"headline":"Des Six-Routes au stade de Marville \u00e0 pied et en s\u00e9curit\u00e9 !","datePublished":"2022-09-19T16:27:34+00:00","dateModified":"2024-09-19T11:54:44+00:00","mainEntityOfPage":{"@id":"https:\/\/seinesaintdenis.fr\/actualite\/deplacements-amenagement\/Des-Six-Routes-au-stade-de-Marville-a-pied-et-en-securite\/"},"wordCount":489,"commentCount":0,"publisher":{"@id":"https:\/\/seinesaintdenis.fr\/actualite\/#organization"},"image":{"@id":"https:\/\/seinesaintdenis.fr\/actualite\/deplacements-amenagement\/Des-Six-Routes-au-stade-de-Marville-a-pied-et-en-securite\/#primaryimage"},"thumbnailUrl":"https:\/\/seinesaintdenis.fr\/actualite\/wp-content\/uploads\/2022\/09\/rd901-1.jpg","articleSection":["D\u00e9placements &amp; Am\u00e9nagement"],"inLanguage":"fr-FR","potentialAction":[{"@type":"CommentAction","name":"Comment","target":["https:\/\/seinesaintdenis.fr\/actualite\/deplacements-amenagement\/Des-Six-Routes-au-stade-de-Marville-a-pied-et-en-securite\/#respond"]}]},{"@type":"WebPage","@id":"https:\/\/seinesaintdenis.fr\/actualite\/deplacements-amenagement\/Des-Six-Routes-au-stade-de-Marville-a-pied-et-en-securite\/","url":"https:\/\/seinesaintdenis.fr\/actualite\/deplacements-amenagement\/Des-Six-Routes-au-stade-de-Marville-a-pied-et-en-securite\/","name":"Des Six-Routes au stade de Marville \u00e0 pied et en s\u00e9curit\u00e9 ! - Seine-Saint-Denis - L&#039;actualit\u00e9 du d\u00e9partement","isPartOf":{"@id":"https:\/\/seinesaintdenis.fr\/actualite\/#website"},"primaryImageOfPage":{"@id":"https:\/\/seinesaintdenis.fr\/actualite\/deplacements-amenagement\/Des-Six-Routes-au-stade-de-Marville-a-pied-et-en-securite\/#primaryimage"},"image":{"@id":"https:\/\/seinesaintdenis.fr\/actualite\/deplacements-amenagement\/Des-Six-Routes-au-stade-de-Marville-a-pied-et-en-securite\/#primaryimage"},"thumbnailUrl":"https:\/\/seinesaintdenis.fr\/actualite\/wp-content\/uploads\/2022\/09\/rd901-1.jpg","datePublished":"2022-09-19T16:27:34+00:00","dateModified":"2024-09-19T11:54:44+00:00","breadcrumb":{"@id":"https:\/\/seinesaintdenis.fr\/actualite\/deplacements-amenagement\/Des-Six-Routes-au-stade-de-Marville-a-pied-et-en-securite\/#breadcrumb"},"inLanguage":"fr-FR","potentialAction":[{"@type":"ReadAction","target":["https:\/\/seinesaintdenis.fr\/actualite\/deplacements-amenagement\/Des-Six-Routes-au-stade-de-Marville-a-pied-et-en-securite\/"]}]},{"@type":"ImageObject","inLanguage":"fr-FR","@id":"https:\/\/seinesaintdenis.fr\/actualite\/deplacements-amenagement\/Des-Six-Routes-au-stade-de-Marville-a-pied-et-en-securite\/#primaryimage","url":"https:\/\/seinesaintdenis.fr\/actualite\/wp-content\/uploads\/2022\/09\/rd901-1.jpg","contentUrl":"https:\/\/seinesaintdenis.fr\/actualite\/wp-content\/uploads\/2022\/09\/rd901-1.jpg","width":1920,"height":1280,"caption":"la RD 901, piste cyclable, trottoir et route"},{"@type":"BreadcrumbList","@id":"https:\/\/seinesaintdenis.fr\/actualite\/deplacements-amenagement\/Des-Six-Routes-au-stade-de-Marville-a-pied-et-en-securite\/#breadcrumb","itemListElement":[{"@type":"ListItem","position":1,"name":"Accueil","item":"https:\/\/seinesaintdenis.fr\/actualite\/"},{"@type":"ListItem","position":2,"name":"D\u00e9placements &amp; Am\u00e9nagement","item":"https:\/\/seinesaintdenis.fr\/actualite\/deplacements-amenagement\/"},{"@type":"ListItem","position":3,"name":"Des Six-Routes au stade de Marville \u00e0 pied et en s\u00e9curit\u00e9 !"}]},{"@type":"WebSite","@id":"https:\/\/seinesaintdenis.fr\/actualite\/#website","url":"https:\/\/seinesaintdenis.fr\/actualite\/","name":"Seine-Saint-Denis - L'actualit\u00e9 du d\u00e9partement","description":"L&#039;actualit\u00e9 du D\u00e9partement de la Seine-Saint-Denis","publisher":{"@id":"https:\/\/seinesaintdenis.fr\/actualite\/#organization"},"potentialAction":[{"@type":"SearchAction","target":{"@type":"EntryPoint","urlTemplate":"https:\/\/seinesaintdenis.fr\/actualite\/?s={search_term_string}"},"query-input":{"@type":"PropertyValueSpecification","valueRequired":true,"valueName":"search_term_string"}}],"inLanguage":"fr-FR"},{"@type":"Organization","@id":"https:\/\/seinesaintdenis.fr\/actualite\/#organization","name":"Seine-Saint-Denis - Le D\u00e9partement","url":"https:\/\/seinesaintdenis.fr\/actualite\/","logo":{"@type":"ImageObject","inLanguage":"fr-FR","@id":"https:\/\/seinesaintdenis.fr\/actualite\/#\/schema\/logo\/image\/","url":"https:\/\/seinesaintdenis.fr\/actualite\/wp-content\/uploads\/2024\/08\/logo.png","contentUrl":"https:\/\/seinesaintdenis.fr\/actualite\/wp-content\/uploads\/2024\/08\/logo.png","width":567,"height":172,"caption":"Seine-Saint-Denis - Le D\u00e9partement"},"image":{"@id":"https:\/\/seinesaintdenis.fr\/actualite\/#\/schema\/logo\/image\/"},"sameAs":["https:\/\/www.facebook.com\/seinesaintdenisledepartement","https:\/\/x.com\/seinesaintdenis","https:\/\/www.linkedin.com\/company\/seinesaintdenis","https:\/\/www.instagram.com\/seine_saint_denis\/","https:\/\/www.youtube.com\/channel\/UCR5YF9NnqiLCbnrKQgLUcIw"]},{"@type":"Person","@id":"https:\/\/seinesaintdenis.fr\/actualite\/#\/schema\/person\/c3f728fd708de8fb2ce6a6854e52268e","name":"Georges Makowski","image":{"@type":"ImageObject","inLanguage":"fr-FR","@id":"https:\/\/secure.gravatar.com\/avatar\/46b2f39325eb4f13bca1f2f3ef377aad0c59043ba486c9808789e35bd9a844ae?s=96&d=mm&r=g","url":"https:\/\/secure.gravatar.com\/avatar\/46b2f39325eb4f13bca1f2f3ef377aad0c59043ba486c9808789e35bd9a844ae?s=96&d=mm&r=g","contentUrl":"https:\/\/secure.gravatar.com\/avatar\/46b2f39325eb4f13bca1f2f3ef377aad0c59043ba486c9808789e35bd9a844ae?s=96&d=mm&r=g","caption":"Georges Makowski"},"url":"https:\/\/seinesaintdenis.fr\/actualite\/author\/gmakowski\/"}]}},"_links":{"self":[{"href":"https:\/\/seinesaintdenis.fr\/actualite\/wp-json\/wp\/v2\/posts\/1443","targetHints":{"allow":["GET"]}}],"collection":[{"href":"https:\/\/seinesaintdenis.fr\/actualite\/wp-json\/wp\/v2\/posts"}],"about":[{"href":"https:\/\/seinesaintdenis.fr\/actualite\/wp-json\/wp\/v2\/types\/post"}],"author":[{"embeddable":true,"href":"https:\/\/seinesaintdenis.fr\/actualite\/wp-json\/wp\/v2\/users\/13"}],"replies":[{"embeddable":true,"href":"https:\/\/seinesaintdenis.fr\/actualite\/wp-json\/wp\/v2\/comments?post=1443"}],"version-history":[{"count":3,"href":"https:\/\/seinesaintdenis.fr\/actualite\/wp-json\/wp\/v2\/posts\/1443\/revisions"}],"predecessor-version":[{"id":18942,"href":"https:\/\/seinesaintdenis.fr\/actualite\/wp-json\/wp\/v2\/posts\/1443\/revisions\/18942"}],"wp:featuredmedia":[{"embeddable":true,"href":"https:\/\/seinesaintdenis.fr\/actualite\/wp-json\/wp\/v2\/media\/18939"}],"wp:attachment":[{"href":"https:\/\/seinesaintdenis.fr\/actualite\/wp-json\/wp\/v2\/media?parent=1443"}],"wp:term":[{"taxonomy":"category","embeddable":true,"href":"https:\/\/seinesaintdenis.fr\/actualite\/wp-json\/wp\/v2\/categories?post=1443"},{"taxonomy":"ville","embeddable":true,"href":"https:\/\/seinesaintdenis.fr\/actualite\/wp-json\/wp\/v2\/ville?post=1443"}],"curies":[{"name":"wp","href":"https:\/\/api.w.org\/{rel}","templated":true}]}}