{"id":14358,"date":"2024-03-20T10:26:37","date_gmt":"2024-03-20T09:26:37","guid":{"rendered":"https:\/\/seinesaintdenis.fr\/actualite\/?p=14358"},"modified":"2024-03-20T10:43:02","modified_gmt":"2024-03-20T09:43:02","slug":"Humour-en-Seine-pour-rire-ensemble","status":"publish","type":"post","link":"https:\/\/seinesaintdenis.fr\/actualite\/culture-patrimoine\/Humour-en-Seine-pour-rire-ensemble\/","title":{"rendered":"\u00ab\u00a0Humour en Seine\u00a0\u00bb pour rire ensemble"},"content":{"rendered":"","protected":false},"excerpt":{"rendered":"","protected":false},"author":16,"featured_media":14359,"comment_status":"open","ping_status":"open","sticky":false,"template":"","format":"standard","meta":{"_acf_changed":false,"footnotes":""},"categories":[9],"ville":[87],"class_list":["post-14358","post","type-post","status-publish","format-standard","has-post-thumbnail","hentry","category-culture-patrimoine"],"acf":[],"yoast_head":"<!-- This site is optimized with the Yoast SEO plugin v27.5 - https:\/\/yoast.com\/product\/yoast-seo-wordpress\/ -->\n<title>&quot;Humour en Seine&quot; pour rire ensemble - Seine-Saint-Denis - L&#039;actualit\u00e9 du d\u00e9partement<\/title>\n<meta name=\"description\" content=\"Qui sont les futurs talents de l&#039;humour en Seine-Saint-Denis ? Lors d&#039;un tremplin, organis\u00e9 par le D\u00e9partement, huit apprentis humoristes pr\u00e9alablement sel\u00e8ctionn\u00e9\u00b7e\u00b7s, ont particip\u00e9 \u00e0 une r\u00e9sidence d&#039;artistes et une soir\u00e9e stand up. D\u00e9couvrez en vid\u00e9o ces nouveaux talents venus sur sc\u00e8ne faire rire le public du Trianon de Romainville\" \/>\n<meta name=\"robots\" content=\"index, follow, max-snippet:-1, max-image-preview:large, max-video-preview:-1\" \/>\n<link rel=\"canonical\" href=\"https:\/\/seinesaintdenis.fr\/actualite\/culture-patrimoine\/Humour-en-Seine-pour-rire-ensemble\/\" \/>\n<meta property=\"og:locale\" content=\"fr_FR\" \/>\n<meta property=\"og:type\" content=\"article\" \/>\n<meta property=\"og:title\" content=\"&quot;Humour en Seine&quot; pour rire ensemble - Seine-Saint-Denis - L&#039;actualit\u00e9 du d\u00e9partement\" \/>\n<meta property=\"og:description\" content=\"Qui sont les futurs talents de l&#039;humour en Seine-Saint-Denis ? Lors d&#039;un tremplin, organis\u00e9 par le D\u00e9partement, huit apprentis humoristes pr\u00e9alablement sel\u00e8ctionn\u00e9\u00b7e\u00b7s, ont particip\u00e9 \u00e0 une r\u00e9sidence d&#039;artistes et une soir\u00e9e stand up. D\u00e9couvrez en vid\u00e9o ces nouveaux talents venus sur sc\u00e8ne faire rire le public du Trianon de Romainville\" \/>\n<meta property=\"og:url\" content=\"https:\/\/seinesaintdenis.fr\/actualite\/culture-patrimoine\/Humour-en-Seine-pour-rire-ensemble\/\" \/>\n<meta property=\"og:site_name\" content=\"Seine-Saint-Denis - L&#039;actualit\u00e9 du d\u00e9partement\" \/>\n<meta property=\"article:publisher\" content=\"https:\/\/www.facebook.com\/seinesaintdenisledepartement\" \/>\n<meta property=\"article:published_time\" content=\"2024-03-20T09:26:37+00:00\" \/>\n<meta property=\"article:modified_time\" content=\"2024-03-20T09:43:02+00:00\" \/>\n<meta property=\"og:image\" content=\"https:\/\/seinesaintdenis.fr\/actualite\/wp-content\/uploads\/2024\/03\/vignette-ssdfr.png\" \/>\n\t<meta property=\"og:image:width\" content=\"1090\" \/>\n\t<meta property=\"og:image:height\" content=\"560\" \/>\n\t<meta property=\"og:image:type\" content=\"image\/png\" \/>\n<meta name=\"author\" content=\"Berenice Laroche\" \/>\n<meta name=\"twitter:card\" content=\"summary_large_image\" \/>\n<meta name=\"twitter:creator\" content=\"@seinesaintdenis\" \/>\n<meta name=\"twitter:site\" content=\"@seinesaintdenis\" \/>\n<meta name=\"twitter:label1\" content=\"\u00c9crit par\" \/>\n\t<meta name=\"twitter:data1\" content=\"Berenice Laroche\" \/>\n<script type=\"application\/ld+json\" class=\"yoast-schema-graph\">{\"@context\":\"https:\\\/\\\/schema.org\",\"@graph\":[{\"@type\":\"Article\",\"@id\":\"https:\\\/\\\/seinesaintdenis.fr\\\/actualite\\\/culture-patrimoine\\\/Humour-en-Seine-pour-rire-ensemble\\\/#article\",\"isPartOf\":{\"@id\":\"https:\\\/\\\/seinesaintdenis.fr\\\/actualite\\\/culture-patrimoine\\\/Humour-en-Seine-pour-rire-ensemble\\\/\"},\"author\":{\"name\":\"Berenice Laroche\",\"@id\":\"https:\\\/\\\/seinesaintdenis.fr\\\/actualite\\\/#\\\/schema\\\/person\\\/094b69b23d1a58ad936dde94f5e54103\"},\"headline\":\"\u00ab\u00a0Humour en Seine\u00a0\u00bb pour rire ensemble\",\"datePublished\":\"2024-03-20T09:26:37+00:00\",\"dateModified\":\"2024-03-20T09:43:02+00:00\",\"mainEntityOfPage\":{\"@id\":\"https:\\\/\\\/seinesaintdenis.fr\\\/actualite\\\/culture-patrimoine\\\/Humour-en-Seine-pour-rire-ensemble\\\/\"},\"wordCount\":6,\"commentCount\":0,\"publisher\":{\"@id\":\"https:\\\/\\\/seinesaintdenis.fr\\\/actualite\\\/#organization\"},\"image\":{\"@id\":\"https:\\\/\\\/seinesaintdenis.fr\\\/actualite\\\/culture-patrimoine\\\/Humour-en-Seine-pour-rire-ensemble\\\/#primaryimage\"},\"thumbnailUrl\":\"https:\\\/\\\/seinesaintdenis.fr\\\/actualite\\\/wp-content\\\/uploads\\\/2024\\\/03\\\/vignette-ssdfr.png\",\"articleSection\":[\"Culture &amp; Patrimoine\"],\"inLanguage\":\"fr-FR\",\"potentialAction\":[{\"@type\":\"CommentAction\",\"name\":\"Comment\",\"target\":[\"https:\\\/\\\/seinesaintdenis.fr\\\/actualite\\\/culture-patrimoine\\\/Humour-en-Seine-pour-rire-ensemble\\\/#respond\"]}]},{\"@type\":\"WebPage\",\"@id\":\"https:\\\/\\\/seinesaintdenis.fr\\\/actualite\\\/culture-patrimoine\\\/Humour-en-Seine-pour-rire-ensemble\\\/\",\"url\":\"https:\\\/\\\/seinesaintdenis.fr\\\/actualite\\\/culture-patrimoine\\\/Humour-en-Seine-pour-rire-ensemble\\\/\",\"name\":\"\\\"Humour en Seine\\\" pour rire ensemble - Seine-Saint-Denis - L&#039;actualit\u00e9 du d\u00e9partement\",\"isPartOf\":{\"@id\":\"https:\\\/\\\/seinesaintdenis.fr\\\/actualite\\\/#website\"},\"primaryImageOfPage\":{\"@id\":\"https:\\\/\\\/seinesaintdenis.fr\\\/actualite\\\/culture-patrimoine\\\/Humour-en-Seine-pour-rire-ensemble\\\/#primaryimage\"},\"image\":{\"@id\":\"https:\\\/\\\/seinesaintdenis.fr\\\/actualite\\\/culture-patrimoine\\\/Humour-en-Seine-pour-rire-ensemble\\\/#primaryimage\"},\"thumbnailUrl\":\"https:\\\/\\\/seinesaintdenis.fr\\\/actualite\\\/wp-content\\\/uploads\\\/2024\\\/03\\\/vignette-ssdfr.png\",\"datePublished\":\"2024-03-20T09:26:37+00:00\",\"dateModified\":\"2024-03-20T09:43:02+00:00\",\"description\":\"Qui sont les futurs talents de l'humour en Seine-Saint-Denis ? Lors d'un tremplin, organis\u00e9 par le D\u00e9partement, huit apprentis humoristes pr\u00e9alablement sel\u00e8ctionn\u00e9\u00b7e\u00b7s, ont particip\u00e9 \u00e0 une r\u00e9sidence d'artistes et une soir\u00e9e stand up. D\u00e9couvrez en vid\u00e9o ces nouveaux talents venus sur sc\u00e8ne faire rire le public du Trianon de Romainville\",\"breadcrumb\":{\"@id\":\"https:\\\/\\\/seinesaintdenis.fr\\\/actualite\\\/culture-patrimoine\\\/Humour-en-Seine-pour-rire-ensemble\\\/#breadcrumb\"},\"inLanguage\":\"fr-FR\",\"potentialAction\":[{\"@type\":\"ReadAction\",\"target\":[\"https:\\\/\\\/seinesaintdenis.fr\\\/actualite\\\/culture-patrimoine\\\/Humour-en-Seine-pour-rire-ensemble\\\/\"]}]},{\"@type\":\"ImageObject\",\"inLanguage\":\"fr-FR\",\"@id\":\"https:\\\/\\\/seinesaintdenis.fr\\\/actualite\\\/culture-patrimoine\\\/Humour-en-Seine-pour-rire-ensemble\\\/#primaryimage\",\"url\":\"https:\\\/\\\/seinesaintdenis.fr\\\/actualite\\\/wp-content\\\/uploads\\\/2024\\\/03\\\/vignette-ssdfr.png\",\"contentUrl\":\"https:\\\/\\\/seinesaintdenis.fr\\\/actualite\\\/wp-content\\\/uploads\\\/2024\\\/03\\\/vignette-ssdfr.png\",\"width\":1090,\"height\":560},{\"@type\":\"BreadcrumbList\",\"@id\":\"https:\\\/\\\/seinesaintdenis.fr\\\/actualite\\\/culture-patrimoine\\\/Humour-en-Seine-pour-rire-ensemble\\\/#breadcrumb\",\"itemListElement\":[{\"@type\":\"ListItem\",\"position\":1,\"name\":\"Accueil\",\"item\":\"https:\\\/\\\/seinesaintdenis.fr\\\/actualite\\\/\"},{\"@type\":\"ListItem\",\"position\":2,\"name\":\"Culture &amp; Patrimoine\",\"item\":\"https:\\\/\\\/seinesaintdenis.fr\\\/actualite\\\/culture-patrimoine\\\/\"},{\"@type\":\"ListItem\",\"position\":3,\"name\":\"\u00ab\u00a0Humour en Seine\u00a0\u00bb pour rire ensemble\"}]},{\"@type\":\"WebSite\",\"@id\":\"https:\\\/\\\/seinesaintdenis.fr\\\/actualite\\\/#website\",\"url\":\"https:\\\/\\\/seinesaintdenis.fr\\\/actualite\\\/\",\"name\":\"Seine-Saint-Denis - L'actualit\u00e9 du d\u00e9partement\",\"description\":\"L&#039;actualit\u00e9 du D\u00e9partement de la Seine-Saint-Denis\",\"publisher\":{\"@id\":\"https:\\\/\\\/seinesaintdenis.fr\\\/actualite\\\/#organization\"},\"potentialAction\":[{\"@type\":\"SearchAction\",\"target\":{\"@type\":\"EntryPoint\",\"urlTemplate\":\"https:\\\/\\\/seinesaintdenis.fr\\\/actualite\\\/?s={search_term_string}\"},\"query-input\":{\"@type\":\"PropertyValueSpecification\",\"valueRequired\":true,\"valueName\":\"search_term_string\"}}],\"inLanguage\":\"fr-FR\"},{\"@type\":\"Organization\",\"@id\":\"https:\\\/\\\/seinesaintdenis.fr\\\/actualite\\\/#organization\",\"name\":\"Seine-Saint-Denis - Le D\u00e9partement\",\"url\":\"https:\\\/\\\/seinesaintdenis.fr\\\/actualite\\\/\",\"logo\":{\"@type\":\"ImageObject\",\"inLanguage\":\"fr-FR\",\"@id\":\"https:\\\/\\\/seinesaintdenis.fr\\\/actualite\\\/#\\\/schema\\\/logo\\\/image\\\/\",\"url\":\"https:\\\/\\\/seinesaintdenis.fr\\\/actualite\\\/wp-content\\\/uploads\\\/2024\\\/08\\\/logo.png\",\"contentUrl\":\"https:\\\/\\\/seinesaintdenis.fr\\\/actualite\\\/wp-content\\\/uploads\\\/2024\\\/08\\\/logo.png\",\"width\":567,\"height\":172,\"caption\":\"Seine-Saint-Denis - Le D\u00e9partement\"},\"image\":{\"@id\":\"https:\\\/\\\/seinesaintdenis.fr\\\/actualite\\\/#\\\/schema\\\/logo\\\/image\\\/\"},\"sameAs\":[\"https:\\\/\\\/www.facebook.com\\\/seinesaintdenisledepartement\",\"https:\\\/\\\/x.com\\\/seinesaintdenis\",\"https:\\\/\\\/www.linkedin.com\\\/company\\\/seinesaintdenis\",\"https:\\\/\\\/www.instagram.com\\\/seine_saint_denis\\\/\",\"https:\\\/\\\/www.youtube.com\\\/channel\\\/UCR5YF9NnqiLCbnrKQgLUcIw\"]},{\"@type\":\"Person\",\"@id\":\"https:\\\/\\\/seinesaintdenis.fr\\\/actualite\\\/#\\\/schema\\\/person\\\/094b69b23d1a58ad936dde94f5e54103\",\"name\":\"Berenice Laroche\",\"image\":{\"@type\":\"ImageObject\",\"inLanguage\":\"fr-FR\",\"@id\":\"https:\\\/\\\/secure.gravatar.com\\\/avatar\\\/88924a68119c7c674302ce58c78b7176e0d79b37782e9d304aba71a4d6045f4b?s=96&d=mm&r=g\",\"url\":\"https:\\\/\\\/secure.gravatar.com\\\/avatar\\\/88924a68119c7c674302ce58c78b7176e0d79b37782e9d304aba71a4d6045f4b?s=96&d=mm&r=g\",\"contentUrl\":\"https:\\\/\\\/secure.gravatar.com\\\/avatar\\\/88924a68119c7c674302ce58c78b7176e0d79b37782e9d304aba71a4d6045f4b?s=96&d=mm&r=g\",\"caption\":\"Berenice Laroche\"},\"url\":\"https:\\\/\\\/seinesaintdenis.fr\\\/actualite\\\/author\\\/blarochegilquin\\\/\"}]}<\/script>\n<!-- \/ Yoast SEO plugin. -->","yoast_head_json":{"title":"\"Humour en Seine\" pour rire ensemble - Seine-Saint-Denis - L&#039;actualit\u00e9 du d\u00e9partement","description":"Qui sont les futurs talents de l'humour en Seine-Saint-Denis ? Lors d'un tremplin, organis\u00e9 par le D\u00e9partement, huit apprentis humoristes pr\u00e9alablement sel\u00e8ctionn\u00e9\u00b7e\u00b7s, ont particip\u00e9 \u00e0 une r\u00e9sidence d'artistes et une soir\u00e9e stand up. D\u00e9couvrez en vid\u00e9o ces nouveaux talents venus sur sc\u00e8ne faire rire le public du Trianon de Romainville","robots":{"index":"index","follow":"follow","max-snippet":"max-snippet:-1","max-image-preview":"max-image-preview:large","max-video-preview":"max-video-preview:-1"},"canonical":"https:\/\/seinesaintdenis.fr\/actualite\/culture-patrimoine\/Humour-en-Seine-pour-rire-ensemble\/","og_locale":"fr_FR","og_type":"article","og_title":"\"Humour en Seine\" pour rire ensemble - Seine-Saint-Denis - L&#039;actualit\u00e9 du d\u00e9partement","og_description":"Qui sont les futurs talents de l'humour en Seine-Saint-Denis ? Lors d'un tremplin, organis\u00e9 par le D\u00e9partement, huit apprentis humoristes pr\u00e9alablement sel\u00e8ctionn\u00e9\u00b7e\u00b7s, ont particip\u00e9 \u00e0 une r\u00e9sidence d'artistes et une soir\u00e9e stand up. D\u00e9couvrez en vid\u00e9o ces nouveaux talents venus sur sc\u00e8ne faire rire le public du Trianon de Romainville","og_url":"https:\/\/seinesaintdenis.fr\/actualite\/culture-patrimoine\/Humour-en-Seine-pour-rire-ensemble\/","og_site_name":"Seine-Saint-Denis - L&#039;actualit\u00e9 du d\u00e9partement","article_publisher":"https:\/\/www.facebook.com\/seinesaintdenisledepartement","article_published_time":"2024-03-20T09:26:37+00:00","article_modified_time":"2024-03-20T09:43:02+00:00","og_image":[{"width":1090,"height":560,"url":"https:\/\/seinesaintdenis.fr\/actualite\/wp-content\/uploads\/2024\/03\/vignette-ssdfr.png","type":"image\/png"}],"author":"Berenice Laroche","twitter_card":"summary_large_image","twitter_creator":"@seinesaintdenis","twitter_site":"@seinesaintdenis","twitter_misc":{"\u00c9crit par":"Berenice Laroche"},"schema":{"@context":"https:\/\/schema.org","@graph":[{"@type":"Article","@id":"https:\/\/seinesaintdenis.fr\/actualite\/culture-patrimoine\/Humour-en-Seine-pour-rire-ensemble\/#article","isPartOf":{"@id":"https:\/\/seinesaintdenis.fr\/actualite\/culture-patrimoine\/Humour-en-Seine-pour-rire-ensemble\/"},"author":{"name":"Berenice Laroche","@id":"https:\/\/seinesaintdenis.fr\/actualite\/#\/schema\/person\/094b69b23d1a58ad936dde94f5e54103"},"headline":"\u00ab\u00a0Humour en Seine\u00a0\u00bb pour rire ensemble","datePublished":"2024-03-20T09:26:37+00:00","dateModified":"2024-03-20T09:43:02+00:00","mainEntityOfPage":{"@id":"https:\/\/seinesaintdenis.fr\/actualite\/culture-patrimoine\/Humour-en-Seine-pour-rire-ensemble\/"},"wordCount":6,"commentCount":0,"publisher":{"@id":"https:\/\/seinesaintdenis.fr\/actualite\/#organization"},"image":{"@id":"https:\/\/seinesaintdenis.fr\/actualite\/culture-patrimoine\/Humour-en-Seine-pour-rire-ensemble\/#primaryimage"},"thumbnailUrl":"https:\/\/seinesaintdenis.fr\/actualite\/wp-content\/uploads\/2024\/03\/vignette-ssdfr.png","articleSection":["Culture &amp; Patrimoine"],"inLanguage":"fr-FR","potentialAction":[{"@type":"CommentAction","name":"Comment","target":["https:\/\/seinesaintdenis.fr\/actualite\/culture-patrimoine\/Humour-en-Seine-pour-rire-ensemble\/#respond"]}]},{"@type":"WebPage","@id":"https:\/\/seinesaintdenis.fr\/actualite\/culture-patrimoine\/Humour-en-Seine-pour-rire-ensemble\/","url":"https:\/\/seinesaintdenis.fr\/actualite\/culture-patrimoine\/Humour-en-Seine-pour-rire-ensemble\/","name":"\"Humour en Seine\" pour rire ensemble - Seine-Saint-Denis - L&#039;actualit\u00e9 du d\u00e9partement","isPartOf":{"@id":"https:\/\/seinesaintdenis.fr\/actualite\/#website"},"primaryImageOfPage":{"@id":"https:\/\/seinesaintdenis.fr\/actualite\/culture-patrimoine\/Humour-en-Seine-pour-rire-ensemble\/#primaryimage"},"image":{"@id":"https:\/\/seinesaintdenis.fr\/actualite\/culture-patrimoine\/Humour-en-Seine-pour-rire-ensemble\/#primaryimage"},"thumbnailUrl":"https:\/\/seinesaintdenis.fr\/actualite\/wp-content\/uploads\/2024\/03\/vignette-ssdfr.png","datePublished":"2024-03-20T09:26:37+00:00","dateModified":"2024-03-20T09:43:02+00:00","description":"Qui sont les futurs talents de l'humour en Seine-Saint-Denis ? Lors d'un tremplin, organis\u00e9 par le D\u00e9partement, huit apprentis humoristes pr\u00e9alablement sel\u00e8ctionn\u00e9\u00b7e\u00b7s, ont particip\u00e9 \u00e0 une r\u00e9sidence d'artistes et une soir\u00e9e stand up. D\u00e9couvrez en vid\u00e9o ces nouveaux talents venus sur sc\u00e8ne faire rire le public du Trianon de Romainville","breadcrumb":{"@id":"https:\/\/seinesaintdenis.fr\/actualite\/culture-patrimoine\/Humour-en-Seine-pour-rire-ensemble\/#breadcrumb"},"inLanguage":"fr-FR","potentialAction":[{"@type":"ReadAction","target":["https:\/\/seinesaintdenis.fr\/actualite\/culture-patrimoine\/Humour-en-Seine-pour-rire-ensemble\/"]}]},{"@type":"ImageObject","inLanguage":"fr-FR","@id":"https:\/\/seinesaintdenis.fr\/actualite\/culture-patrimoine\/Humour-en-Seine-pour-rire-ensemble\/#primaryimage","url":"https:\/\/seinesaintdenis.fr\/actualite\/wp-content\/uploads\/2024\/03\/vignette-ssdfr.png","contentUrl":"https:\/\/seinesaintdenis.fr\/actualite\/wp-content\/uploads\/2024\/03\/vignette-ssdfr.png","width":1090,"height":560},{"@type":"BreadcrumbList","@id":"https:\/\/seinesaintdenis.fr\/actualite\/culture-patrimoine\/Humour-en-Seine-pour-rire-ensemble\/#breadcrumb","itemListElement":[{"@type":"ListItem","position":1,"name":"Accueil","item":"https:\/\/seinesaintdenis.fr\/actualite\/"},{"@type":"ListItem","position":2,"name":"Culture &amp; Patrimoine","item":"https:\/\/seinesaintdenis.fr\/actualite\/culture-patrimoine\/"},{"@type":"ListItem","position":3,"name":"\u00ab\u00a0Humour en Seine\u00a0\u00bb pour rire ensemble"}]},{"@type":"WebSite","@id":"https:\/\/seinesaintdenis.fr\/actualite\/#website","url":"https:\/\/seinesaintdenis.fr\/actualite\/","name":"Seine-Saint-Denis - L'actualit\u00e9 du d\u00e9partement","description":"L&#039;actualit\u00e9 du D\u00e9partement de la Seine-Saint-Denis","publisher":{"@id":"https:\/\/seinesaintdenis.fr\/actualite\/#organization"},"potentialAction":[{"@type":"SearchAction","target":{"@type":"EntryPoint","urlTemplate":"https:\/\/seinesaintdenis.fr\/actualite\/?s={search_term_string}"},"query-input":{"@type":"PropertyValueSpecification","valueRequired":true,"valueName":"search_term_string"}}],"inLanguage":"fr-FR"},{"@type":"Organization","@id":"https:\/\/seinesaintdenis.fr\/actualite\/#organization","name":"Seine-Saint-Denis - Le D\u00e9partement","url":"https:\/\/seinesaintdenis.fr\/actualite\/","logo":{"@type":"ImageObject","inLanguage":"fr-FR","@id":"https:\/\/seinesaintdenis.fr\/actualite\/#\/schema\/logo\/image\/","url":"https:\/\/seinesaintdenis.fr\/actualite\/wp-content\/uploads\/2024\/08\/logo.png","contentUrl":"https:\/\/seinesaintdenis.fr\/actualite\/wp-content\/uploads\/2024\/08\/logo.png","width":567,"height":172,"caption":"Seine-Saint-Denis - Le D\u00e9partement"},"image":{"@id":"https:\/\/seinesaintdenis.fr\/actualite\/#\/schema\/logo\/image\/"},"sameAs":["https:\/\/www.facebook.com\/seinesaintdenisledepartement","https:\/\/x.com\/seinesaintdenis","https:\/\/www.linkedin.com\/company\/seinesaintdenis","https:\/\/www.instagram.com\/seine_saint_denis\/","https:\/\/www.youtube.com\/channel\/UCR5YF9NnqiLCbnrKQgLUcIw"]},{"@type":"Person","@id":"https:\/\/seinesaintdenis.fr\/actualite\/#\/schema\/person\/094b69b23d1a58ad936dde94f5e54103","name":"Berenice Laroche","image":{"@type":"ImageObject","inLanguage":"fr-FR","@id":"https:\/\/secure.gravatar.com\/avatar\/88924a68119c7c674302ce58c78b7176e0d79b37782e9d304aba71a4d6045f4b?s=96&d=mm&r=g","url":"https:\/\/secure.gravatar.com\/avatar\/88924a68119c7c674302ce58c78b7176e0d79b37782e9d304aba71a4d6045f4b?s=96&d=mm&r=g","contentUrl":"https:\/\/secure.gravatar.com\/avatar\/88924a68119c7c674302ce58c78b7176e0d79b37782e9d304aba71a4d6045f4b?s=96&d=mm&r=g","caption":"Berenice Laroche"},"url":"https:\/\/seinesaintdenis.fr\/actualite\/author\/blarochegilquin\/"}]}},"_links":{"self":[{"href":"https:\/\/seinesaintdenis.fr\/actualite\/wp-json\/wp\/v2\/posts\/14358","targetHints":{"allow":["GET"]}}],"collection":[{"href":"https:\/\/seinesaintdenis.fr\/actualite\/wp-json\/wp\/v2\/posts"}],"about":[{"href":"https:\/\/seinesaintdenis.fr\/actualite\/wp-json\/wp\/v2\/types\/post"}],"author":[{"embeddable":true,"href":"https:\/\/seinesaintdenis.fr\/actualite\/wp-json\/wp\/v2\/users\/16"}],"replies":[{"embeddable":true,"href":"https:\/\/seinesaintdenis.fr\/actualite\/wp-json\/wp\/v2\/comments?post=14358"}],"version-history":[{"count":5,"href":"https:\/\/seinesaintdenis.fr\/actualite\/wp-json\/wp\/v2\/posts\/14358\/revisions"}],"predecessor-version":[{"id":14376,"href":"https:\/\/seinesaintdenis.fr\/actualite\/wp-json\/wp\/v2\/posts\/14358\/revisions\/14376"}],"wp:featuredmedia":[{"embeddable":true,"href":"https:\/\/seinesaintdenis.fr\/actualite\/wp-json\/wp\/v2\/media\/14359"}],"wp:attachment":[{"href":"https:\/\/seinesaintdenis.fr\/actualite\/wp-json\/wp\/v2\/media?parent=14358"}],"wp:term":[{"taxonomy":"category","embeddable":true,"href":"https:\/\/seinesaintdenis.fr\/actualite\/wp-json\/wp\/v2\/categories?post=14358"},{"taxonomy":"ville","embeddable":true,"href":"https:\/\/seinesaintdenis.fr\/actualite\/wp-json\/wp\/v2\/ville?post=14358"}],"curies":[{"name":"wp","href":"https:\/\/api.w.org\/{rel}","templated":true}]}}