{"id":1429,"date":"2022-09-26T13:58:24","date_gmt":"2022-09-26T13:58:24","guid":{"rendered":"https:\/\/seinesaintdenis.fr\/actualite\/uncategorized\/Comment-la-Seine-Saint-Denis-est-devenue-terre-de-rugby\/"},"modified":"2023-05-09T07:26:39","modified_gmt":"2023-05-09T07:26:39","slug":"Comment-la-Seine-Saint-Denis-est-devenue-terre-de-rugby","status":"publish","type":"post","link":"https:\/\/seinesaintdenis.fr\/actualite\/sport-loisirs\/Comment-la-Seine-Saint-Denis-est-devenue-terre-de-rugby\/","title":{"rendered":"Comment la Seine-Saint-Denis est devenue terre de rugby"},"content":{"rendered":"<p>Sur le terrain, Fatou plaque, gratte le ballon et reprend sa position. Sous son maillot gris de la classe rugby Jean-Jaur\u00e8s Pantin, elle a fi\u00e8re allure. Entre deux matches du tournoi UNSS (Union Nationale du Sport Scolaire) organis\u00e9 ce mercredi de fin septembre au stade du Moulin-Neuf \u00e0 Aulnay, la jeune \u00e9l\u00e8ve de 5e prend le temps de nous raconter comment elle en est venue \u00e0 jouer au rugby\u00a0: <i>\u00ab\u00a0De ma fen\u00eatre, \u00e0 Pantin, je vois le stade Raoul-Montbrand, donc j\u2019ai commenc\u00e9 \u00e0 regarder des matches de rugby. Arriv\u00e9e en 6e, des copines \u00e0 moi se sont inscrites en classe rugby, donc j\u2019ai d\u00e9cid\u00e9 de les suivre cette ann\u00e9e. J\u2019aime bien plaquer. Quand je plaque, toute ma col\u00e8re s\u2019enl\u00e8ve. Et puis, c\u2019est une mani\u00e8re d\u2019\u00eatre avec les copines.\u00a0\u00bb<\/i><\/p>\n<h3 class=\"spip\"><i>\u00ab\u00a0Ca pousse fort\u00a0\u00bb<\/i><\/h3>\n<figure class=\"spip_document_16071 spip_documents spip_documents_center media media_image media_image_jpg\"><img loading=\"lazy\" decoding=\"async\" src=\"IMG\/jpg\/pierre-semard-rugby.jpg\" alt=\"JPEG - 91.1 ko\" width=\"760\" height=\"412\" \/><\/figure>\n<p>Depuis cette ann\u00e9e, Fatou fait donc partie de la section sportive du coll\u00e8ge Jean-Jaur\u00e8s de Pantin, dirig\u00e9e par Lucien Midelet. Au m\u00eame titre que d\u2019autres coll\u00e8gues, celui-ci constate que <i>\u00ab\u00a0\u00e7a pousse fort en mati\u00e8re de rugby\u00a0\u00bb<\/i> ces derni\u00e8res ann\u00e9es, particuli\u00e8rement chez les filles. <br class=\"autobr\" \/>Des inscriptions en club reparties \u00e0 la hausse apr\u00e8s le Covid (de 3320 licences en 2017 \u00e0 3500 licences en 2021), de tr\u00e8s bons r\u00e9sultats en sport scolaire, et des \u00e9l\u00e9ments du 93 qui se frayent un chemin jusqu\u2019en \u00e9quipe de France\u00a0: <a class=\"spip_in\" href=\"Yacouba-Camara-un-titre-aussi-pour-Bobigny\">Yacouba Camara<\/a>, <a class=\"spip_in\" href=\"Cameron-Woki-Bobi-boy-3311\">Cameron Woki<\/a>, <a class=\"spip_in\" href=\"Demba-Bamba-pilier-de-Saint-Denis\">Demba Bamba<\/a> chez les hommes\u00a0; Joanna Grisez et <a class=\"spip_in\" href=\"Yllana-Brosseau-aux-portes-du-reve\">Yllana Brosseau<\/a> (encore joueuses de l\u2019AC Bobigny 93), Madoussou Fall et Julie Annery (form\u00e9es \u00e0 Bobigny) chez les femmes\u2026 Et si la Seine-Saint-Denis \u00e9tait devenue une terre de rugby\u00a0?<\/p>\n<h3 class=\"spip\">Le rugby f\u00e9minin en plein essor<\/h3>\n<p><i>\u00ab\u00a0Pour les filles, oui, \u00e7a ne me semble pas exag\u00e9r\u00e9 de le dire. Chez les gar\u00e7ons, c\u2019est plus difficile car on subit la concurrence du foot\u00a0\u00bb<\/i>, estime Alexandre Gau, responsable de la section sportive rugby au coll\u00e8ge Pierre-S\u00e9mard de Bobigny.<br class=\"autobr\" \/>Et d\u2019expliquer\u00a0: <i>\u00ab\u00a0Dans les milieux populaires, les filles sont peut-\u00eatre moins attendues pour s\u2019illustrer dans le sport. Certains parents am\u00e8nent par exemple leurs gar\u00e7ons au foot, mais n\u2019attendent pas forc\u00e9ment leurs filles sur le terrain du sport. Or avec le rugby, on leur offre la possibilit\u00e9 de s\u2019\u00e9panouir et d\u2019\u00e9voluer au sein d\u2019un groupe. Et souvent, elles le saisissent pleinement\u00a0\u00bb<\/i>, constate celui qui est aussi entra\u00eeneur de l\u2019\u00e9quipe premi\u00e8re des Louves de Bobigny, qui \u00e9voluent au plus haut niveau national.<\/p>\n<h3 class=\"spip\">5 \u00ab\u00a0classes rugby\u00a0\u00bb, 27 associations sportives<\/h3>\n<figure class=\"spip_document_16074 spip_documents spip_documents_center media media_image media_image_jpg\"><img loading=\"lazy\" decoding=\"async\" src=\"IMG\/jpg\/gerard-philipe-rugby-2.jpg\" alt=\"JPEG - 116.3 ko\" width=\"760\" height=\"412\" \/><\/figure>\n<p>Face \u00e0 ce boom de la pratique, tous sont unanimes au moment d\u2019isoler le facteur d\u2019explication num\u00e9ro un\u00a0: la forte coh\u00e9sion entre sport scolaire et pratique en club.<br class=\"autobr\" \/><i>\u00ab\u00a0Les passerelles entre sport scolaire et club sont vraiment tr\u00e8s fluides. \u00c7a s\u2019explique notamment par le fait qu\u2019\u00e9norm\u00e9ment de profs de \u00ab\u00a0classe rugby\u00a0\u00bb<\/i> (des classes avec une pratique renforc\u00e9e de la discipline) <i>ont souvent la double casquette prof d\u2019EPS et responsable de club. Si on ajoute \u00e0 \u00e7a le fait qu\u2019en STAPS, certains profs tr\u00e8s investis rugby forment la g\u00e9n\u00e9ration suivante, cela produit un cercle vertueux\u00a0\u00bb<\/i>, r\u00e9sume Jean-Philippe Damie, directeur de l\u2019UNSS 93, qui peut se targuer de compter 5 \u00ab\u00a0classes rugby\u00a0\u00bb et 27 AS (des cr\u00e9neaux de pratique au sein des coll\u00e8ges et lyc\u00e9es). Avec des r\u00e9sultats tangibles\u00a0: la classe rugby minimes filles de Pablo-Neruda \u00e0 Aulnay championne de France en 2018, et Iqbal-Masih de Saint-Denis deuxi\u00e8me l\u2019ann\u00e9e derni\u00e8re.<br class=\"autobr\" \/><i>\u00ab\u00a0Dans aucune autre discipline, on ne domine autant en sport scolaire\u00a0\u00bb<\/i>, reprend Jean-Philippe Damie qui a donc fait le choix d\u2019organiser fin mai 2023 le championnat de France de rugby minimes filles, sur ce m\u00eame stade du Moulin-Neuf.<\/p>\n<h3 class=\"spip\">Les 20 ans des Louves<\/h3>\n<p>Cette histoire de va-et-vient entre sport scolaire et club, c\u2019est aussi celle qui a pr\u00e9destin\u00e9 \u00e0 la formation des Louves de Bobigny. Comme un symbole, cette \u00e9quipe f\u00eatera ses 20 ans en 2023, la m\u00eame ann\u00e9e que la Coupe du monde organis\u00e9e en France. <i>\u00ab\u00a0Au d\u00e9part, ce sont des profs de sport passionn\u00e9s de rugby, Marc-Henri Kugler, Fabien Antonelli ou moi-m\u00eame qui avons un peu \u00ab\u00a0import\u00e9\u00a0\u00bb la pratique \u00e0 la fac de Paris-XIII Bobigny<\/i>, raconte Jean-Luc Pussacq de sa voix rocailleuse. <i>D\u2019universitaire, la pratique s\u2019est ensuite \u00e9largie au club de Bobigny. Puis, le temps passant, au profil des filles de STAPS se sont ajout\u00e9es des filles du cru qu\u2019on forme de plus en plus t\u00f4t\u00a0\u00bb<\/i>, compl\u00e8te le pr\u00e9sident du Comit\u00e9 93 rugby.<\/p>\n<h3 class=\"spip\">4000 places achet\u00e9es par le D\u00e9partement<\/h3>\n<figure class=\"spip_document_16077 spip_documents spip_documents_center media media_image media_image_jpg\"><img loading=\"lazy\" decoding=\"async\" src=\"IMG\/jpg\/unss-93-rugby.jpg\" alt=\"JPEG - 113 ko\" width=\"760\" height=\"412\" \/><\/figure>\n<p>Histoire confirm\u00e9e au t\u00e9l\u00e9phone par Cl\u00e9mence Gueucier, joueuse des Louves pendant 14 ans et d\u00e9sormais devenue entra\u00eeneure des gar\u00e7ons U21 au Stade Fran\u00e7ais Paris. <i>\u00ab\u00a0Chez les filles, la pratique s\u2019est vraiment densifi\u00e9e en Seine-Saint-Denis. Gr\u00e2ce notamment au sport scolaire, les filles commencent \u00e0 jouer de plus en plus t\u00f4t. D\u00e9sormais, il n\u2019est pas rare qu\u2019une fille arrive en seniors avec 7 ans, voire 10 ans de pratique derri\u00e8re elle l\u00e0 o\u00f9 moi, en seniors, j\u2019avais jou\u00e9 une ann\u00e9e \u00e0 la fac&#8230;\u00a0\u00bb<\/i>, assure celle qui a aussi contribu\u00e9 \u00e0 mettre en place une structure destin\u00e9e aux potentiels de haut niveau sur le territoire. Depuis 2020, l\u2019Acad\u00e9mie P\u00f4le Espoirs d\u2019Aulnay, bas\u00e9e au lyc\u00e9e Voillaume, accueille ainsi chaque ann\u00e9e une dizaine de jeunes filles prometteuses en mati\u00e8re de rugby. Avec pour objectif de les laisser le plus longtemps possible dans le giron familial quand elles devaient auparavant partir pour le P\u00f4le Espoirs de Br\u00e9tigny, en Essonne&#8230;<\/p>\n<h3 class=\"spip\"><i>\u00ab\u00a0Aller voir des matches\u00a0\u00bb<\/i><\/h3>\n<figure class=\"spip_document_16073 spip_documents spip_documents_center media media_image media_image_jpg\"><img loading=\"lazy\" decoding=\"async\" src=\"IMG\/jpg\/gerard-philipe-rugby.jpg\" alt=\"JPEG - 85.4 ko\" width=\"760\" height=\"412\" \/><\/figure>\n<p>Et la Coupe du monde 2023, avec une \u00e9quipe de France dans une dynamique positive, peut-elle encore faire passer un palier au rugby de Seine-Saint-Denis\u00a0? La plupart des acteurs de l\u2019Ovalie en Seine-Saint-Denis s\u2019en disent convaincus, m\u00eame si certains y mettent une condition. <i>\u00ab\u00a0Pour que \u00e7a marche, il faut que les jeunes puissent vivre la Coupe du monde de l\u2019int\u00e9rieur, aller voir des matches pour se dire que ce n\u2019est pas que pour les autres\u00a0\u00bb<\/i>, pose Alexandre Gau. 4 000 places ont en tout cas \u00e9t\u00e9 achet\u00e9es par le Conseil d\u00e9partemental pour en faire profiter clubs et associations investies pour faire vivre le Mondial sur le territoire.<br class=\"autobr\" \/>Au bord du terrain, Sidi Mohamed, 14 ans et en section sportive \u00e0 G\u00e9rard-Philipe Aulnay, se prenait \u00e0 r\u00eaver. <i>\u00ab\u00a0Je suis fan d\u2019Antoine Dupont. Le voir au Stade de France face aux Blacks, j\u2019en r\u00eave tous les jours&#8230;\u00a0\u00bb<\/i><\/p>\n<p>Christophe Lehousse<br class=\"autobr\" \/>Photos\u00a0: \u00a9Sylvain Hitau<\/p>\n<div class=\"texteencadre-spip spip\">\n<h3 class=\"spip\">Pantin-Sao Paulo, voyage en ballon ovale<\/h3>\n<figure class=\"spip_document_16075 spip_documents spip_documents_center media media_image media_image_jpg\"><img loading=\"lazy\" decoding=\"async\" src=\"IMG\/jpg\/leoas.jpg\" alt=\"JPEG - 53.5 ko\" width=\"760\" height=\"412\" \/><\/figure>\n<p>Elles l\u2019appellent \u00ab\u00a0l\u2019essai du bout du monde\u00a0\u00bb. Et il est diablement long \u00e0 transformer. Depuis 2018, 12 joueuses du ROP, le club de rugby de Pantin, sont embarqu\u00e9es dans un projet un peu fou\u00a0: un \u00e9change avec les \u00ab\u00a0Leoas\u00a0\u00bb (les Lionnes) de Parais\u00f3polis, un club de rugby f\u00e9minin de la banlieue de Sao Paulo. <br class=\"autobr\" \/><a class=\"spip_in\" href=\"La-selection-franco-bresilienne-des-Leoas-pose-sa-griffe\">En juillet 2019, cette \u00e9quipe br\u00e9silienne f\u00e9minine, connue pour son impact b\u00e9n\u00e9fique sur la favela alentours, est venue pour un mois en France<\/a>, afin de rencontrer leurs correspondantes pantinoises, jouer avec elles dans le cadre d\u2019une tourn\u00e9e dans le sud de la France et d\u00e9couvrir la Seine-Saint-Denis. Une exp\u00e9rience d\u00e9j\u00e0 tr\u00e8s riche, grav\u00e9e dans le beau documentaire \u00ab\u00a0So Vai\u00a0\u00bb, d\u2019Emmanuel Saunier et Capucine Boutte, qui sera d\u2019ailleurs projet\u00e9 le 20 octobre au Cin\u00e9 104 de Pantin. <br class=\"autobr\" \/>La visite dans l\u2019autre sens \u00e9tait pr\u00e9vue pour d\u00e9cembre 2020, mais M.Covid est pass\u00e9 par l\u00e0. En v\u00e9ritables battantes, Fatuma, Maba ou encore Prodiges n\u2019ont pourtant pas l\u00e2ch\u00e9 le morceau et embarqueront en cette fin d\u2019ann\u00e9e pour le Br\u00e9sil. Au programme\u00a0: du temps pass\u00e9 dans les familles br\u00e9siliennes, la visite d\u2019une \u00e9cole de samba de Sao Paulo et bien s\u00fbr du rugby, en compagnie de l\u2019Instituto de rugby para todos. Ce club, nich\u00e9 au c\u0153ur de la favela de Parais\u00f3polis, s\u2019appuie depuis de longues ann\u00e9es sur le ballon ovale pour y sensibiliser aux notions d\u2019\u00e9galit\u00e9 filles-gar\u00e7ons ou faire de l\u2019insertion professionnelle. <i>\u00ab\u00a0La venue des Br\u00e9siliennes en 2019 a d\u00e9j\u00e0 fait bouger beaucoup de choses\u00a0: les participantes au projet ont \u00e9largi leurs horizons, certaines filles ont compris \u00e0 quel point les repr\u00e9sentations du monde, les rapports au corps \u00e9taient divers. L\u00e0, c\u2019est la r\u00e9compense ultime qui attend les filles qui n\u2019ont pas l\u00e2ch\u00e9 malgr\u00e9 les al\u00e9as du Covid.\u00a0\u00bb<\/i>, se r\u00e9jouissait Lucien Midelet, entra\u00eeneur au ROP \u00e0 l\u2019origine du projet. D\u00e9part aux alentours du 17 ou 19 d\u00e9cembre pour Sao Paulo. Cette ann\u00e9e, pour certaines Pantinoises, le p\u00e8re No\u00ebl parlera portugais&#8230;<\/p>\n<\/div>\n<p><strong>&#8211; \u00ab\u00a0So Vai\u00a0\u00bb, documentaire d\u2019Emmanuel Saunier et Capucine Boutte, revient sur l\u2019aventure commune des filles du Rugby Olympique Pantin et des Lionnes de Paraisopolis, le 20 octobre au Cin\u00e9 104 de Pantin<\/strong><\/p>\n","protected":false},"excerpt":{"rendered":"Sur le terrain, Fatou plaque, gratte le ballon et reprend sa position. Sous son maillot gris de la classe rugby Jean-Jaur\u00e8s Pantin, elle a fi\u00e8re allure. Entre deux matches du tournoi UNSS (Union Nationale du Sport Scolaire) organis\u00e9 ce mercredi de fin septembre au stade du Moulin-Neuf \u00e0 Aulnay, la jeune \u00e9l\u00e8ve de 5e prend&#8230; <a class=\"view-article\" href=\"https:\/\/seinesaintdenis.fr\/actualite\/sport-loisirs\/Comment-la-Seine-Saint-Denis-est-devenue-terre-de-rugby\/\">Voir l&rsquo;article<\/a>","protected":false},"author":11,"featured_media":1430,"comment_status":"open","ping_status":"open","sticky":false,"template":"","format":"standard","meta":{"_acf_changed":false,"footnotes":""},"categories":[10],"ville":[70],"class_list":["post-1429","post","type-post","status-publish","format-standard","has-post-thumbnail","hentry","category-sport-loisirs"],"acf":[],"yoast_head":"<!-- This site is optimized with the Yoast SEO plugin v27.5 - https:\/\/yoast.com\/product\/yoast-seo-wordpress\/ -->\n<title>Comment la Seine-Saint-Denis est devenue terre de rugby - Seine-Saint-Denis - L&#039;actualit\u00e9 du d\u00e9partement<\/title>\n<meta name=\"robots\" content=\"index, follow, max-snippet:-1, max-image-preview:large, max-video-preview:-1\" \/>\n<link rel=\"canonical\" href=\"https:\/\/seinesaintdenis.fr\/actualite\/sport-loisirs\/Comment-la-Seine-Saint-Denis-est-devenue-terre-de-rugby\/\" \/>\n<meta property=\"og:locale\" content=\"fr_FR\" \/>\n<meta property=\"og:type\" content=\"article\" \/>\n<meta property=\"og:title\" content=\"Comment la Seine-Saint-Denis est devenue terre de rugby - Seine-Saint-Denis - L&#039;actualit\u00e9 du d\u00e9partement\" \/>\n<meta property=\"og:url\" content=\"https:\/\/seinesaintdenis.fr\/actualite\/sport-loisirs\/Comment-la-Seine-Saint-Denis-est-devenue-terre-de-rugby\/\" \/>\n<meta property=\"og:site_name\" content=\"Seine-Saint-Denis - L&#039;actualit\u00e9 du d\u00e9partement\" \/>\n<meta property=\"article:publisher\" content=\"https:\/\/www.facebook.com\/seinesaintdenisledepartement\" \/>\n<meta property=\"article:published_time\" content=\"2022-09-26T13:58:24+00:00\" \/>\n<meta property=\"article:modified_time\" content=\"2023-05-09T07:26:39+00:00\" \/>\n<meta property=\"og:image\" content=\"https:\/\/seinesaintdenis.fr\/actualite\/wp-content\/uploads\/2023\/04\/c6077046f8ee32dfa97f1c49542a20.jpg\" \/>\n\t<meta property=\"og:image:width\" content=\"760\" \/>\n\t<meta property=\"og:image:height\" content=\"411\" \/>\n\t<meta property=\"og:image:type\" content=\"image\/jpeg\" \/>\n<meta name=\"author\" content=\"Christophe Lehousse\" \/>\n<meta name=\"twitter:card\" content=\"summary_large_image\" \/>\n<meta name=\"twitter:creator\" content=\"@seinesaintdenis\" \/>\n<meta name=\"twitter:site\" content=\"@seinesaintdenis\" \/>\n<meta name=\"twitter:label1\" content=\"\u00c9crit par\" \/>\n\t<meta name=\"twitter:data1\" content=\"Christophe Lehousse\" \/>\n\t<meta name=\"twitter:label2\" content=\"Dur\u00e9e de lecture estim\u00e9e\" \/>\n\t<meta name=\"twitter:data2\" content=\"9 minutes\" \/>\n<script type=\"application\/ld+json\" class=\"yoast-schema-graph\">{\"@context\":\"https:\\\/\\\/schema.org\",\"@graph\":[{\"@type\":\"Article\",\"@id\":\"https:\\\/\\\/seinesaintdenis.fr\\\/actualite\\\/sport-loisirs\\\/Comment-la-Seine-Saint-Denis-est-devenue-terre-de-rugby\\\/#article\",\"isPartOf\":{\"@id\":\"https:\\\/\\\/seinesaintdenis.fr\\\/actualite\\\/sport-loisirs\\\/Comment-la-Seine-Saint-Denis-est-devenue-terre-de-rugby\\\/\"},\"author\":{\"name\":\"Christophe Lehousse\",\"@id\":\"https:\\\/\\\/seinesaintdenis.fr\\\/actualite\\\/#\\\/schema\\\/person\\\/b61e6c67c4017ad602f792f6b0316027\"},\"headline\":\"Comment la Seine-Saint-Denis est devenue terre de rugby\",\"datePublished\":\"2022-09-26T13:58:24+00:00\",\"dateModified\":\"2023-05-09T07:26:39+00:00\",\"mainEntityOfPage\":{\"@id\":\"https:\\\/\\\/seinesaintdenis.fr\\\/actualite\\\/sport-loisirs\\\/Comment-la-Seine-Saint-Denis-est-devenue-terre-de-rugby\\\/\"},\"wordCount\":1517,\"commentCount\":0,\"publisher\":{\"@id\":\"https:\\\/\\\/seinesaintdenis.fr\\\/actualite\\\/#organization\"},\"image\":{\"@id\":\"https:\\\/\\\/seinesaintdenis.fr\\\/actualite\\\/sport-loisirs\\\/Comment-la-Seine-Saint-Denis-est-devenue-terre-de-rugby\\\/#primaryimage\"},\"thumbnailUrl\":\"https:\\\/\\\/seinesaintdenis.fr\\\/actualite\\\/wp-content\\\/uploads\\\/2023\\\/04\\\/c6077046f8ee32dfa97f1c49542a20.jpg\",\"articleSection\":[\"Sport &amp; Loisirs\"],\"inLanguage\":\"fr-FR\",\"potentialAction\":[{\"@type\":\"CommentAction\",\"name\":\"Comment\",\"target\":[\"https:\\\/\\\/seinesaintdenis.fr\\\/actualite\\\/sport-loisirs\\\/Comment-la-Seine-Saint-Denis-est-devenue-terre-de-rugby\\\/#respond\"]}]},{\"@type\":\"WebPage\",\"@id\":\"https:\\\/\\\/seinesaintdenis.fr\\\/actualite\\\/sport-loisirs\\\/Comment-la-Seine-Saint-Denis-est-devenue-terre-de-rugby\\\/\",\"url\":\"https:\\\/\\\/seinesaintdenis.fr\\\/actualite\\\/sport-loisirs\\\/Comment-la-Seine-Saint-Denis-est-devenue-terre-de-rugby\\\/\",\"name\":\"Comment la Seine-Saint-Denis est devenue terre de rugby - Seine-Saint-Denis - L&#039;actualit\u00e9 du d\u00e9partement\",\"isPartOf\":{\"@id\":\"https:\\\/\\\/seinesaintdenis.fr\\\/actualite\\\/#website\"},\"primaryImageOfPage\":{\"@id\":\"https:\\\/\\\/seinesaintdenis.fr\\\/actualite\\\/sport-loisirs\\\/Comment-la-Seine-Saint-Denis-est-devenue-terre-de-rugby\\\/#primaryimage\"},\"image\":{\"@id\":\"https:\\\/\\\/seinesaintdenis.fr\\\/actualite\\\/sport-loisirs\\\/Comment-la-Seine-Saint-Denis-est-devenue-terre-de-rugby\\\/#primaryimage\"},\"thumbnailUrl\":\"https:\\\/\\\/seinesaintdenis.fr\\\/actualite\\\/wp-content\\\/uploads\\\/2023\\\/04\\\/c6077046f8ee32dfa97f1c49542a20.jpg\",\"datePublished\":\"2022-09-26T13:58:24+00:00\",\"dateModified\":\"2023-05-09T07:26:39+00:00\",\"breadcrumb\":{\"@id\":\"https:\\\/\\\/seinesaintdenis.fr\\\/actualite\\\/sport-loisirs\\\/Comment-la-Seine-Saint-Denis-est-devenue-terre-de-rugby\\\/#breadcrumb\"},\"inLanguage\":\"fr-FR\",\"potentialAction\":[{\"@type\":\"ReadAction\",\"target\":[\"https:\\\/\\\/seinesaintdenis.fr\\\/actualite\\\/sport-loisirs\\\/Comment-la-Seine-Saint-Denis-est-devenue-terre-de-rugby\\\/\"]}]},{\"@type\":\"ImageObject\",\"inLanguage\":\"fr-FR\",\"@id\":\"https:\\\/\\\/seinesaintdenis.fr\\\/actualite\\\/sport-loisirs\\\/Comment-la-Seine-Saint-Denis-est-devenue-terre-de-rugby\\\/#primaryimage\",\"url\":\"https:\\\/\\\/seinesaintdenis.fr\\\/actualite\\\/wp-content\\\/uploads\\\/2023\\\/04\\\/c6077046f8ee32dfa97f1c49542a20.jpg\",\"contentUrl\":\"https:\\\/\\\/seinesaintdenis.fr\\\/actualite\\\/wp-content\\\/uploads\\\/2023\\\/04\\\/c6077046f8ee32dfa97f1c49542a20.jpg\",\"width\":760,\"height\":411},{\"@type\":\"BreadcrumbList\",\"@id\":\"https:\\\/\\\/seinesaintdenis.fr\\\/actualite\\\/sport-loisirs\\\/Comment-la-Seine-Saint-Denis-est-devenue-terre-de-rugby\\\/#breadcrumb\",\"itemListElement\":[{\"@type\":\"ListItem\",\"position\":1,\"name\":\"Accueil\",\"item\":\"https:\\\/\\\/seinesaintdenis.fr\\\/actualite\\\/\"},{\"@type\":\"ListItem\",\"position\":2,\"name\":\"Sport &amp; Loisirs\",\"item\":\"https:\\\/\\\/seinesaintdenis.fr\\\/actualite\\\/sport-loisirs\\\/\"},{\"@type\":\"ListItem\",\"position\":3,\"name\":\"Comment la Seine-Saint-Denis est devenue terre de rugby\"}]},{\"@type\":\"WebSite\",\"@id\":\"https:\\\/\\\/seinesaintdenis.fr\\\/actualite\\\/#website\",\"url\":\"https:\\\/\\\/seinesaintdenis.fr\\\/actualite\\\/\",\"name\":\"Seine-Saint-Denis - L'actualit\u00e9 du d\u00e9partement\",\"description\":\"L&#039;actualit\u00e9 du D\u00e9partement de la Seine-Saint-Denis\",\"publisher\":{\"@id\":\"https:\\\/\\\/seinesaintdenis.fr\\\/actualite\\\/#organization\"},\"potentialAction\":[{\"@type\":\"SearchAction\",\"target\":{\"@type\":\"EntryPoint\",\"urlTemplate\":\"https:\\\/\\\/seinesaintdenis.fr\\\/actualite\\\/?s={search_term_string}\"},\"query-input\":{\"@type\":\"PropertyValueSpecification\",\"valueRequired\":true,\"valueName\":\"search_term_string\"}}],\"inLanguage\":\"fr-FR\"},{\"@type\":\"Organization\",\"@id\":\"https:\\\/\\\/seinesaintdenis.fr\\\/actualite\\\/#organization\",\"name\":\"Seine-Saint-Denis - Le D\u00e9partement\",\"url\":\"https:\\\/\\\/seinesaintdenis.fr\\\/actualite\\\/\",\"logo\":{\"@type\":\"ImageObject\",\"inLanguage\":\"fr-FR\",\"@id\":\"https:\\\/\\\/seinesaintdenis.fr\\\/actualite\\\/#\\\/schema\\\/logo\\\/image\\\/\",\"url\":\"https:\\\/\\\/seinesaintdenis.fr\\\/actualite\\\/wp-content\\\/uploads\\\/2024\\\/08\\\/logo.png\",\"contentUrl\":\"https:\\\/\\\/seinesaintdenis.fr\\\/actualite\\\/wp-content\\\/uploads\\\/2024\\\/08\\\/logo.png\",\"width\":567,\"height\":172,\"caption\":\"Seine-Saint-Denis - Le D\u00e9partement\"},\"image\":{\"@id\":\"https:\\\/\\\/seinesaintdenis.fr\\\/actualite\\\/#\\\/schema\\\/logo\\\/image\\\/\"},\"sameAs\":[\"https:\\\/\\\/www.facebook.com\\\/seinesaintdenisledepartement\",\"https:\\\/\\\/x.com\\\/seinesaintdenis\",\"https:\\\/\\\/www.linkedin.com\\\/company\\\/seinesaintdenis\",\"https:\\\/\\\/www.instagram.com\\\/seine_saint_denis\\\/\",\"https:\\\/\\\/www.youtube.com\\\/channel\\\/UCR5YF9NnqiLCbnrKQgLUcIw\"]},{\"@type\":\"Person\",\"@id\":\"https:\\\/\\\/seinesaintdenis.fr\\\/actualite\\\/#\\\/schema\\\/person\\\/b61e6c67c4017ad602f792f6b0316027\",\"name\":\"Christophe Lehousse\",\"image\":{\"@type\":\"ImageObject\",\"inLanguage\":\"fr-FR\",\"@id\":\"https:\\\/\\\/secure.gravatar.com\\\/avatar\\\/474edaa980596bb8db66ecdbeb112f6442d5101a28bcd14acfd38a987868abd8?s=96&d=mm&r=g\",\"url\":\"https:\\\/\\\/secure.gravatar.com\\\/avatar\\\/474edaa980596bb8db66ecdbeb112f6442d5101a28bcd14acfd38a987868abd8?s=96&d=mm&r=g\",\"contentUrl\":\"https:\\\/\\\/secure.gravatar.com\\\/avatar\\\/474edaa980596bb8db66ecdbeb112f6442d5101a28bcd14acfd38a987868abd8?s=96&d=mm&r=g\",\"caption\":\"Christophe Lehousse\"},\"url\":\"https:\\\/\\\/seinesaintdenis.fr\\\/actualite\\\/author\\\/clehousse\\\/\"}]}<\/script>\n<!-- \/ Yoast SEO plugin. -->","yoast_head_json":{"title":"Comment la Seine-Saint-Denis est devenue terre de rugby - Seine-Saint-Denis - L&#039;actualit\u00e9 du d\u00e9partement","robots":{"index":"index","follow":"follow","max-snippet":"max-snippet:-1","max-image-preview":"max-image-preview:large","max-video-preview":"max-video-preview:-1"},"canonical":"https:\/\/seinesaintdenis.fr\/actualite\/sport-loisirs\/Comment-la-Seine-Saint-Denis-est-devenue-terre-de-rugby\/","og_locale":"fr_FR","og_type":"article","og_title":"Comment la Seine-Saint-Denis est devenue terre de rugby - Seine-Saint-Denis - L&#039;actualit\u00e9 du d\u00e9partement","og_url":"https:\/\/seinesaintdenis.fr\/actualite\/sport-loisirs\/Comment-la-Seine-Saint-Denis-est-devenue-terre-de-rugby\/","og_site_name":"Seine-Saint-Denis - L&#039;actualit\u00e9 du d\u00e9partement","article_publisher":"https:\/\/www.facebook.com\/seinesaintdenisledepartement","article_published_time":"2022-09-26T13:58:24+00:00","article_modified_time":"2023-05-09T07:26:39+00:00","og_image":[{"width":760,"height":411,"url":"https:\/\/seinesaintdenis.fr\/actualite\/wp-content\/uploads\/2023\/04\/c6077046f8ee32dfa97f1c49542a20.jpg","type":"image\/jpeg"}],"author":"Christophe Lehousse","twitter_card":"summary_large_image","twitter_creator":"@seinesaintdenis","twitter_site":"@seinesaintdenis","twitter_misc":{"\u00c9crit par":"Christophe Lehousse","Dur\u00e9e de lecture estim\u00e9e":"9 minutes"},"schema":{"@context":"https:\/\/schema.org","@graph":[{"@type":"Article","@id":"https:\/\/seinesaintdenis.fr\/actualite\/sport-loisirs\/Comment-la-Seine-Saint-Denis-est-devenue-terre-de-rugby\/#article","isPartOf":{"@id":"https:\/\/seinesaintdenis.fr\/actualite\/sport-loisirs\/Comment-la-Seine-Saint-Denis-est-devenue-terre-de-rugby\/"},"author":{"name":"Christophe Lehousse","@id":"https:\/\/seinesaintdenis.fr\/actualite\/#\/schema\/person\/b61e6c67c4017ad602f792f6b0316027"},"headline":"Comment la Seine-Saint-Denis est devenue terre de rugby","datePublished":"2022-09-26T13:58:24+00:00","dateModified":"2023-05-09T07:26:39+00:00","mainEntityOfPage":{"@id":"https:\/\/seinesaintdenis.fr\/actualite\/sport-loisirs\/Comment-la-Seine-Saint-Denis-est-devenue-terre-de-rugby\/"},"wordCount":1517,"commentCount":0,"publisher":{"@id":"https:\/\/seinesaintdenis.fr\/actualite\/#organization"},"image":{"@id":"https:\/\/seinesaintdenis.fr\/actualite\/sport-loisirs\/Comment-la-Seine-Saint-Denis-est-devenue-terre-de-rugby\/#primaryimage"},"thumbnailUrl":"https:\/\/seinesaintdenis.fr\/actualite\/wp-content\/uploads\/2023\/04\/c6077046f8ee32dfa97f1c49542a20.jpg","articleSection":["Sport &amp; Loisirs"],"inLanguage":"fr-FR","potentialAction":[{"@type":"CommentAction","name":"Comment","target":["https:\/\/seinesaintdenis.fr\/actualite\/sport-loisirs\/Comment-la-Seine-Saint-Denis-est-devenue-terre-de-rugby\/#respond"]}]},{"@type":"WebPage","@id":"https:\/\/seinesaintdenis.fr\/actualite\/sport-loisirs\/Comment-la-Seine-Saint-Denis-est-devenue-terre-de-rugby\/","url":"https:\/\/seinesaintdenis.fr\/actualite\/sport-loisirs\/Comment-la-Seine-Saint-Denis-est-devenue-terre-de-rugby\/","name":"Comment la Seine-Saint-Denis est devenue terre de rugby - Seine-Saint-Denis - L&#039;actualit\u00e9 du d\u00e9partement","isPartOf":{"@id":"https:\/\/seinesaintdenis.fr\/actualite\/#website"},"primaryImageOfPage":{"@id":"https:\/\/seinesaintdenis.fr\/actualite\/sport-loisirs\/Comment-la-Seine-Saint-Denis-est-devenue-terre-de-rugby\/#primaryimage"},"image":{"@id":"https:\/\/seinesaintdenis.fr\/actualite\/sport-loisirs\/Comment-la-Seine-Saint-Denis-est-devenue-terre-de-rugby\/#primaryimage"},"thumbnailUrl":"https:\/\/seinesaintdenis.fr\/actualite\/wp-content\/uploads\/2023\/04\/c6077046f8ee32dfa97f1c49542a20.jpg","datePublished":"2022-09-26T13:58:24+00:00","dateModified":"2023-05-09T07:26:39+00:00","breadcrumb":{"@id":"https:\/\/seinesaintdenis.fr\/actualite\/sport-loisirs\/Comment-la-Seine-Saint-Denis-est-devenue-terre-de-rugby\/#breadcrumb"},"inLanguage":"fr-FR","potentialAction":[{"@type":"ReadAction","target":["https:\/\/seinesaintdenis.fr\/actualite\/sport-loisirs\/Comment-la-Seine-Saint-Denis-est-devenue-terre-de-rugby\/"]}]},{"@type":"ImageObject","inLanguage":"fr-FR","@id":"https:\/\/seinesaintdenis.fr\/actualite\/sport-loisirs\/Comment-la-Seine-Saint-Denis-est-devenue-terre-de-rugby\/#primaryimage","url":"https:\/\/seinesaintdenis.fr\/actualite\/wp-content\/uploads\/2023\/04\/c6077046f8ee32dfa97f1c49542a20.jpg","contentUrl":"https:\/\/seinesaintdenis.fr\/actualite\/wp-content\/uploads\/2023\/04\/c6077046f8ee32dfa97f1c49542a20.jpg","width":760,"height":411},{"@type":"BreadcrumbList","@id":"https:\/\/seinesaintdenis.fr\/actualite\/sport-loisirs\/Comment-la-Seine-Saint-Denis-est-devenue-terre-de-rugby\/#breadcrumb","itemListElement":[{"@type":"ListItem","position":1,"name":"Accueil","item":"https:\/\/seinesaintdenis.fr\/actualite\/"},{"@type":"ListItem","position":2,"name":"Sport &amp; Loisirs","item":"https:\/\/seinesaintdenis.fr\/actualite\/sport-loisirs\/"},{"@type":"ListItem","position":3,"name":"Comment la Seine-Saint-Denis est devenue terre de rugby"}]},{"@type":"WebSite","@id":"https:\/\/seinesaintdenis.fr\/actualite\/#website","url":"https:\/\/seinesaintdenis.fr\/actualite\/","name":"Seine-Saint-Denis - L'actualit\u00e9 du d\u00e9partement","description":"L&#039;actualit\u00e9 du D\u00e9partement de la Seine-Saint-Denis","publisher":{"@id":"https:\/\/seinesaintdenis.fr\/actualite\/#organization"},"potentialAction":[{"@type":"SearchAction","target":{"@type":"EntryPoint","urlTemplate":"https:\/\/seinesaintdenis.fr\/actualite\/?s={search_term_string}"},"query-input":{"@type":"PropertyValueSpecification","valueRequired":true,"valueName":"search_term_string"}}],"inLanguage":"fr-FR"},{"@type":"Organization","@id":"https:\/\/seinesaintdenis.fr\/actualite\/#organization","name":"Seine-Saint-Denis - Le D\u00e9partement","url":"https:\/\/seinesaintdenis.fr\/actualite\/","logo":{"@type":"ImageObject","inLanguage":"fr-FR","@id":"https:\/\/seinesaintdenis.fr\/actualite\/#\/schema\/logo\/image\/","url":"https:\/\/seinesaintdenis.fr\/actualite\/wp-content\/uploads\/2024\/08\/logo.png","contentUrl":"https:\/\/seinesaintdenis.fr\/actualite\/wp-content\/uploads\/2024\/08\/logo.png","width":567,"height":172,"caption":"Seine-Saint-Denis - Le D\u00e9partement"},"image":{"@id":"https:\/\/seinesaintdenis.fr\/actualite\/#\/schema\/logo\/image\/"},"sameAs":["https:\/\/www.facebook.com\/seinesaintdenisledepartement","https:\/\/x.com\/seinesaintdenis","https:\/\/www.linkedin.com\/company\/seinesaintdenis","https:\/\/www.instagram.com\/seine_saint_denis\/","https:\/\/www.youtube.com\/channel\/UCR5YF9NnqiLCbnrKQgLUcIw"]},{"@type":"Person","@id":"https:\/\/seinesaintdenis.fr\/actualite\/#\/schema\/person\/b61e6c67c4017ad602f792f6b0316027","name":"Christophe Lehousse","image":{"@type":"ImageObject","inLanguage":"fr-FR","@id":"https:\/\/secure.gravatar.com\/avatar\/474edaa980596bb8db66ecdbeb112f6442d5101a28bcd14acfd38a987868abd8?s=96&d=mm&r=g","url":"https:\/\/secure.gravatar.com\/avatar\/474edaa980596bb8db66ecdbeb112f6442d5101a28bcd14acfd38a987868abd8?s=96&d=mm&r=g","contentUrl":"https:\/\/secure.gravatar.com\/avatar\/474edaa980596bb8db66ecdbeb112f6442d5101a28bcd14acfd38a987868abd8?s=96&d=mm&r=g","caption":"Christophe Lehousse"},"url":"https:\/\/seinesaintdenis.fr\/actualite\/author\/clehousse\/"}]}},"_links":{"self":[{"href":"https:\/\/seinesaintdenis.fr\/actualite\/wp-json\/wp\/v2\/posts\/1429","targetHints":{"allow":["GET"]}}],"collection":[{"href":"https:\/\/seinesaintdenis.fr\/actualite\/wp-json\/wp\/v2\/posts"}],"about":[{"href":"https:\/\/seinesaintdenis.fr\/actualite\/wp-json\/wp\/v2\/types\/post"}],"author":[{"embeddable":true,"href":"https:\/\/seinesaintdenis.fr\/actualite\/wp-json\/wp\/v2\/users\/11"}],"replies":[{"embeddable":true,"href":"https:\/\/seinesaintdenis.fr\/actualite\/wp-json\/wp\/v2\/comments?post=1429"}],"version-history":[{"count":2,"href":"https:\/\/seinesaintdenis.fr\/actualite\/wp-json\/wp\/v2\/posts\/1429\/revisions"}],"predecessor-version":[{"id":1836,"href":"https:\/\/seinesaintdenis.fr\/actualite\/wp-json\/wp\/v2\/posts\/1429\/revisions\/1836"}],"wp:featuredmedia":[{"embeddable":true,"href":"https:\/\/seinesaintdenis.fr\/actualite\/wp-json\/wp\/v2\/media\/1430"}],"wp:attachment":[{"href":"https:\/\/seinesaintdenis.fr\/actualite\/wp-json\/wp\/v2\/media?parent=1429"}],"wp:term":[{"taxonomy":"category","embeddable":true,"href":"https:\/\/seinesaintdenis.fr\/actualite\/wp-json\/wp\/v2\/categories?post=1429"},{"taxonomy":"ville","embeddable":true,"href":"https:\/\/seinesaintdenis.fr\/actualite\/wp-json\/wp\/v2\/ville?post=1429"}],"curies":[{"name":"wp","href":"https:\/\/api.w.org\/{rel}","templated":true}]}}