{"id":1423,"date":"2022-09-27T13:51:11","date_gmt":"2022-09-27T13:51:11","guid":{"rendered":"https:\/\/seinesaintdenis.fr\/actualite\/uncategorized\/Une-Semaine-bleue-pour-changer-de-regard-sur-nos-aine-e-s\/"},"modified":"2023-09-01T19:36:05","modified_gmt":"2023-09-01T17:36:05","slug":"Une-Semaine-bleue-pour-changer-de-regard-sur-nos-aine-e-s","status":"publish","type":"post","link":"https:\/\/seinesaintdenis.fr\/actualite\/solidarites-sante\/Une-Semaine-bleue-pour-changer-de-regard-sur-nos-aine-e-s\/","title":{"rendered":"Une Semaine bleue pour changer de regard sur nos a\u00een\u00e9\u00b7e\u00b7s"},"content":{"rendered":"<p>La Seine-Saint-Denis, territoire le plus jeune de France m\u00e9tropolitaine compte aussi 280 000 personnes de plus de 60 ans. Elles seront pr\u00e8s de 400 000 d\u2019ici 2035. Nombre d\u2019entre elles ne souhaitent pas voir leur vie sociale s\u2019achever avec leur vie professionnelle et ont soif de nouveaux projets, d\u2019engagements citoyens ou de contacts avec les jeunes g\u00e9n\u00e9rations. Pour r\u00e9pondre \u00e0 leurs besoins, les agent\u00b7e\u00b7s de la Direction d\u00e9partementale de l\u2019Autonomie ont organis\u00e9 pour la Semaine bleue du 3 au 7 octobre des ateliers, rencontres et forums sur tout le territoire.<\/p>\n<h3 class=\"spip\">Au programme\u00a0:<\/h3>\n<p><img loading=\"lazy\" decoding=\"async\" class=\"puce\" src=\"squelettes-dist\/puce.gif\" alt=\"-\" width=\"8\" height=\"11\" \/>\u00a0<strong>Bien vieillir chez soi<\/strong>\u00a0: ateliers de pr\u00e9vention avec le service Merci Julie le 4 octobre \u00e0 14h \u00e0 l\u2019H\u00f4tel de ville de Pierrefitte-sur-Seine<\/p>\n<p><img loading=\"lazy\" decoding=\"async\" class=\"puce\" src=\"squelettes-dist\/puce.gif\" alt=\"-\" width=\"8\" height=\"11\" \/>\u00a0<strong>Conf\u00e9rence\u00a0: Vie affective, d\u00e9sir, plaisir et sexualit\u00e9<\/strong>\u00a0: ce que la vie nous r\u00e9serve apr\u00e8s 60 ans le 5 octobre \u00e0 9h \u00e0 la Villa Cathala de Noisy-le-Grand<\/p>\n<p><img loading=\"lazy\" decoding=\"async\" class=\"puce\" src=\"squelettes-dist\/puce.gif\" alt=\"-\" width=\"8\" height=\"11\" \/>\u00a0<strong>Journ\u00e9e nationale des aidant\u00b7e\u00b7s<\/strong> avec la diffusion du film documentaire \u00ab\u00a0Mon vieux\u00a0\u00bb d\u2019Elie Semoun le 6 octobre \u00e0 13h30 \u00e0 la Bourse du travail de Bobigny<\/p>\n<p><img loading=\"lazy\" decoding=\"async\" class=\"puce\" src=\"squelettes-dist\/puce.gif\" alt=\"-\" width=\"8\" height=\"11\" \/>\u00a0<strong>Forum\u00a0: Lutte contre l\u2019isolement des s\u00e9niors<\/strong> le 7 octobre \u00e0 9h \u00e0 la r\u00e9sidence autonomie Jean-Louis Mons \u00e0 Noisy-le-Sec<\/p>\n<p><img loading=\"lazy\" decoding=\"async\" class=\"puce\" src=\"squelettes-dist\/puce.gif\" alt=\"-\" width=\"8\" height=\"11\" \/>\u00a0<strong>Exposition \u00ab\u00a0Mon EHPAD dans la temp\u00eate\u00a0\u00bb<\/strong> du 3 au 7 octobre dans cette m\u00eame r\u00e9sidence autonomie<\/p>\n<p><img loading=\"lazy\" decoding=\"async\" class=\"puce\" src=\"squelettes-dist\/puce.gif\" alt=\"-\" width=\"8\" height=\"11\" \/>\u00a0<strong>Conf\u00e9rence sur l\u2019accueil en institution des personnes homosexuelles<\/strong> qui vieillissent le 5 octobre \u00e0 14h \u00e0 l\u2019EHPAD \u00ab\u00a0Les quatre saisons\u00a0\u00bb de Bagnolet<\/p>\n<p><img loading=\"lazy\" decoding=\"async\" class=\"puce\" src=\"squelettes-dist\/puce.gif\" alt=\"-\" width=\"8\" height=\"11\" \/>\u00a0Et encore d\u2019autres rencontres\u00a0!<\/p>\n<h4 class=\"spip\">Vous pouvez t\u00e9l\u00e9charger la programmation compl\u00e8te\u00a0:<\/h4>\n<p><iframe loading=\"lazy\" style=\"margin: 0 auto;\" src=\"\/\/v.calameo.com\/?bkcode=0006349243bc16b5f742b\" width=\"500\" height=\"300\" frameborder=\"0\" scrolling=\"no\" allowfullscreen=\"allowfullscreen\"><\/iframe><\/p>\n<div class=\"texteencadre-spip spip\">\n<p><strong>Vers une Seine-Saint-Denis 100% inclusive<\/strong><\/p>\n<p>Les agent\u00b7e\u00b7s d\u00e9partementaux\u00b7ale\u00b7s pr\u00e9senteront au public les actions d\u00e9velopp\u00e9es en direction des seniors et les aidant\u00b7e\u00b7s les <strong> lundi 3 et mardi 4 octobre de 9h \u00e0 11h dans le Hall d\u2019accueil de l\u2019immeuble Verdi, rue du Chemin Vert \u00e0 Bobigny<\/strong>. <br class=\"autobr\" \/>Les visiteur\u00b7euse\u00b7s pourront ainsi conna\u00eetre les mesures mises en place par le D\u00e9partement pour favoriser leur participation \u00e0 la vie sociale\u00a0: <a class=\"spip_out\" href=\"https:\/\/seinesaintdenis.fr\/Creation-de-la-carte-Ikaria-pour-un-acces-privilegie-a-la-culture-et-aux\" rel=\"external\">carte Ikaria<\/a> distribu\u00e9e \u00e0 plus de 19 000 S\u00e9quano-Dionysien\u00b7ne\u00b7s, ouverture de 4 tiers-lieux autonomie, parcours culturels et sportifs dans une dizaine d\u2019EHPAD ou ex-foyers logement, aide \u00e0 la vie partag\u00e9e jusqu\u2019\u00e0 10 000 euros par an et par personne pour les <a class=\"spip_in\" href=\"Le-Departement-soutient-l-habitat-partage-et-solidaire\">projets d\u2019habitats inclusifs<\/a>, dispositif R\u00e9nov\u2019Habitat ou syst\u00e8me de t\u00e9l\u00e9assistance\u2026<br class=\"autobr\" \/>Les professionnel\u00b7le\u00b7s feront par ailleurs conna\u00eetre les nouveaux sites web <a class=\"spip_out\" href=\"https:\/\/ogenie.fr\/\" rel=\"external\">ogeni.fr<\/a> et <a class=\"spip_out\" href=\"https:\/\/www.aidant.seinesaintdenis.fr\/\" rel=\"external\">aidant.seinesaintdenis.fr<\/a> qui proposent respectivement des actions de loisirs de proximit\u00e9 d\u00e9di\u00e9es aux seniors et des solutions de r\u00e9pit <i>\u00ab\u00a0en bas de chez soi\u00a0\u00bb<\/i> pour les familles d\u2019aidant\u00b7e\u00b7s. <br class=\"autobr\" \/>De quoi changer notre regard sur cet \u00e2ge qui peut \u00eatre aussi celui de l\u2019\u00e9panouissement.<\/p>\n<\/div>\n<figure class=\"spip_document_16066 spip_documents spip_documents_center media media_image media_image_jpg\"><img loading=\"lazy\" decoding=\"async\" src=\"IMG\/jpg\/img_4251.jpg\" alt=\"JPEG - 273.6 ko\" width=\"760\" height=\"412\" \/><\/figure>\n<p>Cr\u00e9dit-photo\u00a0: Sylvain Hitau<\/p>\n","protected":false},"excerpt":{"rendered":"La Seine-Saint-Denis, territoire le plus jeune de France m\u00e9tropolitaine compte aussi 280 000 personnes de plus de 60 ans. Elles seront pr\u00e8s de 400 000 d\u2019ici 2035. Nombre d\u2019entre elles ne souhaitent pas voir leur vie sociale s\u2019achever avec leur vie professionnelle et ont soif de nouveaux projets, d\u2019engagements citoyens ou de contacts avec les&#8230; <a class=\"view-article\" href=\"https:\/\/seinesaintdenis.fr\/actualite\/solidarites-sante\/Une-Semaine-bleue-pour-changer-de-regard-sur-nos-aine-e-s\/\">Voir l&rsquo;article<\/a>","protected":false},"author":12,"featured_media":1424,"comment_status":"open","ping_status":"open","sticky":false,"template":"","format":"standard","meta":{"_acf_changed":false,"footnotes":""},"categories":[176,11],"ville":[62],"class_list":["post-1423","post","type-post","status-publish","format-standard","has-post-thumbnail","hentry","category-autonomie","category-solidarites-sante"],"acf":[],"yoast_head":"<!-- This site is optimized with the Yoast SEO plugin v27.5 - https:\/\/yoast.com\/product\/yoast-seo-wordpress\/ -->\n<title>Une Semaine bleue pour changer de regard sur nos a\u00een\u00e9\u00b7e\u00b7s - Seine-Saint-Denis - L&#039;actualit\u00e9 du d\u00e9partement<\/title>\n<meta name=\"robots\" content=\"index, follow, max-snippet:-1, max-image-preview:large, max-video-preview:-1\" \/>\n<link rel=\"canonical\" href=\"https:\/\/seinesaintdenis.fr\/actualite\/solidarites-sante\/Une-Semaine-bleue-pour-changer-de-regard-sur-nos-aine-e-s\/\" \/>\n<meta property=\"og:locale\" content=\"fr_FR\" \/>\n<meta property=\"og:type\" content=\"article\" \/>\n<meta property=\"og:title\" content=\"Une Semaine bleue pour changer de regard sur nos a\u00een\u00e9\u00b7e\u00b7s - Seine-Saint-Denis - L&#039;actualit\u00e9 du d\u00e9partement\" \/>\n<meta property=\"og:url\" content=\"https:\/\/seinesaintdenis.fr\/actualite\/solidarites-sante\/Une-Semaine-bleue-pour-changer-de-regard-sur-nos-aine-e-s\/\" \/>\n<meta property=\"og:site_name\" content=\"Seine-Saint-Denis - L&#039;actualit\u00e9 du d\u00e9partement\" \/>\n<meta property=\"article:publisher\" content=\"https:\/\/www.facebook.com\/seinesaintdenisledepartement\" \/>\n<meta property=\"article:published_time\" content=\"2022-09-27T13:51:11+00:00\" \/>\n<meta property=\"article:modified_time\" content=\"2023-09-01T17:36:05+00:00\" \/>\n<meta property=\"og:image\" content=\"https:\/\/seinesaintdenis.fr\/actualite\/wp-content\/uploads\/2023\/04\/2f49dd060f554c99ee1b796d923d28.jpg\" \/>\n\t<meta property=\"og:image:width\" content=\"760\" \/>\n\t<meta property=\"og:image:height\" content=\"411\" \/>\n\t<meta property=\"og:image:type\" content=\"image\/jpeg\" \/>\n<meta name=\"author\" content=\"Carine Arassus\" \/>\n<meta name=\"twitter:card\" content=\"summary_large_image\" \/>\n<meta name=\"twitter:creator\" content=\"@seinesaintdenis\" \/>\n<meta name=\"twitter:site\" content=\"@seinesaintdenis\" \/>\n<meta name=\"twitter:label1\" content=\"\u00c9crit par\" \/>\n\t<meta name=\"twitter:data1\" content=\"Carine Arassus\" \/>\n\t<meta name=\"twitter:label2\" content=\"Dur\u00e9e de lecture estim\u00e9e\" \/>\n\t<meta name=\"twitter:data2\" content=\"4 minutes\" \/>\n<script type=\"application\/ld+json\" class=\"yoast-schema-graph\">{\"@context\":\"https:\\\/\\\/schema.org\",\"@graph\":[{\"@type\":\"Article\",\"@id\":\"https:\\\/\\\/seinesaintdenis.fr\\\/actualite\\\/solidarites-sante\\\/Une-Semaine-bleue-pour-changer-de-regard-sur-nos-aine-e-s\\\/#article\",\"isPartOf\":{\"@id\":\"https:\\\/\\\/seinesaintdenis.fr\\\/actualite\\\/solidarites-sante\\\/Une-Semaine-bleue-pour-changer-de-regard-sur-nos-aine-e-s\\\/\"},\"author\":{\"name\":\"Carine Arassus\",\"@id\":\"https:\\\/\\\/seinesaintdenis.fr\\\/actualite\\\/#\\\/schema\\\/person\\\/0ed132e414e4e5a6a6d14bb9fd5b0d3a\"},\"headline\":\"Une Semaine bleue pour changer de regard sur nos a\u00een\u00e9\u00b7e\u00b7s\",\"datePublished\":\"2022-09-27T13:51:11+00:00\",\"dateModified\":\"2023-09-01T17:36:05+00:00\",\"mainEntityOfPage\":{\"@id\":\"https:\\\/\\\/seinesaintdenis.fr\\\/actualite\\\/solidarites-sante\\\/Une-Semaine-bleue-pour-changer-de-regard-sur-nos-aine-e-s\\\/\"},\"wordCount\":459,\"commentCount\":0,\"publisher\":{\"@id\":\"https:\\\/\\\/seinesaintdenis.fr\\\/actualite\\\/#organization\"},\"image\":{\"@id\":\"https:\\\/\\\/seinesaintdenis.fr\\\/actualite\\\/solidarites-sante\\\/Une-Semaine-bleue-pour-changer-de-regard-sur-nos-aine-e-s\\\/#primaryimage\"},\"thumbnailUrl\":\"https:\\\/\\\/seinesaintdenis.fr\\\/actualite\\\/wp-content\\\/uploads\\\/2023\\\/04\\\/2f49dd060f554c99ee1b796d923d28.jpg\",\"articleSection\":[\"Autonomie\",\"Solidarit\u00e9s &amp; Sant\u00e9\"],\"inLanguage\":\"fr-FR\",\"potentialAction\":[{\"@type\":\"CommentAction\",\"name\":\"Comment\",\"target\":[\"https:\\\/\\\/seinesaintdenis.fr\\\/actualite\\\/solidarites-sante\\\/Une-Semaine-bleue-pour-changer-de-regard-sur-nos-aine-e-s\\\/#respond\"]}]},{\"@type\":\"WebPage\",\"@id\":\"https:\\\/\\\/seinesaintdenis.fr\\\/actualite\\\/solidarites-sante\\\/Une-Semaine-bleue-pour-changer-de-regard-sur-nos-aine-e-s\\\/\",\"url\":\"https:\\\/\\\/seinesaintdenis.fr\\\/actualite\\\/solidarites-sante\\\/Une-Semaine-bleue-pour-changer-de-regard-sur-nos-aine-e-s\\\/\",\"name\":\"Une Semaine bleue pour changer de regard sur nos a\u00een\u00e9\u00b7e\u00b7s - Seine-Saint-Denis - L&#039;actualit\u00e9 du d\u00e9partement\",\"isPartOf\":{\"@id\":\"https:\\\/\\\/seinesaintdenis.fr\\\/actualite\\\/#website\"},\"primaryImageOfPage\":{\"@id\":\"https:\\\/\\\/seinesaintdenis.fr\\\/actualite\\\/solidarites-sante\\\/Une-Semaine-bleue-pour-changer-de-regard-sur-nos-aine-e-s\\\/#primaryimage\"},\"image\":{\"@id\":\"https:\\\/\\\/seinesaintdenis.fr\\\/actualite\\\/solidarites-sante\\\/Une-Semaine-bleue-pour-changer-de-regard-sur-nos-aine-e-s\\\/#primaryimage\"},\"thumbnailUrl\":\"https:\\\/\\\/seinesaintdenis.fr\\\/actualite\\\/wp-content\\\/uploads\\\/2023\\\/04\\\/2f49dd060f554c99ee1b796d923d28.jpg\",\"datePublished\":\"2022-09-27T13:51:11+00:00\",\"dateModified\":\"2023-09-01T17:36:05+00:00\",\"breadcrumb\":{\"@id\":\"https:\\\/\\\/seinesaintdenis.fr\\\/actualite\\\/solidarites-sante\\\/Une-Semaine-bleue-pour-changer-de-regard-sur-nos-aine-e-s\\\/#breadcrumb\"},\"inLanguage\":\"fr-FR\",\"potentialAction\":[{\"@type\":\"ReadAction\",\"target\":[\"https:\\\/\\\/seinesaintdenis.fr\\\/actualite\\\/solidarites-sante\\\/Une-Semaine-bleue-pour-changer-de-regard-sur-nos-aine-e-s\\\/\"]}]},{\"@type\":\"ImageObject\",\"inLanguage\":\"fr-FR\",\"@id\":\"https:\\\/\\\/seinesaintdenis.fr\\\/actualite\\\/solidarites-sante\\\/Une-Semaine-bleue-pour-changer-de-regard-sur-nos-aine-e-s\\\/#primaryimage\",\"url\":\"https:\\\/\\\/seinesaintdenis.fr\\\/actualite\\\/wp-content\\\/uploads\\\/2023\\\/04\\\/2f49dd060f554c99ee1b796d923d28.jpg\",\"contentUrl\":\"https:\\\/\\\/seinesaintdenis.fr\\\/actualite\\\/wp-content\\\/uploads\\\/2023\\\/04\\\/2f49dd060f554c99ee1b796d923d28.jpg\",\"width\":760,\"height\":411},{\"@type\":\"BreadcrumbList\",\"@id\":\"https:\\\/\\\/seinesaintdenis.fr\\\/actualite\\\/solidarites-sante\\\/Une-Semaine-bleue-pour-changer-de-regard-sur-nos-aine-e-s\\\/#breadcrumb\",\"itemListElement\":[{\"@type\":\"ListItem\",\"position\":1,\"name\":\"Accueil\",\"item\":\"https:\\\/\\\/seinesaintdenis.fr\\\/actualite\\\/\"},{\"@type\":\"ListItem\",\"position\":2,\"name\":\"Solidarit\u00e9s &amp; Sant\u00e9\",\"item\":\"https:\\\/\\\/seinesaintdenis.fr\\\/actualite\\\/solidarites-sante\\\/\"},{\"@type\":\"ListItem\",\"position\":3,\"name\":\"Une Semaine bleue pour changer de regard sur nos a\u00een\u00e9\u00b7e\u00b7s\"}]},{\"@type\":\"WebSite\",\"@id\":\"https:\\\/\\\/seinesaintdenis.fr\\\/actualite\\\/#website\",\"url\":\"https:\\\/\\\/seinesaintdenis.fr\\\/actualite\\\/\",\"name\":\"Seine-Saint-Denis - L'actualit\u00e9 du d\u00e9partement\",\"description\":\"L&#039;actualit\u00e9 du D\u00e9partement de la Seine-Saint-Denis\",\"publisher\":{\"@id\":\"https:\\\/\\\/seinesaintdenis.fr\\\/actualite\\\/#organization\"},\"potentialAction\":[{\"@type\":\"SearchAction\",\"target\":{\"@type\":\"EntryPoint\",\"urlTemplate\":\"https:\\\/\\\/seinesaintdenis.fr\\\/actualite\\\/?s={search_term_string}\"},\"query-input\":{\"@type\":\"PropertyValueSpecification\",\"valueRequired\":true,\"valueName\":\"search_term_string\"}}],\"inLanguage\":\"fr-FR\"},{\"@type\":\"Organization\",\"@id\":\"https:\\\/\\\/seinesaintdenis.fr\\\/actualite\\\/#organization\",\"name\":\"Seine-Saint-Denis - Le D\u00e9partement\",\"url\":\"https:\\\/\\\/seinesaintdenis.fr\\\/actualite\\\/\",\"logo\":{\"@type\":\"ImageObject\",\"inLanguage\":\"fr-FR\",\"@id\":\"https:\\\/\\\/seinesaintdenis.fr\\\/actualite\\\/#\\\/schema\\\/logo\\\/image\\\/\",\"url\":\"https:\\\/\\\/seinesaintdenis.fr\\\/actualite\\\/wp-content\\\/uploads\\\/2024\\\/08\\\/logo.png\",\"contentUrl\":\"https:\\\/\\\/seinesaintdenis.fr\\\/actualite\\\/wp-content\\\/uploads\\\/2024\\\/08\\\/logo.png\",\"width\":567,\"height\":172,\"caption\":\"Seine-Saint-Denis - Le D\u00e9partement\"},\"image\":{\"@id\":\"https:\\\/\\\/seinesaintdenis.fr\\\/actualite\\\/#\\\/schema\\\/logo\\\/image\\\/\"},\"sameAs\":[\"https:\\\/\\\/www.facebook.com\\\/seinesaintdenisledepartement\",\"https:\\\/\\\/x.com\\\/seinesaintdenis\",\"https:\\\/\\\/www.linkedin.com\\\/company\\\/seinesaintdenis\",\"https:\\\/\\\/www.instagram.com\\\/seine_saint_denis\\\/\",\"https:\\\/\\\/www.youtube.com\\\/channel\\\/UCR5YF9NnqiLCbnrKQgLUcIw\"]},{\"@type\":\"Person\",\"@id\":\"https:\\\/\\\/seinesaintdenis.fr\\\/actualite\\\/#\\\/schema\\\/person\\\/0ed132e414e4e5a6a6d14bb9fd5b0d3a\",\"name\":\"Carine Arassus\",\"image\":{\"@type\":\"ImageObject\",\"inLanguage\":\"fr-FR\",\"@id\":\"https:\\\/\\\/secure.gravatar.com\\\/avatar\\\/0f981f322f4f99253bcb871f10ae46ce56b35c7fe7c5b8aa9b09ba3a77f6e3c0?s=96&d=mm&r=g\",\"url\":\"https:\\\/\\\/secure.gravatar.com\\\/avatar\\\/0f981f322f4f99253bcb871f10ae46ce56b35c7fe7c5b8aa9b09ba3a77f6e3c0?s=96&d=mm&r=g\",\"contentUrl\":\"https:\\\/\\\/secure.gravatar.com\\\/avatar\\\/0f981f322f4f99253bcb871f10ae46ce56b35c7fe7c5b8aa9b09ba3a77f6e3c0?s=96&d=mm&r=g\",\"caption\":\"Carine Arassus\"},\"url\":\"https:\\\/\\\/seinesaintdenis.fr\\\/actualite\\\/author\\\/carassus\\\/\"}]}<\/script>\n<!-- \/ Yoast SEO plugin. -->","yoast_head_json":{"title":"Une Semaine bleue pour changer de regard sur nos a\u00een\u00e9\u00b7e\u00b7s - Seine-Saint-Denis - L&#039;actualit\u00e9 du d\u00e9partement","robots":{"index":"index","follow":"follow","max-snippet":"max-snippet:-1","max-image-preview":"max-image-preview:large","max-video-preview":"max-video-preview:-1"},"canonical":"https:\/\/seinesaintdenis.fr\/actualite\/solidarites-sante\/Une-Semaine-bleue-pour-changer-de-regard-sur-nos-aine-e-s\/","og_locale":"fr_FR","og_type":"article","og_title":"Une Semaine bleue pour changer de regard sur nos a\u00een\u00e9\u00b7e\u00b7s - Seine-Saint-Denis - L&#039;actualit\u00e9 du d\u00e9partement","og_url":"https:\/\/seinesaintdenis.fr\/actualite\/solidarites-sante\/Une-Semaine-bleue-pour-changer-de-regard-sur-nos-aine-e-s\/","og_site_name":"Seine-Saint-Denis - L&#039;actualit\u00e9 du d\u00e9partement","article_publisher":"https:\/\/www.facebook.com\/seinesaintdenisledepartement","article_published_time":"2022-09-27T13:51:11+00:00","article_modified_time":"2023-09-01T17:36:05+00:00","og_image":[{"width":760,"height":411,"url":"https:\/\/seinesaintdenis.fr\/actualite\/wp-content\/uploads\/2023\/04\/2f49dd060f554c99ee1b796d923d28.jpg","type":"image\/jpeg"}],"author":"Carine Arassus","twitter_card":"summary_large_image","twitter_creator":"@seinesaintdenis","twitter_site":"@seinesaintdenis","twitter_misc":{"\u00c9crit par":"Carine Arassus","Dur\u00e9e de lecture estim\u00e9e":"4 minutes"},"schema":{"@context":"https:\/\/schema.org","@graph":[{"@type":"Article","@id":"https:\/\/seinesaintdenis.fr\/actualite\/solidarites-sante\/Une-Semaine-bleue-pour-changer-de-regard-sur-nos-aine-e-s\/#article","isPartOf":{"@id":"https:\/\/seinesaintdenis.fr\/actualite\/solidarites-sante\/Une-Semaine-bleue-pour-changer-de-regard-sur-nos-aine-e-s\/"},"author":{"name":"Carine Arassus","@id":"https:\/\/seinesaintdenis.fr\/actualite\/#\/schema\/person\/0ed132e414e4e5a6a6d14bb9fd5b0d3a"},"headline":"Une Semaine bleue pour changer de regard sur nos a\u00een\u00e9\u00b7e\u00b7s","datePublished":"2022-09-27T13:51:11+00:00","dateModified":"2023-09-01T17:36:05+00:00","mainEntityOfPage":{"@id":"https:\/\/seinesaintdenis.fr\/actualite\/solidarites-sante\/Une-Semaine-bleue-pour-changer-de-regard-sur-nos-aine-e-s\/"},"wordCount":459,"commentCount":0,"publisher":{"@id":"https:\/\/seinesaintdenis.fr\/actualite\/#organization"},"image":{"@id":"https:\/\/seinesaintdenis.fr\/actualite\/solidarites-sante\/Une-Semaine-bleue-pour-changer-de-regard-sur-nos-aine-e-s\/#primaryimage"},"thumbnailUrl":"https:\/\/seinesaintdenis.fr\/actualite\/wp-content\/uploads\/2023\/04\/2f49dd060f554c99ee1b796d923d28.jpg","articleSection":["Autonomie","Solidarit\u00e9s &amp; Sant\u00e9"],"inLanguage":"fr-FR","potentialAction":[{"@type":"CommentAction","name":"Comment","target":["https:\/\/seinesaintdenis.fr\/actualite\/solidarites-sante\/Une-Semaine-bleue-pour-changer-de-regard-sur-nos-aine-e-s\/#respond"]}]},{"@type":"WebPage","@id":"https:\/\/seinesaintdenis.fr\/actualite\/solidarites-sante\/Une-Semaine-bleue-pour-changer-de-regard-sur-nos-aine-e-s\/","url":"https:\/\/seinesaintdenis.fr\/actualite\/solidarites-sante\/Une-Semaine-bleue-pour-changer-de-regard-sur-nos-aine-e-s\/","name":"Une Semaine bleue pour changer de regard sur nos a\u00een\u00e9\u00b7e\u00b7s - Seine-Saint-Denis - L&#039;actualit\u00e9 du d\u00e9partement","isPartOf":{"@id":"https:\/\/seinesaintdenis.fr\/actualite\/#website"},"primaryImageOfPage":{"@id":"https:\/\/seinesaintdenis.fr\/actualite\/solidarites-sante\/Une-Semaine-bleue-pour-changer-de-regard-sur-nos-aine-e-s\/#primaryimage"},"image":{"@id":"https:\/\/seinesaintdenis.fr\/actualite\/solidarites-sante\/Une-Semaine-bleue-pour-changer-de-regard-sur-nos-aine-e-s\/#primaryimage"},"thumbnailUrl":"https:\/\/seinesaintdenis.fr\/actualite\/wp-content\/uploads\/2023\/04\/2f49dd060f554c99ee1b796d923d28.jpg","datePublished":"2022-09-27T13:51:11+00:00","dateModified":"2023-09-01T17:36:05+00:00","breadcrumb":{"@id":"https:\/\/seinesaintdenis.fr\/actualite\/solidarites-sante\/Une-Semaine-bleue-pour-changer-de-regard-sur-nos-aine-e-s\/#breadcrumb"},"inLanguage":"fr-FR","potentialAction":[{"@type":"ReadAction","target":["https:\/\/seinesaintdenis.fr\/actualite\/solidarites-sante\/Une-Semaine-bleue-pour-changer-de-regard-sur-nos-aine-e-s\/"]}]},{"@type":"ImageObject","inLanguage":"fr-FR","@id":"https:\/\/seinesaintdenis.fr\/actualite\/solidarites-sante\/Une-Semaine-bleue-pour-changer-de-regard-sur-nos-aine-e-s\/#primaryimage","url":"https:\/\/seinesaintdenis.fr\/actualite\/wp-content\/uploads\/2023\/04\/2f49dd060f554c99ee1b796d923d28.jpg","contentUrl":"https:\/\/seinesaintdenis.fr\/actualite\/wp-content\/uploads\/2023\/04\/2f49dd060f554c99ee1b796d923d28.jpg","width":760,"height":411},{"@type":"BreadcrumbList","@id":"https:\/\/seinesaintdenis.fr\/actualite\/solidarites-sante\/Une-Semaine-bleue-pour-changer-de-regard-sur-nos-aine-e-s\/#breadcrumb","itemListElement":[{"@type":"ListItem","position":1,"name":"Accueil","item":"https:\/\/seinesaintdenis.fr\/actualite\/"},{"@type":"ListItem","position":2,"name":"Solidarit\u00e9s &amp; Sant\u00e9","item":"https:\/\/seinesaintdenis.fr\/actualite\/solidarites-sante\/"},{"@type":"ListItem","position":3,"name":"Une Semaine bleue pour changer de regard sur nos a\u00een\u00e9\u00b7e\u00b7s"}]},{"@type":"WebSite","@id":"https:\/\/seinesaintdenis.fr\/actualite\/#website","url":"https:\/\/seinesaintdenis.fr\/actualite\/","name":"Seine-Saint-Denis - L'actualit\u00e9 du d\u00e9partement","description":"L&#039;actualit\u00e9 du D\u00e9partement de la Seine-Saint-Denis","publisher":{"@id":"https:\/\/seinesaintdenis.fr\/actualite\/#organization"},"potentialAction":[{"@type":"SearchAction","target":{"@type":"EntryPoint","urlTemplate":"https:\/\/seinesaintdenis.fr\/actualite\/?s={search_term_string}"},"query-input":{"@type":"PropertyValueSpecification","valueRequired":true,"valueName":"search_term_string"}}],"inLanguage":"fr-FR"},{"@type":"Organization","@id":"https:\/\/seinesaintdenis.fr\/actualite\/#organization","name":"Seine-Saint-Denis - Le D\u00e9partement","url":"https:\/\/seinesaintdenis.fr\/actualite\/","logo":{"@type":"ImageObject","inLanguage":"fr-FR","@id":"https:\/\/seinesaintdenis.fr\/actualite\/#\/schema\/logo\/image\/","url":"https:\/\/seinesaintdenis.fr\/actualite\/wp-content\/uploads\/2024\/08\/logo.png","contentUrl":"https:\/\/seinesaintdenis.fr\/actualite\/wp-content\/uploads\/2024\/08\/logo.png","width":567,"height":172,"caption":"Seine-Saint-Denis - Le D\u00e9partement"},"image":{"@id":"https:\/\/seinesaintdenis.fr\/actualite\/#\/schema\/logo\/image\/"},"sameAs":["https:\/\/www.facebook.com\/seinesaintdenisledepartement","https:\/\/x.com\/seinesaintdenis","https:\/\/www.linkedin.com\/company\/seinesaintdenis","https:\/\/www.instagram.com\/seine_saint_denis\/","https:\/\/www.youtube.com\/channel\/UCR5YF9NnqiLCbnrKQgLUcIw"]},{"@type":"Person","@id":"https:\/\/seinesaintdenis.fr\/actualite\/#\/schema\/person\/0ed132e414e4e5a6a6d14bb9fd5b0d3a","name":"Carine Arassus","image":{"@type":"ImageObject","inLanguage":"fr-FR","@id":"https:\/\/secure.gravatar.com\/avatar\/0f981f322f4f99253bcb871f10ae46ce56b35c7fe7c5b8aa9b09ba3a77f6e3c0?s=96&d=mm&r=g","url":"https:\/\/secure.gravatar.com\/avatar\/0f981f322f4f99253bcb871f10ae46ce56b35c7fe7c5b8aa9b09ba3a77f6e3c0?s=96&d=mm&r=g","contentUrl":"https:\/\/secure.gravatar.com\/avatar\/0f981f322f4f99253bcb871f10ae46ce56b35c7fe7c5b8aa9b09ba3a77f6e3c0?s=96&d=mm&r=g","caption":"Carine Arassus"},"url":"https:\/\/seinesaintdenis.fr\/actualite\/author\/carassus\/"}]}},"_links":{"self":[{"href":"https:\/\/seinesaintdenis.fr\/actualite\/wp-json\/wp\/v2\/posts\/1423","targetHints":{"allow":["GET"]}}],"collection":[{"href":"https:\/\/seinesaintdenis.fr\/actualite\/wp-json\/wp\/v2\/posts"}],"about":[{"href":"https:\/\/seinesaintdenis.fr\/actualite\/wp-json\/wp\/v2\/types\/post"}],"author":[{"embeddable":true,"href":"https:\/\/seinesaintdenis.fr\/actualite\/wp-json\/wp\/v2\/users\/12"}],"replies":[{"embeddable":true,"href":"https:\/\/seinesaintdenis.fr\/actualite\/wp-json\/wp\/v2\/comments?post=1423"}],"version-history":[{"count":4,"href":"https:\/\/seinesaintdenis.fr\/actualite\/wp-json\/wp\/v2\/posts\/1423\/revisions"}],"predecessor-version":[{"id":7296,"href":"https:\/\/seinesaintdenis.fr\/actualite\/wp-json\/wp\/v2\/posts\/1423\/revisions\/7296"}],"wp:featuredmedia":[{"embeddable":true,"href":"https:\/\/seinesaintdenis.fr\/actualite\/wp-json\/wp\/v2\/media\/1424"}],"wp:attachment":[{"href":"https:\/\/seinesaintdenis.fr\/actualite\/wp-json\/wp\/v2\/media?parent=1423"}],"wp:term":[{"taxonomy":"category","embeddable":true,"href":"https:\/\/seinesaintdenis.fr\/actualite\/wp-json\/wp\/v2\/categories?post=1423"},{"taxonomy":"ville","embeddable":true,"href":"https:\/\/seinesaintdenis.fr\/actualite\/wp-json\/wp\/v2\/ville?post=1423"}],"curies":[{"name":"wp","href":"https:\/\/api.w.org\/{rel}","templated":true}]}}