{"id":1411,"date":"2022-10-03T17:16:26","date_gmt":"2022-10-03T17:16:26","guid":{"rendered":"https:\/\/seinesaintdenis.fr\/actualite\/uncategorized\/Alain-Gaussel-le-conteur-du-93-a-tourne-la-page\/"},"modified":"2023-05-09T07:52:45","modified_gmt":"2023-05-09T07:52:45","slug":"Alain-Gaussel-le-conteur-du-93-a-tourne-la-page","status":"publish","type":"post","link":"https:\/\/seinesaintdenis.fr\/actualite\/culture-patrimoine\/Alain-Gaussel-le-conteur-du-93-a-tourne-la-page\/","title":{"rendered":"Alain Gaussel, le conteur du 93, a tourn\u00e9 la page"},"content":{"rendered":"<p>Beaucoup d\u2019enfants, devenus aujourd\u2019hui des adultes, ont encore en m\u00e9moire sa voix douce, ses longs cheveux d\u2019id\u00e9aliste et ses histoires longues et belles comme des soirs d\u2019\u00e9t\u00e9. Alain Gaussel, ing\u00e9nieur de profession, mais griot \u00e0 ses heures perdues, s\u2019\u00e9tait fait une sp\u00e9cialit\u00e9 des histoires racont\u00e9es, d\u2019Aulnay \u00e0 La Courneuve, de Sevran \u00e0 Saint-Denis, de cit\u00e9s en cit\u00e9s. Au point d\u2019en avoir tir\u00e9 le titre non officiel de \u00ab\u00a0conteur du 93\u00a0\u00bb.<br class=\"autobr\" \/>\u00c0 92 ans, l\u2019homme ne sortait plus beaucoup de son petit appartement de l\u2019Ile Saint-Denis, o\u00f9 nous l\u2019avions rencontr\u00e9 en novembre 2020. Mais les mots qu\u2019il a distill\u00e9s pendant 50 ans, au cours de longues apr\u00e8s-midis pass\u00e9es \u00e0 lire des contes du monde entier ou ses propres compositions, r\u00e9sonnent encore dans les t\u00eates de ses auditeurs devenus parents, puis de leurs enfants et petits-enfants.<\/p>\n<h3 class=\"spip\">Issu de la bourgeoisie intellectuelle parisienne<\/h3>\n<figure class=\"spip_document_16101 spip_documents spip_documents_center media media_image media_image_jpg\"><img loading=\"lazy\" decoding=\"async\" src=\"IMG\/jpg\/arton2698.jpg\" alt=\"JPEG - 165.9 ko\" width=\"760\" height=\"412\" \/><\/figure>\n<p>Alain Gaussel a d\u00e9couvert tr\u00e8s jeune l\u2019univers \u00e9trange et merveilleux des contes russes que sa grand-m\u00e8re lui lisait tous les soirs. Ing\u00e9nieur agronome et journaliste pour un journal de d\u00e9fense des consommateurs, il est aussi militant antiraciste pour le MRAP et d\u00e9couvre la banlieue en donnant des cours de fran\u00e7ais \u00e0 des travailleurs immigr\u00e9s alg\u00e9riens \u00e0 Clichy-la-Garenne.<br class=\"autobr\" \/>L\u2019enfant des beaux quartiers parisiens veut mieux comprendre ses \u00e9l\u00e8ves et s\u2019installe pr\u00e8s des bidonvilles de Nanterre puis \u00e0 l\u2019\u00cele-Saint-Denis. Au d\u00e9but des ann\u00e9es 70, lors d\u2019une longue balade <i>\u00ab\u00a0destin\u00e9e \u00e0 mieux conna\u00eetre les cit\u00e9s\u00a0\u00bb<\/i>, il s\u2019essaie \u00e0 l\u2019art du conte aupr\u00e8s d\u2019un groupe d\u2019enfants. S\u00e9duit par l\u2019exp\u00e9rience, l\u2019ing\u00e9nieur d\u00e9cide <i>\u00ab\u00a0d\u2019enchanter le quotidien des petits banlieusards\u00a0\u00bb<\/i> et se constitue un r\u00e9pertoire d\u2019une quinzaine de contes d\u00e9j\u00e0 test\u00e9s aupr\u00e8s de ses neveux et ni\u00e8ces. <br class=\"autobr\" \/>Alain, qui fr\u00e9quente assid\u00fbment les biblioth\u00e8ques, consacre alors tous ses loisirs \u00e0 sa passion pour la transmission et pose son tabouret au pied des immeubles \u00e0 la cit\u00e9 des 3000 \u00e0 Aulnay-sous-Bois, au quartier des Beaudottes \u00e0 Sevran, \u00e0 Saint-Denis ou aux 4000 \u00e0 La Courneuve. <br class=\"autobr\" \/><i>\u00ab\u00a0J\u2019ai rencontr\u00e9 une tr\u00e8s bonne \u00e9coute. Surtout, j\u2019ai vite eu le sentiment de faire partie du quartier et de m\u2019y sentir bien\u00a0: les parents et les enfants me reconnaissaient, pour moi, c\u2019\u00e9tait le paradis sur terre\u00a0\u00bb<\/i>, se souvenait celui qui a arpent\u00e9 durant cinquante ans les parcs, \u00e9coles et places publiques de Seine-Saint-Denis. <br class=\"autobr\" \/><i>\u00ab\u00a0Je me suis mis \u00e0 raconter des histoires parce que c\u2019\u00e9tait ma passion. Et quand vous avez une passion, je consid\u00e8re qu\u2019elle doit \u00eatre partag\u00e9e. Que vous soyez peintre, jardinier ou sculpteur, tout le monde devrait partager sa passion avec les autres pour transmettre\u00a0\u00bb<\/i>, soulignait-il tr\u00e8s simplement au micro de Fawzi Arslane, habitant d\u2019Aulnay qui l\u2019avait rencontr\u00e9 au soir de sa vie pour un documentaire sur le Galion, barre d\u2019immeubles embl\u00e9matique de cette ville.<\/p>\n<h3 class=\"spip\">Une l\u00e9gende pour les familles des cit\u00e9s<\/h3>\n<p>Celui que les habitant\u00b7e\u00b7s appellent<i> \u00ab\u00a0le magicien\u00a0\u00bb<\/i> attirait <i>\u00ab\u00a0comme des nu\u00e9es de moineaux\u00a0\u00bb<\/i> les enfants des cit\u00e9s, fascin\u00e9\u00b7e\u00b7s par des contes visuels et pleins de rebondissements. Nawal et Toufik, un couple d\u2019Aulnay-sous-Bois, se souviennent encore de ses passages. <i>\u00ab\u00a0\u00c0 l\u2019\u00e9poque, l\u2019apr\u00e8s-midi, le quartier \u00e9tait bruyant\u00a0: les jeunes jouaient au foot, on faisait de la moto. Quand Alain arrivait, tout le monde se calmait et se mettait en rond pour l\u2019\u00e9couter\u00a0\u00bb<\/i>, confie Toufik.<br class=\"autobr\" \/><i>\u00ab\u00a0Il m\u2019a clairement donn\u00e9 l\u2019amour des livres. C\u2019\u00e9tait un magnifique conteur, doubl\u00e9 d\u2019un militant social. Imaginez-vous, il sacrifiait ses vacances pour \u00eatre avec ceux qui n\u2019avaient pas de vacances\u00a0\u00bb<\/i>, t\u00e9moigne \u00e0 son tour Salima Yenbou, d\u00e9put\u00e9e europ\u00e9enne, qui a grandi aux 3000 \u00e0 Aulnay et guettait le conteur tous les \u00e9t\u00e9s durant ses ann\u00e9es de primaire et de coll\u00e8ge.<\/p>\n<p>Le conteur capable de captiver pendant des heures son auditoire jouit vite d\u2019une certaine aura dans les banlieues et au-del\u00e0 du p\u00e9riph\u00e9rique. En 1987, le photographe Robert Doisneau suit m\u00eame Alain Gaussel au quartier des Francs-Moisins \u00e0 Saint-Denis et le fait poser devant l\u2019objectif.<br class=\"autobr\" \/>Le marchand d\u2019histoires s\u2019inspire d\u2019anecdotes de la vie quotidienne pour cr\u00e9er ses propres contes. Un dimanche, il voit passer trois chats et invente une jolie histoire d\u2019animaux complex\u00e9s par leur pelage. \u00ab\u00a0<i>\u00a0J\u2019ai voulu montrer par cette fable que l\u2019essentiel est de s\u2019aimer tel qu\u2019on est et d\u2019avoir de bons amis\u00a0\u00bb<\/i>. Alain publie entre autres \u00ab\u00a0La grosse pomme\u00a0\u00bb en 1999, \u00ab\u00a0Le grain de riz\u00a0\u00bb en 2006, \u00ab\u00a0Chrysopompe de Pompinasse\u00a0\u00bb ou \u00ab\u00a0Les quatre loups\u00a0\u00bb, r\u00e9cits imagin\u00e9s la nuit entre le sommeil et les r\u00eaves\u2026<br class=\"autobr\" \/>Amoureux des mots, Alain Gaussel n\u2019oubliait pas pour autant les gens. Tr\u00e8s affaibli ces derni\u00e8res ann\u00e9es, il donnait encore de l\u2019argent \u00e0 des personnes dont il jugeait qu\u2019elles avaient besoin d\u2019aide, quand lui-m\u00eame vivait dans un grand d\u00e9nuement. Au soir de sa vie, il avait totalement cess\u00e9 son activit\u00e9 de conteur, mais se disait <i>\u00ab\u00a0pas inquiet pour la suite\u00a0\u00bb<\/i> <i>\u00ab\u00a0Des conteurs, il y en aura tant qu\u2019il y aura des histoires&#8230;\u00a0\u00bb<\/i> Mais il n\u2019y aura eu qu\u2019un Alain Gaussel.<\/p>\n<p>Carine Arassus (avec Christophe Lehousse)<br class=\"autobr\" \/>\u00a9Cr\u00e9dit-photo\u00a0: Bruno L\u00e9vy &#8211; P\u00e9riph\u00e9rie \/ Archives d\u00e9partementales de la Seine-Saint-Denis<\/p>\n<div class=\"texteencadre-spip spip\">La famille d\u2019Alain Gaussel propose au public une apr\u00e8s-midi de rencontres, partages, lectures et verre de l\u2019amiti\u00e9, mercredi 5 octobre, \u00e0 partir de 16h30 au square Fackler de l\u2019Ile Saint-Denis (puis sur la place de la Lib\u00e9ration).<br class=\"autobr\" \/>Venez nombreuses et nombreux vous souvenir de ce personnage haut en couleurs\u00a0!<\/div>\n","protected":false},"excerpt":{"rendered":"Beaucoup d\u2019enfants, devenus aujourd\u2019hui des adultes, ont encore en m\u00e9moire sa voix douce, ses longs cheveux d\u2019id\u00e9aliste et ses histoires longues et belles comme des soirs d\u2019\u00e9t\u00e9. Alain Gaussel, ing\u00e9nieur de profession, mais griot \u00e0 ses heures perdues, s\u2019\u00e9tait fait une sp\u00e9cialit\u00e9 des histoires racont\u00e9es, d\u2019Aulnay \u00e0 La Courneuve, de Sevran \u00e0 Saint-Denis, de cit\u00e9s&#8230; <a class=\"view-article\" href=\"https:\/\/seinesaintdenis.fr\/actualite\/culture-patrimoine\/Alain-Gaussel-le-conteur-du-93-a-tourne-la-page\/\">Voir l&rsquo;article<\/a>","protected":false},"author":12,"featured_media":1412,"comment_status":"open","ping_status":"open","sticky":false,"template":"","format":"standard","meta":{"_acf_changed":false,"footnotes":""},"categories":[9],"ville":[],"class_list":["post-1411","post","type-post","status-publish","format-standard","has-post-thumbnail","hentry","category-culture-patrimoine"],"acf":[],"yoast_head":"<!-- This site is optimized with the Yoast SEO plugin v27.4 - https:\/\/yoast.com\/product\/yoast-seo-wordpress\/ -->\n<title>Alain Gaussel, le conteur du 93, a tourn\u00e9 la page - Seine-Saint-Denis - L&#039;actualit\u00e9 du d\u00e9partement<\/title>\n<meta name=\"robots\" content=\"index, follow, max-snippet:-1, max-image-preview:large, max-video-preview:-1\" \/>\n<link rel=\"canonical\" href=\"https:\/\/seinesaintdenis.fr\/actualite\/culture-patrimoine\/Alain-Gaussel-le-conteur-du-93-a-tourne-la-page\/\" \/>\n<meta property=\"og:locale\" content=\"fr_FR\" \/>\n<meta property=\"og:type\" content=\"article\" \/>\n<meta property=\"og:title\" content=\"Alain Gaussel, le conteur du 93, a tourn\u00e9 la page - Seine-Saint-Denis - L&#039;actualit\u00e9 du d\u00e9partement\" \/>\n<meta property=\"og:url\" content=\"https:\/\/seinesaintdenis.fr\/actualite\/culture-patrimoine\/Alain-Gaussel-le-conteur-du-93-a-tourne-la-page\/\" \/>\n<meta property=\"og:site_name\" content=\"Seine-Saint-Denis - L&#039;actualit\u00e9 du d\u00e9partement\" \/>\n<meta property=\"article:publisher\" content=\"https:\/\/www.facebook.com\/seinesaintdenisledepartement\" \/>\n<meta property=\"article:published_time\" content=\"2022-10-03T17:16:26+00:00\" \/>\n<meta property=\"article:modified_time\" content=\"2023-05-09T07:52:45+00:00\" \/>\n<meta property=\"og:image\" content=\"https:\/\/seinesaintdenis.fr\/actualite\/wp-content\/uploads\/2023\/04\/be17e0f7985e44d92dd9e50316a20e.png\" \/>\n\t<meta property=\"og:image:width\" content=\"760\" \/>\n\t<meta property=\"og:image:height\" content=\"411\" \/>\n\t<meta property=\"og:image:type\" content=\"image\/png\" \/>\n<meta name=\"author\" content=\"Carine Arassus\" \/>\n<meta name=\"twitter:card\" content=\"summary_large_image\" \/>\n<meta name=\"twitter:creator\" content=\"@seinesaintdenis\" \/>\n<meta name=\"twitter:site\" content=\"@seinesaintdenis\" \/>\n<meta name=\"twitter:label1\" content=\"\u00c9crit par\" \/>\n\t<meta name=\"twitter:data1\" content=\"Carine Arassus\" \/>\n\t<meta name=\"twitter:label2\" content=\"Dur\u00e9e de lecture estim\u00e9e\" \/>\n\t<meta name=\"twitter:data2\" content=\"5 minutes\" \/>\n<script type=\"application\/ld+json\" class=\"yoast-schema-graph\">{\"@context\":\"https:\\\/\\\/schema.org\",\"@graph\":[{\"@type\":\"Article\",\"@id\":\"https:\\\/\\\/seinesaintdenis.fr\\\/actualite\\\/culture-patrimoine\\\/Alain-Gaussel-le-conteur-du-93-a-tourne-la-page\\\/#article\",\"isPartOf\":{\"@id\":\"https:\\\/\\\/seinesaintdenis.fr\\\/actualite\\\/culture-patrimoine\\\/Alain-Gaussel-le-conteur-du-93-a-tourne-la-page\\\/\"},\"author\":{\"name\":\"Carine Arassus\",\"@id\":\"https:\\\/\\\/seinesaintdenis.fr\\\/actualite\\\/#\\\/schema\\\/person\\\/0ed132e414e4e5a6a6d14bb9fd5b0d3a\"},\"headline\":\"Alain Gaussel, le conteur du 93, a tourn\u00e9 la page\",\"datePublished\":\"2022-10-03T17:16:26+00:00\",\"dateModified\":\"2023-05-09T07:52:45+00:00\",\"mainEntityOfPage\":{\"@id\":\"https:\\\/\\\/seinesaintdenis.fr\\\/actualite\\\/culture-patrimoine\\\/Alain-Gaussel-le-conteur-du-93-a-tourne-la-page\\\/\"},\"wordCount\":969,\"commentCount\":2,\"publisher\":{\"@id\":\"https:\\\/\\\/seinesaintdenis.fr\\\/actualite\\\/#organization\"},\"image\":{\"@id\":\"https:\\\/\\\/seinesaintdenis.fr\\\/actualite\\\/culture-patrimoine\\\/Alain-Gaussel-le-conteur-du-93-a-tourne-la-page\\\/#primaryimage\"},\"thumbnailUrl\":\"https:\\\/\\\/seinesaintdenis.fr\\\/actualite\\\/wp-content\\\/uploads\\\/2023\\\/04\\\/be17e0f7985e44d92dd9e50316a20e.png\",\"articleSection\":[\"Culture &amp; Patrimoine\"],\"inLanguage\":\"fr-FR\",\"potentialAction\":[{\"@type\":\"CommentAction\",\"name\":\"Comment\",\"target\":[\"https:\\\/\\\/seinesaintdenis.fr\\\/actualite\\\/culture-patrimoine\\\/Alain-Gaussel-le-conteur-du-93-a-tourne-la-page\\\/#respond\"]}]},{\"@type\":\"WebPage\",\"@id\":\"https:\\\/\\\/seinesaintdenis.fr\\\/actualite\\\/culture-patrimoine\\\/Alain-Gaussel-le-conteur-du-93-a-tourne-la-page\\\/\",\"url\":\"https:\\\/\\\/seinesaintdenis.fr\\\/actualite\\\/culture-patrimoine\\\/Alain-Gaussel-le-conteur-du-93-a-tourne-la-page\\\/\",\"name\":\"Alain Gaussel, le conteur du 93, a tourn\u00e9 la page - Seine-Saint-Denis - L&#039;actualit\u00e9 du d\u00e9partement\",\"isPartOf\":{\"@id\":\"https:\\\/\\\/seinesaintdenis.fr\\\/actualite\\\/#website\"},\"primaryImageOfPage\":{\"@id\":\"https:\\\/\\\/seinesaintdenis.fr\\\/actualite\\\/culture-patrimoine\\\/Alain-Gaussel-le-conteur-du-93-a-tourne-la-page\\\/#primaryimage\"},\"image\":{\"@id\":\"https:\\\/\\\/seinesaintdenis.fr\\\/actualite\\\/culture-patrimoine\\\/Alain-Gaussel-le-conteur-du-93-a-tourne-la-page\\\/#primaryimage\"},\"thumbnailUrl\":\"https:\\\/\\\/seinesaintdenis.fr\\\/actualite\\\/wp-content\\\/uploads\\\/2023\\\/04\\\/be17e0f7985e44d92dd9e50316a20e.png\",\"datePublished\":\"2022-10-03T17:16:26+00:00\",\"dateModified\":\"2023-05-09T07:52:45+00:00\",\"breadcrumb\":{\"@id\":\"https:\\\/\\\/seinesaintdenis.fr\\\/actualite\\\/culture-patrimoine\\\/Alain-Gaussel-le-conteur-du-93-a-tourne-la-page\\\/#breadcrumb\"},\"inLanguage\":\"fr-FR\",\"potentialAction\":[{\"@type\":\"ReadAction\",\"target\":[\"https:\\\/\\\/seinesaintdenis.fr\\\/actualite\\\/culture-patrimoine\\\/Alain-Gaussel-le-conteur-du-93-a-tourne-la-page\\\/\"]}]},{\"@type\":\"ImageObject\",\"inLanguage\":\"fr-FR\",\"@id\":\"https:\\\/\\\/seinesaintdenis.fr\\\/actualite\\\/culture-patrimoine\\\/Alain-Gaussel-le-conteur-du-93-a-tourne-la-page\\\/#primaryimage\",\"url\":\"https:\\\/\\\/seinesaintdenis.fr\\\/actualite\\\/wp-content\\\/uploads\\\/2023\\\/04\\\/be17e0f7985e44d92dd9e50316a20e.png\",\"contentUrl\":\"https:\\\/\\\/seinesaintdenis.fr\\\/actualite\\\/wp-content\\\/uploads\\\/2023\\\/04\\\/be17e0f7985e44d92dd9e50316a20e.png\",\"width\":760,\"height\":411},{\"@type\":\"BreadcrumbList\",\"@id\":\"https:\\\/\\\/seinesaintdenis.fr\\\/actualite\\\/culture-patrimoine\\\/Alain-Gaussel-le-conteur-du-93-a-tourne-la-page\\\/#breadcrumb\",\"itemListElement\":[{\"@type\":\"ListItem\",\"position\":1,\"name\":\"Accueil\",\"item\":\"https:\\\/\\\/seinesaintdenis.fr\\\/actualite\\\/\"},{\"@type\":\"ListItem\",\"position\":2,\"name\":\"Culture &amp; Patrimoine\",\"item\":\"https:\\\/\\\/seinesaintdenis.fr\\\/actualite\\\/culture-patrimoine\\\/\"},{\"@type\":\"ListItem\",\"position\":3,\"name\":\"Alain Gaussel, le conteur du 93, a tourn\u00e9 la page\"}]},{\"@type\":\"WebSite\",\"@id\":\"https:\\\/\\\/seinesaintdenis.fr\\\/actualite\\\/#website\",\"url\":\"https:\\\/\\\/seinesaintdenis.fr\\\/actualite\\\/\",\"name\":\"Seine-Saint-Denis - L'actualit\u00e9 du d\u00e9partement\",\"description\":\"L&#039;actualit\u00e9 du D\u00e9partement de la Seine-Saint-Denis\",\"publisher\":{\"@id\":\"https:\\\/\\\/seinesaintdenis.fr\\\/actualite\\\/#organization\"},\"potentialAction\":[{\"@type\":\"SearchAction\",\"target\":{\"@type\":\"EntryPoint\",\"urlTemplate\":\"https:\\\/\\\/seinesaintdenis.fr\\\/actualite\\\/?s={search_term_string}\"},\"query-input\":{\"@type\":\"PropertyValueSpecification\",\"valueRequired\":true,\"valueName\":\"search_term_string\"}}],\"inLanguage\":\"fr-FR\"},{\"@type\":\"Organization\",\"@id\":\"https:\\\/\\\/seinesaintdenis.fr\\\/actualite\\\/#organization\",\"name\":\"Seine-Saint-Denis - Le D\u00e9partement\",\"url\":\"https:\\\/\\\/seinesaintdenis.fr\\\/actualite\\\/\",\"logo\":{\"@type\":\"ImageObject\",\"inLanguage\":\"fr-FR\",\"@id\":\"https:\\\/\\\/seinesaintdenis.fr\\\/actualite\\\/#\\\/schema\\\/logo\\\/image\\\/\",\"url\":\"https:\\\/\\\/seinesaintdenis.fr\\\/actualite\\\/wp-content\\\/uploads\\\/2024\\\/08\\\/logo.png\",\"contentUrl\":\"https:\\\/\\\/seinesaintdenis.fr\\\/actualite\\\/wp-content\\\/uploads\\\/2024\\\/08\\\/logo.png\",\"width\":567,\"height\":172,\"caption\":\"Seine-Saint-Denis - Le D\u00e9partement\"},\"image\":{\"@id\":\"https:\\\/\\\/seinesaintdenis.fr\\\/actualite\\\/#\\\/schema\\\/logo\\\/image\\\/\"},\"sameAs\":[\"https:\\\/\\\/www.facebook.com\\\/seinesaintdenisledepartement\",\"https:\\\/\\\/x.com\\\/seinesaintdenis\",\"https:\\\/\\\/www.linkedin.com\\\/company\\\/seinesaintdenis\",\"https:\\\/\\\/www.instagram.com\\\/seine_saint_denis\\\/\",\"https:\\\/\\\/www.youtube.com\\\/channel\\\/UCR5YF9NnqiLCbnrKQgLUcIw\"]},{\"@type\":\"Person\",\"@id\":\"https:\\\/\\\/seinesaintdenis.fr\\\/actualite\\\/#\\\/schema\\\/person\\\/0ed132e414e4e5a6a6d14bb9fd5b0d3a\",\"name\":\"Carine Arassus\",\"image\":{\"@type\":\"ImageObject\",\"inLanguage\":\"fr-FR\",\"@id\":\"https:\\\/\\\/secure.gravatar.com\\\/avatar\\\/0f981f322f4f99253bcb871f10ae46ce56b35c7fe7c5b8aa9b09ba3a77f6e3c0?s=96&d=mm&r=g\",\"url\":\"https:\\\/\\\/secure.gravatar.com\\\/avatar\\\/0f981f322f4f99253bcb871f10ae46ce56b35c7fe7c5b8aa9b09ba3a77f6e3c0?s=96&d=mm&r=g\",\"contentUrl\":\"https:\\\/\\\/secure.gravatar.com\\\/avatar\\\/0f981f322f4f99253bcb871f10ae46ce56b35c7fe7c5b8aa9b09ba3a77f6e3c0?s=96&d=mm&r=g\",\"caption\":\"Carine Arassus\"},\"url\":\"https:\\\/\\\/seinesaintdenis.fr\\\/actualite\\\/author\\\/carassus\\\/\"}]}<\/script>\n<!-- \/ Yoast SEO plugin. -->","yoast_head_json":{"title":"Alain Gaussel, le conteur du 93, a tourn\u00e9 la page - Seine-Saint-Denis - L&#039;actualit\u00e9 du d\u00e9partement","robots":{"index":"index","follow":"follow","max-snippet":"max-snippet:-1","max-image-preview":"max-image-preview:large","max-video-preview":"max-video-preview:-1"},"canonical":"https:\/\/seinesaintdenis.fr\/actualite\/culture-patrimoine\/Alain-Gaussel-le-conteur-du-93-a-tourne-la-page\/","og_locale":"fr_FR","og_type":"article","og_title":"Alain Gaussel, le conteur du 93, a tourn\u00e9 la page - Seine-Saint-Denis - L&#039;actualit\u00e9 du d\u00e9partement","og_url":"https:\/\/seinesaintdenis.fr\/actualite\/culture-patrimoine\/Alain-Gaussel-le-conteur-du-93-a-tourne-la-page\/","og_site_name":"Seine-Saint-Denis - L&#039;actualit\u00e9 du d\u00e9partement","article_publisher":"https:\/\/www.facebook.com\/seinesaintdenisledepartement","article_published_time":"2022-10-03T17:16:26+00:00","article_modified_time":"2023-05-09T07:52:45+00:00","og_image":[{"width":760,"height":411,"url":"https:\/\/seinesaintdenis.fr\/actualite\/wp-content\/uploads\/2023\/04\/be17e0f7985e44d92dd9e50316a20e.png","type":"image\/png"}],"author":"Carine Arassus","twitter_card":"summary_large_image","twitter_creator":"@seinesaintdenis","twitter_site":"@seinesaintdenis","twitter_misc":{"\u00c9crit par":"Carine Arassus","Dur\u00e9e de lecture estim\u00e9e":"5 minutes"},"schema":{"@context":"https:\/\/schema.org","@graph":[{"@type":"Article","@id":"https:\/\/seinesaintdenis.fr\/actualite\/culture-patrimoine\/Alain-Gaussel-le-conteur-du-93-a-tourne-la-page\/#article","isPartOf":{"@id":"https:\/\/seinesaintdenis.fr\/actualite\/culture-patrimoine\/Alain-Gaussel-le-conteur-du-93-a-tourne-la-page\/"},"author":{"name":"Carine Arassus","@id":"https:\/\/seinesaintdenis.fr\/actualite\/#\/schema\/person\/0ed132e414e4e5a6a6d14bb9fd5b0d3a"},"headline":"Alain Gaussel, le conteur du 93, a tourn\u00e9 la page","datePublished":"2022-10-03T17:16:26+00:00","dateModified":"2023-05-09T07:52:45+00:00","mainEntityOfPage":{"@id":"https:\/\/seinesaintdenis.fr\/actualite\/culture-patrimoine\/Alain-Gaussel-le-conteur-du-93-a-tourne-la-page\/"},"wordCount":969,"commentCount":2,"publisher":{"@id":"https:\/\/seinesaintdenis.fr\/actualite\/#organization"},"image":{"@id":"https:\/\/seinesaintdenis.fr\/actualite\/culture-patrimoine\/Alain-Gaussel-le-conteur-du-93-a-tourne-la-page\/#primaryimage"},"thumbnailUrl":"https:\/\/seinesaintdenis.fr\/actualite\/wp-content\/uploads\/2023\/04\/be17e0f7985e44d92dd9e50316a20e.png","articleSection":["Culture &amp; Patrimoine"],"inLanguage":"fr-FR","potentialAction":[{"@type":"CommentAction","name":"Comment","target":["https:\/\/seinesaintdenis.fr\/actualite\/culture-patrimoine\/Alain-Gaussel-le-conteur-du-93-a-tourne-la-page\/#respond"]}]},{"@type":"WebPage","@id":"https:\/\/seinesaintdenis.fr\/actualite\/culture-patrimoine\/Alain-Gaussel-le-conteur-du-93-a-tourne-la-page\/","url":"https:\/\/seinesaintdenis.fr\/actualite\/culture-patrimoine\/Alain-Gaussel-le-conteur-du-93-a-tourne-la-page\/","name":"Alain Gaussel, le conteur du 93, a tourn\u00e9 la page - Seine-Saint-Denis - L&#039;actualit\u00e9 du d\u00e9partement","isPartOf":{"@id":"https:\/\/seinesaintdenis.fr\/actualite\/#website"},"primaryImageOfPage":{"@id":"https:\/\/seinesaintdenis.fr\/actualite\/culture-patrimoine\/Alain-Gaussel-le-conteur-du-93-a-tourne-la-page\/#primaryimage"},"image":{"@id":"https:\/\/seinesaintdenis.fr\/actualite\/culture-patrimoine\/Alain-Gaussel-le-conteur-du-93-a-tourne-la-page\/#primaryimage"},"thumbnailUrl":"https:\/\/seinesaintdenis.fr\/actualite\/wp-content\/uploads\/2023\/04\/be17e0f7985e44d92dd9e50316a20e.png","datePublished":"2022-10-03T17:16:26+00:00","dateModified":"2023-05-09T07:52:45+00:00","breadcrumb":{"@id":"https:\/\/seinesaintdenis.fr\/actualite\/culture-patrimoine\/Alain-Gaussel-le-conteur-du-93-a-tourne-la-page\/#breadcrumb"},"inLanguage":"fr-FR","potentialAction":[{"@type":"ReadAction","target":["https:\/\/seinesaintdenis.fr\/actualite\/culture-patrimoine\/Alain-Gaussel-le-conteur-du-93-a-tourne-la-page\/"]}]},{"@type":"ImageObject","inLanguage":"fr-FR","@id":"https:\/\/seinesaintdenis.fr\/actualite\/culture-patrimoine\/Alain-Gaussel-le-conteur-du-93-a-tourne-la-page\/#primaryimage","url":"https:\/\/seinesaintdenis.fr\/actualite\/wp-content\/uploads\/2023\/04\/be17e0f7985e44d92dd9e50316a20e.png","contentUrl":"https:\/\/seinesaintdenis.fr\/actualite\/wp-content\/uploads\/2023\/04\/be17e0f7985e44d92dd9e50316a20e.png","width":760,"height":411},{"@type":"BreadcrumbList","@id":"https:\/\/seinesaintdenis.fr\/actualite\/culture-patrimoine\/Alain-Gaussel-le-conteur-du-93-a-tourne-la-page\/#breadcrumb","itemListElement":[{"@type":"ListItem","position":1,"name":"Accueil","item":"https:\/\/seinesaintdenis.fr\/actualite\/"},{"@type":"ListItem","position":2,"name":"Culture &amp; Patrimoine","item":"https:\/\/seinesaintdenis.fr\/actualite\/culture-patrimoine\/"},{"@type":"ListItem","position":3,"name":"Alain Gaussel, le conteur du 93, a tourn\u00e9 la page"}]},{"@type":"WebSite","@id":"https:\/\/seinesaintdenis.fr\/actualite\/#website","url":"https:\/\/seinesaintdenis.fr\/actualite\/","name":"Seine-Saint-Denis - L'actualit\u00e9 du d\u00e9partement","description":"L&#039;actualit\u00e9 du D\u00e9partement de la Seine-Saint-Denis","publisher":{"@id":"https:\/\/seinesaintdenis.fr\/actualite\/#organization"},"potentialAction":[{"@type":"SearchAction","target":{"@type":"EntryPoint","urlTemplate":"https:\/\/seinesaintdenis.fr\/actualite\/?s={search_term_string}"},"query-input":{"@type":"PropertyValueSpecification","valueRequired":true,"valueName":"search_term_string"}}],"inLanguage":"fr-FR"},{"@type":"Organization","@id":"https:\/\/seinesaintdenis.fr\/actualite\/#organization","name":"Seine-Saint-Denis - Le D\u00e9partement","url":"https:\/\/seinesaintdenis.fr\/actualite\/","logo":{"@type":"ImageObject","inLanguage":"fr-FR","@id":"https:\/\/seinesaintdenis.fr\/actualite\/#\/schema\/logo\/image\/","url":"https:\/\/seinesaintdenis.fr\/actualite\/wp-content\/uploads\/2024\/08\/logo.png","contentUrl":"https:\/\/seinesaintdenis.fr\/actualite\/wp-content\/uploads\/2024\/08\/logo.png","width":567,"height":172,"caption":"Seine-Saint-Denis - Le D\u00e9partement"},"image":{"@id":"https:\/\/seinesaintdenis.fr\/actualite\/#\/schema\/logo\/image\/"},"sameAs":["https:\/\/www.facebook.com\/seinesaintdenisledepartement","https:\/\/x.com\/seinesaintdenis","https:\/\/www.linkedin.com\/company\/seinesaintdenis","https:\/\/www.instagram.com\/seine_saint_denis\/","https:\/\/www.youtube.com\/channel\/UCR5YF9NnqiLCbnrKQgLUcIw"]},{"@type":"Person","@id":"https:\/\/seinesaintdenis.fr\/actualite\/#\/schema\/person\/0ed132e414e4e5a6a6d14bb9fd5b0d3a","name":"Carine Arassus","image":{"@type":"ImageObject","inLanguage":"fr-FR","@id":"https:\/\/secure.gravatar.com\/avatar\/0f981f322f4f99253bcb871f10ae46ce56b35c7fe7c5b8aa9b09ba3a77f6e3c0?s=96&d=mm&r=g","url":"https:\/\/secure.gravatar.com\/avatar\/0f981f322f4f99253bcb871f10ae46ce56b35c7fe7c5b8aa9b09ba3a77f6e3c0?s=96&d=mm&r=g","contentUrl":"https:\/\/secure.gravatar.com\/avatar\/0f981f322f4f99253bcb871f10ae46ce56b35c7fe7c5b8aa9b09ba3a77f6e3c0?s=96&d=mm&r=g","caption":"Carine Arassus"},"url":"https:\/\/seinesaintdenis.fr\/actualite\/author\/carassus\/"}]}},"_links":{"self":[{"href":"https:\/\/seinesaintdenis.fr\/actualite\/wp-json\/wp\/v2\/posts\/1411","targetHints":{"allow":["GET"]}}],"collection":[{"href":"https:\/\/seinesaintdenis.fr\/actualite\/wp-json\/wp\/v2\/posts"}],"about":[{"href":"https:\/\/seinesaintdenis.fr\/actualite\/wp-json\/wp\/v2\/types\/post"}],"author":[{"embeddable":true,"href":"https:\/\/seinesaintdenis.fr\/actualite\/wp-json\/wp\/v2\/users\/12"}],"replies":[{"embeddable":true,"href":"https:\/\/seinesaintdenis.fr\/actualite\/wp-json\/wp\/v2\/comments?post=1411"}],"version-history":[{"count":1,"href":"https:\/\/seinesaintdenis.fr\/actualite\/wp-json\/wp\/v2\/posts\/1411\/revisions"}],"predecessor-version":[{"id":1846,"href":"https:\/\/seinesaintdenis.fr\/actualite\/wp-json\/wp\/v2\/posts\/1411\/revisions\/1846"}],"wp:featuredmedia":[{"embeddable":true,"href":"https:\/\/seinesaintdenis.fr\/actualite\/wp-json\/wp\/v2\/media\/1412"}],"wp:attachment":[{"href":"https:\/\/seinesaintdenis.fr\/actualite\/wp-json\/wp\/v2\/media?parent=1411"}],"wp:term":[{"taxonomy":"category","embeddable":true,"href":"https:\/\/seinesaintdenis.fr\/actualite\/wp-json\/wp\/v2\/categories?post=1411"},{"taxonomy":"ville","embeddable":true,"href":"https:\/\/seinesaintdenis.fr\/actualite\/wp-json\/wp\/v2\/ville?post=1411"}],"curies":[{"name":"wp","href":"https:\/\/api.w.org\/{rel}","templated":true}]}}