{"id":1389,"date":"2022-10-11T15:05:25","date_gmt":"2022-10-11T15:05:25","guid":{"rendered":"https:\/\/seinesaintdenis.fr\/actualite\/uncategorized\/Le-Departement-propose-un-eventail-de-solutions-aux-aidants-familiaux\/"},"modified":"2023-05-09T08:22:52","modified_gmt":"2023-05-09T08:22:52","slug":"Le-Departement-propose-un-eventail-de-solutions-aux-aidants-familiaux","status":"publish","type":"post","link":"https:\/\/seinesaintdenis.fr\/actualite\/solidarites-sante\/Le-Departement-propose-un-eventail-de-solutions-aux-aidants-familiaux\/","title":{"rendered":"Le D\u00e9partement propose un \u00e9ventail de solutions aux aidants familiaux"},"content":{"rendered":"<p><i>\u00ab\u00a0Aucun parent n\u2019a re\u00e7u une notice explicative \u00e0 la naissance, c\u2019est encore plus vrai pour les enfants en situation de handicap. Dans ce cas, le besoin de s\u2019informer sur des tas de sujets est vital\u00a0: sant\u00e9, \u00e9ducation, structures d\u2019accueil, aides, associations de soutien, etc.\u00a0\u00bb<\/i>. A l\u2019instar de nombreux autres proches aidants, Serge, un habitant de Pantin, est venu partager son exp\u00e9rience \u00e0 l\u2019occasion du point d\u2019information et de sensibilisation que le D\u00e9partement a organis\u00e9 \u00e0 la bourse du travail le 6 octobre dans le cadre de la journ\u00e9e nationale des aidants. Sa fille Claire, 42 ans, est trisomique, souffre de troubles autistiques, dort tr\u00e8s peu et a besoin en permanence d\u2019une tierce personne pour les gestes de la vie quotidienne.<\/p>\n<p><i>\u00ab\u00a0Les premiers temps ont \u00e9t\u00e9 extr\u00eamement difficiles<\/i>, se rem\u00e9more l\u2019ancien cadre administratif, aujourd\u2019hui \u00e0 la retraite. <i>L\u2019int\u00e9gration en milieu prot\u00e9g\u00e9 n\u2019est pas un long fleuve tranquille. Il a fallu qu\u2019on se batte, ma femme et moi, pour que Claire soit accueillie petite \u00e0 l\u2019IMP (institut m\u00e9dico-p\u00e9dagogique) de Pantin puis \u00e0 l\u2019IME (Institut m\u00e9dico-\u00e9ducatif) de Rosny-sous-Bois. A ses 18 ans, elle a int\u00e9gr\u00e9 la MAS (maison d\u2019accueil sp\u00e9cialis\u00e9) d\u2019Aubervilliers o\u00f9 elle est interne depuis 2010.\u00a0\u00bb<\/i> Pour lui et sa femme, Elisabeth, les principales difficult\u00e9s rencontr\u00e9es quand Claire \u00e9tait encore externe ont \u00e9t\u00e9 de trouver des aides \u00e0 domicile fiables, g\u00e9rer les d\u00e9placements et l\u2019organisation de leur temps de travail. <i>\u00ab\u00a0Nous avons le sentiment que notre fille est heureuse, et nous aussi nous sommes heureux<\/i>, glisse Serge. <i>Les \u00e9motions et la facult\u00e9 d\u2019aimer ne sont pas en situation de handicap.\u00a0\u00bb<\/i> Depuis plusieurs ann\u00e9es, le couple, fort de son exp\u00e9rience, court les \u00e9v\u00e9nements organis\u00e9s dans le d\u00e9partement sur la question des aidants familiaux pour apporter soutien et conseil.<\/p>\n<h3 class=\"spip\">\u00catre bien entour\u00e9<\/h3>\n<figure class=\"spip_document_16113 spip_documents spip_documents_center media media_image media_image_jpg\"><img loading=\"lazy\" decoding=\"async\" src=\"IMG\/jpg\/arton3175.jpg\" alt=\"JPEG - 322.3 ko\" width=\"760\" height=\"412\" \/><\/figure>\n<p>Pour le D\u00e9partement, le sort des aidants familiaux demeure une priorit\u00e9\u00a0: 160 000 personnes sont concern\u00e9es par les probl\u00e9matiques de d\u00e9pendance en Seine-Saint-Denis, alors m\u00eame que la population de personnes de plus de 75 ans va doubler d\u2019ici \u00e0 2030. D\u2019apr\u00e8s le pr\u00e9sident du Conseil d\u00e9partemental, St\u00e9phane Troussel, une personne sur sept s\u2019occupe d\u2019un proche d\u00e9pendant et le territoire reste encore tr\u00e8s largement sous-dot\u00e9 en places dans les structures d\u2019accueil sp\u00e9cialis\u00e9es. Ce que confirme la Maison d\u00e9partementale pour les personnes handicap\u00e9es (MDPH)\u00a0: actuellement quelque 6400 usagers sont en recherche active d\u2019admission dans les \u00e9tablissements et services m\u00e9dico-sociaux (ESMS) pour enfants alors que la capacit\u00e9 d\u2019accueil existante est d\u2019environ 3 000 places. M\u00eame constat dans les ESMS pour adultes o\u00f9 il faudrait cr\u00e9er au moins 800 places suppl\u00e9mentaires. R\u00e9sultat, si le r\u00f4le d\u2019aidant repr\u00e9sente un engagement humain formidable, il est souvent \u00e0 l\u2019arriv\u00e9e un labeur synonyme de nombreux sacrifices.<\/p>\n<p>Samira en sait quelque chose. Depuis douze ans, cette Dranc\u00e9enne s\u2019occupe jour et nuit de son fils polyhandicap\u00e9 et IMC (infirmit\u00e9 motrice c\u00e9r\u00e9brale). <i>\u00ab\u00a0C\u2019est un grand pr\u00e9matur\u00e9, il est n\u00e9 \u00e0 30 semaines, et il souffre \u00e9galement d\u2019une maladie g\u00e9n\u00e9tique mais il est l\u00e0, c\u2019est un vrai battant\u00a0\u00bb<\/i>, raconte avec un d\u00e9bit rapide cette m\u00e8re de trois enfants. <i>\u00ab\u00a0Je parle vite car je suis tr\u00e8s fatigu\u00e9e, je dors 2h30 par nuit en moyenne car il faut \u00eatre continuellement au chevet de mon fils. C\u2019est le stress qu\u2019il ne lui arrive rien qui me fait tenir mais il faut admettre que, m\u00eame si on s\u2019habitue un peu, c\u2019est difficile.\u00a0\u00bb<\/i> Heureusement, Samira est entour\u00e9e de gens de confiance. Sa famille, ses amis. <i>\u00ab\u00a0Nos deux filles ain\u00e9es nous aident \u00e9norm\u00e9ment, mon mari et moi.\u00a0\u00bb<\/i> Son gar\u00e7on a \u00e9t\u00e9 admis en IME la journ\u00e9e (<i>\u00ab\u00a0une chance car les listes d\u2019attente sont tr\u00e8s longues\u00a0\u00bb<\/i>, rappelle la jeune femme), ce qui permet \u00e0 Samira de continuer \u00e0 travailler. <i>\u00ab\u00a0La journ\u00e9e nationale des aidants permet de faire le point sur une situation compliqu\u00e9e<\/i>, dit-elle. <i>Je me suis constitu\u00e9e un r\u00e9seau de contacts que je souhaite partager \u00e0 de nombreuses familles car beaucoup d\u2019entre elles ont le sentiment d\u2019\u00eatre livr\u00e9es \u00e0 elles-m\u00eames.\u00a0\u00bb\u00a0<\/i><\/p>\n<h3 class=\"spip\">Quatre plateformes d\u2019accompagnement et de r\u00e9pit<\/h3>\n<p>Conscient du risque d\u2019\u00e9puisement qui menace \u00e0 chaque instant les proches des personnes touch\u00e9es par une perte d\u2019autonomie, le D\u00e9partement a r\u00e9cemment mis en place un plan d\u2019actions pour les informer sur leurs droits et leur proposer des solutions de r\u00e9pit sur le territoire. Ainsi du site <a class=\"spip_out\" href=\"https:\/\/www.aidant.seinesaintdenis.fr\/\" rel=\"external\">aidant.seinesaintdenis.fr, qui a vu le jour en juin dernier et qui r\u00e9pertorie toutes les ressources de proximit\u00e9 gr\u00e2ce \u00e0 un syst\u00e8me de cartographie<\/a>. <i>\u00ab\u00a0Pour \u00eatre accessible au plus grand nombre, un guide papier tr\u00e8s complet, reprenant le contenu du site officiel, est diffus\u00e9 dans tous les accueils associatifs et m\u00e9dico-sociaux depuis ce mois d\u2019octobre\u00a0\u00bb<\/i>, pr\u00e9cise Isma Osmane Zalambani, conseill\u00e8re technique sociale au D\u00e9partement. Encore assez peu connues, les quatre plateformes d\u2019accompagnement et de r\u00e9pit de Seine-Saint-Denis (Livry-Gargan, Aulnay-sous-Bois, Le Pr\u00e9 Saint-Gervais et Stains) r\u00e9pondent aux besoins d\u2019information et d\u2019orientation des aidants. Elles proposent \u00e9galement des activit\u00e9s de relaxation et des services de \u00ab\u00a0relayage\u00a0\u00bb \u00e0 domicile (remplacement momentan\u00e9). Autre solution\u00a0: les accueils de jour qui pr\u00e9servent l\u2019autonomie et la socialisation par des ateliers de th\u00e9rapies non m\u00e9dicamenteuses visant \u00e0 stimuler la m\u00e9moire, la concentration et offrir un peu de temps libre aux proches.<\/p>\n<p>Face au succ\u00e8s de l\u2019an pass\u00e9, le D\u00e9partement a aussi renouvel\u00e9 son soutien financier \u00e0 la caravane \u00ab\u00a0Tous Aidants\u00a0\u00bb en juin dernier, un dispositif qui permet d\u2019aller \u00e0 la rencontre de l\u2019entourage des personnes d\u00e9pendantes et qui lui sert de lieu-ressource car il pourra y trouver une mine d\u2019informations et des solutions d\u2019accompagnement. Apr\u00e8s s\u2019\u00eatre arr\u00eat\u00e9e sur le parvis Lucie-Aubrac des Lilas, la caravane a parcouru toute la France cet \u00e9t\u00e9. <a class=\"spip_out\" href=\"https:\/\/lacompagniedesaidants.org\/\" rel=\"external\">L\u2019association La Compagnie des aidants, \u00e0 l\u2019origine de cette caravane<\/a>, organise aussi une permanence t\u00e9l\u00e9phonique, diffuse des guides gratuits et dispense des formations en ligne \u00ab\u00a0gestes et postures\u00a0\u00bb pour r\u00e9pondre \u00e0 tous les besoins de son proche.<\/p>\n","protected":false},"excerpt":{"rendered":"\u00ab\u00a0Aucun parent n\u2019a re\u00e7u une notice explicative \u00e0 la naissance, c\u2019est encore plus vrai pour les enfants en situation de handicap. Dans ce cas, le besoin de s\u2019informer sur des tas de sujets est vital\u00a0: sant\u00e9, \u00e9ducation, structures d\u2019accueil, aides, associations de soutien, etc.\u00a0\u00bb. A l\u2019instar de nombreux autres proches aidants, Serge, un habitant de&#8230; <a class=\"view-article\" href=\"https:\/\/seinesaintdenis.fr\/actualite\/solidarites-sante\/Le-Departement-propose-un-eventail-de-solutions-aux-aidants-familiaux\/\">Voir l&rsquo;article<\/a>","protected":false},"author":26,"featured_media":1390,"comment_status":"open","ping_status":"open","sticky":false,"template":"","format":"standard","meta":{"_acf_changed":false,"footnotes":""},"categories":[169,11],"ville":[62],"class_list":["post-1389","post","type-post","status-publish","format-standard","has-post-thumbnail","hentry","category-handicap","category-solidarites-sante"],"acf":[],"yoast_head":"<!-- This site is optimized with the Yoast SEO plugin v27.5 - https:\/\/yoast.com\/product\/yoast-seo-wordpress\/ -->\n<title>Le D\u00e9partement propose un \u00e9ventail de solutions aux aidants familiaux - Seine-Saint-Denis - L&#039;actualit\u00e9 du d\u00e9partement<\/title>\n<meta name=\"robots\" content=\"index, follow, max-snippet:-1, max-image-preview:large, max-video-preview:-1\" \/>\n<link rel=\"canonical\" href=\"https:\/\/seinesaintdenis.fr\/actualite\/solidarites-sante\/Le-Departement-propose-un-eventail-de-solutions-aux-aidants-familiaux\/\" \/>\n<meta property=\"og:locale\" content=\"fr_FR\" \/>\n<meta property=\"og:type\" content=\"article\" \/>\n<meta property=\"og:title\" content=\"Le D\u00e9partement propose un \u00e9ventail de solutions aux aidants familiaux - Seine-Saint-Denis - L&#039;actualit\u00e9 du d\u00e9partement\" \/>\n<meta property=\"og:url\" content=\"https:\/\/seinesaintdenis.fr\/actualite\/solidarites-sante\/Le-Departement-propose-un-eventail-de-solutions-aux-aidants-familiaux\/\" \/>\n<meta property=\"og:site_name\" content=\"Seine-Saint-Denis - L&#039;actualit\u00e9 du d\u00e9partement\" \/>\n<meta property=\"article:publisher\" content=\"https:\/\/www.facebook.com\/seinesaintdenisledepartement\" \/>\n<meta property=\"article:published_time\" content=\"2022-10-11T15:05:25+00:00\" \/>\n<meta property=\"article:modified_time\" content=\"2023-05-09T08:22:52+00:00\" \/>\n<meta property=\"og:image\" content=\"https:\/\/seinesaintdenis.fr\/actualite\/wp-content\/uploads\/2023\/04\/06051aaa5580697a920f470c39c91b.jpg\" \/>\n\t<meta property=\"og:image:width\" content=\"760\" \/>\n\t<meta property=\"og:image:height\" content=\"411\" \/>\n\t<meta property=\"og:image:type\" content=\"image\/jpeg\" \/>\n<meta name=\"author\" content=\"Gr\u00e9goire Remund\" \/>\n<meta name=\"twitter:card\" content=\"summary_large_image\" \/>\n<meta name=\"twitter:creator\" content=\"@seinesaintdenis\" \/>\n<meta name=\"twitter:site\" content=\"@seinesaintdenis\" \/>\n<meta name=\"twitter:label1\" content=\"\u00c9crit par\" \/>\n\t<meta name=\"twitter:data1\" content=\"Gr\u00e9goire Remund\" \/>\n\t<meta name=\"twitter:label2\" content=\"Dur\u00e9e de lecture estim\u00e9e\" \/>\n\t<meta name=\"twitter:data2\" content=\"6 minutes\" \/>\n<script type=\"application\/ld+json\" class=\"yoast-schema-graph\">{\"@context\":\"https:\\\/\\\/schema.org\",\"@graph\":[{\"@type\":\"Article\",\"@id\":\"https:\\\/\\\/seinesaintdenis.fr\\\/actualite\\\/solidarites-sante\\\/Le-Departement-propose-un-eventail-de-solutions-aux-aidants-familiaux\\\/#article\",\"isPartOf\":{\"@id\":\"https:\\\/\\\/seinesaintdenis.fr\\\/actualite\\\/solidarites-sante\\\/Le-Departement-propose-un-eventail-de-solutions-aux-aidants-familiaux\\\/\"},\"author\":{\"name\":\"Gr\u00e9goire Remund\",\"@id\":\"https:\\\/\\\/seinesaintdenis.fr\\\/actualite\\\/#\\\/schema\\\/person\\\/58432d2a0f20db4c094bf3cf2bdf6fc6\"},\"headline\":\"Le D\u00e9partement propose un \u00e9ventail de solutions aux aidants familiaux\",\"datePublished\":\"2022-10-11T15:05:25+00:00\",\"dateModified\":\"2023-05-09T08:22:52+00:00\",\"mainEntityOfPage\":{\"@id\":\"https:\\\/\\\/seinesaintdenis.fr\\\/actualite\\\/solidarites-sante\\\/Le-Departement-propose-un-eventail-de-solutions-aux-aidants-familiaux\\\/\"},\"wordCount\":1077,\"commentCount\":0,\"publisher\":{\"@id\":\"https:\\\/\\\/seinesaintdenis.fr\\\/actualite\\\/#organization\"},\"image\":{\"@id\":\"https:\\\/\\\/seinesaintdenis.fr\\\/actualite\\\/solidarites-sante\\\/Le-Departement-propose-un-eventail-de-solutions-aux-aidants-familiaux\\\/#primaryimage\"},\"thumbnailUrl\":\"https:\\\/\\\/seinesaintdenis.fr\\\/actualite\\\/wp-content\\\/uploads\\\/2023\\\/04\\\/06051aaa5580697a920f470c39c91b.jpg\",\"articleSection\":[\"Handicap\",\"Solidarit\u00e9s &amp; Sant\u00e9\"],\"inLanguage\":\"fr-FR\",\"potentialAction\":[{\"@type\":\"CommentAction\",\"name\":\"Comment\",\"target\":[\"https:\\\/\\\/seinesaintdenis.fr\\\/actualite\\\/solidarites-sante\\\/Le-Departement-propose-un-eventail-de-solutions-aux-aidants-familiaux\\\/#respond\"]}]},{\"@type\":\"WebPage\",\"@id\":\"https:\\\/\\\/seinesaintdenis.fr\\\/actualite\\\/solidarites-sante\\\/Le-Departement-propose-un-eventail-de-solutions-aux-aidants-familiaux\\\/\",\"url\":\"https:\\\/\\\/seinesaintdenis.fr\\\/actualite\\\/solidarites-sante\\\/Le-Departement-propose-un-eventail-de-solutions-aux-aidants-familiaux\\\/\",\"name\":\"Le D\u00e9partement propose un \u00e9ventail de solutions aux aidants familiaux - Seine-Saint-Denis - L&#039;actualit\u00e9 du d\u00e9partement\",\"isPartOf\":{\"@id\":\"https:\\\/\\\/seinesaintdenis.fr\\\/actualite\\\/#website\"},\"primaryImageOfPage\":{\"@id\":\"https:\\\/\\\/seinesaintdenis.fr\\\/actualite\\\/solidarites-sante\\\/Le-Departement-propose-un-eventail-de-solutions-aux-aidants-familiaux\\\/#primaryimage\"},\"image\":{\"@id\":\"https:\\\/\\\/seinesaintdenis.fr\\\/actualite\\\/solidarites-sante\\\/Le-Departement-propose-un-eventail-de-solutions-aux-aidants-familiaux\\\/#primaryimage\"},\"thumbnailUrl\":\"https:\\\/\\\/seinesaintdenis.fr\\\/actualite\\\/wp-content\\\/uploads\\\/2023\\\/04\\\/06051aaa5580697a920f470c39c91b.jpg\",\"datePublished\":\"2022-10-11T15:05:25+00:00\",\"dateModified\":\"2023-05-09T08:22:52+00:00\",\"breadcrumb\":{\"@id\":\"https:\\\/\\\/seinesaintdenis.fr\\\/actualite\\\/solidarites-sante\\\/Le-Departement-propose-un-eventail-de-solutions-aux-aidants-familiaux\\\/#breadcrumb\"},\"inLanguage\":\"fr-FR\",\"potentialAction\":[{\"@type\":\"ReadAction\",\"target\":[\"https:\\\/\\\/seinesaintdenis.fr\\\/actualite\\\/solidarites-sante\\\/Le-Departement-propose-un-eventail-de-solutions-aux-aidants-familiaux\\\/\"]}]},{\"@type\":\"ImageObject\",\"inLanguage\":\"fr-FR\",\"@id\":\"https:\\\/\\\/seinesaintdenis.fr\\\/actualite\\\/solidarites-sante\\\/Le-Departement-propose-un-eventail-de-solutions-aux-aidants-familiaux\\\/#primaryimage\",\"url\":\"https:\\\/\\\/seinesaintdenis.fr\\\/actualite\\\/wp-content\\\/uploads\\\/2023\\\/04\\\/06051aaa5580697a920f470c39c91b.jpg\",\"contentUrl\":\"https:\\\/\\\/seinesaintdenis.fr\\\/actualite\\\/wp-content\\\/uploads\\\/2023\\\/04\\\/06051aaa5580697a920f470c39c91b.jpg\",\"width\":760,\"height\":411},{\"@type\":\"BreadcrumbList\",\"@id\":\"https:\\\/\\\/seinesaintdenis.fr\\\/actualite\\\/solidarites-sante\\\/Le-Departement-propose-un-eventail-de-solutions-aux-aidants-familiaux\\\/#breadcrumb\",\"itemListElement\":[{\"@type\":\"ListItem\",\"position\":1,\"name\":\"Accueil\",\"item\":\"https:\\\/\\\/seinesaintdenis.fr\\\/actualite\\\/\"},{\"@type\":\"ListItem\",\"position\":2,\"name\":\"Solidarit\u00e9s &amp; Sant\u00e9\",\"item\":\"https:\\\/\\\/seinesaintdenis.fr\\\/actualite\\\/solidarites-sante\\\/\"},{\"@type\":\"ListItem\",\"position\":3,\"name\":\"Le D\u00e9partement propose un \u00e9ventail de solutions aux aidants familiaux\"}]},{\"@type\":\"WebSite\",\"@id\":\"https:\\\/\\\/seinesaintdenis.fr\\\/actualite\\\/#website\",\"url\":\"https:\\\/\\\/seinesaintdenis.fr\\\/actualite\\\/\",\"name\":\"Seine-Saint-Denis - L'actualit\u00e9 du d\u00e9partement\",\"description\":\"L&#039;actualit\u00e9 du D\u00e9partement de la Seine-Saint-Denis\",\"publisher\":{\"@id\":\"https:\\\/\\\/seinesaintdenis.fr\\\/actualite\\\/#organization\"},\"potentialAction\":[{\"@type\":\"SearchAction\",\"target\":{\"@type\":\"EntryPoint\",\"urlTemplate\":\"https:\\\/\\\/seinesaintdenis.fr\\\/actualite\\\/?s={search_term_string}\"},\"query-input\":{\"@type\":\"PropertyValueSpecification\",\"valueRequired\":true,\"valueName\":\"search_term_string\"}}],\"inLanguage\":\"fr-FR\"},{\"@type\":\"Organization\",\"@id\":\"https:\\\/\\\/seinesaintdenis.fr\\\/actualite\\\/#organization\",\"name\":\"Seine-Saint-Denis - Le D\u00e9partement\",\"url\":\"https:\\\/\\\/seinesaintdenis.fr\\\/actualite\\\/\",\"logo\":{\"@type\":\"ImageObject\",\"inLanguage\":\"fr-FR\",\"@id\":\"https:\\\/\\\/seinesaintdenis.fr\\\/actualite\\\/#\\\/schema\\\/logo\\\/image\\\/\",\"url\":\"https:\\\/\\\/seinesaintdenis.fr\\\/actualite\\\/wp-content\\\/uploads\\\/2024\\\/08\\\/logo.png\",\"contentUrl\":\"https:\\\/\\\/seinesaintdenis.fr\\\/actualite\\\/wp-content\\\/uploads\\\/2024\\\/08\\\/logo.png\",\"width\":567,\"height\":172,\"caption\":\"Seine-Saint-Denis - Le D\u00e9partement\"},\"image\":{\"@id\":\"https:\\\/\\\/seinesaintdenis.fr\\\/actualite\\\/#\\\/schema\\\/logo\\\/image\\\/\"},\"sameAs\":[\"https:\\\/\\\/www.facebook.com\\\/seinesaintdenisledepartement\",\"https:\\\/\\\/x.com\\\/seinesaintdenis\",\"https:\\\/\\\/www.linkedin.com\\\/company\\\/seinesaintdenis\",\"https:\\\/\\\/www.instagram.com\\\/seine_saint_denis\\\/\",\"https:\\\/\\\/www.youtube.com\\\/channel\\\/UCR5YF9NnqiLCbnrKQgLUcIw\"]},{\"@type\":\"Person\",\"@id\":\"https:\\\/\\\/seinesaintdenis.fr\\\/actualite\\\/#\\\/schema\\\/person\\\/58432d2a0f20db4c094bf3cf2bdf6fc6\",\"name\":\"Gr\u00e9goire Remund\",\"image\":{\"@type\":\"ImageObject\",\"inLanguage\":\"fr-FR\",\"@id\":\"https:\\\/\\\/secure.gravatar.com\\\/avatar\\\/4faed524c5ca22d4ed513bb08a055444568a0e4b2bd125a80c28e468f5f4f915?s=96&d=mm&r=g\",\"url\":\"https:\\\/\\\/secure.gravatar.com\\\/avatar\\\/4faed524c5ca22d4ed513bb08a055444568a0e4b2bd125a80c28e468f5f4f915?s=96&d=mm&r=g\",\"contentUrl\":\"https:\\\/\\\/secure.gravatar.com\\\/avatar\\\/4faed524c5ca22d4ed513bb08a055444568a0e4b2bd125a80c28e468f5f4f915?s=96&d=mm&r=g\",\"caption\":\"Gr\u00e9goire Remund\"},\"url\":\"https:\\\/\\\/seinesaintdenis.fr\\\/actualite\\\/author\\\/gremund\\\/\"}]}<\/script>\n<!-- \/ Yoast SEO plugin. -->","yoast_head_json":{"title":"Le D\u00e9partement propose un \u00e9ventail de solutions aux aidants familiaux - Seine-Saint-Denis - L&#039;actualit\u00e9 du d\u00e9partement","robots":{"index":"index","follow":"follow","max-snippet":"max-snippet:-1","max-image-preview":"max-image-preview:large","max-video-preview":"max-video-preview:-1"},"canonical":"https:\/\/seinesaintdenis.fr\/actualite\/solidarites-sante\/Le-Departement-propose-un-eventail-de-solutions-aux-aidants-familiaux\/","og_locale":"fr_FR","og_type":"article","og_title":"Le D\u00e9partement propose un \u00e9ventail de solutions aux aidants familiaux - Seine-Saint-Denis - L&#039;actualit\u00e9 du d\u00e9partement","og_url":"https:\/\/seinesaintdenis.fr\/actualite\/solidarites-sante\/Le-Departement-propose-un-eventail-de-solutions-aux-aidants-familiaux\/","og_site_name":"Seine-Saint-Denis - L&#039;actualit\u00e9 du d\u00e9partement","article_publisher":"https:\/\/www.facebook.com\/seinesaintdenisledepartement","article_published_time":"2022-10-11T15:05:25+00:00","article_modified_time":"2023-05-09T08:22:52+00:00","og_image":[{"width":760,"height":411,"url":"https:\/\/seinesaintdenis.fr\/actualite\/wp-content\/uploads\/2023\/04\/06051aaa5580697a920f470c39c91b.jpg","type":"image\/jpeg"}],"author":"Gr\u00e9goire Remund","twitter_card":"summary_large_image","twitter_creator":"@seinesaintdenis","twitter_site":"@seinesaintdenis","twitter_misc":{"\u00c9crit par":"Gr\u00e9goire Remund","Dur\u00e9e de lecture estim\u00e9e":"6 minutes"},"schema":{"@context":"https:\/\/schema.org","@graph":[{"@type":"Article","@id":"https:\/\/seinesaintdenis.fr\/actualite\/solidarites-sante\/Le-Departement-propose-un-eventail-de-solutions-aux-aidants-familiaux\/#article","isPartOf":{"@id":"https:\/\/seinesaintdenis.fr\/actualite\/solidarites-sante\/Le-Departement-propose-un-eventail-de-solutions-aux-aidants-familiaux\/"},"author":{"name":"Gr\u00e9goire Remund","@id":"https:\/\/seinesaintdenis.fr\/actualite\/#\/schema\/person\/58432d2a0f20db4c094bf3cf2bdf6fc6"},"headline":"Le D\u00e9partement propose un \u00e9ventail de solutions aux aidants familiaux","datePublished":"2022-10-11T15:05:25+00:00","dateModified":"2023-05-09T08:22:52+00:00","mainEntityOfPage":{"@id":"https:\/\/seinesaintdenis.fr\/actualite\/solidarites-sante\/Le-Departement-propose-un-eventail-de-solutions-aux-aidants-familiaux\/"},"wordCount":1077,"commentCount":0,"publisher":{"@id":"https:\/\/seinesaintdenis.fr\/actualite\/#organization"},"image":{"@id":"https:\/\/seinesaintdenis.fr\/actualite\/solidarites-sante\/Le-Departement-propose-un-eventail-de-solutions-aux-aidants-familiaux\/#primaryimage"},"thumbnailUrl":"https:\/\/seinesaintdenis.fr\/actualite\/wp-content\/uploads\/2023\/04\/06051aaa5580697a920f470c39c91b.jpg","articleSection":["Handicap","Solidarit\u00e9s &amp; Sant\u00e9"],"inLanguage":"fr-FR","potentialAction":[{"@type":"CommentAction","name":"Comment","target":["https:\/\/seinesaintdenis.fr\/actualite\/solidarites-sante\/Le-Departement-propose-un-eventail-de-solutions-aux-aidants-familiaux\/#respond"]}]},{"@type":"WebPage","@id":"https:\/\/seinesaintdenis.fr\/actualite\/solidarites-sante\/Le-Departement-propose-un-eventail-de-solutions-aux-aidants-familiaux\/","url":"https:\/\/seinesaintdenis.fr\/actualite\/solidarites-sante\/Le-Departement-propose-un-eventail-de-solutions-aux-aidants-familiaux\/","name":"Le D\u00e9partement propose un \u00e9ventail de solutions aux aidants familiaux - Seine-Saint-Denis - L&#039;actualit\u00e9 du d\u00e9partement","isPartOf":{"@id":"https:\/\/seinesaintdenis.fr\/actualite\/#website"},"primaryImageOfPage":{"@id":"https:\/\/seinesaintdenis.fr\/actualite\/solidarites-sante\/Le-Departement-propose-un-eventail-de-solutions-aux-aidants-familiaux\/#primaryimage"},"image":{"@id":"https:\/\/seinesaintdenis.fr\/actualite\/solidarites-sante\/Le-Departement-propose-un-eventail-de-solutions-aux-aidants-familiaux\/#primaryimage"},"thumbnailUrl":"https:\/\/seinesaintdenis.fr\/actualite\/wp-content\/uploads\/2023\/04\/06051aaa5580697a920f470c39c91b.jpg","datePublished":"2022-10-11T15:05:25+00:00","dateModified":"2023-05-09T08:22:52+00:00","breadcrumb":{"@id":"https:\/\/seinesaintdenis.fr\/actualite\/solidarites-sante\/Le-Departement-propose-un-eventail-de-solutions-aux-aidants-familiaux\/#breadcrumb"},"inLanguage":"fr-FR","potentialAction":[{"@type":"ReadAction","target":["https:\/\/seinesaintdenis.fr\/actualite\/solidarites-sante\/Le-Departement-propose-un-eventail-de-solutions-aux-aidants-familiaux\/"]}]},{"@type":"ImageObject","inLanguage":"fr-FR","@id":"https:\/\/seinesaintdenis.fr\/actualite\/solidarites-sante\/Le-Departement-propose-un-eventail-de-solutions-aux-aidants-familiaux\/#primaryimage","url":"https:\/\/seinesaintdenis.fr\/actualite\/wp-content\/uploads\/2023\/04\/06051aaa5580697a920f470c39c91b.jpg","contentUrl":"https:\/\/seinesaintdenis.fr\/actualite\/wp-content\/uploads\/2023\/04\/06051aaa5580697a920f470c39c91b.jpg","width":760,"height":411},{"@type":"BreadcrumbList","@id":"https:\/\/seinesaintdenis.fr\/actualite\/solidarites-sante\/Le-Departement-propose-un-eventail-de-solutions-aux-aidants-familiaux\/#breadcrumb","itemListElement":[{"@type":"ListItem","position":1,"name":"Accueil","item":"https:\/\/seinesaintdenis.fr\/actualite\/"},{"@type":"ListItem","position":2,"name":"Solidarit\u00e9s &amp; Sant\u00e9","item":"https:\/\/seinesaintdenis.fr\/actualite\/solidarites-sante\/"},{"@type":"ListItem","position":3,"name":"Le D\u00e9partement propose un \u00e9ventail de solutions aux aidants familiaux"}]},{"@type":"WebSite","@id":"https:\/\/seinesaintdenis.fr\/actualite\/#website","url":"https:\/\/seinesaintdenis.fr\/actualite\/","name":"Seine-Saint-Denis - L'actualit\u00e9 du d\u00e9partement","description":"L&#039;actualit\u00e9 du D\u00e9partement de la Seine-Saint-Denis","publisher":{"@id":"https:\/\/seinesaintdenis.fr\/actualite\/#organization"},"potentialAction":[{"@type":"SearchAction","target":{"@type":"EntryPoint","urlTemplate":"https:\/\/seinesaintdenis.fr\/actualite\/?s={search_term_string}"},"query-input":{"@type":"PropertyValueSpecification","valueRequired":true,"valueName":"search_term_string"}}],"inLanguage":"fr-FR"},{"@type":"Organization","@id":"https:\/\/seinesaintdenis.fr\/actualite\/#organization","name":"Seine-Saint-Denis - Le D\u00e9partement","url":"https:\/\/seinesaintdenis.fr\/actualite\/","logo":{"@type":"ImageObject","inLanguage":"fr-FR","@id":"https:\/\/seinesaintdenis.fr\/actualite\/#\/schema\/logo\/image\/","url":"https:\/\/seinesaintdenis.fr\/actualite\/wp-content\/uploads\/2024\/08\/logo.png","contentUrl":"https:\/\/seinesaintdenis.fr\/actualite\/wp-content\/uploads\/2024\/08\/logo.png","width":567,"height":172,"caption":"Seine-Saint-Denis - Le D\u00e9partement"},"image":{"@id":"https:\/\/seinesaintdenis.fr\/actualite\/#\/schema\/logo\/image\/"},"sameAs":["https:\/\/www.facebook.com\/seinesaintdenisledepartement","https:\/\/x.com\/seinesaintdenis","https:\/\/www.linkedin.com\/company\/seinesaintdenis","https:\/\/www.instagram.com\/seine_saint_denis\/","https:\/\/www.youtube.com\/channel\/UCR5YF9NnqiLCbnrKQgLUcIw"]},{"@type":"Person","@id":"https:\/\/seinesaintdenis.fr\/actualite\/#\/schema\/person\/58432d2a0f20db4c094bf3cf2bdf6fc6","name":"Gr\u00e9goire Remund","image":{"@type":"ImageObject","inLanguage":"fr-FR","@id":"https:\/\/secure.gravatar.com\/avatar\/4faed524c5ca22d4ed513bb08a055444568a0e4b2bd125a80c28e468f5f4f915?s=96&d=mm&r=g","url":"https:\/\/secure.gravatar.com\/avatar\/4faed524c5ca22d4ed513bb08a055444568a0e4b2bd125a80c28e468f5f4f915?s=96&d=mm&r=g","contentUrl":"https:\/\/secure.gravatar.com\/avatar\/4faed524c5ca22d4ed513bb08a055444568a0e4b2bd125a80c28e468f5f4f915?s=96&d=mm&r=g","caption":"Gr\u00e9goire Remund"},"url":"https:\/\/seinesaintdenis.fr\/actualite\/author\/gremund\/"}]}},"_links":{"self":[{"href":"https:\/\/seinesaintdenis.fr\/actualite\/wp-json\/wp\/v2\/posts\/1389","targetHints":{"allow":["GET"]}}],"collection":[{"href":"https:\/\/seinesaintdenis.fr\/actualite\/wp-json\/wp\/v2\/posts"}],"about":[{"href":"https:\/\/seinesaintdenis.fr\/actualite\/wp-json\/wp\/v2\/types\/post"}],"author":[{"embeddable":true,"href":"https:\/\/seinesaintdenis.fr\/actualite\/wp-json\/wp\/v2\/users\/26"}],"replies":[{"embeddable":true,"href":"https:\/\/seinesaintdenis.fr\/actualite\/wp-json\/wp\/v2\/comments?post=1389"}],"version-history":[{"count":1,"href":"https:\/\/seinesaintdenis.fr\/actualite\/wp-json\/wp\/v2\/posts\/1389\/revisions"}],"predecessor-version":[{"id":1859,"href":"https:\/\/seinesaintdenis.fr\/actualite\/wp-json\/wp\/v2\/posts\/1389\/revisions\/1859"}],"wp:featuredmedia":[{"embeddable":true,"href":"https:\/\/seinesaintdenis.fr\/actualite\/wp-json\/wp\/v2\/media\/1390"}],"wp:attachment":[{"href":"https:\/\/seinesaintdenis.fr\/actualite\/wp-json\/wp\/v2\/media?parent=1389"}],"wp:term":[{"taxonomy":"category","embeddable":true,"href":"https:\/\/seinesaintdenis.fr\/actualite\/wp-json\/wp\/v2\/categories?post=1389"},{"taxonomy":"ville","embeddable":true,"href":"https:\/\/seinesaintdenis.fr\/actualite\/wp-json\/wp\/v2\/ville?post=1389"}],"curies":[{"name":"wp","href":"https:\/\/api.w.org\/{rel}","templated":true}]}}