{"id":13838,"date":"2024-03-07T17:29:16","date_gmt":"2024-03-07T16:29:16","guid":{"rendered":"https:\/\/seinesaintdenis.fr\/actualite\/?p=13838"},"modified":"2024-03-11T18:08:24","modified_gmt":"2024-03-11T17:08:24","slug":"La-Seine-Saint-Denis-lance-un-reseau-de-formations-pour-apprendre-le-francais","status":"publish","type":"post","link":"https:\/\/seinesaintdenis.fr\/actualite\/emploi-entrepreneuriat\/insertion\/La-Seine-Saint-Denis-lance-un-reseau-de-formations-pour-apprendre-le-francais\/","title":{"rendered":"La Seine-Saint-Denis lance un r\u00e9seau pour apprendre le fran\u00e7ais"},"content":{"rendered":"","protected":false},"excerpt":{"rendered":"","protected":false},"author":11,"featured_media":13842,"comment_status":"open","ping_status":"open","sticky":false,"template":"","format":"standard","meta":{"_acf_changed":false,"footnotes":""},"categories":[12,184],"ville":[],"class_list":["post-13838","post","type-post","status-publish","format-standard","has-post-thumbnail","hentry","category-emploi-entrepreneuriat","category-insertion"],"acf":[],"yoast_head":"<!-- This site is optimized with the Yoast SEO plugin v27.5 - https:\/\/yoast.com\/product\/yoast-seo-wordpress\/ -->\n<title>La Seine-Saint-Denis lance un r\u00e9seau pour apprendre le fran\u00e7ais - Seine-Saint-Denis - L&#039;actualit\u00e9 du d\u00e9partement<\/title>\n<meta name=\"description\" content=\"Dans le cadre de sa r\u00e9organisation des politiques d\u2019insertion, le D\u00e9partement a mis sur pied un r\u00e9seau pour permettre \u00e0 tou\u00b7te\u00b7s les habitant\u00b7e\u00b7s qui le souhaitent d\u2019apprendre le fran\u00e7ais. Lanc\u00e9 en septembre, ce r\u00e9seau est pr\u00e9sent dans 32 villes du territoire, dans les 4 communaut\u00e9s de communes\u00a0: Plaine Commune, Est Ensemble, Paris Terres d\u2019Envol et Grand Paris Grand Est. 5 000 personnes, orient\u00e9es par les diff\u00e9rents acteurs de l\u2019insertion, devraient pouvoir b\u00e9n\u00e9ficier du r\u00e9seau en 2023-2024.\" \/>\n<meta name=\"robots\" content=\"index, follow, max-snippet:-1, max-image-preview:large, max-video-preview:-1\" \/>\n<link rel=\"canonical\" href=\"https:\/\/seinesaintdenis.fr\/actualite\/emploi-entrepreneuriat\/insertion\/La-Seine-Saint-Denis-lance-un-reseau-de-formations-pour-apprendre-le-francais\/\" \/>\n<meta property=\"og:locale\" content=\"fr_FR\" \/>\n<meta property=\"og:type\" content=\"article\" \/>\n<meta property=\"og:title\" content=\"La Seine-Saint-Denis lance un r\u00e9seau pour apprendre le fran\u00e7ais - Seine-Saint-Denis - L&#039;actualit\u00e9 du d\u00e9partement\" \/>\n<meta property=\"og:description\" content=\"Dans le cadre de sa r\u00e9organisation des politiques d\u2019insertion, le D\u00e9partement a mis sur pied un r\u00e9seau pour permettre \u00e0 tou\u00b7te\u00b7s les habitant\u00b7e\u00b7s qui le souhaitent d\u2019apprendre le fran\u00e7ais. Lanc\u00e9 en septembre, ce r\u00e9seau est pr\u00e9sent dans 32 villes du territoire, dans les 4 communaut\u00e9s de communes\u00a0: Plaine Commune, Est Ensemble, Paris Terres d\u2019Envol et Grand Paris Grand Est. 5 000 personnes, orient\u00e9es par les diff\u00e9rents acteurs de l\u2019insertion, devraient pouvoir b\u00e9n\u00e9ficier du r\u00e9seau en 2023-2024.\" \/>\n<meta property=\"og:url\" content=\"https:\/\/seinesaintdenis.fr\/actualite\/emploi-entrepreneuriat\/insertion\/La-Seine-Saint-Denis-lance-un-reseau-de-formations-pour-apprendre-le-francais\/\" \/>\n<meta property=\"og:site_name\" content=\"Seine-Saint-Denis - L&#039;actualit\u00e9 du d\u00e9partement\" \/>\n<meta property=\"article:publisher\" content=\"https:\/\/www.facebook.com\/seinesaintdenisledepartement\" \/>\n<meta property=\"article:published_time\" content=\"2024-03-07T16:29:16+00:00\" \/>\n<meta property=\"article:modified_time\" content=\"2024-03-11T17:08:24+00:00\" \/>\n<meta property=\"og:image\" content=\"https:\/\/seinesaintdenis.fr\/actualite\/wp-content\/uploads\/2024\/03\/apprendre-le-francais.jpg\" \/>\n\t<meta property=\"og:image:width\" content=\"1090\" \/>\n\t<meta property=\"og:image:height\" content=\"560\" \/>\n\t<meta property=\"og:image:type\" content=\"image\/jpeg\" \/>\n<meta name=\"author\" content=\"Christophe Lehousse\" \/>\n<meta name=\"twitter:card\" content=\"summary_large_image\" \/>\n<meta name=\"twitter:creator\" content=\"@seinesaintdenis\" \/>\n<meta name=\"twitter:site\" content=\"@seinesaintdenis\" \/>\n<meta name=\"twitter:label1\" content=\"\u00c9crit par\" \/>\n\t<meta name=\"twitter:data1\" content=\"Christophe Lehousse\" \/>\n<script type=\"application\/ld+json\" class=\"yoast-schema-graph\">{\"@context\":\"https:\\\/\\\/schema.org\",\"@graph\":[{\"@type\":\"Article\",\"@id\":\"https:\\\/\\\/seinesaintdenis.fr\\\/actualite\\\/emploi-entrepreneuriat\\\/insertion\\\/La-Seine-Saint-Denis-lance-un-reseau-de-formations-pour-apprendre-le-francais\\\/#article\",\"isPartOf\":{\"@id\":\"https:\\\/\\\/seinesaintdenis.fr\\\/actualite\\\/emploi-entrepreneuriat\\\/insertion\\\/La-Seine-Saint-Denis-lance-un-reseau-de-formations-pour-apprendre-le-francais\\\/\"},\"author\":{\"name\":\"Christophe Lehousse\",\"@id\":\"https:\\\/\\\/seinesaintdenis.fr\\\/actualite\\\/#\\\/schema\\\/person\\\/b61e6c67c4017ad602f792f6b0316027\"},\"headline\":\"La Seine-Saint-Denis lance un r\u00e9seau pour apprendre le fran\u00e7ais\",\"datePublished\":\"2024-03-07T16:29:16+00:00\",\"dateModified\":\"2024-03-11T17:08:24+00:00\",\"mainEntityOfPage\":{\"@id\":\"https:\\\/\\\/seinesaintdenis.fr\\\/actualite\\\/emploi-entrepreneuriat\\\/insertion\\\/La-Seine-Saint-Denis-lance-un-reseau-de-formations-pour-apprendre-le-francais\\\/\"},\"wordCount\":11,\"commentCount\":8,\"publisher\":{\"@id\":\"https:\\\/\\\/seinesaintdenis.fr\\\/actualite\\\/#organization\"},\"image\":{\"@id\":\"https:\\\/\\\/seinesaintdenis.fr\\\/actualite\\\/emploi-entrepreneuriat\\\/insertion\\\/La-Seine-Saint-Denis-lance-un-reseau-de-formations-pour-apprendre-le-francais\\\/#primaryimage\"},\"thumbnailUrl\":\"https:\\\/\\\/seinesaintdenis.fr\\\/actualite\\\/wp-content\\\/uploads\\\/2024\\\/03\\\/apprendre-le-francais.jpg\",\"articleSection\":[\"Emploi &amp; Entrepreneuriat\",\"Insertion\"],\"inLanguage\":\"fr-FR\",\"potentialAction\":[{\"@type\":\"CommentAction\",\"name\":\"Comment\",\"target\":[\"https:\\\/\\\/seinesaintdenis.fr\\\/actualite\\\/emploi-entrepreneuriat\\\/insertion\\\/La-Seine-Saint-Denis-lance-un-reseau-de-formations-pour-apprendre-le-francais\\\/#respond\"]}]},{\"@type\":\"WebPage\",\"@id\":\"https:\\\/\\\/seinesaintdenis.fr\\\/actualite\\\/emploi-entrepreneuriat\\\/insertion\\\/La-Seine-Saint-Denis-lance-un-reseau-de-formations-pour-apprendre-le-francais\\\/\",\"url\":\"https:\\\/\\\/seinesaintdenis.fr\\\/actualite\\\/emploi-entrepreneuriat\\\/insertion\\\/La-Seine-Saint-Denis-lance-un-reseau-de-formations-pour-apprendre-le-francais\\\/\",\"name\":\"La Seine-Saint-Denis lance un r\u00e9seau pour apprendre le fran\u00e7ais - Seine-Saint-Denis - L&#039;actualit\u00e9 du d\u00e9partement\",\"isPartOf\":{\"@id\":\"https:\\\/\\\/seinesaintdenis.fr\\\/actualite\\\/#website\"},\"primaryImageOfPage\":{\"@id\":\"https:\\\/\\\/seinesaintdenis.fr\\\/actualite\\\/emploi-entrepreneuriat\\\/insertion\\\/La-Seine-Saint-Denis-lance-un-reseau-de-formations-pour-apprendre-le-francais\\\/#primaryimage\"},\"image\":{\"@id\":\"https:\\\/\\\/seinesaintdenis.fr\\\/actualite\\\/emploi-entrepreneuriat\\\/insertion\\\/La-Seine-Saint-Denis-lance-un-reseau-de-formations-pour-apprendre-le-francais\\\/#primaryimage\"},\"thumbnailUrl\":\"https:\\\/\\\/seinesaintdenis.fr\\\/actualite\\\/wp-content\\\/uploads\\\/2024\\\/03\\\/apprendre-le-francais.jpg\",\"datePublished\":\"2024-03-07T16:29:16+00:00\",\"dateModified\":\"2024-03-11T17:08:24+00:00\",\"description\":\"Dans le cadre de sa r\u00e9organisation des politiques d\u2019insertion, le D\u00e9partement a mis sur pied un r\u00e9seau pour permettre \u00e0 tou\u00b7te\u00b7s les habitant\u00b7e\u00b7s qui le souhaitent d\u2019apprendre le fran\u00e7ais. Lanc\u00e9 en septembre, ce r\u00e9seau est pr\u00e9sent dans 32 villes du territoire, dans les 4 communaut\u00e9s de communes\u00a0: Plaine Commune, Est Ensemble, Paris Terres d\u2019Envol et Grand Paris Grand Est. 5 000 personnes, orient\u00e9es par les diff\u00e9rents acteurs de l\u2019insertion, devraient pouvoir b\u00e9n\u00e9ficier du r\u00e9seau en 2023-2024.\",\"breadcrumb\":{\"@id\":\"https:\\\/\\\/seinesaintdenis.fr\\\/actualite\\\/emploi-entrepreneuriat\\\/insertion\\\/La-Seine-Saint-Denis-lance-un-reseau-de-formations-pour-apprendre-le-francais\\\/#breadcrumb\"},\"inLanguage\":\"fr-FR\",\"potentialAction\":[{\"@type\":\"ReadAction\",\"target\":[\"https:\\\/\\\/seinesaintdenis.fr\\\/actualite\\\/emploi-entrepreneuriat\\\/insertion\\\/La-Seine-Saint-Denis-lance-un-reseau-de-formations-pour-apprendre-le-francais\\\/\"]}]},{\"@type\":\"ImageObject\",\"inLanguage\":\"fr-FR\",\"@id\":\"https:\\\/\\\/seinesaintdenis.fr\\\/actualite\\\/emploi-entrepreneuriat\\\/insertion\\\/La-Seine-Saint-Denis-lance-un-reseau-de-formations-pour-apprendre-le-francais\\\/#primaryimage\",\"url\":\"https:\\\/\\\/seinesaintdenis.fr\\\/actualite\\\/wp-content\\\/uploads\\\/2024\\\/03\\\/apprendre-le-francais.jpg\",\"contentUrl\":\"https:\\\/\\\/seinesaintdenis.fr\\\/actualite\\\/wp-content\\\/uploads\\\/2024\\\/03\\\/apprendre-le-francais.jpg\",\"width\":1090,\"height\":560},{\"@type\":\"BreadcrumbList\",\"@id\":\"https:\\\/\\\/seinesaintdenis.fr\\\/actualite\\\/emploi-entrepreneuriat\\\/insertion\\\/La-Seine-Saint-Denis-lance-un-reseau-de-formations-pour-apprendre-le-francais\\\/#breadcrumb\",\"itemListElement\":[{\"@type\":\"ListItem\",\"position\":1,\"name\":\"Accueil\",\"item\":\"https:\\\/\\\/seinesaintdenis.fr\\\/actualite\\\/\"},{\"@type\":\"ListItem\",\"position\":2,\"name\":\"Emploi &amp; Entrepreneuriat\",\"item\":\"https:\\\/\\\/seinesaintdenis.fr\\\/actualite\\\/emploi-entrepreneuriat\\\/\"},{\"@type\":\"ListItem\",\"position\":3,\"name\":\"Insertion\",\"item\":\"https:\\\/\\\/seinesaintdenis.fr\\\/actualite\\\/emploi-entrepreneuriat\\\/insertion\\\/\"},{\"@type\":\"ListItem\",\"position\":4,\"name\":\"La Seine-Saint-Denis lance un r\u00e9seau pour apprendre le fran\u00e7ais\"}]},{\"@type\":\"WebSite\",\"@id\":\"https:\\\/\\\/seinesaintdenis.fr\\\/actualite\\\/#website\",\"url\":\"https:\\\/\\\/seinesaintdenis.fr\\\/actualite\\\/\",\"name\":\"Seine-Saint-Denis - L'actualit\u00e9 du d\u00e9partement\",\"description\":\"L&#039;actualit\u00e9 du D\u00e9partement de la Seine-Saint-Denis\",\"publisher\":{\"@id\":\"https:\\\/\\\/seinesaintdenis.fr\\\/actualite\\\/#organization\"},\"potentialAction\":[{\"@type\":\"SearchAction\",\"target\":{\"@type\":\"EntryPoint\",\"urlTemplate\":\"https:\\\/\\\/seinesaintdenis.fr\\\/actualite\\\/?s={search_term_string}\"},\"query-input\":{\"@type\":\"PropertyValueSpecification\",\"valueRequired\":true,\"valueName\":\"search_term_string\"}}],\"inLanguage\":\"fr-FR\"},{\"@type\":\"Organization\",\"@id\":\"https:\\\/\\\/seinesaintdenis.fr\\\/actualite\\\/#organization\",\"name\":\"Seine-Saint-Denis - Le D\u00e9partement\",\"url\":\"https:\\\/\\\/seinesaintdenis.fr\\\/actualite\\\/\",\"logo\":{\"@type\":\"ImageObject\",\"inLanguage\":\"fr-FR\",\"@id\":\"https:\\\/\\\/seinesaintdenis.fr\\\/actualite\\\/#\\\/schema\\\/logo\\\/image\\\/\",\"url\":\"https:\\\/\\\/seinesaintdenis.fr\\\/actualite\\\/wp-content\\\/uploads\\\/2024\\\/08\\\/logo.png\",\"contentUrl\":\"https:\\\/\\\/seinesaintdenis.fr\\\/actualite\\\/wp-content\\\/uploads\\\/2024\\\/08\\\/logo.png\",\"width\":567,\"height\":172,\"caption\":\"Seine-Saint-Denis - Le D\u00e9partement\"},\"image\":{\"@id\":\"https:\\\/\\\/seinesaintdenis.fr\\\/actualite\\\/#\\\/schema\\\/logo\\\/image\\\/\"},\"sameAs\":[\"https:\\\/\\\/www.facebook.com\\\/seinesaintdenisledepartement\",\"https:\\\/\\\/x.com\\\/seinesaintdenis\",\"https:\\\/\\\/www.linkedin.com\\\/company\\\/seinesaintdenis\",\"https:\\\/\\\/www.instagram.com\\\/seine_saint_denis\\\/\",\"https:\\\/\\\/www.youtube.com\\\/channel\\\/UCR5YF9NnqiLCbnrKQgLUcIw\"]},{\"@type\":\"Person\",\"@id\":\"https:\\\/\\\/seinesaintdenis.fr\\\/actualite\\\/#\\\/schema\\\/person\\\/b61e6c67c4017ad602f792f6b0316027\",\"name\":\"Christophe Lehousse\",\"image\":{\"@type\":\"ImageObject\",\"inLanguage\":\"fr-FR\",\"@id\":\"https:\\\/\\\/secure.gravatar.com\\\/avatar\\\/474edaa980596bb8db66ecdbeb112f6442d5101a28bcd14acfd38a987868abd8?s=96&d=mm&r=g\",\"url\":\"https:\\\/\\\/secure.gravatar.com\\\/avatar\\\/474edaa980596bb8db66ecdbeb112f6442d5101a28bcd14acfd38a987868abd8?s=96&d=mm&r=g\",\"contentUrl\":\"https:\\\/\\\/secure.gravatar.com\\\/avatar\\\/474edaa980596bb8db66ecdbeb112f6442d5101a28bcd14acfd38a987868abd8?s=96&d=mm&r=g\",\"caption\":\"Christophe Lehousse\"},\"url\":\"https:\\\/\\\/seinesaintdenis.fr\\\/actualite\\\/author\\\/clehousse\\\/\"}]}<\/script>\n<!-- \/ Yoast SEO plugin. -->","yoast_head_json":{"title":"La Seine-Saint-Denis lance un r\u00e9seau pour apprendre le fran\u00e7ais - Seine-Saint-Denis - L&#039;actualit\u00e9 du d\u00e9partement","description":"Dans le cadre de sa r\u00e9organisation des politiques d\u2019insertion, le D\u00e9partement a mis sur pied un r\u00e9seau pour permettre \u00e0 tou\u00b7te\u00b7s les habitant\u00b7e\u00b7s qui le souhaitent d\u2019apprendre le fran\u00e7ais. Lanc\u00e9 en septembre, ce r\u00e9seau est pr\u00e9sent dans 32 villes du territoire, dans les 4 communaut\u00e9s de communes\u00a0: Plaine Commune, Est Ensemble, Paris Terres d\u2019Envol et Grand Paris Grand Est. 5 000 personnes, orient\u00e9es par les diff\u00e9rents acteurs de l\u2019insertion, devraient pouvoir b\u00e9n\u00e9ficier du r\u00e9seau en 2023-2024.","robots":{"index":"index","follow":"follow","max-snippet":"max-snippet:-1","max-image-preview":"max-image-preview:large","max-video-preview":"max-video-preview:-1"},"canonical":"https:\/\/seinesaintdenis.fr\/actualite\/emploi-entrepreneuriat\/insertion\/La-Seine-Saint-Denis-lance-un-reseau-de-formations-pour-apprendre-le-francais\/","og_locale":"fr_FR","og_type":"article","og_title":"La Seine-Saint-Denis lance un r\u00e9seau pour apprendre le fran\u00e7ais - Seine-Saint-Denis - L&#039;actualit\u00e9 du d\u00e9partement","og_description":"Dans le cadre de sa r\u00e9organisation des politiques d\u2019insertion, le D\u00e9partement a mis sur pied un r\u00e9seau pour permettre \u00e0 tou\u00b7te\u00b7s les habitant\u00b7e\u00b7s qui le souhaitent d\u2019apprendre le fran\u00e7ais. Lanc\u00e9 en septembre, ce r\u00e9seau est pr\u00e9sent dans 32 villes du territoire, dans les 4 communaut\u00e9s de communes\u00a0: Plaine Commune, Est Ensemble, Paris Terres d\u2019Envol et Grand Paris Grand Est. 5 000 personnes, orient\u00e9es par les diff\u00e9rents acteurs de l\u2019insertion, devraient pouvoir b\u00e9n\u00e9ficier du r\u00e9seau en 2023-2024.","og_url":"https:\/\/seinesaintdenis.fr\/actualite\/emploi-entrepreneuriat\/insertion\/La-Seine-Saint-Denis-lance-un-reseau-de-formations-pour-apprendre-le-francais\/","og_site_name":"Seine-Saint-Denis - L&#039;actualit\u00e9 du d\u00e9partement","article_publisher":"https:\/\/www.facebook.com\/seinesaintdenisledepartement","article_published_time":"2024-03-07T16:29:16+00:00","article_modified_time":"2024-03-11T17:08:24+00:00","og_image":[{"width":1090,"height":560,"url":"https:\/\/seinesaintdenis.fr\/actualite\/wp-content\/uploads\/2024\/03\/apprendre-le-francais.jpg","type":"image\/jpeg"}],"author":"Christophe Lehousse","twitter_card":"summary_large_image","twitter_creator":"@seinesaintdenis","twitter_site":"@seinesaintdenis","twitter_misc":{"\u00c9crit par":"Christophe Lehousse"},"schema":{"@context":"https:\/\/schema.org","@graph":[{"@type":"Article","@id":"https:\/\/seinesaintdenis.fr\/actualite\/emploi-entrepreneuriat\/insertion\/La-Seine-Saint-Denis-lance-un-reseau-de-formations-pour-apprendre-le-francais\/#article","isPartOf":{"@id":"https:\/\/seinesaintdenis.fr\/actualite\/emploi-entrepreneuriat\/insertion\/La-Seine-Saint-Denis-lance-un-reseau-de-formations-pour-apprendre-le-francais\/"},"author":{"name":"Christophe Lehousse","@id":"https:\/\/seinesaintdenis.fr\/actualite\/#\/schema\/person\/b61e6c67c4017ad602f792f6b0316027"},"headline":"La Seine-Saint-Denis lance un r\u00e9seau pour apprendre le fran\u00e7ais","datePublished":"2024-03-07T16:29:16+00:00","dateModified":"2024-03-11T17:08:24+00:00","mainEntityOfPage":{"@id":"https:\/\/seinesaintdenis.fr\/actualite\/emploi-entrepreneuriat\/insertion\/La-Seine-Saint-Denis-lance-un-reseau-de-formations-pour-apprendre-le-francais\/"},"wordCount":11,"commentCount":8,"publisher":{"@id":"https:\/\/seinesaintdenis.fr\/actualite\/#organization"},"image":{"@id":"https:\/\/seinesaintdenis.fr\/actualite\/emploi-entrepreneuriat\/insertion\/La-Seine-Saint-Denis-lance-un-reseau-de-formations-pour-apprendre-le-francais\/#primaryimage"},"thumbnailUrl":"https:\/\/seinesaintdenis.fr\/actualite\/wp-content\/uploads\/2024\/03\/apprendre-le-francais.jpg","articleSection":["Emploi &amp; Entrepreneuriat","Insertion"],"inLanguage":"fr-FR","potentialAction":[{"@type":"CommentAction","name":"Comment","target":["https:\/\/seinesaintdenis.fr\/actualite\/emploi-entrepreneuriat\/insertion\/La-Seine-Saint-Denis-lance-un-reseau-de-formations-pour-apprendre-le-francais\/#respond"]}]},{"@type":"WebPage","@id":"https:\/\/seinesaintdenis.fr\/actualite\/emploi-entrepreneuriat\/insertion\/La-Seine-Saint-Denis-lance-un-reseau-de-formations-pour-apprendre-le-francais\/","url":"https:\/\/seinesaintdenis.fr\/actualite\/emploi-entrepreneuriat\/insertion\/La-Seine-Saint-Denis-lance-un-reseau-de-formations-pour-apprendre-le-francais\/","name":"La Seine-Saint-Denis lance un r\u00e9seau pour apprendre le fran\u00e7ais - Seine-Saint-Denis - L&#039;actualit\u00e9 du d\u00e9partement","isPartOf":{"@id":"https:\/\/seinesaintdenis.fr\/actualite\/#website"},"primaryImageOfPage":{"@id":"https:\/\/seinesaintdenis.fr\/actualite\/emploi-entrepreneuriat\/insertion\/La-Seine-Saint-Denis-lance-un-reseau-de-formations-pour-apprendre-le-francais\/#primaryimage"},"image":{"@id":"https:\/\/seinesaintdenis.fr\/actualite\/emploi-entrepreneuriat\/insertion\/La-Seine-Saint-Denis-lance-un-reseau-de-formations-pour-apprendre-le-francais\/#primaryimage"},"thumbnailUrl":"https:\/\/seinesaintdenis.fr\/actualite\/wp-content\/uploads\/2024\/03\/apprendre-le-francais.jpg","datePublished":"2024-03-07T16:29:16+00:00","dateModified":"2024-03-11T17:08:24+00:00","description":"Dans le cadre de sa r\u00e9organisation des politiques d\u2019insertion, le D\u00e9partement a mis sur pied un r\u00e9seau pour permettre \u00e0 tou\u00b7te\u00b7s les habitant\u00b7e\u00b7s qui le souhaitent d\u2019apprendre le fran\u00e7ais. Lanc\u00e9 en septembre, ce r\u00e9seau est pr\u00e9sent dans 32 villes du territoire, dans les 4 communaut\u00e9s de communes\u00a0: Plaine Commune, Est Ensemble, Paris Terres d\u2019Envol et Grand Paris Grand Est. 5 000 personnes, orient\u00e9es par les diff\u00e9rents acteurs de l\u2019insertion, devraient pouvoir b\u00e9n\u00e9ficier du r\u00e9seau en 2023-2024.","breadcrumb":{"@id":"https:\/\/seinesaintdenis.fr\/actualite\/emploi-entrepreneuriat\/insertion\/La-Seine-Saint-Denis-lance-un-reseau-de-formations-pour-apprendre-le-francais\/#breadcrumb"},"inLanguage":"fr-FR","potentialAction":[{"@type":"ReadAction","target":["https:\/\/seinesaintdenis.fr\/actualite\/emploi-entrepreneuriat\/insertion\/La-Seine-Saint-Denis-lance-un-reseau-de-formations-pour-apprendre-le-francais\/"]}]},{"@type":"ImageObject","inLanguage":"fr-FR","@id":"https:\/\/seinesaintdenis.fr\/actualite\/emploi-entrepreneuriat\/insertion\/La-Seine-Saint-Denis-lance-un-reseau-de-formations-pour-apprendre-le-francais\/#primaryimage","url":"https:\/\/seinesaintdenis.fr\/actualite\/wp-content\/uploads\/2024\/03\/apprendre-le-francais.jpg","contentUrl":"https:\/\/seinesaintdenis.fr\/actualite\/wp-content\/uploads\/2024\/03\/apprendre-le-francais.jpg","width":1090,"height":560},{"@type":"BreadcrumbList","@id":"https:\/\/seinesaintdenis.fr\/actualite\/emploi-entrepreneuriat\/insertion\/La-Seine-Saint-Denis-lance-un-reseau-de-formations-pour-apprendre-le-francais\/#breadcrumb","itemListElement":[{"@type":"ListItem","position":1,"name":"Accueil","item":"https:\/\/seinesaintdenis.fr\/actualite\/"},{"@type":"ListItem","position":2,"name":"Emploi &amp; Entrepreneuriat","item":"https:\/\/seinesaintdenis.fr\/actualite\/emploi-entrepreneuriat\/"},{"@type":"ListItem","position":3,"name":"Insertion","item":"https:\/\/seinesaintdenis.fr\/actualite\/emploi-entrepreneuriat\/insertion\/"},{"@type":"ListItem","position":4,"name":"La Seine-Saint-Denis lance un r\u00e9seau pour apprendre le fran\u00e7ais"}]},{"@type":"WebSite","@id":"https:\/\/seinesaintdenis.fr\/actualite\/#website","url":"https:\/\/seinesaintdenis.fr\/actualite\/","name":"Seine-Saint-Denis - L'actualit\u00e9 du d\u00e9partement","description":"L&#039;actualit\u00e9 du D\u00e9partement de la Seine-Saint-Denis","publisher":{"@id":"https:\/\/seinesaintdenis.fr\/actualite\/#organization"},"potentialAction":[{"@type":"SearchAction","target":{"@type":"EntryPoint","urlTemplate":"https:\/\/seinesaintdenis.fr\/actualite\/?s={search_term_string}"},"query-input":{"@type":"PropertyValueSpecification","valueRequired":true,"valueName":"search_term_string"}}],"inLanguage":"fr-FR"},{"@type":"Organization","@id":"https:\/\/seinesaintdenis.fr\/actualite\/#organization","name":"Seine-Saint-Denis - Le D\u00e9partement","url":"https:\/\/seinesaintdenis.fr\/actualite\/","logo":{"@type":"ImageObject","inLanguage":"fr-FR","@id":"https:\/\/seinesaintdenis.fr\/actualite\/#\/schema\/logo\/image\/","url":"https:\/\/seinesaintdenis.fr\/actualite\/wp-content\/uploads\/2024\/08\/logo.png","contentUrl":"https:\/\/seinesaintdenis.fr\/actualite\/wp-content\/uploads\/2024\/08\/logo.png","width":567,"height":172,"caption":"Seine-Saint-Denis - Le D\u00e9partement"},"image":{"@id":"https:\/\/seinesaintdenis.fr\/actualite\/#\/schema\/logo\/image\/"},"sameAs":["https:\/\/www.facebook.com\/seinesaintdenisledepartement","https:\/\/x.com\/seinesaintdenis","https:\/\/www.linkedin.com\/company\/seinesaintdenis","https:\/\/www.instagram.com\/seine_saint_denis\/","https:\/\/www.youtube.com\/channel\/UCR5YF9NnqiLCbnrKQgLUcIw"]},{"@type":"Person","@id":"https:\/\/seinesaintdenis.fr\/actualite\/#\/schema\/person\/b61e6c67c4017ad602f792f6b0316027","name":"Christophe Lehousse","image":{"@type":"ImageObject","inLanguage":"fr-FR","@id":"https:\/\/secure.gravatar.com\/avatar\/474edaa980596bb8db66ecdbeb112f6442d5101a28bcd14acfd38a987868abd8?s=96&d=mm&r=g","url":"https:\/\/secure.gravatar.com\/avatar\/474edaa980596bb8db66ecdbeb112f6442d5101a28bcd14acfd38a987868abd8?s=96&d=mm&r=g","contentUrl":"https:\/\/secure.gravatar.com\/avatar\/474edaa980596bb8db66ecdbeb112f6442d5101a28bcd14acfd38a987868abd8?s=96&d=mm&r=g","caption":"Christophe Lehousse"},"url":"https:\/\/seinesaintdenis.fr\/actualite\/author\/clehousse\/"}]}},"_links":{"self":[{"href":"https:\/\/seinesaintdenis.fr\/actualite\/wp-json\/wp\/v2\/posts\/13838","targetHints":{"allow":["GET"]}}],"collection":[{"href":"https:\/\/seinesaintdenis.fr\/actualite\/wp-json\/wp\/v2\/posts"}],"about":[{"href":"https:\/\/seinesaintdenis.fr\/actualite\/wp-json\/wp\/v2\/types\/post"}],"author":[{"embeddable":true,"href":"https:\/\/seinesaintdenis.fr\/actualite\/wp-json\/wp\/v2\/users\/11"}],"replies":[{"embeddable":true,"href":"https:\/\/seinesaintdenis.fr\/actualite\/wp-json\/wp\/v2\/comments?post=13838"}],"version-history":[{"count":12,"href":"https:\/\/seinesaintdenis.fr\/actualite\/wp-json\/wp\/v2\/posts\/13838\/revisions"}],"predecessor-version":[{"id":14048,"href":"https:\/\/seinesaintdenis.fr\/actualite\/wp-json\/wp\/v2\/posts\/13838\/revisions\/14048"}],"wp:featuredmedia":[{"embeddable":true,"href":"https:\/\/seinesaintdenis.fr\/actualite\/wp-json\/wp\/v2\/media\/13842"}],"wp:attachment":[{"href":"https:\/\/seinesaintdenis.fr\/actualite\/wp-json\/wp\/v2\/media?parent=13838"}],"wp:term":[{"taxonomy":"category","embeddable":true,"href":"https:\/\/seinesaintdenis.fr\/actualite\/wp-json\/wp\/v2\/categories?post=13838"},{"taxonomy":"ville","embeddable":true,"href":"https:\/\/seinesaintdenis.fr\/actualite\/wp-json\/wp\/v2\/ville?post=13838"}],"curies":[{"name":"wp","href":"https:\/\/api.w.org\/{rel}","templated":true}]}}