{"id":1383,"date":"2022-10-13T14:00:00","date_gmt":"2022-10-13T14:00:00","guid":{"rendered":"https:\/\/seinesaintdenis.fr\/actualite\/uncategorized\/Canal-historique\/"},"modified":"2023-05-09T08:34:12","modified_gmt":"2023-05-09T08:34:12","slug":"Canal-historique","status":"publish","type":"post","link":"https:\/\/seinesaintdenis.fr\/actualite\/culture-patrimoine\/Canal-historique\/","title":{"rendered":"Canal historique"},"content":{"rendered":"<div class=\"youtube_player\"><\/div>\n<p><a class=\"spip_out\" href=\"https:\/\/youtu.be\/9vVEKN_z7JA\" rel=\"external\">lien direct vers la vid\u00e9o<\/a><br class=\"autobr\" \/><i>Course au canard et concours de plongeons dans le Canal de l\u2019Ourcq \u00e0 Pantin en 1964<\/i><\/p>\n<p>D\u00e8s le XVIe si\u00e8cle, la rivi\u00e8re de l\u2019Ourcq int\u00e9resse des ing\u00e9nieurs et des hommes de pouvoir parisiens. Prenant sa source dans l\u2019Aisne, l\u2019Ourcq appara\u00eet comme la plus ad\u00e9quate pour alimenter Paris. La capitale est en manque d\u2019eau de bonne qualit\u00e9. Celle de la Seine est pollu\u00e9e et les \u00e9pid\u00e9mies de chol\u00e9ra sont l\u00e9gion. Le projet de canal r\u00e9pond \u00e0 des enjeux sociaux, \u00e9conomiques et hygi\u00e9nistes. Des travaux sont d\u2019abord entrepris pour rendre la rivi\u00e8re navigable entre 1520 et 1530. Fin XVIIe, un projet obtient l\u2019accord du roi mais n\u2019aboutit pas. En 1787 une nouvelle tentative entrai\u00eene la cr\u00e9ation de la Compagnie du Canal royal de Paris. Elle permet au roi de ne pas financer int\u00e9gralement les travaux. Un groupement d\u2019individus peut investir dans la construction en \u00e9change de l\u2019exploitation du canal pour en tirer des b\u00e9n\u00e9fices. Mais la R\u00e9volution franc\u0327aise y met un nouveau coup d\u2019arr\u00eat.<\/p>\n<p><strong>La construction du canal\u2026 enfin\u00a0!<\/strong><\/p>\n<figure class=\"spip_document_15787 spip_documents spip_documents_center media media_image media_image_jpg\"><img loading=\"lazy\" decoding=\"async\" src=\"IMG\/jpg\/ad093ni_0000000865pourleweb.jpg\" alt=\"JPEG - 128.4 ko\" width=\"760\" height=\"551\" \/><\/figure>\n<p>En 1802 ressurgit l\u2019id\u00e9e. Malgr\u00e9 le soutien de Bonaparte, le projet soul\u00e8ve des d\u00e9bats houleux. Il est discut\u00e9 scientifiquement \u00e0 cause des difficult\u00e9s li\u00e9es au niveau d\u2019eau et aux risques de glissements de terrain. Napol\u00e9on surveille les travaux et visite en 1803 le creusement \u00e0 Aulnay et Sevran. Les contestations et la chute de l\u2019empereur provoquent des interruptions. A la Restauration, en 1818, la concession des canaux de l\u2019Ourcq et de Saint-Denis est c\u00e9d\u00e9e \u00e0 une compagnie priv\u00e9e qui doit finir les travaux et entretenir les canaux. Elle les finance en partie par des taxes sur les marchandises comme le vin entrant dans la ville de Paris. D\u2019autres impr\u00e9vus s\u2019ajoutent comme des \u00e9boulements et des probl\u00e8mes li\u00e9s au courant trop important de la rivi\u00e8re. Nombre de prisonniers prussiens et russes, issus des guerres napol\u00e9oniennes, travaillent \u00e0 son \u00e9dification. Ils tapissent le fond du canal avec l\u2019argile verte de Romainville aux vertus imperm\u00e9abilisante. Des ouvriers agricoles sont \u00e9galement employ\u00e9s. Afin d\u2019\u00e9viter leurs d\u00e9parts pour les moissons, ils b\u00e9n\u00e9ficient d\u2019une augmentation de salaire et de la prise en charge des soins et maladies. Le canal est enfin achev\u00e9 en 1822, un an apr\u00e8s celui de Saint-Denis\u00a0!<\/p>\n<figure class=\"spip_document_15786 spip_documents spip_documents_center media media_image media_image_jpg\"><img loading=\"lazy\" decoding=\"async\" src=\"IMG\/jpg\/ad093cp_0000019189pourleweb.jpg\" alt=\"JPEG - 217.7 ko\" width=\"760\" height=\"1131\" \/><\/figure>\n<p>Avec la construction du canal et l\u2019industrialisation du XIXe si\u00e8cle, beaucoup d\u2019entreprises ayant besoin d\u2019eau s\u2019installent sur les berges, notamment \u00e0 proximit\u00e9 de Paris. Ainsi, des industries pharmaceutiques s\u2019installent \u00e0 Pantin et des entreprises m\u00e9caniques vers Sevran, comme la soci\u00e9t\u00e9 Westinghouse, fabricante de freins, qui arrive \u00e0 Freinville, un des quartiers sevranais.<\/p>\n<p>Une poudrerie appara\u00eet \u00e0 Sevran aussi en 1873 et restera ouverte exactement un si\u00e8cle, jusqu\u2019en 1973. La poudre sans fum\u00e9e y est invent\u00e9e et Alfred Nobel effectue des tests sur la dynamite dans un atelier proche. L\u2019entreprise Kodak s\u2019implante \u00e9galement au bord du canal en 1924. L\u2019Ourcq conna\u00eet une activit\u00e9 mini\u00e8re. Le canal est utilis\u00e9 pour acheminer le gypse des carri\u00e8res alentour pour faire du pl\u00e2tre. Ces industries augmentent la population ouvri\u00e8re des communes en bordure du canal. Beaucoup de petites habitations \u00e9mergent alors dans les municipalit\u00e9s o\u00f9 le canal coule. Un bateau poste se met en place (toujours \u00e0 Sevran) en 1837, permettant de communiquer plus rapidement entre Paris et Meaux.<\/p>\n<p>D\u2019autres activit\u00e9s se d\u00e9veloppent en parall\u00e8le. Tout d\u2019abord, le canal se termine dans le port de la Villette qui devient \u00e0 la fin du XIXe si\u00e8cle l\u2019un des principaux quartiers industriels et commerciaux de Paris. En plus de l\u2019eau potable, ses voies permettent d\u2019acheminer de nombreux mat\u00e9riaux et denr\u00e9es alimentaires pour l\u2019approvision-nement de la capitale. En 1820 un service de galiotes, petits bateaux fluviaux servant aussi bien aux transports des personnes que des marchandises, est mis en place pour relier par l\u2019eau Claye et Paris. Pour plus d\u2019efficacit\u00e9, les galiotes sont remplac\u00e9es en 1837 par des bateaux de fer. Des fl\u00fbtes, bateaux fin et long viennent les compl\u00e9ter.<\/p>\n<p>Quand le r\u00e9seau d\u2019eau potable se met en place dans la capitale sous le Second Empire (1852-1870), la mission principale du canal est modifi\u00e9e. Il sert d\u00e9sormais pour l\u2019eau non potable, surtout pour le nettoyage de la voirie et des caniveaux. Lors de la Guerre de 1870 et 1871, les Prussiens utilisent ses vannes et r\u00e9ussissent \u00e0 bloquer des arm\u00e9es fran\u00e7aises en inondant les plaines. Puis, en 1876, la ville de Paris devient seule propri\u00e9taire du r\u00e9seau fluvial de l\u2019Ourcq et des berges sur une largeur de sept m\u00e8tres.<\/p>\n<p>Dans les ann\u00e9es 1970, 80 et 90, la Seine-Saint-Denis conna\u00eet une forte d\u00e9sindustrialisation et les bords du canal ne font pas exception. Mais avec le nouveau mill\u00e9naire, notre territoire attise les convoitises\u00a0par sa proximit\u00e9 avec Paris et ses espaces libres qui en font un gigantesque terrain de constructions. La r\u00e9habilitation des Grands Moulins \u00e0 Pantin (rachet\u00e9s par BNP Paribas) ou des Magasins g\u00e9n\u00e9raux transform\u00e9s en bureaux pour BETC sont des exemples embl\u00e9matiques de l\u2019attraction que provoquent d\u00e9sormais les berges de l\u2019Ourcq sans parler des nouveaux logements eux aussi tr\u00e8s pris\u00e9s.<\/p>\n<p><strong>Article r\u00e9alis\u00e9 avec le concours des Archives d\u00e9partementales de la Seine-Saint-Denis.<\/strong><\/p>\n<figure class=\"spip_document_15789 spip_documents spip_documents_center media media_image media_image_jpg\"><img loading=\"lazy\" decoding=\"async\" src=\"IMG\/jpg\/bordducanaldelourcq760.jpg\" alt=\"JPEG - 157.5 ko\" width=\"760\" height=\"501\" \/><\/figure>\n<p><i>En plus du c\u00f4t\u00e9 utilitaire, les berges du canal ont toujours \u00e9t\u00e9 des lieux de d\u00e9tente, d\u2019activit\u00e9 sportive et de vie quotidienne. Du puisage de l\u2019eau, au cours de natation sur ces cartes postales ancienne aux joggings de 2022, il est aussi possible de randonner \u00e0 pied ou \u00e0 v\u00e9lo de Paris jusqu\u2019\u00e0 Claye-Souilly dans le 77\u00a0!<\/i><\/p>\n<p><strong>Caract\u00e9ristiques techniques <\/strong><\/p>\n<p><img loading=\"lazy\" decoding=\"async\" class=\"puce\" src=\"squelettes-dist\/puce.gif\" alt=\"-\" width=\"8\" height=\"11\" \/>\u00a0Le canal commence \u00e0 Mareuil-sur-Ourcq et se termine au bassin de la Villette.<\/p>\n<p><img loading=\"lazy\" decoding=\"async\" class=\"puce\" src=\"squelettes-dist\/puce.gif\" alt=\"-\" width=\"8\" height=\"11\" \/>\u00a0Longueur\u00a0: 108 km.<\/p>\n<p><img loading=\"lazy\" decoding=\"async\" class=\"puce\" src=\"squelettes-dist\/puce.gif\" alt=\"-\" width=\"8\" height=\"11\" \/>\u00a010 \u00e9cluses.<\/p>\n<p><img loading=\"lazy\" decoding=\"async\" class=\"puce\" src=\"squelettes-dist\/puce.gif\" alt=\"-\" width=\"8\" height=\"11\" \/>\u00a0Navigation\u00a0: gros gabarits entre la Villette et Les Pavillons-sous-Bois. Fl\u00fbtes ou demi-fl\u00fbtes des Pavillons-sous-Bois \u00e0 Mareuil.<\/p>\n<figure class=\"spip_document_15795 spip_documents spip_documents_center media media_image media_image_jpg\"><img loading=\"lazy\" decoding=\"async\" src=\"IMG\/jpg\/voies_navigables_seine760.jpg\" alt=\"JPEG - 77.8 ko\" width=\"760\" height=\"429\" \/><\/figure>\n<h3 class=\"spip\">Le canal de l\u2019Ourcq aujourd\u2019hui<\/h3>\n<figure class=\"spip_document_15813 spip_documents spip_documents_center media media_image media_image_jpg\"><img loading=\"lazy\" decoding=\"async\" src=\"IMG\/jpg\/panoramique760.jpg\" alt=\"JPEG - 135.8 ko\" width=\"720\" height=\"364\" \/><\/figure>\n<p><i>Vue panoramique du canal de l\u2019Ourcq \u00e0 Pantin, r\u00e9alis\u00e9e en juillet 2016. Franck Rondot<\/i><\/p>\n<figure class=\"spip_document_15814 spip_documents spip_documents_center media media_image media_image_jpg\"><img loading=\"lazy\" decoding=\"async\" src=\"IMG\/jpg\/bateau760.jpg\" alt=\"JPEG - 216.1 ko\" width=\"760\" height=\"507\" \/><\/figure>\n<p><i>Vue depuis le parc d\u00e9partemental de la Berg\u00e8re \u00e0 Bobigny. Paysage d\u2019automne. Bateau. Mara Mazzanti<\/i><\/p>\n<figure class=\"spip_document_15816 spip_documents spip_documents_center media media_image media_image_jpg\"><img loading=\"lazy\" decoding=\"async\" src=\"IMG\/jpg\/fouleesapsad2018_760.jpg\" alt=\"JPEG - 344.2 ko\" width=\"760\" height=\"507\" \/><\/figure>\n<p><i>Foul\u00e9es de l\u2019automne organis\u00e9es par la section mise en forme et la section course \u00e0 pied de l\u2019APSAD 93 le long du canal \u00e0 Bobigny en novembre 2018. Nicolas Moulard<\/i><\/p>\n<p>&nbsp;<\/p>\n<figure class=\"spip_document_15817 spip_documents spip_documents_center media media_image media_image_jpg\"><img loading=\"lazy\" decoding=\"async\" src=\"IMG\/jpg\/curageducanal_760.jpg\" alt=\"JPEG - 244.5 ko\" width=\"760\" height=\"507\" \/><\/figure>\n<p>Le curage du canal en mars 2018. Franck Rondot<\/p>\n<figure class=\"spip_document_15821 spip_documents spip_documents_center media media_image media_image_jpg\"><img loading=\"lazy\" decoding=\"async\" src=\"IMG\/jpg\/passeroleoctobre2018_760.jpg\" alt=\"JPEG - 181.7 ko\" width=\"760\" height=\"507\" \/><\/figure>\n<p><i>Passerelle entre Noisy-le-Sec et Bobigny. Automne 2018. Mara Mazzanti<\/i><\/p>\n<figure class=\"spip_document_15815 spip_documents spip_documents_center media media_image media_image_jpg\"><img loading=\"lazy\" decoding=\"async\" src=\"IMG\/jpg\/eteducanalen2015_760.jpg\" alt=\"JPEG - 190.6 ko\" width=\"760\" height=\"506\" \/><\/figure>\n<p><i>L\u2019Et\u00e9 du Canal, entre Noisy-le-Sec et Bobigny, juillet 2015. Patricia Lecomte<\/i><\/p>\n<figure class=\"spip_document_15822 spip_documents spip_documents_center media media_image media_image_jpg\"><img loading=\"lazy\" decoding=\"async\" src=\"IMG\/jpg\/24hsevran2016_760.jpg\" alt=\"JPEG - 272.9 ko\" width=\"760\" height=\"506\" \/><\/figure>\n<p><i>24h de la biodiversit\u00e9\u00a0: atelier d\u2019observation des libellules lors d\u2019une balade sur les eaux du canal \u00e0 la base de cano\u00eb-kayak \u00e0 Sevran en 2016. Patricia Lecomte<\/i><\/p>\n<figure class=\"spip_document_15823 spip_documents spip_documents_center media media_image media_image_jpg\"><img loading=\"lazy\" decoding=\"async\" src=\"IMG\/jpg\/passerelleaulnay760.jpg\" alt=\"JPEG - 265.7 ko\" width=\"760\" height=\"506\" \/><\/figure>\n<p><i>Passerelle des Jardins Perdus \u00e0 Aulnay-sous-Bois en 2019. Patricia Lecomte<\/i><\/p>\n<figure class=\"spip_document_15820 spip_documents spip_documents_center media media_image media_image_jpg\"><img loading=\"lazy\" decoding=\"async\" src=\"IMG\/jpg\/eteducanalstaff_760.jpg\" alt=\"JPEG - 124.2 ko\" width=\"760\" height=\"507\" \/><\/figure>\n<p><i>L\u2019\u00c9t\u00e9 du Canal \u00e0 Bondy en juillet 2021. Sylvain Hitau<\/i><\/p>\n<figure class=\"spip_document_15819 spip_documents spip_documents_center media media_image media_image_jpg\"><img loading=\"lazy\" decoding=\"async\" src=\"IMG\/jpg\/parcdelabergere_760.jpg\" alt=\"JPEG - 304.4 ko\" width=\"760\" height=\"507\" \/><\/figure>\n<p><i>L\u2019\u00c9t\u00e9 du Canal au parc d\u00e9partemental de la Berg\u00e8re \u00e0 Bobigny le 18 juillet 2021. Sylvain Hitau<\/i><\/p>\n<div class=\"texteencadre-spip spip\"><strong>Joyeux anniversaire\u00a0!<\/strong><br class=\"autobr\" \/>Pour f\u00eater ce Bicentenaire, une riche programmation a \u00e9t\u00e9 pr\u00e9vue jusqu\u2019au 31 d\u00e9cembre 2022\u00a0: balades guid\u00e9es, croisi\u00e8res th\u00e9matiques, visites, expositions, \u00e9v\u00e9nements\u2026 D\u00e9couvrez toutes les festivit\u00e9s via <a class=\"spip_out\" href=\"http:\/\/www.tourisme93.com\" rel=\"external\">www.tourisme93.com\u00a0!<\/a><\/div>\n<p><strong>Cr\u00e9dits photos\u00a0:<\/strong><\/p>\n<p><img loading=\"lazy\" decoding=\"async\" class=\"puce\" src=\"squelettes-dist\/puce.gif\" alt=\"-\" width=\"8\" height=\"11\" \/>\u00a0La natation au canal de l\u2019Ourcq<br class=\"autobr\" \/>Cote\u00a0: 75Fi Aulnay-sous-Bois\/806<br class=\"autobr\" \/>Cr\u00e9dits\u00a0: Droits r\u00e9serv\u00e9s &#8211; \u00e9ditions HWSW \/ AD093<\/p>\n<p><img loading=\"lazy\" decoding=\"async\" class=\"puce\" src=\"squelettes-dist\/puce.gif\" alt=\"-\" width=\"8\" height=\"11\" \/>\u00a0Vue du bassin du canal&#8230;<br class=\"autobr\" \/>Cote\u00a0: 6FI\/246<br class=\"autobr\" \/>Cr\u00e9dits\u00a0: Droits r\u00e9serv\u00e9s &#8211; \u00e9ditions Basset &#8211; Biblioth\u00e8que imp\u00e9riale \/ AD093<\/p>\n<p><img loading=\"lazy\" decoding=\"async\" class=\"puce\" src=\"squelettes-dist\/puce.gif\" alt=\"-\" width=\"8\" height=\"11\" \/>\u00a0Le canal de l\u2019Ourcq et les moulins<br class=\"autobr\" \/>Cote\u00a0: 49Fi\/7625<br class=\"autobr\" \/>Cr\u00e9dits\u00a0: Droits r\u00e9serv\u00e9s &#8211; \u00e9ditions Malcuit \/ AD093<\/p>\n<p><img loading=\"lazy\" decoding=\"async\" class=\"puce\" src=\"squelettes-dist\/puce.gif\" alt=\"-\" width=\"8\" height=\"11\" \/>\u00a0Autre visuel\u00a0: Droits r\u00e9serv\u00e9s &#8211; Collection H. Lebrun \/ Archives d\u00e9partementales de la Seine-Saint-Denis.<\/p>\n<p><strong>Cr\u00e9dit vid\u00e9o\u00a0: <\/strong> <br class=\"autobr\" \/>Remerciements \u00e0 Cin\u00e9-Archives pour l\u2019utilisation de l\u2019extrait. Montage Suleyman Acikgoz.<\/p>\n","protected":false},"excerpt":{"rendered":"lien direct vers la vid\u00e9oCourse au canard et concours de plongeons dans le Canal de l\u2019Ourcq \u00e0 Pantin en 1964 D\u00e8s le XVIe si\u00e8cle, la rivi\u00e8re de l\u2019Ourcq int\u00e9resse des ing\u00e9nieurs et des hommes de pouvoir parisiens. Prenant sa source dans l\u2019Aisne, l\u2019Ourcq appara\u00eet comme la plus ad\u00e9quate pour alimenter Paris. La capitale est en&#8230; <a class=\"view-article\" href=\"https:\/\/seinesaintdenis.fr\/actualite\/culture-patrimoine\/Canal-historique\/\">Voir l&rsquo;article<\/a>","protected":false},"author":20,"featured_media":1384,"comment_status":"open","ping_status":"open","sticky":false,"template":"","format":"standard","meta":{"_acf_changed":false,"footnotes":""},"categories":[9,135],"ville":[82],"class_list":["post-1383","post","type-post","status-publish","format-standard","has-post-thumbnail","hentry","category-culture-patrimoine","category-memoire"],"acf":[],"yoast_head":"<!-- This site is optimized with the Yoast SEO plugin v27.5 - https:\/\/yoast.com\/product\/yoast-seo-wordpress\/ -->\n<title>Canal historique - Seine-Saint-Denis - L&#039;actualit\u00e9 du d\u00e9partement<\/title>\n<meta name=\"robots\" content=\"index, follow, max-snippet:-1, max-image-preview:large, max-video-preview:-1\" \/>\n<link rel=\"canonical\" href=\"https:\/\/seinesaintdenis.fr\/actualite\/culture-patrimoine\/Canal-historique\/\" \/>\n<meta property=\"og:locale\" content=\"fr_FR\" \/>\n<meta property=\"og:type\" content=\"article\" \/>\n<meta property=\"og:title\" content=\"Canal historique - Seine-Saint-Denis - L&#039;actualit\u00e9 du d\u00e9partement\" \/>\n<meta property=\"og:url\" content=\"https:\/\/seinesaintdenis.fr\/actualite\/culture-patrimoine\/Canal-historique\/\" \/>\n<meta property=\"og:site_name\" content=\"Seine-Saint-Denis - L&#039;actualit\u00e9 du d\u00e9partement\" \/>\n<meta property=\"article:publisher\" content=\"https:\/\/www.facebook.com\/seinesaintdenisledepartement\" \/>\n<meta property=\"article:published_time\" content=\"2022-10-13T14:00:00+00:00\" \/>\n<meta property=\"article:modified_time\" content=\"2023-05-09T08:34:12+00:00\" \/>\n<meta property=\"og:image\" content=\"https:\/\/seinesaintdenis.fr\/actualite\/wp-content\/uploads\/2023\/04\/30ff0382181f642a082b6a3e3a4fa2.jpg\" \/>\n\t<meta property=\"og:image:width\" content=\"760\" \/>\n\t<meta property=\"og:image:height\" content=\"411\" \/>\n\t<meta property=\"og:image:type\" content=\"image\/jpeg\" \/>\n<meta name=\"author\" content=\"Sandrine Bordet\" \/>\n<meta name=\"twitter:card\" content=\"summary_large_image\" \/>\n<meta name=\"twitter:creator\" content=\"@seinesaintdenis\" \/>\n<meta name=\"twitter:site\" content=\"@seinesaintdenis\" \/>\n<meta name=\"twitter:label1\" content=\"\u00c9crit par\" \/>\n\t<meta name=\"twitter:data1\" content=\"Sandrine Bordet\" \/>\n\t<meta name=\"twitter:label2\" content=\"Dur\u00e9e de lecture estim\u00e9e\" \/>\n\t<meta name=\"twitter:data2\" content=\"11 minutes\" \/>\n<script type=\"application\/ld+json\" class=\"yoast-schema-graph\">{\"@context\":\"https:\\\/\\\/schema.org\",\"@graph\":[{\"@type\":\"Article\",\"@id\":\"https:\\\/\\\/seinesaintdenis.fr\\\/actualite\\\/culture-patrimoine\\\/Canal-historique\\\/#article\",\"isPartOf\":{\"@id\":\"https:\\\/\\\/seinesaintdenis.fr\\\/actualite\\\/culture-patrimoine\\\/Canal-historique\\\/\"},\"author\":{\"name\":\"Sandrine Bordet\",\"@id\":\"https:\\\/\\\/seinesaintdenis.fr\\\/actualite\\\/#\\\/schema\\\/person\\\/af2c781b1076e646d110742d2a4003dc\"},\"headline\":\"Canal historique\",\"datePublished\":\"2022-10-13T14:00:00+00:00\",\"dateModified\":\"2023-05-09T08:34:12+00:00\",\"mainEntityOfPage\":{\"@id\":\"https:\\\/\\\/seinesaintdenis.fr\\\/actualite\\\/culture-patrimoine\\\/Canal-historique\\\/\"},\"wordCount\":1313,\"commentCount\":0,\"publisher\":{\"@id\":\"https:\\\/\\\/seinesaintdenis.fr\\\/actualite\\\/#organization\"},\"image\":{\"@id\":\"https:\\\/\\\/seinesaintdenis.fr\\\/actualite\\\/culture-patrimoine\\\/Canal-historique\\\/#primaryimage\"},\"thumbnailUrl\":\"https:\\\/\\\/seinesaintdenis.fr\\\/actualite\\\/wp-content\\\/uploads\\\/2023\\\/04\\\/30ff0382181f642a082b6a3e3a4fa2.jpg\",\"articleSection\":[\"Culture &amp; Patrimoine\",\"M\u00e9moire\"],\"inLanguage\":\"fr-FR\",\"potentialAction\":[{\"@type\":\"CommentAction\",\"name\":\"Comment\",\"target\":[\"https:\\\/\\\/seinesaintdenis.fr\\\/actualite\\\/culture-patrimoine\\\/Canal-historique\\\/#respond\"]}]},{\"@type\":\"WebPage\",\"@id\":\"https:\\\/\\\/seinesaintdenis.fr\\\/actualite\\\/culture-patrimoine\\\/Canal-historique\\\/\",\"url\":\"https:\\\/\\\/seinesaintdenis.fr\\\/actualite\\\/culture-patrimoine\\\/Canal-historique\\\/\",\"name\":\"Canal historique - Seine-Saint-Denis - L&#039;actualit\u00e9 du d\u00e9partement\",\"isPartOf\":{\"@id\":\"https:\\\/\\\/seinesaintdenis.fr\\\/actualite\\\/#website\"},\"primaryImageOfPage\":{\"@id\":\"https:\\\/\\\/seinesaintdenis.fr\\\/actualite\\\/culture-patrimoine\\\/Canal-historique\\\/#primaryimage\"},\"image\":{\"@id\":\"https:\\\/\\\/seinesaintdenis.fr\\\/actualite\\\/culture-patrimoine\\\/Canal-historique\\\/#primaryimage\"},\"thumbnailUrl\":\"https:\\\/\\\/seinesaintdenis.fr\\\/actualite\\\/wp-content\\\/uploads\\\/2023\\\/04\\\/30ff0382181f642a082b6a3e3a4fa2.jpg\",\"datePublished\":\"2022-10-13T14:00:00+00:00\",\"dateModified\":\"2023-05-09T08:34:12+00:00\",\"breadcrumb\":{\"@id\":\"https:\\\/\\\/seinesaintdenis.fr\\\/actualite\\\/culture-patrimoine\\\/Canal-historique\\\/#breadcrumb\"},\"inLanguage\":\"fr-FR\",\"potentialAction\":[{\"@type\":\"ReadAction\",\"target\":[\"https:\\\/\\\/seinesaintdenis.fr\\\/actualite\\\/culture-patrimoine\\\/Canal-historique\\\/\"]}]},{\"@type\":\"ImageObject\",\"inLanguage\":\"fr-FR\",\"@id\":\"https:\\\/\\\/seinesaintdenis.fr\\\/actualite\\\/culture-patrimoine\\\/Canal-historique\\\/#primaryimage\",\"url\":\"https:\\\/\\\/seinesaintdenis.fr\\\/actualite\\\/wp-content\\\/uploads\\\/2023\\\/04\\\/30ff0382181f642a082b6a3e3a4fa2.jpg\",\"contentUrl\":\"https:\\\/\\\/seinesaintdenis.fr\\\/actualite\\\/wp-content\\\/uploads\\\/2023\\\/04\\\/30ff0382181f642a082b6a3e3a4fa2.jpg\",\"width\":760,\"height\":411},{\"@type\":\"BreadcrumbList\",\"@id\":\"https:\\\/\\\/seinesaintdenis.fr\\\/actualite\\\/culture-patrimoine\\\/Canal-historique\\\/#breadcrumb\",\"itemListElement\":[{\"@type\":\"ListItem\",\"position\":1,\"name\":\"Accueil\",\"item\":\"https:\\\/\\\/seinesaintdenis.fr\\\/actualite\\\/\"},{\"@type\":\"ListItem\",\"position\":2,\"name\":\"Culture &amp; Patrimoine\",\"item\":\"https:\\\/\\\/seinesaintdenis.fr\\\/actualite\\\/culture-patrimoine\\\/\"},{\"@type\":\"ListItem\",\"position\":3,\"name\":\"Canal historique\"}]},{\"@type\":\"WebSite\",\"@id\":\"https:\\\/\\\/seinesaintdenis.fr\\\/actualite\\\/#website\",\"url\":\"https:\\\/\\\/seinesaintdenis.fr\\\/actualite\\\/\",\"name\":\"Seine-Saint-Denis - L'actualit\u00e9 du d\u00e9partement\",\"description\":\"L&#039;actualit\u00e9 du D\u00e9partement de la Seine-Saint-Denis\",\"publisher\":{\"@id\":\"https:\\\/\\\/seinesaintdenis.fr\\\/actualite\\\/#organization\"},\"potentialAction\":[{\"@type\":\"SearchAction\",\"target\":{\"@type\":\"EntryPoint\",\"urlTemplate\":\"https:\\\/\\\/seinesaintdenis.fr\\\/actualite\\\/?s={search_term_string}\"},\"query-input\":{\"@type\":\"PropertyValueSpecification\",\"valueRequired\":true,\"valueName\":\"search_term_string\"}}],\"inLanguage\":\"fr-FR\"},{\"@type\":\"Organization\",\"@id\":\"https:\\\/\\\/seinesaintdenis.fr\\\/actualite\\\/#organization\",\"name\":\"Seine-Saint-Denis - Le D\u00e9partement\",\"url\":\"https:\\\/\\\/seinesaintdenis.fr\\\/actualite\\\/\",\"logo\":{\"@type\":\"ImageObject\",\"inLanguage\":\"fr-FR\",\"@id\":\"https:\\\/\\\/seinesaintdenis.fr\\\/actualite\\\/#\\\/schema\\\/logo\\\/image\\\/\",\"url\":\"https:\\\/\\\/seinesaintdenis.fr\\\/actualite\\\/wp-content\\\/uploads\\\/2024\\\/08\\\/logo.png\",\"contentUrl\":\"https:\\\/\\\/seinesaintdenis.fr\\\/actualite\\\/wp-content\\\/uploads\\\/2024\\\/08\\\/logo.png\",\"width\":567,\"height\":172,\"caption\":\"Seine-Saint-Denis - Le D\u00e9partement\"},\"image\":{\"@id\":\"https:\\\/\\\/seinesaintdenis.fr\\\/actualite\\\/#\\\/schema\\\/logo\\\/image\\\/\"},\"sameAs\":[\"https:\\\/\\\/www.facebook.com\\\/seinesaintdenisledepartement\",\"https:\\\/\\\/x.com\\\/seinesaintdenis\",\"https:\\\/\\\/www.linkedin.com\\\/company\\\/seinesaintdenis\",\"https:\\\/\\\/www.instagram.com\\\/seine_saint_denis\\\/\",\"https:\\\/\\\/www.youtube.com\\\/channel\\\/UCR5YF9NnqiLCbnrKQgLUcIw\"]},{\"@type\":\"Person\",\"@id\":\"https:\\\/\\\/seinesaintdenis.fr\\\/actualite\\\/#\\\/schema\\\/person\\\/af2c781b1076e646d110742d2a4003dc\",\"name\":\"Sandrine Bordet\",\"image\":{\"@type\":\"ImageObject\",\"inLanguage\":\"fr-FR\",\"@id\":\"https:\\\/\\\/secure.gravatar.com\\\/avatar\\\/69b6ab7ee8683eda3ace9eeb52ac7064ee975f13714eb0a9c9f24786aad6a713?s=96&d=mm&r=g\",\"url\":\"https:\\\/\\\/secure.gravatar.com\\\/avatar\\\/69b6ab7ee8683eda3ace9eeb52ac7064ee975f13714eb0a9c9f24786aad6a713?s=96&d=mm&r=g\",\"contentUrl\":\"https:\\\/\\\/secure.gravatar.com\\\/avatar\\\/69b6ab7ee8683eda3ace9eeb52ac7064ee975f13714eb0a9c9f24786aad6a713?s=96&d=mm&r=g\",\"caption\":\"Sandrine Bordet\"},\"url\":\"https:\\\/\\\/seinesaintdenis.fr\\\/actualite\\\/author\\\/sbordet\\\/\"}]}<\/script>\n<!-- \/ Yoast SEO plugin. -->","yoast_head_json":{"title":"Canal historique - Seine-Saint-Denis - L&#039;actualit\u00e9 du d\u00e9partement","robots":{"index":"index","follow":"follow","max-snippet":"max-snippet:-1","max-image-preview":"max-image-preview:large","max-video-preview":"max-video-preview:-1"},"canonical":"https:\/\/seinesaintdenis.fr\/actualite\/culture-patrimoine\/Canal-historique\/","og_locale":"fr_FR","og_type":"article","og_title":"Canal historique - Seine-Saint-Denis - L&#039;actualit\u00e9 du d\u00e9partement","og_url":"https:\/\/seinesaintdenis.fr\/actualite\/culture-patrimoine\/Canal-historique\/","og_site_name":"Seine-Saint-Denis - L&#039;actualit\u00e9 du d\u00e9partement","article_publisher":"https:\/\/www.facebook.com\/seinesaintdenisledepartement","article_published_time":"2022-10-13T14:00:00+00:00","article_modified_time":"2023-05-09T08:34:12+00:00","og_image":[{"width":760,"height":411,"url":"https:\/\/seinesaintdenis.fr\/actualite\/wp-content\/uploads\/2023\/04\/30ff0382181f642a082b6a3e3a4fa2.jpg","type":"image\/jpeg"}],"author":"Sandrine Bordet","twitter_card":"summary_large_image","twitter_creator":"@seinesaintdenis","twitter_site":"@seinesaintdenis","twitter_misc":{"\u00c9crit par":"Sandrine Bordet","Dur\u00e9e de lecture estim\u00e9e":"11 minutes"},"schema":{"@context":"https:\/\/schema.org","@graph":[{"@type":"Article","@id":"https:\/\/seinesaintdenis.fr\/actualite\/culture-patrimoine\/Canal-historique\/#article","isPartOf":{"@id":"https:\/\/seinesaintdenis.fr\/actualite\/culture-patrimoine\/Canal-historique\/"},"author":{"name":"Sandrine Bordet","@id":"https:\/\/seinesaintdenis.fr\/actualite\/#\/schema\/person\/af2c781b1076e646d110742d2a4003dc"},"headline":"Canal historique","datePublished":"2022-10-13T14:00:00+00:00","dateModified":"2023-05-09T08:34:12+00:00","mainEntityOfPage":{"@id":"https:\/\/seinesaintdenis.fr\/actualite\/culture-patrimoine\/Canal-historique\/"},"wordCount":1313,"commentCount":0,"publisher":{"@id":"https:\/\/seinesaintdenis.fr\/actualite\/#organization"},"image":{"@id":"https:\/\/seinesaintdenis.fr\/actualite\/culture-patrimoine\/Canal-historique\/#primaryimage"},"thumbnailUrl":"https:\/\/seinesaintdenis.fr\/actualite\/wp-content\/uploads\/2023\/04\/30ff0382181f642a082b6a3e3a4fa2.jpg","articleSection":["Culture &amp; Patrimoine","M\u00e9moire"],"inLanguage":"fr-FR","potentialAction":[{"@type":"CommentAction","name":"Comment","target":["https:\/\/seinesaintdenis.fr\/actualite\/culture-patrimoine\/Canal-historique\/#respond"]}]},{"@type":"WebPage","@id":"https:\/\/seinesaintdenis.fr\/actualite\/culture-patrimoine\/Canal-historique\/","url":"https:\/\/seinesaintdenis.fr\/actualite\/culture-patrimoine\/Canal-historique\/","name":"Canal historique - Seine-Saint-Denis - L&#039;actualit\u00e9 du d\u00e9partement","isPartOf":{"@id":"https:\/\/seinesaintdenis.fr\/actualite\/#website"},"primaryImageOfPage":{"@id":"https:\/\/seinesaintdenis.fr\/actualite\/culture-patrimoine\/Canal-historique\/#primaryimage"},"image":{"@id":"https:\/\/seinesaintdenis.fr\/actualite\/culture-patrimoine\/Canal-historique\/#primaryimage"},"thumbnailUrl":"https:\/\/seinesaintdenis.fr\/actualite\/wp-content\/uploads\/2023\/04\/30ff0382181f642a082b6a3e3a4fa2.jpg","datePublished":"2022-10-13T14:00:00+00:00","dateModified":"2023-05-09T08:34:12+00:00","breadcrumb":{"@id":"https:\/\/seinesaintdenis.fr\/actualite\/culture-patrimoine\/Canal-historique\/#breadcrumb"},"inLanguage":"fr-FR","potentialAction":[{"@type":"ReadAction","target":["https:\/\/seinesaintdenis.fr\/actualite\/culture-patrimoine\/Canal-historique\/"]}]},{"@type":"ImageObject","inLanguage":"fr-FR","@id":"https:\/\/seinesaintdenis.fr\/actualite\/culture-patrimoine\/Canal-historique\/#primaryimage","url":"https:\/\/seinesaintdenis.fr\/actualite\/wp-content\/uploads\/2023\/04\/30ff0382181f642a082b6a3e3a4fa2.jpg","contentUrl":"https:\/\/seinesaintdenis.fr\/actualite\/wp-content\/uploads\/2023\/04\/30ff0382181f642a082b6a3e3a4fa2.jpg","width":760,"height":411},{"@type":"BreadcrumbList","@id":"https:\/\/seinesaintdenis.fr\/actualite\/culture-patrimoine\/Canal-historique\/#breadcrumb","itemListElement":[{"@type":"ListItem","position":1,"name":"Accueil","item":"https:\/\/seinesaintdenis.fr\/actualite\/"},{"@type":"ListItem","position":2,"name":"Culture &amp; Patrimoine","item":"https:\/\/seinesaintdenis.fr\/actualite\/culture-patrimoine\/"},{"@type":"ListItem","position":3,"name":"Canal historique"}]},{"@type":"WebSite","@id":"https:\/\/seinesaintdenis.fr\/actualite\/#website","url":"https:\/\/seinesaintdenis.fr\/actualite\/","name":"Seine-Saint-Denis - L'actualit\u00e9 du d\u00e9partement","description":"L&#039;actualit\u00e9 du D\u00e9partement de la Seine-Saint-Denis","publisher":{"@id":"https:\/\/seinesaintdenis.fr\/actualite\/#organization"},"potentialAction":[{"@type":"SearchAction","target":{"@type":"EntryPoint","urlTemplate":"https:\/\/seinesaintdenis.fr\/actualite\/?s={search_term_string}"},"query-input":{"@type":"PropertyValueSpecification","valueRequired":true,"valueName":"search_term_string"}}],"inLanguage":"fr-FR"},{"@type":"Organization","@id":"https:\/\/seinesaintdenis.fr\/actualite\/#organization","name":"Seine-Saint-Denis - Le D\u00e9partement","url":"https:\/\/seinesaintdenis.fr\/actualite\/","logo":{"@type":"ImageObject","inLanguage":"fr-FR","@id":"https:\/\/seinesaintdenis.fr\/actualite\/#\/schema\/logo\/image\/","url":"https:\/\/seinesaintdenis.fr\/actualite\/wp-content\/uploads\/2024\/08\/logo.png","contentUrl":"https:\/\/seinesaintdenis.fr\/actualite\/wp-content\/uploads\/2024\/08\/logo.png","width":567,"height":172,"caption":"Seine-Saint-Denis - Le D\u00e9partement"},"image":{"@id":"https:\/\/seinesaintdenis.fr\/actualite\/#\/schema\/logo\/image\/"},"sameAs":["https:\/\/www.facebook.com\/seinesaintdenisledepartement","https:\/\/x.com\/seinesaintdenis","https:\/\/www.linkedin.com\/company\/seinesaintdenis","https:\/\/www.instagram.com\/seine_saint_denis\/","https:\/\/www.youtube.com\/channel\/UCR5YF9NnqiLCbnrKQgLUcIw"]},{"@type":"Person","@id":"https:\/\/seinesaintdenis.fr\/actualite\/#\/schema\/person\/af2c781b1076e646d110742d2a4003dc","name":"Sandrine Bordet","image":{"@type":"ImageObject","inLanguage":"fr-FR","@id":"https:\/\/secure.gravatar.com\/avatar\/69b6ab7ee8683eda3ace9eeb52ac7064ee975f13714eb0a9c9f24786aad6a713?s=96&d=mm&r=g","url":"https:\/\/secure.gravatar.com\/avatar\/69b6ab7ee8683eda3ace9eeb52ac7064ee975f13714eb0a9c9f24786aad6a713?s=96&d=mm&r=g","contentUrl":"https:\/\/secure.gravatar.com\/avatar\/69b6ab7ee8683eda3ace9eeb52ac7064ee975f13714eb0a9c9f24786aad6a713?s=96&d=mm&r=g","caption":"Sandrine Bordet"},"url":"https:\/\/seinesaintdenis.fr\/actualite\/author\/sbordet\/"}]}},"_links":{"self":[{"href":"https:\/\/seinesaintdenis.fr\/actualite\/wp-json\/wp\/v2\/posts\/1383","targetHints":{"allow":["GET"]}}],"collection":[{"href":"https:\/\/seinesaintdenis.fr\/actualite\/wp-json\/wp\/v2\/posts"}],"about":[{"href":"https:\/\/seinesaintdenis.fr\/actualite\/wp-json\/wp\/v2\/types\/post"}],"author":[{"embeddable":true,"href":"https:\/\/seinesaintdenis.fr\/actualite\/wp-json\/wp\/v2\/users\/20"}],"replies":[{"embeddable":true,"href":"https:\/\/seinesaintdenis.fr\/actualite\/wp-json\/wp\/v2\/comments?post=1383"}],"version-history":[{"count":3,"href":"https:\/\/seinesaintdenis.fr\/actualite\/wp-json\/wp\/v2\/posts\/1383\/revisions"}],"predecessor-version":[{"id":1866,"href":"https:\/\/seinesaintdenis.fr\/actualite\/wp-json\/wp\/v2\/posts\/1383\/revisions\/1866"}],"wp:featuredmedia":[{"embeddable":true,"href":"https:\/\/seinesaintdenis.fr\/actualite\/wp-json\/wp\/v2\/media\/1384"}],"wp:attachment":[{"href":"https:\/\/seinesaintdenis.fr\/actualite\/wp-json\/wp\/v2\/media?parent=1383"}],"wp:term":[{"taxonomy":"category","embeddable":true,"href":"https:\/\/seinesaintdenis.fr\/actualite\/wp-json\/wp\/v2\/categories?post=1383"},{"taxonomy":"ville","embeddable":true,"href":"https:\/\/seinesaintdenis.fr\/actualite\/wp-json\/wp\/v2\/ville?post=1383"}],"curies":[{"name":"wp","href":"https:\/\/api.w.org\/{rel}","templated":true}]}}