{"id":1377,"date":"2022-10-14T17:14:52","date_gmt":"2022-10-14T17:14:52","guid":{"rendered":"https:\/\/seinesaintdenis.fr\/actualite\/uncategorized\/L-incubateur-d-artistes-Artagon-ouvre-ses-portes-a-Pantin\/"},"modified":"2023-05-09T09:14:23","modified_gmt":"2023-05-09T09:14:23","slug":"L-incubateur-d-artistes-Artagon-ouvre-ses-portes-a-Pantin","status":"publish","type":"post","link":"https:\/\/seinesaintdenis.fr\/actualite\/culture-patrimoine\/L-incubateur-d-artistes-Artagon-ouvre-ses-portes-a-Pantin\/","title":{"rendered":"L&rsquo;incubateur d&rsquo;artistes Artagon ouvre ses portes \u00e0 Pantin"},"content":{"rendered":"<p>Apr\u00e8s deux premiers locaux ouverts \u00e0 Marseille et dans le Loiret, l\u2019association Artagon, d\u00e9di\u00e9e au soutien et \u00e0 l\u2019accompagnement de la cr\u00e9ation artistique, s\u2019est install\u00e9e dans l\u2019ancien coll\u00e8ge Jean-Lolive de Pantin. D\u00e9ploy\u00e9 sur plus de 4500 m<sup>2<\/sup> avec un hectare d\u2019espaces ext\u00e9rieurs, ce lieu subventionn\u00e9 par le D\u00e9partement accueillera une premi\u00e8re promotion de 50 artistes et professionnel\u00b7le\u00b7s de la culture en d\u00e9but de parcours qui seront soutenu\u00b7e\u00b7s et accompagn\u00e9\u00b7e\u00b7s par l\u2019\u00e9quipe pendant 18 mois.<\/p>\n<h3 class=\"spip\">Un espace collectif de production et d\u2019apprentissage<\/h3>\n<p><i>\u00ab\u00a0Les jeunes gens sortis des \u00e9coles d\u2019art ont parfois du mal \u00e0 se faire conna\u00eetre des professionnels\u00a0: galeristes, commissaires d\u2019exposition, critiques&#8230;\u00a0\u00bb <\/i>, explique Keimis Henni, directeur artistique des <a class=\"spip_out\" href=\"https:\/\/magasinsgeneraux.com\/fr\/a-propos\" rel=\"external\">Magasins g\u00e9n\u00e9raux<\/a> de Pantin et co-fondateur en 2014 de l\u2019association <a class=\"spip_out\" href=\"https:\/\/www.artagon.org\/\" rel=\"external\">Artagon<\/a>. <i>\u00ab\u00a0Nous avons voulu r\u00e9unir en un m\u00eame endroit des cr\u00e9ateurs de toutes les disciplines avec une dominante d\u2019art plastique mais aussi de la danse, du cin\u00e9ma, de la photographie, de l\u2019architecture, des chercheurs, des commissaires d\u2019exposition&#8230;\u00a0\u00bb<\/i>. <br class=\"autobr\" \/>La structure, coordonn\u00e9e par quatre professionnel\u00b7le\u00b7s, propose une vaste palette de ressources et de programmes destin\u00e9s \u00e0 la communaut\u00e9 et \u00e0 la population locale\u00a0: organisation de formations (sur les questions de droits d\u2019auteur, r\u00e9alisation de port-folios, budget pr\u00e9visionnel, contrats&#8230;) et de rencontres grand public sur des th\u00e9matiques li\u00e9es \u00e0 l\u2019art&#8230; <br class=\"autobr\" \/>Les r\u00e9sident\u00b7e\u00b7s, qui partagent les salles de classe, b\u00e9n\u00e9ficient aussi d\u2019espaces de co-working (ancienne salle des professeurs&#8230;) pour se faire conna\u00eetre des institutions artistiques d\u2019\u00cele-de-France. <i>\u00ab\u00a0Une fa\u00e7on de les aider \u00e0 se cr\u00e9er un r\u00e9seau et \u00e0 se projeter dans un parcours professionnel\u00a0\u00bb <\/i>, ajoute Jeanne Turpault, responsable d\u2019Artagon Pantin.<\/p>\n<h3 class=\"spip\">Deux jours de festivit\u00e9s et de cr\u00e9ation<\/h3>\n<p>Les artistes invitent les habitant\u00b7e\u00b7s \u00e0 un week-end d\u2019inauguration samedi 15 et dimanche 16 octobre et leur pr\u00e9senteront leurs nombreux projets dans une ambiance festive. Le sculpteur <a class=\"spip_out\" href=\"https:\/\/www.artagon.org\/rencontre-avec-neil-beloufa\/\" rel=\"external\">Neil Beloufa<\/a>, la peintre <a class=\"spip_out\" href=\"https:\/\/www.instagram.com\/cecile.cornet\/?hl=fr\" rel=\"external\">C\u00e9cile Cornet<\/a>, la cin\u00e9aste <a class=\"spip_out\" href=\"https:\/\/www.citedesartsparis.net\/fr\/caroline-deodat\" rel=\"external\">Caroline D\u00e9odat<\/a>, la DJ Christelle Oyiri et l\u2019ensemble des artistes r\u00e9sidents vous feront visiter leurs ateliers et vous convient \u00e9galement \u00e0 des chantiers partag\u00e9s conviviaux\u00a0: activit\u00e9s de tissage, plantation de graines et de v\u00e9g\u00e9taux, installations participatives et musique \u00e9lectronique dans la cour de l\u2019ancienne \u00e9cole, projection de films et performances dans\u00e9es&#8230;<\/p>\n<p>Et les gourmand\u00b7e\u00b7s pourront se r\u00e9galer dans les locaux de l\u2019<a class=\"spip_out\" href=\"https:\/\/www.est-ensemble.fr\/restaurant-pas-si-loin-et-tres-convivial\" rel=\"external\">espace de restauration \u00ab\u00a0Pas si loin\u00a0\u00bb<\/a> install\u00e9 dans les locaux et qui permettra \u00e0 une dizaine de salari\u00e9\u00b7e\u00b7s en insertion de retrouver le chemin de l\u2019emploi en concoctant des plats en circuit court. Une fa\u00e7on de lier les nourritures du corps et de l\u2019esprit en d\u00e9couvrant la richesse de la cr\u00e9ation \u00e9mergente.<\/p>\n<p><i>Journ\u00e9es portes ouvertes les samedi 15 et dimanche 16 octobre<br class=\"autobr\" \/>Ev\u00e9nements culturels, rencontres avec les artistes, concerts, installations participatives, performances&#8230;<br class=\"autobr\" \/>Association Artagon- 34 rue Cartier-Bresson \u00e0 Pantin<\/i><\/p>\n<figure class=\"spip_document_16118 spip_documents spip_documents_center media media_image media_image_jpg\"><img loading=\"lazy\" decoding=\"async\" src=\"IMG\/jpg\/visuel_officiel_de_l_ouverture_des_portes_d_artagon_pantin_c_kourtrajmeuf_artagon.jpg\" alt=\"JPEG - 49.1 ko\" width=\"760\" height=\"412\" \/><\/figure>\n<p>Cr\u00e9dit-photo\u00a0:\u00a9 Artagon &amp; Ville de Pantin et \u00a9 KOURTRAJMEUF &amp; Artagon<\/p>\n","protected":false},"excerpt":{"rendered":"Apr\u00e8s deux premiers locaux ouverts \u00e0 Marseille et dans le Loiret, l\u2019association Artagon, d\u00e9di\u00e9e au soutien et \u00e0 l\u2019accompagnement de la cr\u00e9ation artistique, s\u2019est install\u00e9e dans l\u2019ancien coll\u00e8ge Jean-Lolive de Pantin. D\u00e9ploy\u00e9 sur plus de 4500 m2 avec un hectare d\u2019espaces ext\u00e9rieurs, ce lieu subventionn\u00e9 par le D\u00e9partement accueillera une premi\u00e8re promotion de 50 artistes&#8230; <a class=\"view-article\" href=\"https:\/\/seinesaintdenis.fr\/actualite\/culture-patrimoine\/L-incubateur-d-artistes-Artagon-ouvre-ses-portes-a-Pantin\/\">Voir l&rsquo;article<\/a>","protected":false},"author":12,"featured_media":1378,"comment_status":"open","ping_status":"open","sticky":false,"template":"","format":"standard","meta":{"_acf_changed":false,"footnotes":""},"categories":[9],"ville":[82],"class_list":["post-1377","post","type-post","status-publish","format-standard","has-post-thumbnail","hentry","category-culture-patrimoine"],"acf":[],"yoast_head":"<!-- This site is optimized with the Yoast SEO plugin v27.4 - https:\/\/yoast.com\/product\/yoast-seo-wordpress\/ -->\n<title>L&#039;incubateur d&#039;artistes Artagon ouvre ses portes \u00e0 Pantin - Seine-Saint-Denis - L&#039;actualit\u00e9 du d\u00e9partement<\/title>\n<meta name=\"robots\" content=\"index, follow, max-snippet:-1, max-image-preview:large, max-video-preview:-1\" \/>\n<link rel=\"canonical\" href=\"https:\/\/seinesaintdenis.fr\/actualite\/culture-patrimoine\/L-incubateur-d-artistes-Artagon-ouvre-ses-portes-a-Pantin\/\" \/>\n<meta property=\"og:locale\" content=\"fr_FR\" \/>\n<meta property=\"og:type\" content=\"article\" \/>\n<meta property=\"og:title\" content=\"L&#039;incubateur d&#039;artistes Artagon ouvre ses portes \u00e0 Pantin - Seine-Saint-Denis - L&#039;actualit\u00e9 du d\u00e9partement\" \/>\n<meta property=\"og:url\" content=\"https:\/\/seinesaintdenis.fr\/actualite\/culture-patrimoine\/L-incubateur-d-artistes-Artagon-ouvre-ses-portes-a-Pantin\/\" \/>\n<meta property=\"og:site_name\" content=\"Seine-Saint-Denis - L&#039;actualit\u00e9 du d\u00e9partement\" \/>\n<meta property=\"article:publisher\" content=\"https:\/\/www.facebook.com\/seinesaintdenisledepartement\" \/>\n<meta property=\"article:published_time\" content=\"2022-10-14T17:14:52+00:00\" \/>\n<meta property=\"article:modified_time\" content=\"2023-05-09T09:14:23+00:00\" \/>\n<meta property=\"og:image\" content=\"https:\/\/seinesaintdenis.fr\/actualite\/wp-content\/uploads\/2023\/04\/52b54c2c2c5943bb2d4e60badd2e34.jpg\" \/>\n\t<meta property=\"og:image:width\" content=\"760\" \/>\n\t<meta property=\"og:image:height\" content=\"411\" \/>\n\t<meta property=\"og:image:type\" content=\"image\/jpeg\" \/>\n<meta name=\"author\" content=\"Carine Arassus\" \/>\n<meta name=\"twitter:card\" content=\"summary_large_image\" \/>\n<meta name=\"twitter:creator\" content=\"@seinesaintdenis\" \/>\n<meta name=\"twitter:site\" content=\"@seinesaintdenis\" \/>\n<meta name=\"twitter:label1\" content=\"\u00c9crit par\" \/>\n\t<meta name=\"twitter:data1\" content=\"Carine Arassus\" \/>\n\t<meta name=\"twitter:label2\" content=\"Dur\u00e9e de lecture estim\u00e9e\" \/>\n\t<meta name=\"twitter:data2\" content=\"3 minutes\" \/>\n<script type=\"application\/ld+json\" class=\"yoast-schema-graph\">{\"@context\":\"https:\\\/\\\/schema.org\",\"@graph\":[{\"@type\":\"Article\",\"@id\":\"https:\\\/\\\/seinesaintdenis.fr\\\/actualite\\\/culture-patrimoine\\\/L-incubateur-d-artistes-Artagon-ouvre-ses-portes-a-Pantin\\\/#article\",\"isPartOf\":{\"@id\":\"https:\\\/\\\/seinesaintdenis.fr\\\/actualite\\\/culture-patrimoine\\\/L-incubateur-d-artistes-Artagon-ouvre-ses-portes-a-Pantin\\\/\"},\"author\":{\"name\":\"Carine Arassus\",\"@id\":\"https:\\\/\\\/seinesaintdenis.fr\\\/actualite\\\/#\\\/schema\\\/person\\\/0ed132e414e4e5a6a6d14bb9fd5b0d3a\"},\"headline\":\"L&rsquo;incubateur d&rsquo;artistes Artagon ouvre ses portes \u00e0 Pantin\",\"datePublished\":\"2022-10-14T17:14:52+00:00\",\"dateModified\":\"2023-05-09T09:14:23+00:00\",\"mainEntityOfPage\":{\"@id\":\"https:\\\/\\\/seinesaintdenis.fr\\\/actualite\\\/culture-patrimoine\\\/L-incubateur-d-artistes-Artagon-ouvre-ses-portes-a-Pantin\\\/\"},\"wordCount\":523,\"commentCount\":0,\"publisher\":{\"@id\":\"https:\\\/\\\/seinesaintdenis.fr\\\/actualite\\\/#organization\"},\"image\":{\"@id\":\"https:\\\/\\\/seinesaintdenis.fr\\\/actualite\\\/culture-patrimoine\\\/L-incubateur-d-artistes-Artagon-ouvre-ses-portes-a-Pantin\\\/#primaryimage\"},\"thumbnailUrl\":\"https:\\\/\\\/seinesaintdenis.fr\\\/actualite\\\/wp-content\\\/uploads\\\/2023\\\/04\\\/52b54c2c2c5943bb2d4e60badd2e34.jpg\",\"articleSection\":[\"Culture &amp; Patrimoine\"],\"inLanguage\":\"fr-FR\",\"potentialAction\":[{\"@type\":\"CommentAction\",\"name\":\"Comment\",\"target\":[\"https:\\\/\\\/seinesaintdenis.fr\\\/actualite\\\/culture-patrimoine\\\/L-incubateur-d-artistes-Artagon-ouvre-ses-portes-a-Pantin\\\/#respond\"]}]},{\"@type\":\"WebPage\",\"@id\":\"https:\\\/\\\/seinesaintdenis.fr\\\/actualite\\\/culture-patrimoine\\\/L-incubateur-d-artistes-Artagon-ouvre-ses-portes-a-Pantin\\\/\",\"url\":\"https:\\\/\\\/seinesaintdenis.fr\\\/actualite\\\/culture-patrimoine\\\/L-incubateur-d-artistes-Artagon-ouvre-ses-portes-a-Pantin\\\/\",\"name\":\"L'incubateur d'artistes Artagon ouvre ses portes \u00e0 Pantin - Seine-Saint-Denis - L&#039;actualit\u00e9 du d\u00e9partement\",\"isPartOf\":{\"@id\":\"https:\\\/\\\/seinesaintdenis.fr\\\/actualite\\\/#website\"},\"primaryImageOfPage\":{\"@id\":\"https:\\\/\\\/seinesaintdenis.fr\\\/actualite\\\/culture-patrimoine\\\/L-incubateur-d-artistes-Artagon-ouvre-ses-portes-a-Pantin\\\/#primaryimage\"},\"image\":{\"@id\":\"https:\\\/\\\/seinesaintdenis.fr\\\/actualite\\\/culture-patrimoine\\\/L-incubateur-d-artistes-Artagon-ouvre-ses-portes-a-Pantin\\\/#primaryimage\"},\"thumbnailUrl\":\"https:\\\/\\\/seinesaintdenis.fr\\\/actualite\\\/wp-content\\\/uploads\\\/2023\\\/04\\\/52b54c2c2c5943bb2d4e60badd2e34.jpg\",\"datePublished\":\"2022-10-14T17:14:52+00:00\",\"dateModified\":\"2023-05-09T09:14:23+00:00\",\"breadcrumb\":{\"@id\":\"https:\\\/\\\/seinesaintdenis.fr\\\/actualite\\\/culture-patrimoine\\\/L-incubateur-d-artistes-Artagon-ouvre-ses-portes-a-Pantin\\\/#breadcrumb\"},\"inLanguage\":\"fr-FR\",\"potentialAction\":[{\"@type\":\"ReadAction\",\"target\":[\"https:\\\/\\\/seinesaintdenis.fr\\\/actualite\\\/culture-patrimoine\\\/L-incubateur-d-artistes-Artagon-ouvre-ses-portes-a-Pantin\\\/\"]}]},{\"@type\":\"ImageObject\",\"inLanguage\":\"fr-FR\",\"@id\":\"https:\\\/\\\/seinesaintdenis.fr\\\/actualite\\\/culture-patrimoine\\\/L-incubateur-d-artistes-Artagon-ouvre-ses-portes-a-Pantin\\\/#primaryimage\",\"url\":\"https:\\\/\\\/seinesaintdenis.fr\\\/actualite\\\/wp-content\\\/uploads\\\/2023\\\/04\\\/52b54c2c2c5943bb2d4e60badd2e34.jpg\",\"contentUrl\":\"https:\\\/\\\/seinesaintdenis.fr\\\/actualite\\\/wp-content\\\/uploads\\\/2023\\\/04\\\/52b54c2c2c5943bb2d4e60badd2e34.jpg\",\"width\":760,\"height\":411},{\"@type\":\"BreadcrumbList\",\"@id\":\"https:\\\/\\\/seinesaintdenis.fr\\\/actualite\\\/culture-patrimoine\\\/L-incubateur-d-artistes-Artagon-ouvre-ses-portes-a-Pantin\\\/#breadcrumb\",\"itemListElement\":[{\"@type\":\"ListItem\",\"position\":1,\"name\":\"Accueil\",\"item\":\"https:\\\/\\\/seinesaintdenis.fr\\\/actualite\\\/\"},{\"@type\":\"ListItem\",\"position\":2,\"name\":\"Culture &amp; Patrimoine\",\"item\":\"https:\\\/\\\/seinesaintdenis.fr\\\/actualite\\\/culture-patrimoine\\\/\"},{\"@type\":\"ListItem\",\"position\":3,\"name\":\"L&rsquo;incubateur d&rsquo;artistes Artagon ouvre ses portes \u00e0 Pantin\"}]},{\"@type\":\"WebSite\",\"@id\":\"https:\\\/\\\/seinesaintdenis.fr\\\/actualite\\\/#website\",\"url\":\"https:\\\/\\\/seinesaintdenis.fr\\\/actualite\\\/\",\"name\":\"Seine-Saint-Denis - L'actualit\u00e9 du d\u00e9partement\",\"description\":\"L&#039;actualit\u00e9 du D\u00e9partement de la Seine-Saint-Denis\",\"publisher\":{\"@id\":\"https:\\\/\\\/seinesaintdenis.fr\\\/actualite\\\/#organization\"},\"potentialAction\":[{\"@type\":\"SearchAction\",\"target\":{\"@type\":\"EntryPoint\",\"urlTemplate\":\"https:\\\/\\\/seinesaintdenis.fr\\\/actualite\\\/?s={search_term_string}\"},\"query-input\":{\"@type\":\"PropertyValueSpecification\",\"valueRequired\":true,\"valueName\":\"search_term_string\"}}],\"inLanguage\":\"fr-FR\"},{\"@type\":\"Organization\",\"@id\":\"https:\\\/\\\/seinesaintdenis.fr\\\/actualite\\\/#organization\",\"name\":\"Seine-Saint-Denis - Le D\u00e9partement\",\"url\":\"https:\\\/\\\/seinesaintdenis.fr\\\/actualite\\\/\",\"logo\":{\"@type\":\"ImageObject\",\"inLanguage\":\"fr-FR\",\"@id\":\"https:\\\/\\\/seinesaintdenis.fr\\\/actualite\\\/#\\\/schema\\\/logo\\\/image\\\/\",\"url\":\"https:\\\/\\\/seinesaintdenis.fr\\\/actualite\\\/wp-content\\\/uploads\\\/2024\\\/08\\\/logo.png\",\"contentUrl\":\"https:\\\/\\\/seinesaintdenis.fr\\\/actualite\\\/wp-content\\\/uploads\\\/2024\\\/08\\\/logo.png\",\"width\":567,\"height\":172,\"caption\":\"Seine-Saint-Denis - Le D\u00e9partement\"},\"image\":{\"@id\":\"https:\\\/\\\/seinesaintdenis.fr\\\/actualite\\\/#\\\/schema\\\/logo\\\/image\\\/\"},\"sameAs\":[\"https:\\\/\\\/www.facebook.com\\\/seinesaintdenisledepartement\",\"https:\\\/\\\/x.com\\\/seinesaintdenis\",\"https:\\\/\\\/www.linkedin.com\\\/company\\\/seinesaintdenis\",\"https:\\\/\\\/www.instagram.com\\\/seine_saint_denis\\\/\",\"https:\\\/\\\/www.youtube.com\\\/channel\\\/UCR5YF9NnqiLCbnrKQgLUcIw\"]},{\"@type\":\"Person\",\"@id\":\"https:\\\/\\\/seinesaintdenis.fr\\\/actualite\\\/#\\\/schema\\\/person\\\/0ed132e414e4e5a6a6d14bb9fd5b0d3a\",\"name\":\"Carine Arassus\",\"image\":{\"@type\":\"ImageObject\",\"inLanguage\":\"fr-FR\",\"@id\":\"https:\\\/\\\/secure.gravatar.com\\\/avatar\\\/0f981f322f4f99253bcb871f10ae46ce56b35c7fe7c5b8aa9b09ba3a77f6e3c0?s=96&d=mm&r=g\",\"url\":\"https:\\\/\\\/secure.gravatar.com\\\/avatar\\\/0f981f322f4f99253bcb871f10ae46ce56b35c7fe7c5b8aa9b09ba3a77f6e3c0?s=96&d=mm&r=g\",\"contentUrl\":\"https:\\\/\\\/secure.gravatar.com\\\/avatar\\\/0f981f322f4f99253bcb871f10ae46ce56b35c7fe7c5b8aa9b09ba3a77f6e3c0?s=96&d=mm&r=g\",\"caption\":\"Carine Arassus\"},\"url\":\"https:\\\/\\\/seinesaintdenis.fr\\\/actualite\\\/author\\\/carassus\\\/\"}]}<\/script>\n<!-- \/ Yoast SEO plugin. -->","yoast_head_json":{"title":"L'incubateur d'artistes Artagon ouvre ses portes \u00e0 Pantin - Seine-Saint-Denis - L&#039;actualit\u00e9 du d\u00e9partement","robots":{"index":"index","follow":"follow","max-snippet":"max-snippet:-1","max-image-preview":"max-image-preview:large","max-video-preview":"max-video-preview:-1"},"canonical":"https:\/\/seinesaintdenis.fr\/actualite\/culture-patrimoine\/L-incubateur-d-artistes-Artagon-ouvre-ses-portes-a-Pantin\/","og_locale":"fr_FR","og_type":"article","og_title":"L'incubateur d'artistes Artagon ouvre ses portes \u00e0 Pantin - Seine-Saint-Denis - L&#039;actualit\u00e9 du d\u00e9partement","og_url":"https:\/\/seinesaintdenis.fr\/actualite\/culture-patrimoine\/L-incubateur-d-artistes-Artagon-ouvre-ses-portes-a-Pantin\/","og_site_name":"Seine-Saint-Denis - L&#039;actualit\u00e9 du d\u00e9partement","article_publisher":"https:\/\/www.facebook.com\/seinesaintdenisledepartement","article_published_time":"2022-10-14T17:14:52+00:00","article_modified_time":"2023-05-09T09:14:23+00:00","og_image":[{"width":760,"height":411,"url":"https:\/\/seinesaintdenis.fr\/actualite\/wp-content\/uploads\/2023\/04\/52b54c2c2c5943bb2d4e60badd2e34.jpg","type":"image\/jpeg"}],"author":"Carine Arassus","twitter_card":"summary_large_image","twitter_creator":"@seinesaintdenis","twitter_site":"@seinesaintdenis","twitter_misc":{"\u00c9crit par":"Carine Arassus","Dur\u00e9e de lecture estim\u00e9e":"3 minutes"},"schema":{"@context":"https:\/\/schema.org","@graph":[{"@type":"Article","@id":"https:\/\/seinesaintdenis.fr\/actualite\/culture-patrimoine\/L-incubateur-d-artistes-Artagon-ouvre-ses-portes-a-Pantin\/#article","isPartOf":{"@id":"https:\/\/seinesaintdenis.fr\/actualite\/culture-patrimoine\/L-incubateur-d-artistes-Artagon-ouvre-ses-portes-a-Pantin\/"},"author":{"name":"Carine Arassus","@id":"https:\/\/seinesaintdenis.fr\/actualite\/#\/schema\/person\/0ed132e414e4e5a6a6d14bb9fd5b0d3a"},"headline":"L&rsquo;incubateur d&rsquo;artistes Artagon ouvre ses portes \u00e0 Pantin","datePublished":"2022-10-14T17:14:52+00:00","dateModified":"2023-05-09T09:14:23+00:00","mainEntityOfPage":{"@id":"https:\/\/seinesaintdenis.fr\/actualite\/culture-patrimoine\/L-incubateur-d-artistes-Artagon-ouvre-ses-portes-a-Pantin\/"},"wordCount":523,"commentCount":0,"publisher":{"@id":"https:\/\/seinesaintdenis.fr\/actualite\/#organization"},"image":{"@id":"https:\/\/seinesaintdenis.fr\/actualite\/culture-patrimoine\/L-incubateur-d-artistes-Artagon-ouvre-ses-portes-a-Pantin\/#primaryimage"},"thumbnailUrl":"https:\/\/seinesaintdenis.fr\/actualite\/wp-content\/uploads\/2023\/04\/52b54c2c2c5943bb2d4e60badd2e34.jpg","articleSection":["Culture &amp; Patrimoine"],"inLanguage":"fr-FR","potentialAction":[{"@type":"CommentAction","name":"Comment","target":["https:\/\/seinesaintdenis.fr\/actualite\/culture-patrimoine\/L-incubateur-d-artistes-Artagon-ouvre-ses-portes-a-Pantin\/#respond"]}]},{"@type":"WebPage","@id":"https:\/\/seinesaintdenis.fr\/actualite\/culture-patrimoine\/L-incubateur-d-artistes-Artagon-ouvre-ses-portes-a-Pantin\/","url":"https:\/\/seinesaintdenis.fr\/actualite\/culture-patrimoine\/L-incubateur-d-artistes-Artagon-ouvre-ses-portes-a-Pantin\/","name":"L'incubateur d'artistes Artagon ouvre ses portes \u00e0 Pantin - Seine-Saint-Denis - L&#039;actualit\u00e9 du d\u00e9partement","isPartOf":{"@id":"https:\/\/seinesaintdenis.fr\/actualite\/#website"},"primaryImageOfPage":{"@id":"https:\/\/seinesaintdenis.fr\/actualite\/culture-patrimoine\/L-incubateur-d-artistes-Artagon-ouvre-ses-portes-a-Pantin\/#primaryimage"},"image":{"@id":"https:\/\/seinesaintdenis.fr\/actualite\/culture-patrimoine\/L-incubateur-d-artistes-Artagon-ouvre-ses-portes-a-Pantin\/#primaryimage"},"thumbnailUrl":"https:\/\/seinesaintdenis.fr\/actualite\/wp-content\/uploads\/2023\/04\/52b54c2c2c5943bb2d4e60badd2e34.jpg","datePublished":"2022-10-14T17:14:52+00:00","dateModified":"2023-05-09T09:14:23+00:00","breadcrumb":{"@id":"https:\/\/seinesaintdenis.fr\/actualite\/culture-patrimoine\/L-incubateur-d-artistes-Artagon-ouvre-ses-portes-a-Pantin\/#breadcrumb"},"inLanguage":"fr-FR","potentialAction":[{"@type":"ReadAction","target":["https:\/\/seinesaintdenis.fr\/actualite\/culture-patrimoine\/L-incubateur-d-artistes-Artagon-ouvre-ses-portes-a-Pantin\/"]}]},{"@type":"ImageObject","inLanguage":"fr-FR","@id":"https:\/\/seinesaintdenis.fr\/actualite\/culture-patrimoine\/L-incubateur-d-artistes-Artagon-ouvre-ses-portes-a-Pantin\/#primaryimage","url":"https:\/\/seinesaintdenis.fr\/actualite\/wp-content\/uploads\/2023\/04\/52b54c2c2c5943bb2d4e60badd2e34.jpg","contentUrl":"https:\/\/seinesaintdenis.fr\/actualite\/wp-content\/uploads\/2023\/04\/52b54c2c2c5943bb2d4e60badd2e34.jpg","width":760,"height":411},{"@type":"BreadcrumbList","@id":"https:\/\/seinesaintdenis.fr\/actualite\/culture-patrimoine\/L-incubateur-d-artistes-Artagon-ouvre-ses-portes-a-Pantin\/#breadcrumb","itemListElement":[{"@type":"ListItem","position":1,"name":"Accueil","item":"https:\/\/seinesaintdenis.fr\/actualite\/"},{"@type":"ListItem","position":2,"name":"Culture &amp; Patrimoine","item":"https:\/\/seinesaintdenis.fr\/actualite\/culture-patrimoine\/"},{"@type":"ListItem","position":3,"name":"L&rsquo;incubateur d&rsquo;artistes Artagon ouvre ses portes \u00e0 Pantin"}]},{"@type":"WebSite","@id":"https:\/\/seinesaintdenis.fr\/actualite\/#website","url":"https:\/\/seinesaintdenis.fr\/actualite\/","name":"Seine-Saint-Denis - L'actualit\u00e9 du d\u00e9partement","description":"L&#039;actualit\u00e9 du D\u00e9partement de la Seine-Saint-Denis","publisher":{"@id":"https:\/\/seinesaintdenis.fr\/actualite\/#organization"},"potentialAction":[{"@type":"SearchAction","target":{"@type":"EntryPoint","urlTemplate":"https:\/\/seinesaintdenis.fr\/actualite\/?s={search_term_string}"},"query-input":{"@type":"PropertyValueSpecification","valueRequired":true,"valueName":"search_term_string"}}],"inLanguage":"fr-FR"},{"@type":"Organization","@id":"https:\/\/seinesaintdenis.fr\/actualite\/#organization","name":"Seine-Saint-Denis - Le D\u00e9partement","url":"https:\/\/seinesaintdenis.fr\/actualite\/","logo":{"@type":"ImageObject","inLanguage":"fr-FR","@id":"https:\/\/seinesaintdenis.fr\/actualite\/#\/schema\/logo\/image\/","url":"https:\/\/seinesaintdenis.fr\/actualite\/wp-content\/uploads\/2024\/08\/logo.png","contentUrl":"https:\/\/seinesaintdenis.fr\/actualite\/wp-content\/uploads\/2024\/08\/logo.png","width":567,"height":172,"caption":"Seine-Saint-Denis - Le D\u00e9partement"},"image":{"@id":"https:\/\/seinesaintdenis.fr\/actualite\/#\/schema\/logo\/image\/"},"sameAs":["https:\/\/www.facebook.com\/seinesaintdenisledepartement","https:\/\/x.com\/seinesaintdenis","https:\/\/www.linkedin.com\/company\/seinesaintdenis","https:\/\/www.instagram.com\/seine_saint_denis\/","https:\/\/www.youtube.com\/channel\/UCR5YF9NnqiLCbnrKQgLUcIw"]},{"@type":"Person","@id":"https:\/\/seinesaintdenis.fr\/actualite\/#\/schema\/person\/0ed132e414e4e5a6a6d14bb9fd5b0d3a","name":"Carine Arassus","image":{"@type":"ImageObject","inLanguage":"fr-FR","@id":"https:\/\/secure.gravatar.com\/avatar\/0f981f322f4f99253bcb871f10ae46ce56b35c7fe7c5b8aa9b09ba3a77f6e3c0?s=96&d=mm&r=g","url":"https:\/\/secure.gravatar.com\/avatar\/0f981f322f4f99253bcb871f10ae46ce56b35c7fe7c5b8aa9b09ba3a77f6e3c0?s=96&d=mm&r=g","contentUrl":"https:\/\/secure.gravatar.com\/avatar\/0f981f322f4f99253bcb871f10ae46ce56b35c7fe7c5b8aa9b09ba3a77f6e3c0?s=96&d=mm&r=g","caption":"Carine Arassus"},"url":"https:\/\/seinesaintdenis.fr\/actualite\/author\/carassus\/"}]}},"_links":{"self":[{"href":"https:\/\/seinesaintdenis.fr\/actualite\/wp-json\/wp\/v2\/posts\/1377","targetHints":{"allow":["GET"]}}],"collection":[{"href":"https:\/\/seinesaintdenis.fr\/actualite\/wp-json\/wp\/v2\/posts"}],"about":[{"href":"https:\/\/seinesaintdenis.fr\/actualite\/wp-json\/wp\/v2\/types\/post"}],"author":[{"embeddable":true,"href":"https:\/\/seinesaintdenis.fr\/actualite\/wp-json\/wp\/v2\/users\/12"}],"replies":[{"embeddable":true,"href":"https:\/\/seinesaintdenis.fr\/actualite\/wp-json\/wp\/v2\/comments?post=1377"}],"version-history":[{"count":2,"href":"https:\/\/seinesaintdenis.fr\/actualite\/wp-json\/wp\/v2\/posts\/1377\/revisions"}],"predecessor-version":[{"id":1871,"href":"https:\/\/seinesaintdenis.fr\/actualite\/wp-json\/wp\/v2\/posts\/1377\/revisions\/1871"}],"wp:featuredmedia":[{"embeddable":true,"href":"https:\/\/seinesaintdenis.fr\/actualite\/wp-json\/wp\/v2\/media\/1378"}],"wp:attachment":[{"href":"https:\/\/seinesaintdenis.fr\/actualite\/wp-json\/wp\/v2\/media?parent=1377"}],"wp:term":[{"taxonomy":"category","embeddable":true,"href":"https:\/\/seinesaintdenis.fr\/actualite\/wp-json\/wp\/v2\/categories?post=1377"},{"taxonomy":"ville","embeddable":true,"href":"https:\/\/seinesaintdenis.fr\/actualite\/wp-json\/wp\/v2\/ville?post=1377"}],"curies":[{"name":"wp","href":"https:\/\/api.w.org\/{rel}","templated":true}]}}