{"id":1357,"date":"2022-10-24T17:09:40","date_gmt":"2022-10-24T17:09:40","guid":{"rendered":"https:\/\/seinesaintdenis.fr\/actualite\/uncategorized\/Artagon-pepiniere-d-artistes-en-tout-genre\/"},"modified":"2023-05-09T13:19:03","modified_gmt":"2023-05-09T13:19:03","slug":"Artagon-pepiniere-d-artistes-en-tout-genre","status":"publish","type":"post","link":"https:\/\/seinesaintdenis.fr\/actualite\/culture-patrimoine\/Artagon-pepiniere-d-artistes-en-tout-genre\/","title":{"rendered":"Artagon, p\u00e9pini\u00e8re d&rsquo;artistes en tout genre"},"content":{"rendered":"<p>Apr\u00e8s deux premiers locaux ouverts \u00e0 Marseille et dans le Loiret, l\u2019association Artagon, laur\u00e9ate de l\u2019<a class=\"spip_out\" href=\"https:\/\/inseinesaintdenis.fr\/artagon-pantin-quand-lart-se-partage-in-seine-saint-denis\" rel=\"external\">Appel \u00e0 agir<br class=\"autobr\" \/>In Seine-Saint-Denis<\/a> du D\u00e9partement, a organis\u00e9 un week-end portes ouvertes les 15 et 16 octobre dans l\u2019ancien coll\u00e8ge Jean-Lolive de Pantin. Plusieurs centaines d\u2019habitant\u00b7e\u00b7s ont pu d\u00e9couvrir les oeuvres des r\u00e9sident\u00b7e\u00b7s, interagir avec eux\u00b7elles et profiter pour l\u2019occasion d\u2019animations festives, concerts, performances, projections&#8230;<\/p>\n<h3 class=\"spip\">UN ESPACE COLLECTIF DE PRODUCTION ET D\u2019APPRENTISSAGE<\/h3>\n<p>D\u00e9ploy\u00e9 sur plus de 4500 m2, ce lieu h\u00e9berge des ateliers d\u2019artistes dans les salles de classe et ouvre l\u2019atrium et l\u2019espace de restauration au public. <i>\u00ab\u00a0Les jeunes gens sortis des \u00e9coles d\u2019art ont parfois du mal \u00e0 se faire conna\u00eetre des professionnels\u00a0: galeristes, commissaires d\u2019expositions, critiques&#8230;\u00a0\u00bb<\/i> , explique Anna Labouze, co-fondatrice d\u2019<a class=\"spip_out\" href=\"https:\/\/www.artagon.org\/\" rel=\"external\">Artagon<\/a> et directrice artistique des <a class=\"spip_out\" href=\"https:\/\/magasinsgeneraux.com\/fr\/\" rel=\"external\">Magasins g\u00e9n\u00e9raux<\/a> de Pantin. <i>\u00ab\u00a0Nous avons voulu r\u00e9unir des cr\u00e9ateurs de toutes les disciplines avec une dominante d\u2019art plastique mais aussi avec de la danse, du cin\u00e9ma, de la photographie, de l\u2019architecture, des chercheurs, des artisans&#8230;\u00a0\u00bb<\/i>.<br class=\"autobr\" \/>La structure, coordonn\u00e9e par quatre professionnel\u00b7le\u00b7s, propose une vaste palette de ressources et de programmes destin\u00e9s \u00e0 la communaut\u00e9 et aux habitant\u00b7e\u00b7s\u00a0: organisation de formations (sur les questions de droits d\u2019auteur, r\u00e9alisation de port-folios, contrats&#8230;) et de rencontres publiques sur des th\u00e9matiques li\u00e9es \u00e0 l\u2019art&#8230;<br class=\"autobr\" \/>Les r\u00e9sident\u00b7e\u00b7s, souvent originaires de Seine-Saint-Denis, b\u00e9n\u00e9ficient aussi d\u2019espaces de co-working (ancienne salle des professeurs&#8230;) pour se faire conna\u00eetre des institutions artistiques d\u2019\u00cele-de-France. <i>\u00ab\u00a0Une fa\u00e7on de les aider \u00e0 se cr\u00e9er un r\u00e9seau et \u00e0 se projeter dans un parcours professionnel\u00a0\u00bb<\/i> , ajoute Jeanne Turpault, responsable d\u2019Artagon Pantin.<\/p>\n<h3 class=\"spip\">Une \u00ab\u00a0ruche\u00a0\u00bb ouverte sur la vie du quartier<\/h3>\n<p>Les artistes organiseront \u00e9galement des activit\u00e9s cr\u00e9atives avec les habitant\u00b7e\u00b7s ou les enfants des centres de loisirs ou des \u00e9tablissements scolaires environnants. Parmi ces jeunes talents, le vid\u00e9aste et sculpteur pantinois <a class=\"spip_out\" href=\"https:\/\/www.ateliersmedicis.fr\/le-reseau\/acteur\/ismail-alaoui-fdili-18486\" rel=\"external\">Ismail Alaoui Fdili<\/a> s\u2019int\u00e9resse \u00e0 la pollution et au travail socialement d\u00e9valoris\u00e9 dans les pays du tiers-monde. <i>\u00ab\u00a0J\u2019ai mont\u00e9 des <a class=\"spip_out\" href=\"https:\/\/www.youtube.com\/watch?v=9YICySnNCtY\" rel=\"external\">vid\u00e9os exp\u00e9rimentales<\/a> compos\u00e9es d\u2019images de d\u00e9charges \u00e0 Manille et au S\u00e9n\u00e9gal pour questionner le spectateur sur la gestion de la pollution et la mis\u00e8re des chiffonniers qui se nourrissent de ce que nous rejetons\u00a0\u00bb <\/i> d\u00e9clare-t-il. <br class=\"autobr\" \/>La r\u00e9dactrice Constanza Spina a de son c\u00f4t\u00e9 cr\u00e9\u00e9 le m\u00e9dia en ligne <a class=\"spip_out\" href=\"https:\/\/manifesto-21.com\/\" rel=\"external\">Manifesto.XXI<\/a> pour donner la parole aux personnes LGBT et f\u00e9ministes en fournissant une vision plus inclusive de l\u2019actualit\u00e9. Les dix journalistes de cette jeune r\u00e9daction se r\u00e9uniront r\u00e9guli\u00e8rement dans les espaces de co-working pour d\u00e9finir le sommaire de leur web journal. <br class=\"autobr\" \/><i>\u00ab\u00a0Nous avons voulu d\u00e9mocratiser au maximum l\u2019art contemporain en favorisant le brassage des populations\u00a0\u00bb<\/i> affirme S\u00e9gol\u00e8ne Souloy, responsable des publics d\u2019Artagon Pantin. Pour ce faire, le tiers-lieu, subventionn\u00e9 par le D\u00e9partement, accueille l\u2019espace de restauration <a class=\"spip_out\" href=\"https:\/\/www.helloasso.com\/associations\/pas-si-loin\" rel=\"external\">Pas si loin<\/a> qui propose aux habitant\u00b7e\u00b7s des plats bio ou en circuit court \u00e0 prix r\u00e9duit.<\/p>\n<p>Une ludoth\u00e8que ouvrira \u00e9galement ses portes dans ces locaux en novembre. L\u2019association <a class=\"spip_out\" href=\"https:\/\/www.pantin.fr\/la-ville\/en-ce-moment\/loutil-en-main-initier-les-jeunes-aux-metiers-manuels-et-du-patrimoine-4185\" rel=\"external\">L\u2019outil en main<\/a> s\u2019\u2019installera et permettra \u00e0 des artisans \u00e0 la retraite de former des jeunes aux m\u00e9tiers manuels. Une fa\u00e7on de convaincre d\u00e8s le plus jeune \u00e2ge les S\u00e9quano-Dionysien\u00b7ne\u00b7s que l\u2019art s\u2019adresse \u00e0 tous\u00b7te\u00b7s les citoyen\u00b7ne\u00b7s et pas uniquement \u00e0 une \u00e9lite autocentr\u00e9e.<\/p>\n<figure class=\"spip_document_16160 spip_documents spip_documents_center media media_image media_image_jpg\"><img loading=\"lazy\" decoding=\"async\" src=\"IMG\/jpg\/photo_2_2022-10-12-artagon-eg-042.jpg\" alt=\"JPEG - 254.2 ko\" width=\"759\" height=\"412\" \/><\/figure>\n<div class=\"texteencadre-spip spip\">\n<p><strong>Les prochaines rencontres d\u2019Artagon Pantin<\/strong><\/p>\n<p>Alexis Fournol et Simon Rolin, deux avocats au barreau de Paris exploreront l\u2019environnement juridique des projets culturels <strong>vendredi 28 octobre de 9h30 \u00e0 12h30<\/strong> (30 places). <i>(Inscription <a class=\"spip_out\" href=\"https:\/\/www.linscription.com\/pro\/activite.php?P1=114306\" rel=\"external\">ici<\/a>)<\/i><\/p>\n<p>Camille Bardin, critique d\u2019art ind\u00e9pendante, commissaire d\u2019expositions et fondatrice du podcast <a class=\"spip_out\" href=\"https:\/\/podcastpresente.fr\/\" rel=\"external\">\u00ab\u00a0Pr\u00e9sent.e\u00a0\u00bb<\/a> s\u2019interrogera <strong>lundi 31 octobre, de 17h \u00e0 19h<\/strong> sur la place des artistes dans les grandes foires d\u2019art contemporain (30 places). <i>(Inscription <a class=\"spip_out\" href=\"https:\/\/www.linscription.com\/pro\/activite.php?P1=113257\" rel=\"external\">ici<\/a>)<\/i>.<\/p>\n<\/div>\n<p>Cr\u00e9dit-photo\u00a0: Eric Garault<\/p>\n","protected":false},"excerpt":{"rendered":"Apr\u00e8s deux premiers locaux ouverts \u00e0 Marseille et dans le Loiret, l\u2019association Artagon, laur\u00e9ate de l\u2019Appel \u00e0 agirIn Seine-Saint-Denis du D\u00e9partement, a organis\u00e9 un week-end portes ouvertes les 15 et 16 octobre dans l\u2019ancien coll\u00e8ge Jean-Lolive de Pantin. Plusieurs centaines d\u2019habitant\u00b7e\u00b7s ont pu d\u00e9couvrir les oeuvres des r\u00e9sident\u00b7e\u00b7s, interagir avec eux\u00b7elles et profiter pour l\u2019occasion&#8230; <a class=\"view-article\" href=\"https:\/\/seinesaintdenis.fr\/actualite\/culture-patrimoine\/Artagon-pepiniere-d-artistes-en-tout-genre\/\">Voir l&rsquo;article<\/a>","protected":false},"author":12,"featured_media":1358,"comment_status":"open","ping_status":"open","sticky":false,"template":"","format":"standard","meta":{"_acf_changed":false,"footnotes":""},"categories":[9],"ville":[82],"class_list":["post-1357","post","type-post","status-publish","format-standard","has-post-thumbnail","hentry","category-culture-patrimoine"],"acf":[],"yoast_head":"<!-- This site is optimized with the Yoast SEO plugin v27.5 - https:\/\/yoast.com\/product\/yoast-seo-wordpress\/ -->\n<title>Artagon, p\u00e9pini\u00e8re d&#039;artistes en tout genre - Seine-Saint-Denis - L&#039;actualit\u00e9 du d\u00e9partement<\/title>\n<meta name=\"robots\" content=\"index, follow, max-snippet:-1, max-image-preview:large, max-video-preview:-1\" \/>\n<link rel=\"canonical\" href=\"https:\/\/seinesaintdenis.fr\/actualite\/culture-patrimoine\/Artagon-pepiniere-d-artistes-en-tout-genre\/\" \/>\n<meta property=\"og:locale\" content=\"fr_FR\" \/>\n<meta property=\"og:type\" content=\"article\" \/>\n<meta property=\"og:title\" content=\"Artagon, p\u00e9pini\u00e8re d&#039;artistes en tout genre - Seine-Saint-Denis - L&#039;actualit\u00e9 du d\u00e9partement\" \/>\n<meta property=\"og:url\" content=\"https:\/\/seinesaintdenis.fr\/actualite\/culture-patrimoine\/Artagon-pepiniere-d-artistes-en-tout-genre\/\" \/>\n<meta property=\"og:site_name\" content=\"Seine-Saint-Denis - L&#039;actualit\u00e9 du d\u00e9partement\" \/>\n<meta property=\"article:publisher\" content=\"https:\/\/www.facebook.com\/seinesaintdenisledepartement\" \/>\n<meta property=\"article:published_time\" content=\"2022-10-24T17:09:40+00:00\" \/>\n<meta property=\"article:modified_time\" content=\"2023-05-09T13:19:03+00:00\" \/>\n<meta property=\"og:image\" content=\"https:\/\/seinesaintdenis.fr\/actualite\/wp-content\/uploads\/2023\/04\/b750bc7bb8435b4f32e92055257a9f.jpg\" \/>\n\t<meta property=\"og:image:width\" content=\"759\" \/>\n\t<meta property=\"og:image:height\" content=\"411\" \/>\n\t<meta property=\"og:image:type\" content=\"image\/jpeg\" \/>\n<meta name=\"author\" content=\"Carine Arassus\" \/>\n<meta name=\"twitter:card\" content=\"summary_large_image\" \/>\n<meta name=\"twitter:creator\" content=\"@seinesaintdenis\" \/>\n<meta name=\"twitter:site\" content=\"@seinesaintdenis\" \/>\n<meta name=\"twitter:label1\" content=\"\u00c9crit par\" \/>\n\t<meta name=\"twitter:data1\" content=\"Carine Arassus\" \/>\n\t<meta name=\"twitter:label2\" content=\"Dur\u00e9e de lecture estim\u00e9e\" \/>\n\t<meta name=\"twitter:data2\" content=\"4 minutes\" \/>\n<script type=\"application\/ld+json\" class=\"yoast-schema-graph\">{\"@context\":\"https:\\\/\\\/schema.org\",\"@graph\":[{\"@type\":\"Article\",\"@id\":\"https:\\\/\\\/seinesaintdenis.fr\\\/actualite\\\/culture-patrimoine\\\/Artagon-pepiniere-d-artistes-en-tout-genre\\\/#article\",\"isPartOf\":{\"@id\":\"https:\\\/\\\/seinesaintdenis.fr\\\/actualite\\\/culture-patrimoine\\\/Artagon-pepiniere-d-artistes-en-tout-genre\\\/\"},\"author\":{\"name\":\"Carine Arassus\",\"@id\":\"https:\\\/\\\/seinesaintdenis.fr\\\/actualite\\\/#\\\/schema\\\/person\\\/0ed132e414e4e5a6a6d14bb9fd5b0d3a\"},\"headline\":\"Artagon, p\u00e9pini\u00e8re d&rsquo;artistes en tout genre\",\"datePublished\":\"2022-10-24T17:09:40+00:00\",\"dateModified\":\"2023-05-09T13:19:03+00:00\",\"mainEntityOfPage\":{\"@id\":\"https:\\\/\\\/seinesaintdenis.fr\\\/actualite\\\/culture-patrimoine\\\/Artagon-pepiniere-d-artistes-en-tout-genre\\\/\"},\"wordCount\":687,\"commentCount\":0,\"publisher\":{\"@id\":\"https:\\\/\\\/seinesaintdenis.fr\\\/actualite\\\/#organization\"},\"image\":{\"@id\":\"https:\\\/\\\/seinesaintdenis.fr\\\/actualite\\\/culture-patrimoine\\\/Artagon-pepiniere-d-artistes-en-tout-genre\\\/#primaryimage\"},\"thumbnailUrl\":\"https:\\\/\\\/seinesaintdenis.fr\\\/actualite\\\/wp-content\\\/uploads\\\/2023\\\/04\\\/b750bc7bb8435b4f32e92055257a9f.jpg\",\"articleSection\":[\"Culture &amp; Patrimoine\"],\"inLanguage\":\"fr-FR\",\"potentialAction\":[{\"@type\":\"CommentAction\",\"name\":\"Comment\",\"target\":[\"https:\\\/\\\/seinesaintdenis.fr\\\/actualite\\\/culture-patrimoine\\\/Artagon-pepiniere-d-artistes-en-tout-genre\\\/#respond\"]}]},{\"@type\":\"WebPage\",\"@id\":\"https:\\\/\\\/seinesaintdenis.fr\\\/actualite\\\/culture-patrimoine\\\/Artagon-pepiniere-d-artistes-en-tout-genre\\\/\",\"url\":\"https:\\\/\\\/seinesaintdenis.fr\\\/actualite\\\/culture-patrimoine\\\/Artagon-pepiniere-d-artistes-en-tout-genre\\\/\",\"name\":\"Artagon, p\u00e9pini\u00e8re d'artistes en tout genre - Seine-Saint-Denis - L&#039;actualit\u00e9 du d\u00e9partement\",\"isPartOf\":{\"@id\":\"https:\\\/\\\/seinesaintdenis.fr\\\/actualite\\\/#website\"},\"primaryImageOfPage\":{\"@id\":\"https:\\\/\\\/seinesaintdenis.fr\\\/actualite\\\/culture-patrimoine\\\/Artagon-pepiniere-d-artistes-en-tout-genre\\\/#primaryimage\"},\"image\":{\"@id\":\"https:\\\/\\\/seinesaintdenis.fr\\\/actualite\\\/culture-patrimoine\\\/Artagon-pepiniere-d-artistes-en-tout-genre\\\/#primaryimage\"},\"thumbnailUrl\":\"https:\\\/\\\/seinesaintdenis.fr\\\/actualite\\\/wp-content\\\/uploads\\\/2023\\\/04\\\/b750bc7bb8435b4f32e92055257a9f.jpg\",\"datePublished\":\"2022-10-24T17:09:40+00:00\",\"dateModified\":\"2023-05-09T13:19:03+00:00\",\"breadcrumb\":{\"@id\":\"https:\\\/\\\/seinesaintdenis.fr\\\/actualite\\\/culture-patrimoine\\\/Artagon-pepiniere-d-artistes-en-tout-genre\\\/#breadcrumb\"},\"inLanguage\":\"fr-FR\",\"potentialAction\":[{\"@type\":\"ReadAction\",\"target\":[\"https:\\\/\\\/seinesaintdenis.fr\\\/actualite\\\/culture-patrimoine\\\/Artagon-pepiniere-d-artistes-en-tout-genre\\\/\"]}]},{\"@type\":\"ImageObject\",\"inLanguage\":\"fr-FR\",\"@id\":\"https:\\\/\\\/seinesaintdenis.fr\\\/actualite\\\/culture-patrimoine\\\/Artagon-pepiniere-d-artistes-en-tout-genre\\\/#primaryimage\",\"url\":\"https:\\\/\\\/seinesaintdenis.fr\\\/actualite\\\/wp-content\\\/uploads\\\/2023\\\/04\\\/b750bc7bb8435b4f32e92055257a9f.jpg\",\"contentUrl\":\"https:\\\/\\\/seinesaintdenis.fr\\\/actualite\\\/wp-content\\\/uploads\\\/2023\\\/04\\\/b750bc7bb8435b4f32e92055257a9f.jpg\",\"width\":759,\"height\":411},{\"@type\":\"BreadcrumbList\",\"@id\":\"https:\\\/\\\/seinesaintdenis.fr\\\/actualite\\\/culture-patrimoine\\\/Artagon-pepiniere-d-artistes-en-tout-genre\\\/#breadcrumb\",\"itemListElement\":[{\"@type\":\"ListItem\",\"position\":1,\"name\":\"Accueil\",\"item\":\"https:\\\/\\\/seinesaintdenis.fr\\\/actualite\\\/\"},{\"@type\":\"ListItem\",\"position\":2,\"name\":\"Culture &amp; Patrimoine\",\"item\":\"https:\\\/\\\/seinesaintdenis.fr\\\/actualite\\\/culture-patrimoine\\\/\"},{\"@type\":\"ListItem\",\"position\":3,\"name\":\"Artagon, p\u00e9pini\u00e8re d&rsquo;artistes en tout genre\"}]},{\"@type\":\"WebSite\",\"@id\":\"https:\\\/\\\/seinesaintdenis.fr\\\/actualite\\\/#website\",\"url\":\"https:\\\/\\\/seinesaintdenis.fr\\\/actualite\\\/\",\"name\":\"Seine-Saint-Denis - L'actualit\u00e9 du d\u00e9partement\",\"description\":\"L&#039;actualit\u00e9 du D\u00e9partement de la Seine-Saint-Denis\",\"publisher\":{\"@id\":\"https:\\\/\\\/seinesaintdenis.fr\\\/actualite\\\/#organization\"},\"potentialAction\":[{\"@type\":\"SearchAction\",\"target\":{\"@type\":\"EntryPoint\",\"urlTemplate\":\"https:\\\/\\\/seinesaintdenis.fr\\\/actualite\\\/?s={search_term_string}\"},\"query-input\":{\"@type\":\"PropertyValueSpecification\",\"valueRequired\":true,\"valueName\":\"search_term_string\"}}],\"inLanguage\":\"fr-FR\"},{\"@type\":\"Organization\",\"@id\":\"https:\\\/\\\/seinesaintdenis.fr\\\/actualite\\\/#organization\",\"name\":\"Seine-Saint-Denis - Le D\u00e9partement\",\"url\":\"https:\\\/\\\/seinesaintdenis.fr\\\/actualite\\\/\",\"logo\":{\"@type\":\"ImageObject\",\"inLanguage\":\"fr-FR\",\"@id\":\"https:\\\/\\\/seinesaintdenis.fr\\\/actualite\\\/#\\\/schema\\\/logo\\\/image\\\/\",\"url\":\"https:\\\/\\\/seinesaintdenis.fr\\\/actualite\\\/wp-content\\\/uploads\\\/2024\\\/08\\\/logo.png\",\"contentUrl\":\"https:\\\/\\\/seinesaintdenis.fr\\\/actualite\\\/wp-content\\\/uploads\\\/2024\\\/08\\\/logo.png\",\"width\":567,\"height\":172,\"caption\":\"Seine-Saint-Denis - Le D\u00e9partement\"},\"image\":{\"@id\":\"https:\\\/\\\/seinesaintdenis.fr\\\/actualite\\\/#\\\/schema\\\/logo\\\/image\\\/\"},\"sameAs\":[\"https:\\\/\\\/www.facebook.com\\\/seinesaintdenisledepartement\",\"https:\\\/\\\/x.com\\\/seinesaintdenis\",\"https:\\\/\\\/www.linkedin.com\\\/company\\\/seinesaintdenis\",\"https:\\\/\\\/www.instagram.com\\\/seine_saint_denis\\\/\",\"https:\\\/\\\/www.youtube.com\\\/channel\\\/UCR5YF9NnqiLCbnrKQgLUcIw\"]},{\"@type\":\"Person\",\"@id\":\"https:\\\/\\\/seinesaintdenis.fr\\\/actualite\\\/#\\\/schema\\\/person\\\/0ed132e414e4e5a6a6d14bb9fd5b0d3a\",\"name\":\"Carine Arassus\",\"image\":{\"@type\":\"ImageObject\",\"inLanguage\":\"fr-FR\",\"@id\":\"https:\\\/\\\/secure.gravatar.com\\\/avatar\\\/0f981f322f4f99253bcb871f10ae46ce56b35c7fe7c5b8aa9b09ba3a77f6e3c0?s=96&d=mm&r=g\",\"url\":\"https:\\\/\\\/secure.gravatar.com\\\/avatar\\\/0f981f322f4f99253bcb871f10ae46ce56b35c7fe7c5b8aa9b09ba3a77f6e3c0?s=96&d=mm&r=g\",\"contentUrl\":\"https:\\\/\\\/secure.gravatar.com\\\/avatar\\\/0f981f322f4f99253bcb871f10ae46ce56b35c7fe7c5b8aa9b09ba3a77f6e3c0?s=96&d=mm&r=g\",\"caption\":\"Carine Arassus\"},\"url\":\"https:\\\/\\\/seinesaintdenis.fr\\\/actualite\\\/author\\\/carassus\\\/\"}]}<\/script>\n<!-- \/ Yoast SEO plugin. -->","yoast_head_json":{"title":"Artagon, p\u00e9pini\u00e8re d'artistes en tout genre - Seine-Saint-Denis - L&#039;actualit\u00e9 du d\u00e9partement","robots":{"index":"index","follow":"follow","max-snippet":"max-snippet:-1","max-image-preview":"max-image-preview:large","max-video-preview":"max-video-preview:-1"},"canonical":"https:\/\/seinesaintdenis.fr\/actualite\/culture-patrimoine\/Artagon-pepiniere-d-artistes-en-tout-genre\/","og_locale":"fr_FR","og_type":"article","og_title":"Artagon, p\u00e9pini\u00e8re d'artistes en tout genre - Seine-Saint-Denis - L&#039;actualit\u00e9 du d\u00e9partement","og_url":"https:\/\/seinesaintdenis.fr\/actualite\/culture-patrimoine\/Artagon-pepiniere-d-artistes-en-tout-genre\/","og_site_name":"Seine-Saint-Denis - L&#039;actualit\u00e9 du d\u00e9partement","article_publisher":"https:\/\/www.facebook.com\/seinesaintdenisledepartement","article_published_time":"2022-10-24T17:09:40+00:00","article_modified_time":"2023-05-09T13:19:03+00:00","og_image":[{"width":759,"height":411,"url":"https:\/\/seinesaintdenis.fr\/actualite\/wp-content\/uploads\/2023\/04\/b750bc7bb8435b4f32e92055257a9f.jpg","type":"image\/jpeg"}],"author":"Carine Arassus","twitter_card":"summary_large_image","twitter_creator":"@seinesaintdenis","twitter_site":"@seinesaintdenis","twitter_misc":{"\u00c9crit par":"Carine Arassus","Dur\u00e9e de lecture estim\u00e9e":"4 minutes"},"schema":{"@context":"https:\/\/schema.org","@graph":[{"@type":"Article","@id":"https:\/\/seinesaintdenis.fr\/actualite\/culture-patrimoine\/Artagon-pepiniere-d-artistes-en-tout-genre\/#article","isPartOf":{"@id":"https:\/\/seinesaintdenis.fr\/actualite\/culture-patrimoine\/Artagon-pepiniere-d-artistes-en-tout-genre\/"},"author":{"name":"Carine Arassus","@id":"https:\/\/seinesaintdenis.fr\/actualite\/#\/schema\/person\/0ed132e414e4e5a6a6d14bb9fd5b0d3a"},"headline":"Artagon, p\u00e9pini\u00e8re d&rsquo;artistes en tout genre","datePublished":"2022-10-24T17:09:40+00:00","dateModified":"2023-05-09T13:19:03+00:00","mainEntityOfPage":{"@id":"https:\/\/seinesaintdenis.fr\/actualite\/culture-patrimoine\/Artagon-pepiniere-d-artistes-en-tout-genre\/"},"wordCount":687,"commentCount":0,"publisher":{"@id":"https:\/\/seinesaintdenis.fr\/actualite\/#organization"},"image":{"@id":"https:\/\/seinesaintdenis.fr\/actualite\/culture-patrimoine\/Artagon-pepiniere-d-artistes-en-tout-genre\/#primaryimage"},"thumbnailUrl":"https:\/\/seinesaintdenis.fr\/actualite\/wp-content\/uploads\/2023\/04\/b750bc7bb8435b4f32e92055257a9f.jpg","articleSection":["Culture &amp; Patrimoine"],"inLanguage":"fr-FR","potentialAction":[{"@type":"CommentAction","name":"Comment","target":["https:\/\/seinesaintdenis.fr\/actualite\/culture-patrimoine\/Artagon-pepiniere-d-artistes-en-tout-genre\/#respond"]}]},{"@type":"WebPage","@id":"https:\/\/seinesaintdenis.fr\/actualite\/culture-patrimoine\/Artagon-pepiniere-d-artistes-en-tout-genre\/","url":"https:\/\/seinesaintdenis.fr\/actualite\/culture-patrimoine\/Artagon-pepiniere-d-artistes-en-tout-genre\/","name":"Artagon, p\u00e9pini\u00e8re d'artistes en tout genre - Seine-Saint-Denis - L&#039;actualit\u00e9 du d\u00e9partement","isPartOf":{"@id":"https:\/\/seinesaintdenis.fr\/actualite\/#website"},"primaryImageOfPage":{"@id":"https:\/\/seinesaintdenis.fr\/actualite\/culture-patrimoine\/Artagon-pepiniere-d-artistes-en-tout-genre\/#primaryimage"},"image":{"@id":"https:\/\/seinesaintdenis.fr\/actualite\/culture-patrimoine\/Artagon-pepiniere-d-artistes-en-tout-genre\/#primaryimage"},"thumbnailUrl":"https:\/\/seinesaintdenis.fr\/actualite\/wp-content\/uploads\/2023\/04\/b750bc7bb8435b4f32e92055257a9f.jpg","datePublished":"2022-10-24T17:09:40+00:00","dateModified":"2023-05-09T13:19:03+00:00","breadcrumb":{"@id":"https:\/\/seinesaintdenis.fr\/actualite\/culture-patrimoine\/Artagon-pepiniere-d-artistes-en-tout-genre\/#breadcrumb"},"inLanguage":"fr-FR","potentialAction":[{"@type":"ReadAction","target":["https:\/\/seinesaintdenis.fr\/actualite\/culture-patrimoine\/Artagon-pepiniere-d-artistes-en-tout-genre\/"]}]},{"@type":"ImageObject","inLanguage":"fr-FR","@id":"https:\/\/seinesaintdenis.fr\/actualite\/culture-patrimoine\/Artagon-pepiniere-d-artistes-en-tout-genre\/#primaryimage","url":"https:\/\/seinesaintdenis.fr\/actualite\/wp-content\/uploads\/2023\/04\/b750bc7bb8435b4f32e92055257a9f.jpg","contentUrl":"https:\/\/seinesaintdenis.fr\/actualite\/wp-content\/uploads\/2023\/04\/b750bc7bb8435b4f32e92055257a9f.jpg","width":759,"height":411},{"@type":"BreadcrumbList","@id":"https:\/\/seinesaintdenis.fr\/actualite\/culture-patrimoine\/Artagon-pepiniere-d-artistes-en-tout-genre\/#breadcrumb","itemListElement":[{"@type":"ListItem","position":1,"name":"Accueil","item":"https:\/\/seinesaintdenis.fr\/actualite\/"},{"@type":"ListItem","position":2,"name":"Culture &amp; Patrimoine","item":"https:\/\/seinesaintdenis.fr\/actualite\/culture-patrimoine\/"},{"@type":"ListItem","position":3,"name":"Artagon, p\u00e9pini\u00e8re d&rsquo;artistes en tout genre"}]},{"@type":"WebSite","@id":"https:\/\/seinesaintdenis.fr\/actualite\/#website","url":"https:\/\/seinesaintdenis.fr\/actualite\/","name":"Seine-Saint-Denis - L'actualit\u00e9 du d\u00e9partement","description":"L&#039;actualit\u00e9 du D\u00e9partement de la Seine-Saint-Denis","publisher":{"@id":"https:\/\/seinesaintdenis.fr\/actualite\/#organization"},"potentialAction":[{"@type":"SearchAction","target":{"@type":"EntryPoint","urlTemplate":"https:\/\/seinesaintdenis.fr\/actualite\/?s={search_term_string}"},"query-input":{"@type":"PropertyValueSpecification","valueRequired":true,"valueName":"search_term_string"}}],"inLanguage":"fr-FR"},{"@type":"Organization","@id":"https:\/\/seinesaintdenis.fr\/actualite\/#organization","name":"Seine-Saint-Denis - Le D\u00e9partement","url":"https:\/\/seinesaintdenis.fr\/actualite\/","logo":{"@type":"ImageObject","inLanguage":"fr-FR","@id":"https:\/\/seinesaintdenis.fr\/actualite\/#\/schema\/logo\/image\/","url":"https:\/\/seinesaintdenis.fr\/actualite\/wp-content\/uploads\/2024\/08\/logo.png","contentUrl":"https:\/\/seinesaintdenis.fr\/actualite\/wp-content\/uploads\/2024\/08\/logo.png","width":567,"height":172,"caption":"Seine-Saint-Denis - Le D\u00e9partement"},"image":{"@id":"https:\/\/seinesaintdenis.fr\/actualite\/#\/schema\/logo\/image\/"},"sameAs":["https:\/\/www.facebook.com\/seinesaintdenisledepartement","https:\/\/x.com\/seinesaintdenis","https:\/\/www.linkedin.com\/company\/seinesaintdenis","https:\/\/www.instagram.com\/seine_saint_denis\/","https:\/\/www.youtube.com\/channel\/UCR5YF9NnqiLCbnrKQgLUcIw"]},{"@type":"Person","@id":"https:\/\/seinesaintdenis.fr\/actualite\/#\/schema\/person\/0ed132e414e4e5a6a6d14bb9fd5b0d3a","name":"Carine Arassus","image":{"@type":"ImageObject","inLanguage":"fr-FR","@id":"https:\/\/secure.gravatar.com\/avatar\/0f981f322f4f99253bcb871f10ae46ce56b35c7fe7c5b8aa9b09ba3a77f6e3c0?s=96&d=mm&r=g","url":"https:\/\/secure.gravatar.com\/avatar\/0f981f322f4f99253bcb871f10ae46ce56b35c7fe7c5b8aa9b09ba3a77f6e3c0?s=96&d=mm&r=g","contentUrl":"https:\/\/secure.gravatar.com\/avatar\/0f981f322f4f99253bcb871f10ae46ce56b35c7fe7c5b8aa9b09ba3a77f6e3c0?s=96&d=mm&r=g","caption":"Carine Arassus"},"url":"https:\/\/seinesaintdenis.fr\/actualite\/author\/carassus\/"}]}},"_links":{"self":[{"href":"https:\/\/seinesaintdenis.fr\/actualite\/wp-json\/wp\/v2\/posts\/1357","targetHints":{"allow":["GET"]}}],"collection":[{"href":"https:\/\/seinesaintdenis.fr\/actualite\/wp-json\/wp\/v2\/posts"}],"about":[{"href":"https:\/\/seinesaintdenis.fr\/actualite\/wp-json\/wp\/v2\/types\/post"}],"author":[{"embeddable":true,"href":"https:\/\/seinesaintdenis.fr\/actualite\/wp-json\/wp\/v2\/users\/12"}],"replies":[{"embeddable":true,"href":"https:\/\/seinesaintdenis.fr\/actualite\/wp-json\/wp\/v2\/comments?post=1357"}],"version-history":[{"count":1,"href":"https:\/\/seinesaintdenis.fr\/actualite\/wp-json\/wp\/v2\/posts\/1357\/revisions"}],"predecessor-version":[{"id":1888,"href":"https:\/\/seinesaintdenis.fr\/actualite\/wp-json\/wp\/v2\/posts\/1357\/revisions\/1888"}],"wp:featuredmedia":[{"embeddable":true,"href":"https:\/\/seinesaintdenis.fr\/actualite\/wp-json\/wp\/v2\/media\/1358"}],"wp:attachment":[{"href":"https:\/\/seinesaintdenis.fr\/actualite\/wp-json\/wp\/v2\/media?parent=1357"}],"wp:term":[{"taxonomy":"category","embeddable":true,"href":"https:\/\/seinesaintdenis.fr\/actualite\/wp-json\/wp\/v2\/categories?post=1357"},{"taxonomy":"ville","embeddable":true,"href":"https:\/\/seinesaintdenis.fr\/actualite\/wp-json\/wp\/v2\/ville?post=1357"}],"curies":[{"name":"wp","href":"https:\/\/api.w.org\/{rel}","templated":true}]}}